{"id":47021,"date":"2021-07-27T14:25:26","date_gmt":"2021-07-27T13:25:26","guid":{"rendered":"https:\/\/radioljubuski.ba\/?p=47021"},"modified":"2021-07-27T14:25:27","modified_gmt":"2021-07-27T13:25:27","slug":"izaslanica-premijera-plenkovica-bugojno-je-po-stradanju-za-hrvate-u-bih-vukovar","status":"publish","type":"post","link":"https:\/\/radioljubuski.ba\/index.php\/2021\/07\/27\/izaslanica-premijera-plenkovica-bugojno-je-po-stradanju-za-hrvate-u-bih-vukovar\/","title":{"rendered":"Izaslanica premijera Plenkovi\u0107a: Bugojno je po stradanju za Hrvate u BiH Vukovar"},"content":{"rendered":"\n<p>Bosanskohercegova\u010dki Hrvati u Bugojnu su u posljednjem ratu po razini stradanja do\u017eivjeli sudbinu Vukovara, izjavila je u utorak \u017dana \u0106ori\u0107, izaslanica hrvatskog premijera, na obilje\u017eavanju 28. godi\u0161njice od agresije te je pozvala da se rasvijetli sudbina 15 nestalih.<\/p>\n\n\n\n<p>Polaganjem vijenaca na sredi\u0161njem spomen obilje\u017eju poginulim Hrvatima na katoli\u010dkom groblju te misom zadu\u0161nicom u \u017eupnoj crkvi sv. Ante u Bugojnu, u utorak je obilje\u017eena 28. godi\u0161njica stradanja oko 300 Hrvata i progona skoro 16 tisu\u0107a.<\/p>\n\n\n\n<p>\u017dana \u0106ori\u0107 iz Sredi\u0161njeg ureda za Hrvate izvan RH koja je na obljetnici bila izaslanica hrvatskog premijera Andreja Plenkovi\u0107a izjavila je kako je dolaskom u Bugojno \u017eeljela iskazati pijetet prema \u017ertvama.<\/p>\n\n\n\n<p>&#8220;Dirljivo je uvijek do\u0107i ovdje kada se obilje\u017eava spomen na \u017ertve Bugojna koji za bosanskohercegova\u010dke Hrvate po stradanju predstavlja Vukovar u simboli\u010dkom smislu&#8221;, rekla je \u0106ori\u0107.<\/p>\n\n\n\n<p>Izrazila je o\u010dekivanja da se rasvijetli sudbina jo\u0161 uvijek 15 nestalih najvi\u0161ih vojnih i politi\u010dkih du\u017enosnika Hrvata iz BiH za \u010dijim se tijelima odnedavno ponovno traga na lokaciji Tvrdulje na uzvisini Ravno Rostovo.<\/p>\n\n\n\n<p>Ti su Hrvati bili zarobljeni i zato\u010deni u logoru u ljeto 1993., gdje ih je zabilje\u017eio Me\u0111unarodni odbor Crvenog kri\u017ea.<\/p>\n\n\n\n<p>Kasnije su odvedeni u bazu mud\u017eahedina, boraca iz Islamskih zemalja iz svijeta na lokaciji Rostova, gdje su prema iskazima svjedoka mu\u010deni i najvjerojatnije ubijeni. Protekle godine su prona\u0111ena tijela \u010detvorice nestalih Hrvata.<\/p>\n\n\n\n<p>Pro\u0161loga tjedna su predsjedniku Op\u0107inskog vije\u0107a Miroslavu Zeli\u0107u, koji je i sam bio logora\u0161, upu\u0107ene prijetnje smr\u0107u nakon najave obilje\u017eavanja obljetnice stradanja Hrvata u Bugojnu, te po\u010detka iskapanja u potrazi za tijelima nestalih Hrvata.<\/p>\n\n\n\n<p>&#8220;Ono \u0161to mi tra\u017eimo sve ove godine jest da svaka \u017ertva bude jednaka, svaki zlo\u010din procesuiran&#8221;, rekla je predsjednica Udruge obitelji poginulih i nestalih hrvatskih branitelja Bugojna Dijana Struji\u0107.<\/p>\n\n\n\n<p>Njezin suprug Mihovil Struji\u0107 je me\u0111u nestalima za \u010dijim se tijelima jo\u0161 uvijek traga, 28 godina od zlo\u010dina.<\/p>\n\n\n\n<p>Izvor:pogled.ba<\/p>\n","protected":false},"excerpt":{"rendered":"<p>Bosanskohercegova\u010dki Hrvati u Bugojnu su u posljednjem ratu po razini stradanja do\u017eivjeli sudbinu Vukovara, izjavila je u utorak \u017dana \u0106ori\u0107, izaslanica hrvatskog premijera, na obilje\u017eavanju 28. godi\u0161njice od agresije te je pozvala da se rasvijetli sudbina 15 nestalih. Polaganjem vijenaca na sredi\u0161njem spomen obilje\u017eju poginulim Hrvatima na katoli\u010dkom groblju te misom zadu\u0161nicom u \u017eupnoj crkvi [&hellip;]<\/p>\n","protected":false},"author":2,"featured_media":47022,"comment_status":"closed","ping_status":"closed","sticky":false,"template":"","format":"standard","meta":{"h5ap_radio_sources":[],"footnotes":""},"categories":[1],"tags":[],"class_list":["post-47021","post","type-post","status-publish","format-standard","has-post-thumbnail","hentry","category-bihiregija"],"yoast_head":"<!-- This site is optimized with the Yoast SEO plugin v27.5 - https:\/\/yoast.com\/product\/yoast-seo-wordpress\/ -->\n<title>Izaslanica premijera Plenkovi\u0107a: Bugojno je po stradanju za Hrvate u BiH Vukovar - RADIO LJUBU\u0160KI<\/title>\n<meta name=\"robots\" content=\"index, follow, max-snippet:-1, max-image-preview:large, max-video-preview:-1\" \/>\n<link rel=\"canonical\" href=\"https:\/\/radioljubuski.ba\/index.php\/2021\/07\/27\/izaslanica-premijera-plenkovica-bugojno-je-po-stradanju-za-hrvate-u-bih-vukovar\/\" \/>\n<meta property=\"og:locale\" content=\"hr_HR\" \/>\n<meta property=\"og:type\" content=\"article\" \/>\n<meta property=\"og:title\" content=\"Izaslanica premijera Plenkovi\u0107a: Bugojno je po stradanju za Hrvate u BiH Vukovar - RADIO LJUBU\u0160KI\" \/>\n<meta property=\"og:description\" content=\"Bosanskohercegova\u010dki Hrvati u Bugojnu su u posljednjem ratu po razini stradanja do\u017eivjeli sudbinu Vukovara, izjavila je u utorak \u017dana \u0106ori\u0107, izaslanica hrvatskog premijera, na obilje\u017eavanju 28. godi\u0161njice od agresije te je pozvala da se rasvijetli sudbina 15 nestalih. Polaganjem vijenaca na sredi\u0161njem spomen obilje\u017eju poginulim Hrvatima na katoli\u010dkom groblju te misom zadu\u0161nicom u \u017eupnoj crkvi [&hellip;]\" \/>\n<meta property=\"og:url\" content=\"https:\/\/radioljubuski.ba\/index.php\/2021\/07\/27\/izaslanica-premijera-plenkovica-bugojno-je-po-stradanju-za-hrvate-u-bih-vukovar\/\" \/>\n<meta property=\"og:site_name\" content=\"RADIO LJUBU\u0160KI\" \/>\n<meta property=\"article:publisher\" content=\"https:\/\/www.facebook.com\/Radiio-Ljubuski-1490835324566332\" \/>\n<meta property=\"article:published_time\" content=\"2021-07-27T13:25:26+00:00\" \/>\n<meta property=\"article:modified_time\" content=\"2021-07-27T13:25:27+00:00\" \/>\n<meta property=\"og:image\" content=\"https:\/\/radioljubuski.ba\/wp-content\/uploads\/2021\/07\/2-2021-07-26-16-59-56-BUGOJNO-1.png\" \/>\n\t<meta property=\"og:image:width\" content=\"1000\" \/>\n\t<meta property=\"og:image:height\" content=\"625\" \/>\n\t<meta property=\"og:image:type\" content=\"image\/png\" \/>\n<meta name=\"author\" content=\"Radio Ljubu\u0161ki\" \/>\n<meta name=\"twitter:card\" content=\"summary_large_image\" \/>\n<meta name=\"twitter:creator\" content=\"@radioljubuski\" \/>\n<meta name=\"twitter:site\" content=\"@radioljubuski\" \/>\n<meta name=\"twitter:label1\" content=\"Napisao\/la\" \/>\n\t<meta name=\"twitter:data1\" content=\"Radio Ljubu\u0161ki\" \/>\n\t<meta name=\"twitter:label2\" content=\"Procijenjeno vrijeme \u010ditanja\" \/>\n\t<meta name=\"twitter:data2\" content=\"2 minute\" \/>\n<script type=\"application\/ld+json\" class=\"yoast-schema-graph\">{\"@context\":\"https:\\\/\\\/schema.org\",\"@graph\":[{\"@type\":\"Article\",\"@id\":\"https:\\\/\\\/radioljubuski.ba\\\/index.php\\\/2021\\\/07\\\/27\\\/izaslanica-premijera-plenkovica-bugojno-je-po-stradanju-za-hrvate-u-bih-vukovar\\\/#article\",\"isPartOf\":{\"@id\":\"https:\\\/\\\/radioljubuski.ba\\\/index.php\\\/2021\\\/07\\\/27\\\/izaslanica-premijera-plenkovica-bugojno-je-po-stradanju-za-hrvate-u-bih-vukovar\\\/\"},\"author\":{\"name\":\"Radio Ljubu\u0161ki\",\"@id\":\"https:\\\/\\\/radioljubuski.ba\\\/#\\\/schema\\\/person\\\/19fc700381a780f69665d7956c469e3b\"},\"headline\":\"Izaslanica premijera Plenkovi\u0107a: Bugojno je po stradanju za Hrvate u BiH Vukovar\",\"datePublished\":\"2021-07-27T13:25:26+00:00\",\"dateModified\":\"2021-07-27T13:25:27+00:00\",\"mainEntityOfPage\":{\"@id\":\"https:\\\/\\\/radioljubuski.ba\\\/index.php\\\/2021\\\/07\\\/27\\\/izaslanica-premijera-plenkovica-bugojno-je-po-stradanju-za-hrvate-u-bih-vukovar\\\/\"},\"wordCount\":345,\"publisher\":{\"@id\":\"https:\\\/\\\/radioljubuski.ba\\\/#organization\"},\"image\":{\"@id\":\"https:\\\/\\\/radioljubuski.ba\\\/index.php\\\/2021\\\/07\\\/27\\\/izaslanica-premijera-plenkovica-bugojno-je-po-stradanju-za-hrvate-u-bih-vukovar\\\/#primaryimage\"},\"thumbnailUrl\":\"https:\\\/\\\/radioljubuski.ba\\\/wp-content\\\/uploads\\\/2021\\\/07\\\/2-2021-07-26-16-59-56-BUGOJNO-1.png\",\"articleSection\":[\"BIH i regija\"],\"inLanguage\":\"hr\"},{\"@type\":\"WebPage\",\"@id\":\"https:\\\/\\\/radioljubuski.ba\\\/index.php\\\/2021\\\/07\\\/27\\\/izaslanica-premijera-plenkovica-bugojno-je-po-stradanju-za-hrvate-u-bih-vukovar\\\/\",\"url\":\"https:\\\/\\\/radioljubuski.ba\\\/index.php\\\/2021\\\/07\\\/27\\\/izaslanica-premijera-plenkovica-bugojno-je-po-stradanju-za-hrvate-u-bih-vukovar\\\/\",\"name\":\"Izaslanica premijera Plenkovi\u0107a: Bugojno je po stradanju za Hrvate u BiH Vukovar - RADIO LJUBU\u0160KI\",\"isPartOf\":{\"@id\":\"https:\\\/\\\/radioljubuski.ba\\\/#website\"},\"primaryImageOfPage\":{\"@id\":\"https:\\\/\\\/radioljubuski.ba\\\/index.php\\\/2021\\\/07\\\/27\\\/izaslanica-premijera-plenkovica-bugojno-je-po-stradanju-za-hrvate-u-bih-vukovar\\\/#primaryimage\"},\"image\":{\"@id\":\"https:\\\/\\\/radioljubuski.ba\\\/index.php\\\/2021\\\/07\\\/27\\\/izaslanica-premijera-plenkovica-bugojno-je-po-stradanju-za-hrvate-u-bih-vukovar\\\/#primaryimage\"},\"thumbnailUrl\":\"https:\\\/\\\/radioljubuski.ba\\\/wp-content\\\/uploads\\\/2021\\\/07\\\/2-2021-07-26-16-59-56-BUGOJNO-1.png\",\"datePublished\":\"2021-07-27T13:25:26+00:00\",\"dateModified\":\"2021-07-27T13:25:27+00:00\",\"breadcrumb\":{\"@id\":\"https:\\\/\\\/radioljubuski.ba\\\/index.php\\\/2021\\\/07\\\/27\\\/izaslanica-premijera-plenkovica-bugojno-je-po-stradanju-za-hrvate-u-bih-vukovar\\\/#breadcrumb\"},\"inLanguage\":\"hr\",\"potentialAction\":[{\"@type\":\"ReadAction\",\"target\":[\"https:\\\/\\\/radioljubuski.ba\\\/index.php\\\/2021\\\/07\\\/27\\\/izaslanica-premijera-plenkovica-bugojno-je-po-stradanju-za-hrvate-u-bih-vukovar\\\/\"]}]},{\"@type\":\"ImageObject\",\"inLanguage\":\"hr\",\"@id\":\"https:\\\/\\\/radioljubuski.ba\\\/index.php\\\/2021\\\/07\\\/27\\\/izaslanica-premijera-plenkovica-bugojno-je-po-stradanju-za-hrvate-u-bih-vukovar\\\/#primaryimage\",\"url\":\"https:\\\/\\\/radioljubuski.ba\\\/wp-content\\\/uploads\\\/2021\\\/07\\\/2-2021-07-26-16-59-56-BUGOJNO-1.png\",\"contentUrl\":\"https:\\\/\\\/radioljubuski.ba\\\/wp-content\\\/uploads\\\/2021\\\/07\\\/2-2021-07-26-16-59-56-BUGOJNO-1.png\",\"width\":1000,\"height\":625},{\"@type\":\"BreadcrumbList\",\"@id\":\"https:\\\/\\\/radioljubuski.ba\\\/index.php\\\/2021\\\/07\\\/27\\\/izaslanica-premijera-plenkovica-bugojno-je-po-stradanju-za-hrvate-u-bih-vukovar\\\/#breadcrumb\",\"itemListElement\":[{\"@type\":\"ListItem\",\"position\":1,\"name\":\"Po\u010detna stranica\",\"item\":\"https:\\\/\\\/radioljubuski.ba\\\/\"},{\"@type\":\"ListItem\",\"position\":2,\"name\":\"Izaslanica premijera Plenkovi\u0107a: Bugojno je po stradanju za Hrvate u BiH Vukovar\"}]},{\"@type\":\"WebSite\",\"@id\":\"https:\\\/\\\/radioljubuski.ba\\\/#website\",\"url\":\"https:\\\/\\\/radioljubuski.ba\\\/\",\"name\":\"Radio Ljubu\u0161ki\",\"description\":\"Sun\u010dana frekvencija Hercegovine\",\"publisher\":{\"@id\":\"https:\\\/\\\/radioljubuski.ba\\\/#organization\"},\"potentialAction\":[{\"@type\":\"SearchAction\",\"target\":{\"@type\":\"EntryPoint\",\"urlTemplate\":\"https:\\\/\\\/radioljubuski.ba\\\/?s={search_term_string}\"},\"query-input\":{\"@type\":\"PropertyValueSpecification\",\"valueRequired\":true,\"valueName\":\"search_term_string\"}}],\"inLanguage\":\"hr\"},{\"@type\":\"Organization\",\"@id\":\"https:\\\/\\\/radioljubuski.ba\\\/#organization\",\"name\":\"Radio Ljubu\u0161ki\",\"url\":\"https:\\\/\\\/radioljubuski.ba\\\/\",\"logo\":{\"@type\":\"ImageObject\",\"inLanguage\":\"hr\",\"@id\":\"https:\\\/\\\/radioljubuski.ba\\\/#\\\/schema\\\/logo\\\/image\\\/\",\"url\":\"https:\\\/\\\/radioljubuski.ba\\\/wp-content\\\/uploads\\\/2021\\\/02\\\/cropped-Radio_Ljubuski_logo1.jpg\",\"contentUrl\":\"https:\\\/\\\/radioljubuski.ba\\\/wp-content\\\/uploads\\\/2021\\\/02\\\/cropped-Radio_Ljubuski_logo1.jpg\",\"width\":512,\"height\":512,\"caption\":\"Radio Ljubu\u0161ki\"},\"image\":{\"@id\":\"https:\\\/\\\/radioljubuski.ba\\\/#\\\/schema\\\/logo\\\/image\\\/\"},\"sameAs\":[\"https:\\\/\\\/www.facebook.com\\\/Radiio-Ljubuski-1490835324566332\",\"https:\\\/\\\/x.com\\\/radioljubuski\",\"https:\\\/\\\/hr.linkedin.com\\\/company\\\/radio-ljubuski\",\"https:\\\/\\\/www.youtube.com\\\/channel\\\/UCHYaeO_n0Db3tjNGudGpXyw\"]},{\"@type\":\"Person\",\"@id\":\"https:\\\/\\\/radioljubuski.ba\\\/#\\\/schema\\\/person\\\/19fc700381a780f69665d7956c469e3b\",\"name\":\"Radio Ljubu\u0161ki\"}]}<\/script>\n<!-- \/ Yoast SEO plugin. -->","yoast_head_json":{"title":"Izaslanica premijera Plenkovi\u0107a: Bugojno je po stradanju za Hrvate u BiH Vukovar - RADIO LJUBU\u0160KI","robots":{"index":"index","follow":"follow","max-snippet":"max-snippet:-1","max-image-preview":"max-image-preview:large","max-video-preview":"max-video-preview:-1"},"canonical":"https:\/\/radioljubuski.ba\/index.php\/2021\/07\/27\/izaslanica-premijera-plenkovica-bugojno-je-po-stradanju-za-hrvate-u-bih-vukovar\/","og_locale":"hr_HR","og_type":"article","og_title":"Izaslanica premijera Plenkovi\u0107a: Bugojno je po stradanju za Hrvate u BiH Vukovar - RADIO LJUBU\u0160KI","og_description":"Bosanskohercegova\u010dki Hrvati u Bugojnu su u posljednjem ratu po razini stradanja do\u017eivjeli sudbinu Vukovara, izjavila je u utorak \u017dana \u0106ori\u0107, izaslanica hrvatskog premijera, na obilje\u017eavanju 28. godi\u0161njice od agresije te je pozvala da se rasvijetli sudbina 15 nestalih. Polaganjem vijenaca na sredi\u0161njem spomen obilje\u017eju poginulim Hrvatima na katoli\u010dkom groblju te misom zadu\u0161nicom u \u017eupnoj crkvi [&hellip;]","og_url":"https:\/\/radioljubuski.ba\/index.php\/2021\/07\/27\/izaslanica-premijera-plenkovica-bugojno-je-po-stradanju-za-hrvate-u-bih-vukovar\/","og_site_name":"RADIO LJUBU\u0160KI","article_publisher":"https:\/\/www.facebook.com\/Radiio-Ljubuski-1490835324566332","article_published_time":"2021-07-27T13:25:26+00:00","article_modified_time":"2021-07-27T13:25:27+00:00","og_image":[{"width":1000,"height":625,"url":"https:\/\/radioljubuski.ba\/wp-content\/uploads\/2021\/07\/2-2021-07-26-16-59-56-BUGOJNO-1.png","type":"image\/png"}],"author":"Radio Ljubu\u0161ki","twitter_card":"summary_large_image","twitter_creator":"@radioljubuski","twitter_site":"@radioljubuski","twitter_misc":{"Napisao\/la":"Radio Ljubu\u0161ki","Procijenjeno vrijeme \u010ditanja":"2 minute"},"schema":{"@context":"https:\/\/schema.org","@graph":[{"@type":"Article","@id":"https:\/\/radioljubuski.ba\/index.php\/2021\/07\/27\/izaslanica-premijera-plenkovica-bugojno-je-po-stradanju-za-hrvate-u-bih-vukovar\/#article","isPartOf":{"@id":"https:\/\/radioljubuski.ba\/index.php\/2021\/07\/27\/izaslanica-premijera-plenkovica-bugojno-je-po-stradanju-za-hrvate-u-bih-vukovar\/"},"author":{"name":"Radio Ljubu\u0161ki","@id":"https:\/\/radioljubuski.ba\/#\/schema\/person\/19fc700381a780f69665d7956c469e3b"},"headline":"Izaslanica premijera Plenkovi\u0107a: Bugojno je po stradanju za Hrvate u BiH Vukovar","datePublished":"2021-07-27T13:25:26+00:00","dateModified":"2021-07-27T13:25:27+00:00","mainEntityOfPage":{"@id":"https:\/\/radioljubuski.ba\/index.php\/2021\/07\/27\/izaslanica-premijera-plenkovica-bugojno-je-po-stradanju-za-hrvate-u-bih-vukovar\/"},"wordCount":345,"publisher":{"@id":"https:\/\/radioljubuski.ba\/#organization"},"image":{"@id":"https:\/\/radioljubuski.ba\/index.php\/2021\/07\/27\/izaslanica-premijera-plenkovica-bugojno-je-po-stradanju-za-hrvate-u-bih-vukovar\/#primaryimage"},"thumbnailUrl":"https:\/\/radioljubuski.ba\/wp-content\/uploads\/2021\/07\/2-2021-07-26-16-59-56-BUGOJNO-1.png","articleSection":["BIH i regija"],"inLanguage":"hr"},{"@type":"WebPage","@id":"https:\/\/radioljubuski.ba\/index.php\/2021\/07\/27\/izaslanica-premijera-plenkovica-bugojno-je-po-stradanju-za-hrvate-u-bih-vukovar\/","url":"https:\/\/radioljubuski.ba\/index.php\/2021\/07\/27\/izaslanica-premijera-plenkovica-bugojno-je-po-stradanju-za-hrvate-u-bih-vukovar\/","name":"Izaslanica premijera Plenkovi\u0107a: Bugojno je po stradanju za Hrvate u BiH Vukovar - RADIO LJUBU\u0160KI","isPartOf":{"@id":"https:\/\/radioljubuski.ba\/#website"},"primaryImageOfPage":{"@id":"https:\/\/radioljubuski.ba\/index.php\/2021\/07\/27\/izaslanica-premijera-plenkovica-bugojno-je-po-stradanju-za-hrvate-u-bih-vukovar\/#primaryimage"},"image":{"@id":"https:\/\/radioljubuski.ba\/index.php\/2021\/07\/27\/izaslanica-premijera-plenkovica-bugojno-je-po-stradanju-za-hrvate-u-bih-vukovar\/#primaryimage"},"thumbnailUrl":"https:\/\/radioljubuski.ba\/wp-content\/uploads\/2021\/07\/2-2021-07-26-16-59-56-BUGOJNO-1.png","datePublished":"2021-07-27T13:25:26+00:00","dateModified":"2021-07-27T13:25:27+00:00","breadcrumb":{"@id":"https:\/\/radioljubuski.ba\/index.php\/2021\/07\/27\/izaslanica-premijera-plenkovica-bugojno-je-po-stradanju-za-hrvate-u-bih-vukovar\/#breadcrumb"},"inLanguage":"hr","potentialAction":[{"@type":"ReadAction","target":["https:\/\/radioljubuski.ba\/index.php\/2021\/07\/27\/izaslanica-premijera-plenkovica-bugojno-je-po-stradanju-za-hrvate-u-bih-vukovar\/"]}]},{"@type":"ImageObject","inLanguage":"hr","@id":"https:\/\/radioljubuski.ba\/index.php\/2021\/07\/27\/izaslanica-premijera-plenkovica-bugojno-je-po-stradanju-za-hrvate-u-bih-vukovar\/#primaryimage","url":"https:\/\/radioljubuski.ba\/wp-content\/uploads\/2021\/07\/2-2021-07-26-16-59-56-BUGOJNO-1.png","contentUrl":"https:\/\/radioljubuski.ba\/wp-content\/uploads\/2021\/07\/2-2021-07-26-16-59-56-BUGOJNO-1.png","width":1000,"height":625},{"@type":"BreadcrumbList","@id":"https:\/\/radioljubuski.ba\/index.php\/2021\/07\/27\/izaslanica-premijera-plenkovica-bugojno-je-po-stradanju-za-hrvate-u-bih-vukovar\/#breadcrumb","itemListElement":[{"@type":"ListItem","position":1,"name":"Po\u010detna stranica","item":"https:\/\/radioljubuski.ba\/"},{"@type":"ListItem","position":2,"name":"Izaslanica premijera Plenkovi\u0107a: Bugojno je po stradanju za Hrvate u BiH Vukovar"}]},{"@type":"WebSite","@id":"https:\/\/radioljubuski.ba\/#website","url":"https:\/\/radioljubuski.ba\/","name":"Radio Ljubu\u0161ki","description":"Sun\u010dana frekvencija Hercegovine","publisher":{"@id":"https:\/\/radioljubuski.ba\/#organization"},"potentialAction":[{"@type":"SearchAction","target":{"@type":"EntryPoint","urlTemplate":"https:\/\/radioljubuski.ba\/?s={search_term_string}"},"query-input":{"@type":"PropertyValueSpecification","valueRequired":true,"valueName":"search_term_string"}}],"inLanguage":"hr"},{"@type":"Organization","@id":"https:\/\/radioljubuski.ba\/#organization","name":"Radio Ljubu\u0161ki","url":"https:\/\/radioljubuski.ba\/","logo":{"@type":"ImageObject","inLanguage":"hr","@id":"https:\/\/radioljubuski.ba\/#\/schema\/logo\/image\/","url":"https:\/\/radioljubuski.ba\/wp-content\/uploads\/2021\/02\/cropped-Radio_Ljubuski_logo1.jpg","contentUrl":"https:\/\/radioljubuski.ba\/wp-content\/uploads\/2021\/02\/cropped-Radio_Ljubuski_logo1.jpg","width":512,"height":512,"caption":"Radio Ljubu\u0161ki"},"image":{"@id":"https:\/\/radioljubuski.ba\/#\/schema\/logo\/image\/"},"sameAs":["https:\/\/www.facebook.com\/Radiio-Ljubuski-1490835324566332","https:\/\/x.com\/radioljubuski","https:\/\/hr.linkedin.com\/company\/radio-ljubuski","https:\/\/www.youtube.com\/channel\/UCHYaeO_n0Db3tjNGudGpXyw"]},{"@type":"Person","@id":"https:\/\/radioljubuski.ba\/#\/schema\/person\/19fc700381a780f69665d7956c469e3b","name":"Radio Ljubu\u0161ki"}]}},"_links":{"self":[{"href":"https:\/\/radioljubuski.ba\/index.php\/wp-json\/wp\/v2\/posts\/47021","targetHints":{"allow":["GET"]}}],"collection":[{"href":"https:\/\/radioljubuski.ba\/index.php\/wp-json\/wp\/v2\/posts"}],"about":[{"href":"https:\/\/radioljubuski.ba\/index.php\/wp-json\/wp\/v2\/types\/post"}],"author":[{"embeddable":true,"href":"https:\/\/radioljubuski.ba\/index.php\/wp-json\/wp\/v2\/users\/2"}],"replies":[{"embeddable":true,"href":"https:\/\/radioljubuski.ba\/index.php\/wp-json\/wp\/v2\/comments?post=47021"}],"version-history":[{"count":1,"href":"https:\/\/radioljubuski.ba\/index.php\/wp-json\/wp\/v2\/posts\/47021\/revisions"}],"predecessor-version":[{"id":47023,"href":"https:\/\/radioljubuski.ba\/index.php\/wp-json\/wp\/v2\/posts\/47021\/revisions\/47023"}],"wp:featuredmedia":[{"embeddable":true,"href":"https:\/\/radioljubuski.ba\/index.php\/wp-json\/wp\/v2\/media\/47022"}],"wp:attachment":[{"href":"https:\/\/radioljubuski.ba\/index.php\/wp-json\/wp\/v2\/media?parent=47021"}],"wp:term":[{"taxonomy":"category","embeddable":true,"href":"https:\/\/radioljubuski.ba\/index.php\/wp-json\/wp\/v2\/categories?post=47021"},{"taxonomy":"post_tag","embeddable":true,"href":"https:\/\/radioljubuski.ba\/index.php\/wp-json\/wp\/v2\/tags?post=47021"}],"curies":[{"name":"wp","href":"https:\/\/api.w.org\/{rel}","templated":true}]}}