{"id":47288,"date":"2021-07-28T13:12:53","date_gmt":"2021-07-28T12:12:53","guid":{"rendered":"https:\/\/radioljubuski.ba\/?p=47288"},"modified":"2021-07-28T13:12:53","modified_gmt":"2021-07-28T12:12:53","slug":"bez-nove-prometnice-donju-hercegovinu-ni-trebinjska-zracna-luka-ne-moze-oziviti","status":"publish","type":"post","link":"https:\/\/radioljubuski.ba\/index.php\/2021\/07\/28\/bez-nove-prometnice-donju-hercegovinu-ni-trebinjska-zracna-luka-ne-moze-oziviti\/","title":{"rendered":"Bez nove prometnice donju Hercegovinu ni trebinjska zra\u010dna luka ne mo\u017ee o\u017eiviti"},"content":{"rendered":"\n<p>Prometnice su bile i ostale usko grlo donje Hercegovine, a to je slijev rijeke Trebi\u0161njice, odnosno prostor ju\u017eno od rijeke Bregave. Ne\u0107e situaciju puno promijeniti ni gradnja ceste Stolac \u2013 Neum. Bit \u0107e to put do bh. rivijere i odatle na razne strane, a naj\u010de\u0161\u0107e istim putem natrag. Nakon obilaska dijela donje Hercegovine, uvjereni smo da turisti\u010dke i gospodarske potencijale, umjesto okomitih, mogu promijeniti samo horizontalne prometnice, pi\u0161e Ve\u010dernji list BiH.&nbsp;<\/p>\n\n\n\n<p><br>Ceste koje \u017eivot zna\u010de<\/p>\n\n\n\n<p><br>Za izvo\u0111enje tog zaklju\u010dka upori\u0161te nije samo lo\u0161e stanje prometnica na tom podru\u010dju, neke od njih \u010dak su regionalne, primjerice Svitava \u2013 Hutovo \u2013 Ravno, R &#8211; 426 ili Ravno \u2013 Zavala \u2013 Orahov Do, R &#8211; 428., nego iskustvo iz pro\u0161losti. Donja Hercegovina o\u017eivjela je kada je 1901. u promet pu\u0161tena pruga Gabela \u2013 Hutovo \u2013 Ravno \u2013 Dubrovnik. Pruga je povezala dolinu Neretve preko niza sela i naselja sa za tada\u0161nje, a i dana\u0161nje prilike bogatim Dubrovnikom. Du\u017enost FBiH bila bi cestovnom trasom od Zavale preko visoravni Bobana dolinu Neretve povezati s Dubrovnikom, ali to bi bilo preskupo u odnosu na malo stanovnika. Me\u0111utim, druga, i to puno jeftinija, varijanta relativno bi se brzo mogla realizirati, a to je cesta od Dra\u010deva sa stare ceste Metkovi\u0107 \u2013 Mostar, preko Kolojanja, Hutova, Ravnog, Zavale do Orahova Dola i Slanog, a onda jadranskom magistralom pravac Dubrovnik. Budu\u0107i da bi ta prometnica, za \u010diju bi se gradnju dijelom mogla koristiti trasa ceste izgra\u0111ene prilikom izgradnje \u017eeljezni\u010dke pruge od Dra\u010deva do Br\u0161tanice, bila i financijski prihvatljivija, pravo je \u010dudo \u0161to je se prostorni planeri nisu sjetili. \u010cinjenica je kako je prostor op\u0107ine Ravno od pribli\u017eno 330 \u010detvornih kilometara prakti\u010dki izdvojen iz cjeline \u2013 Federacije BiH. Jedina veza op\u0107ine Ravno s FBiH je uska cesta, zapravo asfaltom prekrivena biv\u0161a trasa \u017eeljezni\u010dke pruge iz smjera Hutova, op\u0107ina Neum. Postoji jo\u0161 jedna vertikalna prometnica Ljubinje \u2013 Ravno \u2013 Trebinje \u2013 \u010cepiku\u0107e. Me\u0111utim, s obzirom na o\u010dajnu cestu od Stoca do Ljubinja kroz RS, malo se koristi.<\/p>\n\n\n\n<p><br>Povratak i izolacija&nbsp;<\/p>\n\n\n\n<p>Do navedenog zaklju\u010dka nismo do\u0161li slu\u010dajno, nego \u0161etnjom uskim stazama kroz Popovo polje. Ovoga puta s prometnice Ljubinje \u2013 Trebinje i\u0161li smo prijeko na Poljice, gdje zavr\u0161ava Popovo, a po\u010dinje Trebinjska \u0161uma. U Poljicima nas je do\u010dekao tipi\u010dan ambijent uz \u017eeljezni\u010dku prugu ukinutu 1976., ru\u0161evna zgrada kolodvora i pomo\u0107ne zgrade, naselje na umoru s jedva 30-ak stanovnika. Od ostataka pruge, osim ru\u0161evnih zgrada, uo\u010dili smo i signal. Iznena\u0111enje su bile dvije crkve u pravoslavnom groblju. Tuma\u010denje o dvjema crkvama dobili smo od mje\u0161tanina Krste Dangubi\u0107a, koji se \u017eenidbom tu naselio iz Bile\u0107e. Po jednom, rije\u010d je o zavjetu mje\u0161tanina koji se obogatio u Americi, a po drugom, nekad bogate Poljice \u017eeljele su izgraditi crkvu ve\u0107u od ravanjske pa su uz staru udarili graditi novu, ve\u0107u. Od Poljica slijedi cesta do Huma, nekada va\u017enog i velikog raskri\u017eja na pruzi Gabela \u2013 Dubrovnik \u2013 Zelenika, odnosno Trebinje \u2013 Bile\u0107a \u2013 Nik\u0161i\u0107, u blizini koje bi se trebala graditi zra\u010dna luka. Impozantno zdanje je u ru\u0161evinama. Nastavili smo prema Za\u010dulama. Tamo nas je do\u010dekala ti\u0161ina i plo\u010da \u201cpazi, mine\u201d. Stalnih stanovnika nema. Povratak je bio rizi\u010dna vo\u017enja u du\u017eini od 24 km. Svaki automobil iz susjednog smjera bio je opasnost jer se nemate gdje skloniti. Laknulo nam je tek u Zavali, gdje smo od turisti\u010dke vodi\u010dice Helene, jedne od vila u Vjetrenici, doznali da je sezona bolja od pro\u0161logodi\u0161nje. Ni zra\u010dna luka Trebinje ne bi prostoru donje Hercegovine mogla pomo\u0107i. Previ\u0161e bi tu pristupnih cesta trebalo graditi za oko 2500 stalnih stanovnika Ravnog, 3500 Ljubinja i 38.000 Trebinja, tako da, sigurni smo \u2013 spas za cijelo podru\u010dje mo\u017ee do\u0107i samo sa zapada, iz doline Neretve!<\/p>\n\n\n\n<p>Izvor:vecernji.ba<\/p>\n","protected":false},"excerpt":{"rendered":"<p>Prometnice su bile i ostale usko grlo donje Hercegovine, a to je slijev rijeke Trebi\u0161njice, odnosno prostor ju\u017eno od rijeke Bregave. Ne\u0107e situaciju puno promijeniti ni gradnja ceste Stolac \u2013 Neum. Bit \u0107e to put do bh. rivijere i odatle na razne strane, a naj\u010de\u0161\u0107e istim putem natrag. Nakon obilaska dijela donje Hercegovine, uvjereni smo [&hellip;]<\/p>\n","protected":false},"author":2,"featured_media":47289,"comment_status":"closed","ping_status":"closed","sticky":false,"template":"","format":"standard","meta":{"h5ap_radio_sources":[],"footnotes":""},"categories":[1],"tags":[],"class_list":["post-47288","post","type-post","status-publish","format-standard","has-post-thumbnail","hentry","category-bihiregija"],"yoast_head":"<!-- This site is optimized with the Yoast SEO plugin v27.5 - https:\/\/yoast.com\/product\/yoast-seo-wordpress\/ -->\n<title>Bez nove prometnice donju Hercegovinu ni trebinjska zra\u010dna luka ne mo\u017ee o\u017eiviti - RADIO LJUBU\u0160KI<\/title>\n<meta name=\"robots\" content=\"index, follow, max-snippet:-1, max-image-preview:large, max-video-preview:-1\" \/>\n<link rel=\"canonical\" href=\"https:\/\/radioljubuski.ba\/index.php\/2021\/07\/28\/bez-nove-prometnice-donju-hercegovinu-ni-trebinjska-zracna-luka-ne-moze-oziviti\/\" \/>\n<meta property=\"og:locale\" content=\"hr_HR\" \/>\n<meta property=\"og:type\" content=\"article\" \/>\n<meta property=\"og:title\" content=\"Bez nove prometnice donju Hercegovinu ni trebinjska zra\u010dna luka ne mo\u017ee o\u017eiviti - RADIO LJUBU\u0160KI\" \/>\n<meta property=\"og:description\" content=\"Prometnice su bile i ostale usko grlo donje Hercegovine, a to je slijev rijeke Trebi\u0161njice, odnosno prostor ju\u017eno od rijeke Bregave. Ne\u0107e situaciju puno promijeniti ni gradnja ceste Stolac \u2013 Neum. Bit \u0107e to put do bh. rivijere i odatle na razne strane, a naj\u010de\u0161\u0107e istim putem natrag. Nakon obilaska dijela donje Hercegovine, uvjereni smo [&hellip;]\" \/>\n<meta property=\"og:url\" content=\"https:\/\/radioljubuski.ba\/index.php\/2021\/07\/28\/bez-nove-prometnice-donju-hercegovinu-ni-trebinjska-zracna-luka-ne-moze-oziviti\/\" \/>\n<meta property=\"og:site_name\" content=\"RADIO LJUBU\u0160KI\" \/>\n<meta property=\"article:publisher\" content=\"https:\/\/www.facebook.com\/Radiio-Ljubuski-1490835324566332\" \/>\n<meta property=\"article:published_time\" content=\"2021-07-28T12:12:53+00:00\" \/>\n<meta property=\"og:image\" content=\"https:\/\/radioljubuski.ba\/wp-content\/uploads\/2021\/07\/7-2021-07-28-09-12-10-sl1.jpg\" \/>\n\t<meta property=\"og:image:width\" content=\"1000\" \/>\n\t<meta property=\"og:image:height\" content=\"625\" \/>\n\t<meta property=\"og:image:type\" content=\"image\/jpeg\" \/>\n<meta name=\"author\" content=\"Radio Ljubu\u0161ki\" \/>\n<meta name=\"twitter:card\" content=\"summary_large_image\" \/>\n<meta name=\"twitter:creator\" content=\"@radioljubuski\" \/>\n<meta name=\"twitter:site\" content=\"@radioljubuski\" \/>\n<meta name=\"twitter:label1\" content=\"Napisao\/la\" \/>\n\t<meta name=\"twitter:data1\" content=\"Radio Ljubu\u0161ki\" \/>\n\t<meta name=\"twitter:label2\" content=\"Procijenjeno vrijeme \u010ditanja\" \/>\n\t<meta name=\"twitter:data2\" content=\"3 minute\" \/>\n<script type=\"application\/ld+json\" class=\"yoast-schema-graph\">{\"@context\":\"https:\\\/\\\/schema.org\",\"@graph\":[{\"@type\":\"Article\",\"@id\":\"https:\\\/\\\/radioljubuski.ba\\\/index.php\\\/2021\\\/07\\\/28\\\/bez-nove-prometnice-donju-hercegovinu-ni-trebinjska-zracna-luka-ne-moze-oziviti\\\/#article\",\"isPartOf\":{\"@id\":\"https:\\\/\\\/radioljubuski.ba\\\/index.php\\\/2021\\\/07\\\/28\\\/bez-nove-prometnice-donju-hercegovinu-ni-trebinjska-zracna-luka-ne-moze-oziviti\\\/\"},\"author\":{\"name\":\"Radio Ljubu\u0161ki\",\"@id\":\"https:\\\/\\\/radioljubuski.ba\\\/#\\\/schema\\\/person\\\/19fc700381a780f69665d7956c469e3b\"},\"headline\":\"Bez nove prometnice donju Hercegovinu ni trebinjska zra\u010dna luka ne mo\u017ee o\u017eiviti\",\"datePublished\":\"2021-07-28T12:12:53+00:00\",\"mainEntityOfPage\":{\"@id\":\"https:\\\/\\\/radioljubuski.ba\\\/index.php\\\/2021\\\/07\\\/28\\\/bez-nove-prometnice-donju-hercegovinu-ni-trebinjska-zracna-luka-ne-moze-oziviti\\\/\"},\"wordCount\":674,\"publisher\":{\"@id\":\"https:\\\/\\\/radioljubuski.ba\\\/#organization\"},\"image\":{\"@id\":\"https:\\\/\\\/radioljubuski.ba\\\/index.php\\\/2021\\\/07\\\/28\\\/bez-nove-prometnice-donju-hercegovinu-ni-trebinjska-zracna-luka-ne-moze-oziviti\\\/#primaryimage\"},\"thumbnailUrl\":\"https:\\\/\\\/radioljubuski.ba\\\/wp-content\\\/uploads\\\/2021\\\/07\\\/7-2021-07-28-09-12-10-sl1.jpg\",\"articleSection\":[\"BIH i regija\"],\"inLanguage\":\"hr\"},{\"@type\":\"WebPage\",\"@id\":\"https:\\\/\\\/radioljubuski.ba\\\/index.php\\\/2021\\\/07\\\/28\\\/bez-nove-prometnice-donju-hercegovinu-ni-trebinjska-zracna-luka-ne-moze-oziviti\\\/\",\"url\":\"https:\\\/\\\/radioljubuski.ba\\\/index.php\\\/2021\\\/07\\\/28\\\/bez-nove-prometnice-donju-hercegovinu-ni-trebinjska-zracna-luka-ne-moze-oziviti\\\/\",\"name\":\"Bez nove prometnice donju Hercegovinu ni trebinjska zra\u010dna luka ne mo\u017ee o\u017eiviti - RADIO LJUBU\u0160KI\",\"isPartOf\":{\"@id\":\"https:\\\/\\\/radioljubuski.ba\\\/#website\"},\"primaryImageOfPage\":{\"@id\":\"https:\\\/\\\/radioljubuski.ba\\\/index.php\\\/2021\\\/07\\\/28\\\/bez-nove-prometnice-donju-hercegovinu-ni-trebinjska-zracna-luka-ne-moze-oziviti\\\/#primaryimage\"},\"image\":{\"@id\":\"https:\\\/\\\/radioljubuski.ba\\\/index.php\\\/2021\\\/07\\\/28\\\/bez-nove-prometnice-donju-hercegovinu-ni-trebinjska-zracna-luka-ne-moze-oziviti\\\/#primaryimage\"},\"thumbnailUrl\":\"https:\\\/\\\/radioljubuski.ba\\\/wp-content\\\/uploads\\\/2021\\\/07\\\/7-2021-07-28-09-12-10-sl1.jpg\",\"datePublished\":\"2021-07-28T12:12:53+00:00\",\"breadcrumb\":{\"@id\":\"https:\\\/\\\/radioljubuski.ba\\\/index.php\\\/2021\\\/07\\\/28\\\/bez-nove-prometnice-donju-hercegovinu-ni-trebinjska-zracna-luka-ne-moze-oziviti\\\/#breadcrumb\"},\"inLanguage\":\"hr\",\"potentialAction\":[{\"@type\":\"ReadAction\",\"target\":[\"https:\\\/\\\/radioljubuski.ba\\\/index.php\\\/2021\\\/07\\\/28\\\/bez-nove-prometnice-donju-hercegovinu-ni-trebinjska-zracna-luka-ne-moze-oziviti\\\/\"]}]},{\"@type\":\"ImageObject\",\"inLanguage\":\"hr\",\"@id\":\"https:\\\/\\\/radioljubuski.ba\\\/index.php\\\/2021\\\/07\\\/28\\\/bez-nove-prometnice-donju-hercegovinu-ni-trebinjska-zracna-luka-ne-moze-oziviti\\\/#primaryimage\",\"url\":\"https:\\\/\\\/radioljubuski.ba\\\/wp-content\\\/uploads\\\/2021\\\/07\\\/7-2021-07-28-09-12-10-sl1.jpg\",\"contentUrl\":\"https:\\\/\\\/radioljubuski.ba\\\/wp-content\\\/uploads\\\/2021\\\/07\\\/7-2021-07-28-09-12-10-sl1.jpg\",\"width\":1000,\"height\":625},{\"@type\":\"BreadcrumbList\",\"@id\":\"https:\\\/\\\/radioljubuski.ba\\\/index.php\\\/2021\\\/07\\\/28\\\/bez-nove-prometnice-donju-hercegovinu-ni-trebinjska-zracna-luka-ne-moze-oziviti\\\/#breadcrumb\",\"itemListElement\":[{\"@type\":\"ListItem\",\"position\":1,\"name\":\"Po\u010detna stranica\",\"item\":\"https:\\\/\\\/radioljubuski.ba\\\/\"},{\"@type\":\"ListItem\",\"position\":2,\"name\":\"Bez nove prometnice donju Hercegovinu ni trebinjska zra\u010dna luka ne mo\u017ee o\u017eiviti\"}]},{\"@type\":\"WebSite\",\"@id\":\"https:\\\/\\\/radioljubuski.ba\\\/#website\",\"url\":\"https:\\\/\\\/radioljubuski.ba\\\/\",\"name\":\"Radio Ljubu\u0161ki\",\"description\":\"Sun\u010dana frekvencija Hercegovine\",\"publisher\":{\"@id\":\"https:\\\/\\\/radioljubuski.ba\\\/#organization\"},\"potentialAction\":[{\"@type\":\"SearchAction\",\"target\":{\"@type\":\"EntryPoint\",\"urlTemplate\":\"https:\\\/\\\/radioljubuski.ba\\\/?s={search_term_string}\"},\"query-input\":{\"@type\":\"PropertyValueSpecification\",\"valueRequired\":true,\"valueName\":\"search_term_string\"}}],\"inLanguage\":\"hr\"},{\"@type\":\"Organization\",\"@id\":\"https:\\\/\\\/radioljubuski.ba\\\/#organization\",\"name\":\"Radio Ljubu\u0161ki\",\"url\":\"https:\\\/\\\/radioljubuski.ba\\\/\",\"logo\":{\"@type\":\"ImageObject\",\"inLanguage\":\"hr\",\"@id\":\"https:\\\/\\\/radioljubuski.ba\\\/#\\\/schema\\\/logo\\\/image\\\/\",\"url\":\"https:\\\/\\\/radioljubuski.ba\\\/wp-content\\\/uploads\\\/2021\\\/02\\\/cropped-Radio_Ljubuski_logo1.jpg\",\"contentUrl\":\"https:\\\/\\\/radioljubuski.ba\\\/wp-content\\\/uploads\\\/2021\\\/02\\\/cropped-Radio_Ljubuski_logo1.jpg\",\"width\":512,\"height\":512,\"caption\":\"Radio Ljubu\u0161ki\"},\"image\":{\"@id\":\"https:\\\/\\\/radioljubuski.ba\\\/#\\\/schema\\\/logo\\\/image\\\/\"},\"sameAs\":[\"https:\\\/\\\/www.facebook.com\\\/Radiio-Ljubuski-1490835324566332\",\"https:\\\/\\\/x.com\\\/radioljubuski\",\"https:\\\/\\\/hr.linkedin.com\\\/company\\\/radio-ljubuski\",\"https:\\\/\\\/www.youtube.com\\\/channel\\\/UCHYaeO_n0Db3tjNGudGpXyw\"]},{\"@type\":\"Person\",\"@id\":\"https:\\\/\\\/radioljubuski.ba\\\/#\\\/schema\\\/person\\\/19fc700381a780f69665d7956c469e3b\",\"name\":\"Radio Ljubu\u0161ki\"}]}<\/script>\n<!-- \/ Yoast SEO plugin. -->","yoast_head_json":{"title":"Bez nove prometnice donju Hercegovinu ni trebinjska zra\u010dna luka ne mo\u017ee o\u017eiviti - RADIO LJUBU\u0160KI","robots":{"index":"index","follow":"follow","max-snippet":"max-snippet:-1","max-image-preview":"max-image-preview:large","max-video-preview":"max-video-preview:-1"},"canonical":"https:\/\/radioljubuski.ba\/index.php\/2021\/07\/28\/bez-nove-prometnice-donju-hercegovinu-ni-trebinjska-zracna-luka-ne-moze-oziviti\/","og_locale":"hr_HR","og_type":"article","og_title":"Bez nove prometnice donju Hercegovinu ni trebinjska zra\u010dna luka ne mo\u017ee o\u017eiviti - RADIO LJUBU\u0160KI","og_description":"Prometnice su bile i ostale usko grlo donje Hercegovine, a to je slijev rijeke Trebi\u0161njice, odnosno prostor ju\u017eno od rijeke Bregave. Ne\u0107e situaciju puno promijeniti ni gradnja ceste Stolac \u2013 Neum. Bit \u0107e to put do bh. rivijere i odatle na razne strane, a naj\u010de\u0161\u0107e istim putem natrag. Nakon obilaska dijela donje Hercegovine, uvjereni smo [&hellip;]","og_url":"https:\/\/radioljubuski.ba\/index.php\/2021\/07\/28\/bez-nove-prometnice-donju-hercegovinu-ni-trebinjska-zracna-luka-ne-moze-oziviti\/","og_site_name":"RADIO LJUBU\u0160KI","article_publisher":"https:\/\/www.facebook.com\/Radiio-Ljubuski-1490835324566332","article_published_time":"2021-07-28T12:12:53+00:00","og_image":[{"width":1000,"height":625,"url":"https:\/\/radioljubuski.ba\/wp-content\/uploads\/2021\/07\/7-2021-07-28-09-12-10-sl1.jpg","type":"image\/jpeg"}],"author":"Radio Ljubu\u0161ki","twitter_card":"summary_large_image","twitter_creator":"@radioljubuski","twitter_site":"@radioljubuski","twitter_misc":{"Napisao\/la":"Radio Ljubu\u0161ki","Procijenjeno vrijeme \u010ditanja":"3 minute"},"schema":{"@context":"https:\/\/schema.org","@graph":[{"@type":"Article","@id":"https:\/\/radioljubuski.ba\/index.php\/2021\/07\/28\/bez-nove-prometnice-donju-hercegovinu-ni-trebinjska-zracna-luka-ne-moze-oziviti\/#article","isPartOf":{"@id":"https:\/\/radioljubuski.ba\/index.php\/2021\/07\/28\/bez-nove-prometnice-donju-hercegovinu-ni-trebinjska-zracna-luka-ne-moze-oziviti\/"},"author":{"name":"Radio Ljubu\u0161ki","@id":"https:\/\/radioljubuski.ba\/#\/schema\/person\/19fc700381a780f69665d7956c469e3b"},"headline":"Bez nove prometnice donju Hercegovinu ni trebinjska zra\u010dna luka ne mo\u017ee o\u017eiviti","datePublished":"2021-07-28T12:12:53+00:00","mainEntityOfPage":{"@id":"https:\/\/radioljubuski.ba\/index.php\/2021\/07\/28\/bez-nove-prometnice-donju-hercegovinu-ni-trebinjska-zracna-luka-ne-moze-oziviti\/"},"wordCount":674,"publisher":{"@id":"https:\/\/radioljubuski.ba\/#organization"},"image":{"@id":"https:\/\/radioljubuski.ba\/index.php\/2021\/07\/28\/bez-nove-prometnice-donju-hercegovinu-ni-trebinjska-zracna-luka-ne-moze-oziviti\/#primaryimage"},"thumbnailUrl":"https:\/\/radioljubuski.ba\/wp-content\/uploads\/2021\/07\/7-2021-07-28-09-12-10-sl1.jpg","articleSection":["BIH i regija"],"inLanguage":"hr"},{"@type":"WebPage","@id":"https:\/\/radioljubuski.ba\/index.php\/2021\/07\/28\/bez-nove-prometnice-donju-hercegovinu-ni-trebinjska-zracna-luka-ne-moze-oziviti\/","url":"https:\/\/radioljubuski.ba\/index.php\/2021\/07\/28\/bez-nove-prometnice-donju-hercegovinu-ni-trebinjska-zracna-luka-ne-moze-oziviti\/","name":"Bez nove prometnice donju Hercegovinu ni trebinjska zra\u010dna luka ne mo\u017ee o\u017eiviti - RADIO LJUBU\u0160KI","isPartOf":{"@id":"https:\/\/radioljubuski.ba\/#website"},"primaryImageOfPage":{"@id":"https:\/\/radioljubuski.ba\/index.php\/2021\/07\/28\/bez-nove-prometnice-donju-hercegovinu-ni-trebinjska-zracna-luka-ne-moze-oziviti\/#primaryimage"},"image":{"@id":"https:\/\/radioljubuski.ba\/index.php\/2021\/07\/28\/bez-nove-prometnice-donju-hercegovinu-ni-trebinjska-zracna-luka-ne-moze-oziviti\/#primaryimage"},"thumbnailUrl":"https:\/\/radioljubuski.ba\/wp-content\/uploads\/2021\/07\/7-2021-07-28-09-12-10-sl1.jpg","datePublished":"2021-07-28T12:12:53+00:00","breadcrumb":{"@id":"https:\/\/radioljubuski.ba\/index.php\/2021\/07\/28\/bez-nove-prometnice-donju-hercegovinu-ni-trebinjska-zracna-luka-ne-moze-oziviti\/#breadcrumb"},"inLanguage":"hr","potentialAction":[{"@type":"ReadAction","target":["https:\/\/radioljubuski.ba\/index.php\/2021\/07\/28\/bez-nove-prometnice-donju-hercegovinu-ni-trebinjska-zracna-luka-ne-moze-oziviti\/"]}]},{"@type":"ImageObject","inLanguage":"hr","@id":"https:\/\/radioljubuski.ba\/index.php\/2021\/07\/28\/bez-nove-prometnice-donju-hercegovinu-ni-trebinjska-zracna-luka-ne-moze-oziviti\/#primaryimage","url":"https:\/\/radioljubuski.ba\/wp-content\/uploads\/2021\/07\/7-2021-07-28-09-12-10-sl1.jpg","contentUrl":"https:\/\/radioljubuski.ba\/wp-content\/uploads\/2021\/07\/7-2021-07-28-09-12-10-sl1.jpg","width":1000,"height":625},{"@type":"BreadcrumbList","@id":"https:\/\/radioljubuski.ba\/index.php\/2021\/07\/28\/bez-nove-prometnice-donju-hercegovinu-ni-trebinjska-zracna-luka-ne-moze-oziviti\/#breadcrumb","itemListElement":[{"@type":"ListItem","position":1,"name":"Po\u010detna stranica","item":"https:\/\/radioljubuski.ba\/"},{"@type":"ListItem","position":2,"name":"Bez nove prometnice donju Hercegovinu ni trebinjska zra\u010dna luka ne mo\u017ee o\u017eiviti"}]},{"@type":"WebSite","@id":"https:\/\/radioljubuski.ba\/#website","url":"https:\/\/radioljubuski.ba\/","name":"Radio Ljubu\u0161ki","description":"Sun\u010dana frekvencija Hercegovine","publisher":{"@id":"https:\/\/radioljubuski.ba\/#organization"},"potentialAction":[{"@type":"SearchAction","target":{"@type":"EntryPoint","urlTemplate":"https:\/\/radioljubuski.ba\/?s={search_term_string}"},"query-input":{"@type":"PropertyValueSpecification","valueRequired":true,"valueName":"search_term_string"}}],"inLanguage":"hr"},{"@type":"Organization","@id":"https:\/\/radioljubuski.ba\/#organization","name":"Radio Ljubu\u0161ki","url":"https:\/\/radioljubuski.ba\/","logo":{"@type":"ImageObject","inLanguage":"hr","@id":"https:\/\/radioljubuski.ba\/#\/schema\/logo\/image\/","url":"https:\/\/radioljubuski.ba\/wp-content\/uploads\/2021\/02\/cropped-Radio_Ljubuski_logo1.jpg","contentUrl":"https:\/\/radioljubuski.ba\/wp-content\/uploads\/2021\/02\/cropped-Radio_Ljubuski_logo1.jpg","width":512,"height":512,"caption":"Radio Ljubu\u0161ki"},"image":{"@id":"https:\/\/radioljubuski.ba\/#\/schema\/logo\/image\/"},"sameAs":["https:\/\/www.facebook.com\/Radiio-Ljubuski-1490835324566332","https:\/\/x.com\/radioljubuski","https:\/\/hr.linkedin.com\/company\/radio-ljubuski","https:\/\/www.youtube.com\/channel\/UCHYaeO_n0Db3tjNGudGpXyw"]},{"@type":"Person","@id":"https:\/\/radioljubuski.ba\/#\/schema\/person\/19fc700381a780f69665d7956c469e3b","name":"Radio Ljubu\u0161ki"}]}},"_links":{"self":[{"href":"https:\/\/radioljubuski.ba\/index.php\/wp-json\/wp\/v2\/posts\/47288","targetHints":{"allow":["GET"]}}],"collection":[{"href":"https:\/\/radioljubuski.ba\/index.php\/wp-json\/wp\/v2\/posts"}],"about":[{"href":"https:\/\/radioljubuski.ba\/index.php\/wp-json\/wp\/v2\/types\/post"}],"author":[{"embeddable":true,"href":"https:\/\/radioljubuski.ba\/index.php\/wp-json\/wp\/v2\/users\/2"}],"replies":[{"embeddable":true,"href":"https:\/\/radioljubuski.ba\/index.php\/wp-json\/wp\/v2\/comments?post=47288"}],"version-history":[{"count":1,"href":"https:\/\/radioljubuski.ba\/index.php\/wp-json\/wp\/v2\/posts\/47288\/revisions"}],"predecessor-version":[{"id":47290,"href":"https:\/\/radioljubuski.ba\/index.php\/wp-json\/wp\/v2\/posts\/47288\/revisions\/47290"}],"wp:featuredmedia":[{"embeddable":true,"href":"https:\/\/radioljubuski.ba\/index.php\/wp-json\/wp\/v2\/media\/47289"}],"wp:attachment":[{"href":"https:\/\/radioljubuski.ba\/index.php\/wp-json\/wp\/v2\/media?parent=47288"}],"wp:term":[{"taxonomy":"category","embeddable":true,"href":"https:\/\/radioljubuski.ba\/index.php\/wp-json\/wp\/v2\/categories?post=47288"},{"taxonomy":"post_tag","embeddable":true,"href":"https:\/\/radioljubuski.ba\/index.php\/wp-json\/wp\/v2\/tags?post=47288"}],"curies":[{"name":"wp","href":"https:\/\/api.w.org\/{rel}","templated":true}]}}