{"id":47296,"date":"2021-07-28T13:16:48","date_gmt":"2021-07-28T12:16:48","guid":{"rendered":"https:\/\/radioljubuski.ba\/?p=47296"},"modified":"2021-07-28T13:16:49","modified_gmt":"2021-07-28T12:16:49","slug":"u-lipnju-u-bih-broj-nezaposlenih-smanjen-za-2-218-osoba-ili-056-posto","status":"publish","type":"post","link":"https:\/\/radioljubuski.ba\/index.php\/2021\/07\/28\/u-lipnju-u-bih-broj-nezaposlenih-smanjen-za-2-218-osoba-ili-056-posto\/","title":{"rendered":"U lipnju u BiH broj nezaposlenih smanjen za 2.218 osoba ili 0,56 posto"},"content":{"rendered":"\n<p>Na evidencijama zavoda i slu\u017ebi zapo\u0161ljavanja u Bosni i Hercegovini krajem lipnja bilo je 393.781 osoba.&nbsp;<\/p>\n\n\n\n<p>U odnosu na prethodni mjesec broj nezaposlenih osoba je manji za 2.218 osoba ili 0,56 posto. Od ukupnog broja osoba koje tra\u017ee zaposlenje, 226.132 ili 57,43 posto su \u017eene.<\/p>\n\n\n\n<p>U odnosu na isti period pro\u0161le godine nezaposlenost u BiH je manja za 27.519 osoba ili 6,53 posto. U odnosu na po\u010detak pandemije covid-19, nezaposlenost se smanjila za 9.107 osoba ili 2,26 posto.<\/p>\n\n\n\n<p>Nezaposlenost se smanjila u Federaciji BiH za 363 osobe (0,12 posto), u Republici Srpskoj za 1.774 osobe (2,29 posto) i u Br\u010dko distriktu BiH za 81 osobu (1,19 posto), podatci su Agencije za rad i zapo\u0161ljavanje BiH.<\/p>\n\n\n\n<p>Me\u0111u osobama koje tra\u017ee zaposlenje, zaklju\u010dno sa 30. lipnja ove godine, bilo je NKV 106.111 ili 26,95 posto, PKV-NSS 6.418 ili 1,63 posto, KV 124.551 ili 31,63 posto, VKV 1.374 ili 0,35 posto, SSS 113.925 ili 28,93 posto, V\u0160S 6.792 ili 1,72 posto, te VSS 34.610 ili 8,79 posto. &nbsp;<\/p>\n\n\n\n<p>U lipnju je brisano ukupno 17.475 osoba sa evidencija slu\u017ebi zapo\u0161ljavanja, od \u010dega je 8.459 \u017eena. Od ovog broja zaposleno je 12.086 osoba, od \u010dega 6.104 \u017eene.<\/p>\n\n\n\n<p>Istovremeno je za 8.194 osobe prestao radni odnos, od \u010dega 3.931 \u017eena. Poslodavci su u ovom periodu prijavili potrebe za zapo\u0161ljavanjem 4.754 nova radnika.<\/p>\n\n\n\n<p>Prema podatcima Agencije za statistiku BiH u maju 2021. godine, broj zaposlenih osoba u BiH iznosio je 815.590, a od toga je 353.243 \u017eene. U odnosu na travanj 2021. godine broj zaposlenih osoba se pove\u0107ao za 0,3 posto, a broj zaposlenih \u017eena se tako\u0111er pove\u0107ao i to za jedan posto.<\/p>\n\n\n\n<p>Stopa registrirane nezaposlenosti za svibanj ove godine iznosila je 32,7 posto i u odnosu na travanj ove godine smanjila se za 0,4 postotna poena.<\/p>\n\n\n\n<p>Izvor:pogled.ba<\/p>\n","protected":false},"excerpt":{"rendered":"<p>Na evidencijama zavoda i slu\u017ebi zapo\u0161ljavanja u Bosni i Hercegovini krajem lipnja bilo je 393.781 osoba.&nbsp; U odnosu na prethodni mjesec broj nezaposlenih osoba je manji za 2.218 osoba ili 0,56 posto. Od ukupnog broja osoba koje tra\u017ee zaposlenje, 226.132 ili 57,43 posto su \u017eene. U odnosu na isti period pro\u0161le godine nezaposlenost u BiH [&hellip;]<\/p>\n","protected":false},"author":2,"featured_media":47297,"comment_status":"closed","ping_status":"closed","sticky":false,"template":"","format":"standard","meta":{"h5ap_radio_sources":[],"footnotes":""},"categories":[1],"tags":[],"class_list":["post-47296","post","type-post","status-publish","format-standard","has-post-thumbnail","hentry","category-bihiregija"],"yoast_head":"<!-- This site is optimized with the Yoast SEO plugin v27.5 - https:\/\/yoast.com\/product\/yoast-seo-wordpress\/ -->\n<title>U lipnju u BiH broj nezaposlenih smanjen za 2.218 osoba ili 0,56 posto - RADIO LJUBU\u0160KI<\/title>\n<meta name=\"robots\" content=\"index, follow, max-snippet:-1, max-image-preview:large, max-video-preview:-1\" \/>\n<link rel=\"canonical\" href=\"https:\/\/radioljubuski.ba\/index.php\/2021\/07\/28\/u-lipnju-u-bih-broj-nezaposlenih-smanjen-za-2-218-osoba-ili-056-posto\/\" \/>\n<meta property=\"og:locale\" content=\"hr_HR\" \/>\n<meta property=\"og:type\" content=\"article\" \/>\n<meta property=\"og:title\" content=\"U lipnju u BiH broj nezaposlenih smanjen za 2.218 osoba ili 0,56 posto - RADIO LJUBU\u0160KI\" \/>\n<meta property=\"og:description\" content=\"Na evidencijama zavoda i slu\u017ebi zapo\u0161ljavanja u Bosni i Hercegovini krajem lipnja bilo je 393.781 osoba.&nbsp; U odnosu na prethodni mjesec broj nezaposlenih osoba je manji za 2.218 osoba ili 0,56 posto. Od ukupnog broja osoba koje tra\u017ee zaposlenje, 226.132 ili 57,43 posto su \u017eene. U odnosu na isti period pro\u0161le godine nezaposlenost u BiH [&hellip;]\" \/>\n<meta property=\"og:url\" content=\"https:\/\/radioljubuski.ba\/index.php\/2021\/07\/28\/u-lipnju-u-bih-broj-nezaposlenih-smanjen-za-2-218-osoba-ili-056-posto\/\" \/>\n<meta property=\"og:site_name\" content=\"RADIO LJUBU\u0160KI\" \/>\n<meta property=\"article:publisher\" content=\"https:\/\/www.facebook.com\/Radiio-Ljubuski-1490835324566332\" \/>\n<meta property=\"article:published_time\" content=\"2021-07-28T12:16:48+00:00\" \/>\n<meta property=\"article:modified_time\" content=\"2021-07-28T12:16:49+00:00\" \/>\n<meta property=\"og:image\" content=\"https:\/\/radioljubuski.ba\/wp-content\/uploads\/2021\/07\/7-2021-07-28-09-52-49-gradjani_bih.jpg\" \/>\n\t<meta property=\"og:image:width\" content=\"1000\" \/>\n\t<meta property=\"og:image:height\" content=\"625\" \/>\n\t<meta property=\"og:image:type\" content=\"image\/jpeg\" \/>\n<meta name=\"author\" content=\"Radio Ljubu\u0161ki\" \/>\n<meta name=\"twitter:card\" content=\"summary_large_image\" \/>\n<meta name=\"twitter:creator\" content=\"@radioljubuski\" \/>\n<meta name=\"twitter:site\" content=\"@radioljubuski\" \/>\n<meta name=\"twitter:label1\" content=\"Napisao\/la\" \/>\n\t<meta name=\"twitter:data1\" content=\"Radio Ljubu\u0161ki\" \/>\n\t<meta name=\"twitter:label2\" content=\"Procijenjeno vrijeme \u010ditanja\" \/>\n\t<meta name=\"twitter:data2\" content=\"2 minute\" \/>\n<script type=\"application\/ld+json\" class=\"yoast-schema-graph\">{\"@context\":\"https:\\\/\\\/schema.org\",\"@graph\":[{\"@type\":\"Article\",\"@id\":\"https:\\\/\\\/radioljubuski.ba\\\/index.php\\\/2021\\\/07\\\/28\\\/u-lipnju-u-bih-broj-nezaposlenih-smanjen-za-2-218-osoba-ili-056-posto\\\/#article\",\"isPartOf\":{\"@id\":\"https:\\\/\\\/radioljubuski.ba\\\/index.php\\\/2021\\\/07\\\/28\\\/u-lipnju-u-bih-broj-nezaposlenih-smanjen-za-2-218-osoba-ili-056-posto\\\/\"},\"author\":{\"name\":\"Radio Ljubu\u0161ki\",\"@id\":\"https:\\\/\\\/radioljubuski.ba\\\/#\\\/schema\\\/person\\\/19fc700381a780f69665d7956c469e3b\"},\"headline\":\"U lipnju u BiH broj nezaposlenih smanjen za 2.218 osoba ili 0,56 posto\",\"datePublished\":\"2021-07-28T12:16:48+00:00\",\"dateModified\":\"2021-07-28T12:16:49+00:00\",\"mainEntityOfPage\":{\"@id\":\"https:\\\/\\\/radioljubuski.ba\\\/index.php\\\/2021\\\/07\\\/28\\\/u-lipnju-u-bih-broj-nezaposlenih-smanjen-za-2-218-osoba-ili-056-posto\\\/\"},\"wordCount\":278,\"publisher\":{\"@id\":\"https:\\\/\\\/radioljubuski.ba\\\/#organization\"},\"image\":{\"@id\":\"https:\\\/\\\/radioljubuski.ba\\\/index.php\\\/2021\\\/07\\\/28\\\/u-lipnju-u-bih-broj-nezaposlenih-smanjen-za-2-218-osoba-ili-056-posto\\\/#primaryimage\"},\"thumbnailUrl\":\"https:\\\/\\\/radioljubuski.ba\\\/wp-content\\\/uploads\\\/2021\\\/07\\\/7-2021-07-28-09-52-49-gradjani_bih.jpg\",\"articleSection\":[\"BIH i regija\"],\"inLanguage\":\"hr\"},{\"@type\":\"WebPage\",\"@id\":\"https:\\\/\\\/radioljubuski.ba\\\/index.php\\\/2021\\\/07\\\/28\\\/u-lipnju-u-bih-broj-nezaposlenih-smanjen-za-2-218-osoba-ili-056-posto\\\/\",\"url\":\"https:\\\/\\\/radioljubuski.ba\\\/index.php\\\/2021\\\/07\\\/28\\\/u-lipnju-u-bih-broj-nezaposlenih-smanjen-za-2-218-osoba-ili-056-posto\\\/\",\"name\":\"U lipnju u BiH broj nezaposlenih smanjen za 2.218 osoba ili 0,56 posto - RADIO LJUBU\u0160KI\",\"isPartOf\":{\"@id\":\"https:\\\/\\\/radioljubuski.ba\\\/#website\"},\"primaryImageOfPage\":{\"@id\":\"https:\\\/\\\/radioljubuski.ba\\\/index.php\\\/2021\\\/07\\\/28\\\/u-lipnju-u-bih-broj-nezaposlenih-smanjen-za-2-218-osoba-ili-056-posto\\\/#primaryimage\"},\"image\":{\"@id\":\"https:\\\/\\\/radioljubuski.ba\\\/index.php\\\/2021\\\/07\\\/28\\\/u-lipnju-u-bih-broj-nezaposlenih-smanjen-za-2-218-osoba-ili-056-posto\\\/#primaryimage\"},\"thumbnailUrl\":\"https:\\\/\\\/radioljubuski.ba\\\/wp-content\\\/uploads\\\/2021\\\/07\\\/7-2021-07-28-09-52-49-gradjani_bih.jpg\",\"datePublished\":\"2021-07-28T12:16:48+00:00\",\"dateModified\":\"2021-07-28T12:16:49+00:00\",\"breadcrumb\":{\"@id\":\"https:\\\/\\\/radioljubuski.ba\\\/index.php\\\/2021\\\/07\\\/28\\\/u-lipnju-u-bih-broj-nezaposlenih-smanjen-za-2-218-osoba-ili-056-posto\\\/#breadcrumb\"},\"inLanguage\":\"hr\",\"potentialAction\":[{\"@type\":\"ReadAction\",\"target\":[\"https:\\\/\\\/radioljubuski.ba\\\/index.php\\\/2021\\\/07\\\/28\\\/u-lipnju-u-bih-broj-nezaposlenih-smanjen-za-2-218-osoba-ili-056-posto\\\/\"]}]},{\"@type\":\"ImageObject\",\"inLanguage\":\"hr\",\"@id\":\"https:\\\/\\\/radioljubuski.ba\\\/index.php\\\/2021\\\/07\\\/28\\\/u-lipnju-u-bih-broj-nezaposlenih-smanjen-za-2-218-osoba-ili-056-posto\\\/#primaryimage\",\"url\":\"https:\\\/\\\/radioljubuski.ba\\\/wp-content\\\/uploads\\\/2021\\\/07\\\/7-2021-07-28-09-52-49-gradjani_bih.jpg\",\"contentUrl\":\"https:\\\/\\\/radioljubuski.ba\\\/wp-content\\\/uploads\\\/2021\\\/07\\\/7-2021-07-28-09-52-49-gradjani_bih.jpg\",\"width\":1000,\"height\":625},{\"@type\":\"BreadcrumbList\",\"@id\":\"https:\\\/\\\/radioljubuski.ba\\\/index.php\\\/2021\\\/07\\\/28\\\/u-lipnju-u-bih-broj-nezaposlenih-smanjen-za-2-218-osoba-ili-056-posto\\\/#breadcrumb\",\"itemListElement\":[{\"@type\":\"ListItem\",\"position\":1,\"name\":\"Po\u010detna stranica\",\"item\":\"https:\\\/\\\/radioljubuski.ba\\\/\"},{\"@type\":\"ListItem\",\"position\":2,\"name\":\"U lipnju u BiH broj nezaposlenih smanjen za 2.218 osoba ili 0,56 posto\"}]},{\"@type\":\"WebSite\",\"@id\":\"https:\\\/\\\/radioljubuski.ba\\\/#website\",\"url\":\"https:\\\/\\\/radioljubuski.ba\\\/\",\"name\":\"Radio Ljubu\u0161ki\",\"description\":\"Sun\u010dana frekvencija Hercegovine\",\"publisher\":{\"@id\":\"https:\\\/\\\/radioljubuski.ba\\\/#organization\"},\"potentialAction\":[{\"@type\":\"SearchAction\",\"target\":{\"@type\":\"EntryPoint\",\"urlTemplate\":\"https:\\\/\\\/radioljubuski.ba\\\/?s={search_term_string}\"},\"query-input\":{\"@type\":\"PropertyValueSpecification\",\"valueRequired\":true,\"valueName\":\"search_term_string\"}}],\"inLanguage\":\"hr\"},{\"@type\":\"Organization\",\"@id\":\"https:\\\/\\\/radioljubuski.ba\\\/#organization\",\"name\":\"Radio Ljubu\u0161ki\",\"url\":\"https:\\\/\\\/radioljubuski.ba\\\/\",\"logo\":{\"@type\":\"ImageObject\",\"inLanguage\":\"hr\",\"@id\":\"https:\\\/\\\/radioljubuski.ba\\\/#\\\/schema\\\/logo\\\/image\\\/\",\"url\":\"https:\\\/\\\/radioljubuski.ba\\\/wp-content\\\/uploads\\\/2021\\\/02\\\/cropped-Radio_Ljubuski_logo1.jpg\",\"contentUrl\":\"https:\\\/\\\/radioljubuski.ba\\\/wp-content\\\/uploads\\\/2021\\\/02\\\/cropped-Radio_Ljubuski_logo1.jpg\",\"width\":512,\"height\":512,\"caption\":\"Radio Ljubu\u0161ki\"},\"image\":{\"@id\":\"https:\\\/\\\/radioljubuski.ba\\\/#\\\/schema\\\/logo\\\/image\\\/\"},\"sameAs\":[\"https:\\\/\\\/www.facebook.com\\\/Radiio-Ljubuski-1490835324566332\",\"https:\\\/\\\/x.com\\\/radioljubuski\",\"https:\\\/\\\/hr.linkedin.com\\\/company\\\/radio-ljubuski\",\"https:\\\/\\\/www.youtube.com\\\/channel\\\/UCHYaeO_n0Db3tjNGudGpXyw\"]},{\"@type\":\"Person\",\"@id\":\"https:\\\/\\\/radioljubuski.ba\\\/#\\\/schema\\\/person\\\/19fc700381a780f69665d7956c469e3b\",\"name\":\"Radio Ljubu\u0161ki\"}]}<\/script>\n<!-- \/ Yoast SEO plugin. -->","yoast_head_json":{"title":"U lipnju u BiH broj nezaposlenih smanjen za 2.218 osoba ili 0,56 posto - RADIO LJUBU\u0160KI","robots":{"index":"index","follow":"follow","max-snippet":"max-snippet:-1","max-image-preview":"max-image-preview:large","max-video-preview":"max-video-preview:-1"},"canonical":"https:\/\/radioljubuski.ba\/index.php\/2021\/07\/28\/u-lipnju-u-bih-broj-nezaposlenih-smanjen-za-2-218-osoba-ili-056-posto\/","og_locale":"hr_HR","og_type":"article","og_title":"U lipnju u BiH broj nezaposlenih smanjen za 2.218 osoba ili 0,56 posto - RADIO LJUBU\u0160KI","og_description":"Na evidencijama zavoda i slu\u017ebi zapo\u0161ljavanja u Bosni i Hercegovini krajem lipnja bilo je 393.781 osoba.&nbsp; U odnosu na prethodni mjesec broj nezaposlenih osoba je manji za 2.218 osoba ili 0,56 posto. Od ukupnog broja osoba koje tra\u017ee zaposlenje, 226.132 ili 57,43 posto su \u017eene. U odnosu na isti period pro\u0161le godine nezaposlenost u BiH [&hellip;]","og_url":"https:\/\/radioljubuski.ba\/index.php\/2021\/07\/28\/u-lipnju-u-bih-broj-nezaposlenih-smanjen-za-2-218-osoba-ili-056-posto\/","og_site_name":"RADIO LJUBU\u0160KI","article_publisher":"https:\/\/www.facebook.com\/Radiio-Ljubuski-1490835324566332","article_published_time":"2021-07-28T12:16:48+00:00","article_modified_time":"2021-07-28T12:16:49+00:00","og_image":[{"width":1000,"height":625,"url":"https:\/\/radioljubuski.ba\/wp-content\/uploads\/2021\/07\/7-2021-07-28-09-52-49-gradjani_bih.jpg","type":"image\/jpeg"}],"author":"Radio Ljubu\u0161ki","twitter_card":"summary_large_image","twitter_creator":"@radioljubuski","twitter_site":"@radioljubuski","twitter_misc":{"Napisao\/la":"Radio Ljubu\u0161ki","Procijenjeno vrijeme \u010ditanja":"2 minute"},"schema":{"@context":"https:\/\/schema.org","@graph":[{"@type":"Article","@id":"https:\/\/radioljubuski.ba\/index.php\/2021\/07\/28\/u-lipnju-u-bih-broj-nezaposlenih-smanjen-za-2-218-osoba-ili-056-posto\/#article","isPartOf":{"@id":"https:\/\/radioljubuski.ba\/index.php\/2021\/07\/28\/u-lipnju-u-bih-broj-nezaposlenih-smanjen-za-2-218-osoba-ili-056-posto\/"},"author":{"name":"Radio Ljubu\u0161ki","@id":"https:\/\/radioljubuski.ba\/#\/schema\/person\/19fc700381a780f69665d7956c469e3b"},"headline":"U lipnju u BiH broj nezaposlenih smanjen za 2.218 osoba ili 0,56 posto","datePublished":"2021-07-28T12:16:48+00:00","dateModified":"2021-07-28T12:16:49+00:00","mainEntityOfPage":{"@id":"https:\/\/radioljubuski.ba\/index.php\/2021\/07\/28\/u-lipnju-u-bih-broj-nezaposlenih-smanjen-za-2-218-osoba-ili-056-posto\/"},"wordCount":278,"publisher":{"@id":"https:\/\/radioljubuski.ba\/#organization"},"image":{"@id":"https:\/\/radioljubuski.ba\/index.php\/2021\/07\/28\/u-lipnju-u-bih-broj-nezaposlenih-smanjen-za-2-218-osoba-ili-056-posto\/#primaryimage"},"thumbnailUrl":"https:\/\/radioljubuski.ba\/wp-content\/uploads\/2021\/07\/7-2021-07-28-09-52-49-gradjani_bih.jpg","articleSection":["BIH i regija"],"inLanguage":"hr"},{"@type":"WebPage","@id":"https:\/\/radioljubuski.ba\/index.php\/2021\/07\/28\/u-lipnju-u-bih-broj-nezaposlenih-smanjen-za-2-218-osoba-ili-056-posto\/","url":"https:\/\/radioljubuski.ba\/index.php\/2021\/07\/28\/u-lipnju-u-bih-broj-nezaposlenih-smanjen-za-2-218-osoba-ili-056-posto\/","name":"U lipnju u BiH broj nezaposlenih smanjen za 2.218 osoba ili 0,56 posto - RADIO LJUBU\u0160KI","isPartOf":{"@id":"https:\/\/radioljubuski.ba\/#website"},"primaryImageOfPage":{"@id":"https:\/\/radioljubuski.ba\/index.php\/2021\/07\/28\/u-lipnju-u-bih-broj-nezaposlenih-smanjen-za-2-218-osoba-ili-056-posto\/#primaryimage"},"image":{"@id":"https:\/\/radioljubuski.ba\/index.php\/2021\/07\/28\/u-lipnju-u-bih-broj-nezaposlenih-smanjen-za-2-218-osoba-ili-056-posto\/#primaryimage"},"thumbnailUrl":"https:\/\/radioljubuski.ba\/wp-content\/uploads\/2021\/07\/7-2021-07-28-09-52-49-gradjani_bih.jpg","datePublished":"2021-07-28T12:16:48+00:00","dateModified":"2021-07-28T12:16:49+00:00","breadcrumb":{"@id":"https:\/\/radioljubuski.ba\/index.php\/2021\/07\/28\/u-lipnju-u-bih-broj-nezaposlenih-smanjen-za-2-218-osoba-ili-056-posto\/#breadcrumb"},"inLanguage":"hr","potentialAction":[{"@type":"ReadAction","target":["https:\/\/radioljubuski.ba\/index.php\/2021\/07\/28\/u-lipnju-u-bih-broj-nezaposlenih-smanjen-za-2-218-osoba-ili-056-posto\/"]}]},{"@type":"ImageObject","inLanguage":"hr","@id":"https:\/\/radioljubuski.ba\/index.php\/2021\/07\/28\/u-lipnju-u-bih-broj-nezaposlenih-smanjen-za-2-218-osoba-ili-056-posto\/#primaryimage","url":"https:\/\/radioljubuski.ba\/wp-content\/uploads\/2021\/07\/7-2021-07-28-09-52-49-gradjani_bih.jpg","contentUrl":"https:\/\/radioljubuski.ba\/wp-content\/uploads\/2021\/07\/7-2021-07-28-09-52-49-gradjani_bih.jpg","width":1000,"height":625},{"@type":"BreadcrumbList","@id":"https:\/\/radioljubuski.ba\/index.php\/2021\/07\/28\/u-lipnju-u-bih-broj-nezaposlenih-smanjen-za-2-218-osoba-ili-056-posto\/#breadcrumb","itemListElement":[{"@type":"ListItem","position":1,"name":"Po\u010detna stranica","item":"https:\/\/radioljubuski.ba\/"},{"@type":"ListItem","position":2,"name":"U lipnju u BiH broj nezaposlenih smanjen za 2.218 osoba ili 0,56 posto"}]},{"@type":"WebSite","@id":"https:\/\/radioljubuski.ba\/#website","url":"https:\/\/radioljubuski.ba\/","name":"Radio Ljubu\u0161ki","description":"Sun\u010dana frekvencija Hercegovine","publisher":{"@id":"https:\/\/radioljubuski.ba\/#organization"},"potentialAction":[{"@type":"SearchAction","target":{"@type":"EntryPoint","urlTemplate":"https:\/\/radioljubuski.ba\/?s={search_term_string}"},"query-input":{"@type":"PropertyValueSpecification","valueRequired":true,"valueName":"search_term_string"}}],"inLanguage":"hr"},{"@type":"Organization","@id":"https:\/\/radioljubuski.ba\/#organization","name":"Radio Ljubu\u0161ki","url":"https:\/\/radioljubuski.ba\/","logo":{"@type":"ImageObject","inLanguage":"hr","@id":"https:\/\/radioljubuski.ba\/#\/schema\/logo\/image\/","url":"https:\/\/radioljubuski.ba\/wp-content\/uploads\/2021\/02\/cropped-Radio_Ljubuski_logo1.jpg","contentUrl":"https:\/\/radioljubuski.ba\/wp-content\/uploads\/2021\/02\/cropped-Radio_Ljubuski_logo1.jpg","width":512,"height":512,"caption":"Radio Ljubu\u0161ki"},"image":{"@id":"https:\/\/radioljubuski.ba\/#\/schema\/logo\/image\/"},"sameAs":["https:\/\/www.facebook.com\/Radiio-Ljubuski-1490835324566332","https:\/\/x.com\/radioljubuski","https:\/\/hr.linkedin.com\/company\/radio-ljubuski","https:\/\/www.youtube.com\/channel\/UCHYaeO_n0Db3tjNGudGpXyw"]},{"@type":"Person","@id":"https:\/\/radioljubuski.ba\/#\/schema\/person\/19fc700381a780f69665d7956c469e3b","name":"Radio Ljubu\u0161ki"}]}},"_links":{"self":[{"href":"https:\/\/radioljubuski.ba\/index.php\/wp-json\/wp\/v2\/posts\/47296","targetHints":{"allow":["GET"]}}],"collection":[{"href":"https:\/\/radioljubuski.ba\/index.php\/wp-json\/wp\/v2\/posts"}],"about":[{"href":"https:\/\/radioljubuski.ba\/index.php\/wp-json\/wp\/v2\/types\/post"}],"author":[{"embeddable":true,"href":"https:\/\/radioljubuski.ba\/index.php\/wp-json\/wp\/v2\/users\/2"}],"replies":[{"embeddable":true,"href":"https:\/\/radioljubuski.ba\/index.php\/wp-json\/wp\/v2\/comments?post=47296"}],"version-history":[{"count":1,"href":"https:\/\/radioljubuski.ba\/index.php\/wp-json\/wp\/v2\/posts\/47296\/revisions"}],"predecessor-version":[{"id":47298,"href":"https:\/\/radioljubuski.ba\/index.php\/wp-json\/wp\/v2\/posts\/47296\/revisions\/47298"}],"wp:featuredmedia":[{"embeddable":true,"href":"https:\/\/radioljubuski.ba\/index.php\/wp-json\/wp\/v2\/media\/47297"}],"wp:attachment":[{"href":"https:\/\/radioljubuski.ba\/index.php\/wp-json\/wp\/v2\/media?parent=47296"}],"wp:term":[{"taxonomy":"category","embeddable":true,"href":"https:\/\/radioljubuski.ba\/index.php\/wp-json\/wp\/v2\/categories?post=47296"},{"taxonomy":"post_tag","embeddable":true,"href":"https:\/\/radioljubuski.ba\/index.php\/wp-json\/wp\/v2\/tags?post=47296"}],"curies":[{"name":"wp","href":"https:\/\/api.w.org\/{rel}","templated":true}]}}