{"id":47327,"date":"2021-07-28T13:38:18","date_gmt":"2021-07-28T12:38:18","guid":{"rendered":"https:\/\/radioljubuski.ba\/?p=47327"},"modified":"2021-07-28T13:38:19","modified_gmt":"2021-07-28T12:38:19","slug":"inspirativne-price-interaktivne-panel-diskusije-i-umrezavanja-u-fokusu-konferencije-connecto-2021","status":"publish","type":"post","link":"https:\/\/radioljubuski.ba\/index.php\/2021\/07\/28\/inspirativne-price-interaktivne-panel-diskusije-i-umrezavanja-u-fokusu-konferencije-connecto-2021\/","title":{"rendered":"Inspirativne pri\u010de, interaktivne panel diskusije i umre\u017eavanja u fokusu konferencije CONNECTO 2021"},"content":{"rendered":"\n<p>Panel diskusije, prezentacije, izlaganja, radionice i B2B sastanci dio su bogatog programa konferencije CONNECTO 2021 koja je u utorak, 27.7.2021. godine zapo\u010dela u INTERA Tehnolo\u0161kom Parku. Vi\u0161e od 300 sudionika iz 36 razli\u010ditih zemalja svijeta, koliko ih se prijavilo za sudjelovanje na ovogodi\u0161njem izdanju ovog jedinstvenog doga\u0111aja, u posljednjem tjednu srpnja ima priliku u prostorijama INTERA TP-a ili putem online platforme \u010duti iskustva regionalnih stru\u010dnjaka, lokalnih i me\u0111unarodnih gospodarstvenika te predstavnika dijaspore, javnih institucija i organizacija civilnog dru\u0161tva.<\/p>\n\n\n\n<p><br>\u201eI ove godine organizirali smo punokrvni konferencijski B2B doga\u0111aj, ovaj put u hibridnom obliku i nadamo se da \u0107e sljede\u0107e izdanje &#8211; Connecto 2022 &#8211; biti s jo\u0161 ve\u0107im fokusom na ovaj dio &#8216;u\u017eivo&#8217;, a manje &#8216;online&#8217;. Kada je u pitanju konferencijski dio, okupili smo vrlo zanimljive i inspirativne govornike koji su podijelili svoja poslovna iskustva i dali osvrt na neke va\u017ene elemente poslovnog ambijenta u BiH. Sudionici su imali priliku \u010duti i vidjeti neke lijepe primjere poduzetnika iz dijaspore, a i u naredna dva dana bit \u0107e zanimljivih sadr\u017eaja. Ve\u0107 na samom konferecijskom dijelu ostvaren je niz poslovnih kontakata me\u0111u sudionicima koji su tu do\u0161li u\u017eivo, a od 300 registriranih sudionika, polovina je rezervirala i sastanke koje \u0107e imati u online varijanti u ova tri dana, tako da smatramo da je doga\u0111aj uspje\u0161an, a u narednom razdoblju nastojat \u0107emo pratiti i efekte svih uspostavljenih kontakata.\u201c, istaknuo je prije konferencije gospodin Vedran \u0160imunovi\u0107, direktor INTERA Tehnolo\u0161kog Parka.<\/p>\n\n\n\n<p><br>Program je zapo\u010deo sve\u010danim obra\u0107anjima gospodina Vedrana \u0160imunovi\u0107a, direktora INTERA TP-a, gospodina Marija Kordi\u0107a, gradona\u010delnika Mostara, gospodina Olava Reinertsena, veleposlanika Kraljevine Norve\u0161ke u Bosni i Hercegovini, gospodina Erica Nelsona, veleposlanika Sjedinjenih Ameri\u010dkih Dr\u017eava u Bosni i Hercegovini, gospo\u0111e Ekaterine Dorodnove, zamjenice \u0161efa Delegacije EU te gospodina Nevenka Hercega, predsjednika Vlade HN\u017d-a. Svi su oni istaknuli zna\u010daj konferencije CONNECTO za Mostar i Bosnu i Hercegovinu isti\u010du\u0107i zajedni\u010dka nastojanja klju\u010dnih aktera kao jedan od najva\u017enijih \u010dimbenika napretka lokalnog gospodarstva. Osvrnuli su se na rezultate koji su postignuti kroz prethodna izdanja konferencije nagla\u0161avaju\u0107i va\u017enost ovog doga\u0111aja i uskla\u0111enost njegovog cilja sa strate\u0161kim planovima grada, \u017eupanije i dr\u017eave u cjelini.&nbsp;<\/p>\n\n\n\n<p><br>\u201e\u010cast mi je otvoriti doga\u0111aj za koji vjerujem da je veoma zna\u010dajan s obzirom da je nova, mlada ekipa i novi ljudi u Gradskom vije\u0107u i u Gradu Mostaru opredijeljena da probamo \u010ditavu regiju malo di\u0107i i pozicionirati Grad Mostar na mjesto koje zaslu\u017euje kad je gospodarstvo u pitanju, da probamo iskoristiti sve prednosti koje imamo i koje nam u doglednom vremenu dolaze, uklju\u010duju\u0107i infrastrukturne projekte koji se upravo de\u0161avaju.\u201c, rekao je u svom pozdravnom govoru gradona\u010delnik Mostara.<\/p>\n\n\n\n<p><br>Program je nastavljen govorom gospo\u0111e Snje\u017eane Kopruner koja je nesebi\u010dno s prisutnima podijelila svoj profesionalni put od Dalmacije preko Njema\u010dke do Travnika te se osvrnula na va\u017enost stranih investicija isti\u010du\u0107i potrebu da klju\u010dni akteri na tr\u017ei\u0161tu zajedni\u010dki na\u0111u rje\u0161enje za bolje uvjete rada i \u017eivota za mlade ljude te sprje\u010davanje iseljavanja stanovni\u0161tva. Njezin govor svojevrsni je sa\u017eetak misije konferencije CONNECTO koja se ove godine panel diskusijama osvrnula i na va\u017enost infrastrukture za privla\u010denje investicija te na ekonomske potencijale Bosne i Hercegovine, ali bila i prilika za predstavljanje projekta Istra\u017eivanja investicijskih kapaciteta Konjica, Trebinja i Zeni\u010dko-Dobojske \u017eupanije, platforme Digitalna komora, Europske poduzetni\u010dke mre\u017ee te Zakona o poduzetni\u010dkoj infrastrukturi. Program je dodatno upotpunilo i izlaganje gospodina Branimira Muid\u017ee, predsjednika VSI-ja BiH i direktora tvrtki HidelbergCement i Tvornice cementa Kakanj te prezentacije usluga sponzora.<\/p>\n\n\n\n<p><br>Nakon inspirativnih govora i razmjene iskustava sudionike sljede\u0107ih dana \u010dekaju B2B sastanci na kojima \u0107e i ove godine imati priliku upoznati potencijalne partnere, suradnike, dobavlja\u010de i klijente. Sudionike ove godine \u010deka i jedan novitet u programu \u2013 dvije online radionice posve\u0107ene digitalnoj transformaciji i prilikama digitalizacije te mogu\u0107nostima financiranja za MSP kroz EU projekte.<\/p>\n\n\n\n<p><br>Ovogodi\u0161nje izdanje CONNECTO konferencije INTERA Tehnolo\u0161ki Park zajedno sa suorganizatorima, Gospodarskim komorama Srbije, Makedonije, Crne Gore, Rusije i Velike Britanije, organizirao je uz podr\u0161ku EEN-a i brojnih partnera, pod pokroviteljstvom Vlade HN\u017d-a, Grada Mostara i Vanjskotrgovinske komore BiH. Zna\u010daj CONNECTO 2021 konferencije prepoznali su i sponzorski podr\u017eali HT Eronet kao zlatni sponzor, ProCredit Bank kao srebrni sponzor i Alfa Therm, Nsoft i HP Mostar kao bron\u010dani sponzori.<\/p>\n\n\n\n<p>Izvor:pogled.ba<\/p>\n","protected":false},"excerpt":{"rendered":"<p>Panel diskusije, prezentacije, izlaganja, radionice i B2B sastanci dio su bogatog programa konferencije CONNECTO 2021 koja je u utorak, 27.7.2021. godine zapo\u010dela u INTERA Tehnolo\u0161kom Parku. Vi\u0161e od 300 sudionika iz 36 razli\u010ditih zemalja svijeta, koliko ih se prijavilo za sudjelovanje na ovogodi\u0161njem izdanju ovog jedinstvenog doga\u0111aja, u posljednjem tjednu srpnja ima priliku u prostorijama [&hellip;]<\/p>\n","protected":false},"author":2,"featured_media":47328,"comment_status":"closed","ping_status":"closed","sticky":false,"template":"","format":"standard","meta":{"h5ap_radio_sources":[],"footnotes":""},"categories":[1],"tags":[],"class_list":["post-47327","post","type-post","status-publish","format-standard","has-post-thumbnail","hentry","category-bihiregija"],"yoast_head":"<!-- This site is optimized with the Yoast SEO plugin v27.5 - https:\/\/yoast.com\/product\/yoast-seo-wordpress\/ -->\n<title>Inspirativne pri\u010de, interaktivne panel diskusije i umre\u017eavanja u fokusu konferencije CONNECTO 2021 - RADIO LJUBU\u0160KI<\/title>\n<meta name=\"robots\" content=\"index, follow, max-snippet:-1, max-image-preview:large, max-video-preview:-1\" \/>\n<link rel=\"canonical\" href=\"https:\/\/radioljubuski.ba\/index.php\/2021\/07\/28\/inspirativne-price-interaktivne-panel-diskusije-i-umrezavanja-u-fokusu-konferencije-connecto-2021\/\" \/>\n<meta property=\"og:locale\" content=\"hr_HR\" \/>\n<meta property=\"og:type\" content=\"article\" \/>\n<meta property=\"og:title\" content=\"Inspirativne pri\u010de, interaktivne panel diskusije i umre\u017eavanja u fokusu konferencije CONNECTO 2021 - RADIO LJUBU\u0160KI\" \/>\n<meta property=\"og:description\" content=\"Panel diskusije, prezentacije, izlaganja, radionice i B2B sastanci dio su bogatog programa konferencije CONNECTO 2021 koja je u utorak, 27.7.2021. godine zapo\u010dela u INTERA Tehnolo\u0161kom Parku. Vi\u0161e od 300 sudionika iz 36 razli\u010ditih zemalja svijeta, koliko ih se prijavilo za sudjelovanje na ovogodi\u0161njem izdanju ovog jedinstvenog doga\u0111aja, u posljednjem tjednu srpnja ima priliku u prostorijama [&hellip;]\" \/>\n<meta property=\"og:url\" content=\"https:\/\/radioljubuski.ba\/index.php\/2021\/07\/28\/inspirativne-price-interaktivne-panel-diskusije-i-umrezavanja-u-fokusu-konferencije-connecto-2021\/\" \/>\n<meta property=\"og:site_name\" content=\"RADIO LJUBU\u0160KI\" \/>\n<meta property=\"article:publisher\" content=\"https:\/\/www.facebook.com\/Radiio-Ljubuski-1490835324566332\" \/>\n<meta property=\"article:published_time\" content=\"2021-07-28T12:38:18+00:00\" \/>\n<meta property=\"article:modified_time\" content=\"2021-07-28T12:38:19+00:00\" \/>\n<meta property=\"og:image\" content=\"https:\/\/radioljubuski.ba\/wp-content\/uploads\/2021\/07\/7-2021-07-28-11-27-32-Connecto_01.jpg\" \/>\n\t<meta property=\"og:image:width\" content=\"1000\" \/>\n\t<meta property=\"og:image:height\" content=\"625\" \/>\n\t<meta property=\"og:image:type\" content=\"image\/jpeg\" \/>\n<meta name=\"author\" content=\"Radio Ljubu\u0161ki\" \/>\n<meta name=\"twitter:card\" content=\"summary_large_image\" \/>\n<meta name=\"twitter:creator\" content=\"@radioljubuski\" \/>\n<meta name=\"twitter:site\" content=\"@radioljubuski\" \/>\n<meta name=\"twitter:label1\" content=\"Napisao\/la\" \/>\n\t<meta name=\"twitter:data1\" content=\"Radio Ljubu\u0161ki\" \/>\n\t<meta name=\"twitter:label2\" content=\"Procijenjeno vrijeme \u010ditanja\" \/>\n\t<meta name=\"twitter:data2\" content=\"3 minute\" \/>\n<script type=\"application\/ld+json\" class=\"yoast-schema-graph\">{\"@context\":\"https:\\\/\\\/schema.org\",\"@graph\":[{\"@type\":\"Article\",\"@id\":\"https:\\\/\\\/radioljubuski.ba\\\/index.php\\\/2021\\\/07\\\/28\\\/inspirativne-price-interaktivne-panel-diskusije-i-umrezavanja-u-fokusu-konferencije-connecto-2021\\\/#article\",\"isPartOf\":{\"@id\":\"https:\\\/\\\/radioljubuski.ba\\\/index.php\\\/2021\\\/07\\\/28\\\/inspirativne-price-interaktivne-panel-diskusije-i-umrezavanja-u-fokusu-konferencije-connecto-2021\\\/\"},\"author\":{\"name\":\"Radio Ljubu\u0161ki\",\"@id\":\"https:\\\/\\\/radioljubuski.ba\\\/#\\\/schema\\\/person\\\/19fc700381a780f69665d7956c469e3b\"},\"headline\":\"Inspirativne pri\u010de, interaktivne panel diskusije i umre\u017eavanja u fokusu konferencije CONNECTO 2021\",\"datePublished\":\"2021-07-28T12:38:18+00:00\",\"dateModified\":\"2021-07-28T12:38:19+00:00\",\"mainEntityOfPage\":{\"@id\":\"https:\\\/\\\/radioljubuski.ba\\\/index.php\\\/2021\\\/07\\\/28\\\/inspirativne-price-interaktivne-panel-diskusije-i-umrezavanja-u-fokusu-konferencije-connecto-2021\\\/\"},\"wordCount\":772,\"publisher\":{\"@id\":\"https:\\\/\\\/radioljubuski.ba\\\/#organization\"},\"image\":{\"@id\":\"https:\\\/\\\/radioljubuski.ba\\\/index.php\\\/2021\\\/07\\\/28\\\/inspirativne-price-interaktivne-panel-diskusije-i-umrezavanja-u-fokusu-konferencije-connecto-2021\\\/#primaryimage\"},\"thumbnailUrl\":\"https:\\\/\\\/radioljubuski.ba\\\/wp-content\\\/uploads\\\/2021\\\/07\\\/7-2021-07-28-11-27-32-Connecto_01.jpg\",\"articleSection\":[\"BIH i regija\"],\"inLanguage\":\"hr\"},{\"@type\":\"WebPage\",\"@id\":\"https:\\\/\\\/radioljubuski.ba\\\/index.php\\\/2021\\\/07\\\/28\\\/inspirativne-price-interaktivne-panel-diskusije-i-umrezavanja-u-fokusu-konferencije-connecto-2021\\\/\",\"url\":\"https:\\\/\\\/radioljubuski.ba\\\/index.php\\\/2021\\\/07\\\/28\\\/inspirativne-price-interaktivne-panel-diskusije-i-umrezavanja-u-fokusu-konferencije-connecto-2021\\\/\",\"name\":\"Inspirativne pri\u010de, interaktivne panel diskusije i umre\u017eavanja u fokusu konferencije CONNECTO 2021 - RADIO LJUBU\u0160KI\",\"isPartOf\":{\"@id\":\"https:\\\/\\\/radioljubuski.ba\\\/#website\"},\"primaryImageOfPage\":{\"@id\":\"https:\\\/\\\/radioljubuski.ba\\\/index.php\\\/2021\\\/07\\\/28\\\/inspirativne-price-interaktivne-panel-diskusije-i-umrezavanja-u-fokusu-konferencije-connecto-2021\\\/#primaryimage\"},\"image\":{\"@id\":\"https:\\\/\\\/radioljubuski.ba\\\/index.php\\\/2021\\\/07\\\/28\\\/inspirativne-price-interaktivne-panel-diskusije-i-umrezavanja-u-fokusu-konferencije-connecto-2021\\\/#primaryimage\"},\"thumbnailUrl\":\"https:\\\/\\\/radioljubuski.ba\\\/wp-content\\\/uploads\\\/2021\\\/07\\\/7-2021-07-28-11-27-32-Connecto_01.jpg\",\"datePublished\":\"2021-07-28T12:38:18+00:00\",\"dateModified\":\"2021-07-28T12:38:19+00:00\",\"breadcrumb\":{\"@id\":\"https:\\\/\\\/radioljubuski.ba\\\/index.php\\\/2021\\\/07\\\/28\\\/inspirativne-price-interaktivne-panel-diskusije-i-umrezavanja-u-fokusu-konferencije-connecto-2021\\\/#breadcrumb\"},\"inLanguage\":\"hr\",\"potentialAction\":[{\"@type\":\"ReadAction\",\"target\":[\"https:\\\/\\\/radioljubuski.ba\\\/index.php\\\/2021\\\/07\\\/28\\\/inspirativne-price-interaktivne-panel-diskusije-i-umrezavanja-u-fokusu-konferencije-connecto-2021\\\/\"]}]},{\"@type\":\"ImageObject\",\"inLanguage\":\"hr\",\"@id\":\"https:\\\/\\\/radioljubuski.ba\\\/index.php\\\/2021\\\/07\\\/28\\\/inspirativne-price-interaktivne-panel-diskusije-i-umrezavanja-u-fokusu-konferencije-connecto-2021\\\/#primaryimage\",\"url\":\"https:\\\/\\\/radioljubuski.ba\\\/wp-content\\\/uploads\\\/2021\\\/07\\\/7-2021-07-28-11-27-32-Connecto_01.jpg\",\"contentUrl\":\"https:\\\/\\\/radioljubuski.ba\\\/wp-content\\\/uploads\\\/2021\\\/07\\\/7-2021-07-28-11-27-32-Connecto_01.jpg\",\"width\":1000,\"height\":625},{\"@type\":\"BreadcrumbList\",\"@id\":\"https:\\\/\\\/radioljubuski.ba\\\/index.php\\\/2021\\\/07\\\/28\\\/inspirativne-price-interaktivne-panel-diskusije-i-umrezavanja-u-fokusu-konferencije-connecto-2021\\\/#breadcrumb\",\"itemListElement\":[{\"@type\":\"ListItem\",\"position\":1,\"name\":\"Po\u010detna stranica\",\"item\":\"https:\\\/\\\/radioljubuski.ba\\\/\"},{\"@type\":\"ListItem\",\"position\":2,\"name\":\"Inspirativne pri\u010de, interaktivne panel diskusije i umre\u017eavanja u fokusu konferencije CONNECTO 2021\"}]},{\"@type\":\"WebSite\",\"@id\":\"https:\\\/\\\/radioljubuski.ba\\\/#website\",\"url\":\"https:\\\/\\\/radioljubuski.ba\\\/\",\"name\":\"Radio Ljubu\u0161ki\",\"description\":\"Sun\u010dana frekvencija Hercegovine\",\"publisher\":{\"@id\":\"https:\\\/\\\/radioljubuski.ba\\\/#organization\"},\"potentialAction\":[{\"@type\":\"SearchAction\",\"target\":{\"@type\":\"EntryPoint\",\"urlTemplate\":\"https:\\\/\\\/radioljubuski.ba\\\/?s={search_term_string}\"},\"query-input\":{\"@type\":\"PropertyValueSpecification\",\"valueRequired\":true,\"valueName\":\"search_term_string\"}}],\"inLanguage\":\"hr\"},{\"@type\":\"Organization\",\"@id\":\"https:\\\/\\\/radioljubuski.ba\\\/#organization\",\"name\":\"Radio Ljubu\u0161ki\",\"url\":\"https:\\\/\\\/radioljubuski.ba\\\/\",\"logo\":{\"@type\":\"ImageObject\",\"inLanguage\":\"hr\",\"@id\":\"https:\\\/\\\/radioljubuski.ba\\\/#\\\/schema\\\/logo\\\/image\\\/\",\"url\":\"https:\\\/\\\/radioljubuski.ba\\\/wp-content\\\/uploads\\\/2021\\\/02\\\/cropped-Radio_Ljubuski_logo1.jpg\",\"contentUrl\":\"https:\\\/\\\/radioljubuski.ba\\\/wp-content\\\/uploads\\\/2021\\\/02\\\/cropped-Radio_Ljubuski_logo1.jpg\",\"width\":512,\"height\":512,\"caption\":\"Radio Ljubu\u0161ki\"},\"image\":{\"@id\":\"https:\\\/\\\/radioljubuski.ba\\\/#\\\/schema\\\/logo\\\/image\\\/\"},\"sameAs\":[\"https:\\\/\\\/www.facebook.com\\\/Radiio-Ljubuski-1490835324566332\",\"https:\\\/\\\/x.com\\\/radioljubuski\",\"https:\\\/\\\/hr.linkedin.com\\\/company\\\/radio-ljubuski\",\"https:\\\/\\\/www.youtube.com\\\/channel\\\/UCHYaeO_n0Db3tjNGudGpXyw\"]},{\"@type\":\"Person\",\"@id\":\"https:\\\/\\\/radioljubuski.ba\\\/#\\\/schema\\\/person\\\/19fc700381a780f69665d7956c469e3b\",\"name\":\"Radio Ljubu\u0161ki\"}]}<\/script>\n<!-- \/ Yoast SEO plugin. -->","yoast_head_json":{"title":"Inspirativne pri\u010de, interaktivne panel diskusije i umre\u017eavanja u fokusu konferencije CONNECTO 2021 - RADIO LJUBU\u0160KI","robots":{"index":"index","follow":"follow","max-snippet":"max-snippet:-1","max-image-preview":"max-image-preview:large","max-video-preview":"max-video-preview:-1"},"canonical":"https:\/\/radioljubuski.ba\/index.php\/2021\/07\/28\/inspirativne-price-interaktivne-panel-diskusije-i-umrezavanja-u-fokusu-konferencije-connecto-2021\/","og_locale":"hr_HR","og_type":"article","og_title":"Inspirativne pri\u010de, interaktivne panel diskusije i umre\u017eavanja u fokusu konferencije CONNECTO 2021 - RADIO LJUBU\u0160KI","og_description":"Panel diskusije, prezentacije, izlaganja, radionice i B2B sastanci dio su bogatog programa konferencije CONNECTO 2021 koja je u utorak, 27.7.2021. godine zapo\u010dela u INTERA Tehnolo\u0161kom Parku. Vi\u0161e od 300 sudionika iz 36 razli\u010ditih zemalja svijeta, koliko ih se prijavilo za sudjelovanje na ovogodi\u0161njem izdanju ovog jedinstvenog doga\u0111aja, u posljednjem tjednu srpnja ima priliku u prostorijama [&hellip;]","og_url":"https:\/\/radioljubuski.ba\/index.php\/2021\/07\/28\/inspirativne-price-interaktivne-panel-diskusije-i-umrezavanja-u-fokusu-konferencije-connecto-2021\/","og_site_name":"RADIO LJUBU\u0160KI","article_publisher":"https:\/\/www.facebook.com\/Radiio-Ljubuski-1490835324566332","article_published_time":"2021-07-28T12:38:18+00:00","article_modified_time":"2021-07-28T12:38:19+00:00","og_image":[{"width":1000,"height":625,"url":"https:\/\/radioljubuski.ba\/wp-content\/uploads\/2021\/07\/7-2021-07-28-11-27-32-Connecto_01.jpg","type":"image\/jpeg"}],"author":"Radio Ljubu\u0161ki","twitter_card":"summary_large_image","twitter_creator":"@radioljubuski","twitter_site":"@radioljubuski","twitter_misc":{"Napisao\/la":"Radio Ljubu\u0161ki","Procijenjeno vrijeme \u010ditanja":"3 minute"},"schema":{"@context":"https:\/\/schema.org","@graph":[{"@type":"Article","@id":"https:\/\/radioljubuski.ba\/index.php\/2021\/07\/28\/inspirativne-price-interaktivne-panel-diskusije-i-umrezavanja-u-fokusu-konferencije-connecto-2021\/#article","isPartOf":{"@id":"https:\/\/radioljubuski.ba\/index.php\/2021\/07\/28\/inspirativne-price-interaktivne-panel-diskusije-i-umrezavanja-u-fokusu-konferencije-connecto-2021\/"},"author":{"name":"Radio Ljubu\u0161ki","@id":"https:\/\/radioljubuski.ba\/#\/schema\/person\/19fc700381a780f69665d7956c469e3b"},"headline":"Inspirativne pri\u010de, interaktivne panel diskusije i umre\u017eavanja u fokusu konferencije CONNECTO 2021","datePublished":"2021-07-28T12:38:18+00:00","dateModified":"2021-07-28T12:38:19+00:00","mainEntityOfPage":{"@id":"https:\/\/radioljubuski.ba\/index.php\/2021\/07\/28\/inspirativne-price-interaktivne-panel-diskusije-i-umrezavanja-u-fokusu-konferencije-connecto-2021\/"},"wordCount":772,"publisher":{"@id":"https:\/\/radioljubuski.ba\/#organization"},"image":{"@id":"https:\/\/radioljubuski.ba\/index.php\/2021\/07\/28\/inspirativne-price-interaktivne-panel-diskusije-i-umrezavanja-u-fokusu-konferencije-connecto-2021\/#primaryimage"},"thumbnailUrl":"https:\/\/radioljubuski.ba\/wp-content\/uploads\/2021\/07\/7-2021-07-28-11-27-32-Connecto_01.jpg","articleSection":["BIH i regija"],"inLanguage":"hr"},{"@type":"WebPage","@id":"https:\/\/radioljubuski.ba\/index.php\/2021\/07\/28\/inspirativne-price-interaktivne-panel-diskusije-i-umrezavanja-u-fokusu-konferencije-connecto-2021\/","url":"https:\/\/radioljubuski.ba\/index.php\/2021\/07\/28\/inspirativne-price-interaktivne-panel-diskusije-i-umrezavanja-u-fokusu-konferencije-connecto-2021\/","name":"Inspirativne pri\u010de, interaktivne panel diskusije i umre\u017eavanja u fokusu konferencije CONNECTO 2021 - RADIO LJUBU\u0160KI","isPartOf":{"@id":"https:\/\/radioljubuski.ba\/#website"},"primaryImageOfPage":{"@id":"https:\/\/radioljubuski.ba\/index.php\/2021\/07\/28\/inspirativne-price-interaktivne-panel-diskusije-i-umrezavanja-u-fokusu-konferencije-connecto-2021\/#primaryimage"},"image":{"@id":"https:\/\/radioljubuski.ba\/index.php\/2021\/07\/28\/inspirativne-price-interaktivne-panel-diskusije-i-umrezavanja-u-fokusu-konferencije-connecto-2021\/#primaryimage"},"thumbnailUrl":"https:\/\/radioljubuski.ba\/wp-content\/uploads\/2021\/07\/7-2021-07-28-11-27-32-Connecto_01.jpg","datePublished":"2021-07-28T12:38:18+00:00","dateModified":"2021-07-28T12:38:19+00:00","breadcrumb":{"@id":"https:\/\/radioljubuski.ba\/index.php\/2021\/07\/28\/inspirativne-price-interaktivne-panel-diskusije-i-umrezavanja-u-fokusu-konferencije-connecto-2021\/#breadcrumb"},"inLanguage":"hr","potentialAction":[{"@type":"ReadAction","target":["https:\/\/radioljubuski.ba\/index.php\/2021\/07\/28\/inspirativne-price-interaktivne-panel-diskusije-i-umrezavanja-u-fokusu-konferencije-connecto-2021\/"]}]},{"@type":"ImageObject","inLanguage":"hr","@id":"https:\/\/radioljubuski.ba\/index.php\/2021\/07\/28\/inspirativne-price-interaktivne-panel-diskusije-i-umrezavanja-u-fokusu-konferencije-connecto-2021\/#primaryimage","url":"https:\/\/radioljubuski.ba\/wp-content\/uploads\/2021\/07\/7-2021-07-28-11-27-32-Connecto_01.jpg","contentUrl":"https:\/\/radioljubuski.ba\/wp-content\/uploads\/2021\/07\/7-2021-07-28-11-27-32-Connecto_01.jpg","width":1000,"height":625},{"@type":"BreadcrumbList","@id":"https:\/\/radioljubuski.ba\/index.php\/2021\/07\/28\/inspirativne-price-interaktivne-panel-diskusije-i-umrezavanja-u-fokusu-konferencije-connecto-2021\/#breadcrumb","itemListElement":[{"@type":"ListItem","position":1,"name":"Po\u010detna stranica","item":"https:\/\/radioljubuski.ba\/"},{"@type":"ListItem","position":2,"name":"Inspirativne pri\u010de, interaktivne panel diskusije i umre\u017eavanja u fokusu konferencije CONNECTO 2021"}]},{"@type":"WebSite","@id":"https:\/\/radioljubuski.ba\/#website","url":"https:\/\/radioljubuski.ba\/","name":"Radio Ljubu\u0161ki","description":"Sun\u010dana frekvencija Hercegovine","publisher":{"@id":"https:\/\/radioljubuski.ba\/#organization"},"potentialAction":[{"@type":"SearchAction","target":{"@type":"EntryPoint","urlTemplate":"https:\/\/radioljubuski.ba\/?s={search_term_string}"},"query-input":{"@type":"PropertyValueSpecification","valueRequired":true,"valueName":"search_term_string"}}],"inLanguage":"hr"},{"@type":"Organization","@id":"https:\/\/radioljubuski.ba\/#organization","name":"Radio Ljubu\u0161ki","url":"https:\/\/radioljubuski.ba\/","logo":{"@type":"ImageObject","inLanguage":"hr","@id":"https:\/\/radioljubuski.ba\/#\/schema\/logo\/image\/","url":"https:\/\/radioljubuski.ba\/wp-content\/uploads\/2021\/02\/cropped-Radio_Ljubuski_logo1.jpg","contentUrl":"https:\/\/radioljubuski.ba\/wp-content\/uploads\/2021\/02\/cropped-Radio_Ljubuski_logo1.jpg","width":512,"height":512,"caption":"Radio Ljubu\u0161ki"},"image":{"@id":"https:\/\/radioljubuski.ba\/#\/schema\/logo\/image\/"},"sameAs":["https:\/\/www.facebook.com\/Radiio-Ljubuski-1490835324566332","https:\/\/x.com\/radioljubuski","https:\/\/hr.linkedin.com\/company\/radio-ljubuski","https:\/\/www.youtube.com\/channel\/UCHYaeO_n0Db3tjNGudGpXyw"]},{"@type":"Person","@id":"https:\/\/radioljubuski.ba\/#\/schema\/person\/19fc700381a780f69665d7956c469e3b","name":"Radio Ljubu\u0161ki"}]}},"_links":{"self":[{"href":"https:\/\/radioljubuski.ba\/index.php\/wp-json\/wp\/v2\/posts\/47327","targetHints":{"allow":["GET"]}}],"collection":[{"href":"https:\/\/radioljubuski.ba\/index.php\/wp-json\/wp\/v2\/posts"}],"about":[{"href":"https:\/\/radioljubuski.ba\/index.php\/wp-json\/wp\/v2\/types\/post"}],"author":[{"embeddable":true,"href":"https:\/\/radioljubuski.ba\/index.php\/wp-json\/wp\/v2\/users\/2"}],"replies":[{"embeddable":true,"href":"https:\/\/radioljubuski.ba\/index.php\/wp-json\/wp\/v2\/comments?post=47327"}],"version-history":[{"count":1,"href":"https:\/\/radioljubuski.ba\/index.php\/wp-json\/wp\/v2\/posts\/47327\/revisions"}],"predecessor-version":[{"id":47329,"href":"https:\/\/radioljubuski.ba\/index.php\/wp-json\/wp\/v2\/posts\/47327\/revisions\/47329"}],"wp:featuredmedia":[{"embeddable":true,"href":"https:\/\/radioljubuski.ba\/index.php\/wp-json\/wp\/v2\/media\/47328"}],"wp:attachment":[{"href":"https:\/\/radioljubuski.ba\/index.php\/wp-json\/wp\/v2\/media?parent=47327"}],"wp:term":[{"taxonomy":"category","embeddable":true,"href":"https:\/\/radioljubuski.ba\/index.php\/wp-json\/wp\/v2\/categories?post=47327"},{"taxonomy":"post_tag","embeddable":true,"href":"https:\/\/radioljubuski.ba\/index.php\/wp-json\/wp\/v2\/tags?post=47327"}],"curies":[{"name":"wp","href":"https:\/\/api.w.org\/{rel}","templated":true}]}}