{"id":51332,"date":"2021-08-07T21:38:28","date_gmt":"2021-08-07T20:38:28","guid":{"rendered":"https:\/\/radioljubuski.ba\/?p=51332"},"modified":"2021-08-07T21:38:30","modified_gmt":"2021-08-07T20:38:30","slug":"nestasica-meda-u-bih-video","status":"publish","type":"post","link":"https:\/\/radioljubuski.ba\/index.php\/2021\/08\/07\/nestasica-meda-u-bih-video\/","title":{"rendered":"Nesta\u0161ica meda u BiH &#8211; video"},"content":{"rendered":"\n<p><strong>Na manifestaciji \u201cDani meda\u201d u Bijeljini p\u010delari su upozorili kako je stanje u p\u010delarstvu alarmantno.<\/strong><\/p>\n\n\n\n<p>Meda u ko\u0161nicama je sve manje, a potra\u017enja nikad ve\u0107a. To je dovelo i do skoka cijena pa za kilogram meda sada treba izdvojiti i do 20 KM.<\/p>\n\n\n\n<p>\u010ceste padavine, a potom visoke temperature dovele su do toga da je koli\u010dina izvrcanog meda u Bosni i Hercegovini, s nekada\u0161njih desetak do petnaest kilograma po ko\u0161nici, sada spala na jedva pet kilograma, javlja BHRT.<\/p>\n\n\n\n<p>P\u010delar&nbsp;<strong>Milo\u0161 Lu\u010di\u0107&nbsp;<\/strong>iz \u0160amca ka\u017ee da za pola vijeka bavljenja p\u010delarstvom nije imao goru sezonu.<br><q>Sedamdeset osme sam vrcao izme\u0111u 70 i 80 kilograma po ko\u0161nici i krenulo je sve na gore ovamo. te godine sam \u010detiri puta vrcao med, pa tri puta, dva, a pro\u0161le godine nijednom nisam vrcao<\/q>, ka\u017ee p\u010delar Milo\u0161 Lu\u010di\u0107.<\/p>\n\n\n\n<p>Pored lo\u0161eg vremena, ogor\u010deni p\u010delari ka\u017eu da su za trenutnu situaciju u zna\u010dajnoj mjeri krivi i ljudi.<br><q>Herbicidi i pesticidi, sami sebe trujemo. Kom\u0161ije briga za moje p\u010dele, \u0161prica se vo\u0107njak, mi to sve i sami sebe i vo\u0107em<\/q>, ka\u017ee Lu\u010di\u0107.<\/p>\n\n\n\n<p>Uz to, haraju i razne bolesti.<br><q>Na moru, ne\u0161to dole u Dalmaciji pojavilo se, brodovima dovla\u010dili nova dru\u0161tva pse kroz to i bolest pro\u0161irila, kao nozemoza i varola, Varola je krenula iz Indije pa do\u0161la do nas<\/q>, ka\u017ee njegov kolega\u00a0<strong>Milorad Te\u0161i\u0107<\/strong>.<\/p>\n\n\n\n<iframe loading=\"lazy\" title=\"BiH - Stanje u p\u010delarstvu alarmantno\" width=\"640\" height=\"360\" src=\"https:\/\/www.youtube.com\/embed\/C77vbKhb4BY?feature=oembed\" frameborder=\"0\" allow=\"accelerometer; autoplay; clipboard-write; encrypted-media; gyroscope; picture-in-picture; web-share\" referrerpolicy=\"strict-origin-when-cross-origin\" allowfullscreen><\/iframe>\n\n\n\n<p>I dok s jedne strane vlada nesta\u0161ica, s druge strane vlada nikad ve\u0107a potra\u017enja za medom i proizvodima od meda, \u010demu je u velikoj mjeri doprinijela pandemija.<br><q>Sad najvi\u0161e radi te pandemije i toga u prolje\u0107e se tra\u017eilo puno, prije su bile gripe i za imunitet, tra\u017ee ljudi prave te neke, \u0111umbire i to sve s medom<\/q>, isti\u010de&nbsp;<strong>Ilija Lazi\u0107<\/strong>.<\/p>\n\n\n\n<p>Na manifestaciji \u201cDani meda\u201d koju su organizirali semberski p\u010delari kako bi ukazali na zna\u010daj o\u010duvanja p\u010dela isti\u010du kako je p\u010delarima nu\u017ena potpora jer su p\u010dele najva\u017enija bi\u0107a na planeti.<br><q>Daleko ve\u0107a podr\u0161ka treba da bude, od svih razvijanje svijesti o p\u010delarstvu i zna\u010daju p\u010delarstva i svemu tome. Mnogo \u0161to\u0161ta uti\u010de na p\u010dele i p\u010delarstvo, nije to lako kao \u0161to je nekad bilo da se radi oko p\u010dela, mora se dosta raditi i ulagati<\/q>, ka\u017ee&nbsp;<strong>Milan Simeunovi\u0107<\/strong>, predsjednik Udruge p\u010delara Semberije.<\/p>\n\n\n\n<p>International Earthwatch Institut proglasio je p\u010dele 2019. godine najva\u017enijim stvorenjima na planeti Zemlji! Kako su rekli, 70 % svjetske poljoprivrede ovisi isklju\u010divo o p\u010delama, jer opra\u0161ivanje omogu\u0107ava razmno\u017eavanje biljkama. Bez p\u010dela fauna na planeti bi polako po\u010dela nestajati.<\/p>\n\n\n\n<p>\/HMS\/<\/p>\n","protected":false},"excerpt":{"rendered":"<p>Na manifestaciji \u201cDani meda\u201d u Bijeljini p\u010delari su upozorili kako je stanje u p\u010delarstvu alarmantno. Meda u ko\u0161nicama je sve manje, a potra\u017enja nikad ve\u0107a. To je dovelo i do skoka cijena pa za kilogram meda sada treba izdvojiti i do 20 KM. \u010ceste padavine, a potom visoke temperature dovele su do toga da je [&hellip;]<\/p>\n","protected":false},"author":2,"featured_media":51333,"comment_status":"closed","ping_status":"closed","sticky":false,"template":"","format":"standard","meta":{"h5ap_radio_sources":[],"footnotes":""},"categories":[1],"tags":[],"class_list":["post-51332","post","type-post","status-publish","format-standard","has-post-thumbnail","hentry","category-bihiregija"],"yoast_head":"<!-- This site is optimized with the Yoast SEO plugin v27.5 - https:\/\/yoast.com\/product\/yoast-seo-wordpress\/ -->\n<title>Nesta\u0161ica meda u BiH - video - RADIO LJUBU\u0160KI<\/title>\n<meta name=\"robots\" content=\"index, follow, max-snippet:-1, max-image-preview:large, max-video-preview:-1\" \/>\n<link rel=\"canonical\" href=\"https:\/\/radioljubuski.ba\/index.php\/2021\/08\/07\/nestasica-meda-u-bih-video\/\" \/>\n<meta property=\"og:locale\" content=\"hr_HR\" \/>\n<meta property=\"og:type\" content=\"article\" \/>\n<meta property=\"og:title\" content=\"Nesta\u0161ica meda u BiH - video - RADIO LJUBU\u0160KI\" \/>\n<meta property=\"og:description\" content=\"Na manifestaciji \u201cDani meda\u201d u Bijeljini p\u010delari su upozorili kako je stanje u p\u010delarstvu alarmantno. Meda u ko\u0161nicama je sve manje, a potra\u017enja nikad ve\u0107a. To je dovelo i do skoka cijena pa za kilogram meda sada treba izdvojiti i do 20 KM. \u010ceste padavine, a potom visoke temperature dovele su do toga da je [&hellip;]\" \/>\n<meta property=\"og:url\" content=\"https:\/\/radioljubuski.ba\/index.php\/2021\/08\/07\/nestasica-meda-u-bih-video\/\" \/>\n<meta property=\"og:site_name\" content=\"RADIO LJUBU\u0160KI\" \/>\n<meta property=\"article:publisher\" content=\"https:\/\/www.facebook.com\/Radiio-Ljubuski-1490835324566332\" \/>\n<meta property=\"article:published_time\" content=\"2021-08-07T20:38:28+00:00\" \/>\n<meta property=\"article:modified_time\" content=\"2021-08-07T20:38:30+00:00\" \/>\n<meta property=\"og:image\" content=\"https:\/\/radioljubuski.ba\/wp-content\/uploads\/2021\/08\/pcele_pexels.jpg\" \/>\n\t<meta property=\"og:image:width\" content=\"1180\" \/>\n\t<meta property=\"og:image:height\" content=\"787\" \/>\n\t<meta property=\"og:image:type\" content=\"image\/jpeg\" \/>\n<meta name=\"author\" content=\"Radio Ljubu\u0161ki\" \/>\n<meta name=\"twitter:card\" content=\"summary_large_image\" \/>\n<meta name=\"twitter:creator\" content=\"@radioljubuski\" \/>\n<meta name=\"twitter:site\" content=\"@radioljubuski\" \/>\n<meta name=\"twitter:label1\" content=\"Napisao\/la\" \/>\n\t<meta name=\"twitter:data1\" content=\"Radio Ljubu\u0161ki\" \/>\n\t<meta name=\"twitter:label2\" content=\"Procijenjeno vrijeme \u010ditanja\" \/>\n\t<meta name=\"twitter:data2\" content=\"2 minute\" \/>\n<script type=\"application\/ld+json\" class=\"yoast-schema-graph\">{\"@context\":\"https:\\\/\\\/schema.org\",\"@graph\":[{\"@type\":\"Article\",\"@id\":\"https:\\\/\\\/radioljubuski.ba\\\/index.php\\\/2021\\\/08\\\/07\\\/nestasica-meda-u-bih-video\\\/#article\",\"isPartOf\":{\"@id\":\"https:\\\/\\\/radioljubuski.ba\\\/index.php\\\/2021\\\/08\\\/07\\\/nestasica-meda-u-bih-video\\\/\"},\"author\":{\"name\":\"Radio Ljubu\u0161ki\",\"@id\":\"https:\\\/\\\/radioljubuski.ba\\\/#\\\/schema\\\/person\\\/19fc700381a780f69665d7956c469e3b\"},\"headline\":\"Nesta\u0161ica meda u BiH &#8211; video\",\"datePublished\":\"2021-08-07T20:38:28+00:00\",\"dateModified\":\"2021-08-07T20:38:30+00:00\",\"mainEntityOfPage\":{\"@id\":\"https:\\\/\\\/radioljubuski.ba\\\/index.php\\\/2021\\\/08\\\/07\\\/nestasica-meda-u-bih-video\\\/\"},\"wordCount\":484,\"publisher\":{\"@id\":\"https:\\\/\\\/radioljubuski.ba\\\/#organization\"},\"image\":{\"@id\":\"https:\\\/\\\/radioljubuski.ba\\\/index.php\\\/2021\\\/08\\\/07\\\/nestasica-meda-u-bih-video\\\/#primaryimage\"},\"thumbnailUrl\":\"https:\\\/\\\/radioljubuski.ba\\\/wp-content\\\/uploads\\\/2021\\\/08\\\/pcele_pexels.jpg\",\"articleSection\":[\"BIH i regija\"],\"inLanguage\":\"hr\"},{\"@type\":\"WebPage\",\"@id\":\"https:\\\/\\\/radioljubuski.ba\\\/index.php\\\/2021\\\/08\\\/07\\\/nestasica-meda-u-bih-video\\\/\",\"url\":\"https:\\\/\\\/radioljubuski.ba\\\/index.php\\\/2021\\\/08\\\/07\\\/nestasica-meda-u-bih-video\\\/\",\"name\":\"Nesta\u0161ica meda u BiH - video - RADIO LJUBU\u0160KI\",\"isPartOf\":{\"@id\":\"https:\\\/\\\/radioljubuski.ba\\\/#website\"},\"primaryImageOfPage\":{\"@id\":\"https:\\\/\\\/radioljubuski.ba\\\/index.php\\\/2021\\\/08\\\/07\\\/nestasica-meda-u-bih-video\\\/#primaryimage\"},\"image\":{\"@id\":\"https:\\\/\\\/radioljubuski.ba\\\/index.php\\\/2021\\\/08\\\/07\\\/nestasica-meda-u-bih-video\\\/#primaryimage\"},\"thumbnailUrl\":\"https:\\\/\\\/radioljubuski.ba\\\/wp-content\\\/uploads\\\/2021\\\/08\\\/pcele_pexels.jpg\",\"datePublished\":\"2021-08-07T20:38:28+00:00\",\"dateModified\":\"2021-08-07T20:38:30+00:00\",\"breadcrumb\":{\"@id\":\"https:\\\/\\\/radioljubuski.ba\\\/index.php\\\/2021\\\/08\\\/07\\\/nestasica-meda-u-bih-video\\\/#breadcrumb\"},\"inLanguage\":\"hr\",\"potentialAction\":[{\"@type\":\"ReadAction\",\"target\":[\"https:\\\/\\\/radioljubuski.ba\\\/index.php\\\/2021\\\/08\\\/07\\\/nestasica-meda-u-bih-video\\\/\"]}]},{\"@type\":\"ImageObject\",\"inLanguage\":\"hr\",\"@id\":\"https:\\\/\\\/radioljubuski.ba\\\/index.php\\\/2021\\\/08\\\/07\\\/nestasica-meda-u-bih-video\\\/#primaryimage\",\"url\":\"https:\\\/\\\/radioljubuski.ba\\\/wp-content\\\/uploads\\\/2021\\\/08\\\/pcele_pexels.jpg\",\"contentUrl\":\"https:\\\/\\\/radioljubuski.ba\\\/wp-content\\\/uploads\\\/2021\\\/08\\\/pcele_pexels.jpg\",\"width\":1180,\"height\":787},{\"@type\":\"BreadcrumbList\",\"@id\":\"https:\\\/\\\/radioljubuski.ba\\\/index.php\\\/2021\\\/08\\\/07\\\/nestasica-meda-u-bih-video\\\/#breadcrumb\",\"itemListElement\":[{\"@type\":\"ListItem\",\"position\":1,\"name\":\"Po\u010detna stranica\",\"item\":\"https:\\\/\\\/radioljubuski.ba\\\/\"},{\"@type\":\"ListItem\",\"position\":2,\"name\":\"Nesta\u0161ica meda u BiH &#8211; video\"}]},{\"@type\":\"WebSite\",\"@id\":\"https:\\\/\\\/radioljubuski.ba\\\/#website\",\"url\":\"https:\\\/\\\/radioljubuski.ba\\\/\",\"name\":\"Radio Ljubu\u0161ki\",\"description\":\"Sun\u010dana frekvencija Hercegovine\",\"publisher\":{\"@id\":\"https:\\\/\\\/radioljubuski.ba\\\/#organization\"},\"potentialAction\":[{\"@type\":\"SearchAction\",\"target\":{\"@type\":\"EntryPoint\",\"urlTemplate\":\"https:\\\/\\\/radioljubuski.ba\\\/?s={search_term_string}\"},\"query-input\":{\"@type\":\"PropertyValueSpecification\",\"valueRequired\":true,\"valueName\":\"search_term_string\"}}],\"inLanguage\":\"hr\"},{\"@type\":\"Organization\",\"@id\":\"https:\\\/\\\/radioljubuski.ba\\\/#organization\",\"name\":\"Radio Ljubu\u0161ki\",\"url\":\"https:\\\/\\\/radioljubuski.ba\\\/\",\"logo\":{\"@type\":\"ImageObject\",\"inLanguage\":\"hr\",\"@id\":\"https:\\\/\\\/radioljubuski.ba\\\/#\\\/schema\\\/logo\\\/image\\\/\",\"url\":\"https:\\\/\\\/radioljubuski.ba\\\/wp-content\\\/uploads\\\/2021\\\/02\\\/cropped-Radio_Ljubuski_logo1.jpg\",\"contentUrl\":\"https:\\\/\\\/radioljubuski.ba\\\/wp-content\\\/uploads\\\/2021\\\/02\\\/cropped-Radio_Ljubuski_logo1.jpg\",\"width\":512,\"height\":512,\"caption\":\"Radio Ljubu\u0161ki\"},\"image\":{\"@id\":\"https:\\\/\\\/radioljubuski.ba\\\/#\\\/schema\\\/logo\\\/image\\\/\"},\"sameAs\":[\"https:\\\/\\\/www.facebook.com\\\/Radiio-Ljubuski-1490835324566332\",\"https:\\\/\\\/x.com\\\/radioljubuski\",\"https:\\\/\\\/hr.linkedin.com\\\/company\\\/radio-ljubuski\",\"https:\\\/\\\/www.youtube.com\\\/channel\\\/UCHYaeO_n0Db3tjNGudGpXyw\"]},{\"@type\":\"Person\",\"@id\":\"https:\\\/\\\/radioljubuski.ba\\\/#\\\/schema\\\/person\\\/19fc700381a780f69665d7956c469e3b\",\"name\":\"Radio Ljubu\u0161ki\"}]}<\/script>\n<!-- \/ Yoast SEO plugin. -->","yoast_head_json":{"title":"Nesta\u0161ica meda u BiH - video - RADIO LJUBU\u0160KI","robots":{"index":"index","follow":"follow","max-snippet":"max-snippet:-1","max-image-preview":"max-image-preview:large","max-video-preview":"max-video-preview:-1"},"canonical":"https:\/\/radioljubuski.ba\/index.php\/2021\/08\/07\/nestasica-meda-u-bih-video\/","og_locale":"hr_HR","og_type":"article","og_title":"Nesta\u0161ica meda u BiH - video - RADIO LJUBU\u0160KI","og_description":"Na manifestaciji \u201cDani meda\u201d u Bijeljini p\u010delari su upozorili kako je stanje u p\u010delarstvu alarmantno. Meda u ko\u0161nicama je sve manje, a potra\u017enja nikad ve\u0107a. To je dovelo i do skoka cijena pa za kilogram meda sada treba izdvojiti i do 20 KM. \u010ceste padavine, a potom visoke temperature dovele su do toga da je [&hellip;]","og_url":"https:\/\/radioljubuski.ba\/index.php\/2021\/08\/07\/nestasica-meda-u-bih-video\/","og_site_name":"RADIO LJUBU\u0160KI","article_publisher":"https:\/\/www.facebook.com\/Radiio-Ljubuski-1490835324566332","article_published_time":"2021-08-07T20:38:28+00:00","article_modified_time":"2021-08-07T20:38:30+00:00","og_image":[{"width":1180,"height":787,"url":"https:\/\/radioljubuski.ba\/wp-content\/uploads\/2021\/08\/pcele_pexels.jpg","type":"image\/jpeg"}],"author":"Radio Ljubu\u0161ki","twitter_card":"summary_large_image","twitter_creator":"@radioljubuski","twitter_site":"@radioljubuski","twitter_misc":{"Napisao\/la":"Radio Ljubu\u0161ki","Procijenjeno vrijeme \u010ditanja":"2 minute"},"schema":{"@context":"https:\/\/schema.org","@graph":[{"@type":"Article","@id":"https:\/\/radioljubuski.ba\/index.php\/2021\/08\/07\/nestasica-meda-u-bih-video\/#article","isPartOf":{"@id":"https:\/\/radioljubuski.ba\/index.php\/2021\/08\/07\/nestasica-meda-u-bih-video\/"},"author":{"name":"Radio Ljubu\u0161ki","@id":"https:\/\/radioljubuski.ba\/#\/schema\/person\/19fc700381a780f69665d7956c469e3b"},"headline":"Nesta\u0161ica meda u BiH &#8211; video","datePublished":"2021-08-07T20:38:28+00:00","dateModified":"2021-08-07T20:38:30+00:00","mainEntityOfPage":{"@id":"https:\/\/radioljubuski.ba\/index.php\/2021\/08\/07\/nestasica-meda-u-bih-video\/"},"wordCount":484,"publisher":{"@id":"https:\/\/radioljubuski.ba\/#organization"},"image":{"@id":"https:\/\/radioljubuski.ba\/index.php\/2021\/08\/07\/nestasica-meda-u-bih-video\/#primaryimage"},"thumbnailUrl":"https:\/\/radioljubuski.ba\/wp-content\/uploads\/2021\/08\/pcele_pexels.jpg","articleSection":["BIH i regija"],"inLanguage":"hr"},{"@type":"WebPage","@id":"https:\/\/radioljubuski.ba\/index.php\/2021\/08\/07\/nestasica-meda-u-bih-video\/","url":"https:\/\/radioljubuski.ba\/index.php\/2021\/08\/07\/nestasica-meda-u-bih-video\/","name":"Nesta\u0161ica meda u BiH - video - RADIO LJUBU\u0160KI","isPartOf":{"@id":"https:\/\/radioljubuski.ba\/#website"},"primaryImageOfPage":{"@id":"https:\/\/radioljubuski.ba\/index.php\/2021\/08\/07\/nestasica-meda-u-bih-video\/#primaryimage"},"image":{"@id":"https:\/\/radioljubuski.ba\/index.php\/2021\/08\/07\/nestasica-meda-u-bih-video\/#primaryimage"},"thumbnailUrl":"https:\/\/radioljubuski.ba\/wp-content\/uploads\/2021\/08\/pcele_pexels.jpg","datePublished":"2021-08-07T20:38:28+00:00","dateModified":"2021-08-07T20:38:30+00:00","breadcrumb":{"@id":"https:\/\/radioljubuski.ba\/index.php\/2021\/08\/07\/nestasica-meda-u-bih-video\/#breadcrumb"},"inLanguage":"hr","potentialAction":[{"@type":"ReadAction","target":["https:\/\/radioljubuski.ba\/index.php\/2021\/08\/07\/nestasica-meda-u-bih-video\/"]}]},{"@type":"ImageObject","inLanguage":"hr","@id":"https:\/\/radioljubuski.ba\/index.php\/2021\/08\/07\/nestasica-meda-u-bih-video\/#primaryimage","url":"https:\/\/radioljubuski.ba\/wp-content\/uploads\/2021\/08\/pcele_pexels.jpg","contentUrl":"https:\/\/radioljubuski.ba\/wp-content\/uploads\/2021\/08\/pcele_pexels.jpg","width":1180,"height":787},{"@type":"BreadcrumbList","@id":"https:\/\/radioljubuski.ba\/index.php\/2021\/08\/07\/nestasica-meda-u-bih-video\/#breadcrumb","itemListElement":[{"@type":"ListItem","position":1,"name":"Po\u010detna stranica","item":"https:\/\/radioljubuski.ba\/"},{"@type":"ListItem","position":2,"name":"Nesta\u0161ica meda u BiH &#8211; video"}]},{"@type":"WebSite","@id":"https:\/\/radioljubuski.ba\/#website","url":"https:\/\/radioljubuski.ba\/","name":"Radio Ljubu\u0161ki","description":"Sun\u010dana frekvencija Hercegovine","publisher":{"@id":"https:\/\/radioljubuski.ba\/#organization"},"potentialAction":[{"@type":"SearchAction","target":{"@type":"EntryPoint","urlTemplate":"https:\/\/radioljubuski.ba\/?s={search_term_string}"},"query-input":{"@type":"PropertyValueSpecification","valueRequired":true,"valueName":"search_term_string"}}],"inLanguage":"hr"},{"@type":"Organization","@id":"https:\/\/radioljubuski.ba\/#organization","name":"Radio Ljubu\u0161ki","url":"https:\/\/radioljubuski.ba\/","logo":{"@type":"ImageObject","inLanguage":"hr","@id":"https:\/\/radioljubuski.ba\/#\/schema\/logo\/image\/","url":"https:\/\/radioljubuski.ba\/wp-content\/uploads\/2021\/02\/cropped-Radio_Ljubuski_logo1.jpg","contentUrl":"https:\/\/radioljubuski.ba\/wp-content\/uploads\/2021\/02\/cropped-Radio_Ljubuski_logo1.jpg","width":512,"height":512,"caption":"Radio Ljubu\u0161ki"},"image":{"@id":"https:\/\/radioljubuski.ba\/#\/schema\/logo\/image\/"},"sameAs":["https:\/\/www.facebook.com\/Radiio-Ljubuski-1490835324566332","https:\/\/x.com\/radioljubuski","https:\/\/hr.linkedin.com\/company\/radio-ljubuski","https:\/\/www.youtube.com\/channel\/UCHYaeO_n0Db3tjNGudGpXyw"]},{"@type":"Person","@id":"https:\/\/radioljubuski.ba\/#\/schema\/person\/19fc700381a780f69665d7956c469e3b","name":"Radio Ljubu\u0161ki"}]}},"_links":{"self":[{"href":"https:\/\/radioljubuski.ba\/index.php\/wp-json\/wp\/v2\/posts\/51332","targetHints":{"allow":["GET"]}}],"collection":[{"href":"https:\/\/radioljubuski.ba\/index.php\/wp-json\/wp\/v2\/posts"}],"about":[{"href":"https:\/\/radioljubuski.ba\/index.php\/wp-json\/wp\/v2\/types\/post"}],"author":[{"embeddable":true,"href":"https:\/\/radioljubuski.ba\/index.php\/wp-json\/wp\/v2\/users\/2"}],"replies":[{"embeddable":true,"href":"https:\/\/radioljubuski.ba\/index.php\/wp-json\/wp\/v2\/comments?post=51332"}],"version-history":[{"count":1,"href":"https:\/\/radioljubuski.ba\/index.php\/wp-json\/wp\/v2\/posts\/51332\/revisions"}],"predecessor-version":[{"id":51334,"href":"https:\/\/radioljubuski.ba\/index.php\/wp-json\/wp\/v2\/posts\/51332\/revisions\/51334"}],"wp:featuredmedia":[{"embeddable":true,"href":"https:\/\/radioljubuski.ba\/index.php\/wp-json\/wp\/v2\/media\/51333"}],"wp:attachment":[{"href":"https:\/\/radioljubuski.ba\/index.php\/wp-json\/wp\/v2\/media?parent=51332"}],"wp:term":[{"taxonomy":"category","embeddable":true,"href":"https:\/\/radioljubuski.ba\/index.php\/wp-json\/wp\/v2\/categories?post=51332"},{"taxonomy":"post_tag","embeddable":true,"href":"https:\/\/radioljubuski.ba\/index.php\/wp-json\/wp\/v2\/tags?post=51332"}],"curies":[{"name":"wp","href":"https:\/\/api.w.org\/{rel}","templated":true}]}}