{"id":51335,"date":"2021-08-07T21:40:31","date_gmt":"2021-08-07T20:40:31","guid":{"rendered":"https:\/\/radioljubuski.ba\/?p=51335"},"modified":"2021-08-07T21:40:32","modified_gmt":"2021-08-07T20:40:32","slug":"knjizevnom-veceri-otvoreno-trebizatsko-kulturno-ljeto","status":"publish","type":"post","link":"https:\/\/radioljubuski.ba\/index.php\/2021\/08\/07\/knjizevnom-veceri-otvoreno-trebizatsko-kulturno-ljeto\/","title":{"rendered":"Knji\u017eevnom ve\u010deri otvoreno \u201cTrebi\u017eatsko kulturno ljeto\u201d"},"content":{"rendered":"\n<p><strong>\u201cTe\u0161ko je kod Vladimira Pavlovi\u0107a napraviti jasnu crtu u njegovom stvarala\u0161tvu, mo\u017eda samo mala crta postoji u odnosu poezija-proza. Kada je rije\u010d o poeziji kod njega se isprepli\u0107e duhovno, domoljubno i ono svakodnevno.<\/strong><\/p>\n\n\n\n<p>Ve\u010deras smo poku\u0161ali smo prenijeti emociju duhovnog i domoljubnog, ali onako kako je to Vladimir do\u017eivio\u201d, kazala je \u010dlanica Upravnog odbora Hrvatskog kulturnog dru\u0161tva \u201cSelja\u010dka sloga\u201d Trebi\u017eat Milica Pehar. Naime, knji\u017eevnom ve\u010deri posve\u0107enoj Vladimiru Pavlovi\u0107u otvorena je ovogodi\u0161nje \u201cTrebi\u017eatsko kulturno ljeto \u2013 2021\u201d, pi\u0161e Bljesak.info.<\/p>\n\n\n\n<p>Manifestacija je to koja ve\u0107 17 godina okuplja \u0161tovateljelje Bla\u017eene Djevice Marije. Ovogodi\u0161nje \u201cTrebi\u017eatsko kulturno ljeto\u201d obilje\u017eit \u0107e raznovrstan program pa \u0107e uz duhovno stanovnici mo\u0107i u\u017eivati i u brojnim kulturnim te sportskim aktivnostima.<\/p>\n\n\n\n<p>\u201cStanovnike o\u010dekuje bogat i raznovrstan program, a sve u \u010dast za\u0161titnice na\u0161ega mjesta blagdana Velike Gospe\u201d, istaknuo je predstavnik HKD \u201cSelja\u010dka sloga\u201d Trebi\u017eat Miro Brajkovi\u0107.<\/p>\n\n\n\n<p>Trebi\u017eat ove godine sve\u010dano obilje\u017eava 177 godina od kako se proslavlja blagdan Velike Gospe. Raznoliki program koji nudi manifestacija \u201dTrebi\u017eatsko kulturno ljeto \u2013 2021\u201d mo\u017eete pogledati&nbsp;<a href=\"http:\/\/trebizat.com\/2021\/08\/06\/program-obiljezavanja-kulturnog-ljeta-u-trebizatu-2021\/?fbclid=IwAR2JUTTrV5GYlBHbRniX_IP17TgV0w7_j9PhwBFjOaWbHoMI9T0TcyEHq4A\">OVDJE<\/a>.<\/p>\n\n\n\n<p>\/HMS\/<\/p>\n","protected":false},"excerpt":{"rendered":"<p>\u201cTe\u0161ko je kod Vladimira Pavlovi\u0107a napraviti jasnu crtu u njegovom stvarala\u0161tvu, mo\u017eda samo mala crta postoji u odnosu poezija-proza. Kada je rije\u010d o poeziji kod njega se isprepli\u0107e duhovno, domoljubno i ono svakodnevno. Ve\u010deras smo poku\u0161ali smo prenijeti emociju duhovnog i domoljubnog, ali onako kako je to Vladimir do\u017eivio\u201d, kazala je \u010dlanica Upravnog odbora Hrvatskog [&hellip;]<\/p>\n","protected":false},"author":2,"featured_media":51336,"comment_status":"closed","ping_status":"closed","sticky":false,"template":"","format":"standard","meta":{"h5ap_radio_sources":[],"footnotes":""},"categories":[1],"tags":[],"class_list":["post-51335","post","type-post","status-publish","format-standard","has-post-thumbnail","hentry","category-bihiregija"],"yoast_head":"<!-- This site is optimized with the Yoast SEO plugin v27.5 - https:\/\/yoast.com\/product\/yoast-seo-wordpress\/ -->\n<title>Knji\u017eevnom ve\u010deri otvoreno \u201cTrebi\u017eatsko kulturno ljeto\u201d - RADIO LJUBU\u0160KI<\/title>\n<meta name=\"robots\" content=\"index, follow, max-snippet:-1, max-image-preview:large, max-video-preview:-1\" \/>\n<link rel=\"canonical\" href=\"https:\/\/radioljubuski.ba\/index.php\/2021\/08\/07\/knjizevnom-veceri-otvoreno-trebizatsko-kulturno-ljeto\/\" \/>\n<meta property=\"og:locale\" content=\"hr_HR\" \/>\n<meta property=\"og:type\" content=\"article\" \/>\n<meta property=\"og:title\" content=\"Knji\u017eevnom ve\u010deri otvoreno \u201cTrebi\u017eatsko kulturno ljeto\u201d - RADIO LJUBU\u0160KI\" \/>\n<meta property=\"og:description\" content=\"\u201cTe\u0161ko je kod Vladimira Pavlovi\u0107a napraviti jasnu crtu u njegovom stvarala\u0161tvu, mo\u017eda samo mala crta postoji u odnosu poezija-proza. Kada je rije\u010d o poeziji kod njega se isprepli\u0107e duhovno, domoljubno i ono svakodnevno. Ve\u010deras smo poku\u0161ali smo prenijeti emociju duhovnog i domoljubnog, ali onako kako je to Vladimir do\u017eivio\u201d, kazala je \u010dlanica Upravnog odbora Hrvatskog [&hellip;]\" \/>\n<meta property=\"og:url\" content=\"https:\/\/radioljubuski.ba\/index.php\/2021\/08\/07\/knjizevnom-veceri-otvoreno-trebizatsko-kulturno-ljeto\/\" \/>\n<meta property=\"og:site_name\" content=\"RADIO LJUBU\u0160KI\" \/>\n<meta property=\"article:publisher\" content=\"https:\/\/www.facebook.com\/Radiio-Ljubuski-1490835324566332\" \/>\n<meta property=\"article:published_time\" content=\"2021-08-07T20:40:31+00:00\" \/>\n<meta property=\"article:modified_time\" content=\"2021-08-07T20:40:32+00:00\" \/>\n<meta property=\"og:image\" content=\"https:\/\/radioljubuski.ba\/wp-content\/uploads\/2021\/08\/kulturno-ljeto-trebizat1.jpg\" \/>\n\t<meta property=\"og:image:width\" content=\"800\" \/>\n\t<meta property=\"og:image:height\" content=\"550\" \/>\n\t<meta property=\"og:image:type\" content=\"image\/jpeg\" \/>\n<meta name=\"author\" content=\"Radio Ljubu\u0161ki\" \/>\n<meta name=\"twitter:card\" content=\"summary_large_image\" \/>\n<meta name=\"twitter:creator\" content=\"@radioljubuski\" \/>\n<meta name=\"twitter:site\" content=\"@radioljubuski\" \/>\n<meta name=\"twitter:label1\" content=\"Napisao\/la\" \/>\n\t<meta name=\"twitter:data1\" content=\"Radio Ljubu\u0161ki\" \/>\n\t<meta name=\"twitter:label2\" content=\"Procijenjeno vrijeme \u010ditanja\" \/>\n\t<meta name=\"twitter:data2\" content=\"1 minuta\" \/>\n<script type=\"application\/ld+json\" class=\"yoast-schema-graph\">{\"@context\":\"https:\\\/\\\/schema.org\",\"@graph\":[{\"@type\":\"Article\",\"@id\":\"https:\\\/\\\/radioljubuski.ba\\\/index.php\\\/2021\\\/08\\\/07\\\/knjizevnom-veceri-otvoreno-trebizatsko-kulturno-ljeto\\\/#article\",\"isPartOf\":{\"@id\":\"https:\\\/\\\/radioljubuski.ba\\\/index.php\\\/2021\\\/08\\\/07\\\/knjizevnom-veceri-otvoreno-trebizatsko-kulturno-ljeto\\\/\"},\"author\":{\"name\":\"Radio Ljubu\u0161ki\",\"@id\":\"https:\\\/\\\/radioljubuski.ba\\\/#\\\/schema\\\/person\\\/19fc700381a780f69665d7956c469e3b\"},\"headline\":\"Knji\u017eevnom ve\u010deri otvoreno \u201cTrebi\u017eatsko kulturno ljeto\u201d\",\"datePublished\":\"2021-08-07T20:40:31+00:00\",\"dateModified\":\"2021-08-07T20:40:32+00:00\",\"mainEntityOfPage\":{\"@id\":\"https:\\\/\\\/radioljubuski.ba\\\/index.php\\\/2021\\\/08\\\/07\\\/knjizevnom-veceri-otvoreno-trebizatsko-kulturno-ljeto\\\/\"},\"wordCount\":204,\"publisher\":{\"@id\":\"https:\\\/\\\/radioljubuski.ba\\\/#organization\"},\"image\":{\"@id\":\"https:\\\/\\\/radioljubuski.ba\\\/index.php\\\/2021\\\/08\\\/07\\\/knjizevnom-veceri-otvoreno-trebizatsko-kulturno-ljeto\\\/#primaryimage\"},\"thumbnailUrl\":\"https:\\\/\\\/radioljubuski.ba\\\/wp-content\\\/uploads\\\/2021\\\/08\\\/kulturno-ljeto-trebizat1.jpg\",\"articleSection\":[\"BIH i regija\"],\"inLanguage\":\"hr\"},{\"@type\":\"WebPage\",\"@id\":\"https:\\\/\\\/radioljubuski.ba\\\/index.php\\\/2021\\\/08\\\/07\\\/knjizevnom-veceri-otvoreno-trebizatsko-kulturno-ljeto\\\/\",\"url\":\"https:\\\/\\\/radioljubuski.ba\\\/index.php\\\/2021\\\/08\\\/07\\\/knjizevnom-veceri-otvoreno-trebizatsko-kulturno-ljeto\\\/\",\"name\":\"Knji\u017eevnom ve\u010deri otvoreno \u201cTrebi\u017eatsko kulturno ljeto\u201d - RADIO LJUBU\u0160KI\",\"isPartOf\":{\"@id\":\"https:\\\/\\\/radioljubuski.ba\\\/#website\"},\"primaryImageOfPage\":{\"@id\":\"https:\\\/\\\/radioljubuski.ba\\\/index.php\\\/2021\\\/08\\\/07\\\/knjizevnom-veceri-otvoreno-trebizatsko-kulturno-ljeto\\\/#primaryimage\"},\"image\":{\"@id\":\"https:\\\/\\\/radioljubuski.ba\\\/index.php\\\/2021\\\/08\\\/07\\\/knjizevnom-veceri-otvoreno-trebizatsko-kulturno-ljeto\\\/#primaryimage\"},\"thumbnailUrl\":\"https:\\\/\\\/radioljubuski.ba\\\/wp-content\\\/uploads\\\/2021\\\/08\\\/kulturno-ljeto-trebizat1.jpg\",\"datePublished\":\"2021-08-07T20:40:31+00:00\",\"dateModified\":\"2021-08-07T20:40:32+00:00\",\"breadcrumb\":{\"@id\":\"https:\\\/\\\/radioljubuski.ba\\\/index.php\\\/2021\\\/08\\\/07\\\/knjizevnom-veceri-otvoreno-trebizatsko-kulturno-ljeto\\\/#breadcrumb\"},\"inLanguage\":\"hr\",\"potentialAction\":[{\"@type\":\"ReadAction\",\"target\":[\"https:\\\/\\\/radioljubuski.ba\\\/index.php\\\/2021\\\/08\\\/07\\\/knjizevnom-veceri-otvoreno-trebizatsko-kulturno-ljeto\\\/\"]}]},{\"@type\":\"ImageObject\",\"inLanguage\":\"hr\",\"@id\":\"https:\\\/\\\/radioljubuski.ba\\\/index.php\\\/2021\\\/08\\\/07\\\/knjizevnom-veceri-otvoreno-trebizatsko-kulturno-ljeto\\\/#primaryimage\",\"url\":\"https:\\\/\\\/radioljubuski.ba\\\/wp-content\\\/uploads\\\/2021\\\/08\\\/kulturno-ljeto-trebizat1.jpg\",\"contentUrl\":\"https:\\\/\\\/radioljubuski.ba\\\/wp-content\\\/uploads\\\/2021\\\/08\\\/kulturno-ljeto-trebizat1.jpg\",\"width\":800,\"height\":550},{\"@type\":\"BreadcrumbList\",\"@id\":\"https:\\\/\\\/radioljubuski.ba\\\/index.php\\\/2021\\\/08\\\/07\\\/knjizevnom-veceri-otvoreno-trebizatsko-kulturno-ljeto\\\/#breadcrumb\",\"itemListElement\":[{\"@type\":\"ListItem\",\"position\":1,\"name\":\"Po\u010detna stranica\",\"item\":\"https:\\\/\\\/radioljubuski.ba\\\/\"},{\"@type\":\"ListItem\",\"position\":2,\"name\":\"Knji\u017eevnom ve\u010deri otvoreno \u201cTrebi\u017eatsko kulturno ljeto\u201d\"}]},{\"@type\":\"WebSite\",\"@id\":\"https:\\\/\\\/radioljubuski.ba\\\/#website\",\"url\":\"https:\\\/\\\/radioljubuski.ba\\\/\",\"name\":\"Radio Ljubu\u0161ki\",\"description\":\"Sun\u010dana frekvencija Hercegovine\",\"publisher\":{\"@id\":\"https:\\\/\\\/radioljubuski.ba\\\/#organization\"},\"potentialAction\":[{\"@type\":\"SearchAction\",\"target\":{\"@type\":\"EntryPoint\",\"urlTemplate\":\"https:\\\/\\\/radioljubuski.ba\\\/?s={search_term_string}\"},\"query-input\":{\"@type\":\"PropertyValueSpecification\",\"valueRequired\":true,\"valueName\":\"search_term_string\"}}],\"inLanguage\":\"hr\"},{\"@type\":\"Organization\",\"@id\":\"https:\\\/\\\/radioljubuski.ba\\\/#organization\",\"name\":\"Radio Ljubu\u0161ki\",\"url\":\"https:\\\/\\\/radioljubuski.ba\\\/\",\"logo\":{\"@type\":\"ImageObject\",\"inLanguage\":\"hr\",\"@id\":\"https:\\\/\\\/radioljubuski.ba\\\/#\\\/schema\\\/logo\\\/image\\\/\",\"url\":\"https:\\\/\\\/radioljubuski.ba\\\/wp-content\\\/uploads\\\/2021\\\/02\\\/cropped-Radio_Ljubuski_logo1.jpg\",\"contentUrl\":\"https:\\\/\\\/radioljubuski.ba\\\/wp-content\\\/uploads\\\/2021\\\/02\\\/cropped-Radio_Ljubuski_logo1.jpg\",\"width\":512,\"height\":512,\"caption\":\"Radio Ljubu\u0161ki\"},\"image\":{\"@id\":\"https:\\\/\\\/radioljubuski.ba\\\/#\\\/schema\\\/logo\\\/image\\\/\"},\"sameAs\":[\"https:\\\/\\\/www.facebook.com\\\/Radiio-Ljubuski-1490835324566332\",\"https:\\\/\\\/x.com\\\/radioljubuski\",\"https:\\\/\\\/hr.linkedin.com\\\/company\\\/radio-ljubuski\",\"https:\\\/\\\/www.youtube.com\\\/channel\\\/UCHYaeO_n0Db3tjNGudGpXyw\"]},{\"@type\":\"Person\",\"@id\":\"https:\\\/\\\/radioljubuski.ba\\\/#\\\/schema\\\/person\\\/19fc700381a780f69665d7956c469e3b\",\"name\":\"Radio Ljubu\u0161ki\"}]}<\/script>\n<!-- \/ Yoast SEO plugin. -->","yoast_head_json":{"title":"Knji\u017eevnom ve\u010deri otvoreno \u201cTrebi\u017eatsko kulturno ljeto\u201d - RADIO LJUBU\u0160KI","robots":{"index":"index","follow":"follow","max-snippet":"max-snippet:-1","max-image-preview":"max-image-preview:large","max-video-preview":"max-video-preview:-1"},"canonical":"https:\/\/radioljubuski.ba\/index.php\/2021\/08\/07\/knjizevnom-veceri-otvoreno-trebizatsko-kulturno-ljeto\/","og_locale":"hr_HR","og_type":"article","og_title":"Knji\u017eevnom ve\u010deri otvoreno \u201cTrebi\u017eatsko kulturno ljeto\u201d - RADIO LJUBU\u0160KI","og_description":"\u201cTe\u0161ko je kod Vladimira Pavlovi\u0107a napraviti jasnu crtu u njegovom stvarala\u0161tvu, mo\u017eda samo mala crta postoji u odnosu poezija-proza. Kada je rije\u010d o poeziji kod njega se isprepli\u0107e duhovno, domoljubno i ono svakodnevno. Ve\u010deras smo poku\u0161ali smo prenijeti emociju duhovnog i domoljubnog, ali onako kako je to Vladimir do\u017eivio\u201d, kazala je \u010dlanica Upravnog odbora Hrvatskog [&hellip;]","og_url":"https:\/\/radioljubuski.ba\/index.php\/2021\/08\/07\/knjizevnom-veceri-otvoreno-trebizatsko-kulturno-ljeto\/","og_site_name":"RADIO LJUBU\u0160KI","article_publisher":"https:\/\/www.facebook.com\/Radiio-Ljubuski-1490835324566332","article_published_time":"2021-08-07T20:40:31+00:00","article_modified_time":"2021-08-07T20:40:32+00:00","og_image":[{"width":800,"height":550,"url":"https:\/\/radioljubuski.ba\/wp-content\/uploads\/2021\/08\/kulturno-ljeto-trebizat1.jpg","type":"image\/jpeg"}],"author":"Radio Ljubu\u0161ki","twitter_card":"summary_large_image","twitter_creator":"@radioljubuski","twitter_site":"@radioljubuski","twitter_misc":{"Napisao\/la":"Radio Ljubu\u0161ki","Procijenjeno vrijeme \u010ditanja":"1 minuta"},"schema":{"@context":"https:\/\/schema.org","@graph":[{"@type":"Article","@id":"https:\/\/radioljubuski.ba\/index.php\/2021\/08\/07\/knjizevnom-veceri-otvoreno-trebizatsko-kulturno-ljeto\/#article","isPartOf":{"@id":"https:\/\/radioljubuski.ba\/index.php\/2021\/08\/07\/knjizevnom-veceri-otvoreno-trebizatsko-kulturno-ljeto\/"},"author":{"name":"Radio Ljubu\u0161ki","@id":"https:\/\/radioljubuski.ba\/#\/schema\/person\/19fc700381a780f69665d7956c469e3b"},"headline":"Knji\u017eevnom ve\u010deri otvoreno \u201cTrebi\u017eatsko kulturno ljeto\u201d","datePublished":"2021-08-07T20:40:31+00:00","dateModified":"2021-08-07T20:40:32+00:00","mainEntityOfPage":{"@id":"https:\/\/radioljubuski.ba\/index.php\/2021\/08\/07\/knjizevnom-veceri-otvoreno-trebizatsko-kulturno-ljeto\/"},"wordCount":204,"publisher":{"@id":"https:\/\/radioljubuski.ba\/#organization"},"image":{"@id":"https:\/\/radioljubuski.ba\/index.php\/2021\/08\/07\/knjizevnom-veceri-otvoreno-trebizatsko-kulturno-ljeto\/#primaryimage"},"thumbnailUrl":"https:\/\/radioljubuski.ba\/wp-content\/uploads\/2021\/08\/kulturno-ljeto-trebizat1.jpg","articleSection":["BIH i regija"],"inLanguage":"hr"},{"@type":"WebPage","@id":"https:\/\/radioljubuski.ba\/index.php\/2021\/08\/07\/knjizevnom-veceri-otvoreno-trebizatsko-kulturno-ljeto\/","url":"https:\/\/radioljubuski.ba\/index.php\/2021\/08\/07\/knjizevnom-veceri-otvoreno-trebizatsko-kulturno-ljeto\/","name":"Knji\u017eevnom ve\u010deri otvoreno \u201cTrebi\u017eatsko kulturno ljeto\u201d - RADIO LJUBU\u0160KI","isPartOf":{"@id":"https:\/\/radioljubuski.ba\/#website"},"primaryImageOfPage":{"@id":"https:\/\/radioljubuski.ba\/index.php\/2021\/08\/07\/knjizevnom-veceri-otvoreno-trebizatsko-kulturno-ljeto\/#primaryimage"},"image":{"@id":"https:\/\/radioljubuski.ba\/index.php\/2021\/08\/07\/knjizevnom-veceri-otvoreno-trebizatsko-kulturno-ljeto\/#primaryimage"},"thumbnailUrl":"https:\/\/radioljubuski.ba\/wp-content\/uploads\/2021\/08\/kulturno-ljeto-trebizat1.jpg","datePublished":"2021-08-07T20:40:31+00:00","dateModified":"2021-08-07T20:40:32+00:00","breadcrumb":{"@id":"https:\/\/radioljubuski.ba\/index.php\/2021\/08\/07\/knjizevnom-veceri-otvoreno-trebizatsko-kulturno-ljeto\/#breadcrumb"},"inLanguage":"hr","potentialAction":[{"@type":"ReadAction","target":["https:\/\/radioljubuski.ba\/index.php\/2021\/08\/07\/knjizevnom-veceri-otvoreno-trebizatsko-kulturno-ljeto\/"]}]},{"@type":"ImageObject","inLanguage":"hr","@id":"https:\/\/radioljubuski.ba\/index.php\/2021\/08\/07\/knjizevnom-veceri-otvoreno-trebizatsko-kulturno-ljeto\/#primaryimage","url":"https:\/\/radioljubuski.ba\/wp-content\/uploads\/2021\/08\/kulturno-ljeto-trebizat1.jpg","contentUrl":"https:\/\/radioljubuski.ba\/wp-content\/uploads\/2021\/08\/kulturno-ljeto-trebizat1.jpg","width":800,"height":550},{"@type":"BreadcrumbList","@id":"https:\/\/radioljubuski.ba\/index.php\/2021\/08\/07\/knjizevnom-veceri-otvoreno-trebizatsko-kulturno-ljeto\/#breadcrumb","itemListElement":[{"@type":"ListItem","position":1,"name":"Po\u010detna stranica","item":"https:\/\/radioljubuski.ba\/"},{"@type":"ListItem","position":2,"name":"Knji\u017eevnom ve\u010deri otvoreno \u201cTrebi\u017eatsko kulturno ljeto\u201d"}]},{"@type":"WebSite","@id":"https:\/\/radioljubuski.ba\/#website","url":"https:\/\/radioljubuski.ba\/","name":"Radio Ljubu\u0161ki","description":"Sun\u010dana frekvencija Hercegovine","publisher":{"@id":"https:\/\/radioljubuski.ba\/#organization"},"potentialAction":[{"@type":"SearchAction","target":{"@type":"EntryPoint","urlTemplate":"https:\/\/radioljubuski.ba\/?s={search_term_string}"},"query-input":{"@type":"PropertyValueSpecification","valueRequired":true,"valueName":"search_term_string"}}],"inLanguage":"hr"},{"@type":"Organization","@id":"https:\/\/radioljubuski.ba\/#organization","name":"Radio Ljubu\u0161ki","url":"https:\/\/radioljubuski.ba\/","logo":{"@type":"ImageObject","inLanguage":"hr","@id":"https:\/\/radioljubuski.ba\/#\/schema\/logo\/image\/","url":"https:\/\/radioljubuski.ba\/wp-content\/uploads\/2021\/02\/cropped-Radio_Ljubuski_logo1.jpg","contentUrl":"https:\/\/radioljubuski.ba\/wp-content\/uploads\/2021\/02\/cropped-Radio_Ljubuski_logo1.jpg","width":512,"height":512,"caption":"Radio Ljubu\u0161ki"},"image":{"@id":"https:\/\/radioljubuski.ba\/#\/schema\/logo\/image\/"},"sameAs":["https:\/\/www.facebook.com\/Radiio-Ljubuski-1490835324566332","https:\/\/x.com\/radioljubuski","https:\/\/hr.linkedin.com\/company\/radio-ljubuski","https:\/\/www.youtube.com\/channel\/UCHYaeO_n0Db3tjNGudGpXyw"]},{"@type":"Person","@id":"https:\/\/radioljubuski.ba\/#\/schema\/person\/19fc700381a780f69665d7956c469e3b","name":"Radio Ljubu\u0161ki"}]}},"_links":{"self":[{"href":"https:\/\/radioljubuski.ba\/index.php\/wp-json\/wp\/v2\/posts\/51335","targetHints":{"allow":["GET"]}}],"collection":[{"href":"https:\/\/radioljubuski.ba\/index.php\/wp-json\/wp\/v2\/posts"}],"about":[{"href":"https:\/\/radioljubuski.ba\/index.php\/wp-json\/wp\/v2\/types\/post"}],"author":[{"embeddable":true,"href":"https:\/\/radioljubuski.ba\/index.php\/wp-json\/wp\/v2\/users\/2"}],"replies":[{"embeddable":true,"href":"https:\/\/radioljubuski.ba\/index.php\/wp-json\/wp\/v2\/comments?post=51335"}],"version-history":[{"count":1,"href":"https:\/\/radioljubuski.ba\/index.php\/wp-json\/wp\/v2\/posts\/51335\/revisions"}],"predecessor-version":[{"id":51337,"href":"https:\/\/radioljubuski.ba\/index.php\/wp-json\/wp\/v2\/posts\/51335\/revisions\/51337"}],"wp:featuredmedia":[{"embeddable":true,"href":"https:\/\/radioljubuski.ba\/index.php\/wp-json\/wp\/v2\/media\/51336"}],"wp:attachment":[{"href":"https:\/\/radioljubuski.ba\/index.php\/wp-json\/wp\/v2\/media?parent=51335"}],"wp:term":[{"taxonomy":"category","embeddable":true,"href":"https:\/\/radioljubuski.ba\/index.php\/wp-json\/wp\/v2\/categories?post=51335"},{"taxonomy":"post_tag","embeddable":true,"href":"https:\/\/radioljubuski.ba\/index.php\/wp-json\/wp\/v2\/tags?post=51335"}],"curies":[{"name":"wp","href":"https:\/\/api.w.org\/{rel}","templated":true}]}}