{"id":51338,"date":"2021-08-07T21:42:47","date_gmt":"2021-08-07T20:42:47","guid":{"rendered":"https:\/\/radioljubuski.ba\/?p=51338"},"modified":"2021-08-07T21:42:47","modified_gmt":"2021-08-07T20:42:47","slug":"harrison-ford-s-22-godine-mladom-suprugom-i-njihovim-sinom-stigao-u-dubrovnik","status":"publish","type":"post","link":"https:\/\/radioljubuski.ba\/index.php\/2021\/08\/07\/harrison-ford-s-22-godine-mladom-suprugom-i-njihovim-sinom-stigao-u-dubrovnik\/","title":{"rendered":"Harrison Ford s 22 godine mla\u0111om suprugom i njihovim sinom stigao u Dubrovnik"},"content":{"rendered":"\n<p><strong>Harrison Ford i njegova supruga Calista Flockhart stigli su u Dubrovnik.<\/strong><\/p>\n\n\n\n<p>U<a href=\"https:\/\/www.index.hr\/magazin\/clanak\/harrison-ford-ozlijedjen-na-snimanju-novog-indiane-jonesa\/2285697.aspx\" target=\"_blank\" rel=\"noreferrer noopener\">\u00a0lipnju je glumac ozlijedio rame<\/a>\u00a0dok je snimao scenu borbe za nadolaze\u0107i film Indiana Jones 5.\u00a0<a href=\"https:\/\/www.dubrovniknet.hr\/holivudski-glumci-u-gradu-harrison-ford-i-calista-flockhart-odmaraju-u-dubrovniku\/?fbclid=IwAR1q2Pt0xNm6wYxfeoj24BxPo80oiCoI-Zl3zdUYYa8pKE_V4qaE4Gks89k\" target=\"_blank\" rel=\"noreferrer noopener\">Dubrovniknet.hr<\/a>\u00a0pi\u0161e da je\u00a0za svoj opravak izabrao upravo Dubrovnik.<\/p>\n\n\n\n<figure class=\"wp-block-image\"><img decoding=\"async\" src=\"https:\/\/indexnew.s3.index.hr\/c204a339-cef6-4e45-8fc0-dd2b53d324cd.jpg?v1\" alt=\"\"\/><\/figure>\n\n\n\n<p>Osim 22 godine mla\u0111e supruge, glumice javnosti najpoznatije po ulozi u popularnoj seriji Ally McBeal, dru\u0161tvo mu pravi sin Liam, pi\u0161e Index.hr.<\/p>\n\n\n\n<p>Harrison je gradom pro\u0161etao u crnim hla\u010dama i crnoj majici te je nosio crne sun\u010dane nao\u010dale i za\u0161titnu masku na licu. Le\u017eerno se odjenula i Calista, koja je odjenula crnu sportsku haljinu i tenisice.<\/p>\n\n\n\n<figure class=\"wp-block-image\"><img decoding=\"async\" src=\"https:\/\/indexnew.s3.index.hr\/64a6c2d5-5524-4d16-95e9-bc658b8c6166.jpg?v1\" alt=\"\"\/><\/figure>\n\n\n\n<p>Ina\u010de, Harrison i Calista u vezi su 19 godina, a u braku 11. Prethodno je Ford bio u braku s Mary Marquardt od koje se razveo 1979. godine te se o\u017eenio s Melissom Mathison 1983. godine od koje se naposljetku razveo&nbsp;2004. godine.<\/p>\n\n\n\n<p>Ford je svjetsku slavu stekao ulogom Hana Sola u svemirskoj sagi Star Wars, poznat je i po ulozi Indiane Jonesa, a glumio je u brojnim filmovima.<\/p>\n\n\n\n<p>\/HMS\/<\/p>\n","protected":false},"excerpt":{"rendered":"<p>Harrison Ford i njegova supruga Calista Flockhart stigli su u Dubrovnik. U\u00a0lipnju je glumac ozlijedio rame\u00a0dok je snimao scenu borbe za nadolaze\u0107i film Indiana Jones 5.\u00a0Dubrovniknet.hr\u00a0pi\u0161e da je\u00a0za svoj opravak izabrao upravo Dubrovnik. Osim 22 godine mla\u0111e supruge, glumice javnosti najpoznatije po ulozi u popularnoj seriji Ally McBeal, dru\u0161tvo mu pravi sin Liam, pi\u0161e Index.hr. [&hellip;]<\/p>\n","protected":false},"author":2,"featured_media":51339,"comment_status":"closed","ping_status":"closed","sticky":false,"template":"","format":"standard","meta":{"h5ap_radio_sources":[],"footnotes":""},"categories":[1],"tags":[],"class_list":["post-51338","post","type-post","status-publish","format-standard","has-post-thumbnail","hentry","category-bihiregija"],"yoast_head":"<!-- This site is optimized with the Yoast SEO plugin v27.5 - https:\/\/yoast.com\/product\/yoast-seo-wordpress\/ -->\n<title>Harrison Ford s 22 godine mla\u0111om suprugom i njihovim sinom stigao u Dubrovnik - RADIO LJUBU\u0160KI<\/title>\n<meta name=\"robots\" content=\"index, follow, max-snippet:-1, max-image-preview:large, max-video-preview:-1\" \/>\n<link rel=\"canonical\" href=\"https:\/\/radioljubuski.ba\/index.php\/2021\/08\/07\/harrison-ford-s-22-godine-mladom-suprugom-i-njihovim-sinom-stigao-u-dubrovnik\/\" \/>\n<meta property=\"og:locale\" content=\"hr_HR\" \/>\n<meta property=\"og:type\" content=\"article\" \/>\n<meta property=\"og:title\" content=\"Harrison Ford s 22 godine mla\u0111om suprugom i njihovim sinom stigao u Dubrovnik - RADIO LJUBU\u0160KI\" \/>\n<meta property=\"og:description\" content=\"Harrison Ford i njegova supruga Calista Flockhart stigli su u Dubrovnik. U\u00a0lipnju je glumac ozlijedio rame\u00a0dok je snimao scenu borbe za nadolaze\u0107i film Indiana Jones 5.\u00a0Dubrovniknet.hr\u00a0pi\u0161e da je\u00a0za svoj opravak izabrao upravo Dubrovnik. Osim 22 godine mla\u0111e supruge, glumice javnosti najpoznatije po ulozi u popularnoj seriji Ally McBeal, dru\u0161tvo mu pravi sin Liam, pi\u0161e Index.hr. [&hellip;]\" \/>\n<meta property=\"og:url\" content=\"https:\/\/radioljubuski.ba\/index.php\/2021\/08\/07\/harrison-ford-s-22-godine-mladom-suprugom-i-njihovim-sinom-stigao-u-dubrovnik\/\" \/>\n<meta property=\"og:site_name\" content=\"RADIO LJUBU\u0160KI\" \/>\n<meta property=\"article:publisher\" content=\"https:\/\/www.facebook.com\/Radiio-Ljubuski-1490835324566332\" \/>\n<meta property=\"article:published_time\" content=\"2021-08-07T20:42:47+00:00\" \/>\n<meta property=\"og:image\" content=\"https:\/\/radioljubuski.ba\/wp-content\/uploads\/2021\/08\/harrisonford.jpg\" \/>\n\t<meta property=\"og:image:width\" content=\"765\" \/>\n\t<meta property=\"og:image:height\" content=\"402\" \/>\n\t<meta property=\"og:image:type\" content=\"image\/jpeg\" \/>\n<meta name=\"author\" content=\"Radio Ljubu\u0161ki\" \/>\n<meta name=\"twitter:card\" content=\"summary_large_image\" \/>\n<meta name=\"twitter:creator\" content=\"@radioljubuski\" \/>\n<meta name=\"twitter:site\" content=\"@radioljubuski\" \/>\n<meta name=\"twitter:label1\" content=\"Napisao\/la\" \/>\n\t<meta name=\"twitter:data1\" content=\"Radio Ljubu\u0161ki\" \/>\n\t<meta name=\"twitter:label2\" content=\"Procijenjeno vrijeme \u010ditanja\" \/>\n\t<meta name=\"twitter:data2\" content=\"2 minute\" \/>\n<script type=\"application\/ld+json\" class=\"yoast-schema-graph\">{\"@context\":\"https:\\\/\\\/schema.org\",\"@graph\":[{\"@type\":\"Article\",\"@id\":\"https:\\\/\\\/radioljubuski.ba\\\/index.php\\\/2021\\\/08\\\/07\\\/harrison-ford-s-22-godine-mladom-suprugom-i-njihovim-sinom-stigao-u-dubrovnik\\\/#article\",\"isPartOf\":{\"@id\":\"https:\\\/\\\/radioljubuski.ba\\\/index.php\\\/2021\\\/08\\\/07\\\/harrison-ford-s-22-godine-mladom-suprugom-i-njihovim-sinom-stigao-u-dubrovnik\\\/\"},\"author\":{\"name\":\"Radio Ljubu\u0161ki\",\"@id\":\"https:\\\/\\\/radioljubuski.ba\\\/#\\\/schema\\\/person\\\/19fc700381a780f69665d7956c469e3b\"},\"headline\":\"Harrison Ford s 22 godine mla\u0111om suprugom i njihovim sinom stigao u Dubrovnik\",\"datePublished\":\"2021-08-07T20:42:47+00:00\",\"mainEntityOfPage\":{\"@id\":\"https:\\\/\\\/radioljubuski.ba\\\/index.php\\\/2021\\\/08\\\/07\\\/harrison-ford-s-22-godine-mladom-suprugom-i-njihovim-sinom-stigao-u-dubrovnik\\\/\"},\"wordCount\":186,\"publisher\":{\"@id\":\"https:\\\/\\\/radioljubuski.ba\\\/#organization\"},\"image\":{\"@id\":\"https:\\\/\\\/radioljubuski.ba\\\/index.php\\\/2021\\\/08\\\/07\\\/harrison-ford-s-22-godine-mladom-suprugom-i-njihovim-sinom-stigao-u-dubrovnik\\\/#primaryimage\"},\"thumbnailUrl\":\"https:\\\/\\\/radioljubuski.ba\\\/wp-content\\\/uploads\\\/2021\\\/08\\\/harrisonford.jpg\",\"articleSection\":[\"BIH i regija\"],\"inLanguage\":\"hr\"},{\"@type\":\"WebPage\",\"@id\":\"https:\\\/\\\/radioljubuski.ba\\\/index.php\\\/2021\\\/08\\\/07\\\/harrison-ford-s-22-godine-mladom-suprugom-i-njihovim-sinom-stigao-u-dubrovnik\\\/\",\"url\":\"https:\\\/\\\/radioljubuski.ba\\\/index.php\\\/2021\\\/08\\\/07\\\/harrison-ford-s-22-godine-mladom-suprugom-i-njihovim-sinom-stigao-u-dubrovnik\\\/\",\"name\":\"Harrison Ford s 22 godine mla\u0111om suprugom i njihovim sinom stigao u Dubrovnik - RADIO LJUBU\u0160KI\",\"isPartOf\":{\"@id\":\"https:\\\/\\\/radioljubuski.ba\\\/#website\"},\"primaryImageOfPage\":{\"@id\":\"https:\\\/\\\/radioljubuski.ba\\\/index.php\\\/2021\\\/08\\\/07\\\/harrison-ford-s-22-godine-mladom-suprugom-i-njihovim-sinom-stigao-u-dubrovnik\\\/#primaryimage\"},\"image\":{\"@id\":\"https:\\\/\\\/radioljubuski.ba\\\/index.php\\\/2021\\\/08\\\/07\\\/harrison-ford-s-22-godine-mladom-suprugom-i-njihovim-sinom-stigao-u-dubrovnik\\\/#primaryimage\"},\"thumbnailUrl\":\"https:\\\/\\\/radioljubuski.ba\\\/wp-content\\\/uploads\\\/2021\\\/08\\\/harrisonford.jpg\",\"datePublished\":\"2021-08-07T20:42:47+00:00\",\"breadcrumb\":{\"@id\":\"https:\\\/\\\/radioljubuski.ba\\\/index.php\\\/2021\\\/08\\\/07\\\/harrison-ford-s-22-godine-mladom-suprugom-i-njihovim-sinom-stigao-u-dubrovnik\\\/#breadcrumb\"},\"inLanguage\":\"hr\",\"potentialAction\":[{\"@type\":\"ReadAction\",\"target\":[\"https:\\\/\\\/radioljubuski.ba\\\/index.php\\\/2021\\\/08\\\/07\\\/harrison-ford-s-22-godine-mladom-suprugom-i-njihovim-sinom-stigao-u-dubrovnik\\\/\"]}]},{\"@type\":\"ImageObject\",\"inLanguage\":\"hr\",\"@id\":\"https:\\\/\\\/radioljubuski.ba\\\/index.php\\\/2021\\\/08\\\/07\\\/harrison-ford-s-22-godine-mladom-suprugom-i-njihovim-sinom-stigao-u-dubrovnik\\\/#primaryimage\",\"url\":\"https:\\\/\\\/radioljubuski.ba\\\/wp-content\\\/uploads\\\/2021\\\/08\\\/harrisonford.jpg\",\"contentUrl\":\"https:\\\/\\\/radioljubuski.ba\\\/wp-content\\\/uploads\\\/2021\\\/08\\\/harrisonford.jpg\",\"width\":765,\"height\":402},{\"@type\":\"BreadcrumbList\",\"@id\":\"https:\\\/\\\/radioljubuski.ba\\\/index.php\\\/2021\\\/08\\\/07\\\/harrison-ford-s-22-godine-mladom-suprugom-i-njihovim-sinom-stigao-u-dubrovnik\\\/#breadcrumb\",\"itemListElement\":[{\"@type\":\"ListItem\",\"position\":1,\"name\":\"Po\u010detna stranica\",\"item\":\"https:\\\/\\\/radioljubuski.ba\\\/\"},{\"@type\":\"ListItem\",\"position\":2,\"name\":\"Harrison Ford s 22 godine mla\u0111om suprugom i njihovim sinom stigao u Dubrovnik\"}]},{\"@type\":\"WebSite\",\"@id\":\"https:\\\/\\\/radioljubuski.ba\\\/#website\",\"url\":\"https:\\\/\\\/radioljubuski.ba\\\/\",\"name\":\"Radio Ljubu\u0161ki\",\"description\":\"Sun\u010dana frekvencija Hercegovine\",\"publisher\":{\"@id\":\"https:\\\/\\\/radioljubuski.ba\\\/#organization\"},\"potentialAction\":[{\"@type\":\"SearchAction\",\"target\":{\"@type\":\"EntryPoint\",\"urlTemplate\":\"https:\\\/\\\/radioljubuski.ba\\\/?s={search_term_string}\"},\"query-input\":{\"@type\":\"PropertyValueSpecification\",\"valueRequired\":true,\"valueName\":\"search_term_string\"}}],\"inLanguage\":\"hr\"},{\"@type\":\"Organization\",\"@id\":\"https:\\\/\\\/radioljubuski.ba\\\/#organization\",\"name\":\"Radio Ljubu\u0161ki\",\"url\":\"https:\\\/\\\/radioljubuski.ba\\\/\",\"logo\":{\"@type\":\"ImageObject\",\"inLanguage\":\"hr\",\"@id\":\"https:\\\/\\\/radioljubuski.ba\\\/#\\\/schema\\\/logo\\\/image\\\/\",\"url\":\"https:\\\/\\\/radioljubuski.ba\\\/wp-content\\\/uploads\\\/2021\\\/02\\\/cropped-Radio_Ljubuski_logo1.jpg\",\"contentUrl\":\"https:\\\/\\\/radioljubuski.ba\\\/wp-content\\\/uploads\\\/2021\\\/02\\\/cropped-Radio_Ljubuski_logo1.jpg\",\"width\":512,\"height\":512,\"caption\":\"Radio Ljubu\u0161ki\"},\"image\":{\"@id\":\"https:\\\/\\\/radioljubuski.ba\\\/#\\\/schema\\\/logo\\\/image\\\/\"},\"sameAs\":[\"https:\\\/\\\/www.facebook.com\\\/Radiio-Ljubuski-1490835324566332\",\"https:\\\/\\\/x.com\\\/radioljubuski\",\"https:\\\/\\\/hr.linkedin.com\\\/company\\\/radio-ljubuski\",\"https:\\\/\\\/www.youtube.com\\\/channel\\\/UCHYaeO_n0Db3tjNGudGpXyw\"]},{\"@type\":\"Person\",\"@id\":\"https:\\\/\\\/radioljubuski.ba\\\/#\\\/schema\\\/person\\\/19fc700381a780f69665d7956c469e3b\",\"name\":\"Radio Ljubu\u0161ki\"}]}<\/script>\n<!-- \/ Yoast SEO plugin. -->","yoast_head_json":{"title":"Harrison Ford s 22 godine mla\u0111om suprugom i njihovim sinom stigao u Dubrovnik - RADIO LJUBU\u0160KI","robots":{"index":"index","follow":"follow","max-snippet":"max-snippet:-1","max-image-preview":"max-image-preview:large","max-video-preview":"max-video-preview:-1"},"canonical":"https:\/\/radioljubuski.ba\/index.php\/2021\/08\/07\/harrison-ford-s-22-godine-mladom-suprugom-i-njihovim-sinom-stigao-u-dubrovnik\/","og_locale":"hr_HR","og_type":"article","og_title":"Harrison Ford s 22 godine mla\u0111om suprugom i njihovim sinom stigao u Dubrovnik - RADIO LJUBU\u0160KI","og_description":"Harrison Ford i njegova supruga Calista Flockhart stigli su u Dubrovnik. U\u00a0lipnju je glumac ozlijedio rame\u00a0dok je snimao scenu borbe za nadolaze\u0107i film Indiana Jones 5.\u00a0Dubrovniknet.hr\u00a0pi\u0161e da je\u00a0za svoj opravak izabrao upravo Dubrovnik. Osim 22 godine mla\u0111e supruge, glumice javnosti najpoznatije po ulozi u popularnoj seriji Ally McBeal, dru\u0161tvo mu pravi sin Liam, pi\u0161e Index.hr. [&hellip;]","og_url":"https:\/\/radioljubuski.ba\/index.php\/2021\/08\/07\/harrison-ford-s-22-godine-mladom-suprugom-i-njihovim-sinom-stigao-u-dubrovnik\/","og_site_name":"RADIO LJUBU\u0160KI","article_publisher":"https:\/\/www.facebook.com\/Radiio-Ljubuski-1490835324566332","article_published_time":"2021-08-07T20:42:47+00:00","og_image":[{"width":765,"height":402,"url":"https:\/\/radioljubuski.ba\/wp-content\/uploads\/2021\/08\/harrisonford.jpg","type":"image\/jpeg"}],"author":"Radio Ljubu\u0161ki","twitter_card":"summary_large_image","twitter_creator":"@radioljubuski","twitter_site":"@radioljubuski","twitter_misc":{"Napisao\/la":"Radio Ljubu\u0161ki","Procijenjeno vrijeme \u010ditanja":"2 minute"},"schema":{"@context":"https:\/\/schema.org","@graph":[{"@type":"Article","@id":"https:\/\/radioljubuski.ba\/index.php\/2021\/08\/07\/harrison-ford-s-22-godine-mladom-suprugom-i-njihovim-sinom-stigao-u-dubrovnik\/#article","isPartOf":{"@id":"https:\/\/radioljubuski.ba\/index.php\/2021\/08\/07\/harrison-ford-s-22-godine-mladom-suprugom-i-njihovim-sinom-stigao-u-dubrovnik\/"},"author":{"name":"Radio Ljubu\u0161ki","@id":"https:\/\/radioljubuski.ba\/#\/schema\/person\/19fc700381a780f69665d7956c469e3b"},"headline":"Harrison Ford s 22 godine mla\u0111om suprugom i njihovim sinom stigao u Dubrovnik","datePublished":"2021-08-07T20:42:47+00:00","mainEntityOfPage":{"@id":"https:\/\/radioljubuski.ba\/index.php\/2021\/08\/07\/harrison-ford-s-22-godine-mladom-suprugom-i-njihovim-sinom-stigao-u-dubrovnik\/"},"wordCount":186,"publisher":{"@id":"https:\/\/radioljubuski.ba\/#organization"},"image":{"@id":"https:\/\/radioljubuski.ba\/index.php\/2021\/08\/07\/harrison-ford-s-22-godine-mladom-suprugom-i-njihovim-sinom-stigao-u-dubrovnik\/#primaryimage"},"thumbnailUrl":"https:\/\/radioljubuski.ba\/wp-content\/uploads\/2021\/08\/harrisonford.jpg","articleSection":["BIH i regija"],"inLanguage":"hr"},{"@type":"WebPage","@id":"https:\/\/radioljubuski.ba\/index.php\/2021\/08\/07\/harrison-ford-s-22-godine-mladom-suprugom-i-njihovim-sinom-stigao-u-dubrovnik\/","url":"https:\/\/radioljubuski.ba\/index.php\/2021\/08\/07\/harrison-ford-s-22-godine-mladom-suprugom-i-njihovim-sinom-stigao-u-dubrovnik\/","name":"Harrison Ford s 22 godine mla\u0111om suprugom i njihovim sinom stigao u Dubrovnik - RADIO LJUBU\u0160KI","isPartOf":{"@id":"https:\/\/radioljubuski.ba\/#website"},"primaryImageOfPage":{"@id":"https:\/\/radioljubuski.ba\/index.php\/2021\/08\/07\/harrison-ford-s-22-godine-mladom-suprugom-i-njihovim-sinom-stigao-u-dubrovnik\/#primaryimage"},"image":{"@id":"https:\/\/radioljubuski.ba\/index.php\/2021\/08\/07\/harrison-ford-s-22-godine-mladom-suprugom-i-njihovim-sinom-stigao-u-dubrovnik\/#primaryimage"},"thumbnailUrl":"https:\/\/radioljubuski.ba\/wp-content\/uploads\/2021\/08\/harrisonford.jpg","datePublished":"2021-08-07T20:42:47+00:00","breadcrumb":{"@id":"https:\/\/radioljubuski.ba\/index.php\/2021\/08\/07\/harrison-ford-s-22-godine-mladom-suprugom-i-njihovim-sinom-stigao-u-dubrovnik\/#breadcrumb"},"inLanguage":"hr","potentialAction":[{"@type":"ReadAction","target":["https:\/\/radioljubuski.ba\/index.php\/2021\/08\/07\/harrison-ford-s-22-godine-mladom-suprugom-i-njihovim-sinom-stigao-u-dubrovnik\/"]}]},{"@type":"ImageObject","inLanguage":"hr","@id":"https:\/\/radioljubuski.ba\/index.php\/2021\/08\/07\/harrison-ford-s-22-godine-mladom-suprugom-i-njihovim-sinom-stigao-u-dubrovnik\/#primaryimage","url":"https:\/\/radioljubuski.ba\/wp-content\/uploads\/2021\/08\/harrisonford.jpg","contentUrl":"https:\/\/radioljubuski.ba\/wp-content\/uploads\/2021\/08\/harrisonford.jpg","width":765,"height":402},{"@type":"BreadcrumbList","@id":"https:\/\/radioljubuski.ba\/index.php\/2021\/08\/07\/harrison-ford-s-22-godine-mladom-suprugom-i-njihovim-sinom-stigao-u-dubrovnik\/#breadcrumb","itemListElement":[{"@type":"ListItem","position":1,"name":"Po\u010detna stranica","item":"https:\/\/radioljubuski.ba\/"},{"@type":"ListItem","position":2,"name":"Harrison Ford s 22 godine mla\u0111om suprugom i njihovim sinom stigao u Dubrovnik"}]},{"@type":"WebSite","@id":"https:\/\/radioljubuski.ba\/#website","url":"https:\/\/radioljubuski.ba\/","name":"Radio Ljubu\u0161ki","description":"Sun\u010dana frekvencija Hercegovine","publisher":{"@id":"https:\/\/radioljubuski.ba\/#organization"},"potentialAction":[{"@type":"SearchAction","target":{"@type":"EntryPoint","urlTemplate":"https:\/\/radioljubuski.ba\/?s={search_term_string}"},"query-input":{"@type":"PropertyValueSpecification","valueRequired":true,"valueName":"search_term_string"}}],"inLanguage":"hr"},{"@type":"Organization","@id":"https:\/\/radioljubuski.ba\/#organization","name":"Radio Ljubu\u0161ki","url":"https:\/\/radioljubuski.ba\/","logo":{"@type":"ImageObject","inLanguage":"hr","@id":"https:\/\/radioljubuski.ba\/#\/schema\/logo\/image\/","url":"https:\/\/radioljubuski.ba\/wp-content\/uploads\/2021\/02\/cropped-Radio_Ljubuski_logo1.jpg","contentUrl":"https:\/\/radioljubuski.ba\/wp-content\/uploads\/2021\/02\/cropped-Radio_Ljubuski_logo1.jpg","width":512,"height":512,"caption":"Radio Ljubu\u0161ki"},"image":{"@id":"https:\/\/radioljubuski.ba\/#\/schema\/logo\/image\/"},"sameAs":["https:\/\/www.facebook.com\/Radiio-Ljubuski-1490835324566332","https:\/\/x.com\/radioljubuski","https:\/\/hr.linkedin.com\/company\/radio-ljubuski","https:\/\/www.youtube.com\/channel\/UCHYaeO_n0Db3tjNGudGpXyw"]},{"@type":"Person","@id":"https:\/\/radioljubuski.ba\/#\/schema\/person\/19fc700381a780f69665d7956c469e3b","name":"Radio Ljubu\u0161ki"}]}},"_links":{"self":[{"href":"https:\/\/radioljubuski.ba\/index.php\/wp-json\/wp\/v2\/posts\/51338","targetHints":{"allow":["GET"]}}],"collection":[{"href":"https:\/\/radioljubuski.ba\/index.php\/wp-json\/wp\/v2\/posts"}],"about":[{"href":"https:\/\/radioljubuski.ba\/index.php\/wp-json\/wp\/v2\/types\/post"}],"author":[{"embeddable":true,"href":"https:\/\/radioljubuski.ba\/index.php\/wp-json\/wp\/v2\/users\/2"}],"replies":[{"embeddable":true,"href":"https:\/\/radioljubuski.ba\/index.php\/wp-json\/wp\/v2\/comments?post=51338"}],"version-history":[{"count":1,"href":"https:\/\/radioljubuski.ba\/index.php\/wp-json\/wp\/v2\/posts\/51338\/revisions"}],"predecessor-version":[{"id":51340,"href":"https:\/\/radioljubuski.ba\/index.php\/wp-json\/wp\/v2\/posts\/51338\/revisions\/51340"}],"wp:featuredmedia":[{"embeddable":true,"href":"https:\/\/radioljubuski.ba\/index.php\/wp-json\/wp\/v2\/media\/51339"}],"wp:attachment":[{"href":"https:\/\/radioljubuski.ba\/index.php\/wp-json\/wp\/v2\/media?parent=51338"}],"wp:term":[{"taxonomy":"category","embeddable":true,"href":"https:\/\/radioljubuski.ba\/index.php\/wp-json\/wp\/v2\/categories?post=51338"},{"taxonomy":"post_tag","embeddable":true,"href":"https:\/\/radioljubuski.ba\/index.php\/wp-json\/wp\/v2\/tags?post=51338"}],"curies":[{"name":"wp","href":"https:\/\/api.w.org\/{rel}","templated":true}]}}