{"id":51347,"date":"2021-08-07T21:48:49","date_gmt":"2021-08-07T20:48:49","guid":{"rendered":"https:\/\/radioljubuski.ba\/?p=51347"},"modified":"2021-08-07T21:48:51","modified_gmt":"2021-08-07T20:48:51","slug":"gojko-susak-covjek-koji-je-uoci-oluje-osigurao-americku-podrsku-unatoc-embargu","status":"publish","type":"post","link":"https:\/\/radioljubuski.ba\/index.php\/2021\/08\/07\/gojko-susak-covjek-koji-je-uoci-oluje-osigurao-americku-podrsku-unatoc-embargu\/","title":{"rendered":"Gojko \u0160u\u0161ak \u2013 \u010dovjek koji je uo\u010di Oluje osigurao ameri\u010dku podr\u0161ku unato\u010d embargu"},"content":{"rendered":"\n<p>Gojko \u0160u\u0161ak ro\u0111en je 16. o\u017eujka 1945. u \u0160irokom Brijegu, a preminuo 3. svibnja 1998. u Zagrebu. On je bio prvi hrvatski hrvatski ministar iseljeni\u0161tva (90. \u2013 91.), a od 18. rujna 1991. obna\u0161ao je du\u017enost hrvatskog ministra obrane sve do svoje smrti 3. svibnja 1998. godine.<\/p>\n\n\n\n<p>U Hrvatskoj javnosti Gojko \u0160u\u0161ak je ostao upam\u0107en po kratkom izvje\u0161\u0107u \u201cGospodine Predsjedni\u010de, zadatak je izvr\u0161en!\u201d, koje je dao Franji Tu\u0111manu kada je izvr\u0161ena vojno redarstvena operacija \u201cOluja\u201d. Ne \u010dudi da je \u0160u\u0161ak ostao upam\u0107en po tome \u0161to je oglasio zavr\u0161etak \u201cOluje\u201d, budu\u0107i da je on mo\u017eda i najzaslu\u017enija osoba \u0161to je do te vojne operacije uop\u0107e i do\u0161lo.<\/p>\n\n\n\n<p>Naime, Gojko \u0160u\u0161ak se neposredno uo\u010di Oluje sastao s ameri\u010dkim ministrom obrane Williamom Perryjem u splitskoj zra\u010dnoj luci, a nakon sastanka je bio vidno zadovoljan o\u010dito time \u0161to Hrvatska za operaciju dobila zeleno svijetlo od SAD-a.<\/p>\n\n\n\n<p>o osim politi\u010dke i diplomatske podr\u0161ke, najzahtjevniji zadatak koji je \u0160u\u0161ak imao jest nabava oru\u017eja u vrijeme kada je UN Hrvatskoj nametnuo embargo. Tako 4. studenog 1994. New York Times bilje\u017ei kako je embargo postao u velikoj mjeri \u201cfikcija\u201d.<\/p>\n\n\n\n<p><strong>\u0160u\u0161ak dobio pomo\u0107 SAD-a unato\u010d embargu<\/strong><\/p>\n\n\n\n<p>\u201cUz pomo\u0107 raspolo\u017eivosti oru\u017eja i vojnih komponenti u zemljama biv\u0161eg sovjetskog bloka i o\u010dite spremnosti Amerikanaca da zatvore o\u010di, Hrvatska sada gradi ili sastavlja sve od borbenih tenkova do borbenih zrakoplova MIG-21 i djeluje kao glavni kanal za poplavu oru\u017eja koja je stigla u Bosnu.<\/p>\n\n\n\n<p>Ono \u0161to mi treba, dobivam\u201d, rekao je u jednom intervjuu hrvatski ministar obrane Gojko \u0160u\u0161ak. \u201cTr\u017ei\u0161te oru\u017eja je zasi\u0107eno, toliko zasi\u0107eno da biste platili tri puta ve\u0107u cijenu ako ga nabavljate legalno.\u201d \u0160u\u0161ak je opisao kupovinu oru\u017eja u zemljama uklju\u010duju\u0107i Poljsku, Bugarsku i Rusiju kao \u201cotvoreno tr\u017ei\u0161te\u201d i rekao da Hrvatska sada opskrbljuje vojsku bosanskohercegova\u010dke vlade s protutenkovskim oru\u017ejem i streljivom za minobaca\u010de, topove i mitraljeze.<\/p>\n\n\n\n<p>U\u010dinak ovog pove\u0107anja naoru\u017eanja dostupnog snagama bosanskih Muslimana i savezni\u010dkih snaga bosanskih Hrvata bio je o\u010dit posljednjih tjedan dana u dvije uspje\u0161ne ofenzive protiv ve\u0107inski dominantnih bosanskih Srba. Prva ofenzivna eksplozija probila se kroz srpske linije isto\u010dno od Biha\u0107a na sjeverozapadu; druga je rezultirala zauzimanjem grada Kupresa u zapadnom sredi\u0161njem dijelu zemlje\u201d, navodi New York Times te dodaje zanimljive podatke.<\/p>\n\n\n\n<p>\u201cNa primjer, \u0160u\u0161ak je kazao da je ameri\u010dki vojni ata\u0161e u veleposlanstvu u Zagrebu, pukovnik Richard Herrick, prisustvovao nedavnoj demonstraciji hrvatskih zra\u010dnih snaga. Me\u0111u zrakoplovima je bilo 12 borbenih aviona MIG \u2013 Hrvatska nije imala vi\u0161e od \u010detiri kada je uveden embargo \u2013 i nekoliko oklopnih juri\u0161nih helikoptera MI-24 koji su ispalili navo\u0111ene protutenkovske rakete. Hrvatska nije imala nijedan od ovih helikoptera ili projektila kada je embargo stupio na snagu 1991. godine.<\/p>\n\n\n\n<p>Du\u017enosnica ameri\u010dkog veleposlanstva u Zagrebu potvrdila je prisustvo pukovnika Herricka na vojnoj vje\u017ebi i kazala je: \u201cDa, naravno da smo svjesni zaobila\u017eenja embarga.\u201d Zatim se ispravila, rekav\u0161i da State Department nema potvr\u0111ene prijave kr\u0161enja embarga. Na pitanje jesu li Sjedinjene Dr\u017eave u\u010dinile ne\u0161to u vezi s mogu\u0107im kr\u0161enjima, odbila je odgovoriti.\u201d<\/p>\n\n\n\n<p>\u201c\u0160u\u0161ak je rekao da Hrvatska sada sastavlja MIG-ove u tvornici nedaleko od Zagreba i da ve\u0107 ima 20-ak zrakoplova. Dodao je kako se tenkovi proizvode u Slavonskom Brodu, a minobaca\u010di i raketni baca\u010di u pogonima u drugim gradovima\u201d, nastavlja New York Times te dodaje kako je \u0160u\u0161ak tako\u0111er najavio izvoz tenkova u Kuvajt.<\/p>\n\n\n\n<p><strong>Tu\u0111man i \u0160u\u0161ak htjeli su do Bo\u017ei\u0107a 1995. osloboditi cijelu Slavoniju, ali je Clinton bio protiv<\/strong><\/p>\n\n\n\n<p>Ameri\u010dki New York Times tako\u0111er je listopadu 1995. godine objavio kako je 24. o\u017eujka 1994. \u0160u\u0161ak uputio Pentagonu apel za pomo\u0107 unato\u010d tome \u0161to je Hrvatska bila pod embargom UN-a. Kako SAD tada nije mogao dati slu\u017ebenu podr\u0161ku umjesto operativaca iz Pentagona SAD je \u0160u\u0161ku poslao vojno-konzultantsku tvrtku MPRI koju vode umirovljeni visoki du\u017enosnici Pentagona, te je ona pru\u017eila \u201ctehni\u010dku pomo\u0107\u201d hrvatskim \u010dasnicima. Tim su povodom u Hrvatsku do\u0161li tada iznimno utjecajni generali Carl E. Vuono i Crosbie E. Saint. Obojica su se tako\u0111er na\u0161li sa \u0160u\u0161kom i njegovim \u0161efom osoblja nekoliko dana uo\u010di VRO Oluja.<\/p>\n\n\n\n<p>Iako je time SAD pokazao da smo mu bili de facto strate\u0161ki partner u \u201cregiji\u201d, \u0160u\u0161ak nije imao jednostavan zadatak s Amerikancima. New York Times prenosi visokog du\u017enosnika Pentagona koji je tada kazao: \u201cDa se razumijemo, ne mo\u017eete do\u0107i u Bosnu bez prolaska kroz Hrvatsku. Trebate njihove luke, trebate njihove komunikacijske linije. No, trenutno nismo sretni. Cijelu tu postavku vidimo kao pretjerano militaristi\u010dku\u201d. Citira se i neimenovani ameri\u010dki diplomat koji je poru\u010dio: \u201cRecimo samo da je na\u0161a veza u\u0161la u razdoblje hla\u0111enja\u201d.<\/p>\n\n\n\n<p>Da su postojale ideje u povratku Slavonije vojnim putem govori i podatak NYT-a koji navodi kako su visoki du\u017enosnici otkrili da predsjednik Bill Clinton prijeti gospodarskim sankcijama za Hrvatsku u slu\u010daju napada na isto\u010dnu Slavoniju bogatu naftom. Naime, u to je vrijeme Gojko \u0160u\u0161ak opetovano ponavljao kako \u0107e do Bo\u017ei\u0107a 1995., ponovno piti kavu u Vukovaru.<\/p>\n\n\n\n<p>Ipak, u tekstu se dodaje: \u201cSnaga koja stoji iza ameri\u010dke prisutnosti o\u010dito je bio ministar obrane \u0160u\u0161ak, \u017eivahan i nemilosrdan \u010dovjek s uspje\u0161nom karijerom u poslu s pizzama u Kanadi i opsjednuto\u0161\u0107u preure\u0111ivanjem Hrvatske vojske za borbu protiv Srba. Postao je toliko samouvjeren glede naoru\u017eavanja da se o tome \u0161alio s ameri\u010dkim du\u017enosnicima\u201d, rekao je du\u017enosnik State Departmenta.<\/p>\n\n\n\n<p><strong>Odnosi \u0160u\u0161ka i Perkovi\u0107a<\/strong><\/p>\n\n\n\n<p>\u0160u\u0161ak nije bio samo najdugovje\u010dniji hrvatski ministar obrane ve\u0107 i jedan od najzaslu\u017enijih ljudi za priznanje Republike Hrvatske te obranu Hrvatske u Domovinskom ratu od velikosrpske agresije. Kada je umro, prvi hrvatski predsjednik Franjo Tu\u0111man je&nbsp;<a href=\"https:\/\/www.24sata.hr\/news\/dan-kad-je-tu-man-plakao-bilo-je-to-pravo-iskreno-prijateljstvo-571833\/galerija-526979\">plakao<\/a>, a na njegovom pogrebu govorio je ameri\u010dki ministar obrane William Perry, unato\u010d protivljenju nekih me\u0111unarodnih krugova.<\/p>\n\n\n\n<p>Kao desna ruka i najbli\u017ei suradnik Franje Tu\u0111mana, Gojko \u0160u\u0161ak nije bio zadu\u017een samo za obranu i osloba\u0111anje Hrvatske u trenutku kad je Hrvatska vojska bila u procesu ustrojavanja, ve\u0107 i dijelom za uspostavu civilnih i vojnih obavje\u0161tajni slu\u017ebi. U kompliciranim unutarpoliti\u010dkim odnosima tijekom stvaranja Hrvatske, \u0160u\u0161ak je bio najva\u017eniji Tu\u0111manov saveznik u \u201cneutraliziranju\u201d utjecaja i aktivnosti onih koji su bili protiv hrvatske neovisnosti, a kao vrstan politi\u010dar znao je zaustaviti sve napore biv\u0161ih udba\u0161kih krugova u preuzimanju klju\u010dnih institucija tijekom stvaranja moderne hrvatske dr\u017eave.<\/p>\n\n\n\n<p>Primjerice, Josip Perkovi\u0107, posljednji \u0161ef tajne policije UDB-e prije sloma komunizma, u Hrvatskoj je u samom po\u010detku bio zadu\u017een za primanje emigranata koji se \u017eele vratiti u svoju domovinu. Iseljenici su se po\u017ealili \u0160u\u0161ku da moraju i\u0107i kod istog \u010dovjeka, kod kojeg su morali i\u0107i na ispitivanja za vrijeme jugokomunisti\u010dkog re\u017eima. Tada Gojko \u0160u\u0161ak kao ministar iseljeni\u0161tva odlazi kod Josipa Manoli\u0107a nakon \u010dega je Perkovi\u0107 maknut s pozicije kontakta s emigracijom.<\/p>\n\n\n\n<p>Kada je \u0160u\u0161ak postao ministar obrane, njegov pomo\u0107nik i savjetnik za vojnu sigurnost postaje Josip Perkovi\u0107, koji je izme\u0111u ostaloga sudjelovao u formiranju obavje\u0161tajne slu\u017ebe Ministarstva obrane. Iako je i sam bio politi\u010dki emigrant, \u0160u\u0161ak je u intervjuu za Globus 1992. kazao: \u201cPro\u0161lost me ne zanima, va\u017eno je da se danas \u010dini ono \u0161to treba \u010diniti. Najva\u017eniji su sada\u0161nji zajedni\u010dki interesi. Drugo, nas je samo \u010detiri i pol milijuna, i mo\u017eemo ploviti u tisu\u0107ama razli\u010ditih la\u0111a, ali ipak na kraju moramo znati da imamo samo jednu luku (\u2026) Moramo biti svjesni u kakvom vremenu \u017eivimo. Imamo stra\u0161nog neprijatelja, nemojmo ga jo\u0161 tra\u017eiti me\u0111u sobom. Ako je Perkovi\u0107 zlo\u010dinac \u2013 ne spominjem ga kao konkretnu osobu nego kao ilustraciju jednog na\u010dela \u2013 onda je najve\u0107a kazna ostaviti ga da sam sa sobom \u017eivi. Kazniti nekog nakon dvadeset godina zna\u010di dati mu priliku za samopravdanje.<\/p>\n\n\n\n<p>Ina\u010de, Perkovi\u0107 je od odlaska iz policije u vojsku, tj. ministarstvo obrane bio u sukobu i s Manoli\u0107em i s Josipom Boljkovcem, dvojcem koji je uz Stipu Mesi\u0107a najzaslu\u017eniji za poku\u0161aj neuspjelog pu\u010da sredinom 1994. godine koji je trebao dovesti do pada Tu\u0111manove Vlade i promjene politike prema BiH.<\/p>\n\n\n\n<p><strong>Ameri\u010dki ministar obrane o Gojku \u0160u\u0161ku na njegovom sprovodu:<\/strong><\/p>\n\n\n\n<p>O tome koliko je \u0160u\u0161ak cijenjen u vojnim i politi\u010dkim krugovima, govori i \u010dinjenica da je o njemu 2018. godine na Hrvatskom vojnom u\u010dili\u0161tu odr\u017ean okrugli stol na kojem je sudjelovao i vojni izaslanik SAD-a brigadir Robert Mathers. Kako je Miomir \u017du\u017eul, biv\u0161i ministar vanjskih poslova kazao: \u201cAmerici se znalo re\u0107i \u2013 sa \u0160u\u0161kom je te\u0161ko pregovarati, ali jednom kada se ne\u0161to dogovori s njime, to je tako, i zato se njega uva\u017eavalo\u201d.<\/p>\n\n\n\n<p>Da je tako i bilo potvr\u0111uju rije\u010di ameri\u010dkog ministra obrane Williama Perryja, koji je odr\u017eao govor na \u0160u\u0161kovom sprovodu.<\/p>\n\n\n\n<p>Predsjednik Tu\u0111man se od njega oprostio izra\u017eavaju\u0107i mu veliko po\u0161tovanje. \u201cU li\u010dnosti Gojka \u0160u\u0161ka o\u010ditovalo se nepokolebljivo jedinstvo hrvatskog nacionalnog bi\u0107a. Bio je \u010dovjek iznimnih ljudskih kvaliteta i upravlja\u010dkih sposobnosti. U svim okolnostima, pogotovo te\u0161kim i pogibeljnim, djelovao je snagom duha i zna\u010daja te svjedo\u010dio \u010dinom vjerodostojnog djela. Nepokolebljiv i neustra\u0161iv, smion, ali razborit i promi\u0161ljen vitez hrvatski\u201c, tim se rije\u010dima predsjednik Tu\u0111man oprostio od svog prijatelja i najbli\u017eeg suradnika Gojka \u0160u\u0161ka.<\/p>\n\n\n\n<p>\u201dOvo je doista za mene vrlo tu\u017ena prigoda.<\/p>\n\n\n\n<p>Do\u0161ao sam ovdje ne samo kao predstavnik SAD-a, ve\u0107 i kao prijatelj Gojka \u0160u\u0161ka. I moja supruga i ja izra\u017eavamo najdublju su\u0107ut i su\u0107ut na\u0161ih sunarodnjaka Vama, \u0110ur\u0111a, i Va\u0161oj djeci, Gojkovoj majci, bratu i sestri. Na\u0161e su misli i molitve danas s Vama.<\/p>\n\n\n\n<p>Smrt Gojka \u0160u\u0161ka nije samo velik gubitak za njegovu obitelj i prijatelje, ve\u0107 je to velik gubitak i za Hrvatsku. Ono \u0161to je Shakespeare rekao u jednoj svojoj drami o jednom velikom Rimljaninu ka\u017eem danas za jednog velikog Hrvata: oti\u0161ao je \u010dovjek kakva vi\u0161e ne\u0107emo vidjeti\u201c, istaknuo je William Perry, ameri\u010dki ministar obrane u mandatu Billa Clintona.<\/p>\n\n\n\n<p>Gojko \u0160u\u0161ak je odlikovan Veleredom kralja Petra Kre\u0161imira IV. s lentom i Danicom, Veleredom kralja Dmitra Zvonimira s lentom i Danicom, Redom kneza Domagoja s ogrlicom, Redom Nikole \u0160ubi\u0107a Zrinskog, Redom Ante Star\u010devi\u0107a, Redom Stjepana Radi\u0107a, Redom hrvatskoga trolista, Medaljom za Bljesak, Medaljom za Ljeto 95, Medaljom za Oluju i Medaljom za iznimne pothvate. Osim toga, nositelj je Spomenice Domovinskoga rata i Spomenice domovinske zahvalnosti.<\/p>\n\n\n\n<p><em>Izvor: narod.hr<\/em><\/p>\n","protected":false},"excerpt":{"rendered":"<p>Gojko \u0160u\u0161ak ro\u0111en je 16. o\u017eujka 1945. u \u0160irokom Brijegu, a preminuo 3. svibnja 1998. u Zagrebu. On je bio prvi hrvatski hrvatski ministar iseljeni\u0161tva (90. \u2013 91.), a od 18. rujna 1991. obna\u0161ao je du\u017enost hrvatskog ministra obrane sve do svoje smrti 3. svibnja 1998. godine. U Hrvatskoj javnosti Gojko \u0160u\u0161ak je ostao upam\u0107en [&hellip;]<\/p>\n","protected":false},"author":2,"featured_media":51348,"comment_status":"closed","ping_status":"closed","sticky":false,"template":"","format":"standard","meta":{"h5ap_radio_sources":[],"footnotes":""},"categories":[1],"tags":[],"class_list":["post-51347","post","type-post","status-publish","format-standard","has-post-thumbnail","hentry","category-bihiregija"],"yoast_head":"<!-- This site is optimized with the Yoast SEO plugin v27.5 - https:\/\/yoast.com\/product\/yoast-seo-wordpress\/ -->\n<title>Gojko \u0160u\u0161ak \u2013 \u010dovjek koji je uo\u010di Oluje osigurao ameri\u010dku podr\u0161ku unato\u010d embargu - RADIO LJUBU\u0160KI<\/title>\n<meta name=\"robots\" content=\"index, follow, max-snippet:-1, max-image-preview:large, max-video-preview:-1\" \/>\n<link rel=\"canonical\" href=\"https:\/\/radioljubuski.ba\/index.php\/2021\/08\/07\/gojko-susak-covjek-koji-je-uoci-oluje-osigurao-americku-podrsku-unatoc-embargu\/\" \/>\n<meta property=\"og:locale\" content=\"hr_HR\" \/>\n<meta property=\"og:type\" content=\"article\" \/>\n<meta property=\"og:title\" content=\"Gojko \u0160u\u0161ak \u2013 \u010dovjek koji je uo\u010di Oluje osigurao ameri\u010dku podr\u0161ku unato\u010d embargu - RADIO LJUBU\u0160KI\" \/>\n<meta property=\"og:description\" content=\"Gojko \u0160u\u0161ak ro\u0111en je 16. o\u017eujka 1945. u \u0160irokom Brijegu, a preminuo 3. svibnja 1998. u Zagrebu. On je bio prvi hrvatski hrvatski ministar iseljeni\u0161tva (90. \u2013 91.), a od 18. rujna 1991. obna\u0161ao je du\u017enost hrvatskog ministra obrane sve do svoje smrti 3. svibnja 1998. godine. U Hrvatskoj javnosti Gojko \u0160u\u0161ak je ostao upam\u0107en [&hellip;]\" \/>\n<meta property=\"og:url\" content=\"https:\/\/radioljubuski.ba\/index.php\/2021\/08\/07\/gojko-susak-covjek-koji-je-uoci-oluje-osigurao-americku-podrsku-unatoc-embargu\/\" \/>\n<meta property=\"og:site_name\" content=\"RADIO LJUBU\u0160KI\" \/>\n<meta property=\"article:publisher\" content=\"https:\/\/www.facebook.com\/Radiio-Ljubuski-1490835324566332\" \/>\n<meta property=\"article:published_time\" content=\"2021-08-07T20:48:49+00:00\" \/>\n<meta property=\"article:modified_time\" content=\"2021-08-07T20:48:51+00:00\" \/>\n<meta property=\"og:image\" content=\"https:\/\/radioljubuski.ba\/wp-content\/uploads\/2021\/08\/Screenshot-from-2021-05-11-18-49-34-696x500-1.png\" \/>\n\t<meta property=\"og:image:width\" content=\"696\" \/>\n\t<meta property=\"og:image:height\" content=\"500\" \/>\n\t<meta property=\"og:image:type\" content=\"image\/png\" \/>\n<meta name=\"author\" content=\"Radio Ljubu\u0161ki\" \/>\n<meta name=\"twitter:card\" content=\"summary_large_image\" \/>\n<meta name=\"twitter:creator\" content=\"@radioljubuski\" \/>\n<meta name=\"twitter:site\" content=\"@radioljubuski\" \/>\n<meta name=\"twitter:label1\" content=\"Napisao\/la\" \/>\n\t<meta name=\"twitter:data1\" content=\"Radio Ljubu\u0161ki\" \/>\n\t<meta name=\"twitter:label2\" content=\"Procijenjeno vrijeme \u010ditanja\" \/>\n\t<meta name=\"twitter:data2\" content=\"7 minuta\" \/>\n<script type=\"application\/ld+json\" class=\"yoast-schema-graph\">{\"@context\":\"https:\\\/\\\/schema.org\",\"@graph\":[{\"@type\":\"Article\",\"@id\":\"https:\\\/\\\/radioljubuski.ba\\\/index.php\\\/2021\\\/08\\\/07\\\/gojko-susak-covjek-koji-je-uoci-oluje-osigurao-americku-podrsku-unatoc-embargu\\\/#article\",\"isPartOf\":{\"@id\":\"https:\\\/\\\/radioljubuski.ba\\\/index.php\\\/2021\\\/08\\\/07\\\/gojko-susak-covjek-koji-je-uoci-oluje-osigurao-americku-podrsku-unatoc-embargu\\\/\"},\"author\":{\"name\":\"Radio Ljubu\u0161ki\",\"@id\":\"https:\\\/\\\/radioljubuski.ba\\\/#\\\/schema\\\/person\\\/19fc700381a780f69665d7956c469e3b\"},\"headline\":\"Gojko \u0160u\u0161ak \u2013 \u010dovjek koji je uo\u010di Oluje osigurao ameri\u010dku podr\u0161ku unato\u010d embargu\",\"datePublished\":\"2021-08-07T20:48:49+00:00\",\"dateModified\":\"2021-08-07T20:48:51+00:00\",\"mainEntityOfPage\":{\"@id\":\"https:\\\/\\\/radioljubuski.ba\\\/index.php\\\/2021\\\/08\\\/07\\\/gojko-susak-covjek-koji-je-uoci-oluje-osigurao-americku-podrsku-unatoc-embargu\\\/\"},\"wordCount\":1843,\"publisher\":{\"@id\":\"https:\\\/\\\/radioljubuski.ba\\\/#organization\"},\"image\":{\"@id\":\"https:\\\/\\\/radioljubuski.ba\\\/index.php\\\/2021\\\/08\\\/07\\\/gojko-susak-covjek-koji-je-uoci-oluje-osigurao-americku-podrsku-unatoc-embargu\\\/#primaryimage\"},\"thumbnailUrl\":\"https:\\\/\\\/radioljubuski.ba\\\/wp-content\\\/uploads\\\/2021\\\/08\\\/Screenshot-from-2021-05-11-18-49-34-696x500-1.png\",\"articleSection\":[\"BIH i regija\"],\"inLanguage\":\"hr\"},{\"@type\":\"WebPage\",\"@id\":\"https:\\\/\\\/radioljubuski.ba\\\/index.php\\\/2021\\\/08\\\/07\\\/gojko-susak-covjek-koji-je-uoci-oluje-osigurao-americku-podrsku-unatoc-embargu\\\/\",\"url\":\"https:\\\/\\\/radioljubuski.ba\\\/index.php\\\/2021\\\/08\\\/07\\\/gojko-susak-covjek-koji-je-uoci-oluje-osigurao-americku-podrsku-unatoc-embargu\\\/\",\"name\":\"Gojko \u0160u\u0161ak \u2013 \u010dovjek koji je uo\u010di Oluje osigurao ameri\u010dku podr\u0161ku unato\u010d embargu - RADIO LJUBU\u0160KI\",\"isPartOf\":{\"@id\":\"https:\\\/\\\/radioljubuski.ba\\\/#website\"},\"primaryImageOfPage\":{\"@id\":\"https:\\\/\\\/radioljubuski.ba\\\/index.php\\\/2021\\\/08\\\/07\\\/gojko-susak-covjek-koji-je-uoci-oluje-osigurao-americku-podrsku-unatoc-embargu\\\/#primaryimage\"},\"image\":{\"@id\":\"https:\\\/\\\/radioljubuski.ba\\\/index.php\\\/2021\\\/08\\\/07\\\/gojko-susak-covjek-koji-je-uoci-oluje-osigurao-americku-podrsku-unatoc-embargu\\\/#primaryimage\"},\"thumbnailUrl\":\"https:\\\/\\\/radioljubuski.ba\\\/wp-content\\\/uploads\\\/2021\\\/08\\\/Screenshot-from-2021-05-11-18-49-34-696x500-1.png\",\"datePublished\":\"2021-08-07T20:48:49+00:00\",\"dateModified\":\"2021-08-07T20:48:51+00:00\",\"breadcrumb\":{\"@id\":\"https:\\\/\\\/radioljubuski.ba\\\/index.php\\\/2021\\\/08\\\/07\\\/gojko-susak-covjek-koji-je-uoci-oluje-osigurao-americku-podrsku-unatoc-embargu\\\/#breadcrumb\"},\"inLanguage\":\"hr\",\"potentialAction\":[{\"@type\":\"ReadAction\",\"target\":[\"https:\\\/\\\/radioljubuski.ba\\\/index.php\\\/2021\\\/08\\\/07\\\/gojko-susak-covjek-koji-je-uoci-oluje-osigurao-americku-podrsku-unatoc-embargu\\\/\"]}]},{\"@type\":\"ImageObject\",\"inLanguage\":\"hr\",\"@id\":\"https:\\\/\\\/radioljubuski.ba\\\/index.php\\\/2021\\\/08\\\/07\\\/gojko-susak-covjek-koji-je-uoci-oluje-osigurao-americku-podrsku-unatoc-embargu\\\/#primaryimage\",\"url\":\"https:\\\/\\\/radioljubuski.ba\\\/wp-content\\\/uploads\\\/2021\\\/08\\\/Screenshot-from-2021-05-11-18-49-34-696x500-1.png\",\"contentUrl\":\"https:\\\/\\\/radioljubuski.ba\\\/wp-content\\\/uploads\\\/2021\\\/08\\\/Screenshot-from-2021-05-11-18-49-34-696x500-1.png\",\"width\":696,\"height\":500},{\"@type\":\"BreadcrumbList\",\"@id\":\"https:\\\/\\\/radioljubuski.ba\\\/index.php\\\/2021\\\/08\\\/07\\\/gojko-susak-covjek-koji-je-uoci-oluje-osigurao-americku-podrsku-unatoc-embargu\\\/#breadcrumb\",\"itemListElement\":[{\"@type\":\"ListItem\",\"position\":1,\"name\":\"Po\u010detna stranica\",\"item\":\"https:\\\/\\\/radioljubuski.ba\\\/\"},{\"@type\":\"ListItem\",\"position\":2,\"name\":\"Gojko \u0160u\u0161ak \u2013 \u010dovjek koji je uo\u010di Oluje osigurao ameri\u010dku podr\u0161ku unato\u010d embargu\"}]},{\"@type\":\"WebSite\",\"@id\":\"https:\\\/\\\/radioljubuski.ba\\\/#website\",\"url\":\"https:\\\/\\\/radioljubuski.ba\\\/\",\"name\":\"Radio Ljubu\u0161ki\",\"description\":\"Sun\u010dana frekvencija Hercegovine\",\"publisher\":{\"@id\":\"https:\\\/\\\/radioljubuski.ba\\\/#organization\"},\"potentialAction\":[{\"@type\":\"SearchAction\",\"target\":{\"@type\":\"EntryPoint\",\"urlTemplate\":\"https:\\\/\\\/radioljubuski.ba\\\/?s={search_term_string}\"},\"query-input\":{\"@type\":\"PropertyValueSpecification\",\"valueRequired\":true,\"valueName\":\"search_term_string\"}}],\"inLanguage\":\"hr\"},{\"@type\":\"Organization\",\"@id\":\"https:\\\/\\\/radioljubuski.ba\\\/#organization\",\"name\":\"Radio Ljubu\u0161ki\",\"url\":\"https:\\\/\\\/radioljubuski.ba\\\/\",\"logo\":{\"@type\":\"ImageObject\",\"inLanguage\":\"hr\",\"@id\":\"https:\\\/\\\/radioljubuski.ba\\\/#\\\/schema\\\/logo\\\/image\\\/\",\"url\":\"https:\\\/\\\/radioljubuski.ba\\\/wp-content\\\/uploads\\\/2021\\\/02\\\/cropped-Radio_Ljubuski_logo1.jpg\",\"contentUrl\":\"https:\\\/\\\/radioljubuski.ba\\\/wp-content\\\/uploads\\\/2021\\\/02\\\/cropped-Radio_Ljubuski_logo1.jpg\",\"width\":512,\"height\":512,\"caption\":\"Radio Ljubu\u0161ki\"},\"image\":{\"@id\":\"https:\\\/\\\/radioljubuski.ba\\\/#\\\/schema\\\/logo\\\/image\\\/\"},\"sameAs\":[\"https:\\\/\\\/www.facebook.com\\\/Radiio-Ljubuski-1490835324566332\",\"https:\\\/\\\/x.com\\\/radioljubuski\",\"https:\\\/\\\/hr.linkedin.com\\\/company\\\/radio-ljubuski\",\"https:\\\/\\\/www.youtube.com\\\/channel\\\/UCHYaeO_n0Db3tjNGudGpXyw\"]},{\"@type\":\"Person\",\"@id\":\"https:\\\/\\\/radioljubuski.ba\\\/#\\\/schema\\\/person\\\/19fc700381a780f69665d7956c469e3b\",\"name\":\"Radio Ljubu\u0161ki\"}]}<\/script>\n<!-- \/ Yoast SEO plugin. -->","yoast_head_json":{"title":"Gojko \u0160u\u0161ak \u2013 \u010dovjek koji je uo\u010di Oluje osigurao ameri\u010dku podr\u0161ku unato\u010d embargu - RADIO LJUBU\u0160KI","robots":{"index":"index","follow":"follow","max-snippet":"max-snippet:-1","max-image-preview":"max-image-preview:large","max-video-preview":"max-video-preview:-1"},"canonical":"https:\/\/radioljubuski.ba\/index.php\/2021\/08\/07\/gojko-susak-covjek-koji-je-uoci-oluje-osigurao-americku-podrsku-unatoc-embargu\/","og_locale":"hr_HR","og_type":"article","og_title":"Gojko \u0160u\u0161ak \u2013 \u010dovjek koji je uo\u010di Oluje osigurao ameri\u010dku podr\u0161ku unato\u010d embargu - RADIO LJUBU\u0160KI","og_description":"Gojko \u0160u\u0161ak ro\u0111en je 16. o\u017eujka 1945. u \u0160irokom Brijegu, a preminuo 3. svibnja 1998. u Zagrebu. On je bio prvi hrvatski hrvatski ministar iseljeni\u0161tva (90. \u2013 91.), a od 18. rujna 1991. obna\u0161ao je du\u017enost hrvatskog ministra obrane sve do svoje smrti 3. svibnja 1998. godine. U Hrvatskoj javnosti Gojko \u0160u\u0161ak je ostao upam\u0107en [&hellip;]","og_url":"https:\/\/radioljubuski.ba\/index.php\/2021\/08\/07\/gojko-susak-covjek-koji-je-uoci-oluje-osigurao-americku-podrsku-unatoc-embargu\/","og_site_name":"RADIO LJUBU\u0160KI","article_publisher":"https:\/\/www.facebook.com\/Radiio-Ljubuski-1490835324566332","article_published_time":"2021-08-07T20:48:49+00:00","article_modified_time":"2021-08-07T20:48:51+00:00","og_image":[{"width":696,"height":500,"url":"https:\/\/radioljubuski.ba\/wp-content\/uploads\/2021\/08\/Screenshot-from-2021-05-11-18-49-34-696x500-1.png","type":"image\/png"}],"author":"Radio Ljubu\u0161ki","twitter_card":"summary_large_image","twitter_creator":"@radioljubuski","twitter_site":"@radioljubuski","twitter_misc":{"Napisao\/la":"Radio Ljubu\u0161ki","Procijenjeno vrijeme \u010ditanja":"7 minuta"},"schema":{"@context":"https:\/\/schema.org","@graph":[{"@type":"Article","@id":"https:\/\/radioljubuski.ba\/index.php\/2021\/08\/07\/gojko-susak-covjek-koji-je-uoci-oluje-osigurao-americku-podrsku-unatoc-embargu\/#article","isPartOf":{"@id":"https:\/\/radioljubuski.ba\/index.php\/2021\/08\/07\/gojko-susak-covjek-koji-je-uoci-oluje-osigurao-americku-podrsku-unatoc-embargu\/"},"author":{"name":"Radio Ljubu\u0161ki","@id":"https:\/\/radioljubuski.ba\/#\/schema\/person\/19fc700381a780f69665d7956c469e3b"},"headline":"Gojko \u0160u\u0161ak \u2013 \u010dovjek koji je uo\u010di Oluje osigurao ameri\u010dku podr\u0161ku unato\u010d embargu","datePublished":"2021-08-07T20:48:49+00:00","dateModified":"2021-08-07T20:48:51+00:00","mainEntityOfPage":{"@id":"https:\/\/radioljubuski.ba\/index.php\/2021\/08\/07\/gojko-susak-covjek-koji-je-uoci-oluje-osigurao-americku-podrsku-unatoc-embargu\/"},"wordCount":1843,"publisher":{"@id":"https:\/\/radioljubuski.ba\/#organization"},"image":{"@id":"https:\/\/radioljubuski.ba\/index.php\/2021\/08\/07\/gojko-susak-covjek-koji-je-uoci-oluje-osigurao-americku-podrsku-unatoc-embargu\/#primaryimage"},"thumbnailUrl":"https:\/\/radioljubuski.ba\/wp-content\/uploads\/2021\/08\/Screenshot-from-2021-05-11-18-49-34-696x500-1.png","articleSection":["BIH i regija"],"inLanguage":"hr"},{"@type":"WebPage","@id":"https:\/\/radioljubuski.ba\/index.php\/2021\/08\/07\/gojko-susak-covjek-koji-je-uoci-oluje-osigurao-americku-podrsku-unatoc-embargu\/","url":"https:\/\/radioljubuski.ba\/index.php\/2021\/08\/07\/gojko-susak-covjek-koji-je-uoci-oluje-osigurao-americku-podrsku-unatoc-embargu\/","name":"Gojko \u0160u\u0161ak \u2013 \u010dovjek koji je uo\u010di Oluje osigurao ameri\u010dku podr\u0161ku unato\u010d embargu - RADIO LJUBU\u0160KI","isPartOf":{"@id":"https:\/\/radioljubuski.ba\/#website"},"primaryImageOfPage":{"@id":"https:\/\/radioljubuski.ba\/index.php\/2021\/08\/07\/gojko-susak-covjek-koji-je-uoci-oluje-osigurao-americku-podrsku-unatoc-embargu\/#primaryimage"},"image":{"@id":"https:\/\/radioljubuski.ba\/index.php\/2021\/08\/07\/gojko-susak-covjek-koji-je-uoci-oluje-osigurao-americku-podrsku-unatoc-embargu\/#primaryimage"},"thumbnailUrl":"https:\/\/radioljubuski.ba\/wp-content\/uploads\/2021\/08\/Screenshot-from-2021-05-11-18-49-34-696x500-1.png","datePublished":"2021-08-07T20:48:49+00:00","dateModified":"2021-08-07T20:48:51+00:00","breadcrumb":{"@id":"https:\/\/radioljubuski.ba\/index.php\/2021\/08\/07\/gojko-susak-covjek-koji-je-uoci-oluje-osigurao-americku-podrsku-unatoc-embargu\/#breadcrumb"},"inLanguage":"hr","potentialAction":[{"@type":"ReadAction","target":["https:\/\/radioljubuski.ba\/index.php\/2021\/08\/07\/gojko-susak-covjek-koji-je-uoci-oluje-osigurao-americku-podrsku-unatoc-embargu\/"]}]},{"@type":"ImageObject","inLanguage":"hr","@id":"https:\/\/radioljubuski.ba\/index.php\/2021\/08\/07\/gojko-susak-covjek-koji-je-uoci-oluje-osigurao-americku-podrsku-unatoc-embargu\/#primaryimage","url":"https:\/\/radioljubuski.ba\/wp-content\/uploads\/2021\/08\/Screenshot-from-2021-05-11-18-49-34-696x500-1.png","contentUrl":"https:\/\/radioljubuski.ba\/wp-content\/uploads\/2021\/08\/Screenshot-from-2021-05-11-18-49-34-696x500-1.png","width":696,"height":500},{"@type":"BreadcrumbList","@id":"https:\/\/radioljubuski.ba\/index.php\/2021\/08\/07\/gojko-susak-covjek-koji-je-uoci-oluje-osigurao-americku-podrsku-unatoc-embargu\/#breadcrumb","itemListElement":[{"@type":"ListItem","position":1,"name":"Po\u010detna stranica","item":"https:\/\/radioljubuski.ba\/"},{"@type":"ListItem","position":2,"name":"Gojko \u0160u\u0161ak \u2013 \u010dovjek koji je uo\u010di Oluje osigurao ameri\u010dku podr\u0161ku unato\u010d embargu"}]},{"@type":"WebSite","@id":"https:\/\/radioljubuski.ba\/#website","url":"https:\/\/radioljubuski.ba\/","name":"Radio Ljubu\u0161ki","description":"Sun\u010dana frekvencija Hercegovine","publisher":{"@id":"https:\/\/radioljubuski.ba\/#organization"},"potentialAction":[{"@type":"SearchAction","target":{"@type":"EntryPoint","urlTemplate":"https:\/\/radioljubuski.ba\/?s={search_term_string}"},"query-input":{"@type":"PropertyValueSpecification","valueRequired":true,"valueName":"search_term_string"}}],"inLanguage":"hr"},{"@type":"Organization","@id":"https:\/\/radioljubuski.ba\/#organization","name":"Radio Ljubu\u0161ki","url":"https:\/\/radioljubuski.ba\/","logo":{"@type":"ImageObject","inLanguage":"hr","@id":"https:\/\/radioljubuski.ba\/#\/schema\/logo\/image\/","url":"https:\/\/radioljubuski.ba\/wp-content\/uploads\/2021\/02\/cropped-Radio_Ljubuski_logo1.jpg","contentUrl":"https:\/\/radioljubuski.ba\/wp-content\/uploads\/2021\/02\/cropped-Radio_Ljubuski_logo1.jpg","width":512,"height":512,"caption":"Radio Ljubu\u0161ki"},"image":{"@id":"https:\/\/radioljubuski.ba\/#\/schema\/logo\/image\/"},"sameAs":["https:\/\/www.facebook.com\/Radiio-Ljubuski-1490835324566332","https:\/\/x.com\/radioljubuski","https:\/\/hr.linkedin.com\/company\/radio-ljubuski","https:\/\/www.youtube.com\/channel\/UCHYaeO_n0Db3tjNGudGpXyw"]},{"@type":"Person","@id":"https:\/\/radioljubuski.ba\/#\/schema\/person\/19fc700381a780f69665d7956c469e3b","name":"Radio Ljubu\u0161ki"}]}},"_links":{"self":[{"href":"https:\/\/radioljubuski.ba\/index.php\/wp-json\/wp\/v2\/posts\/51347","targetHints":{"allow":["GET"]}}],"collection":[{"href":"https:\/\/radioljubuski.ba\/index.php\/wp-json\/wp\/v2\/posts"}],"about":[{"href":"https:\/\/radioljubuski.ba\/index.php\/wp-json\/wp\/v2\/types\/post"}],"author":[{"embeddable":true,"href":"https:\/\/radioljubuski.ba\/index.php\/wp-json\/wp\/v2\/users\/2"}],"replies":[{"embeddable":true,"href":"https:\/\/radioljubuski.ba\/index.php\/wp-json\/wp\/v2\/comments?post=51347"}],"version-history":[{"count":1,"href":"https:\/\/radioljubuski.ba\/index.php\/wp-json\/wp\/v2\/posts\/51347\/revisions"}],"predecessor-version":[{"id":51349,"href":"https:\/\/radioljubuski.ba\/index.php\/wp-json\/wp\/v2\/posts\/51347\/revisions\/51349"}],"wp:featuredmedia":[{"embeddable":true,"href":"https:\/\/radioljubuski.ba\/index.php\/wp-json\/wp\/v2\/media\/51348"}],"wp:attachment":[{"href":"https:\/\/radioljubuski.ba\/index.php\/wp-json\/wp\/v2\/media?parent=51347"}],"wp:term":[{"taxonomy":"category","embeddable":true,"href":"https:\/\/radioljubuski.ba\/index.php\/wp-json\/wp\/v2\/categories?post=51347"},{"taxonomy":"post_tag","embeddable":true,"href":"https:\/\/radioljubuski.ba\/index.php\/wp-json\/wp\/v2\/tags?post=51347"}],"curies":[{"name":"wp","href":"https:\/\/api.w.org\/{rel}","templated":true}]}}