{"id":51350,"date":"2021-08-07T21:49:46","date_gmt":"2021-08-07T20:49:46","guid":{"rendered":"https:\/\/radioljubuski.ba\/?p=51350"},"modified":"2021-08-08T20:44:57","modified_gmt":"2021-08-08T19:44:57","slug":"bih-trazi-od-hrvatske-da-procesuira-zapovjednike-oni-u-cudu-neka-nas-vec-jednom-puste-na-miru","status":"publish","type":"post","link":"https:\/\/radioljubuski.ba\/index.php\/2021\/08\/07\/bih-trazi-od-hrvatske-da-procesuira-zapovjednike-oni-u-cudu-neka-nas-vec-jednom-puste-na-miru\/","title":{"rendered":"BiH tra\u017ei od Hrvatske da procesuira zapovjednike, oni u \u010dudu: &#8220;Neka nas ve\u0107 jednom puste na miru!&#8221;"},"content":{"rendered":"\n<p>BiH tra\u017ei od Hrvatske da preuzme procesuiranje 14 generala Hrvatske vojske zbog sumnje u po\u010dinjenje ratnih zlo\u010dina tijekom Bljeska. Me\u0111u osobama koje bi trebalo kazneno progoniti Sarajevo su i trojica preminulih generala predvo\u0111ena biv\u0161im na\u010delnikom glavnog sto\u017eera Petrom Stipeti\u0107em.<\/p>\n\n\n\n<p>Neugodna vijest za hrvatske ratne zapovjednike, kazneni progon zbog operacije Bljesak tra\u017ei BiH, na popisu je i umirovljeni general Vinko Vrbanac.<\/p>\n\n\n\n<p>&#8220;Do\u017eivio sam to jako lo\u0161e i neugodno i smatram da, da nas se ve\u0107 jedanput puste na miru\u201c, rekao je umirovljeni general Vinko Vrbanac reporterki&nbsp;<a href=\"https:\/\/dnevnik.hr\/vijesti\/hrvatska\/bih-hrvatskoj-poslala-zamolnicu-za-preuzimanjem-progona-protiv-ratnih-zapovjednika-iz-bljeska---662210.html?itm_source=HomeTopRow&amp;itm_medium=Dnevnik&amp;itm_campaign=Naslovnica\" target=\"_blank\" rel=\"noreferrer noopener\">Dnevnika Nove TV&nbsp;<\/a>Josipi Krajinovi\u0107.<\/p>\n\n\n\n<p>Dnevnik Nove TV doznaje, tu\u017eiteljstvo BiH je poslalo zamolnicu Hrvatskoj za preuzimanje kaznenog progona i to za 14 hrvatskih \u010dasnika, me\u0111u njima ratni zapovjednici &#8211; Pavao Miljavac, Mladen Marka\u010d, Marijan Marekovi\u0107, Davor Domazet-Lo\u0161o, Luka D\u017eanko.<\/p>\n\n\n\n<p>Na popisu su i preminuli &#8211; Petar Stipeti\u0107, Imra Agoti\u0107, Ivan Basarac.<\/p>\n\n\n\n<p>Zatim, na popisu su se na\u0161li i Renato Romi\u0107, \u017deljko Verkaz, Rudolf Lokner, Vlado Gavri\u0107 i Zapovjednik topni\u0161tva Ga\u0161ljevi\u0107 u akciji Bljesak.<\/p>\n\n\n\n<p>&#8220;Ministarstvo pravosu\u0111a i uprave \u0107e ovih dana proslijediti predmete Dr\u017eavnom odvjetni\u0161tvu i kao \u0161to je dosada bilo, Dr\u017eavno odvjetni\u0161tvo \u0107e u neovisnom istra\u017enom postupku odlu\u010diti \u0161to \u0107e s tim predmetima&#8221;, ka\u017ee Josip Salapi\u0107, dr\u017eavni tajnik u Ministarstvu pravosu\u0111a.<\/p>\n\n\n\n<p>BiH ih &#8211; na istom popisu tra\u017eenih &#8211; terete za dva kaznena djela &#8211; ratni zlo\u010din protiv civila i povreda zakona i obi\u010daja ratovanja.<\/p>\n\n\n\n<p>&#8220;\u010cuo sam da se radi o Bljesku, ali nemam pojma gdje bi tu bio ratni zlo\u010din. Mi nismo u Bljesku prelazili granicu hrvatske dr\u017eave&#8221;, \u010dudi se Vrbanac.<\/p>\n\n\n\n<p>&#8220;Mislim da je to legitimna operacija Hrvatske vojske i da nikakve posebne namjere postupaka za ugro\u017eavanje BiH nije bilo&#8221;, govori Pavao Miljavac.<\/p>\n\n\n\n<p>&#8220;Oni se upu\u0161taju u ono u \u0161to ne bi trebali, mi smo njima puno pomogli i kad je najvi\u0161e trebalo i trebali bi biti zahvalni za sve \u0161to je Hrvatska vojska pomogla susjednoj dr\u017eavni BiH\u201c, smatra Luka D\u017eanko.<\/p>\n\n\n\n<p>Vjeruju da je sve orkestrirano.<\/p>\n\n\n\n<p>&#8220;Ovo je sve rekla kazala. Po meni je to \u010dak i politi\u010dki motivirano s obzirom na inicijativu Hrvatske da malo pomogne Hrvatima u BiH. Pa i oko Pelje\u0161kog mosta. Pa su loptice prebacili na na\u0161 teren. Ja znam za te optu\u017enice one su 15 god stare, i za\u0161to ba\u0161 sad\u2026?\u201c, pita se Miljavac.<\/p>\n\n\n\n<p>&#8220;Vjerojatno iz nekog drugog razloga. Ja to do\u017eivljavam kao jednu op\u0107u harangu na branitelje i Domovinski rat&#8221;, dodaje umirovljeni general Vrbanac.<\/p>\n\n\n\n<p>Predsjednik Republike je prekju\u010der iz Knina poslao poruku Bosni i Hercegovini. Rekao je da taj film &#8220;ne budu gledali&#8221;.<\/p>\n\n\n\n<p>Poru\u010duju sli\u010dno i iz Ministarstva pravosu\u0111a.<\/p>\n\n\n\n<p>&#8220;Povijesne \u010dinjenice o Domovinskom ratu, sve na\u0161e oslobodila\u010dke akcije, svi na\u0161i vojnici, vojska su pod posebnom za\u0161titom i posebnim nacionalnim interesom RH. Mi kao odgovorna dr\u017eava i Vlada ne mo\u017eemo dozvoliti kriminaliziranje Domovinskog rata niti dovesti u pitanje ijednu legalnu ustavnu i me\u0111unarodno pravnu zakonitu vojnu akciju hrvatskih oru\u017eanih snaga u osloba\u0111anju hrvatskog teritorija&#8221;, ka\u017ee Salapi\u0107.<\/p>\n\n\n\n<p>Iz tu\u017eiteljstva BiH nisu odgovorili na na\u0161 upit. Osumnji\u010deni umirovljeni generali od Hrvatske o\u010dekuju &#8211; za\u0161titu.<\/p>\n\n\n\n<p>Izvor:dnevnik.hr<\/p>\n","protected":false},"excerpt":{"rendered":"<p>BiH tra\u017ei od Hrvatske da preuzme procesuiranje 14 generala Hrvatske vojske zbog sumnje u po\u010dinjenje ratnih zlo\u010dina tijekom Bljeska. Me\u0111u osobama koje bi trebalo kazneno progoniti Sarajevo su i trojica preminulih generala predvo\u0111ena biv\u0161im na\u010delnikom glavnog sto\u017eera Petrom Stipeti\u0107em. Neugodna vijest za hrvatske ratne zapovjednike, kazneni progon zbog operacije Bljesak tra\u017ei BiH, na popisu je [&hellip;]<\/p>\n","protected":false},"author":2,"featured_media":51351,"comment_status":"closed","ping_status":"closed","sticky":false,"template":"","format":"standard","meta":{"h5ap_radio_sources":[],"footnotes":""},"categories":[1],"tags":[],"class_list":["post-51350","post","type-post","status-publish","format-standard","has-post-thumbnail","hentry","category-bihiregija"],"yoast_head":"<!-- This site is optimized with the Yoast SEO plugin v27.5 - https:\/\/yoast.com\/product\/yoast-seo-wordpress\/ -->\n<title>BiH tra\u017ei od Hrvatske da procesuira zapovjednike, oni u \u010dudu: &quot;Neka nas ve\u0107 jednom puste na miru!&quot; - RADIO LJUBU\u0160KI<\/title>\n<meta name=\"robots\" content=\"index, follow, max-snippet:-1, max-image-preview:large, max-video-preview:-1\" \/>\n<link rel=\"canonical\" href=\"https:\/\/radioljubuski.ba\/index.php\/2021\/08\/07\/bih-trazi-od-hrvatske-da-procesuira-zapovjednike-oni-u-cudu-neka-nas-vec-jednom-puste-na-miru\/\" \/>\n<meta property=\"og:locale\" content=\"hr_HR\" \/>\n<meta property=\"og:type\" content=\"article\" \/>\n<meta property=\"og:title\" content=\"BiH tra\u017ei od Hrvatske da procesuira zapovjednike, oni u \u010dudu: &quot;Neka nas ve\u0107 jednom puste na miru!&quot; - RADIO LJUBU\u0160KI\" \/>\n<meta property=\"og:description\" content=\"BiH tra\u017ei od Hrvatske da preuzme procesuiranje 14 generala Hrvatske vojske zbog sumnje u po\u010dinjenje ratnih zlo\u010dina tijekom Bljeska. Me\u0111u osobama koje bi trebalo kazneno progoniti Sarajevo su i trojica preminulih generala predvo\u0111ena biv\u0161im na\u010delnikom glavnog sto\u017eera Petrom Stipeti\u0107em. Neugodna vijest za hrvatske ratne zapovjednike, kazneni progon zbog operacije Bljesak tra\u017ei BiH, na popisu je [&hellip;]\" \/>\n<meta property=\"og:url\" content=\"https:\/\/radioljubuski.ba\/index.php\/2021\/08\/07\/bih-trazi-od-hrvatske-da-procesuira-zapovjednike-oni-u-cudu-neka-nas-vec-jednom-puste-na-miru\/\" \/>\n<meta property=\"og:site_name\" content=\"RADIO LJUBU\u0160KI\" \/>\n<meta property=\"article:publisher\" content=\"https:\/\/www.facebook.com\/Radiio-Ljubuski-1490835324566332\" \/>\n<meta property=\"article:published_time\" content=\"2021-08-07T20:49:46+00:00\" \/>\n<meta property=\"article:modified_time\" content=\"2021-08-08T19:44:57+00:00\" \/>\n<meta property=\"og:image\" content=\"https:\/\/radioljubuski.ba\/wp-content\/uploads\/2021\/08\/vAIJrE6R_miljavac.jpg\" \/>\n\t<meta property=\"og:image:width\" content=\"1000\" \/>\n\t<meta property=\"og:image:height\" content=\"625\" \/>\n\t<meta property=\"og:image:type\" content=\"image\/jpeg\" \/>\n<meta name=\"author\" content=\"Radio Ljubu\u0161ki\" \/>\n<meta name=\"twitter:card\" content=\"summary_large_image\" \/>\n<meta name=\"twitter:creator\" content=\"@radioljubuski\" \/>\n<meta name=\"twitter:site\" content=\"@radioljubuski\" \/>\n<meta name=\"twitter:label1\" content=\"Napisao\/la\" \/>\n\t<meta name=\"twitter:data1\" content=\"Radio Ljubu\u0161ki\" \/>\n\t<meta name=\"twitter:label2\" content=\"Procijenjeno vrijeme \u010ditanja\" \/>\n\t<meta name=\"twitter:data2\" content=\"3 minute\" \/>\n<script type=\"application\/ld+json\" class=\"yoast-schema-graph\">{\"@context\":\"https:\\\/\\\/schema.org\",\"@graph\":[{\"@type\":\"Article\",\"@id\":\"https:\\\/\\\/radioljubuski.ba\\\/index.php\\\/2021\\\/08\\\/07\\\/bih-trazi-od-hrvatske-da-procesuira-zapovjednike-oni-u-cudu-neka-nas-vec-jednom-puste-na-miru\\\/#article\",\"isPartOf\":{\"@id\":\"https:\\\/\\\/radioljubuski.ba\\\/index.php\\\/2021\\\/08\\\/07\\\/bih-trazi-od-hrvatske-da-procesuira-zapovjednike-oni-u-cudu-neka-nas-vec-jednom-puste-na-miru\\\/\"},\"author\":{\"name\":\"Radio Ljubu\u0161ki\",\"@id\":\"https:\\\/\\\/radioljubuski.ba\\\/#\\\/schema\\\/person\\\/19fc700381a780f69665d7956c469e3b\"},\"headline\":\"BiH tra\u017ei od Hrvatske da procesuira zapovjednike, oni u \u010dudu: &#8220;Neka nas ve\u0107 jednom puste na miru!&#8221;\",\"datePublished\":\"2021-08-07T20:49:46+00:00\",\"dateModified\":\"2021-08-08T19:44:57+00:00\",\"mainEntityOfPage\":{\"@id\":\"https:\\\/\\\/radioljubuski.ba\\\/index.php\\\/2021\\\/08\\\/07\\\/bih-trazi-od-hrvatske-da-procesuira-zapovjednike-oni-u-cudu-neka-nas-vec-jednom-puste-na-miru\\\/\"},\"wordCount\":567,\"publisher\":{\"@id\":\"https:\\\/\\\/radioljubuski.ba\\\/#organization\"},\"image\":{\"@id\":\"https:\\\/\\\/radioljubuski.ba\\\/index.php\\\/2021\\\/08\\\/07\\\/bih-trazi-od-hrvatske-da-procesuira-zapovjednike-oni-u-cudu-neka-nas-vec-jednom-puste-na-miru\\\/#primaryimage\"},\"thumbnailUrl\":\"https:\\\/\\\/radioljubuski.ba\\\/wp-content\\\/uploads\\\/2021\\\/08\\\/vAIJrE6R_miljavac.jpg\",\"articleSection\":[\"BIH i regija\"],\"inLanguage\":\"hr\"},{\"@type\":\"WebPage\",\"@id\":\"https:\\\/\\\/radioljubuski.ba\\\/index.php\\\/2021\\\/08\\\/07\\\/bih-trazi-od-hrvatske-da-procesuira-zapovjednike-oni-u-cudu-neka-nas-vec-jednom-puste-na-miru\\\/\",\"url\":\"https:\\\/\\\/radioljubuski.ba\\\/index.php\\\/2021\\\/08\\\/07\\\/bih-trazi-od-hrvatske-da-procesuira-zapovjednike-oni-u-cudu-neka-nas-vec-jednom-puste-na-miru\\\/\",\"name\":\"BiH tra\u017ei od Hrvatske da procesuira zapovjednike, oni u \u010dudu: \\\"Neka nas ve\u0107 jednom puste na miru!\\\" - RADIO LJUBU\u0160KI\",\"isPartOf\":{\"@id\":\"https:\\\/\\\/radioljubuski.ba\\\/#website\"},\"primaryImageOfPage\":{\"@id\":\"https:\\\/\\\/radioljubuski.ba\\\/index.php\\\/2021\\\/08\\\/07\\\/bih-trazi-od-hrvatske-da-procesuira-zapovjednike-oni-u-cudu-neka-nas-vec-jednom-puste-na-miru\\\/#primaryimage\"},\"image\":{\"@id\":\"https:\\\/\\\/radioljubuski.ba\\\/index.php\\\/2021\\\/08\\\/07\\\/bih-trazi-od-hrvatske-da-procesuira-zapovjednike-oni-u-cudu-neka-nas-vec-jednom-puste-na-miru\\\/#primaryimage\"},\"thumbnailUrl\":\"https:\\\/\\\/radioljubuski.ba\\\/wp-content\\\/uploads\\\/2021\\\/08\\\/vAIJrE6R_miljavac.jpg\",\"datePublished\":\"2021-08-07T20:49:46+00:00\",\"dateModified\":\"2021-08-08T19:44:57+00:00\",\"breadcrumb\":{\"@id\":\"https:\\\/\\\/radioljubuski.ba\\\/index.php\\\/2021\\\/08\\\/07\\\/bih-trazi-od-hrvatske-da-procesuira-zapovjednike-oni-u-cudu-neka-nas-vec-jednom-puste-na-miru\\\/#breadcrumb\"},\"inLanguage\":\"hr\",\"potentialAction\":[{\"@type\":\"ReadAction\",\"target\":[\"https:\\\/\\\/radioljubuski.ba\\\/index.php\\\/2021\\\/08\\\/07\\\/bih-trazi-od-hrvatske-da-procesuira-zapovjednike-oni-u-cudu-neka-nas-vec-jednom-puste-na-miru\\\/\"]}]},{\"@type\":\"ImageObject\",\"inLanguage\":\"hr\",\"@id\":\"https:\\\/\\\/radioljubuski.ba\\\/index.php\\\/2021\\\/08\\\/07\\\/bih-trazi-od-hrvatske-da-procesuira-zapovjednike-oni-u-cudu-neka-nas-vec-jednom-puste-na-miru\\\/#primaryimage\",\"url\":\"https:\\\/\\\/radioljubuski.ba\\\/wp-content\\\/uploads\\\/2021\\\/08\\\/vAIJrE6R_miljavac.jpg\",\"contentUrl\":\"https:\\\/\\\/radioljubuski.ba\\\/wp-content\\\/uploads\\\/2021\\\/08\\\/vAIJrE6R_miljavac.jpg\",\"width\":1000,\"height\":625},{\"@type\":\"BreadcrumbList\",\"@id\":\"https:\\\/\\\/radioljubuski.ba\\\/index.php\\\/2021\\\/08\\\/07\\\/bih-trazi-od-hrvatske-da-procesuira-zapovjednike-oni-u-cudu-neka-nas-vec-jednom-puste-na-miru\\\/#breadcrumb\",\"itemListElement\":[{\"@type\":\"ListItem\",\"position\":1,\"name\":\"Po\u010detna stranica\",\"item\":\"https:\\\/\\\/radioljubuski.ba\\\/\"},{\"@type\":\"ListItem\",\"position\":2,\"name\":\"BiH tra\u017ei od Hrvatske da procesuira zapovjednike, oni u \u010dudu: &#8220;Neka nas ve\u0107 jednom puste na miru!&#8221;\"}]},{\"@type\":\"WebSite\",\"@id\":\"https:\\\/\\\/radioljubuski.ba\\\/#website\",\"url\":\"https:\\\/\\\/radioljubuski.ba\\\/\",\"name\":\"Radio Ljubu\u0161ki\",\"description\":\"Sun\u010dana frekvencija Hercegovine\",\"publisher\":{\"@id\":\"https:\\\/\\\/radioljubuski.ba\\\/#organization\"},\"potentialAction\":[{\"@type\":\"SearchAction\",\"target\":{\"@type\":\"EntryPoint\",\"urlTemplate\":\"https:\\\/\\\/radioljubuski.ba\\\/?s={search_term_string}\"},\"query-input\":{\"@type\":\"PropertyValueSpecification\",\"valueRequired\":true,\"valueName\":\"search_term_string\"}}],\"inLanguage\":\"hr\"},{\"@type\":\"Organization\",\"@id\":\"https:\\\/\\\/radioljubuski.ba\\\/#organization\",\"name\":\"Radio Ljubu\u0161ki\",\"url\":\"https:\\\/\\\/radioljubuski.ba\\\/\",\"logo\":{\"@type\":\"ImageObject\",\"inLanguage\":\"hr\",\"@id\":\"https:\\\/\\\/radioljubuski.ba\\\/#\\\/schema\\\/logo\\\/image\\\/\",\"url\":\"https:\\\/\\\/radioljubuski.ba\\\/wp-content\\\/uploads\\\/2021\\\/02\\\/cropped-Radio_Ljubuski_logo1.jpg\",\"contentUrl\":\"https:\\\/\\\/radioljubuski.ba\\\/wp-content\\\/uploads\\\/2021\\\/02\\\/cropped-Radio_Ljubuski_logo1.jpg\",\"width\":512,\"height\":512,\"caption\":\"Radio Ljubu\u0161ki\"},\"image\":{\"@id\":\"https:\\\/\\\/radioljubuski.ba\\\/#\\\/schema\\\/logo\\\/image\\\/\"},\"sameAs\":[\"https:\\\/\\\/www.facebook.com\\\/Radiio-Ljubuski-1490835324566332\",\"https:\\\/\\\/x.com\\\/radioljubuski\",\"https:\\\/\\\/hr.linkedin.com\\\/company\\\/radio-ljubuski\",\"https:\\\/\\\/www.youtube.com\\\/channel\\\/UCHYaeO_n0Db3tjNGudGpXyw\"]},{\"@type\":\"Person\",\"@id\":\"https:\\\/\\\/radioljubuski.ba\\\/#\\\/schema\\\/person\\\/19fc700381a780f69665d7956c469e3b\",\"name\":\"Radio Ljubu\u0161ki\"}]}<\/script>\n<!-- \/ Yoast SEO plugin. -->","yoast_head_json":{"title":"BiH tra\u017ei od Hrvatske da procesuira zapovjednike, oni u \u010dudu: \"Neka nas ve\u0107 jednom puste na miru!\" - RADIO LJUBU\u0160KI","robots":{"index":"index","follow":"follow","max-snippet":"max-snippet:-1","max-image-preview":"max-image-preview:large","max-video-preview":"max-video-preview:-1"},"canonical":"https:\/\/radioljubuski.ba\/index.php\/2021\/08\/07\/bih-trazi-od-hrvatske-da-procesuira-zapovjednike-oni-u-cudu-neka-nas-vec-jednom-puste-na-miru\/","og_locale":"hr_HR","og_type":"article","og_title":"BiH tra\u017ei od Hrvatske da procesuira zapovjednike, oni u \u010dudu: \"Neka nas ve\u0107 jednom puste na miru!\" - RADIO LJUBU\u0160KI","og_description":"BiH tra\u017ei od Hrvatske da preuzme procesuiranje 14 generala Hrvatske vojske zbog sumnje u po\u010dinjenje ratnih zlo\u010dina tijekom Bljeska. Me\u0111u osobama koje bi trebalo kazneno progoniti Sarajevo su i trojica preminulih generala predvo\u0111ena biv\u0161im na\u010delnikom glavnog sto\u017eera Petrom Stipeti\u0107em. Neugodna vijest za hrvatske ratne zapovjednike, kazneni progon zbog operacije Bljesak tra\u017ei BiH, na popisu je [&hellip;]","og_url":"https:\/\/radioljubuski.ba\/index.php\/2021\/08\/07\/bih-trazi-od-hrvatske-da-procesuira-zapovjednike-oni-u-cudu-neka-nas-vec-jednom-puste-na-miru\/","og_site_name":"RADIO LJUBU\u0160KI","article_publisher":"https:\/\/www.facebook.com\/Radiio-Ljubuski-1490835324566332","article_published_time":"2021-08-07T20:49:46+00:00","article_modified_time":"2021-08-08T19:44:57+00:00","og_image":[{"width":1000,"height":625,"url":"https:\/\/radioljubuski.ba\/wp-content\/uploads\/2021\/08\/vAIJrE6R_miljavac.jpg","type":"image\/jpeg"}],"author":"Radio Ljubu\u0161ki","twitter_card":"summary_large_image","twitter_creator":"@radioljubuski","twitter_site":"@radioljubuski","twitter_misc":{"Napisao\/la":"Radio Ljubu\u0161ki","Procijenjeno vrijeme \u010ditanja":"3 minute"},"schema":{"@context":"https:\/\/schema.org","@graph":[{"@type":"Article","@id":"https:\/\/radioljubuski.ba\/index.php\/2021\/08\/07\/bih-trazi-od-hrvatske-da-procesuira-zapovjednike-oni-u-cudu-neka-nas-vec-jednom-puste-na-miru\/#article","isPartOf":{"@id":"https:\/\/radioljubuski.ba\/index.php\/2021\/08\/07\/bih-trazi-od-hrvatske-da-procesuira-zapovjednike-oni-u-cudu-neka-nas-vec-jednom-puste-na-miru\/"},"author":{"name":"Radio Ljubu\u0161ki","@id":"https:\/\/radioljubuski.ba\/#\/schema\/person\/19fc700381a780f69665d7956c469e3b"},"headline":"BiH tra\u017ei od Hrvatske da procesuira zapovjednike, oni u \u010dudu: &#8220;Neka nas ve\u0107 jednom puste na miru!&#8221;","datePublished":"2021-08-07T20:49:46+00:00","dateModified":"2021-08-08T19:44:57+00:00","mainEntityOfPage":{"@id":"https:\/\/radioljubuski.ba\/index.php\/2021\/08\/07\/bih-trazi-od-hrvatske-da-procesuira-zapovjednike-oni-u-cudu-neka-nas-vec-jednom-puste-na-miru\/"},"wordCount":567,"publisher":{"@id":"https:\/\/radioljubuski.ba\/#organization"},"image":{"@id":"https:\/\/radioljubuski.ba\/index.php\/2021\/08\/07\/bih-trazi-od-hrvatske-da-procesuira-zapovjednike-oni-u-cudu-neka-nas-vec-jednom-puste-na-miru\/#primaryimage"},"thumbnailUrl":"https:\/\/radioljubuski.ba\/wp-content\/uploads\/2021\/08\/vAIJrE6R_miljavac.jpg","articleSection":["BIH i regija"],"inLanguage":"hr"},{"@type":"WebPage","@id":"https:\/\/radioljubuski.ba\/index.php\/2021\/08\/07\/bih-trazi-od-hrvatske-da-procesuira-zapovjednike-oni-u-cudu-neka-nas-vec-jednom-puste-na-miru\/","url":"https:\/\/radioljubuski.ba\/index.php\/2021\/08\/07\/bih-trazi-od-hrvatske-da-procesuira-zapovjednike-oni-u-cudu-neka-nas-vec-jednom-puste-na-miru\/","name":"BiH tra\u017ei od Hrvatske da procesuira zapovjednike, oni u \u010dudu: \"Neka nas ve\u0107 jednom puste na miru!\" - RADIO LJUBU\u0160KI","isPartOf":{"@id":"https:\/\/radioljubuski.ba\/#website"},"primaryImageOfPage":{"@id":"https:\/\/radioljubuski.ba\/index.php\/2021\/08\/07\/bih-trazi-od-hrvatske-da-procesuira-zapovjednike-oni-u-cudu-neka-nas-vec-jednom-puste-na-miru\/#primaryimage"},"image":{"@id":"https:\/\/radioljubuski.ba\/index.php\/2021\/08\/07\/bih-trazi-od-hrvatske-da-procesuira-zapovjednike-oni-u-cudu-neka-nas-vec-jednom-puste-na-miru\/#primaryimage"},"thumbnailUrl":"https:\/\/radioljubuski.ba\/wp-content\/uploads\/2021\/08\/vAIJrE6R_miljavac.jpg","datePublished":"2021-08-07T20:49:46+00:00","dateModified":"2021-08-08T19:44:57+00:00","breadcrumb":{"@id":"https:\/\/radioljubuski.ba\/index.php\/2021\/08\/07\/bih-trazi-od-hrvatske-da-procesuira-zapovjednike-oni-u-cudu-neka-nas-vec-jednom-puste-na-miru\/#breadcrumb"},"inLanguage":"hr","potentialAction":[{"@type":"ReadAction","target":["https:\/\/radioljubuski.ba\/index.php\/2021\/08\/07\/bih-trazi-od-hrvatske-da-procesuira-zapovjednike-oni-u-cudu-neka-nas-vec-jednom-puste-na-miru\/"]}]},{"@type":"ImageObject","inLanguage":"hr","@id":"https:\/\/radioljubuski.ba\/index.php\/2021\/08\/07\/bih-trazi-od-hrvatske-da-procesuira-zapovjednike-oni-u-cudu-neka-nas-vec-jednom-puste-na-miru\/#primaryimage","url":"https:\/\/radioljubuski.ba\/wp-content\/uploads\/2021\/08\/vAIJrE6R_miljavac.jpg","contentUrl":"https:\/\/radioljubuski.ba\/wp-content\/uploads\/2021\/08\/vAIJrE6R_miljavac.jpg","width":1000,"height":625},{"@type":"BreadcrumbList","@id":"https:\/\/radioljubuski.ba\/index.php\/2021\/08\/07\/bih-trazi-od-hrvatske-da-procesuira-zapovjednike-oni-u-cudu-neka-nas-vec-jednom-puste-na-miru\/#breadcrumb","itemListElement":[{"@type":"ListItem","position":1,"name":"Po\u010detna stranica","item":"https:\/\/radioljubuski.ba\/"},{"@type":"ListItem","position":2,"name":"BiH tra\u017ei od Hrvatske da procesuira zapovjednike, oni u \u010dudu: &#8220;Neka nas ve\u0107 jednom puste na miru!&#8221;"}]},{"@type":"WebSite","@id":"https:\/\/radioljubuski.ba\/#website","url":"https:\/\/radioljubuski.ba\/","name":"Radio Ljubu\u0161ki","description":"Sun\u010dana frekvencija Hercegovine","publisher":{"@id":"https:\/\/radioljubuski.ba\/#organization"},"potentialAction":[{"@type":"SearchAction","target":{"@type":"EntryPoint","urlTemplate":"https:\/\/radioljubuski.ba\/?s={search_term_string}"},"query-input":{"@type":"PropertyValueSpecification","valueRequired":true,"valueName":"search_term_string"}}],"inLanguage":"hr"},{"@type":"Organization","@id":"https:\/\/radioljubuski.ba\/#organization","name":"Radio Ljubu\u0161ki","url":"https:\/\/radioljubuski.ba\/","logo":{"@type":"ImageObject","inLanguage":"hr","@id":"https:\/\/radioljubuski.ba\/#\/schema\/logo\/image\/","url":"https:\/\/radioljubuski.ba\/wp-content\/uploads\/2021\/02\/cropped-Radio_Ljubuski_logo1.jpg","contentUrl":"https:\/\/radioljubuski.ba\/wp-content\/uploads\/2021\/02\/cropped-Radio_Ljubuski_logo1.jpg","width":512,"height":512,"caption":"Radio Ljubu\u0161ki"},"image":{"@id":"https:\/\/radioljubuski.ba\/#\/schema\/logo\/image\/"},"sameAs":["https:\/\/www.facebook.com\/Radiio-Ljubuski-1490835324566332","https:\/\/x.com\/radioljubuski","https:\/\/hr.linkedin.com\/company\/radio-ljubuski","https:\/\/www.youtube.com\/channel\/UCHYaeO_n0Db3tjNGudGpXyw"]},{"@type":"Person","@id":"https:\/\/radioljubuski.ba\/#\/schema\/person\/19fc700381a780f69665d7956c469e3b","name":"Radio Ljubu\u0161ki"}]}},"_links":{"self":[{"href":"https:\/\/radioljubuski.ba\/index.php\/wp-json\/wp\/v2\/posts\/51350","targetHints":{"allow":["GET"]}}],"collection":[{"href":"https:\/\/radioljubuski.ba\/index.php\/wp-json\/wp\/v2\/posts"}],"about":[{"href":"https:\/\/radioljubuski.ba\/index.php\/wp-json\/wp\/v2\/types\/post"}],"author":[{"embeddable":true,"href":"https:\/\/radioljubuski.ba\/index.php\/wp-json\/wp\/v2\/users\/2"}],"replies":[{"embeddable":true,"href":"https:\/\/radioljubuski.ba\/index.php\/wp-json\/wp\/v2\/comments?post=51350"}],"version-history":[{"count":1,"href":"https:\/\/radioljubuski.ba\/index.php\/wp-json\/wp\/v2\/posts\/51350\/revisions"}],"predecessor-version":[{"id":51352,"href":"https:\/\/radioljubuski.ba\/index.php\/wp-json\/wp\/v2\/posts\/51350\/revisions\/51352"}],"wp:featuredmedia":[{"embeddable":true,"href":"https:\/\/radioljubuski.ba\/index.php\/wp-json\/wp\/v2\/media\/51351"}],"wp:attachment":[{"href":"https:\/\/radioljubuski.ba\/index.php\/wp-json\/wp\/v2\/media?parent=51350"}],"wp:term":[{"taxonomy":"category","embeddable":true,"href":"https:\/\/radioljubuski.ba\/index.php\/wp-json\/wp\/v2\/categories?post=51350"},{"taxonomy":"post_tag","embeddable":true,"href":"https:\/\/radioljubuski.ba\/index.php\/wp-json\/wp\/v2\/tags?post=51350"}],"curies":[{"name":"wp","href":"https:\/\/api.w.org\/{rel}","templated":true}]}}