{"id":51371,"date":"2021-08-07T22:50:20","date_gmt":"2021-08-07T21:50:20","guid":{"rendered":"https:\/\/radioljubuski.ba\/?p=51371"},"modified":"2021-08-07T22:50:21","modified_gmt":"2021-08-07T21:50:21","slug":"dr-sc-begonja-na-golom-otoku-miro-baresic-odlucio-je-da-ce-napustiti-jugoslaviju","status":"publish","type":"post","link":"https:\/\/radioljubuski.ba\/index.php\/2021\/08\/07\/dr-sc-begonja-na-golom-otoku-miro-baresic-odlucio-je-da-ce-napustiti-jugoslaviju\/","title":{"rendered":"Dr. sc. Begonja: Na Golom otoku Miro Bare\u0161i\u0107 odlu\u010dio je da \u0107e napustiti Jugoslaviju"},"content":{"rendered":"\n<p>\u201cRade\u0107i u restoranu Miro (Bare\u0161i\u0107) je dolazio u doticaj s brojnim posjetiteljima, od kojih su neki bili posebice zanimljivi, osobito oni preko kojih je mogao do\u0107i u mogu\u0107nost dodatne spoznaje o pro\u0161losti vlastite u\u017ee obitelji. Tako je, po svojem osobnom svjedo\u010denju, prvi puta posredstvom jednoga doma\u0107ega gosta saznao za sudbinu svoja \u010detiri ujaka, koji su&nbsp;<strong>u poslijeratnom razdoblju strijeljani od narodne vlasti 1947. godine<\/strong>. (\u2026)&nbsp;U prethodno spomenutom slu\u010daju upoznavanja s obiteljskom pro\u0161lo\u0161\u0107u, Miro je pored toga dobio i va\u017ene podatke o pro\u0161losti svojega oca, ali jednako tako i zahvaljuju\u0107i takvim razgovorima priznao da se tada&nbsp;<strong>po prvi puta susreo sa zna\u010denjem osje\u0107aja da je Hrvat<\/strong>, a ne kako je u dotada\u0161njim razmi\u0161ljanjima sebe vidio Jugoslavenom ili Dalmatincem.\u201d \u2013 istaknuo je dr. sc.&nbsp;<strong>Zlatko Begonja<\/strong>, profesor na Odjelu za povijest Sveu\u010dili\u0161ta u Zadru, u svom izlaganju na znanstveno-stru\u010dnom simpoziju povodom 30-e godi\u0161njice pogibije&nbsp;<strong>Mira Bare\u0161i\u0107a<\/strong>&nbsp;pod nazivom \u201cMiro Bare\u0161i\u0107 \u2013 borac za slobodu a ne terorist\u201c.<\/p>\n\n\n\n<p>Simpoziji se odr\u017eao u petak 30.07.2021 u 10:00 sati ujutro na lokaciji Restoran San Antonio, Ulica Dr. Franje Tu\u0111mana 2, 23211 Drage. Dr.sc. Begonja odr\u017eao je izlaganje na temu \u201cPodrijetlo, obitelj i djetinjstvo Mira Bare\u0161i\u0107a\u201d.<\/p>\n\n\n\n<p>Njegovo izlaganje u nastavku prenosimo u cijelosti.<\/p>\n\n\n\n<p><strong>Podrijetlo, obitelj i djetinjstvo Mira Bare\u0161i\u0107a<\/strong><\/p>\n\n\n\n<p>\u201cMiro Bare\u0161i\u0107 ro\u0111en je 10. rujna 1950. u \u0160ibeniku od oca Jure i majke Vjere. Osnovnu \u0161kolu poha\u0111ao je i zavr\u0161io tako\u0111er u \u0160ibeniku. U ranoj mladena\u010dkoj dobio bavio se \u0161portom, i to posebice borila\u010dkim vje\u0161tinama kao \u0161to su bili judo i karate, koje \u0107e mu u kasnijem \u017eivotnom razdoblju biti od golemoga zna\u010daja prilikom odabira i dobivanja poslova. Kako je i sam nagla\u0161avao u tom dijelu formativnog razdoblja imao je apsolutnu potporu obitelji, pa i u ne tako rijetkim prigodama kada je zbog svojega osebujnog pona\u0161anja, odnosno po vlastitom priznanju zaigrane naravi \u0161to je \u010desto rezultiralo sudjelovanjima u fizi\u010dkim obra\u010dunima, imao problema s tada\u0161njom milicijom. Otac mu je bio jedno vrijeme komandir milicije u \u0160ibeniku, te je nakon toga svoj radni vijek nastavio u tvornici mangana.<\/p>\n\n\n\n<p>Za po\u010detak ovoga ogleda, napose iz razdoblja odrastanja Mira Bare\u0161i\u0107a, nu\u017eno je skrenuti pozornost na jedan od zna\u010dajnijih doga\u0111aja, koji je na njega ostavio traga i na stanoviti na\u010din ukazao mu na odre\u0111ena re\u017eimska pravila za \u010dija se nepo\u0161tivanja moglo zavr\u0161iti s dugotrajnim vremenskim kaznama zatvora. Rije\u010d je bila o njegovom sudjelovanju u izvedbi predvojni\u010dke obuke koja je bila organizirana u blizini \u0160ibenika. Naime, tada se u sklopu zadanih vje\u017ebi odvijala i ona koja je sadr\u017eavala u\u010denje i prihva\u0107anje nametnutih poslu\u0161ni\u010dkih odnosa vojnika prema oficirskom kadru, \u0161to je iz avanturisti\u010dkoga duha, ali i prkosa potaklo Mira i neke od njegovih prijatelja na izvedbu zarobljavanja nekolicine oficira, te njihovoga razoru\u017eavanja i potom bjegunstva s mjesta doga\u0111aja. Nakon \u0161to su naknadno bili uhi\u0107eni, premda maloljetnici, zavr\u0161ili su u \u0161ibenskom zatvoru gdje su prema Mirovom svjedo\u010denju osjetili udar prvoga pendreka na svojim le\u0111ima. U zatvoru su proveli 20 dana, premda im je prijetila dugotrajnija vremenska kazna uklju\u010div\u0161i i mogu\u0107nost, zapravo prijetnja da budu izvedeni pred vojni sud. Da razvoj doga\u0111aja za njih nije oti\u0161ao u takvom negativnom smjeru, mogli su zahvaliti Mirovom ocu Juri koji je koriste\u0107i se svojim poznanstvima uspio osloboditi svojega sina i njegove suu\u010desnike za navedenu radnju. Takva je iz mladena\u010dke zaigranosti prerasla u ozbiljan \u010din kojega je komunisti\u010dki totalitarni re\u017eim tretirao te\u0161kim oblikom prekr\u0161aja ravnim opasnim napadom na vojne osobe, odnosno \u010duvare Jugoslavije, \u010duvare tekovina NOB-e i nazivanoga bratstva i jedinstva svih na\u0161ih naroda i narodnosti.<\/p>\n\n\n\n<p>Ve\u0107 1965., \u0161to zna\u010di u petnaestoj godini \u017eivota, Miro je pribavio pomorsku knji\u017eicu, te se sa svojom dvojicom prijatelja odlu\u010dio za bjegunstvo iz Jugoslavije. U pripremi takve akcije imali su namjeru iskoristiti prigodu koja im se ukazivala u \u0161ibenskoj pomorskoj luci, a u koju su stalno pristizali i vezivali se mnogi brodovi trgova\u010dke mornarice. Prema njihovom zajedni\u010dkom dogovoru iskoristili su prvu prikladnu no\u0107 i kradomice se ukrcali na brod \u201eRijeka\u201c, gdje su se smjestili u jednoj od postavljenih malih brodica za spa\u0161avanje na moru. Tijekom plovidbe i to neposredno pri dolasku blizu talijanske granice bili su od strane posade broda \u201eRijeka\u201c zamije\u0107eni kao tzv. slijepi putnici, \u0161to je posadi i posebice zapovjedniku broda predstavljalo golemi problem. Naime, prema me\u0111unarodno va\u017ee\u0107im pomorskim propisima prije uplovljenja u luku, zapovjednik broda du\u017ean je obavijestiti predstavnike lu\u010dke vlasti da se na brodu nalaze tzv. slijepi putnici, koji brod ne smiju napustiti dok to ne dopuste odre\u0111ena tijela vlasti dr\u017eave u kojoj se nalazi luka pristajanja. Kako je brod plovio prema odredi\u0161tu u \u0160panjolskoj spomenuta procedura je u cijelosti obavljena, pa se u tom pogledu podrazumijevalo policijsko ispitivanje koje je na isti na\u010din ponovljeno i na slijede\u0107oj odredi\u0161noj to\u010dci u Portugalu. Uglavnom, valja kazati kako ni jedna od dvije spomenutih dr\u017eava nije prihvatila prijem takvih putnika na svojem teritoriju, \u0161to ih je zbog toga primoralo na nastavak plovidbe na istom brodu i tako dovelo do jedne engleske luke, gdje su tako\u0111er po uobi\u010dajenoj proceduri bili ispitivani od strane redarstvenih dr\u017eavnih tijela. Kako se upravo u to vrijeme u engleskoj luci odvijao prosvjed lu\u010dkih radnika, to su oni zajedno s posadom bili primorani ostati na vezu narednih nekoliko tjedana. U me\u0111uvremenu, prema kazivanju Mira, u luku je doplovio i vezao se brod \u201ePula\u201c, na kojega su potom ukrcali njega i dvojicu prijatelja te ih na taj na\u010din vratili natrag u Jugoslaviju, odnosnu luku Pula. Po dolasku u Pulu prihva\u0107eni su od jugoslavenskih represivnih tijela, te po kazni stavljeni u samice i odmah nakon toga \u017eurno preba\u010deni u Rijeku odakle su sprovedeni u \u0161ibenski zatvor. Tek za vrijeme njihova utamni\u010denja Mirova je obitelj saznala o tome gdje se nalazi on i prijatelji, pa je ponovno intervenirao njegov otac nakon \u010dega su pritvorenici pu\u0161teni na slobodu.<\/p>\n\n\n\n<p>S obzirom na takve okolnosti, kao i neda\u0107e \u0161to ih je Miro upravo svojim nesputanih duhom i tako proizi\u0161lim pona\u0161anjem u\u010destalo izazivao, otac je odlu\u010dio kako bi ga u prvome redu zaustavio od nakane izvedbe bjegunstva, upisati na dodatno \u0161kolovanje u ve\u010dernju ugostiteljsku \u0161kolu. Upravo iz takvih razloga otac je pokrenuo novi posao, otvorio je restoran prehrane. Kako su imali obiteljsku ku\u0107u u mjestu Drage, otvoreni restoran je u to vrijeme imao sjajnu perspektivu i stoga veoma dobro prihodovao, i to naprosto zato jer je mjesto Drage smje\u0161teno na prikladnom polo\u017eaju uz magistralnu cestu, \u0161to je bio jedan od va\u017enijih \u010dimbenika kod izbora za posjetu brojnih turista koji su se u ljetnom razdoblju tu zatekli, ili prolazili kroz to podru\u010dje. Rade\u0107i u restoranu Miro je dolazio u doticaj s brojnim posjetiteljima, od kojih su neki bili posebice zanimljivi, osobito oni preko kojih je mogao do\u0107i u mogu\u0107nost dodatne spoznaje o pro\u0161losti vlastite u\u017ee obitelji. Tako je, po svojem osobnom svjedo\u010denju, prvi puta posredstvom jednoga doma\u0107ega gosta saznao za sudbinu svoja \u010detiri ujaka, koji su&nbsp;<strong>u poslijeratnom razdoblju strijeljani od narodne vlasti 1947. godine<\/strong>. Kako je i sam naglasio, u njegovoj ku\u0107i o tim se doga\u0111ajima nije nikada pri\u010dalo, izme\u0111u ostaloga jer je otac Jure za vrijeme rata bio u partizanima, dok se majka tada jedno vrijeme nalazila u talijanskom fa\u0161isti\u010dkom logoru za civilne internirce na otoku Molatu. Sasvim je izvjesno da bi takve reminiscencije na doga\u0111aje mogle pobu\u0111ivati razli\u010dita razmi\u0161ljanjima o poslijeratnim zbivanjima, \u0161to bi po onda\u0161njoj narodnoj vlasti moglo imati odre\u0111enih oblika negativnosti napose u odgoju i usmjerenju mladih i njihovom prihva\u0107anju komunisti\u010dkoga re\u017eima. Stoga je bilo uputno \u0161utnjom nametnuti zaborav, ali na taj na\u010din i osigurati tako uspostavljeno ozra\u010dje straha u dru\u0161tvu, \u0161to je re\u017eimu u takvim okolnostima jam\u010dilo provedbu nesmetane ideolo\u0161ke indoktrinacije. U tom kontekstu neophodno je bilo i promatrati pona\u0161anje obitelji Bare\u0161i\u0107, koja je svjesna re\u017eimske presije odabrala jedino mogu\u0107u opciju koja je njenim \u010dlanovima mogla u to vrijeme donekle jam\u010diti mir, premda ne i potpuni zaborav pro\u0161le zbilje.<\/p>\n\n\n\n<p>U prethodno spomenutom slu\u010daju upoznavanja s obiteljskom pro\u0161lo\u0161\u0107u, Miro je pored toga dobio i va\u017ene podatke o pro\u0161losti svojega oca, ali jednako tako i zahvaljuju\u0107i takvim razgovorima priznao da se tada&nbsp;<strong>po prvi puta susreo sa zna\u010denjem osje\u0107aja da je Hrvat<\/strong>, a ne kako je u dotada\u0161njim razmi\u0161ljanjima sebe vidio Jugoslavenom ili Dalmatincem. Jednako tako ovdje je va\u017eno naglasiti kako je Miro sam priznao da je navedeni restoran, odnosno gostionica za njega u tom kontekstu zna\u010dila i zapravo prvu politi\u010dku \u0161kolu s kojom je zapo\u010deo obrazovanje u smislu pro\u0161irenja svojih vidika, \u0161to mu je pored ostaloga stvaralo pretpostavke za lak\u0161e razumijevanje statusa vlastite obitelji u dru\u0161tvu, ali i polo\u017eaja svojega naroda u komunisti\u010dkoj Jugoslaviji.<\/p>\n\n\n\n<p>Nakon obavljenih niza poslova u restoranu, Miro je svako svoje slobodno vrijeme koristio za odlazak u \u0160ibenik. Primjerice, u jednom takvom izlasku 1968. fizi\u010dki se sukobio sa sinom narodnoga heroja Drage \u017divkovi\u0107a, nakon \u010dega je, premda, kako sam navodi, ni na koji na\u010din nije bio kriv za izazivanje obra\u010duna, priveden na policiju i potom na sud koji ga je kaznio zatvorom u kaznionici na Golom otoku i to u trajanju od \u0161est mjeseci. Za napomenuti je tako\u0111er i podatak kako je sin narodnoga heroja, ina\u010de pora\u017eeni u sukobu, bio oslobo\u0111en svake krivice. Potom je uslijedio Mirov put i dolazak na Goli otok, gdje je u svojem kratkom osvrtu ukazao na strahote koje su vladale u takvome tipu zatvora, sasvim sigurno tada jednom od najstra\u0161nijih u Europi s posebno brutalnim i nehumanim re\u017eimom prema ka\u017enjenicima. U tom smislu naveo je izme\u0111u ostaloga slijede\u0107e: \u201ePrvi dan na Golom otoku nijedan zatvorenik ne pro\u0111e bez batina. Svako jutro je bilo bu\u0111enje u \u010detiri sata. Najprije smo morali napraviti krevete, onda slu\u0161ati njihovu re\u017eimsku propagandu. Na svakom koraku su nas maltretirali.\u201c Za potvrdu ovako iznesenih opa\u017eanja Mira Bare\u0161i\u0107a, ovdje \u0107u prema navodu jednoga od svojedobnih ka\u017enjenika, premda iz ne\u0161to ranijega razdoblja tijekom 50-ih, iznijeti samo neke od oblika ka\u017enjavanja \u0161to su bili provo\u0111eni nad zatvorenicima. Izme\u0111u ostalih posebice su se isticali: zatvaranje u nepodno\u0161ljive samice (to je navodio i Miro Bare\u0161i\u0107 kao odjeljenje 102 u kojemu se nalaze samice gdje su ljude mu\u010dili, mrcvarili i ubijali); potom zatvaranje u podzemlje kaveza gdje mora\u0161 stajati i braniti se od gladnih \u0161takora; pu\u0161tanje vode u plu\u0107a pod pritiskom od 5 bara; provo\u0111enje elektri\u010dne struje u zatvoreni krug: tijelo \u2013 spolni organ \u2013 jezik; neprestano gledanje u sunce; rad u moru po najve\u0107oj hladno\u0107i i brojni drugi primjeri nehumanoga pona\u0161anja zatvorskoga re\u017eima i stra\u017eara prema zatvorenicima.<\/p>\n\n\n\n<p>Ovdje je tako\u0111er zanimljiva i primjedba Mira Bare\u0161i\u0107a koju je naveo iz svojih sje\u0107anja, a odnosila se na podatak o tome kako je upravo na Golom otoku ponajbolje shvatio kako se i koliko me\u0111usobno mrze Hrvati i Srbi. Jednako tako primjetio je kako su Albanci bili distancirani od svih, premda su dijelom ipak imali stanovitih, ali veoma malih kontakata s Hrvatima. I na koncu ovoga osvrta glede razdoblja izdr\u017eavanja njegove kazne, dr\u017eim potrebitim napose podvu\u0107i Mirovu konstataciju: \u201eAli priznajem, da mi je tih \u0161est mjeseci na Golom otoku kojeg su se ljudi toliko bojali i o kojemu se svega i sva\u010dega pri\u010dalo, bili od velike koristi za moju budu\u0107nost.\u201c Upravo zahvaljuju\u0107i takvome razvoju doga\u0111aja, kao i u skrivenim razgovorima s hrvatskim politi\u010dkim zatvorenicima u kaznionici, donio je kona\u010dnu odluku o tome kako nakon izdr\u017eane kazne mora napustiti, kako je kazao: \u201enesretnu Jugoslaviju, jer sam se zakleo da ne \u0107u slu\u017eiti njezinu vojsku.\u201c I tu zapravo zapo\u010dinje onaj drugi, emigrantski dio Mirovog \u017eivota po kojemu \u0107e ostati trajno zapam\u0107en u novijoj hrvatskoj pro\u0161losti.<\/p>\n\n\n\n<p>Zaklju\u010dno valja kazati, kako je, promatraju\u0107i ovakav slijed doga\u0111aja vezanih uz Mira Bare\u0161i\u0107a, izuzetno va\u017eno razumjeti da postupak ocjene njegove pro\u0161losti nu\u017eno zahtijeva slo\u017eeniji i cjelovitiji pristup. U prvome redu ne mo\u017eemo smetnuti s uma kako takva osoba dolazi iz obitelji u kojoj je otac bio pripadnik partizanskih postrojbi u Drugome svjetskom ratu, \u010dime je zapravo stvorena pretpostavka da \u0107e njegovi biolo\u0161ki nasljednici imati osnovu za promicanje komunisti\u010dkoga svjetonazorskoga i ideolo\u0161koga pogleda. Me\u0111utim, s druge strane, majka je unutar svoje obitelji imala dijelom druga\u010dija iskustva, pa i samom \u010dinjenicom da joj je poslijeratna revolucionarna narodna vlast u mirnodopskim okolnostima smaknula bra\u0107u. Uva\u017eavaju\u0107i izme\u0111u ostaloga i ove dvije veoma va\u017ene i nesporne \u010dinjenice, postavlja se logi\u010dno pitanje kako to Miro Bare\u0161i\u0107 postaje potpuno predan hrvatskim nacionalnim osje\u0107ajima, odnosno \u0161to je bio klju\u010dni motiv ili, rekao bih, poticajni element, da se u svojoj mladena\u010dkoj, a napose u zreloj \u017eivotnoj dobi bezodvla\u010dno okrene borbi za ostvarenje prava njegova hrvatskoga naroda, \u0161to je u prvome redu podrazumijevalo ispunjenje dugotrajne te\u017enje za uspostavom samostalne Hrvatske. Za primijetiti je, a to neupitno proizlazi iz njegovih priznanja, kako su na tako usvojene poglede i promi\u0161ljanja utjecali pojedinci s kojima se susretao u te\u0161kim \u017eivotnim okolnostima u Jugoslaviji, kao i kasnije u emigraciji. Pritom je u ovome kontekstu jednako va\u017eno upravo za sastavljanje potpunijega mozaika, napomenuti i podatak da je uvijek bez obzira na nastale situacije iza njega stajala, odnosno u svemu ga podr\u017eavala njegova obitelj. Sasvim je sigurno kako su navedene pojedinosti i doga\u0111aji, bez iznimke, imali golemoga utjecaja na ukupno formiranje Mirovoga domoljubnoga stajali\u0161ta, ali pritom je nadasve va\u017eno istaknuti kako je ipak njegova jaka osobnost bila presudna za kona\u010dni odabir svjetonazorskih i \u017eivotnih odre\u0111enja. Uzev\u0161i sve to u obzir, a za dono\u0161enje potpunije procjene promatranoga dijela njegove pro\u0161losti, valjalo bi se prikloniti uravnote\u017eenome odnosu osje\u0107aja i razuma. U tom pogledu va\u017eno je istaknuti njegovu postoje\u0107u \u017eelju, ali je jednako tako neophodno skrenuti pozornost i na \u010dinjenicu kako mu je \u017eivotni put u emigraciji bitno dao sadr\u017eaj, zapravo upozorio ga i podu\u010dio brojnim te\u0161ko\u0107ama s kojima se susretao njegov hrvatski narod kako u domovini tako i u inozemstvu.<\/p>\n\n\n\n<p>Jednako tako, premda izravno nije vezano uz konkretnu temu, ovdje je potrebno ukazati i na ne\u0161to \u0161to bi dijelom moglo ponuditi odgovore na neka od stalno prisutnih pitanja. Naime, rije\u010d je o tome kako je Miro Bare\u0161i\u0107 u svojemu \u017eivotu u emigraciji, zahvaljuju\u0107i nizu doga\u0111aja koji su ga izme\u0111u ostaloga doveli u poziciju suradnje s brojnim zna\u010dajnim pojedincima iz stranih zemalja, stekao uz njihovu pomo\u0107 ve\u0107u mogu\u0107nost saznanja o djelovanjima i pona\u0161anjima osoba koji su tada stizali iz Hrvatske, ili pak drugih dijelova Jugoslavije. Osobito je to bilo va\u017eno u kontekstu dobivanja izravnije i stoga potpunije slike s kakvim su ciljevima i zadatcima takvi dolazili u emigraciju. Upravo zato valja imati na umu i ovu dimenziju koja nikako ne smije ostati po strani kada se poku\u0161avaju odgonetnuti pitanja za\u0161to je, kako i na koji na\u010din povratkom u Hrvatsku stradao Miro Bare\u0161i\u0107. Slijedom toga dr\u017eim neophodnim navesti jo\u0161 jedan osobni sud, a koji proizlazi iz slaganja navedenih \u010dinjenica, a to je da bi sasvim sigurno mjerila koja su vrijedila, odnosno vrijede za mnoge sudionike u obrambenom i oslobodila\u010dkom Domovinskom ratu, bila u mnogo \u010demu druga\u010dija da je Miro Bare\u0161i\u0107 ostao \u017eiv.\u201d<\/p>\n\n\n\n<p><em>Izvor: narod.hr<\/em><\/p>\n","protected":false},"excerpt":{"rendered":"<p>\u201cRade\u0107i u restoranu Miro (Bare\u0161i\u0107) je dolazio u doticaj s brojnim posjetiteljima, od kojih su neki bili posebice zanimljivi, osobito oni preko kojih je mogao do\u0107i u mogu\u0107nost dodatne spoznaje o pro\u0161losti vlastite u\u017ee obitelji. Tako je, po svojem osobnom svjedo\u010denju, prvi puta posredstvom jednoga doma\u0107ega gosta saznao za sudbinu svoja \u010detiri ujaka, koji su&nbsp;u [&hellip;]<\/p>\n","protected":false},"author":2,"featured_media":51372,"comment_status":"closed","ping_status":"closed","sticky":false,"template":"","format":"standard","meta":{"h5ap_radio_sources":[],"footnotes":""},"categories":[1],"tags":[],"class_list":["post-51371","post","type-post","status-publish","format-standard","has-post-thumbnail","hentry","category-bihiregija"],"yoast_head":"<!-- This site is optimized with the Yoast SEO plugin v27.5 - https:\/\/yoast.com\/product\/yoast-seo-wordpress\/ -->\n<title>Dr. sc. Begonja: Na Golom otoku Miro Bare\u0161i\u0107 odlu\u010dio je da \u0107e napustiti Jugoslaviju - RADIO LJUBU\u0160KI<\/title>\n<meta name=\"robots\" content=\"index, follow, max-snippet:-1, max-image-preview:large, max-video-preview:-1\" \/>\n<link rel=\"canonical\" href=\"https:\/\/radioljubuski.ba\/index.php\/2021\/08\/07\/dr-sc-begonja-na-golom-otoku-miro-baresic-odlucio-je-da-ce-napustiti-jugoslaviju\/\" \/>\n<meta property=\"og:locale\" content=\"hr_HR\" \/>\n<meta property=\"og:type\" content=\"article\" \/>\n<meta property=\"og:title\" content=\"Dr. sc. Begonja: Na Golom otoku Miro Bare\u0161i\u0107 odlu\u010dio je da \u0107e napustiti Jugoslaviju - RADIO LJUBU\u0160KI\" \/>\n<meta property=\"og:description\" content=\"\u201cRade\u0107i u restoranu Miro (Bare\u0161i\u0107) je dolazio u doticaj s brojnim posjetiteljima, od kojih su neki bili posebice zanimljivi, osobito oni preko kojih je mogao do\u0107i u mogu\u0107nost dodatne spoznaje o pro\u0161losti vlastite u\u017ee obitelji. Tako je, po svojem osobnom svjedo\u010denju, prvi puta posredstvom jednoga doma\u0107ega gosta saznao za sudbinu svoja \u010detiri ujaka, koji su&nbsp;u [&hellip;]\" \/>\n<meta property=\"og:url\" content=\"https:\/\/radioljubuski.ba\/index.php\/2021\/08\/07\/dr-sc-begonja-na-golom-otoku-miro-baresic-odlucio-je-da-ce-napustiti-jugoslaviju\/\" \/>\n<meta property=\"og:site_name\" content=\"RADIO LJUBU\u0160KI\" \/>\n<meta property=\"article:publisher\" content=\"https:\/\/www.facebook.com\/Radiio-Ljubuski-1490835324566332\" \/>\n<meta property=\"article:published_time\" content=\"2021-08-07T21:50:20+00:00\" \/>\n<meta property=\"article:modified_time\" content=\"2021-08-07T21:50:21+00:00\" \/>\n<meta property=\"og:image\" content=\"https:\/\/radioljubuski.ba\/wp-content\/uploads\/2021\/08\/Begonja_osobna-696x525-1.jpg\" \/>\n\t<meta property=\"og:image:width\" content=\"696\" \/>\n\t<meta property=\"og:image:height\" content=\"525\" \/>\n\t<meta property=\"og:image:type\" content=\"image\/jpeg\" \/>\n<meta name=\"author\" content=\"Radio Ljubu\u0161ki\" \/>\n<meta name=\"twitter:card\" content=\"summary_large_image\" \/>\n<meta name=\"twitter:creator\" content=\"@radioljubuski\" \/>\n<meta name=\"twitter:site\" content=\"@radioljubuski\" \/>\n<meta name=\"twitter:label1\" content=\"Napisao\/la\" \/>\n\t<meta name=\"twitter:data1\" content=\"Radio Ljubu\u0161ki\" \/>\n\t<meta name=\"twitter:label2\" content=\"Procijenjeno vrijeme \u010ditanja\" \/>\n\t<meta name=\"twitter:data2\" content=\"11 minuta\" \/>\n<script type=\"application\/ld+json\" class=\"yoast-schema-graph\">{\"@context\":\"https:\\\/\\\/schema.org\",\"@graph\":[{\"@type\":\"Article\",\"@id\":\"https:\\\/\\\/radioljubuski.ba\\\/index.php\\\/2021\\\/08\\\/07\\\/dr-sc-begonja-na-golom-otoku-miro-baresic-odlucio-je-da-ce-napustiti-jugoslaviju\\\/#article\",\"isPartOf\":{\"@id\":\"https:\\\/\\\/radioljubuski.ba\\\/index.php\\\/2021\\\/08\\\/07\\\/dr-sc-begonja-na-golom-otoku-miro-baresic-odlucio-je-da-ce-napustiti-jugoslaviju\\\/\"},\"author\":{\"name\":\"Radio Ljubu\u0161ki\",\"@id\":\"https:\\\/\\\/radioljubuski.ba\\\/#\\\/schema\\\/person\\\/19fc700381a780f69665d7956c469e3b\"},\"headline\":\"Dr. sc. Begonja: Na Golom otoku Miro Bare\u0161i\u0107 odlu\u010dio je da \u0107e napustiti Jugoslaviju\",\"datePublished\":\"2021-08-07T21:50:20+00:00\",\"dateModified\":\"2021-08-07T21:50:21+00:00\",\"mainEntityOfPage\":{\"@id\":\"https:\\\/\\\/radioljubuski.ba\\\/index.php\\\/2021\\\/08\\\/07\\\/dr-sc-begonja-na-golom-otoku-miro-baresic-odlucio-je-da-ce-napustiti-jugoslaviju\\\/\"},\"wordCount\":2706,\"publisher\":{\"@id\":\"https:\\\/\\\/radioljubuski.ba\\\/#organization\"},\"image\":{\"@id\":\"https:\\\/\\\/radioljubuski.ba\\\/index.php\\\/2021\\\/08\\\/07\\\/dr-sc-begonja-na-golom-otoku-miro-baresic-odlucio-je-da-ce-napustiti-jugoslaviju\\\/#primaryimage\"},\"thumbnailUrl\":\"https:\\\/\\\/radioljubuski.ba\\\/wp-content\\\/uploads\\\/2021\\\/08\\\/Begonja_osobna-696x525-1.jpg\",\"articleSection\":[\"BIH i regija\"],\"inLanguage\":\"hr\"},{\"@type\":\"WebPage\",\"@id\":\"https:\\\/\\\/radioljubuski.ba\\\/index.php\\\/2021\\\/08\\\/07\\\/dr-sc-begonja-na-golom-otoku-miro-baresic-odlucio-je-da-ce-napustiti-jugoslaviju\\\/\",\"url\":\"https:\\\/\\\/radioljubuski.ba\\\/index.php\\\/2021\\\/08\\\/07\\\/dr-sc-begonja-na-golom-otoku-miro-baresic-odlucio-je-da-ce-napustiti-jugoslaviju\\\/\",\"name\":\"Dr. sc. Begonja: Na Golom otoku Miro Bare\u0161i\u0107 odlu\u010dio je da \u0107e napustiti Jugoslaviju - RADIO LJUBU\u0160KI\",\"isPartOf\":{\"@id\":\"https:\\\/\\\/radioljubuski.ba\\\/#website\"},\"primaryImageOfPage\":{\"@id\":\"https:\\\/\\\/radioljubuski.ba\\\/index.php\\\/2021\\\/08\\\/07\\\/dr-sc-begonja-na-golom-otoku-miro-baresic-odlucio-je-da-ce-napustiti-jugoslaviju\\\/#primaryimage\"},\"image\":{\"@id\":\"https:\\\/\\\/radioljubuski.ba\\\/index.php\\\/2021\\\/08\\\/07\\\/dr-sc-begonja-na-golom-otoku-miro-baresic-odlucio-je-da-ce-napustiti-jugoslaviju\\\/#primaryimage\"},\"thumbnailUrl\":\"https:\\\/\\\/radioljubuski.ba\\\/wp-content\\\/uploads\\\/2021\\\/08\\\/Begonja_osobna-696x525-1.jpg\",\"datePublished\":\"2021-08-07T21:50:20+00:00\",\"dateModified\":\"2021-08-07T21:50:21+00:00\",\"breadcrumb\":{\"@id\":\"https:\\\/\\\/radioljubuski.ba\\\/index.php\\\/2021\\\/08\\\/07\\\/dr-sc-begonja-na-golom-otoku-miro-baresic-odlucio-je-da-ce-napustiti-jugoslaviju\\\/#breadcrumb\"},\"inLanguage\":\"hr\",\"potentialAction\":[{\"@type\":\"ReadAction\",\"target\":[\"https:\\\/\\\/radioljubuski.ba\\\/index.php\\\/2021\\\/08\\\/07\\\/dr-sc-begonja-na-golom-otoku-miro-baresic-odlucio-je-da-ce-napustiti-jugoslaviju\\\/\"]}]},{\"@type\":\"ImageObject\",\"inLanguage\":\"hr\",\"@id\":\"https:\\\/\\\/radioljubuski.ba\\\/index.php\\\/2021\\\/08\\\/07\\\/dr-sc-begonja-na-golom-otoku-miro-baresic-odlucio-je-da-ce-napustiti-jugoslaviju\\\/#primaryimage\",\"url\":\"https:\\\/\\\/radioljubuski.ba\\\/wp-content\\\/uploads\\\/2021\\\/08\\\/Begonja_osobna-696x525-1.jpg\",\"contentUrl\":\"https:\\\/\\\/radioljubuski.ba\\\/wp-content\\\/uploads\\\/2021\\\/08\\\/Begonja_osobna-696x525-1.jpg\",\"width\":696,\"height\":525},{\"@type\":\"BreadcrumbList\",\"@id\":\"https:\\\/\\\/radioljubuski.ba\\\/index.php\\\/2021\\\/08\\\/07\\\/dr-sc-begonja-na-golom-otoku-miro-baresic-odlucio-je-da-ce-napustiti-jugoslaviju\\\/#breadcrumb\",\"itemListElement\":[{\"@type\":\"ListItem\",\"position\":1,\"name\":\"Po\u010detna stranica\",\"item\":\"https:\\\/\\\/radioljubuski.ba\\\/\"},{\"@type\":\"ListItem\",\"position\":2,\"name\":\"Dr. sc. Begonja: Na Golom otoku Miro Bare\u0161i\u0107 odlu\u010dio je da \u0107e napustiti Jugoslaviju\"}]},{\"@type\":\"WebSite\",\"@id\":\"https:\\\/\\\/radioljubuski.ba\\\/#website\",\"url\":\"https:\\\/\\\/radioljubuski.ba\\\/\",\"name\":\"Radio Ljubu\u0161ki\",\"description\":\"Sun\u010dana frekvencija Hercegovine\",\"publisher\":{\"@id\":\"https:\\\/\\\/radioljubuski.ba\\\/#organization\"},\"potentialAction\":[{\"@type\":\"SearchAction\",\"target\":{\"@type\":\"EntryPoint\",\"urlTemplate\":\"https:\\\/\\\/radioljubuski.ba\\\/?s={search_term_string}\"},\"query-input\":{\"@type\":\"PropertyValueSpecification\",\"valueRequired\":true,\"valueName\":\"search_term_string\"}}],\"inLanguage\":\"hr\"},{\"@type\":\"Organization\",\"@id\":\"https:\\\/\\\/radioljubuski.ba\\\/#organization\",\"name\":\"Radio Ljubu\u0161ki\",\"url\":\"https:\\\/\\\/radioljubuski.ba\\\/\",\"logo\":{\"@type\":\"ImageObject\",\"inLanguage\":\"hr\",\"@id\":\"https:\\\/\\\/radioljubuski.ba\\\/#\\\/schema\\\/logo\\\/image\\\/\",\"url\":\"https:\\\/\\\/radioljubuski.ba\\\/wp-content\\\/uploads\\\/2021\\\/02\\\/cropped-Radio_Ljubuski_logo1.jpg\",\"contentUrl\":\"https:\\\/\\\/radioljubuski.ba\\\/wp-content\\\/uploads\\\/2021\\\/02\\\/cropped-Radio_Ljubuski_logo1.jpg\",\"width\":512,\"height\":512,\"caption\":\"Radio Ljubu\u0161ki\"},\"image\":{\"@id\":\"https:\\\/\\\/radioljubuski.ba\\\/#\\\/schema\\\/logo\\\/image\\\/\"},\"sameAs\":[\"https:\\\/\\\/www.facebook.com\\\/Radiio-Ljubuski-1490835324566332\",\"https:\\\/\\\/x.com\\\/radioljubuski\",\"https:\\\/\\\/hr.linkedin.com\\\/company\\\/radio-ljubuski\",\"https:\\\/\\\/www.youtube.com\\\/channel\\\/UCHYaeO_n0Db3tjNGudGpXyw\"]},{\"@type\":\"Person\",\"@id\":\"https:\\\/\\\/radioljubuski.ba\\\/#\\\/schema\\\/person\\\/19fc700381a780f69665d7956c469e3b\",\"name\":\"Radio Ljubu\u0161ki\"}]}<\/script>\n<!-- \/ Yoast SEO plugin. -->","yoast_head_json":{"title":"Dr. sc. Begonja: Na Golom otoku Miro Bare\u0161i\u0107 odlu\u010dio je da \u0107e napustiti Jugoslaviju - RADIO LJUBU\u0160KI","robots":{"index":"index","follow":"follow","max-snippet":"max-snippet:-1","max-image-preview":"max-image-preview:large","max-video-preview":"max-video-preview:-1"},"canonical":"https:\/\/radioljubuski.ba\/index.php\/2021\/08\/07\/dr-sc-begonja-na-golom-otoku-miro-baresic-odlucio-je-da-ce-napustiti-jugoslaviju\/","og_locale":"hr_HR","og_type":"article","og_title":"Dr. sc. Begonja: Na Golom otoku Miro Bare\u0161i\u0107 odlu\u010dio je da \u0107e napustiti Jugoslaviju - RADIO LJUBU\u0160KI","og_description":"\u201cRade\u0107i u restoranu Miro (Bare\u0161i\u0107) je dolazio u doticaj s brojnim posjetiteljima, od kojih su neki bili posebice zanimljivi, osobito oni preko kojih je mogao do\u0107i u mogu\u0107nost dodatne spoznaje o pro\u0161losti vlastite u\u017ee obitelji. Tako je, po svojem osobnom svjedo\u010denju, prvi puta posredstvom jednoga doma\u0107ega gosta saznao za sudbinu svoja \u010detiri ujaka, koji su&nbsp;u [&hellip;]","og_url":"https:\/\/radioljubuski.ba\/index.php\/2021\/08\/07\/dr-sc-begonja-na-golom-otoku-miro-baresic-odlucio-je-da-ce-napustiti-jugoslaviju\/","og_site_name":"RADIO LJUBU\u0160KI","article_publisher":"https:\/\/www.facebook.com\/Radiio-Ljubuski-1490835324566332","article_published_time":"2021-08-07T21:50:20+00:00","article_modified_time":"2021-08-07T21:50:21+00:00","og_image":[{"width":696,"height":525,"url":"https:\/\/radioljubuski.ba\/wp-content\/uploads\/2021\/08\/Begonja_osobna-696x525-1.jpg","type":"image\/jpeg"}],"author":"Radio Ljubu\u0161ki","twitter_card":"summary_large_image","twitter_creator":"@radioljubuski","twitter_site":"@radioljubuski","twitter_misc":{"Napisao\/la":"Radio Ljubu\u0161ki","Procijenjeno vrijeme \u010ditanja":"11 minuta"},"schema":{"@context":"https:\/\/schema.org","@graph":[{"@type":"Article","@id":"https:\/\/radioljubuski.ba\/index.php\/2021\/08\/07\/dr-sc-begonja-na-golom-otoku-miro-baresic-odlucio-je-da-ce-napustiti-jugoslaviju\/#article","isPartOf":{"@id":"https:\/\/radioljubuski.ba\/index.php\/2021\/08\/07\/dr-sc-begonja-na-golom-otoku-miro-baresic-odlucio-je-da-ce-napustiti-jugoslaviju\/"},"author":{"name":"Radio Ljubu\u0161ki","@id":"https:\/\/radioljubuski.ba\/#\/schema\/person\/19fc700381a780f69665d7956c469e3b"},"headline":"Dr. sc. Begonja: Na Golom otoku Miro Bare\u0161i\u0107 odlu\u010dio je da \u0107e napustiti Jugoslaviju","datePublished":"2021-08-07T21:50:20+00:00","dateModified":"2021-08-07T21:50:21+00:00","mainEntityOfPage":{"@id":"https:\/\/radioljubuski.ba\/index.php\/2021\/08\/07\/dr-sc-begonja-na-golom-otoku-miro-baresic-odlucio-je-da-ce-napustiti-jugoslaviju\/"},"wordCount":2706,"publisher":{"@id":"https:\/\/radioljubuski.ba\/#organization"},"image":{"@id":"https:\/\/radioljubuski.ba\/index.php\/2021\/08\/07\/dr-sc-begonja-na-golom-otoku-miro-baresic-odlucio-je-da-ce-napustiti-jugoslaviju\/#primaryimage"},"thumbnailUrl":"https:\/\/radioljubuski.ba\/wp-content\/uploads\/2021\/08\/Begonja_osobna-696x525-1.jpg","articleSection":["BIH i regija"],"inLanguage":"hr"},{"@type":"WebPage","@id":"https:\/\/radioljubuski.ba\/index.php\/2021\/08\/07\/dr-sc-begonja-na-golom-otoku-miro-baresic-odlucio-je-da-ce-napustiti-jugoslaviju\/","url":"https:\/\/radioljubuski.ba\/index.php\/2021\/08\/07\/dr-sc-begonja-na-golom-otoku-miro-baresic-odlucio-je-da-ce-napustiti-jugoslaviju\/","name":"Dr. sc. Begonja: Na Golom otoku Miro Bare\u0161i\u0107 odlu\u010dio je da \u0107e napustiti Jugoslaviju - RADIO LJUBU\u0160KI","isPartOf":{"@id":"https:\/\/radioljubuski.ba\/#website"},"primaryImageOfPage":{"@id":"https:\/\/radioljubuski.ba\/index.php\/2021\/08\/07\/dr-sc-begonja-na-golom-otoku-miro-baresic-odlucio-je-da-ce-napustiti-jugoslaviju\/#primaryimage"},"image":{"@id":"https:\/\/radioljubuski.ba\/index.php\/2021\/08\/07\/dr-sc-begonja-na-golom-otoku-miro-baresic-odlucio-je-da-ce-napustiti-jugoslaviju\/#primaryimage"},"thumbnailUrl":"https:\/\/radioljubuski.ba\/wp-content\/uploads\/2021\/08\/Begonja_osobna-696x525-1.jpg","datePublished":"2021-08-07T21:50:20+00:00","dateModified":"2021-08-07T21:50:21+00:00","breadcrumb":{"@id":"https:\/\/radioljubuski.ba\/index.php\/2021\/08\/07\/dr-sc-begonja-na-golom-otoku-miro-baresic-odlucio-je-da-ce-napustiti-jugoslaviju\/#breadcrumb"},"inLanguage":"hr","potentialAction":[{"@type":"ReadAction","target":["https:\/\/radioljubuski.ba\/index.php\/2021\/08\/07\/dr-sc-begonja-na-golom-otoku-miro-baresic-odlucio-je-da-ce-napustiti-jugoslaviju\/"]}]},{"@type":"ImageObject","inLanguage":"hr","@id":"https:\/\/radioljubuski.ba\/index.php\/2021\/08\/07\/dr-sc-begonja-na-golom-otoku-miro-baresic-odlucio-je-da-ce-napustiti-jugoslaviju\/#primaryimage","url":"https:\/\/radioljubuski.ba\/wp-content\/uploads\/2021\/08\/Begonja_osobna-696x525-1.jpg","contentUrl":"https:\/\/radioljubuski.ba\/wp-content\/uploads\/2021\/08\/Begonja_osobna-696x525-1.jpg","width":696,"height":525},{"@type":"BreadcrumbList","@id":"https:\/\/radioljubuski.ba\/index.php\/2021\/08\/07\/dr-sc-begonja-na-golom-otoku-miro-baresic-odlucio-je-da-ce-napustiti-jugoslaviju\/#breadcrumb","itemListElement":[{"@type":"ListItem","position":1,"name":"Po\u010detna stranica","item":"https:\/\/radioljubuski.ba\/"},{"@type":"ListItem","position":2,"name":"Dr. sc. Begonja: Na Golom otoku Miro Bare\u0161i\u0107 odlu\u010dio je da \u0107e napustiti Jugoslaviju"}]},{"@type":"WebSite","@id":"https:\/\/radioljubuski.ba\/#website","url":"https:\/\/radioljubuski.ba\/","name":"Radio Ljubu\u0161ki","description":"Sun\u010dana frekvencija Hercegovine","publisher":{"@id":"https:\/\/radioljubuski.ba\/#organization"},"potentialAction":[{"@type":"SearchAction","target":{"@type":"EntryPoint","urlTemplate":"https:\/\/radioljubuski.ba\/?s={search_term_string}"},"query-input":{"@type":"PropertyValueSpecification","valueRequired":true,"valueName":"search_term_string"}}],"inLanguage":"hr"},{"@type":"Organization","@id":"https:\/\/radioljubuski.ba\/#organization","name":"Radio Ljubu\u0161ki","url":"https:\/\/radioljubuski.ba\/","logo":{"@type":"ImageObject","inLanguage":"hr","@id":"https:\/\/radioljubuski.ba\/#\/schema\/logo\/image\/","url":"https:\/\/radioljubuski.ba\/wp-content\/uploads\/2021\/02\/cropped-Radio_Ljubuski_logo1.jpg","contentUrl":"https:\/\/radioljubuski.ba\/wp-content\/uploads\/2021\/02\/cropped-Radio_Ljubuski_logo1.jpg","width":512,"height":512,"caption":"Radio Ljubu\u0161ki"},"image":{"@id":"https:\/\/radioljubuski.ba\/#\/schema\/logo\/image\/"},"sameAs":["https:\/\/www.facebook.com\/Radiio-Ljubuski-1490835324566332","https:\/\/x.com\/radioljubuski","https:\/\/hr.linkedin.com\/company\/radio-ljubuski","https:\/\/www.youtube.com\/channel\/UCHYaeO_n0Db3tjNGudGpXyw"]},{"@type":"Person","@id":"https:\/\/radioljubuski.ba\/#\/schema\/person\/19fc700381a780f69665d7956c469e3b","name":"Radio Ljubu\u0161ki"}]}},"_links":{"self":[{"href":"https:\/\/radioljubuski.ba\/index.php\/wp-json\/wp\/v2\/posts\/51371","targetHints":{"allow":["GET"]}}],"collection":[{"href":"https:\/\/radioljubuski.ba\/index.php\/wp-json\/wp\/v2\/posts"}],"about":[{"href":"https:\/\/radioljubuski.ba\/index.php\/wp-json\/wp\/v2\/types\/post"}],"author":[{"embeddable":true,"href":"https:\/\/radioljubuski.ba\/index.php\/wp-json\/wp\/v2\/users\/2"}],"replies":[{"embeddable":true,"href":"https:\/\/radioljubuski.ba\/index.php\/wp-json\/wp\/v2\/comments?post=51371"}],"version-history":[{"count":1,"href":"https:\/\/radioljubuski.ba\/index.php\/wp-json\/wp\/v2\/posts\/51371\/revisions"}],"predecessor-version":[{"id":51373,"href":"https:\/\/radioljubuski.ba\/index.php\/wp-json\/wp\/v2\/posts\/51371\/revisions\/51373"}],"wp:featuredmedia":[{"embeddable":true,"href":"https:\/\/radioljubuski.ba\/index.php\/wp-json\/wp\/v2\/media\/51372"}],"wp:attachment":[{"href":"https:\/\/radioljubuski.ba\/index.php\/wp-json\/wp\/v2\/media?parent=51371"}],"wp:term":[{"taxonomy":"category","embeddable":true,"href":"https:\/\/radioljubuski.ba\/index.php\/wp-json\/wp\/v2\/categories?post=51371"},{"taxonomy":"post_tag","embeddable":true,"href":"https:\/\/radioljubuski.ba\/index.php\/wp-json\/wp\/v2\/tags?post=51371"}],"curies":[{"name":"wp","href":"https:\/\/api.w.org\/{rel}","templated":true}]}}