{"id":51380,"date":"2021-08-07T22:55:38","date_gmt":"2021-08-07T21:55:38","guid":{"rendered":"https:\/\/radioljubuski.ba\/?p=51380"},"modified":"2021-08-07T22:55:38","modified_gmt":"2021-08-07T21:55:38","slug":"vucemilovic-neka-mlinaric-dretar-i-prkacin-kazu-jesu-li-zaista-imali-sjednicu-i-osudili-skoru","status":"publish","type":"post","link":"https:\/\/radioljubuski.ba\/index.php\/2021\/08\/07\/vucemilovic-neka-mlinaric-dretar-i-prkacin-kazu-jesu-li-zaista-imali-sjednicu-i-osudili-skoru\/","title":{"rendered":"Vu\u010demilovi\u0107: Neka Mlinari\u0107, Dretar i Prka\u010din ka\u017eu jesu li zaista imali sjednicu i osudili \u0160koru"},"content":{"rendered":"\n<p>Vesna Vu\u010demilovi\u0107, biv\u0161a \u010dlanica Domovinskog pokreta te aktualna nezavisna saborska zastupnica, za&nbsp;<a href=\"https:\/\/hr.n1info.com\/vijesti\/vucemilovic-prozvala-mlinarica-dretara-i-prkacina-je-li-zaista-bilo-sjednice\/\">Dnevnik N1<\/a>&nbsp;komentirala je stanje u stranci koju je napustila.<\/p>\n\n\n\n<p>Kazala je kako ne vjeruje da je novac glavni motiv Miroslava \u0160kore za napu\u0161tanje stranke, ali da tu o\u010dito ne\u0161to jo\u0161 nije \u0161timalo.<\/p>\n\n\n\n<p>\u201cU registru stranaka stoji da su odgovorne osobe \u0160koro i Radi\u0107 i oni su du\u017eni podnijeti kaznene prijave, ako utvrde da ne\u0161to ne \u0161tima. Potom dalje reagira DORH. Ako je on vidio da je ne\u0161to sporno, morao je reagirati. Ne vidim za\u0161to se digla graja niti za\u0161to se govori da je rije\u010d o la\u017enim prijavama. Jedino DORH mo\u017ee re\u0107i je li prijava opravdana, a ne Kre\u0161imir Bubalo\u201d, rekla je Vesna Vu\u010demilovi\u0107.<\/p>\n\n\n\n<p>Ljiljana Vuleti\u0107 sve je demantirala, nije bilo nikakvog kupovanja poklona, dodala je.<\/p>\n\n\n\n<p>\u201cO\u010dito je netko htio ru\u017enim neistinama oblatiti i \u0160koru i Domovinski pokret. Bilo bi prikladno da Bubalo pokrene stegovni postupak i protiv tog neimenovanog izvora koji je pustio pri\u010du, jer je i sve \u010dlanove DP-a izvrgnuo ruglu. Stranka je nakon \u010dlanka postala, koliko vidim, predmet sprdnje. To je grubo naru\u0161avanje ugleda i trebalo bi prouzro\u010diti sankcije protiv te osobe\u201d, rekla je Vu\u010demilovi\u0107.<\/p>\n\n\n\n<p>Naglasila je kako ne mo\u017ee vjerovati da se predsjedni\u0161tvo, koje se sastalo tjedan dana nakon \u0161to je \u0160koro podnio ostavku, sastalo dan nakon \u0160korinog intervjua \u2013 i osudilo ga.<\/p>\n\n\n\n<p>\u201cPozivam kolege Mlinari\u0107a, Dretara i Prka\u010dina da javno ka\u017eu jesu li zaista imali tu imaginarnu sjednicu predsjedni\u0161tva i doista osudili Miroslava \u0160koru jer je napravio ono \u0161to je trebao napraviti.<\/p>\n\n\n\n<p>Ne vidim \u0161to je sporno da, ako je bilo nepravilnosti, da se one utvrde. Izjave glavnih aktera se mijenjaju svaki dan. Najprije je \u017depina rekao da je Nikolina Brajkovi\u0107 imala karticu, a ju\u010der \u2013 da nije, nego samo on i predsjednik, odnosno zamjenik, a na koncu da je samo on imao karticu. Ni \u0160koro ni Radi\u0107 nisu nikada podigli svoje kartice.<\/p>\n\n\n\n<p>Previ\u0161e je promjena u njihovim izjavama i to sve izgleda sve ru\u017enije. Prijetnje isklju\u010divanjem, sankcijama ne mogu DP-u donijeti ni\u0161ta dobro. Njihovo me pona\u0161anje \u010dudi, a da su nakon ostavke napravili sve sukladno propisanoj pravnoj proceduri ne bi bilo tako. A ovo bi sve za stranku moglo biti pogubno\u201d, rekla je Vu\u010demilovi\u0107.<\/p>\n\n\n\n<p>Ka\u017ee kako je uvjerena da \u0160koro ne\u0107e lako di\u0107i ruke od DP-a, jer je to stranka u koju je on puno ulo\u017eio.<\/p>\n\n\n\n<p>\u201cMi smo stranku gradili tako da se uva\u017eavaju demokratski principi, da doista bude jedan \u010dlan \u2013 jedan glas, ali novim izmjenama na predsjedni\u0161tvu \u0107e na Saboru novog predsjednika birati delegati te ne\u0107e biti po principu kako smo mi prvotno zami\u0161ljali, \u0161to je odmak od ideja na kojima je \u0160koro zapo\u010dinjao svoj politi\u010dki rad. On je zagovarao referendum kao na\u010din odlu\u010divanja, kako bi se u Hrvatskoj gra\u0111ane pitalo o bitnim pitanjima. No sada se to pravilo dosta grubo zatire u stranci koju je on osnovao. DP mo\u017ee imati budu\u0107nost ako unutarstrana\u010dki izbori provedu prema demokratskim principima, a naznaka ima da to ne\u0107e biti tako\u201d, rekla je Vu\u010demilovi\u0107.<\/p>\n\n\n\n<p>Na pitanje planira li se prikloniti nekoj opciji, sada kada je napustila DP, odgovara:<\/p>\n\n\n\n<p>\u201cU opoziciji u Saboru se doga\u0111aju neke promjene\u2026 Ostajem kao nezavisna zastupnica, a do kraja godine \u0107u odlu\u010diti ho\u0107u li priklju\u010diti nekome, nekom klubu\u201d, rekla je Vu\u010demilovi\u0107.<\/p>\n\n\n\n<p><em>Izvor: narod.hr<\/em><\/p>\n","protected":false},"excerpt":{"rendered":"<p>Vesna Vu\u010demilovi\u0107, biv\u0161a \u010dlanica Domovinskog pokreta te aktualna nezavisna saborska zastupnica, za&nbsp;Dnevnik N1&nbsp;komentirala je stanje u stranci koju je napustila. Kazala je kako ne vjeruje da je novac glavni motiv Miroslava \u0160kore za napu\u0161tanje stranke, ali da tu o\u010dito ne\u0161to jo\u0161 nije \u0161timalo. \u201cU registru stranaka stoji da su odgovorne osobe \u0160koro i Radi\u0107 i [&hellip;]<\/p>\n","protected":false},"author":2,"featured_media":51381,"comment_status":"closed","ping_status":"closed","sticky":false,"template":"","format":"standard","meta":{"h5ap_radio_sources":[],"footnotes":""},"categories":[1],"tags":[],"class_list":["post-51380","post","type-post","status-publish","format-standard","has-post-thumbnail","hentry","category-bihiregija"],"yoast_head":"<!-- This site is optimized with the Yoast SEO plugin v27.5 - https:\/\/yoast.com\/product\/yoast-seo-wordpress\/ -->\n<title>Vu\u010demilovi\u0107: Neka Mlinari\u0107, Dretar i Prka\u010din ka\u017eu jesu li zaista imali sjednicu i osudili \u0160koru - RADIO LJUBU\u0160KI<\/title>\n<meta name=\"robots\" content=\"index, follow, max-snippet:-1, max-image-preview:large, max-video-preview:-1\" \/>\n<link rel=\"canonical\" href=\"https:\/\/radioljubuski.ba\/index.php\/2021\/08\/07\/vucemilovic-neka-mlinaric-dretar-i-prkacin-kazu-jesu-li-zaista-imali-sjednicu-i-osudili-skoru\/\" \/>\n<meta property=\"og:locale\" content=\"hr_HR\" \/>\n<meta property=\"og:type\" content=\"article\" \/>\n<meta property=\"og:title\" content=\"Vu\u010demilovi\u0107: Neka Mlinari\u0107, Dretar i Prka\u010din ka\u017eu jesu li zaista imali sjednicu i osudili \u0160koru - RADIO LJUBU\u0160KI\" \/>\n<meta property=\"og:description\" content=\"Vesna Vu\u010demilovi\u0107, biv\u0161a \u010dlanica Domovinskog pokreta te aktualna nezavisna saborska zastupnica, za&nbsp;Dnevnik N1&nbsp;komentirala je stanje u stranci koju je napustila. Kazala je kako ne vjeruje da je novac glavni motiv Miroslava \u0160kore za napu\u0161tanje stranke, ali da tu o\u010dito ne\u0161to jo\u0161 nije \u0161timalo. \u201cU registru stranaka stoji da su odgovorne osobe \u0160koro i Radi\u0107 i [&hellip;]\" \/>\n<meta property=\"og:url\" content=\"https:\/\/radioljubuski.ba\/index.php\/2021\/08\/07\/vucemilovic-neka-mlinaric-dretar-i-prkacin-kazu-jesu-li-zaista-imali-sjednicu-i-osudili-skoru\/\" \/>\n<meta property=\"og:site_name\" content=\"RADIO LJUBU\u0160KI\" \/>\n<meta property=\"article:publisher\" content=\"https:\/\/www.facebook.com\/Radiio-Ljubuski-1490835324566332\" \/>\n<meta property=\"article:published_time\" content=\"2021-08-07T21:55:38+00:00\" \/>\n<meta property=\"og:image\" content=\"https:\/\/radioljubuski.ba\/wp-content\/uploads\/2021\/08\/HN20210310943793-696x455-2.jpg\" \/>\n\t<meta property=\"og:image:width\" content=\"696\" \/>\n\t<meta property=\"og:image:height\" content=\"455\" \/>\n\t<meta property=\"og:image:type\" content=\"image\/jpeg\" \/>\n<meta name=\"author\" content=\"Radio Ljubu\u0161ki\" \/>\n<meta name=\"twitter:card\" content=\"summary_large_image\" \/>\n<meta name=\"twitter:creator\" content=\"@radioljubuski\" \/>\n<meta name=\"twitter:site\" content=\"@radioljubuski\" \/>\n<meta name=\"twitter:label1\" content=\"Napisao\/la\" \/>\n\t<meta name=\"twitter:data1\" content=\"Radio Ljubu\u0161ki\" \/>\n\t<meta name=\"twitter:label2\" content=\"Procijenjeno vrijeme \u010ditanja\" \/>\n\t<meta name=\"twitter:data2\" content=\"3 minute\" \/>\n<script type=\"application\/ld+json\" class=\"yoast-schema-graph\">{\"@context\":\"https:\\\/\\\/schema.org\",\"@graph\":[{\"@type\":\"Article\",\"@id\":\"https:\\\/\\\/radioljubuski.ba\\\/index.php\\\/2021\\\/08\\\/07\\\/vucemilovic-neka-mlinaric-dretar-i-prkacin-kazu-jesu-li-zaista-imali-sjednicu-i-osudili-skoru\\\/#article\",\"isPartOf\":{\"@id\":\"https:\\\/\\\/radioljubuski.ba\\\/index.php\\\/2021\\\/08\\\/07\\\/vucemilovic-neka-mlinaric-dretar-i-prkacin-kazu-jesu-li-zaista-imali-sjednicu-i-osudili-skoru\\\/\"},\"author\":{\"name\":\"Radio Ljubu\u0161ki\",\"@id\":\"https:\\\/\\\/radioljubuski.ba\\\/#\\\/schema\\\/person\\\/19fc700381a780f69665d7956c469e3b\"},\"headline\":\"Vu\u010demilovi\u0107: Neka Mlinari\u0107, Dretar i Prka\u010din ka\u017eu jesu li zaista imali sjednicu i osudili \u0160koru\",\"datePublished\":\"2021-08-07T21:55:38+00:00\",\"mainEntityOfPage\":{\"@id\":\"https:\\\/\\\/radioljubuski.ba\\\/index.php\\\/2021\\\/08\\\/07\\\/vucemilovic-neka-mlinaric-dretar-i-prkacin-kazu-jesu-li-zaista-imali-sjednicu-i-osudili-skoru\\\/\"},\"wordCount\":608,\"publisher\":{\"@id\":\"https:\\\/\\\/radioljubuski.ba\\\/#organization\"},\"image\":{\"@id\":\"https:\\\/\\\/radioljubuski.ba\\\/index.php\\\/2021\\\/08\\\/07\\\/vucemilovic-neka-mlinaric-dretar-i-prkacin-kazu-jesu-li-zaista-imali-sjednicu-i-osudili-skoru\\\/#primaryimage\"},\"thumbnailUrl\":\"https:\\\/\\\/radioljubuski.ba\\\/wp-content\\\/uploads\\\/2021\\\/08\\\/HN20210310943793-696x455-2.jpg\",\"articleSection\":[\"BIH i regija\"],\"inLanguage\":\"hr\"},{\"@type\":\"WebPage\",\"@id\":\"https:\\\/\\\/radioljubuski.ba\\\/index.php\\\/2021\\\/08\\\/07\\\/vucemilovic-neka-mlinaric-dretar-i-prkacin-kazu-jesu-li-zaista-imali-sjednicu-i-osudili-skoru\\\/\",\"url\":\"https:\\\/\\\/radioljubuski.ba\\\/index.php\\\/2021\\\/08\\\/07\\\/vucemilovic-neka-mlinaric-dretar-i-prkacin-kazu-jesu-li-zaista-imali-sjednicu-i-osudili-skoru\\\/\",\"name\":\"Vu\u010demilovi\u0107: Neka Mlinari\u0107, Dretar i Prka\u010din ka\u017eu jesu li zaista imali sjednicu i osudili \u0160koru - RADIO LJUBU\u0160KI\",\"isPartOf\":{\"@id\":\"https:\\\/\\\/radioljubuski.ba\\\/#website\"},\"primaryImageOfPage\":{\"@id\":\"https:\\\/\\\/radioljubuski.ba\\\/index.php\\\/2021\\\/08\\\/07\\\/vucemilovic-neka-mlinaric-dretar-i-prkacin-kazu-jesu-li-zaista-imali-sjednicu-i-osudili-skoru\\\/#primaryimage\"},\"image\":{\"@id\":\"https:\\\/\\\/radioljubuski.ba\\\/index.php\\\/2021\\\/08\\\/07\\\/vucemilovic-neka-mlinaric-dretar-i-prkacin-kazu-jesu-li-zaista-imali-sjednicu-i-osudili-skoru\\\/#primaryimage\"},\"thumbnailUrl\":\"https:\\\/\\\/radioljubuski.ba\\\/wp-content\\\/uploads\\\/2021\\\/08\\\/HN20210310943793-696x455-2.jpg\",\"datePublished\":\"2021-08-07T21:55:38+00:00\",\"breadcrumb\":{\"@id\":\"https:\\\/\\\/radioljubuski.ba\\\/index.php\\\/2021\\\/08\\\/07\\\/vucemilovic-neka-mlinaric-dretar-i-prkacin-kazu-jesu-li-zaista-imali-sjednicu-i-osudili-skoru\\\/#breadcrumb\"},\"inLanguage\":\"hr\",\"potentialAction\":[{\"@type\":\"ReadAction\",\"target\":[\"https:\\\/\\\/radioljubuski.ba\\\/index.php\\\/2021\\\/08\\\/07\\\/vucemilovic-neka-mlinaric-dretar-i-prkacin-kazu-jesu-li-zaista-imali-sjednicu-i-osudili-skoru\\\/\"]}]},{\"@type\":\"ImageObject\",\"inLanguage\":\"hr\",\"@id\":\"https:\\\/\\\/radioljubuski.ba\\\/index.php\\\/2021\\\/08\\\/07\\\/vucemilovic-neka-mlinaric-dretar-i-prkacin-kazu-jesu-li-zaista-imali-sjednicu-i-osudili-skoru\\\/#primaryimage\",\"url\":\"https:\\\/\\\/radioljubuski.ba\\\/wp-content\\\/uploads\\\/2021\\\/08\\\/HN20210310943793-696x455-2.jpg\",\"contentUrl\":\"https:\\\/\\\/radioljubuski.ba\\\/wp-content\\\/uploads\\\/2021\\\/08\\\/HN20210310943793-696x455-2.jpg\",\"width\":696,\"height\":455},{\"@type\":\"BreadcrumbList\",\"@id\":\"https:\\\/\\\/radioljubuski.ba\\\/index.php\\\/2021\\\/08\\\/07\\\/vucemilovic-neka-mlinaric-dretar-i-prkacin-kazu-jesu-li-zaista-imali-sjednicu-i-osudili-skoru\\\/#breadcrumb\",\"itemListElement\":[{\"@type\":\"ListItem\",\"position\":1,\"name\":\"Po\u010detna stranica\",\"item\":\"https:\\\/\\\/radioljubuski.ba\\\/\"},{\"@type\":\"ListItem\",\"position\":2,\"name\":\"Vu\u010demilovi\u0107: Neka Mlinari\u0107, Dretar i Prka\u010din ka\u017eu jesu li zaista imali sjednicu i osudili \u0160koru\"}]},{\"@type\":\"WebSite\",\"@id\":\"https:\\\/\\\/radioljubuski.ba\\\/#website\",\"url\":\"https:\\\/\\\/radioljubuski.ba\\\/\",\"name\":\"Radio Ljubu\u0161ki\",\"description\":\"Sun\u010dana frekvencija Hercegovine\",\"publisher\":{\"@id\":\"https:\\\/\\\/radioljubuski.ba\\\/#organization\"},\"potentialAction\":[{\"@type\":\"SearchAction\",\"target\":{\"@type\":\"EntryPoint\",\"urlTemplate\":\"https:\\\/\\\/radioljubuski.ba\\\/?s={search_term_string}\"},\"query-input\":{\"@type\":\"PropertyValueSpecification\",\"valueRequired\":true,\"valueName\":\"search_term_string\"}}],\"inLanguage\":\"hr\"},{\"@type\":\"Organization\",\"@id\":\"https:\\\/\\\/radioljubuski.ba\\\/#organization\",\"name\":\"Radio Ljubu\u0161ki\",\"url\":\"https:\\\/\\\/radioljubuski.ba\\\/\",\"logo\":{\"@type\":\"ImageObject\",\"inLanguage\":\"hr\",\"@id\":\"https:\\\/\\\/radioljubuski.ba\\\/#\\\/schema\\\/logo\\\/image\\\/\",\"url\":\"https:\\\/\\\/radioljubuski.ba\\\/wp-content\\\/uploads\\\/2021\\\/02\\\/cropped-Radio_Ljubuski_logo1.jpg\",\"contentUrl\":\"https:\\\/\\\/radioljubuski.ba\\\/wp-content\\\/uploads\\\/2021\\\/02\\\/cropped-Radio_Ljubuski_logo1.jpg\",\"width\":512,\"height\":512,\"caption\":\"Radio Ljubu\u0161ki\"},\"image\":{\"@id\":\"https:\\\/\\\/radioljubuski.ba\\\/#\\\/schema\\\/logo\\\/image\\\/\"},\"sameAs\":[\"https:\\\/\\\/www.facebook.com\\\/Radiio-Ljubuski-1490835324566332\",\"https:\\\/\\\/x.com\\\/radioljubuski\",\"https:\\\/\\\/hr.linkedin.com\\\/company\\\/radio-ljubuski\",\"https:\\\/\\\/www.youtube.com\\\/channel\\\/UCHYaeO_n0Db3tjNGudGpXyw\"]},{\"@type\":\"Person\",\"@id\":\"https:\\\/\\\/radioljubuski.ba\\\/#\\\/schema\\\/person\\\/19fc700381a780f69665d7956c469e3b\",\"name\":\"Radio Ljubu\u0161ki\"}]}<\/script>\n<!-- \/ Yoast SEO plugin. -->","yoast_head_json":{"title":"Vu\u010demilovi\u0107: Neka Mlinari\u0107, Dretar i Prka\u010din ka\u017eu jesu li zaista imali sjednicu i osudili \u0160koru - RADIO LJUBU\u0160KI","robots":{"index":"index","follow":"follow","max-snippet":"max-snippet:-1","max-image-preview":"max-image-preview:large","max-video-preview":"max-video-preview:-1"},"canonical":"https:\/\/radioljubuski.ba\/index.php\/2021\/08\/07\/vucemilovic-neka-mlinaric-dretar-i-prkacin-kazu-jesu-li-zaista-imali-sjednicu-i-osudili-skoru\/","og_locale":"hr_HR","og_type":"article","og_title":"Vu\u010demilovi\u0107: Neka Mlinari\u0107, Dretar i Prka\u010din ka\u017eu jesu li zaista imali sjednicu i osudili \u0160koru - RADIO LJUBU\u0160KI","og_description":"Vesna Vu\u010demilovi\u0107, biv\u0161a \u010dlanica Domovinskog pokreta te aktualna nezavisna saborska zastupnica, za&nbsp;Dnevnik N1&nbsp;komentirala je stanje u stranci koju je napustila. Kazala je kako ne vjeruje da je novac glavni motiv Miroslava \u0160kore za napu\u0161tanje stranke, ali da tu o\u010dito ne\u0161to jo\u0161 nije \u0161timalo. \u201cU registru stranaka stoji da su odgovorne osobe \u0160koro i Radi\u0107 i [&hellip;]","og_url":"https:\/\/radioljubuski.ba\/index.php\/2021\/08\/07\/vucemilovic-neka-mlinaric-dretar-i-prkacin-kazu-jesu-li-zaista-imali-sjednicu-i-osudili-skoru\/","og_site_name":"RADIO LJUBU\u0160KI","article_publisher":"https:\/\/www.facebook.com\/Radiio-Ljubuski-1490835324566332","article_published_time":"2021-08-07T21:55:38+00:00","og_image":[{"width":696,"height":455,"url":"https:\/\/radioljubuski.ba\/wp-content\/uploads\/2021\/08\/HN20210310943793-696x455-2.jpg","type":"image\/jpeg"}],"author":"Radio Ljubu\u0161ki","twitter_card":"summary_large_image","twitter_creator":"@radioljubuski","twitter_site":"@radioljubuski","twitter_misc":{"Napisao\/la":"Radio Ljubu\u0161ki","Procijenjeno vrijeme \u010ditanja":"3 minute"},"schema":{"@context":"https:\/\/schema.org","@graph":[{"@type":"Article","@id":"https:\/\/radioljubuski.ba\/index.php\/2021\/08\/07\/vucemilovic-neka-mlinaric-dretar-i-prkacin-kazu-jesu-li-zaista-imali-sjednicu-i-osudili-skoru\/#article","isPartOf":{"@id":"https:\/\/radioljubuski.ba\/index.php\/2021\/08\/07\/vucemilovic-neka-mlinaric-dretar-i-prkacin-kazu-jesu-li-zaista-imali-sjednicu-i-osudili-skoru\/"},"author":{"name":"Radio Ljubu\u0161ki","@id":"https:\/\/radioljubuski.ba\/#\/schema\/person\/19fc700381a780f69665d7956c469e3b"},"headline":"Vu\u010demilovi\u0107: Neka Mlinari\u0107, Dretar i Prka\u010din ka\u017eu jesu li zaista imali sjednicu i osudili \u0160koru","datePublished":"2021-08-07T21:55:38+00:00","mainEntityOfPage":{"@id":"https:\/\/radioljubuski.ba\/index.php\/2021\/08\/07\/vucemilovic-neka-mlinaric-dretar-i-prkacin-kazu-jesu-li-zaista-imali-sjednicu-i-osudili-skoru\/"},"wordCount":608,"publisher":{"@id":"https:\/\/radioljubuski.ba\/#organization"},"image":{"@id":"https:\/\/radioljubuski.ba\/index.php\/2021\/08\/07\/vucemilovic-neka-mlinaric-dretar-i-prkacin-kazu-jesu-li-zaista-imali-sjednicu-i-osudili-skoru\/#primaryimage"},"thumbnailUrl":"https:\/\/radioljubuski.ba\/wp-content\/uploads\/2021\/08\/HN20210310943793-696x455-2.jpg","articleSection":["BIH i regija"],"inLanguage":"hr"},{"@type":"WebPage","@id":"https:\/\/radioljubuski.ba\/index.php\/2021\/08\/07\/vucemilovic-neka-mlinaric-dretar-i-prkacin-kazu-jesu-li-zaista-imali-sjednicu-i-osudili-skoru\/","url":"https:\/\/radioljubuski.ba\/index.php\/2021\/08\/07\/vucemilovic-neka-mlinaric-dretar-i-prkacin-kazu-jesu-li-zaista-imali-sjednicu-i-osudili-skoru\/","name":"Vu\u010demilovi\u0107: Neka Mlinari\u0107, Dretar i Prka\u010din ka\u017eu jesu li zaista imali sjednicu i osudili \u0160koru - RADIO LJUBU\u0160KI","isPartOf":{"@id":"https:\/\/radioljubuski.ba\/#website"},"primaryImageOfPage":{"@id":"https:\/\/radioljubuski.ba\/index.php\/2021\/08\/07\/vucemilovic-neka-mlinaric-dretar-i-prkacin-kazu-jesu-li-zaista-imali-sjednicu-i-osudili-skoru\/#primaryimage"},"image":{"@id":"https:\/\/radioljubuski.ba\/index.php\/2021\/08\/07\/vucemilovic-neka-mlinaric-dretar-i-prkacin-kazu-jesu-li-zaista-imali-sjednicu-i-osudili-skoru\/#primaryimage"},"thumbnailUrl":"https:\/\/radioljubuski.ba\/wp-content\/uploads\/2021\/08\/HN20210310943793-696x455-2.jpg","datePublished":"2021-08-07T21:55:38+00:00","breadcrumb":{"@id":"https:\/\/radioljubuski.ba\/index.php\/2021\/08\/07\/vucemilovic-neka-mlinaric-dretar-i-prkacin-kazu-jesu-li-zaista-imali-sjednicu-i-osudili-skoru\/#breadcrumb"},"inLanguage":"hr","potentialAction":[{"@type":"ReadAction","target":["https:\/\/radioljubuski.ba\/index.php\/2021\/08\/07\/vucemilovic-neka-mlinaric-dretar-i-prkacin-kazu-jesu-li-zaista-imali-sjednicu-i-osudili-skoru\/"]}]},{"@type":"ImageObject","inLanguage":"hr","@id":"https:\/\/radioljubuski.ba\/index.php\/2021\/08\/07\/vucemilovic-neka-mlinaric-dretar-i-prkacin-kazu-jesu-li-zaista-imali-sjednicu-i-osudili-skoru\/#primaryimage","url":"https:\/\/radioljubuski.ba\/wp-content\/uploads\/2021\/08\/HN20210310943793-696x455-2.jpg","contentUrl":"https:\/\/radioljubuski.ba\/wp-content\/uploads\/2021\/08\/HN20210310943793-696x455-2.jpg","width":696,"height":455},{"@type":"BreadcrumbList","@id":"https:\/\/radioljubuski.ba\/index.php\/2021\/08\/07\/vucemilovic-neka-mlinaric-dretar-i-prkacin-kazu-jesu-li-zaista-imali-sjednicu-i-osudili-skoru\/#breadcrumb","itemListElement":[{"@type":"ListItem","position":1,"name":"Po\u010detna stranica","item":"https:\/\/radioljubuski.ba\/"},{"@type":"ListItem","position":2,"name":"Vu\u010demilovi\u0107: Neka Mlinari\u0107, Dretar i Prka\u010din ka\u017eu jesu li zaista imali sjednicu i osudili \u0160koru"}]},{"@type":"WebSite","@id":"https:\/\/radioljubuski.ba\/#website","url":"https:\/\/radioljubuski.ba\/","name":"Radio Ljubu\u0161ki","description":"Sun\u010dana frekvencija Hercegovine","publisher":{"@id":"https:\/\/radioljubuski.ba\/#organization"},"potentialAction":[{"@type":"SearchAction","target":{"@type":"EntryPoint","urlTemplate":"https:\/\/radioljubuski.ba\/?s={search_term_string}"},"query-input":{"@type":"PropertyValueSpecification","valueRequired":true,"valueName":"search_term_string"}}],"inLanguage":"hr"},{"@type":"Organization","@id":"https:\/\/radioljubuski.ba\/#organization","name":"Radio Ljubu\u0161ki","url":"https:\/\/radioljubuski.ba\/","logo":{"@type":"ImageObject","inLanguage":"hr","@id":"https:\/\/radioljubuski.ba\/#\/schema\/logo\/image\/","url":"https:\/\/radioljubuski.ba\/wp-content\/uploads\/2021\/02\/cropped-Radio_Ljubuski_logo1.jpg","contentUrl":"https:\/\/radioljubuski.ba\/wp-content\/uploads\/2021\/02\/cropped-Radio_Ljubuski_logo1.jpg","width":512,"height":512,"caption":"Radio Ljubu\u0161ki"},"image":{"@id":"https:\/\/radioljubuski.ba\/#\/schema\/logo\/image\/"},"sameAs":["https:\/\/www.facebook.com\/Radiio-Ljubuski-1490835324566332","https:\/\/x.com\/radioljubuski","https:\/\/hr.linkedin.com\/company\/radio-ljubuski","https:\/\/www.youtube.com\/channel\/UCHYaeO_n0Db3tjNGudGpXyw"]},{"@type":"Person","@id":"https:\/\/radioljubuski.ba\/#\/schema\/person\/19fc700381a780f69665d7956c469e3b","name":"Radio Ljubu\u0161ki"}]}},"_links":{"self":[{"href":"https:\/\/radioljubuski.ba\/index.php\/wp-json\/wp\/v2\/posts\/51380","targetHints":{"allow":["GET"]}}],"collection":[{"href":"https:\/\/radioljubuski.ba\/index.php\/wp-json\/wp\/v2\/posts"}],"about":[{"href":"https:\/\/radioljubuski.ba\/index.php\/wp-json\/wp\/v2\/types\/post"}],"author":[{"embeddable":true,"href":"https:\/\/radioljubuski.ba\/index.php\/wp-json\/wp\/v2\/users\/2"}],"replies":[{"embeddable":true,"href":"https:\/\/radioljubuski.ba\/index.php\/wp-json\/wp\/v2\/comments?post=51380"}],"version-history":[{"count":1,"href":"https:\/\/radioljubuski.ba\/index.php\/wp-json\/wp\/v2\/posts\/51380\/revisions"}],"predecessor-version":[{"id":51382,"href":"https:\/\/radioljubuski.ba\/index.php\/wp-json\/wp\/v2\/posts\/51380\/revisions\/51382"}],"wp:featuredmedia":[{"embeddable":true,"href":"https:\/\/radioljubuski.ba\/index.php\/wp-json\/wp\/v2\/media\/51381"}],"wp:attachment":[{"href":"https:\/\/radioljubuski.ba\/index.php\/wp-json\/wp\/v2\/media?parent=51380"}],"wp:term":[{"taxonomy":"category","embeddable":true,"href":"https:\/\/radioljubuski.ba\/index.php\/wp-json\/wp\/v2\/categories?post=51380"},{"taxonomy":"post_tag","embeddable":true,"href":"https:\/\/radioljubuski.ba\/index.php\/wp-json\/wp\/v2\/tags?post=51380"}],"curies":[{"name":"wp","href":"https:\/\/api.w.org\/{rel}","templated":true}]}}