{"id":51383,"date":"2021-08-07T22:57:47","date_gmt":"2021-08-07T21:57:47","guid":{"rendered":"https:\/\/radioljubuski.ba\/?p=51383"},"modified":"2021-08-07T22:57:48","modified_gmt":"2021-08-07T21:57:48","slug":"u-nekim-zemljama-necijepljeni-radnici-dobivaju-otkaze-odvjetnik-komentirao-ceka-li-ista-sudbina-i-hrvate","status":"publish","type":"post","link":"https:\/\/radioljubuski.ba\/index.php\/2021\/08\/07\/u-nekim-zemljama-necijepljeni-radnici-dobivaju-otkaze-odvjetnik-komentirao-ceka-li-ista-sudbina-i-hrvate\/","title":{"rendered":"U nekim zemljama necijepljeni radnici dobivaju otkaze: Odvjetnik komentirao \u010deka li ista sudbina i Hrvate"},"content":{"rendered":"\n<p>Zbog \u0161irenja virusa, a slabe procijepljenosti, brojne zemlje uvode ograni\u010denja necijepljenima. Neki dijele i otkaze. Naime, u Italiji se bez zelene propusnice ne mo\u017ee u\u0107i u kazali\u0161ta, muzeje, teretane, unutarnji dio kafi\u0107a i restorana. A na ameri\u010dkom CNN-u troje necijepljenih zaposlenika dobilo je otkaz. Mo\u017eemo li ne\u0161to sli\u010dno o\u010dekivati i u Hrvatskoj?<\/p>\n\n\n\n<p>\u2018Kod nas u Hrvatskoj za takvu represiju zaista nema nikakve pravne osnove. Dakle, ne postoji zakon ni propis koji bi ograni\u010davao slobodu kretanja gra\u0111ana u tom smislu\u2019, rekao je odvjetnik\u00a0<strong>Antonio Volarevi\u0107<\/strong>\u00a0za\u00a0<a href=\"https:\/\/dnevnik.hr\/vijesti\/koronavirus\/odvjetnik-otkrio-mogu-li-radnici-dobiti-otkaz-ako-se-ne-zele-cijepiti---662154.html\">Dnevnik Nove TV<\/a>.<\/p>\n\n\n\n<div style=\"width: 640px;\" class=\"wp-video\"><video class=\"wp-video-shortcode\" id=\"video-51383-1\" width=\"640\" height=\"360\" preload=\"metadata\" controls=\"controls\"><source type=\"video\/mp4\" src=\"https:\/\/video.dnevnik.hr\/\/2021\/\/08\/\/06\/\/610d764b51c08_62135523-2.mp4?_=1\" \/><a href=\"https:\/\/video.dnevnik.hr\/\/2021\/\/08\/\/06\/\/610d764b51c08_62135523-2.mp4\">https:\/\/video.dnevnik.hr\/\/2021\/\/08\/\/06\/\/610d764b51c08_62135523-2.mp4<\/a><\/video><\/div>\n\n\n\n<p>Primjerice, na CNN-u je troje necijepljenih dobilo otkaze. Kod nas, ka\u017ee Volarevi\u0107, to nije dopu\u0161teno, a u \u2018Americi o\u010dito jest\u2019. Amerika, poja\u0161njava, ima druga\u010diji pravni sustav \u2013 sustav presedana. Kod nas mora ne\u0161to unaprijed biti propisano da bi se moglo sankcionirati.<\/p>\n\n\n\n<p>\u2018Ka\u017eem da je nedopu\u0161tano jer poslodavac da bi htio otkazati ugovor o radu zbog ne\u010dega, mora zato imati neko opravdanje, zakonsku valjanu osnovu. To \u0161to se radnik nije cijepio, nikako ne mo\u017ee biti osnova da dobije otkaz\u2019, obja\u0161njava.<\/p>\n\n\n\n<p>Da poslodavac ipak otpusti osobu koja nije cijepljena, on ne bi bio ka\u017enjen jer to nije propisano zakonom. No, radnik se mo\u017ee obratiti sudu i tada sud mo\u017ee odlu\u010diti je li otkaz bio opravdan ili ne.<\/p>\n\n\n\n<p>\u2018U tom slu\u010daju, poslodavac mora radnika vratiti na posao i isplatiti mu pla\u0107e koje bi dobio da je ostao na radnom mjestu i naknadu u vidu nekakve \u0161tete\u2019, naveo je odvjetnik, dodaju\u0107i da poslodavac nema pravo niti voditi evidenciju o tome tko je cijepljen i nije cijepljen, kao ni propisati da na posao mogu do\u0107i samo cijepljeni.<\/p>\n\n\n\n<p>Upitan je li ja\u010de pravo na za\u0161titu zdravlja ili pravo na slobodu odabira, odgovorio je sljede\u0107e: \u2018Na\u017ealost, na\u0161a vlast a i druge brojne dr\u017eave u\u010dinili su jako puno toga da za\u0161tite pravo na zdravlje ali su potpuno zanemariili, da ne ka\u017eem suspendirali neka druga temeljna prava. Uop\u0107e ne vole razgovarati o nekim drugim osnovnim pravima ljudi: pravo na slobodu kretanja, rada. Ta prava bi trebala \u017eivjeti zajedno, ujedna\u010deno, a ne da jedno bude puno ja\u010de od drugog\u2019.<\/p>\n\n\n\n<p><em>Izvor: narod.hr\/dnevnik.hr<\/em><\/p>\n","protected":false},"excerpt":{"rendered":"<p>Zbog \u0161irenja virusa, a slabe procijepljenosti, brojne zemlje uvode ograni\u010denja necijepljenima. Neki dijele i otkaze. Naime, u Italiji se bez zelene propusnice ne mo\u017ee u\u0107i u kazali\u0161ta, muzeje, teretane, unutarnji dio kafi\u0107a i restorana. A na ameri\u010dkom CNN-u troje necijepljenih zaposlenika dobilo je otkaz. Mo\u017eemo li ne\u0161to sli\u010dno o\u010dekivati i u Hrvatskoj? \u2018Kod nas u [&hellip;]<\/p>\n","protected":false},"author":2,"featured_media":51384,"comment_status":"closed","ping_status":"closed","sticky":false,"template":"","format":"standard","meta":{"h5ap_radio_sources":[],"footnotes":""},"categories":[1],"tags":[],"class_list":["post-51383","post","type-post","status-publish","format-standard","has-post-thumbnail","hentry","category-bihiregija"],"yoast_head":"<!-- This site is optimized with the Yoast SEO plugin v27.5 - https:\/\/yoast.com\/product\/yoast-seo-wordpress\/ -->\n<title>U nekim zemljama necijepljeni radnici dobivaju otkaze: Odvjetnik komentirao \u010deka li ista sudbina i Hrvate - RADIO LJUBU\u0160KI<\/title>\n<meta name=\"robots\" content=\"index, follow, max-snippet:-1, max-image-preview:large, max-video-preview:-1\" \/>\n<link rel=\"canonical\" href=\"https:\/\/radioljubuski.ba\/index.php\/2021\/08\/07\/u-nekim-zemljama-necijepljeni-radnici-dobivaju-otkaze-odvjetnik-komentirao-ceka-li-ista-sudbina-i-hrvate\/\" \/>\n<meta property=\"og:locale\" content=\"hr_HR\" \/>\n<meta property=\"og:type\" content=\"article\" \/>\n<meta property=\"og:title\" content=\"U nekim zemljama necijepljeni radnici dobivaju otkaze: Odvjetnik komentirao \u010deka li ista sudbina i Hrvate - RADIO LJUBU\u0160KI\" \/>\n<meta property=\"og:description\" content=\"Zbog \u0161irenja virusa, a slabe procijepljenosti, brojne zemlje uvode ograni\u010denja necijepljenima. Neki dijele i otkaze. Naime, u Italiji se bez zelene propusnice ne mo\u017ee u\u0107i u kazali\u0161ta, muzeje, teretane, unutarnji dio kafi\u0107a i restorana. A na ameri\u010dkom CNN-u troje necijepljenih zaposlenika dobilo je otkaz. Mo\u017eemo li ne\u0161to sli\u010dno o\u010dekivati i u Hrvatskoj? \u2018Kod nas u [&hellip;]\" \/>\n<meta property=\"og:url\" content=\"https:\/\/radioljubuski.ba\/index.php\/2021\/08\/07\/u-nekim-zemljama-necijepljeni-radnici-dobivaju-otkaze-odvjetnik-komentirao-ceka-li-ista-sudbina-i-hrvate\/\" \/>\n<meta property=\"og:site_name\" content=\"RADIO LJUBU\u0160KI\" \/>\n<meta property=\"article:publisher\" content=\"https:\/\/www.facebook.com\/Radiio-Ljubuski-1490835324566332\" \/>\n<meta property=\"article:published_time\" content=\"2021-08-07T21:57:47+00:00\" \/>\n<meta property=\"article:modified_time\" content=\"2021-08-07T21:57:48+00:00\" \/>\n<meta property=\"og:image\" content=\"https:\/\/radioljubuski.ba\/wp-content\/uploads\/2021\/08\/volarevic-696x411-1.png\" \/>\n\t<meta property=\"og:image:width\" content=\"696\" \/>\n\t<meta property=\"og:image:height\" content=\"411\" \/>\n\t<meta property=\"og:image:type\" content=\"image\/png\" \/>\n<meta name=\"author\" content=\"Radio Ljubu\u0161ki\" \/>\n<meta name=\"twitter:card\" content=\"summary_large_image\" \/>\n<meta name=\"twitter:creator\" content=\"@radioljubuski\" \/>\n<meta name=\"twitter:site\" content=\"@radioljubuski\" \/>\n<meta name=\"twitter:label1\" content=\"Napisao\/la\" \/>\n\t<meta name=\"twitter:data1\" content=\"Radio Ljubu\u0161ki\" \/>\n\t<meta name=\"twitter:label2\" content=\"Procijenjeno vrijeme \u010ditanja\" \/>\n\t<meta name=\"twitter:data2\" content=\"2 minute\" \/>\n<script type=\"application\/ld+json\" class=\"yoast-schema-graph\">{\"@context\":\"https:\\\/\\\/schema.org\",\"@graph\":[{\"@type\":\"Article\",\"@id\":\"https:\\\/\\\/radioljubuski.ba\\\/index.php\\\/2021\\\/08\\\/07\\\/u-nekim-zemljama-necijepljeni-radnici-dobivaju-otkaze-odvjetnik-komentirao-ceka-li-ista-sudbina-i-hrvate\\\/#article\",\"isPartOf\":{\"@id\":\"https:\\\/\\\/radioljubuski.ba\\\/index.php\\\/2021\\\/08\\\/07\\\/u-nekim-zemljama-necijepljeni-radnici-dobivaju-otkaze-odvjetnik-komentirao-ceka-li-ista-sudbina-i-hrvate\\\/\"},\"author\":{\"name\":\"Radio Ljubu\u0161ki\",\"@id\":\"https:\\\/\\\/radioljubuski.ba\\\/#\\\/schema\\\/person\\\/19fc700381a780f69665d7956c469e3b\"},\"headline\":\"U nekim zemljama necijepljeni radnici dobivaju otkaze: Odvjetnik komentirao \u010deka li ista sudbina i Hrvate\",\"datePublished\":\"2021-08-07T21:57:47+00:00\",\"dateModified\":\"2021-08-07T21:57:48+00:00\",\"mainEntityOfPage\":{\"@id\":\"https:\\\/\\\/radioljubuski.ba\\\/index.php\\\/2021\\\/08\\\/07\\\/u-nekim-zemljama-necijepljeni-radnici-dobivaju-otkaze-odvjetnik-komentirao-ceka-li-ista-sudbina-i-hrvate\\\/\"},\"wordCount\":408,\"publisher\":{\"@id\":\"https:\\\/\\\/radioljubuski.ba\\\/#organization\"},\"image\":{\"@id\":\"https:\\\/\\\/radioljubuski.ba\\\/index.php\\\/2021\\\/08\\\/07\\\/u-nekim-zemljama-necijepljeni-radnici-dobivaju-otkaze-odvjetnik-komentirao-ceka-li-ista-sudbina-i-hrvate\\\/#primaryimage\"},\"thumbnailUrl\":\"https:\\\/\\\/radioljubuski.ba\\\/wp-content\\\/uploads\\\/2021\\\/08\\\/volarevic-696x411-1.png\",\"articleSection\":[\"BIH i regija\"],\"inLanguage\":\"hr\"},{\"@type\":\"WebPage\",\"@id\":\"https:\\\/\\\/radioljubuski.ba\\\/index.php\\\/2021\\\/08\\\/07\\\/u-nekim-zemljama-necijepljeni-radnici-dobivaju-otkaze-odvjetnik-komentirao-ceka-li-ista-sudbina-i-hrvate\\\/\",\"url\":\"https:\\\/\\\/radioljubuski.ba\\\/index.php\\\/2021\\\/08\\\/07\\\/u-nekim-zemljama-necijepljeni-radnici-dobivaju-otkaze-odvjetnik-komentirao-ceka-li-ista-sudbina-i-hrvate\\\/\",\"name\":\"U nekim zemljama necijepljeni radnici dobivaju otkaze: Odvjetnik komentirao \u010deka li ista sudbina i Hrvate - RADIO LJUBU\u0160KI\",\"isPartOf\":{\"@id\":\"https:\\\/\\\/radioljubuski.ba\\\/#website\"},\"primaryImageOfPage\":{\"@id\":\"https:\\\/\\\/radioljubuski.ba\\\/index.php\\\/2021\\\/08\\\/07\\\/u-nekim-zemljama-necijepljeni-radnici-dobivaju-otkaze-odvjetnik-komentirao-ceka-li-ista-sudbina-i-hrvate\\\/#primaryimage\"},\"image\":{\"@id\":\"https:\\\/\\\/radioljubuski.ba\\\/index.php\\\/2021\\\/08\\\/07\\\/u-nekim-zemljama-necijepljeni-radnici-dobivaju-otkaze-odvjetnik-komentirao-ceka-li-ista-sudbina-i-hrvate\\\/#primaryimage\"},\"thumbnailUrl\":\"https:\\\/\\\/radioljubuski.ba\\\/wp-content\\\/uploads\\\/2021\\\/08\\\/volarevic-696x411-1.png\",\"datePublished\":\"2021-08-07T21:57:47+00:00\",\"dateModified\":\"2021-08-07T21:57:48+00:00\",\"breadcrumb\":{\"@id\":\"https:\\\/\\\/radioljubuski.ba\\\/index.php\\\/2021\\\/08\\\/07\\\/u-nekim-zemljama-necijepljeni-radnici-dobivaju-otkaze-odvjetnik-komentirao-ceka-li-ista-sudbina-i-hrvate\\\/#breadcrumb\"},\"inLanguage\":\"hr\",\"potentialAction\":[{\"@type\":\"ReadAction\",\"target\":[\"https:\\\/\\\/radioljubuski.ba\\\/index.php\\\/2021\\\/08\\\/07\\\/u-nekim-zemljama-necijepljeni-radnici-dobivaju-otkaze-odvjetnik-komentirao-ceka-li-ista-sudbina-i-hrvate\\\/\"]}]},{\"@type\":\"ImageObject\",\"inLanguage\":\"hr\",\"@id\":\"https:\\\/\\\/radioljubuski.ba\\\/index.php\\\/2021\\\/08\\\/07\\\/u-nekim-zemljama-necijepljeni-radnici-dobivaju-otkaze-odvjetnik-komentirao-ceka-li-ista-sudbina-i-hrvate\\\/#primaryimage\",\"url\":\"https:\\\/\\\/radioljubuski.ba\\\/wp-content\\\/uploads\\\/2021\\\/08\\\/volarevic-696x411-1.png\",\"contentUrl\":\"https:\\\/\\\/radioljubuski.ba\\\/wp-content\\\/uploads\\\/2021\\\/08\\\/volarevic-696x411-1.png\",\"width\":696,\"height\":411},{\"@type\":\"BreadcrumbList\",\"@id\":\"https:\\\/\\\/radioljubuski.ba\\\/index.php\\\/2021\\\/08\\\/07\\\/u-nekim-zemljama-necijepljeni-radnici-dobivaju-otkaze-odvjetnik-komentirao-ceka-li-ista-sudbina-i-hrvate\\\/#breadcrumb\",\"itemListElement\":[{\"@type\":\"ListItem\",\"position\":1,\"name\":\"Po\u010detna stranica\",\"item\":\"https:\\\/\\\/radioljubuski.ba\\\/\"},{\"@type\":\"ListItem\",\"position\":2,\"name\":\"U nekim zemljama necijepljeni radnici dobivaju otkaze: Odvjetnik komentirao \u010deka li ista sudbina i Hrvate\"}]},{\"@type\":\"WebSite\",\"@id\":\"https:\\\/\\\/radioljubuski.ba\\\/#website\",\"url\":\"https:\\\/\\\/radioljubuski.ba\\\/\",\"name\":\"Radio Ljubu\u0161ki\",\"description\":\"Sun\u010dana frekvencija Hercegovine\",\"publisher\":{\"@id\":\"https:\\\/\\\/radioljubuski.ba\\\/#organization\"},\"potentialAction\":[{\"@type\":\"SearchAction\",\"target\":{\"@type\":\"EntryPoint\",\"urlTemplate\":\"https:\\\/\\\/radioljubuski.ba\\\/?s={search_term_string}\"},\"query-input\":{\"@type\":\"PropertyValueSpecification\",\"valueRequired\":true,\"valueName\":\"search_term_string\"}}],\"inLanguage\":\"hr\"},{\"@type\":\"Organization\",\"@id\":\"https:\\\/\\\/radioljubuski.ba\\\/#organization\",\"name\":\"Radio Ljubu\u0161ki\",\"url\":\"https:\\\/\\\/radioljubuski.ba\\\/\",\"logo\":{\"@type\":\"ImageObject\",\"inLanguage\":\"hr\",\"@id\":\"https:\\\/\\\/radioljubuski.ba\\\/#\\\/schema\\\/logo\\\/image\\\/\",\"url\":\"https:\\\/\\\/radioljubuski.ba\\\/wp-content\\\/uploads\\\/2021\\\/02\\\/cropped-Radio_Ljubuski_logo1.jpg\",\"contentUrl\":\"https:\\\/\\\/radioljubuski.ba\\\/wp-content\\\/uploads\\\/2021\\\/02\\\/cropped-Radio_Ljubuski_logo1.jpg\",\"width\":512,\"height\":512,\"caption\":\"Radio Ljubu\u0161ki\"},\"image\":{\"@id\":\"https:\\\/\\\/radioljubuski.ba\\\/#\\\/schema\\\/logo\\\/image\\\/\"},\"sameAs\":[\"https:\\\/\\\/www.facebook.com\\\/Radiio-Ljubuski-1490835324566332\",\"https:\\\/\\\/x.com\\\/radioljubuski\",\"https:\\\/\\\/hr.linkedin.com\\\/company\\\/radio-ljubuski\",\"https:\\\/\\\/www.youtube.com\\\/channel\\\/UCHYaeO_n0Db3tjNGudGpXyw\"]},{\"@type\":\"Person\",\"@id\":\"https:\\\/\\\/radioljubuski.ba\\\/#\\\/schema\\\/person\\\/19fc700381a780f69665d7956c469e3b\",\"name\":\"Radio Ljubu\u0161ki\"}]}<\/script>\n<!-- \/ Yoast SEO plugin. -->","yoast_head_json":{"title":"U nekim zemljama necijepljeni radnici dobivaju otkaze: Odvjetnik komentirao \u010deka li ista sudbina i Hrvate - RADIO LJUBU\u0160KI","robots":{"index":"index","follow":"follow","max-snippet":"max-snippet:-1","max-image-preview":"max-image-preview:large","max-video-preview":"max-video-preview:-1"},"canonical":"https:\/\/radioljubuski.ba\/index.php\/2021\/08\/07\/u-nekim-zemljama-necijepljeni-radnici-dobivaju-otkaze-odvjetnik-komentirao-ceka-li-ista-sudbina-i-hrvate\/","og_locale":"hr_HR","og_type":"article","og_title":"U nekim zemljama necijepljeni radnici dobivaju otkaze: Odvjetnik komentirao \u010deka li ista sudbina i Hrvate - RADIO LJUBU\u0160KI","og_description":"Zbog \u0161irenja virusa, a slabe procijepljenosti, brojne zemlje uvode ograni\u010denja necijepljenima. Neki dijele i otkaze. Naime, u Italiji se bez zelene propusnice ne mo\u017ee u\u0107i u kazali\u0161ta, muzeje, teretane, unutarnji dio kafi\u0107a i restorana. A na ameri\u010dkom CNN-u troje necijepljenih zaposlenika dobilo je otkaz. Mo\u017eemo li ne\u0161to sli\u010dno o\u010dekivati i u Hrvatskoj? \u2018Kod nas u [&hellip;]","og_url":"https:\/\/radioljubuski.ba\/index.php\/2021\/08\/07\/u-nekim-zemljama-necijepljeni-radnici-dobivaju-otkaze-odvjetnik-komentirao-ceka-li-ista-sudbina-i-hrvate\/","og_site_name":"RADIO LJUBU\u0160KI","article_publisher":"https:\/\/www.facebook.com\/Radiio-Ljubuski-1490835324566332","article_published_time":"2021-08-07T21:57:47+00:00","article_modified_time":"2021-08-07T21:57:48+00:00","og_image":[{"width":696,"height":411,"url":"https:\/\/radioljubuski.ba\/wp-content\/uploads\/2021\/08\/volarevic-696x411-1.png","type":"image\/png"}],"author":"Radio Ljubu\u0161ki","twitter_card":"summary_large_image","twitter_creator":"@radioljubuski","twitter_site":"@radioljubuski","twitter_misc":{"Napisao\/la":"Radio Ljubu\u0161ki","Procijenjeno vrijeme \u010ditanja":"2 minute"},"schema":{"@context":"https:\/\/schema.org","@graph":[{"@type":"Article","@id":"https:\/\/radioljubuski.ba\/index.php\/2021\/08\/07\/u-nekim-zemljama-necijepljeni-radnici-dobivaju-otkaze-odvjetnik-komentirao-ceka-li-ista-sudbina-i-hrvate\/#article","isPartOf":{"@id":"https:\/\/radioljubuski.ba\/index.php\/2021\/08\/07\/u-nekim-zemljama-necijepljeni-radnici-dobivaju-otkaze-odvjetnik-komentirao-ceka-li-ista-sudbina-i-hrvate\/"},"author":{"name":"Radio Ljubu\u0161ki","@id":"https:\/\/radioljubuski.ba\/#\/schema\/person\/19fc700381a780f69665d7956c469e3b"},"headline":"U nekim zemljama necijepljeni radnici dobivaju otkaze: Odvjetnik komentirao \u010deka li ista sudbina i Hrvate","datePublished":"2021-08-07T21:57:47+00:00","dateModified":"2021-08-07T21:57:48+00:00","mainEntityOfPage":{"@id":"https:\/\/radioljubuski.ba\/index.php\/2021\/08\/07\/u-nekim-zemljama-necijepljeni-radnici-dobivaju-otkaze-odvjetnik-komentirao-ceka-li-ista-sudbina-i-hrvate\/"},"wordCount":408,"publisher":{"@id":"https:\/\/radioljubuski.ba\/#organization"},"image":{"@id":"https:\/\/radioljubuski.ba\/index.php\/2021\/08\/07\/u-nekim-zemljama-necijepljeni-radnici-dobivaju-otkaze-odvjetnik-komentirao-ceka-li-ista-sudbina-i-hrvate\/#primaryimage"},"thumbnailUrl":"https:\/\/radioljubuski.ba\/wp-content\/uploads\/2021\/08\/volarevic-696x411-1.png","articleSection":["BIH i regija"],"inLanguage":"hr"},{"@type":"WebPage","@id":"https:\/\/radioljubuski.ba\/index.php\/2021\/08\/07\/u-nekim-zemljama-necijepljeni-radnici-dobivaju-otkaze-odvjetnik-komentirao-ceka-li-ista-sudbina-i-hrvate\/","url":"https:\/\/radioljubuski.ba\/index.php\/2021\/08\/07\/u-nekim-zemljama-necijepljeni-radnici-dobivaju-otkaze-odvjetnik-komentirao-ceka-li-ista-sudbina-i-hrvate\/","name":"U nekim zemljama necijepljeni radnici dobivaju otkaze: Odvjetnik komentirao \u010deka li ista sudbina i Hrvate - RADIO LJUBU\u0160KI","isPartOf":{"@id":"https:\/\/radioljubuski.ba\/#website"},"primaryImageOfPage":{"@id":"https:\/\/radioljubuski.ba\/index.php\/2021\/08\/07\/u-nekim-zemljama-necijepljeni-radnici-dobivaju-otkaze-odvjetnik-komentirao-ceka-li-ista-sudbina-i-hrvate\/#primaryimage"},"image":{"@id":"https:\/\/radioljubuski.ba\/index.php\/2021\/08\/07\/u-nekim-zemljama-necijepljeni-radnici-dobivaju-otkaze-odvjetnik-komentirao-ceka-li-ista-sudbina-i-hrvate\/#primaryimage"},"thumbnailUrl":"https:\/\/radioljubuski.ba\/wp-content\/uploads\/2021\/08\/volarevic-696x411-1.png","datePublished":"2021-08-07T21:57:47+00:00","dateModified":"2021-08-07T21:57:48+00:00","breadcrumb":{"@id":"https:\/\/radioljubuski.ba\/index.php\/2021\/08\/07\/u-nekim-zemljama-necijepljeni-radnici-dobivaju-otkaze-odvjetnik-komentirao-ceka-li-ista-sudbina-i-hrvate\/#breadcrumb"},"inLanguage":"hr","potentialAction":[{"@type":"ReadAction","target":["https:\/\/radioljubuski.ba\/index.php\/2021\/08\/07\/u-nekim-zemljama-necijepljeni-radnici-dobivaju-otkaze-odvjetnik-komentirao-ceka-li-ista-sudbina-i-hrvate\/"]}]},{"@type":"ImageObject","inLanguage":"hr","@id":"https:\/\/radioljubuski.ba\/index.php\/2021\/08\/07\/u-nekim-zemljama-necijepljeni-radnici-dobivaju-otkaze-odvjetnik-komentirao-ceka-li-ista-sudbina-i-hrvate\/#primaryimage","url":"https:\/\/radioljubuski.ba\/wp-content\/uploads\/2021\/08\/volarevic-696x411-1.png","contentUrl":"https:\/\/radioljubuski.ba\/wp-content\/uploads\/2021\/08\/volarevic-696x411-1.png","width":696,"height":411},{"@type":"BreadcrumbList","@id":"https:\/\/radioljubuski.ba\/index.php\/2021\/08\/07\/u-nekim-zemljama-necijepljeni-radnici-dobivaju-otkaze-odvjetnik-komentirao-ceka-li-ista-sudbina-i-hrvate\/#breadcrumb","itemListElement":[{"@type":"ListItem","position":1,"name":"Po\u010detna stranica","item":"https:\/\/radioljubuski.ba\/"},{"@type":"ListItem","position":2,"name":"U nekim zemljama necijepljeni radnici dobivaju otkaze: Odvjetnik komentirao \u010deka li ista sudbina i Hrvate"}]},{"@type":"WebSite","@id":"https:\/\/radioljubuski.ba\/#website","url":"https:\/\/radioljubuski.ba\/","name":"Radio Ljubu\u0161ki","description":"Sun\u010dana frekvencija Hercegovine","publisher":{"@id":"https:\/\/radioljubuski.ba\/#organization"},"potentialAction":[{"@type":"SearchAction","target":{"@type":"EntryPoint","urlTemplate":"https:\/\/radioljubuski.ba\/?s={search_term_string}"},"query-input":{"@type":"PropertyValueSpecification","valueRequired":true,"valueName":"search_term_string"}}],"inLanguage":"hr"},{"@type":"Organization","@id":"https:\/\/radioljubuski.ba\/#organization","name":"Radio Ljubu\u0161ki","url":"https:\/\/radioljubuski.ba\/","logo":{"@type":"ImageObject","inLanguage":"hr","@id":"https:\/\/radioljubuski.ba\/#\/schema\/logo\/image\/","url":"https:\/\/radioljubuski.ba\/wp-content\/uploads\/2021\/02\/cropped-Radio_Ljubuski_logo1.jpg","contentUrl":"https:\/\/radioljubuski.ba\/wp-content\/uploads\/2021\/02\/cropped-Radio_Ljubuski_logo1.jpg","width":512,"height":512,"caption":"Radio Ljubu\u0161ki"},"image":{"@id":"https:\/\/radioljubuski.ba\/#\/schema\/logo\/image\/"},"sameAs":["https:\/\/www.facebook.com\/Radiio-Ljubuski-1490835324566332","https:\/\/x.com\/radioljubuski","https:\/\/hr.linkedin.com\/company\/radio-ljubuski","https:\/\/www.youtube.com\/channel\/UCHYaeO_n0Db3tjNGudGpXyw"]},{"@type":"Person","@id":"https:\/\/radioljubuski.ba\/#\/schema\/person\/19fc700381a780f69665d7956c469e3b","name":"Radio Ljubu\u0161ki"}]}},"_links":{"self":[{"href":"https:\/\/radioljubuski.ba\/index.php\/wp-json\/wp\/v2\/posts\/51383","targetHints":{"allow":["GET"]}}],"collection":[{"href":"https:\/\/radioljubuski.ba\/index.php\/wp-json\/wp\/v2\/posts"}],"about":[{"href":"https:\/\/radioljubuski.ba\/index.php\/wp-json\/wp\/v2\/types\/post"}],"author":[{"embeddable":true,"href":"https:\/\/radioljubuski.ba\/index.php\/wp-json\/wp\/v2\/users\/2"}],"replies":[{"embeddable":true,"href":"https:\/\/radioljubuski.ba\/index.php\/wp-json\/wp\/v2\/comments?post=51383"}],"version-history":[{"count":1,"href":"https:\/\/radioljubuski.ba\/index.php\/wp-json\/wp\/v2\/posts\/51383\/revisions"}],"predecessor-version":[{"id":51385,"href":"https:\/\/radioljubuski.ba\/index.php\/wp-json\/wp\/v2\/posts\/51383\/revisions\/51385"}],"wp:featuredmedia":[{"embeddable":true,"href":"https:\/\/radioljubuski.ba\/index.php\/wp-json\/wp\/v2\/media\/51384"}],"wp:attachment":[{"href":"https:\/\/radioljubuski.ba\/index.php\/wp-json\/wp\/v2\/media?parent=51383"}],"wp:term":[{"taxonomy":"category","embeddable":true,"href":"https:\/\/radioljubuski.ba\/index.php\/wp-json\/wp\/v2\/categories?post=51383"},{"taxonomy":"post_tag","embeddable":true,"href":"https:\/\/radioljubuski.ba\/index.php\/wp-json\/wp\/v2\/tags?post=51383"}],"curies":[{"name":"wp","href":"https:\/\/api.w.org\/{rel}","templated":true}]}}