{"id":51386,"date":"2021-08-07T23:01:00","date_gmt":"2021-08-07T22:01:00","guid":{"rendered":"https:\/\/radioljubuski.ba\/?p=51386"},"modified":"2021-08-07T23:01:01","modified_gmt":"2021-08-07T22:01:01","slug":"molitvom-cudesno-preobrazena-cijela-podrucja","status":"publish","type":"post","link":"https:\/\/radioljubuski.ba\/index.php\/2021\/08\/07\/molitvom-cudesno-preobrazena-cijela-podrucja\/","title":{"rendered":"Molitvom \u010dudesno preobra\u017eena cijela podru\u010dja"},"content":{"rendered":"\n<p>Kroz \u010ditavu ljudsku povijest Bog na \u010dudesne na\u010dine djeluje u ljudskom rodu.<\/p>\n\n\n\n<p>Ponekad su promijene nevidljive (ali ne i manje \u010dudesne) i doga\u0111aju se u na\u0161im srca &#8211; kada se mijenjamo i postajemo sli\u010dniji Kristu. Ali nutarnja preobrazba ljudi \u010desto se odra\u017eava i na preobrazbu svih sfera dru\u0161tva, pa i same prirode.<\/p>\n\n\n\n<p>Biblija govori da iz na\u0161eg srca proizlazi sve \u0161to \u017eivimo (Izreke 4:23, KJV). Kada se Bo\u017eji narod ponizi pred Bogom, u molitvi potra\u017ei Njegovo lice i odvrati se od svojih zlih putova, Bog iscjeljuje i ljudska srca i samu zemlju u kojoj ljudi \u017eive (2 Ljetopisa 7:14). Tome svjedo\u010de \u017eivi i svijetli primjeri mjesnih zajednica \u010dija dramati\u010dna preobrazba naprosto nadahnjuje.<\/p>\n\n\n\n<p>Donosimo vam deset lokaliteta gdje je preobrazba dru\u0161tva, kao posljedica duhovnog bu\u0111enja bila izrazito dramati\u010dna.<\/p>\n\n\n\n<p><strong>1. Cali, Kolumbija<\/strong><br>Desetlje\u0107ima grad Cali nosio je zloglasnu reputaciju glavnog grada kokaina. Nijedna institucija nije mogla pobje\u0107i nemilosrdnoj i korumpiranoj ruci vladaju\u0107eg kartela. Sredinom 1990-ih, ipak, \u010dvrsti i ledeni stisak gospodara droge je slomljen nakon \u0161to su se o\u010dajni vjernici okupili na lokalnom nogometnim stadionima kako bi odr\u017eali cjelono\u0107na molitvena bdijenja.<\/p>\n\n\n\n<p><strong>2. Karawa, Papua Nova Gvineja<\/strong><br>Mjesto Karawa je imalo dugu tradiciju obo\u017eavanja Vraga, ali su 2006. godine lokalni mje\u0161tani, nakon \u0161to su vidjeli proces iscjeljenja zemlje u Fid\u017eiju, spalili svoje feti\u0161e u dubokom pokajanju. Ekonomski \u017eivot je pobolj\u0161an gotovo trenutno \u2013 slana voda je pretvorena u svje\u017eu, vrtovi uspijevali, a bogat morski \u017eivot se obnovio.<\/p>\n\n\n\n<p><strong>3. Fischer Village, Brazil<\/strong><br>Naselje Fischer Village ne \u010dini se da je ne\u0161to posebno, dok ne shvatite da je do prije nekoliko godina, ve\u0107ina stanovnika \u017eivjela na odlagali\u0161tu sme\u0107a. Dok su se s le\u0161inarima borili za otpatke pokvarenog mesa, njihovi stalni suputnici bile su zaraze i smrt. Pokrenut njihovim vapajima, Bog je odaslao plan spa\u0161avanja koji je donio dramati\u010dna iscjeljenja, nove domove i svje\u017eu nadu.<\/p>\n\n\n\n<p><strong>4. Nateleira, Fid\u017ei<\/strong><\/p>\n\n\n\n<p>Ovo pomorsko mjesto bio je klasi\u010dan slu\u010daj raja koji je oti\u0161ao u krivo. Nije bilo vode, mrtvi koraljni greben, i nalet samoubojstava mladih. Ali to je bilo prije nego li se 1200 mje\u0161tana pokajalo za svoje grijehe i posvetilo zemlju Bogu. Dva dana kasnije blje\u0161tavo svijetlo se pojavilo nad obalom osvjetljavaju\u0107i more tridesetak minuta. Kada je sve bilo gotovo, koraljni greben je bio iscijeljen i tisu\u0107e riba je plivalo u pli\u0107acima.<\/p>\n\n\n\n<p><strong>5. Manchester, Kentucky, SAD<\/strong><br>Okrug Clay u Kentuckyu je bio sjedi\u0161te obiteljske zavade koja je odnijela preko 160 \u017eivota. Tako\u0111er je bio jedan od najsiroma\u0161nijih mjesta s najve\u0107im problemom ovisnosti o drogi u SAD-u. Ali to je sada pro\u0161lost. 2004. godine lokalni vjernici okupili su se u gradskom parku te rekli, &#8220;Dosta je bilo!&#8221; Probu\u0111enje koje je uslijedilo preustrojilo je svaki aspekt \u017eivota ove biv\u0161e solane.<\/p>\n\n\n\n<p><strong>6. Almolonga, Guatemala<\/strong><br>Ovo je zajednica &#8220;Velikih mrkvi&#8221; koja je postala poznata zbog videa Transformations, Sentinel Grupe. Nekad mjesto idolopoklonika i pijanih grubijana, Almolonga je sada u\u017eurbani, Kristo-centri\u010dni poljoprivredni centar. S 85 posto od 19 000 stanovnika koji tvrde da su do\u017eivjeli nanovoro\u0111enje, sekularni mediji grad su prozvali Ciudad de Dios (Bo\u017ejim gradom). Bog je doslovno iscijelio zemlju. Prije probu\u0111enja mje\u0161tani su proizvodili \u010detiri kamiona povr\u0107a mjese\u010dno dok su u vrijeme probu\u0111enja proizvodili \u010detiri kamiona tjedno. Bog je vjernicima dao mudrost da efikasnije upravljaju gospodarstvom te im istovremeno blagoslovio urod povr\u0107a. Tako su primjerice mrkve bile veli\u010dine ljudske podlaktice.<\/p>\n\n\n\n<p><strong>7. Shillong, India<\/strong><br>Shillong je glavni grad Meghalayae, jedne od tri dr\u017eave Indije s kr\u0161\u0107anskom ve\u0107inom (sve na sjeveroistoku). Od 1905.-1906., to je podru\u010dje do\u017eivjelo probu\u0111enje, ali se vatra s vremenom ugasila. Stolje\u0107e kasnije, lokalni vjernici tri su godine \u017earko molili da ih Bog ponovo pohodi \u2013 a On je to i u\u010dinio! Izli\u0107e Duha Svetoga 2006.-2007. donijelo je tisu\u0107e obra\u0107enih, iscijeljenih i oslobo\u0111enih. Destilerije su zatvorene, a djeca su propovijedala Bo\u017eju rije\u010d.<\/p>\n\n\n\n<p><strong>8. Rukua (otok Beqa), Fid\u017ei<\/strong><br>Naselje Rukua na otoku Beqa, poznato po sve\u0107eni\u010dkom klanu obrednih \u0161eta\u010da po vatri. Nakon godina prijevremenih smrti i dru\u0161tvene nesloge, mje\u0161tani su se pokajali i odvratili od starih putova i okrenuli se Bogu. Transformacija dru\u0161tva, njihove zemlje i zdravlja dokumentirana je u filmu Sentinel Grupe, &#8220;Let the Sea Resound&#8221;.<\/p>\n\n\n\n<p><strong>9. Algodao de Jandeira, Brazil<\/strong><br>Smje\u0161ten u pustinjskoj regiji sjevernog Brazila, gradi\u0107 Algodao nije vidio ki\u0161e 23 godine. Samo je \u0161aka vjernika \u017eivjela u ovoj umiru\u0107oj zajednici \u2013 ali dok su vapili Bogu da im pomogne, On je odgovorio otvaraju\u0107i nebesa. Kako je ki\u0161a padala, zemlja i njeni stanovnici su bili preobra\u017eeni. Neko\u0107 opisivan kao &#8220;sivi&#8221;, u Algidaou sada uspijeva nekoliko vrsta \u017eitarica, uzgajaju se riba i \u0161kampi iz neko\u0107 suhog ribnjaka.<\/p>\n\n\n\n<p><strong>10. Otok Lewis, Hebridsko oto\u010dje, \u0160kotska<\/strong><br>\u0160kotsko Hebridsko oto\u010dje je vrlo poznato po probu\u0111enjima, a niti jedno nije poznato kao ono na otoku Lewis. Iako je pro\u0161lo pola stolje\u0107a od posljednjeg istaknutog poho\u0111enja, njegov bezvremenski utjecaj jo\u0161 uvijek se mo\u017ee osjetiti. Tisu\u0107e ljudi, kako bi do\u0161li pod veliko presvjedo\u010denje o grijehu je bilo spa\u0161eno, uklju\u010duju\u0107i mnoge mornare i ribare koju su prolazili tim krajem.&nbsp;<\/p>\n\n\n\n<p>Izvor:medjugorje-info.com<\/p>\n","protected":false},"excerpt":{"rendered":"<p>Kroz \u010ditavu ljudsku povijest Bog na \u010dudesne na\u010dine djeluje u ljudskom rodu. Ponekad su promijene nevidljive (ali ne i manje \u010dudesne) i doga\u0111aju se u na\u0161im srca &#8211; kada se mijenjamo i postajemo sli\u010dniji Kristu. Ali nutarnja preobrazba ljudi \u010desto se odra\u017eava i na preobrazbu svih sfera dru\u0161tva, pa i same prirode. Biblija govori da [&hellip;]<\/p>\n","protected":false},"author":2,"featured_media":51387,"comment_status":"closed","ping_status":"closed","sticky":false,"template":"","format":"standard","meta":{"h5ap_radio_sources":[],"footnotes":""},"categories":[1],"tags":[],"class_list":["post-51386","post","type-post","status-publish","format-standard","has-post-thumbnail","hentry","category-bihiregija"],"yoast_head":"<!-- This site is optimized with the Yoast SEO plugin v27.5 - https:\/\/yoast.com\/product\/yoast-seo-wordpress\/ -->\n<title>Molitvom \u010dudesno preobra\u017eena cijela podru\u010dja - RADIO LJUBU\u0160KI<\/title>\n<meta name=\"robots\" content=\"index, follow, max-snippet:-1, max-image-preview:large, max-video-preview:-1\" \/>\n<link rel=\"canonical\" href=\"https:\/\/radioljubuski.ba\/index.php\/2021\/08\/07\/molitvom-cudesno-preobrazena-cijela-podrucja\/\" \/>\n<meta property=\"og:locale\" content=\"hr_HR\" \/>\n<meta property=\"og:type\" content=\"article\" \/>\n<meta property=\"og:title\" content=\"Molitvom \u010dudesno preobra\u017eena cijela podru\u010dja - RADIO LJUBU\u0160KI\" \/>\n<meta property=\"og:description\" content=\"Kroz \u010ditavu ljudsku povijest Bog na \u010dudesne na\u010dine djeluje u ljudskom rodu. Ponekad su promijene nevidljive (ali ne i manje \u010dudesne) i doga\u0111aju se u na\u0161im srca &#8211; kada se mijenjamo i postajemo sli\u010dniji Kristu. Ali nutarnja preobrazba ljudi \u010desto se odra\u017eava i na preobrazbu svih sfera dru\u0161tva, pa i same prirode. Biblija govori da [&hellip;]\" \/>\n<meta property=\"og:url\" content=\"https:\/\/radioljubuski.ba\/index.php\/2021\/08\/07\/molitvom-cudesno-preobrazena-cijela-podrucja\/\" \/>\n<meta property=\"og:site_name\" content=\"RADIO LJUBU\u0160KI\" \/>\n<meta property=\"article:publisher\" content=\"https:\/\/www.facebook.com\/Radiio-Ljubuski-1490835324566332\" \/>\n<meta property=\"article:published_time\" content=\"2021-08-07T22:01:00+00:00\" \/>\n<meta property=\"article:modified_time\" content=\"2021-08-07T22:01:01+00:00\" \/>\n<meta property=\"og:image\" content=\"https:\/\/radioljubuski.ba\/wp-content\/uploads\/2021\/08\/Duh-Sveti-7.jpg\" \/>\n\t<meta property=\"og:image:width\" content=\"740\" \/>\n\t<meta property=\"og:image:height\" content=\"370\" \/>\n\t<meta property=\"og:image:type\" content=\"image\/jpeg\" \/>\n<meta name=\"author\" content=\"Radio Ljubu\u0161ki\" \/>\n<meta name=\"twitter:card\" content=\"summary_large_image\" \/>\n<meta name=\"twitter:creator\" content=\"@radioljubuski\" \/>\n<meta name=\"twitter:site\" content=\"@radioljubuski\" \/>\n<meta name=\"twitter:label1\" content=\"Napisao\/la\" \/>\n\t<meta name=\"twitter:data1\" content=\"Radio Ljubu\u0161ki\" \/>\n\t<meta name=\"twitter:label2\" content=\"Procijenjeno vrijeme \u010ditanja\" \/>\n\t<meta name=\"twitter:data2\" content=\"4 minute\" \/>\n<script type=\"application\/ld+json\" class=\"yoast-schema-graph\">{\"@context\":\"https:\\\/\\\/schema.org\",\"@graph\":[{\"@type\":\"Article\",\"@id\":\"https:\\\/\\\/radioljubuski.ba\\\/index.php\\\/2021\\\/08\\\/07\\\/molitvom-cudesno-preobrazena-cijela-podrucja\\\/#article\",\"isPartOf\":{\"@id\":\"https:\\\/\\\/radioljubuski.ba\\\/index.php\\\/2021\\\/08\\\/07\\\/molitvom-cudesno-preobrazena-cijela-podrucja\\\/\"},\"author\":{\"name\":\"Radio Ljubu\u0161ki\",\"@id\":\"https:\\\/\\\/radioljubuski.ba\\\/#\\\/schema\\\/person\\\/19fc700381a780f69665d7956c469e3b\"},\"headline\":\"Molitvom \u010dudesno preobra\u017eena cijela podru\u010dja\",\"datePublished\":\"2021-08-07T22:01:00+00:00\",\"dateModified\":\"2021-08-07T22:01:01+00:00\",\"mainEntityOfPage\":{\"@id\":\"https:\\\/\\\/radioljubuski.ba\\\/index.php\\\/2021\\\/08\\\/07\\\/molitvom-cudesno-preobrazena-cijela-podrucja\\\/\"},\"wordCount\":889,\"publisher\":{\"@id\":\"https:\\\/\\\/radioljubuski.ba\\\/#organization\"},\"image\":{\"@id\":\"https:\\\/\\\/radioljubuski.ba\\\/index.php\\\/2021\\\/08\\\/07\\\/molitvom-cudesno-preobrazena-cijela-podrucja\\\/#primaryimage\"},\"thumbnailUrl\":\"https:\\\/\\\/radioljubuski.ba\\\/wp-content\\\/uploads\\\/2021\\\/08\\\/Duh-Sveti-7.jpg\",\"articleSection\":[\"BIH i regija\"],\"inLanguage\":\"hr\"},{\"@type\":\"WebPage\",\"@id\":\"https:\\\/\\\/radioljubuski.ba\\\/index.php\\\/2021\\\/08\\\/07\\\/molitvom-cudesno-preobrazena-cijela-podrucja\\\/\",\"url\":\"https:\\\/\\\/radioljubuski.ba\\\/index.php\\\/2021\\\/08\\\/07\\\/molitvom-cudesno-preobrazena-cijela-podrucja\\\/\",\"name\":\"Molitvom \u010dudesno preobra\u017eena cijela podru\u010dja - RADIO LJUBU\u0160KI\",\"isPartOf\":{\"@id\":\"https:\\\/\\\/radioljubuski.ba\\\/#website\"},\"primaryImageOfPage\":{\"@id\":\"https:\\\/\\\/radioljubuski.ba\\\/index.php\\\/2021\\\/08\\\/07\\\/molitvom-cudesno-preobrazena-cijela-podrucja\\\/#primaryimage\"},\"image\":{\"@id\":\"https:\\\/\\\/radioljubuski.ba\\\/index.php\\\/2021\\\/08\\\/07\\\/molitvom-cudesno-preobrazena-cijela-podrucja\\\/#primaryimage\"},\"thumbnailUrl\":\"https:\\\/\\\/radioljubuski.ba\\\/wp-content\\\/uploads\\\/2021\\\/08\\\/Duh-Sveti-7.jpg\",\"datePublished\":\"2021-08-07T22:01:00+00:00\",\"dateModified\":\"2021-08-07T22:01:01+00:00\",\"breadcrumb\":{\"@id\":\"https:\\\/\\\/radioljubuski.ba\\\/index.php\\\/2021\\\/08\\\/07\\\/molitvom-cudesno-preobrazena-cijela-podrucja\\\/#breadcrumb\"},\"inLanguage\":\"hr\",\"potentialAction\":[{\"@type\":\"ReadAction\",\"target\":[\"https:\\\/\\\/radioljubuski.ba\\\/index.php\\\/2021\\\/08\\\/07\\\/molitvom-cudesno-preobrazena-cijela-podrucja\\\/\"]}]},{\"@type\":\"ImageObject\",\"inLanguage\":\"hr\",\"@id\":\"https:\\\/\\\/radioljubuski.ba\\\/index.php\\\/2021\\\/08\\\/07\\\/molitvom-cudesno-preobrazena-cijela-podrucja\\\/#primaryimage\",\"url\":\"https:\\\/\\\/radioljubuski.ba\\\/wp-content\\\/uploads\\\/2021\\\/08\\\/Duh-Sveti-7.jpg\",\"contentUrl\":\"https:\\\/\\\/radioljubuski.ba\\\/wp-content\\\/uploads\\\/2021\\\/08\\\/Duh-Sveti-7.jpg\",\"width\":740,\"height\":370},{\"@type\":\"BreadcrumbList\",\"@id\":\"https:\\\/\\\/radioljubuski.ba\\\/index.php\\\/2021\\\/08\\\/07\\\/molitvom-cudesno-preobrazena-cijela-podrucja\\\/#breadcrumb\",\"itemListElement\":[{\"@type\":\"ListItem\",\"position\":1,\"name\":\"Po\u010detna stranica\",\"item\":\"https:\\\/\\\/radioljubuski.ba\\\/\"},{\"@type\":\"ListItem\",\"position\":2,\"name\":\"Molitvom \u010dudesno preobra\u017eena cijela podru\u010dja\"}]},{\"@type\":\"WebSite\",\"@id\":\"https:\\\/\\\/radioljubuski.ba\\\/#website\",\"url\":\"https:\\\/\\\/radioljubuski.ba\\\/\",\"name\":\"Radio Ljubu\u0161ki\",\"description\":\"Sun\u010dana frekvencija Hercegovine\",\"publisher\":{\"@id\":\"https:\\\/\\\/radioljubuski.ba\\\/#organization\"},\"potentialAction\":[{\"@type\":\"SearchAction\",\"target\":{\"@type\":\"EntryPoint\",\"urlTemplate\":\"https:\\\/\\\/radioljubuski.ba\\\/?s={search_term_string}\"},\"query-input\":{\"@type\":\"PropertyValueSpecification\",\"valueRequired\":true,\"valueName\":\"search_term_string\"}}],\"inLanguage\":\"hr\"},{\"@type\":\"Organization\",\"@id\":\"https:\\\/\\\/radioljubuski.ba\\\/#organization\",\"name\":\"Radio Ljubu\u0161ki\",\"url\":\"https:\\\/\\\/radioljubuski.ba\\\/\",\"logo\":{\"@type\":\"ImageObject\",\"inLanguage\":\"hr\",\"@id\":\"https:\\\/\\\/radioljubuski.ba\\\/#\\\/schema\\\/logo\\\/image\\\/\",\"url\":\"https:\\\/\\\/radioljubuski.ba\\\/wp-content\\\/uploads\\\/2021\\\/02\\\/cropped-Radio_Ljubuski_logo1.jpg\",\"contentUrl\":\"https:\\\/\\\/radioljubuski.ba\\\/wp-content\\\/uploads\\\/2021\\\/02\\\/cropped-Radio_Ljubuski_logo1.jpg\",\"width\":512,\"height\":512,\"caption\":\"Radio Ljubu\u0161ki\"},\"image\":{\"@id\":\"https:\\\/\\\/radioljubuski.ba\\\/#\\\/schema\\\/logo\\\/image\\\/\"},\"sameAs\":[\"https:\\\/\\\/www.facebook.com\\\/Radiio-Ljubuski-1490835324566332\",\"https:\\\/\\\/x.com\\\/radioljubuski\",\"https:\\\/\\\/hr.linkedin.com\\\/company\\\/radio-ljubuski\",\"https:\\\/\\\/www.youtube.com\\\/channel\\\/UCHYaeO_n0Db3tjNGudGpXyw\"]},{\"@type\":\"Person\",\"@id\":\"https:\\\/\\\/radioljubuski.ba\\\/#\\\/schema\\\/person\\\/19fc700381a780f69665d7956c469e3b\",\"name\":\"Radio Ljubu\u0161ki\"}]}<\/script>\n<!-- \/ Yoast SEO plugin. -->","yoast_head_json":{"title":"Molitvom \u010dudesno preobra\u017eena cijela podru\u010dja - RADIO LJUBU\u0160KI","robots":{"index":"index","follow":"follow","max-snippet":"max-snippet:-1","max-image-preview":"max-image-preview:large","max-video-preview":"max-video-preview:-1"},"canonical":"https:\/\/radioljubuski.ba\/index.php\/2021\/08\/07\/molitvom-cudesno-preobrazena-cijela-podrucja\/","og_locale":"hr_HR","og_type":"article","og_title":"Molitvom \u010dudesno preobra\u017eena cijela podru\u010dja - RADIO LJUBU\u0160KI","og_description":"Kroz \u010ditavu ljudsku povijest Bog na \u010dudesne na\u010dine djeluje u ljudskom rodu. Ponekad su promijene nevidljive (ali ne i manje \u010dudesne) i doga\u0111aju se u na\u0161im srca &#8211; kada se mijenjamo i postajemo sli\u010dniji Kristu. Ali nutarnja preobrazba ljudi \u010desto se odra\u017eava i na preobrazbu svih sfera dru\u0161tva, pa i same prirode. Biblija govori da [&hellip;]","og_url":"https:\/\/radioljubuski.ba\/index.php\/2021\/08\/07\/molitvom-cudesno-preobrazena-cijela-podrucja\/","og_site_name":"RADIO LJUBU\u0160KI","article_publisher":"https:\/\/www.facebook.com\/Radiio-Ljubuski-1490835324566332","article_published_time":"2021-08-07T22:01:00+00:00","article_modified_time":"2021-08-07T22:01:01+00:00","og_image":[{"width":740,"height":370,"url":"https:\/\/radioljubuski.ba\/wp-content\/uploads\/2021\/08\/Duh-Sveti-7.jpg","type":"image\/jpeg"}],"author":"Radio Ljubu\u0161ki","twitter_card":"summary_large_image","twitter_creator":"@radioljubuski","twitter_site":"@radioljubuski","twitter_misc":{"Napisao\/la":"Radio Ljubu\u0161ki","Procijenjeno vrijeme \u010ditanja":"4 minute"},"schema":{"@context":"https:\/\/schema.org","@graph":[{"@type":"Article","@id":"https:\/\/radioljubuski.ba\/index.php\/2021\/08\/07\/molitvom-cudesno-preobrazena-cijela-podrucja\/#article","isPartOf":{"@id":"https:\/\/radioljubuski.ba\/index.php\/2021\/08\/07\/molitvom-cudesno-preobrazena-cijela-podrucja\/"},"author":{"name":"Radio Ljubu\u0161ki","@id":"https:\/\/radioljubuski.ba\/#\/schema\/person\/19fc700381a780f69665d7956c469e3b"},"headline":"Molitvom \u010dudesno preobra\u017eena cijela podru\u010dja","datePublished":"2021-08-07T22:01:00+00:00","dateModified":"2021-08-07T22:01:01+00:00","mainEntityOfPage":{"@id":"https:\/\/radioljubuski.ba\/index.php\/2021\/08\/07\/molitvom-cudesno-preobrazena-cijela-podrucja\/"},"wordCount":889,"publisher":{"@id":"https:\/\/radioljubuski.ba\/#organization"},"image":{"@id":"https:\/\/radioljubuski.ba\/index.php\/2021\/08\/07\/molitvom-cudesno-preobrazena-cijela-podrucja\/#primaryimage"},"thumbnailUrl":"https:\/\/radioljubuski.ba\/wp-content\/uploads\/2021\/08\/Duh-Sveti-7.jpg","articleSection":["BIH i regija"],"inLanguage":"hr"},{"@type":"WebPage","@id":"https:\/\/radioljubuski.ba\/index.php\/2021\/08\/07\/molitvom-cudesno-preobrazena-cijela-podrucja\/","url":"https:\/\/radioljubuski.ba\/index.php\/2021\/08\/07\/molitvom-cudesno-preobrazena-cijela-podrucja\/","name":"Molitvom \u010dudesno preobra\u017eena cijela podru\u010dja - RADIO LJUBU\u0160KI","isPartOf":{"@id":"https:\/\/radioljubuski.ba\/#website"},"primaryImageOfPage":{"@id":"https:\/\/radioljubuski.ba\/index.php\/2021\/08\/07\/molitvom-cudesno-preobrazena-cijela-podrucja\/#primaryimage"},"image":{"@id":"https:\/\/radioljubuski.ba\/index.php\/2021\/08\/07\/molitvom-cudesno-preobrazena-cijela-podrucja\/#primaryimage"},"thumbnailUrl":"https:\/\/radioljubuski.ba\/wp-content\/uploads\/2021\/08\/Duh-Sveti-7.jpg","datePublished":"2021-08-07T22:01:00+00:00","dateModified":"2021-08-07T22:01:01+00:00","breadcrumb":{"@id":"https:\/\/radioljubuski.ba\/index.php\/2021\/08\/07\/molitvom-cudesno-preobrazena-cijela-podrucja\/#breadcrumb"},"inLanguage":"hr","potentialAction":[{"@type":"ReadAction","target":["https:\/\/radioljubuski.ba\/index.php\/2021\/08\/07\/molitvom-cudesno-preobrazena-cijela-podrucja\/"]}]},{"@type":"ImageObject","inLanguage":"hr","@id":"https:\/\/radioljubuski.ba\/index.php\/2021\/08\/07\/molitvom-cudesno-preobrazena-cijela-podrucja\/#primaryimage","url":"https:\/\/radioljubuski.ba\/wp-content\/uploads\/2021\/08\/Duh-Sveti-7.jpg","contentUrl":"https:\/\/radioljubuski.ba\/wp-content\/uploads\/2021\/08\/Duh-Sveti-7.jpg","width":740,"height":370},{"@type":"BreadcrumbList","@id":"https:\/\/radioljubuski.ba\/index.php\/2021\/08\/07\/molitvom-cudesno-preobrazena-cijela-podrucja\/#breadcrumb","itemListElement":[{"@type":"ListItem","position":1,"name":"Po\u010detna stranica","item":"https:\/\/radioljubuski.ba\/"},{"@type":"ListItem","position":2,"name":"Molitvom \u010dudesno preobra\u017eena cijela podru\u010dja"}]},{"@type":"WebSite","@id":"https:\/\/radioljubuski.ba\/#website","url":"https:\/\/radioljubuski.ba\/","name":"Radio Ljubu\u0161ki","description":"Sun\u010dana frekvencija Hercegovine","publisher":{"@id":"https:\/\/radioljubuski.ba\/#organization"},"potentialAction":[{"@type":"SearchAction","target":{"@type":"EntryPoint","urlTemplate":"https:\/\/radioljubuski.ba\/?s={search_term_string}"},"query-input":{"@type":"PropertyValueSpecification","valueRequired":true,"valueName":"search_term_string"}}],"inLanguage":"hr"},{"@type":"Organization","@id":"https:\/\/radioljubuski.ba\/#organization","name":"Radio Ljubu\u0161ki","url":"https:\/\/radioljubuski.ba\/","logo":{"@type":"ImageObject","inLanguage":"hr","@id":"https:\/\/radioljubuski.ba\/#\/schema\/logo\/image\/","url":"https:\/\/radioljubuski.ba\/wp-content\/uploads\/2021\/02\/cropped-Radio_Ljubuski_logo1.jpg","contentUrl":"https:\/\/radioljubuski.ba\/wp-content\/uploads\/2021\/02\/cropped-Radio_Ljubuski_logo1.jpg","width":512,"height":512,"caption":"Radio Ljubu\u0161ki"},"image":{"@id":"https:\/\/radioljubuski.ba\/#\/schema\/logo\/image\/"},"sameAs":["https:\/\/www.facebook.com\/Radiio-Ljubuski-1490835324566332","https:\/\/x.com\/radioljubuski","https:\/\/hr.linkedin.com\/company\/radio-ljubuski","https:\/\/www.youtube.com\/channel\/UCHYaeO_n0Db3tjNGudGpXyw"]},{"@type":"Person","@id":"https:\/\/radioljubuski.ba\/#\/schema\/person\/19fc700381a780f69665d7956c469e3b","name":"Radio Ljubu\u0161ki"}]}},"_links":{"self":[{"href":"https:\/\/radioljubuski.ba\/index.php\/wp-json\/wp\/v2\/posts\/51386","targetHints":{"allow":["GET"]}}],"collection":[{"href":"https:\/\/radioljubuski.ba\/index.php\/wp-json\/wp\/v2\/posts"}],"about":[{"href":"https:\/\/radioljubuski.ba\/index.php\/wp-json\/wp\/v2\/types\/post"}],"author":[{"embeddable":true,"href":"https:\/\/radioljubuski.ba\/index.php\/wp-json\/wp\/v2\/users\/2"}],"replies":[{"embeddable":true,"href":"https:\/\/radioljubuski.ba\/index.php\/wp-json\/wp\/v2\/comments?post=51386"}],"version-history":[{"count":1,"href":"https:\/\/radioljubuski.ba\/index.php\/wp-json\/wp\/v2\/posts\/51386\/revisions"}],"predecessor-version":[{"id":51388,"href":"https:\/\/radioljubuski.ba\/index.php\/wp-json\/wp\/v2\/posts\/51386\/revisions\/51388"}],"wp:featuredmedia":[{"embeddable":true,"href":"https:\/\/radioljubuski.ba\/index.php\/wp-json\/wp\/v2\/media\/51387"}],"wp:attachment":[{"href":"https:\/\/radioljubuski.ba\/index.php\/wp-json\/wp\/v2\/media?parent=51386"}],"wp:term":[{"taxonomy":"category","embeddable":true,"href":"https:\/\/radioljubuski.ba\/index.php\/wp-json\/wp\/v2\/categories?post=51386"},{"taxonomy":"post_tag","embeddable":true,"href":"https:\/\/radioljubuski.ba\/index.php\/wp-json\/wp\/v2\/tags?post=51386"}],"curies":[{"name":"wp","href":"https:\/\/api.w.org\/{rel}","templated":true}]}}