{"id":5156,"date":"2021-03-20T01:30:06","date_gmt":"2021-03-20T00:30:06","guid":{"rendered":"https:\/\/radioljubuski.ba\/?p=5156"},"modified":"2021-03-20T01:30:07","modified_gmt":"2021-03-20T00:30:07","slug":"predlozen-istrazni-zatvor-za-osumnjicenog-za-ratni-zlocin-u-vukovaru","status":"publish","type":"post","link":"https:\/\/radioljubuski.ba\/index.php\/2021\/03\/20\/predlozen-istrazni-zatvor-za-osumnjicenog-za-ratni-zlocin-u-vukovaru\/","title":{"rendered":"Predlo\u017een istra\u017eni zatvor za osumnji\u010denog za ratni zlo\u010din u Vukovaru"},"content":{"rendered":"\n<p><strong>Osje\u010dko \u017dupanijsko dr\u017eavno odvjetni\u0161tvo ispitalo je 50-godi\u0161njeg osumnji\u010denika za ratni zlo\u010din protiv civilnog stanovni\u0161tva u Vukovaru 1991. godine te je predlo\u017eilo odre\u0111ivanje istra\u017enog zatvora, izvijestilo je tu\u017eiteljstvo u petak.<\/strong><\/p>\n\n\n\n<p>Sumnja se da je okrivljenik kazneno djelo po\u010dinio 15. rujna 1991. u Vukovaru tijekom oru\u017eanog napada JNA i srpskih paravojnih formacija na vukovarsko naselje Sajmi\u0161te, kao pripadnik paravojne formacije odred &#8220;Petrova Gora&#8221;.<\/p>\n\n\n\n<p>Tereti ga se da je, tijekom napada, do\u0161ao do ku\u0107e u Ulici Svetozara Markovi\u0107a, u kojoj se u podrumskim prostorijama sklonilo vi\u0161e civila, i da je zajedno s jo\u0161 desetak pripadnika spomenutog odreda, uz prijetnju bacanja bombi u podrum, istjerao na dvori\u0161te sve osobe koje su bile u podrumu.<\/p>\n\n\n\n<p>Tu\u017eiteljstvo okrivljenika sumnji\u010di da je s ostalim pripadnicima srpskih paravojnih postrojbi sedmorici mu\u0161karaca zapovjedio da legnu na zemlju licem prema tlu, a da su ih zatim na dvori\u0161tu, pred \u017eenama i djecom, zajedno zlostavljali, udarali rukama, nogama i kundacima pu\u0161aka po tijelu.<\/p>\n\n\n\n<p>Nakon zlostavljanja su zajedni\u010dki, uz prijetnju oru\u017eja, istjerali sve odrasle mu\u0161karce iz dvori\u0161ta i odveli ih izvan naselja u smjeru tzv. Gelesove dole, od kuda se ubrzo za\u010dula pucnjava iz vatrenog oru\u017eja, pri \u010demu su ubijeni 24-godi\u0161nji, 33-godi\u0161nji, 35-godi\u0161nji, i dvojica 37-godi\u0161njih civila, dok se od tog trenutka 27-godi\u0161njem civilu gubi svaki trag i jo\u0161 uvijek se vodi kao nestala osoba.<\/p>\n\n\n\n<p>U toj pucnjavi je te\u0161ko ranjen 55-godi\u0161nji civil, ali je uspio pre\u017eivjeti i tijekom no\u0107i se vratio u ku\u0107u iz koje je prethodno prisilno odveden.<\/p>\n\n\n\n<p>Sucu istrage osje\u010dkog \u017dupanijskog suda tu\u017eiteljstvo je predlo\u017eilo odre\u0111ivanje istra\u017enog zatvora protiv osumnji\u010denog 50-godi\u0161njaka, zbog opasnosti od bijega i ometanja istrage te zbog opasnosti od ponavljanja djela.<\/p>\n\n\n\n<p>Izvor:hrt.hr<\/p>\n","protected":false},"excerpt":{"rendered":"<p>Osje\u010dko \u017dupanijsko dr\u017eavno odvjetni\u0161tvo ispitalo je 50-godi\u0161njeg osumnji\u010denika za ratni zlo\u010din protiv civilnog stanovni\u0161tva u Vukovaru 1991. godine te je predlo\u017eilo odre\u0111ivanje istra\u017enog zatvora, izvijestilo je tu\u017eiteljstvo u petak. Sumnja se da je okrivljenik kazneno djelo po\u010dinio 15. rujna 1991. u Vukovaru tijekom oru\u017eanog napada JNA i srpskih paravojnih formacija na vukovarsko naselje Sajmi\u0161te, kao [&hellip;]<\/p>\n","protected":false},"author":2,"featured_media":5157,"comment_status":"closed","ping_status":"closed","sticky":false,"template":"","format":"standard","meta":{"h5ap_radio_sources":[],"footnotes":""},"categories":[1],"tags":[],"class_list":["post-5156","post","type-post","status-publish","format-standard","has-post-thumbnail","hentry","category-bihiregija"],"yoast_head":"<!-- This site is optimized with the Yoast SEO plugin v27.5 - https:\/\/yoast.com\/product\/yoast-seo-wordpress\/ -->\n<title>Predlo\u017een istra\u017eni zatvor za osumnji\u010denog za ratni zlo\u010din u Vukovaru - RADIO LJUBU\u0160KI<\/title>\n<meta name=\"robots\" content=\"index, follow, max-snippet:-1, max-image-preview:large, max-video-preview:-1\" \/>\n<link rel=\"canonical\" href=\"https:\/\/radioljubuski.ba\/index.php\/2021\/03\/20\/predlozen-istrazni-zatvor-za-osumnjicenog-za-ratni-zlocin-u-vukovaru\/\" \/>\n<meta property=\"og:locale\" content=\"hr_HR\" \/>\n<meta property=\"og:type\" content=\"article\" \/>\n<meta property=\"og:title\" content=\"Predlo\u017een istra\u017eni zatvor za osumnji\u010denog za ratni zlo\u010din u Vukovaru - RADIO LJUBU\u0160KI\" \/>\n<meta property=\"og:description\" content=\"Osje\u010dko \u017dupanijsko dr\u017eavno odvjetni\u0161tvo ispitalo je 50-godi\u0161njeg osumnji\u010denika za ratni zlo\u010din protiv civilnog stanovni\u0161tva u Vukovaru 1991. godine te je predlo\u017eilo odre\u0111ivanje istra\u017enog zatvora, izvijestilo je tu\u017eiteljstvo u petak. Sumnja se da je okrivljenik kazneno djelo po\u010dinio 15. rujna 1991. u Vukovaru tijekom oru\u017eanog napada JNA i srpskih paravojnih formacija na vukovarsko naselje Sajmi\u0161te, kao [&hellip;]\" \/>\n<meta property=\"og:url\" content=\"https:\/\/radioljubuski.ba\/index.php\/2021\/03\/20\/predlozen-istrazni-zatvor-za-osumnjicenog-za-ratni-zlocin-u-vukovaru\/\" \/>\n<meta property=\"og:site_name\" content=\"RADIO LJUBU\u0160KI\" \/>\n<meta property=\"article:publisher\" content=\"https:\/\/www.facebook.com\/Radiio-Ljubuski-1490835324566332\" \/>\n<meta property=\"article:published_time\" content=\"2021-03-20T00:30:06+00:00\" \/>\n<meta property=\"article:modified_time\" content=\"2021-03-20T00:30:07+00:00\" \/>\n<meta property=\"og:image\" content=\"https:\/\/radioljubuski.ba\/wp-content\/uploads\/2021\/03\/pxl-151015-11906509-20210319141427.jpg\" \/>\n\t<meta property=\"og:image:width\" content=\"1600\" \/>\n\t<meta property=\"og:image:height\" content=\"1066\" \/>\n\t<meta property=\"og:image:type\" content=\"image\/jpeg\" \/>\n<meta name=\"author\" content=\"Radio Ljubu\u0161ki\" \/>\n<meta name=\"twitter:card\" content=\"summary_large_image\" \/>\n<meta name=\"twitter:creator\" content=\"@radioljubuski\" \/>\n<meta name=\"twitter:site\" content=\"@radioljubuski\" \/>\n<meta name=\"twitter:label1\" content=\"Napisao\/la\" \/>\n\t<meta name=\"twitter:data1\" content=\"Radio Ljubu\u0161ki\" \/>\n\t<meta name=\"twitter:label2\" content=\"Procijenjeno vrijeme \u010ditanja\" \/>\n\t<meta name=\"twitter:data2\" content=\"2 minute\" \/>\n<script type=\"application\/ld+json\" class=\"yoast-schema-graph\">{\"@context\":\"https:\\\/\\\/schema.org\",\"@graph\":[{\"@type\":\"Article\",\"@id\":\"https:\\\/\\\/radioljubuski.ba\\\/index.php\\\/2021\\\/03\\\/20\\\/predlozen-istrazni-zatvor-za-osumnjicenog-za-ratni-zlocin-u-vukovaru\\\/#article\",\"isPartOf\":{\"@id\":\"https:\\\/\\\/radioljubuski.ba\\\/index.php\\\/2021\\\/03\\\/20\\\/predlozen-istrazni-zatvor-za-osumnjicenog-za-ratni-zlocin-u-vukovaru\\\/\"},\"author\":{\"name\":\"Radio Ljubu\u0161ki\",\"@id\":\"https:\\\/\\\/radioljubuski.ba\\\/#\\\/schema\\\/person\\\/19fc700381a780f69665d7956c469e3b\"},\"headline\":\"Predlo\u017een istra\u017eni zatvor za osumnji\u010denog za ratni zlo\u010din u Vukovaru\",\"datePublished\":\"2021-03-20T00:30:06+00:00\",\"dateModified\":\"2021-03-20T00:30:07+00:00\",\"mainEntityOfPage\":{\"@id\":\"https:\\\/\\\/radioljubuski.ba\\\/index.php\\\/2021\\\/03\\\/20\\\/predlozen-istrazni-zatvor-za-osumnjicenog-za-ratni-zlocin-u-vukovaru\\\/\"},\"wordCount\":326,\"publisher\":{\"@id\":\"https:\\\/\\\/radioljubuski.ba\\\/#organization\"},\"image\":{\"@id\":\"https:\\\/\\\/radioljubuski.ba\\\/index.php\\\/2021\\\/03\\\/20\\\/predlozen-istrazni-zatvor-za-osumnjicenog-za-ratni-zlocin-u-vukovaru\\\/#primaryimage\"},\"thumbnailUrl\":\"https:\\\/\\\/radioljubuski.ba\\\/wp-content\\\/uploads\\\/2021\\\/03\\\/pxl-151015-11906509-20210319141427.jpg\",\"articleSection\":[\"BIH i regija\"],\"inLanguage\":\"hr\"},{\"@type\":\"WebPage\",\"@id\":\"https:\\\/\\\/radioljubuski.ba\\\/index.php\\\/2021\\\/03\\\/20\\\/predlozen-istrazni-zatvor-za-osumnjicenog-za-ratni-zlocin-u-vukovaru\\\/\",\"url\":\"https:\\\/\\\/radioljubuski.ba\\\/index.php\\\/2021\\\/03\\\/20\\\/predlozen-istrazni-zatvor-za-osumnjicenog-za-ratni-zlocin-u-vukovaru\\\/\",\"name\":\"Predlo\u017een istra\u017eni zatvor za osumnji\u010denog za ratni zlo\u010din u Vukovaru - RADIO LJUBU\u0160KI\",\"isPartOf\":{\"@id\":\"https:\\\/\\\/radioljubuski.ba\\\/#website\"},\"primaryImageOfPage\":{\"@id\":\"https:\\\/\\\/radioljubuski.ba\\\/index.php\\\/2021\\\/03\\\/20\\\/predlozen-istrazni-zatvor-za-osumnjicenog-za-ratni-zlocin-u-vukovaru\\\/#primaryimage\"},\"image\":{\"@id\":\"https:\\\/\\\/radioljubuski.ba\\\/index.php\\\/2021\\\/03\\\/20\\\/predlozen-istrazni-zatvor-za-osumnjicenog-za-ratni-zlocin-u-vukovaru\\\/#primaryimage\"},\"thumbnailUrl\":\"https:\\\/\\\/radioljubuski.ba\\\/wp-content\\\/uploads\\\/2021\\\/03\\\/pxl-151015-11906509-20210319141427.jpg\",\"datePublished\":\"2021-03-20T00:30:06+00:00\",\"dateModified\":\"2021-03-20T00:30:07+00:00\",\"breadcrumb\":{\"@id\":\"https:\\\/\\\/radioljubuski.ba\\\/index.php\\\/2021\\\/03\\\/20\\\/predlozen-istrazni-zatvor-za-osumnjicenog-za-ratni-zlocin-u-vukovaru\\\/#breadcrumb\"},\"inLanguage\":\"hr\",\"potentialAction\":[{\"@type\":\"ReadAction\",\"target\":[\"https:\\\/\\\/radioljubuski.ba\\\/index.php\\\/2021\\\/03\\\/20\\\/predlozen-istrazni-zatvor-za-osumnjicenog-za-ratni-zlocin-u-vukovaru\\\/\"]}]},{\"@type\":\"ImageObject\",\"inLanguage\":\"hr\",\"@id\":\"https:\\\/\\\/radioljubuski.ba\\\/index.php\\\/2021\\\/03\\\/20\\\/predlozen-istrazni-zatvor-za-osumnjicenog-za-ratni-zlocin-u-vukovaru\\\/#primaryimage\",\"url\":\"https:\\\/\\\/radioljubuski.ba\\\/wp-content\\\/uploads\\\/2021\\\/03\\\/pxl-151015-11906509-20210319141427.jpg\",\"contentUrl\":\"https:\\\/\\\/radioljubuski.ba\\\/wp-content\\\/uploads\\\/2021\\\/03\\\/pxl-151015-11906509-20210319141427.jpg\",\"width\":1600,\"height\":1066,\"caption\":\"15.10.2015., Split, Dracevac - Okruzni zatvor Split na Bilicama. Photo: Miranda Cikotic\\\/PIXSELL\"},{\"@type\":\"BreadcrumbList\",\"@id\":\"https:\\\/\\\/radioljubuski.ba\\\/index.php\\\/2021\\\/03\\\/20\\\/predlozen-istrazni-zatvor-za-osumnjicenog-za-ratni-zlocin-u-vukovaru\\\/#breadcrumb\",\"itemListElement\":[{\"@type\":\"ListItem\",\"position\":1,\"name\":\"Po\u010detna stranica\",\"item\":\"https:\\\/\\\/radioljubuski.ba\\\/\"},{\"@type\":\"ListItem\",\"position\":2,\"name\":\"Predlo\u017een istra\u017eni zatvor za osumnji\u010denog za ratni zlo\u010din u Vukovaru\"}]},{\"@type\":\"WebSite\",\"@id\":\"https:\\\/\\\/radioljubuski.ba\\\/#website\",\"url\":\"https:\\\/\\\/radioljubuski.ba\\\/\",\"name\":\"Radio Ljubu\u0161ki\",\"description\":\"Sun\u010dana frekvencija Hercegovine\",\"publisher\":{\"@id\":\"https:\\\/\\\/radioljubuski.ba\\\/#organization\"},\"potentialAction\":[{\"@type\":\"SearchAction\",\"target\":{\"@type\":\"EntryPoint\",\"urlTemplate\":\"https:\\\/\\\/radioljubuski.ba\\\/?s={search_term_string}\"},\"query-input\":{\"@type\":\"PropertyValueSpecification\",\"valueRequired\":true,\"valueName\":\"search_term_string\"}}],\"inLanguage\":\"hr\"},{\"@type\":\"Organization\",\"@id\":\"https:\\\/\\\/radioljubuski.ba\\\/#organization\",\"name\":\"Radio Ljubu\u0161ki\",\"url\":\"https:\\\/\\\/radioljubuski.ba\\\/\",\"logo\":{\"@type\":\"ImageObject\",\"inLanguage\":\"hr\",\"@id\":\"https:\\\/\\\/radioljubuski.ba\\\/#\\\/schema\\\/logo\\\/image\\\/\",\"url\":\"https:\\\/\\\/radioljubuski.ba\\\/wp-content\\\/uploads\\\/2021\\\/02\\\/cropped-Radio_Ljubuski_logo1.jpg\",\"contentUrl\":\"https:\\\/\\\/radioljubuski.ba\\\/wp-content\\\/uploads\\\/2021\\\/02\\\/cropped-Radio_Ljubuski_logo1.jpg\",\"width\":512,\"height\":512,\"caption\":\"Radio Ljubu\u0161ki\"},\"image\":{\"@id\":\"https:\\\/\\\/radioljubuski.ba\\\/#\\\/schema\\\/logo\\\/image\\\/\"},\"sameAs\":[\"https:\\\/\\\/www.facebook.com\\\/Radiio-Ljubuski-1490835324566332\",\"https:\\\/\\\/x.com\\\/radioljubuski\",\"https:\\\/\\\/hr.linkedin.com\\\/company\\\/radio-ljubuski\",\"https:\\\/\\\/www.youtube.com\\\/channel\\\/UCHYaeO_n0Db3tjNGudGpXyw\"]},{\"@type\":\"Person\",\"@id\":\"https:\\\/\\\/radioljubuski.ba\\\/#\\\/schema\\\/person\\\/19fc700381a780f69665d7956c469e3b\",\"name\":\"Radio Ljubu\u0161ki\"}]}<\/script>\n<!-- \/ Yoast SEO plugin. -->","yoast_head_json":{"title":"Predlo\u017een istra\u017eni zatvor za osumnji\u010denog za ratni zlo\u010din u Vukovaru - RADIO LJUBU\u0160KI","robots":{"index":"index","follow":"follow","max-snippet":"max-snippet:-1","max-image-preview":"max-image-preview:large","max-video-preview":"max-video-preview:-1"},"canonical":"https:\/\/radioljubuski.ba\/index.php\/2021\/03\/20\/predlozen-istrazni-zatvor-za-osumnjicenog-za-ratni-zlocin-u-vukovaru\/","og_locale":"hr_HR","og_type":"article","og_title":"Predlo\u017een istra\u017eni zatvor za osumnji\u010denog za ratni zlo\u010din u Vukovaru - RADIO LJUBU\u0160KI","og_description":"Osje\u010dko \u017dupanijsko dr\u017eavno odvjetni\u0161tvo ispitalo je 50-godi\u0161njeg osumnji\u010denika za ratni zlo\u010din protiv civilnog stanovni\u0161tva u Vukovaru 1991. godine te je predlo\u017eilo odre\u0111ivanje istra\u017enog zatvora, izvijestilo je tu\u017eiteljstvo u petak. Sumnja se da je okrivljenik kazneno djelo po\u010dinio 15. rujna 1991. u Vukovaru tijekom oru\u017eanog napada JNA i srpskih paravojnih formacija na vukovarsko naselje Sajmi\u0161te, kao [&hellip;]","og_url":"https:\/\/radioljubuski.ba\/index.php\/2021\/03\/20\/predlozen-istrazni-zatvor-za-osumnjicenog-za-ratni-zlocin-u-vukovaru\/","og_site_name":"RADIO LJUBU\u0160KI","article_publisher":"https:\/\/www.facebook.com\/Radiio-Ljubuski-1490835324566332","article_published_time":"2021-03-20T00:30:06+00:00","article_modified_time":"2021-03-20T00:30:07+00:00","og_image":[{"width":1600,"height":1066,"url":"https:\/\/radioljubuski.ba\/wp-content\/uploads\/2021\/03\/pxl-151015-11906509-20210319141427.jpg","type":"image\/jpeg"}],"author":"Radio Ljubu\u0161ki","twitter_card":"summary_large_image","twitter_creator":"@radioljubuski","twitter_site":"@radioljubuski","twitter_misc":{"Napisao\/la":"Radio Ljubu\u0161ki","Procijenjeno vrijeme \u010ditanja":"2 minute"},"schema":{"@context":"https:\/\/schema.org","@graph":[{"@type":"Article","@id":"https:\/\/radioljubuski.ba\/index.php\/2021\/03\/20\/predlozen-istrazni-zatvor-za-osumnjicenog-za-ratni-zlocin-u-vukovaru\/#article","isPartOf":{"@id":"https:\/\/radioljubuski.ba\/index.php\/2021\/03\/20\/predlozen-istrazni-zatvor-za-osumnjicenog-za-ratni-zlocin-u-vukovaru\/"},"author":{"name":"Radio Ljubu\u0161ki","@id":"https:\/\/radioljubuski.ba\/#\/schema\/person\/19fc700381a780f69665d7956c469e3b"},"headline":"Predlo\u017een istra\u017eni zatvor za osumnji\u010denog za ratni zlo\u010din u Vukovaru","datePublished":"2021-03-20T00:30:06+00:00","dateModified":"2021-03-20T00:30:07+00:00","mainEntityOfPage":{"@id":"https:\/\/radioljubuski.ba\/index.php\/2021\/03\/20\/predlozen-istrazni-zatvor-za-osumnjicenog-za-ratni-zlocin-u-vukovaru\/"},"wordCount":326,"publisher":{"@id":"https:\/\/radioljubuski.ba\/#organization"},"image":{"@id":"https:\/\/radioljubuski.ba\/index.php\/2021\/03\/20\/predlozen-istrazni-zatvor-za-osumnjicenog-za-ratni-zlocin-u-vukovaru\/#primaryimage"},"thumbnailUrl":"https:\/\/radioljubuski.ba\/wp-content\/uploads\/2021\/03\/pxl-151015-11906509-20210319141427.jpg","articleSection":["BIH i regija"],"inLanguage":"hr"},{"@type":"WebPage","@id":"https:\/\/radioljubuski.ba\/index.php\/2021\/03\/20\/predlozen-istrazni-zatvor-za-osumnjicenog-za-ratni-zlocin-u-vukovaru\/","url":"https:\/\/radioljubuski.ba\/index.php\/2021\/03\/20\/predlozen-istrazni-zatvor-za-osumnjicenog-za-ratni-zlocin-u-vukovaru\/","name":"Predlo\u017een istra\u017eni zatvor za osumnji\u010denog za ratni zlo\u010din u Vukovaru - RADIO LJUBU\u0160KI","isPartOf":{"@id":"https:\/\/radioljubuski.ba\/#website"},"primaryImageOfPage":{"@id":"https:\/\/radioljubuski.ba\/index.php\/2021\/03\/20\/predlozen-istrazni-zatvor-za-osumnjicenog-za-ratni-zlocin-u-vukovaru\/#primaryimage"},"image":{"@id":"https:\/\/radioljubuski.ba\/index.php\/2021\/03\/20\/predlozen-istrazni-zatvor-za-osumnjicenog-za-ratni-zlocin-u-vukovaru\/#primaryimage"},"thumbnailUrl":"https:\/\/radioljubuski.ba\/wp-content\/uploads\/2021\/03\/pxl-151015-11906509-20210319141427.jpg","datePublished":"2021-03-20T00:30:06+00:00","dateModified":"2021-03-20T00:30:07+00:00","breadcrumb":{"@id":"https:\/\/radioljubuski.ba\/index.php\/2021\/03\/20\/predlozen-istrazni-zatvor-za-osumnjicenog-za-ratni-zlocin-u-vukovaru\/#breadcrumb"},"inLanguage":"hr","potentialAction":[{"@type":"ReadAction","target":["https:\/\/radioljubuski.ba\/index.php\/2021\/03\/20\/predlozen-istrazni-zatvor-za-osumnjicenog-za-ratni-zlocin-u-vukovaru\/"]}]},{"@type":"ImageObject","inLanguage":"hr","@id":"https:\/\/radioljubuski.ba\/index.php\/2021\/03\/20\/predlozen-istrazni-zatvor-za-osumnjicenog-za-ratni-zlocin-u-vukovaru\/#primaryimage","url":"https:\/\/radioljubuski.ba\/wp-content\/uploads\/2021\/03\/pxl-151015-11906509-20210319141427.jpg","contentUrl":"https:\/\/radioljubuski.ba\/wp-content\/uploads\/2021\/03\/pxl-151015-11906509-20210319141427.jpg","width":1600,"height":1066,"caption":"15.10.2015., Split, Dracevac - Okruzni zatvor Split na Bilicama. Photo: Miranda Cikotic\/PIXSELL"},{"@type":"BreadcrumbList","@id":"https:\/\/radioljubuski.ba\/index.php\/2021\/03\/20\/predlozen-istrazni-zatvor-za-osumnjicenog-za-ratni-zlocin-u-vukovaru\/#breadcrumb","itemListElement":[{"@type":"ListItem","position":1,"name":"Po\u010detna stranica","item":"https:\/\/radioljubuski.ba\/"},{"@type":"ListItem","position":2,"name":"Predlo\u017een istra\u017eni zatvor za osumnji\u010denog za ratni zlo\u010din u Vukovaru"}]},{"@type":"WebSite","@id":"https:\/\/radioljubuski.ba\/#website","url":"https:\/\/radioljubuski.ba\/","name":"Radio Ljubu\u0161ki","description":"Sun\u010dana frekvencija Hercegovine","publisher":{"@id":"https:\/\/radioljubuski.ba\/#organization"},"potentialAction":[{"@type":"SearchAction","target":{"@type":"EntryPoint","urlTemplate":"https:\/\/radioljubuski.ba\/?s={search_term_string}"},"query-input":{"@type":"PropertyValueSpecification","valueRequired":true,"valueName":"search_term_string"}}],"inLanguage":"hr"},{"@type":"Organization","@id":"https:\/\/radioljubuski.ba\/#organization","name":"Radio Ljubu\u0161ki","url":"https:\/\/radioljubuski.ba\/","logo":{"@type":"ImageObject","inLanguage":"hr","@id":"https:\/\/radioljubuski.ba\/#\/schema\/logo\/image\/","url":"https:\/\/radioljubuski.ba\/wp-content\/uploads\/2021\/02\/cropped-Radio_Ljubuski_logo1.jpg","contentUrl":"https:\/\/radioljubuski.ba\/wp-content\/uploads\/2021\/02\/cropped-Radio_Ljubuski_logo1.jpg","width":512,"height":512,"caption":"Radio Ljubu\u0161ki"},"image":{"@id":"https:\/\/radioljubuski.ba\/#\/schema\/logo\/image\/"},"sameAs":["https:\/\/www.facebook.com\/Radiio-Ljubuski-1490835324566332","https:\/\/x.com\/radioljubuski","https:\/\/hr.linkedin.com\/company\/radio-ljubuski","https:\/\/www.youtube.com\/channel\/UCHYaeO_n0Db3tjNGudGpXyw"]},{"@type":"Person","@id":"https:\/\/radioljubuski.ba\/#\/schema\/person\/19fc700381a780f69665d7956c469e3b","name":"Radio Ljubu\u0161ki"}]}},"_links":{"self":[{"href":"https:\/\/radioljubuski.ba\/index.php\/wp-json\/wp\/v2\/posts\/5156","targetHints":{"allow":["GET"]}}],"collection":[{"href":"https:\/\/radioljubuski.ba\/index.php\/wp-json\/wp\/v2\/posts"}],"about":[{"href":"https:\/\/radioljubuski.ba\/index.php\/wp-json\/wp\/v2\/types\/post"}],"author":[{"embeddable":true,"href":"https:\/\/radioljubuski.ba\/index.php\/wp-json\/wp\/v2\/users\/2"}],"replies":[{"embeddable":true,"href":"https:\/\/radioljubuski.ba\/index.php\/wp-json\/wp\/v2\/comments?post=5156"}],"version-history":[{"count":1,"href":"https:\/\/radioljubuski.ba\/index.php\/wp-json\/wp\/v2\/posts\/5156\/revisions"}],"predecessor-version":[{"id":5158,"href":"https:\/\/radioljubuski.ba\/index.php\/wp-json\/wp\/v2\/posts\/5156\/revisions\/5158"}],"wp:featuredmedia":[{"embeddable":true,"href":"https:\/\/radioljubuski.ba\/index.php\/wp-json\/wp\/v2\/media\/5157"}],"wp:attachment":[{"href":"https:\/\/radioljubuski.ba\/index.php\/wp-json\/wp\/v2\/media?parent=5156"}],"wp:term":[{"taxonomy":"category","embeddable":true,"href":"https:\/\/radioljubuski.ba\/index.php\/wp-json\/wp\/v2\/categories?post=5156"},{"taxonomy":"post_tag","embeddable":true,"href":"https:\/\/radioljubuski.ba\/index.php\/wp-json\/wp\/v2\/tags?post=5156"}],"curies":[{"name":"wp","href":"https:\/\/api.w.org\/{rel}","templated":true}]}}