{"id":51886,"date":"2021-08-09T13:08:15","date_gmt":"2021-08-09T12:08:15","guid":{"rendered":"https:\/\/radioljubuski.ba\/?p=51886"},"modified":"2021-08-10T13:26:53","modified_gmt":"2021-08-10T12:26:53","slug":"zavrsnica-mnl-mz-grada-ljubuskog-raspored-od-9-do-16-kolovoza","status":"publish","type":"post","link":"https:\/\/radioljubuski.ba\/index.php\/2021\/08\/09\/zavrsnica-mnl-mz-grada-ljubuskog-raspored-od-9-do-16-kolovoza\/","title":{"rendered":"Zavr\u0161nica MNL MZ Grada Ljubu\u0161kog: Raspored od 9. do 16. kolovoza"},"content":{"rendered":"\n<p><strong>U prilogu Vam donosimo raspored zavr\u0161nice natjecanja 17. MNL MZ Grada Ljubu\u0161kog i 10. MNL MZ za igra\u010de do 16 godina starosti, i to za vremensko razdoblje od 9. kolovoza do 16. kolovoza 2021. godine.<\/strong><\/p>\n\n\n\n<figure class=\"wp-block-table\"><table><tbody><tr><td><strong>PONEDJELJAK, 09.8.2021.<\/strong><\/td><\/tr><\/tbody><\/table><\/figure>\n\n\n\n<figure class=\"wp-block-table\"><table><tbody><tr><td><strong>R.B.<\/strong><\/td><td><strong>KOLO<\/strong><\/td><td><strong>SKUPINA<\/strong><\/td><td><strong>PAR<\/strong><\/td><td><strong>EKIPE<\/strong><\/td><td><strong>DATUM\/SAT<\/strong><\/td><\/tr><tr><td><strong>52.<\/strong><\/td><td>1\/2<\/td><td>MLADI<\/td><td>43<\/td><td>46<\/td><td>LISICE\/C.G..<\/td><td>VELJACI<\/td><td>09.8.<\/td><td>20:15<\/td><\/tr><tr><td><strong>53.<\/strong><\/td><td>1\/8<\/td><td>BARA\u017d(S)<\/td><td>D2<\/td><td>A3<\/td><td>PROLOG<\/td><td>TESKERA<\/td><td>09.8.<\/td><td>21:00<\/td><\/tr><tr><td><strong>54.<\/strong><\/td><td>1\/8<\/td><td>BARA\u017d(S)<\/td><td>A2<\/td><td>D3<\/td><td>CERNO\/M\/C<\/td><td>RADI\u0160I\u0106I<\/td><td>09.8.<\/td><td>22:00<\/td><\/tr><\/tbody><\/table><\/figure>\n\n\n\n<figure class=\"wp-block-table\"><table><tbody><tr><td><strong>SRIJEDA, 11.8.2021.<\/strong><\/td><\/tr><\/tbody><\/table><\/figure>\n\n\n\n<figure class=\"wp-block-table\"><table><tbody><tr><td><strong>R.B.<\/strong><\/td><td><strong>KOLO<\/strong><\/td><td><strong>SKUPINA<\/strong><\/td><td><strong>PAR<\/strong><\/td><td><strong>EKIPE<\/strong><\/td><td><strong>DATUM\/SAT<\/strong><\/td><\/tr><tr><td><strong>55.<\/strong><\/td><td>1\/2<\/td><td>MLADI<\/td><td>40<\/td><td>49<\/td><td>PREDGRA\u0110E<\/td><td>LJUBU\u0160KI<\/td><td>11.8.<\/td><td>20:15<\/td><\/tr><tr><td><strong>56.<\/strong><\/td><td>1\/4<\/td><td>SENIORI<\/td><td>A1<\/td><td>50<\/td><td>STUDENCI<\/td><td>CRVENI GRM<\/td><td>11.8.<\/td><td>21:00<\/td><\/tr><tr><td><strong>57.<\/strong><\/td><td>1\/4<\/td><td>SENIORI<\/td><td>D1<\/td><td>51<\/td><td>VA\u0160AROVI\u0106I (1)<\/td><td>LJUBU\u0160KI<\/td><td>11.8.<\/td><td>22:00<\/td><\/tr><\/tbody><\/table><\/figure>\n\n\n\n<figure class=\"wp-block-table\"><table><tbody><tr><td><strong>\u010cETVRTAK, 12.8.2021.<\/strong><\/td><\/tr><\/tbody><\/table><\/figure>\n\n\n\n<figure class=\"wp-block-table\"><table><tbody><tr><td><strong>R.B.<\/strong><\/td><td><strong>KOLO<\/strong><\/td><td><strong>SKUPINA<\/strong><\/td><td><strong>PAR<\/strong><\/td><td><strong>EKIPE<\/strong><\/td><td><strong>DATUM\/SAT<\/strong><\/td><\/tr><tr><td><strong>58.<\/strong><\/td><td>1\/4<\/td><td>SENIORI<\/td><td>B1<\/td><td>53<\/td><td>PREDGRA\u0110E<\/td><td>POB. (53)&nbsp; UTAK.<\/td><td>12.8.<\/td><td>21:00<\/td><\/tr><tr><td><strong>59.<\/strong><\/td><td>1\/4<\/td><td>SENIORI<\/td><td>C1<\/td><td>54<\/td><td>VELJACI<\/td><td>POB. (54)&nbsp; UTAK.<\/td><td>12.8.<\/td><td>22:00<\/td><\/tr><\/tbody><\/table><\/figure>\n\n\n\n<figure class=\"wp-block-table\"><table><tbody><tr><td><strong>PETAK, 13.8.2021.<\/strong><\/td><\/tr><\/tbody><\/table><\/figure>\n\n\n\n<figure class=\"wp-block-table\"><table><tbody><tr><td><strong>R.B.<\/strong><\/td><td><strong>KOLO<\/strong><\/td><td><strong>SKUPINA<\/strong><\/td><td><strong>PAR<\/strong><\/td><td><strong>EKIPE<\/strong><\/td><td><strong>DATUM\/SAT<\/strong><\/td><\/tr><tr><td><strong>60.<\/strong><\/td><td>3. MJ.<\/td><td>MLADI<\/td><td>55<\/td><td>55<\/td><td>POR. (52)&nbsp; UTAK.<\/td><td>POR. (55)&nbsp; UTAK.<\/td><td>13.8.<\/td><td>20:15<\/td><\/tr><tr><td><strong>61.<\/strong><\/td><td>1\/2<\/td><td>SENIORI<\/td><td>56<\/td><td>57<\/td><td>POB. (56)&nbsp; UTAK.<\/td><td>POB. (57)&nbsp; UTAK.<\/td><td>13.8.<\/td><td>21:00<\/td><\/tr><tr><td><strong>62.<\/strong><\/td><td>1\/2<\/td><td>SENIORI<\/td><td>58<\/td><td>59<\/td><td>POB. (58)&nbsp; UTAK.<\/td><td>POB. (59)&nbsp; UTAK.<\/td><td>13.8.<\/td><td>22:00<\/td><\/tr><\/tbody><\/table><\/figure>\n\n\n\n<figure class=\"wp-block-table\"><table><tbody><tr><td><strong>PONEDJELJAK, 16.8.2021.<\/strong><\/td><\/tr><\/tbody><\/table><\/figure>\n\n\n\n<figure class=\"wp-block-table\"><table><tbody><tr><td><strong>R.B.<\/strong><\/td><td><strong>KOLO<\/strong><\/td><td><strong>SKUPINA<\/strong><\/td><td><strong>PAR<\/strong><\/td><td><strong>EKIPE<\/strong><\/td><td><strong>DATUM\/SAT<\/strong><\/td><\/tr><tr><td><strong>63.<\/strong><\/td><td>1. MJ.<\/td><td>MLADI<\/td><td>52<\/td><td>55<\/td><td>POB. (52)&nbsp; UTAK.<\/td><td>POB. (55)&nbsp; UTAK.<\/td><td>16.8.<\/td><td>19:30<\/td><\/tr><tr><td><strong>64.<\/strong><\/td><td>3. MJ.<\/td><td>SENIORI<\/td><td>61<\/td><td>62<\/td><td>POR. (61)&nbsp; UTAK.<\/td><td>POR. (62)&nbsp; UTAK.<\/td><td>16.8.<\/td><td>20:15<\/td><\/tr><tr><td><strong>65.<\/strong><\/td><td>VETERANI<\/td><td>REVIJA<\/td><td>&nbsp;<\/td><td>&nbsp;<\/td><td>NOVINARI<\/td><td>VITINA\/OTOK\/ GRABOVNIK<\/td><td>16.8.<\/td><td>21:15<\/td><\/tr><tr><td><strong>66.<\/strong><\/td><td>1. MJ.<\/td><td>SENIORI<\/td><td>61<\/td><td>62<\/td><td>POB. (61)&nbsp; UTAK.<\/td><td>POB. (62)&nbsp; UTAK.<\/td><td>16.8.<\/td><td>22:00<\/td><\/tr><\/tbody><\/table><\/figure>\n\n\n\n<p>Izvor:iks-portal.info<\/p>\n","protected":false},"excerpt":{"rendered":"<p>U prilogu Vam donosimo raspored zavr\u0161nice natjecanja 17. MNL MZ Grada Ljubu\u0161kog i 10. MNL MZ za igra\u010de do 16 godina starosti, i to za vremensko razdoblje od 9. kolovoza do 16. kolovoza 2021. godine. PONEDJELJAK, 09.8.2021. R.B. KOLO SKUPINA PAR EKIPE DATUM\/SAT 52. 1\/2 MLADI 43 46 LISICE\/C.G.. VELJACI 09.8. 20:15 53. 1\/8 BARA\u017d(S) [&hellip;]<\/p>\n","protected":false},"author":2,"featured_media":51887,"comment_status":"closed","ping_status":"closed","sticky":false,"template":"","format":"standard","meta":{"h5ap_radio_sources":[],"footnotes":""},"categories":[3],"tags":[],"class_list":["post-51886","post","type-post","status-publish","format-standard","has-post-thumbnail","hentry","category-ljubuski"],"yoast_head":"<!-- This site is optimized with the Yoast SEO plugin v27.4 - https:\/\/yoast.com\/product\/yoast-seo-wordpress\/ -->\n<title>Zavr\u0161nica MNL MZ Grada Ljubu\u0161kog: Raspored od 9. do 16. kolovoza - RADIO LJUBU\u0160KI<\/title>\n<meta name=\"robots\" content=\"index, follow, max-snippet:-1, max-image-preview:large, max-video-preview:-1\" \/>\n<link rel=\"canonical\" href=\"https:\/\/radioljubuski.ba\/index.php\/2021\/08\/09\/zavrsnica-mnl-mz-grada-ljubuskog-raspored-od-9-do-16-kolovoza\/\" \/>\n<meta property=\"og:locale\" content=\"hr_HR\" \/>\n<meta property=\"og:type\" content=\"article\" \/>\n<meta property=\"og:title\" content=\"Zavr\u0161nica MNL MZ Grada Ljubu\u0161kog: Raspored od 9. do 16. kolovoza - RADIO LJUBU\u0160KI\" \/>\n<meta property=\"og:description\" content=\"U prilogu Vam donosimo raspored zavr\u0161nice natjecanja 17. MNL MZ Grada Ljubu\u0161kog i 10. MNL MZ za igra\u010de do 16 godina starosti, i to za vremensko razdoblje od 9. kolovoza do 16. kolovoza 2021. godine. PONEDJELJAK, 09.8.2021. R.B. KOLO SKUPINA PAR EKIPE DATUM\/SAT 52. 1\/2 MLADI 43 46 LISICE\/C.G.. VELJACI 09.8. 20:15 53. 1\/8 BARA\u017d(S) [&hellip;]\" \/>\n<meta property=\"og:url\" content=\"https:\/\/radioljubuski.ba\/index.php\/2021\/08\/09\/zavrsnica-mnl-mz-grada-ljubuskog-raspored-od-9-do-16-kolovoza\/\" \/>\n<meta property=\"og:site_name\" content=\"RADIO LJUBU\u0160KI\" \/>\n<meta property=\"article:publisher\" content=\"https:\/\/www.facebook.com\/Radiio-Ljubuski-1490835324566332\" \/>\n<meta property=\"article:published_time\" content=\"2021-08-09T12:08:15+00:00\" \/>\n<meta property=\"article:modified_time\" content=\"2021-08-10T12:26:53+00:00\" \/>\n<meta property=\"og:image\" content=\"https:\/\/radioljubuski.ba\/wp-content\/uploads\/2021\/08\/3e3450b897c8626404cc4b98b48b1f19_L.jpg\" \/>\n\t<meta property=\"og:image:width\" content=\"1024\" \/>\n\t<meta property=\"og:image:height\" content=\"682\" \/>\n\t<meta property=\"og:image:type\" content=\"image\/jpeg\" \/>\n<meta name=\"author\" content=\"Radio Ljubu\u0161ki\" \/>\n<meta name=\"twitter:card\" content=\"summary_large_image\" \/>\n<meta name=\"twitter:creator\" content=\"@radioljubuski\" \/>\n<meta name=\"twitter:site\" content=\"@radioljubuski\" \/>\n<meta name=\"twitter:label1\" content=\"Napisao\/la\" \/>\n\t<meta name=\"twitter:data1\" content=\"Radio Ljubu\u0161ki\" \/>\n\t<meta name=\"twitter:label2\" content=\"Procijenjeno vrijeme \u010ditanja\" \/>\n\t<meta name=\"twitter:data2\" content=\"2 minute\" \/>\n<script type=\"application\/ld+json\" class=\"yoast-schema-graph\">{\"@context\":\"https:\\\/\\\/schema.org\",\"@graph\":[{\"@type\":\"Article\",\"@id\":\"https:\\\/\\\/radioljubuski.ba\\\/index.php\\\/2021\\\/08\\\/09\\\/zavrsnica-mnl-mz-grada-ljubuskog-raspored-od-9-do-16-kolovoza\\\/#article\",\"isPartOf\":{\"@id\":\"https:\\\/\\\/radioljubuski.ba\\\/index.php\\\/2021\\\/08\\\/09\\\/zavrsnica-mnl-mz-grada-ljubuskog-raspored-od-9-do-16-kolovoza\\\/\"},\"author\":{\"name\":\"Radio Ljubu\u0161ki\",\"@id\":\"https:\\\/\\\/radioljubuski.ba\\\/#\\\/schema\\\/person\\\/19fc700381a780f69665d7956c469e3b\"},\"headline\":\"Zavr\u0161nica MNL MZ Grada Ljubu\u0161kog: Raspored od 9. do 16. kolovoza\",\"datePublished\":\"2021-08-09T12:08:15+00:00\",\"dateModified\":\"2021-08-10T12:26:53+00:00\",\"mainEntityOfPage\":{\"@id\":\"https:\\\/\\\/radioljubuski.ba\\\/index.php\\\/2021\\\/08\\\/09\\\/zavrsnica-mnl-mz-grada-ljubuskog-raspored-od-9-do-16-kolovoza\\\/\"},\"wordCount\":196,\"publisher\":{\"@id\":\"https:\\\/\\\/radioljubuski.ba\\\/#organization\"},\"image\":{\"@id\":\"https:\\\/\\\/radioljubuski.ba\\\/index.php\\\/2021\\\/08\\\/09\\\/zavrsnica-mnl-mz-grada-ljubuskog-raspored-od-9-do-16-kolovoza\\\/#primaryimage\"},\"thumbnailUrl\":\"https:\\\/\\\/radioljubuski.ba\\\/wp-content\\\/uploads\\\/2021\\\/08\\\/3e3450b897c8626404cc4b98b48b1f19_L.jpg\",\"articleSection\":[\"Ljubu\u0161ki\"],\"inLanguage\":\"hr\"},{\"@type\":\"WebPage\",\"@id\":\"https:\\\/\\\/radioljubuski.ba\\\/index.php\\\/2021\\\/08\\\/09\\\/zavrsnica-mnl-mz-grada-ljubuskog-raspored-od-9-do-16-kolovoza\\\/\",\"url\":\"https:\\\/\\\/radioljubuski.ba\\\/index.php\\\/2021\\\/08\\\/09\\\/zavrsnica-mnl-mz-grada-ljubuskog-raspored-od-9-do-16-kolovoza\\\/\",\"name\":\"Zavr\u0161nica MNL MZ Grada Ljubu\u0161kog: Raspored od 9. do 16. kolovoza - RADIO LJUBU\u0160KI\",\"isPartOf\":{\"@id\":\"https:\\\/\\\/radioljubuski.ba\\\/#website\"},\"primaryImageOfPage\":{\"@id\":\"https:\\\/\\\/radioljubuski.ba\\\/index.php\\\/2021\\\/08\\\/09\\\/zavrsnica-mnl-mz-grada-ljubuskog-raspored-od-9-do-16-kolovoza\\\/#primaryimage\"},\"image\":{\"@id\":\"https:\\\/\\\/radioljubuski.ba\\\/index.php\\\/2021\\\/08\\\/09\\\/zavrsnica-mnl-mz-grada-ljubuskog-raspored-od-9-do-16-kolovoza\\\/#primaryimage\"},\"thumbnailUrl\":\"https:\\\/\\\/radioljubuski.ba\\\/wp-content\\\/uploads\\\/2021\\\/08\\\/3e3450b897c8626404cc4b98b48b1f19_L.jpg\",\"datePublished\":\"2021-08-09T12:08:15+00:00\",\"dateModified\":\"2021-08-10T12:26:53+00:00\",\"breadcrumb\":{\"@id\":\"https:\\\/\\\/radioljubuski.ba\\\/index.php\\\/2021\\\/08\\\/09\\\/zavrsnica-mnl-mz-grada-ljubuskog-raspored-od-9-do-16-kolovoza\\\/#breadcrumb\"},\"inLanguage\":\"hr\",\"potentialAction\":[{\"@type\":\"ReadAction\",\"target\":[\"https:\\\/\\\/radioljubuski.ba\\\/index.php\\\/2021\\\/08\\\/09\\\/zavrsnica-mnl-mz-grada-ljubuskog-raspored-od-9-do-16-kolovoza\\\/\"]}]},{\"@type\":\"ImageObject\",\"inLanguage\":\"hr\",\"@id\":\"https:\\\/\\\/radioljubuski.ba\\\/index.php\\\/2021\\\/08\\\/09\\\/zavrsnica-mnl-mz-grada-ljubuskog-raspored-od-9-do-16-kolovoza\\\/#primaryimage\",\"url\":\"https:\\\/\\\/radioljubuski.ba\\\/wp-content\\\/uploads\\\/2021\\\/08\\\/3e3450b897c8626404cc4b98b48b1f19_L.jpg\",\"contentUrl\":\"https:\\\/\\\/radioljubuski.ba\\\/wp-content\\\/uploads\\\/2021\\\/08\\\/3e3450b897c8626404cc4b98b48b1f19_L.jpg\",\"width\":1024,\"height\":682},{\"@type\":\"BreadcrumbList\",\"@id\":\"https:\\\/\\\/radioljubuski.ba\\\/index.php\\\/2021\\\/08\\\/09\\\/zavrsnica-mnl-mz-grada-ljubuskog-raspored-od-9-do-16-kolovoza\\\/#breadcrumb\",\"itemListElement\":[{\"@type\":\"ListItem\",\"position\":1,\"name\":\"Po\u010detna stranica\",\"item\":\"https:\\\/\\\/radioljubuski.ba\\\/\"},{\"@type\":\"ListItem\",\"position\":2,\"name\":\"Zavr\u0161nica MNL MZ Grada Ljubu\u0161kog: Raspored od 9. do 16. kolovoza\"}]},{\"@type\":\"WebSite\",\"@id\":\"https:\\\/\\\/radioljubuski.ba\\\/#website\",\"url\":\"https:\\\/\\\/radioljubuski.ba\\\/\",\"name\":\"Radio Ljubu\u0161ki\",\"description\":\"Sun\u010dana frekvencija Hercegovine\",\"publisher\":{\"@id\":\"https:\\\/\\\/radioljubuski.ba\\\/#organization\"},\"potentialAction\":[{\"@type\":\"SearchAction\",\"target\":{\"@type\":\"EntryPoint\",\"urlTemplate\":\"https:\\\/\\\/radioljubuski.ba\\\/?s={search_term_string}\"},\"query-input\":{\"@type\":\"PropertyValueSpecification\",\"valueRequired\":true,\"valueName\":\"search_term_string\"}}],\"inLanguage\":\"hr\"},{\"@type\":\"Organization\",\"@id\":\"https:\\\/\\\/radioljubuski.ba\\\/#organization\",\"name\":\"Radio Ljubu\u0161ki\",\"url\":\"https:\\\/\\\/radioljubuski.ba\\\/\",\"logo\":{\"@type\":\"ImageObject\",\"inLanguage\":\"hr\",\"@id\":\"https:\\\/\\\/radioljubuski.ba\\\/#\\\/schema\\\/logo\\\/image\\\/\",\"url\":\"https:\\\/\\\/radioljubuski.ba\\\/wp-content\\\/uploads\\\/2021\\\/02\\\/cropped-Radio_Ljubuski_logo1.jpg\",\"contentUrl\":\"https:\\\/\\\/radioljubuski.ba\\\/wp-content\\\/uploads\\\/2021\\\/02\\\/cropped-Radio_Ljubuski_logo1.jpg\",\"width\":512,\"height\":512,\"caption\":\"Radio Ljubu\u0161ki\"},\"image\":{\"@id\":\"https:\\\/\\\/radioljubuski.ba\\\/#\\\/schema\\\/logo\\\/image\\\/\"},\"sameAs\":[\"https:\\\/\\\/www.facebook.com\\\/Radiio-Ljubuski-1490835324566332\",\"https:\\\/\\\/x.com\\\/radioljubuski\",\"https:\\\/\\\/hr.linkedin.com\\\/company\\\/radio-ljubuski\",\"https:\\\/\\\/www.youtube.com\\\/channel\\\/UCHYaeO_n0Db3tjNGudGpXyw\"]},{\"@type\":\"Person\",\"@id\":\"https:\\\/\\\/radioljubuski.ba\\\/#\\\/schema\\\/person\\\/19fc700381a780f69665d7956c469e3b\",\"name\":\"Radio Ljubu\u0161ki\"}]}<\/script>\n<!-- \/ Yoast SEO plugin. -->","yoast_head_json":{"title":"Zavr\u0161nica MNL MZ Grada Ljubu\u0161kog: Raspored od 9. do 16. kolovoza - RADIO LJUBU\u0160KI","robots":{"index":"index","follow":"follow","max-snippet":"max-snippet:-1","max-image-preview":"max-image-preview:large","max-video-preview":"max-video-preview:-1"},"canonical":"https:\/\/radioljubuski.ba\/index.php\/2021\/08\/09\/zavrsnica-mnl-mz-grada-ljubuskog-raspored-od-9-do-16-kolovoza\/","og_locale":"hr_HR","og_type":"article","og_title":"Zavr\u0161nica MNL MZ Grada Ljubu\u0161kog: Raspored od 9. do 16. kolovoza - RADIO LJUBU\u0160KI","og_description":"U prilogu Vam donosimo raspored zavr\u0161nice natjecanja 17. MNL MZ Grada Ljubu\u0161kog i 10. MNL MZ za igra\u010de do 16 godina starosti, i to za vremensko razdoblje od 9. kolovoza do 16. kolovoza 2021. godine. PONEDJELJAK, 09.8.2021. R.B. KOLO SKUPINA PAR EKIPE DATUM\/SAT 52. 1\/2 MLADI 43 46 LISICE\/C.G.. VELJACI 09.8. 20:15 53. 1\/8 BARA\u017d(S) [&hellip;]","og_url":"https:\/\/radioljubuski.ba\/index.php\/2021\/08\/09\/zavrsnica-mnl-mz-grada-ljubuskog-raspored-od-9-do-16-kolovoza\/","og_site_name":"RADIO LJUBU\u0160KI","article_publisher":"https:\/\/www.facebook.com\/Radiio-Ljubuski-1490835324566332","article_published_time":"2021-08-09T12:08:15+00:00","article_modified_time":"2021-08-10T12:26:53+00:00","og_image":[{"width":1024,"height":682,"url":"https:\/\/radioljubuski.ba\/wp-content\/uploads\/2021\/08\/3e3450b897c8626404cc4b98b48b1f19_L.jpg","type":"image\/jpeg"}],"author":"Radio Ljubu\u0161ki","twitter_card":"summary_large_image","twitter_creator":"@radioljubuski","twitter_site":"@radioljubuski","twitter_misc":{"Napisao\/la":"Radio Ljubu\u0161ki","Procijenjeno vrijeme \u010ditanja":"2 minute"},"schema":{"@context":"https:\/\/schema.org","@graph":[{"@type":"Article","@id":"https:\/\/radioljubuski.ba\/index.php\/2021\/08\/09\/zavrsnica-mnl-mz-grada-ljubuskog-raspored-od-9-do-16-kolovoza\/#article","isPartOf":{"@id":"https:\/\/radioljubuski.ba\/index.php\/2021\/08\/09\/zavrsnica-mnl-mz-grada-ljubuskog-raspored-od-9-do-16-kolovoza\/"},"author":{"name":"Radio Ljubu\u0161ki","@id":"https:\/\/radioljubuski.ba\/#\/schema\/person\/19fc700381a780f69665d7956c469e3b"},"headline":"Zavr\u0161nica MNL MZ Grada Ljubu\u0161kog: Raspored od 9. do 16. kolovoza","datePublished":"2021-08-09T12:08:15+00:00","dateModified":"2021-08-10T12:26:53+00:00","mainEntityOfPage":{"@id":"https:\/\/radioljubuski.ba\/index.php\/2021\/08\/09\/zavrsnica-mnl-mz-grada-ljubuskog-raspored-od-9-do-16-kolovoza\/"},"wordCount":196,"publisher":{"@id":"https:\/\/radioljubuski.ba\/#organization"},"image":{"@id":"https:\/\/radioljubuski.ba\/index.php\/2021\/08\/09\/zavrsnica-mnl-mz-grada-ljubuskog-raspored-od-9-do-16-kolovoza\/#primaryimage"},"thumbnailUrl":"https:\/\/radioljubuski.ba\/wp-content\/uploads\/2021\/08\/3e3450b897c8626404cc4b98b48b1f19_L.jpg","articleSection":["Ljubu\u0161ki"],"inLanguage":"hr"},{"@type":"WebPage","@id":"https:\/\/radioljubuski.ba\/index.php\/2021\/08\/09\/zavrsnica-mnl-mz-grada-ljubuskog-raspored-od-9-do-16-kolovoza\/","url":"https:\/\/radioljubuski.ba\/index.php\/2021\/08\/09\/zavrsnica-mnl-mz-grada-ljubuskog-raspored-od-9-do-16-kolovoza\/","name":"Zavr\u0161nica MNL MZ Grada Ljubu\u0161kog: Raspored od 9. do 16. kolovoza - RADIO LJUBU\u0160KI","isPartOf":{"@id":"https:\/\/radioljubuski.ba\/#website"},"primaryImageOfPage":{"@id":"https:\/\/radioljubuski.ba\/index.php\/2021\/08\/09\/zavrsnica-mnl-mz-grada-ljubuskog-raspored-od-9-do-16-kolovoza\/#primaryimage"},"image":{"@id":"https:\/\/radioljubuski.ba\/index.php\/2021\/08\/09\/zavrsnica-mnl-mz-grada-ljubuskog-raspored-od-9-do-16-kolovoza\/#primaryimage"},"thumbnailUrl":"https:\/\/radioljubuski.ba\/wp-content\/uploads\/2021\/08\/3e3450b897c8626404cc4b98b48b1f19_L.jpg","datePublished":"2021-08-09T12:08:15+00:00","dateModified":"2021-08-10T12:26:53+00:00","breadcrumb":{"@id":"https:\/\/radioljubuski.ba\/index.php\/2021\/08\/09\/zavrsnica-mnl-mz-grada-ljubuskog-raspored-od-9-do-16-kolovoza\/#breadcrumb"},"inLanguage":"hr","potentialAction":[{"@type":"ReadAction","target":["https:\/\/radioljubuski.ba\/index.php\/2021\/08\/09\/zavrsnica-mnl-mz-grada-ljubuskog-raspored-od-9-do-16-kolovoza\/"]}]},{"@type":"ImageObject","inLanguage":"hr","@id":"https:\/\/radioljubuski.ba\/index.php\/2021\/08\/09\/zavrsnica-mnl-mz-grada-ljubuskog-raspored-od-9-do-16-kolovoza\/#primaryimage","url":"https:\/\/radioljubuski.ba\/wp-content\/uploads\/2021\/08\/3e3450b897c8626404cc4b98b48b1f19_L.jpg","contentUrl":"https:\/\/radioljubuski.ba\/wp-content\/uploads\/2021\/08\/3e3450b897c8626404cc4b98b48b1f19_L.jpg","width":1024,"height":682},{"@type":"BreadcrumbList","@id":"https:\/\/radioljubuski.ba\/index.php\/2021\/08\/09\/zavrsnica-mnl-mz-grada-ljubuskog-raspored-od-9-do-16-kolovoza\/#breadcrumb","itemListElement":[{"@type":"ListItem","position":1,"name":"Po\u010detna stranica","item":"https:\/\/radioljubuski.ba\/"},{"@type":"ListItem","position":2,"name":"Zavr\u0161nica MNL MZ Grada Ljubu\u0161kog: Raspored od 9. do 16. kolovoza"}]},{"@type":"WebSite","@id":"https:\/\/radioljubuski.ba\/#website","url":"https:\/\/radioljubuski.ba\/","name":"Radio Ljubu\u0161ki","description":"Sun\u010dana frekvencija Hercegovine","publisher":{"@id":"https:\/\/radioljubuski.ba\/#organization"},"potentialAction":[{"@type":"SearchAction","target":{"@type":"EntryPoint","urlTemplate":"https:\/\/radioljubuski.ba\/?s={search_term_string}"},"query-input":{"@type":"PropertyValueSpecification","valueRequired":true,"valueName":"search_term_string"}}],"inLanguage":"hr"},{"@type":"Organization","@id":"https:\/\/radioljubuski.ba\/#organization","name":"Radio Ljubu\u0161ki","url":"https:\/\/radioljubuski.ba\/","logo":{"@type":"ImageObject","inLanguage":"hr","@id":"https:\/\/radioljubuski.ba\/#\/schema\/logo\/image\/","url":"https:\/\/radioljubuski.ba\/wp-content\/uploads\/2021\/02\/cropped-Radio_Ljubuski_logo1.jpg","contentUrl":"https:\/\/radioljubuski.ba\/wp-content\/uploads\/2021\/02\/cropped-Radio_Ljubuski_logo1.jpg","width":512,"height":512,"caption":"Radio Ljubu\u0161ki"},"image":{"@id":"https:\/\/radioljubuski.ba\/#\/schema\/logo\/image\/"},"sameAs":["https:\/\/www.facebook.com\/Radiio-Ljubuski-1490835324566332","https:\/\/x.com\/radioljubuski","https:\/\/hr.linkedin.com\/company\/radio-ljubuski","https:\/\/www.youtube.com\/channel\/UCHYaeO_n0Db3tjNGudGpXyw"]},{"@type":"Person","@id":"https:\/\/radioljubuski.ba\/#\/schema\/person\/19fc700381a780f69665d7956c469e3b","name":"Radio Ljubu\u0161ki"}]}},"_links":{"self":[{"href":"https:\/\/radioljubuski.ba\/index.php\/wp-json\/wp\/v2\/posts\/51886","targetHints":{"allow":["GET"]}}],"collection":[{"href":"https:\/\/radioljubuski.ba\/index.php\/wp-json\/wp\/v2\/posts"}],"about":[{"href":"https:\/\/radioljubuski.ba\/index.php\/wp-json\/wp\/v2\/types\/post"}],"author":[{"embeddable":true,"href":"https:\/\/radioljubuski.ba\/index.php\/wp-json\/wp\/v2\/users\/2"}],"replies":[{"embeddable":true,"href":"https:\/\/radioljubuski.ba\/index.php\/wp-json\/wp\/v2\/comments?post=51886"}],"version-history":[{"count":1,"href":"https:\/\/radioljubuski.ba\/index.php\/wp-json\/wp\/v2\/posts\/51886\/revisions"}],"predecessor-version":[{"id":51888,"href":"https:\/\/radioljubuski.ba\/index.php\/wp-json\/wp\/v2\/posts\/51886\/revisions\/51888"}],"wp:featuredmedia":[{"embeddable":true,"href":"https:\/\/radioljubuski.ba\/index.php\/wp-json\/wp\/v2\/media\/51887"}],"wp:attachment":[{"href":"https:\/\/radioljubuski.ba\/index.php\/wp-json\/wp\/v2\/media?parent=51886"}],"wp:term":[{"taxonomy":"category","embeddable":true,"href":"https:\/\/radioljubuski.ba\/index.php\/wp-json\/wp\/v2\/categories?post=51886"},{"taxonomy":"post_tag","embeddable":true,"href":"https:\/\/radioljubuski.ba\/index.php\/wp-json\/wp\/v2\/tags?post=51886"}],"curies":[{"name":"wp","href":"https:\/\/api.w.org\/{rel}","templated":true}]}}