{"id":5189,"date":"2021-03-20T02:09:54","date_gmt":"2021-03-20T01:09:54","guid":{"rendered":"https:\/\/radioljubuski.ba\/?p=5189"},"modified":"2021-03-20T02:09:54","modified_gmt":"2021-03-20T01:09:54","slug":"sammir-je-briljirao-protiv-villarreala-a-sada-im-je-trener-specijalist-za-europsku-ligu","status":"publish","type":"post","link":"https:\/\/radioljubuski.ba\/index.php\/2021\/03\/20\/sammir-je-briljirao-protiv-villarreala-a-sada-im-je-trener-specijalist-za-europsku-ligu\/","title":{"rendered":"Sammir je briljirao protiv Villarreala, a sada im je trener specijalist za Europsku ligu"},"content":{"rendered":"\n<p><strong>Villarreal, Dinamov suparnik u \u010detvrtfinalu Europske lige, trenuta\u010dno je sedmoplasirana mom\u010dad \u0161panjolskog nogometnog prvenstva, a za plasman me\u0111u osam najboljih u Europskoj ligi \u0160panjolci su izbacili kijevski Dinamo ukupnim rezultatom 4-0 u dvije utakmice i jedina su nepora\u017eena mom\u010dad koja je pro\u0161la i grupnu fazu ovog natjecanja.<\/strong><\/p>\n\n\n\n<p>Villarreal je u grupnoj fazi natjecanja bio uvjerljivi pobjednik skupine I sa 16 bodova, odnosno pet pobjeda i jednim neodlu\u010denim ishodom te gol-razlikom 17-5, a suparnici su mu bili izraelski Maccabi Tel Aviv, turski Sivasspor i azerbajd\u017eanski Qarabag.<br><br>Na prvoj prepreci u nokaut fazi Europske lige \u0161panjolska mom\u010dad je izbacila austrijski Salzburg ukupnim rezultatom 4-1, a za plasman u \u010detvrtfinale su nadigrali kijevski Dinamo (4-0).<br><br>Na UEFA renkingu Villarreal je trenuta\u010dno na 25. mjestu, osam pozicija ispred Dinama. Prema podacima s internetske stranice transfermarkt.com ukupna tr\u017ei\u0161na vrijednost \u0161panjolske mom\u010dadi je 247,7 milijuna eura, \u0161to je za 144 milijuna vi\u0161e od procijenjene vrijednosti hrvatskog prvaka.<br><br>S 25 postignutih pogodaka u deset utakmica Europske lige &#8220;\u017euta podmornica&#8221; je jedna od najefikasnijih mom\u010dadi. U europskim utakmicama najbolji strijelac mom\u010dadi je\u00a0<strong>Paco Alcacer\u00a0<\/strong>s pet pogodaka u isto toliko nastupa, dok je\u00a0<strong>Gerard Moreno\u00a0<\/strong>bio strijelac \u010detiri puta u sedam utakmica, a triput se na\u0161ao u ulozi asistenta. Moreno je, ukupno gledano, najbolji strijelac te asistent mom\u010dadi s 19 pogodaka i sedam asistencija u 30 nastupa.<\/p>\n\n\n\n<blockquote class=\"twitter-tweet\"><p lang=\"es\" dir=\"ltr\">Y nuestro rival en cuartos de final de la <a href=\"https:\/\/twitter.com\/hashtag\/UEL?src=hash&amp;ref_src=twsrc%5Etfw\">#UEL<\/a> ser\u00e1&#8230;<br><br>\u00a1El <a href=\"https:\/\/twitter.com\/gnkdinamo?ref_src=twsrc%5Etfw\">@gnkdinamo<\/a> \ud83c\udded\ud83c\uddf7!<br><br>Ida \ud83d\udc49 8 de abril \ud83c\udfdf\ufe0f Estadio Maksimir<br>Vuelta \ud83d\udc49 15 de abril \ud83c\udfdf\ufe0f Estadio de La Cer\u00e1mica<br><br>Sempre Endavant \ud83d\udcaa! <a href=\"https:\/\/t.co\/lVhzKpODP0\">pic.twitter.com\/lVhzKpODP0<\/a><\/p>&mdash; Villarreal CF (@VillarrealCF) <a href=\"https:\/\/twitter.com\/VillarrealCF\/status\/1372884464179761161?ref_src=twsrc%5Etfw\">March 19, 2021<\/a><\/blockquote> <script async src=\"https:\/\/platform.twitter.com\/widgets.js\" charset=\"utf-8\"><\/script>\n\n\n\n<p>Mom\u010dad vodi proslavljeni 49-godi\u0161nji \u0161panjolski stru\u010dnjak&nbsp;<strong>Unai Emery<\/strong>&nbsp;koji je kao trener Seville tri godine zaredom bio pobjednik Europske lige (2014., 2015. i 2016.), a u Villarreal je stigao u u srpnju 2020., nakon \u0161to je godinu i pol proveo na klupi Arsenala. Prije toga je dvije sezone vodio PSG do i s Pari\u017eanima osvojio jedan naslov prvaka i dva Kupa.<br><br>Dinamo je protiv Villarreala ve\u0107 igrao u Europskoj ligi. Bilo je to u grupnoj fazi natjecanja u sezoni 2010.\/11. Na Maksimiru je Dinamo slavio s 2-0, strijelci su bili&nbsp;<strong>Ante Rukavina<\/strong>&nbsp;i&nbsp;<strong>Sammir&nbsp;<\/strong>koji je odigrao jednu od najboljih utakmica u plavom dresu, dok je Villarreal slavio s 3-0 na El Madrigalu. Villarreal je s 12 bodova zavr\u0161io kao pobjednik skupine, a Dinamo je sa sedam bodova bio tre\u0107i i ostao bez plasmana u nokaut fazu doma\u0107im porazom (0-1) od gr\u010dkog PAOK-a u posljednjem kolu.<br><br>Iz tada\u0161nje Dinamove mom\u010dadi novu priliku za dvoboje s Villarrealom imat \u0107e dana\u0161nji kapetan&nbsp;<strong>Arijan Ademi<\/strong>, dok u dana\u0161njoj mom\u010dadi Villarreala nema nijednog igra\u010da koji je bio u klubu i prije deset godina kad je &#8220;\u017euta podmornica&#8221; ostvarila jedan od svojih najboljih rezultata u Europskoj ligi probojem do polufinala u kojem je zaustavljena od kasnijeg pobjednika Porta.<br><br>Villarreal je bio i polufinalist Kupa UEFA 2004. te Europske lige 2016., kad je zaustavljen od Liverpoola. Od 2007. Villarreal je samo tri sezone propustio nastup u nekom od europskih natjecanja, a svakako najve\u0107i klupski uspjeh je polufinale Lige prvaka do kojeg je mom\u010dad stigla 2006. i u dvije utakmice s Arsenalom ispala zahvaljuju\u0107i porazu 1-0 u prvom dvoboju, dok je u uzvratu bilo 0-0.<\/p>\n\n\n\n<p>\u0160panjolsku mom\u010dad do prvog dvoboja s Dinamom na Maksimiru \u010dekaju dvije utakmice La Lige u kojima \u0107e ugostiti Cadiz (21. o\u017eujka) i gostovati kod Granade (3. travnja), drugog \u0161panjolskog predstavnika u \u010detvrtfinalu Europske lige.<\/p>\n\n\n\n<p>Izvor:hrt.hr<\/p>\n","protected":false},"excerpt":{"rendered":"<p>Villarreal, Dinamov suparnik u \u010detvrtfinalu Europske lige, trenuta\u010dno je sedmoplasirana mom\u010dad \u0161panjolskog nogometnog prvenstva, a za plasman me\u0111u osam najboljih u Europskoj ligi \u0160panjolci su izbacili kijevski Dinamo ukupnim rezultatom 4-0 u dvije utakmice i jedina su nepora\u017eena mom\u010dad koja je pro\u0161la i grupnu fazu ovog natjecanja. Villarreal je u grupnoj fazi natjecanja bio uvjerljivi [&hellip;]<\/p>\n","protected":false},"author":2,"featured_media":0,"comment_status":"closed","ping_status":"closed","sticky":false,"template":"","format":"standard","meta":{"h5ap_radio_sources":[],"footnotes":""},"categories":[1],"tags":[],"class_list":["post-5189","post","type-post","status-publish","format-standard","hentry","category-bihiregija"],"yoast_head":"<!-- This site is optimized with the Yoast SEO plugin v27.4 - https:\/\/yoast.com\/product\/yoast-seo-wordpress\/ -->\n<title>Sammir je briljirao protiv Villarreala, a sada im je trener specijalist za Europsku ligu - RADIO LJUBU\u0160KI<\/title>\n<meta name=\"robots\" content=\"index, follow, max-snippet:-1, max-image-preview:large, max-video-preview:-1\" \/>\n<link rel=\"canonical\" href=\"https:\/\/radioljubuski.ba\/index.php\/2021\/03\/20\/sammir-je-briljirao-protiv-villarreala-a-sada-im-je-trener-specijalist-za-europsku-ligu\/\" \/>\n<meta property=\"og:locale\" content=\"hr_HR\" \/>\n<meta property=\"og:type\" content=\"article\" \/>\n<meta property=\"og:title\" content=\"Sammir je briljirao protiv Villarreala, a sada im je trener specijalist za Europsku ligu - RADIO LJUBU\u0160KI\" \/>\n<meta property=\"og:description\" content=\"Villarreal, Dinamov suparnik u \u010detvrtfinalu Europske lige, trenuta\u010dno je sedmoplasirana mom\u010dad \u0161panjolskog nogometnog prvenstva, a za plasman me\u0111u osam najboljih u Europskoj ligi \u0160panjolci su izbacili kijevski Dinamo ukupnim rezultatom 4-0 u dvije utakmice i jedina su nepora\u017eena mom\u010dad koja je pro\u0161la i grupnu fazu ovog natjecanja. Villarreal je u grupnoj fazi natjecanja bio uvjerljivi [&hellip;]\" \/>\n<meta property=\"og:url\" content=\"https:\/\/radioljubuski.ba\/index.php\/2021\/03\/20\/sammir-je-briljirao-protiv-villarreala-a-sada-im-je-trener-specijalist-za-europsku-ligu\/\" \/>\n<meta property=\"og:site_name\" content=\"RADIO LJUBU\u0160KI\" \/>\n<meta property=\"article:publisher\" content=\"https:\/\/www.facebook.com\/Radiio-Ljubuski-1490835324566332\" \/>\n<meta property=\"article:published_time\" content=\"2021-03-20T01:09:54+00:00\" \/>\n<meta property=\"og:image\" content=\"https:\/\/radioljubuski.ba\/wp-content\/uploads\/2021\/03\/2021-03-11t195154z-1450433560-up1eh3b1j6ire-rtrmadp-3-soccer-europa-dyk-vil-report-20210319175308.jpg\" \/>\n\t<meta property=\"og:image:width\" content=\"1544\" \/>\n\t<meta property=\"og:image:height\" content=\"1057\" \/>\n\t<meta property=\"og:image:type\" content=\"image\/jpeg\" \/>\n<meta name=\"author\" content=\"Radio Ljubu\u0161ki\" \/>\n<meta name=\"twitter:card\" content=\"summary_large_image\" \/>\n<meta name=\"twitter:creator\" content=\"@radioljubuski\" \/>\n<meta name=\"twitter:site\" content=\"@radioljubuski\" \/>\n<meta name=\"twitter:label1\" content=\"Napisao\/la\" \/>\n\t<meta name=\"twitter:data1\" content=\"Radio Ljubu\u0161ki\" \/>\n\t<meta name=\"twitter:label2\" content=\"Procijenjeno vrijeme \u010ditanja\" \/>\n\t<meta name=\"twitter:data2\" content=\"3 minute\" \/>\n<script type=\"application\/ld+json\" class=\"yoast-schema-graph\">{\"@context\":\"https:\\\/\\\/schema.org\",\"@graph\":[{\"@type\":\"Article\",\"@id\":\"https:\\\/\\\/radioljubuski.ba\\\/index.php\\\/2021\\\/03\\\/20\\\/sammir-je-briljirao-protiv-villarreala-a-sada-im-je-trener-specijalist-za-europsku-ligu\\\/#article\",\"isPartOf\":{\"@id\":\"https:\\\/\\\/radioljubuski.ba\\\/index.php\\\/2021\\\/03\\\/20\\\/sammir-je-briljirao-protiv-villarreala-a-sada-im-je-trener-specijalist-za-europsku-ligu\\\/\"},\"author\":{\"name\":\"Radio Ljubu\u0161ki\",\"@id\":\"https:\\\/\\\/radioljubuski.ba\\\/#\\\/schema\\\/person\\\/19fc700381a780f69665d7956c469e3b\"},\"headline\":\"Sammir je briljirao protiv Villarreala, a sada im je trener specijalist za Europsku ligu\",\"datePublished\":\"2021-03-20T01:09:54+00:00\",\"mainEntityOfPage\":{\"@id\":\"https:\\\/\\\/radioljubuski.ba\\\/index.php\\\/2021\\\/03\\\/20\\\/sammir-je-briljirao-protiv-villarreala-a-sada-im-je-trener-specijalist-za-europsku-ligu\\\/\"},\"wordCount\":600,\"publisher\":{\"@id\":\"https:\\\/\\\/radioljubuski.ba\\\/#organization\"},\"articleSection\":[\"BIH i regija\"],\"inLanguage\":\"hr\"},{\"@type\":\"WebPage\",\"@id\":\"https:\\\/\\\/radioljubuski.ba\\\/index.php\\\/2021\\\/03\\\/20\\\/sammir-je-briljirao-protiv-villarreala-a-sada-im-je-trener-specijalist-za-europsku-ligu\\\/\",\"url\":\"https:\\\/\\\/radioljubuski.ba\\\/index.php\\\/2021\\\/03\\\/20\\\/sammir-je-briljirao-protiv-villarreala-a-sada-im-je-trener-specijalist-za-europsku-ligu\\\/\",\"name\":\"Sammir je briljirao protiv Villarreala, a sada im je trener specijalist za Europsku ligu - RADIO LJUBU\u0160KI\",\"isPartOf\":{\"@id\":\"https:\\\/\\\/radioljubuski.ba\\\/#website\"},\"datePublished\":\"2021-03-20T01:09:54+00:00\",\"breadcrumb\":{\"@id\":\"https:\\\/\\\/radioljubuski.ba\\\/index.php\\\/2021\\\/03\\\/20\\\/sammir-je-briljirao-protiv-villarreala-a-sada-im-je-trener-specijalist-za-europsku-ligu\\\/#breadcrumb\"},\"inLanguage\":\"hr\",\"potentialAction\":[{\"@type\":\"ReadAction\",\"target\":[\"https:\\\/\\\/radioljubuski.ba\\\/index.php\\\/2021\\\/03\\\/20\\\/sammir-je-briljirao-protiv-villarreala-a-sada-im-je-trener-specijalist-za-europsku-ligu\\\/\"]}]},{\"@type\":\"BreadcrumbList\",\"@id\":\"https:\\\/\\\/radioljubuski.ba\\\/index.php\\\/2021\\\/03\\\/20\\\/sammir-je-briljirao-protiv-villarreala-a-sada-im-je-trener-specijalist-za-europsku-ligu\\\/#breadcrumb\",\"itemListElement\":[{\"@type\":\"ListItem\",\"position\":1,\"name\":\"Po\u010detna stranica\",\"item\":\"https:\\\/\\\/radioljubuski.ba\\\/\"},{\"@type\":\"ListItem\",\"position\":2,\"name\":\"Sammir je briljirao protiv Villarreala, a sada im je trener specijalist za Europsku ligu\"}]},{\"@type\":\"WebSite\",\"@id\":\"https:\\\/\\\/radioljubuski.ba\\\/#website\",\"url\":\"https:\\\/\\\/radioljubuski.ba\\\/\",\"name\":\"Radio Ljubu\u0161ki\",\"description\":\"Sun\u010dana frekvencija Hercegovine\",\"publisher\":{\"@id\":\"https:\\\/\\\/radioljubuski.ba\\\/#organization\"},\"potentialAction\":[{\"@type\":\"SearchAction\",\"target\":{\"@type\":\"EntryPoint\",\"urlTemplate\":\"https:\\\/\\\/radioljubuski.ba\\\/?s={search_term_string}\"},\"query-input\":{\"@type\":\"PropertyValueSpecification\",\"valueRequired\":true,\"valueName\":\"search_term_string\"}}],\"inLanguage\":\"hr\"},{\"@type\":\"Organization\",\"@id\":\"https:\\\/\\\/radioljubuski.ba\\\/#organization\",\"name\":\"Radio Ljubu\u0161ki\",\"url\":\"https:\\\/\\\/radioljubuski.ba\\\/\",\"logo\":{\"@type\":\"ImageObject\",\"inLanguage\":\"hr\",\"@id\":\"https:\\\/\\\/radioljubuski.ba\\\/#\\\/schema\\\/logo\\\/image\\\/\",\"url\":\"https:\\\/\\\/radioljubuski.ba\\\/wp-content\\\/uploads\\\/2021\\\/02\\\/cropped-Radio_Ljubuski_logo1.jpg\",\"contentUrl\":\"https:\\\/\\\/radioljubuski.ba\\\/wp-content\\\/uploads\\\/2021\\\/02\\\/cropped-Radio_Ljubuski_logo1.jpg\",\"width\":512,\"height\":512,\"caption\":\"Radio Ljubu\u0161ki\"},\"image\":{\"@id\":\"https:\\\/\\\/radioljubuski.ba\\\/#\\\/schema\\\/logo\\\/image\\\/\"},\"sameAs\":[\"https:\\\/\\\/www.facebook.com\\\/Radiio-Ljubuski-1490835324566332\",\"https:\\\/\\\/x.com\\\/radioljubuski\",\"https:\\\/\\\/hr.linkedin.com\\\/company\\\/radio-ljubuski\",\"https:\\\/\\\/www.youtube.com\\\/channel\\\/UCHYaeO_n0Db3tjNGudGpXyw\"]},{\"@type\":\"Person\",\"@id\":\"https:\\\/\\\/radioljubuski.ba\\\/#\\\/schema\\\/person\\\/19fc700381a780f69665d7956c469e3b\",\"name\":\"Radio Ljubu\u0161ki\"}]}<\/script>\n<!-- \/ Yoast SEO plugin. -->","yoast_head_json":{"title":"Sammir je briljirao protiv Villarreala, a sada im je trener specijalist za Europsku ligu - RADIO LJUBU\u0160KI","robots":{"index":"index","follow":"follow","max-snippet":"max-snippet:-1","max-image-preview":"max-image-preview:large","max-video-preview":"max-video-preview:-1"},"canonical":"https:\/\/radioljubuski.ba\/index.php\/2021\/03\/20\/sammir-je-briljirao-protiv-villarreala-a-sada-im-je-trener-specijalist-za-europsku-ligu\/","og_locale":"hr_HR","og_type":"article","og_title":"Sammir je briljirao protiv Villarreala, a sada im je trener specijalist za Europsku ligu - RADIO LJUBU\u0160KI","og_description":"Villarreal, Dinamov suparnik u \u010detvrtfinalu Europske lige, trenuta\u010dno je sedmoplasirana mom\u010dad \u0161panjolskog nogometnog prvenstva, a za plasman me\u0111u osam najboljih u Europskoj ligi \u0160panjolci su izbacili kijevski Dinamo ukupnim rezultatom 4-0 u dvije utakmice i jedina su nepora\u017eena mom\u010dad koja je pro\u0161la i grupnu fazu ovog natjecanja. Villarreal je u grupnoj fazi natjecanja bio uvjerljivi [&hellip;]","og_url":"https:\/\/radioljubuski.ba\/index.php\/2021\/03\/20\/sammir-je-briljirao-protiv-villarreala-a-sada-im-je-trener-specijalist-za-europsku-ligu\/","og_site_name":"RADIO LJUBU\u0160KI","article_publisher":"https:\/\/www.facebook.com\/Radiio-Ljubuski-1490835324566332","article_published_time":"2021-03-20T01:09:54+00:00","og_image":[{"width":1544,"height":1057,"url":"https:\/\/radioljubuski.ba\/wp-content\/uploads\/2021\/03\/2021-03-11t195154z-1450433560-up1eh3b1j6ire-rtrmadp-3-soccer-europa-dyk-vil-report-20210319175308.jpg","type":"image\/jpeg"}],"author":"Radio Ljubu\u0161ki","twitter_card":"summary_large_image","twitter_creator":"@radioljubuski","twitter_site":"@radioljubuski","twitter_misc":{"Napisao\/la":"Radio Ljubu\u0161ki","Procijenjeno vrijeme \u010ditanja":"3 minute"},"schema":{"@context":"https:\/\/schema.org","@graph":[{"@type":"Article","@id":"https:\/\/radioljubuski.ba\/index.php\/2021\/03\/20\/sammir-je-briljirao-protiv-villarreala-a-sada-im-je-trener-specijalist-za-europsku-ligu\/#article","isPartOf":{"@id":"https:\/\/radioljubuski.ba\/index.php\/2021\/03\/20\/sammir-je-briljirao-protiv-villarreala-a-sada-im-je-trener-specijalist-za-europsku-ligu\/"},"author":{"name":"Radio Ljubu\u0161ki","@id":"https:\/\/radioljubuski.ba\/#\/schema\/person\/19fc700381a780f69665d7956c469e3b"},"headline":"Sammir je briljirao protiv Villarreala, a sada im je trener specijalist za Europsku ligu","datePublished":"2021-03-20T01:09:54+00:00","mainEntityOfPage":{"@id":"https:\/\/radioljubuski.ba\/index.php\/2021\/03\/20\/sammir-je-briljirao-protiv-villarreala-a-sada-im-je-trener-specijalist-za-europsku-ligu\/"},"wordCount":600,"publisher":{"@id":"https:\/\/radioljubuski.ba\/#organization"},"articleSection":["BIH i regija"],"inLanguage":"hr"},{"@type":"WebPage","@id":"https:\/\/radioljubuski.ba\/index.php\/2021\/03\/20\/sammir-je-briljirao-protiv-villarreala-a-sada-im-je-trener-specijalist-za-europsku-ligu\/","url":"https:\/\/radioljubuski.ba\/index.php\/2021\/03\/20\/sammir-je-briljirao-protiv-villarreala-a-sada-im-je-trener-specijalist-za-europsku-ligu\/","name":"Sammir je briljirao protiv Villarreala, a sada im je trener specijalist za Europsku ligu - RADIO LJUBU\u0160KI","isPartOf":{"@id":"https:\/\/radioljubuski.ba\/#website"},"datePublished":"2021-03-20T01:09:54+00:00","breadcrumb":{"@id":"https:\/\/radioljubuski.ba\/index.php\/2021\/03\/20\/sammir-je-briljirao-protiv-villarreala-a-sada-im-je-trener-specijalist-za-europsku-ligu\/#breadcrumb"},"inLanguage":"hr","potentialAction":[{"@type":"ReadAction","target":["https:\/\/radioljubuski.ba\/index.php\/2021\/03\/20\/sammir-je-briljirao-protiv-villarreala-a-sada-im-je-trener-specijalist-za-europsku-ligu\/"]}]},{"@type":"BreadcrumbList","@id":"https:\/\/radioljubuski.ba\/index.php\/2021\/03\/20\/sammir-je-briljirao-protiv-villarreala-a-sada-im-je-trener-specijalist-za-europsku-ligu\/#breadcrumb","itemListElement":[{"@type":"ListItem","position":1,"name":"Po\u010detna stranica","item":"https:\/\/radioljubuski.ba\/"},{"@type":"ListItem","position":2,"name":"Sammir je briljirao protiv Villarreala, a sada im je trener specijalist za Europsku ligu"}]},{"@type":"WebSite","@id":"https:\/\/radioljubuski.ba\/#website","url":"https:\/\/radioljubuski.ba\/","name":"Radio Ljubu\u0161ki","description":"Sun\u010dana frekvencija Hercegovine","publisher":{"@id":"https:\/\/radioljubuski.ba\/#organization"},"potentialAction":[{"@type":"SearchAction","target":{"@type":"EntryPoint","urlTemplate":"https:\/\/radioljubuski.ba\/?s={search_term_string}"},"query-input":{"@type":"PropertyValueSpecification","valueRequired":true,"valueName":"search_term_string"}}],"inLanguage":"hr"},{"@type":"Organization","@id":"https:\/\/radioljubuski.ba\/#organization","name":"Radio Ljubu\u0161ki","url":"https:\/\/radioljubuski.ba\/","logo":{"@type":"ImageObject","inLanguage":"hr","@id":"https:\/\/radioljubuski.ba\/#\/schema\/logo\/image\/","url":"https:\/\/radioljubuski.ba\/wp-content\/uploads\/2021\/02\/cropped-Radio_Ljubuski_logo1.jpg","contentUrl":"https:\/\/radioljubuski.ba\/wp-content\/uploads\/2021\/02\/cropped-Radio_Ljubuski_logo1.jpg","width":512,"height":512,"caption":"Radio Ljubu\u0161ki"},"image":{"@id":"https:\/\/radioljubuski.ba\/#\/schema\/logo\/image\/"},"sameAs":["https:\/\/www.facebook.com\/Radiio-Ljubuski-1490835324566332","https:\/\/x.com\/radioljubuski","https:\/\/hr.linkedin.com\/company\/radio-ljubuski","https:\/\/www.youtube.com\/channel\/UCHYaeO_n0Db3tjNGudGpXyw"]},{"@type":"Person","@id":"https:\/\/radioljubuski.ba\/#\/schema\/person\/19fc700381a780f69665d7956c469e3b","name":"Radio Ljubu\u0161ki"}]}},"_links":{"self":[{"href":"https:\/\/radioljubuski.ba\/index.php\/wp-json\/wp\/v2\/posts\/5189","targetHints":{"allow":["GET"]}}],"collection":[{"href":"https:\/\/radioljubuski.ba\/index.php\/wp-json\/wp\/v2\/posts"}],"about":[{"href":"https:\/\/radioljubuski.ba\/index.php\/wp-json\/wp\/v2\/types\/post"}],"author":[{"embeddable":true,"href":"https:\/\/radioljubuski.ba\/index.php\/wp-json\/wp\/v2\/users\/2"}],"replies":[{"embeddable":true,"href":"https:\/\/radioljubuski.ba\/index.php\/wp-json\/wp\/v2\/comments?post=5189"}],"version-history":[{"count":1,"href":"https:\/\/radioljubuski.ba\/index.php\/wp-json\/wp\/v2\/posts\/5189\/revisions"}],"predecessor-version":[{"id":5191,"href":"https:\/\/radioljubuski.ba\/index.php\/wp-json\/wp\/v2\/posts\/5189\/revisions\/5191"}],"wp:attachment":[{"href":"https:\/\/radioljubuski.ba\/index.php\/wp-json\/wp\/v2\/media?parent=5189"}],"wp:term":[{"taxonomy":"category","embeddable":true,"href":"https:\/\/radioljubuski.ba\/index.php\/wp-json\/wp\/v2\/categories?post=5189"},{"taxonomy":"post_tag","embeddable":true,"href":"https:\/\/radioljubuski.ba\/index.php\/wp-json\/wp\/v2\/tags?post=5189"}],"curies":[{"name":"wp","href":"https:\/\/api.w.org\/{rel}","templated":true}]}}