{"id":5192,"date":"2021-03-20T02:12:37","date_gmt":"2021-03-20T01:12:37","guid":{"rendered":"https:\/\/radioljubuski.ba\/?p=5192"},"modified":"2021-03-20T02:12:37","modified_gmt":"2021-03-20T01:12:37","slug":"drveni-stolovi-lezaljke-cudnovati-bicikli-bez-nacrta-sve-iz-glave","status":"publish","type":"post","link":"https:\/\/radioljubuski.ba\/index.php\/2021\/03\/20\/drveni-stolovi-lezaljke-cudnovati-bicikli-bez-nacrta-sve-iz-glave\/","title":{"rendered":"Drveni stolovi, le\u017ealjke, &#8220;\u010dudnovati&#8221; bicikli &#8211; bez nacrta, sve &#8220;iz glave&#8221;"},"content":{"rendered":"\n<p><strong>Iako po struci in\u017eenjer gra\u0111evine, Grgur Gabrek svo svoje radno vrijeme \u2013 a i ono slobodno, posve\u0107uje drvu.<\/strong><\/p>\n\n\n\n<iframe loading=\"lazy\" src=\"https:\/\/www.facebook.com\/plugins\/video.php?height=476&#038;href=https%3A%2F%2Fwww.facebook.com%2FHRTvijesti%2Fvideos%2F738093720407200%2F&#038;show_text=false&#038;width=476\" width=\"476\" height=\"476\" style=\"border:none;overflow:hidden\" scrolling=\"no\" frameborder=\"0\" allowfullscreen=\"true\" allow=\"autoplay; clipboard-write; encrypted-media; picture-in-picture; web-share\" allowFullScreen=\"true\"><\/iframe>\n\n\n\n<p>&#8211; Volim ne\u0161to izra\u0111ivati s rukama, kad radim da vidim da se stvorilo ne\u0161to materijalno, ne\u0161to \u0161to \u0107e ostati, ka\u017ee Grgur i dodaje kako je oduvijek ne\u0161to gradio.<br><br>&#8211; Sje\u0107am se da sam nasred dvori\u0161ta sazidao nekakvu ku\u0107icu, gdje smo se igrali mi klinci iz susjedstva, prisje\u0107a se.<br><br>Grgur danas od drva izra\u0111uje sve i sva\u0161ta; stolove, stolce, le\u017ealjke, &#8220;\u010dudnovate&#8221; bicikle \u2013 sve to nastaje bez nacrta i direktno iz Grgine glave.<br><br>&#8211; Volim uvijek ne\u0161to izra\u0111ivati, te\u0161ko mi je kad ni\u0161ta ne radim. \u010cak i kad odem na godi\u0161nji na more, uvijek ne\u0161to rezbarim, ka\u017ee Grgur.<br><br>U zadnje vrijeme po\u010deo je izra\u0111ivati bas gitare, a &#8220;krivac&#8221; za tu ideju je Grgin brat Gustav.<br><br>&#8211; Dok sam bio na faksu, kolega je za diplomski napravio bas gitaru. Rekao sam \u2013 za\u0161to ne bismo i mi probali? Predlo\u017eio sam bratu da napravimo prvu gitaru i ispala je relativno ok, obja\u0161njava Gustav.<br><br>Na svakoj sljede\u0107oj izra\u0111enoj gitari, nau\u010dili su ne\u0161to novo, a sada ih je ve\u0107 8.<br><br>&nbsp;-Zadnju gitaru smo napravili za kupca iz Amerike \u2013 to je je zapravo prva koja je prodana. Prije toga smo napravili gitaru za De\u010daka iz &#8216;Vatre&#8217;\u201c, pri\u010da Grgur.<br><br>Gustav ka\u017ee kako mu je brat Grgur uzor u ovom poslu.<br><br>&#8211; Bez njega ne bih mogao raditi doma i ono \u0161to volim. Super je moj brat, sa smije\u0161kom dodaje.<br><br>Sve ono \u0161to napravi, Grgur i snimi za svoj YouTube kanal.<br><br>&#8211; Krenuo sam u to da nam stvorim reklamu za biznis, a onda mi se to svidjelo i tako je zapravo krenulo, obja\u0161njava. Prvi video snimao je mjesec i pol, zatim ga ure\u0111ivao mjesec dana, a na kraju mu je cura rekla da &#8220;ni\u0161ta ne valja&#8221;. Zato je objavu do\u017eivjela, ka\u017ee, tek tre\u0107a verzija videa. Danas njegov kanal prati 254 000 pretplatnika, a pregledi videa broje se u milijunima.<br><br>&#8211; Ku\u0107ica za pse je bilo prvo \u0161to su ljudi gledali \u2013 bez veze sam i\u0161ao provjeriti kako idu pregledi videa i vidio ga je preko no\u0107i pogledalo 200-300 ljudi, \u0161to mi je tada bilo nezamislivo. Ostalo je povijest, smije se Grgur.<br><br>YouTube posao Grguru donosi jo\u0161 jedan posao, ali i dodatnu pla\u0107u, koja \u0107e mu sigurno dobro do\u0107i za novi projekt.<br><br>&#8211; Kre\u0107em u izgradnju ku\u0107e &#8211; snimat \u0107u svaki dio, od po\u010detka do kraja. Mislim da idu\u0107ih godinu dana ne moram razmi\u0161ljati \u0161to \u0107u raditi s videima, ka\u017ee Grgur, koji \u0107e cijelu ku\u0107u, \u010dak 280 kvadrata, napraviti sam \u2013 uklju\u010duju\u0107i namje\u0161taj.<\/p>\n\n\n\n<p>Izvor:hrt.hr<\/p>\n","protected":false},"excerpt":{"rendered":"<p>Iako po struci in\u017eenjer gra\u0111evine, Grgur Gabrek svo svoje radno vrijeme \u2013 a i ono slobodno, posve\u0107uje drvu. &#8211; Volim ne\u0161to izra\u0111ivati s rukama, kad radim da vidim da se stvorilo ne\u0161to materijalno, ne\u0161to \u0161to \u0107e ostati, ka\u017ee Grgur i dodaje kako je oduvijek ne\u0161to gradio. &#8211; Sje\u0107am se da sam nasred dvori\u0161ta sazidao nekakvu [&hellip;]<\/p>\n","protected":false},"author":2,"featured_media":5193,"comment_status":"closed","ping_status":"closed","sticky":false,"template":"","format":"standard","meta":{"h5ap_radio_sources":[],"footnotes":""},"categories":[1],"tags":[],"class_list":["post-5192","post","type-post","status-publish","format-standard","has-post-thumbnail","hentry","category-bihiregija"],"yoast_head":"<!-- This site is optimized with the Yoast SEO plugin v27.4 - https:\/\/yoast.com\/product\/yoast-seo-wordpress\/ -->\n<title>Drveni stolovi, le\u017ealjke, &quot;\u010dudnovati&quot; bicikli - bez nacrta, sve &quot;iz glave&quot; - RADIO LJUBU\u0160KI<\/title>\n<meta name=\"robots\" content=\"index, follow, max-snippet:-1, max-image-preview:large, max-video-preview:-1\" \/>\n<link rel=\"canonical\" href=\"https:\/\/radioljubuski.ba\/index.php\/2021\/03\/20\/drveni-stolovi-lezaljke-cudnovati-bicikli-bez-nacrta-sve-iz-glave\/\" \/>\n<meta property=\"og:locale\" content=\"hr_HR\" \/>\n<meta property=\"og:type\" content=\"article\" \/>\n<meta property=\"og:title\" content=\"Drveni stolovi, le\u017ealjke, &quot;\u010dudnovati&quot; bicikli - bez nacrta, sve &quot;iz glave&quot; - RADIO LJUBU\u0160KI\" \/>\n<meta property=\"og:description\" content=\"Iako po struci in\u017eenjer gra\u0111evine, Grgur Gabrek svo svoje radno vrijeme \u2013 a i ono slobodno, posve\u0107uje drvu. &#8211; Volim ne\u0161to izra\u0111ivati s rukama, kad radim da vidim da se stvorilo ne\u0161to materijalno, ne\u0161to \u0161to \u0107e ostati, ka\u017ee Grgur i dodaje kako je oduvijek ne\u0161to gradio. &#8211; Sje\u0107am se da sam nasred dvori\u0161ta sazidao nekakvu [&hellip;]\" \/>\n<meta property=\"og:url\" content=\"https:\/\/radioljubuski.ba\/index.php\/2021\/03\/20\/drveni-stolovi-lezaljke-cudnovati-bicikli-bez-nacrta-sve-iz-glave\/\" \/>\n<meta property=\"og:site_name\" content=\"RADIO LJUBU\u0160KI\" \/>\n<meta property=\"article:publisher\" content=\"https:\/\/www.facebook.com\/Radiio-Ljubuski-1490835324566332\" \/>\n<meta property=\"article:published_time\" content=\"2021-03-20T01:12:37+00:00\" \/>\n<meta property=\"og:image\" content=\"https:\/\/radioljubuski.ba\/wp-content\/uploads\/2021\/03\/grgur-20210318103859.jpg\" \/>\n\t<meta property=\"og:image:width\" content=\"1082\" \/>\n\t<meta property=\"og:image:height\" content=\"604\" \/>\n\t<meta property=\"og:image:type\" content=\"image\/jpeg\" \/>\n<meta name=\"author\" content=\"Radio Ljubu\u0161ki\" \/>\n<meta name=\"twitter:card\" content=\"summary_large_image\" \/>\n<meta name=\"twitter:creator\" content=\"@radioljubuski\" \/>\n<meta name=\"twitter:site\" content=\"@radioljubuski\" \/>\n<meta name=\"twitter:label1\" content=\"Napisao\/la\" \/>\n\t<meta name=\"twitter:data1\" content=\"Radio Ljubu\u0161ki\" \/>\n\t<meta name=\"twitter:label2\" content=\"Procijenjeno vrijeme \u010ditanja\" \/>\n\t<meta name=\"twitter:data2\" content=\"2 minute\" \/>\n<script type=\"application\/ld+json\" class=\"yoast-schema-graph\">{\"@context\":\"https:\\\/\\\/schema.org\",\"@graph\":[{\"@type\":\"Article\",\"@id\":\"https:\\\/\\\/radioljubuski.ba\\\/index.php\\\/2021\\\/03\\\/20\\\/drveni-stolovi-lezaljke-cudnovati-bicikli-bez-nacrta-sve-iz-glave\\\/#article\",\"isPartOf\":{\"@id\":\"https:\\\/\\\/radioljubuski.ba\\\/index.php\\\/2021\\\/03\\\/20\\\/drveni-stolovi-lezaljke-cudnovati-bicikli-bez-nacrta-sve-iz-glave\\\/\"},\"author\":{\"name\":\"Radio Ljubu\u0161ki\",\"@id\":\"https:\\\/\\\/radioljubuski.ba\\\/#\\\/schema\\\/person\\\/19fc700381a780f69665d7956c469e3b\"},\"headline\":\"Drveni stolovi, le\u017ealjke, &#8220;\u010dudnovati&#8221; bicikli &#8211; bez nacrta, sve &#8220;iz glave&#8221;\",\"datePublished\":\"2021-03-20T01:12:37+00:00\",\"mainEntityOfPage\":{\"@id\":\"https:\\\/\\\/radioljubuski.ba\\\/index.php\\\/2021\\\/03\\\/20\\\/drveni-stolovi-lezaljke-cudnovati-bicikli-bez-nacrta-sve-iz-glave\\\/\"},\"wordCount\":487,\"publisher\":{\"@id\":\"https:\\\/\\\/radioljubuski.ba\\\/#organization\"},\"image\":{\"@id\":\"https:\\\/\\\/radioljubuski.ba\\\/index.php\\\/2021\\\/03\\\/20\\\/drveni-stolovi-lezaljke-cudnovati-bicikli-bez-nacrta-sve-iz-glave\\\/#primaryimage\"},\"thumbnailUrl\":\"https:\\\/\\\/radioljubuski.ba\\\/wp-content\\\/uploads\\\/2021\\\/03\\\/grgur-20210318103859.jpg\",\"articleSection\":[\"BIH i regija\"],\"inLanguage\":\"hr\"},{\"@type\":\"WebPage\",\"@id\":\"https:\\\/\\\/radioljubuski.ba\\\/index.php\\\/2021\\\/03\\\/20\\\/drveni-stolovi-lezaljke-cudnovati-bicikli-bez-nacrta-sve-iz-glave\\\/\",\"url\":\"https:\\\/\\\/radioljubuski.ba\\\/index.php\\\/2021\\\/03\\\/20\\\/drveni-stolovi-lezaljke-cudnovati-bicikli-bez-nacrta-sve-iz-glave\\\/\",\"name\":\"Drveni stolovi, le\u017ealjke, \\\"\u010dudnovati\\\" bicikli - bez nacrta, sve \\\"iz glave\\\" - RADIO LJUBU\u0160KI\",\"isPartOf\":{\"@id\":\"https:\\\/\\\/radioljubuski.ba\\\/#website\"},\"primaryImageOfPage\":{\"@id\":\"https:\\\/\\\/radioljubuski.ba\\\/index.php\\\/2021\\\/03\\\/20\\\/drveni-stolovi-lezaljke-cudnovati-bicikli-bez-nacrta-sve-iz-glave\\\/#primaryimage\"},\"image\":{\"@id\":\"https:\\\/\\\/radioljubuski.ba\\\/index.php\\\/2021\\\/03\\\/20\\\/drveni-stolovi-lezaljke-cudnovati-bicikli-bez-nacrta-sve-iz-glave\\\/#primaryimage\"},\"thumbnailUrl\":\"https:\\\/\\\/radioljubuski.ba\\\/wp-content\\\/uploads\\\/2021\\\/03\\\/grgur-20210318103859.jpg\",\"datePublished\":\"2021-03-20T01:12:37+00:00\",\"breadcrumb\":{\"@id\":\"https:\\\/\\\/radioljubuski.ba\\\/index.php\\\/2021\\\/03\\\/20\\\/drveni-stolovi-lezaljke-cudnovati-bicikli-bez-nacrta-sve-iz-glave\\\/#breadcrumb\"},\"inLanguage\":\"hr\",\"potentialAction\":[{\"@type\":\"ReadAction\",\"target\":[\"https:\\\/\\\/radioljubuski.ba\\\/index.php\\\/2021\\\/03\\\/20\\\/drveni-stolovi-lezaljke-cudnovati-bicikli-bez-nacrta-sve-iz-glave\\\/\"]}]},{\"@type\":\"ImageObject\",\"inLanguage\":\"hr\",\"@id\":\"https:\\\/\\\/radioljubuski.ba\\\/index.php\\\/2021\\\/03\\\/20\\\/drveni-stolovi-lezaljke-cudnovati-bicikli-bez-nacrta-sve-iz-glave\\\/#primaryimage\",\"url\":\"https:\\\/\\\/radioljubuski.ba\\\/wp-content\\\/uploads\\\/2021\\\/03\\\/grgur-20210318103859.jpg\",\"contentUrl\":\"https:\\\/\\\/radioljubuski.ba\\\/wp-content\\\/uploads\\\/2021\\\/03\\\/grgur-20210318103859.jpg\",\"width\":1082,\"height\":604},{\"@type\":\"BreadcrumbList\",\"@id\":\"https:\\\/\\\/radioljubuski.ba\\\/index.php\\\/2021\\\/03\\\/20\\\/drveni-stolovi-lezaljke-cudnovati-bicikli-bez-nacrta-sve-iz-glave\\\/#breadcrumb\",\"itemListElement\":[{\"@type\":\"ListItem\",\"position\":1,\"name\":\"Po\u010detna stranica\",\"item\":\"https:\\\/\\\/radioljubuski.ba\\\/\"},{\"@type\":\"ListItem\",\"position\":2,\"name\":\"Drveni stolovi, le\u017ealjke, &#8220;\u010dudnovati&#8221; bicikli &#8211; bez nacrta, sve &#8220;iz glave&#8221;\"}]},{\"@type\":\"WebSite\",\"@id\":\"https:\\\/\\\/radioljubuski.ba\\\/#website\",\"url\":\"https:\\\/\\\/radioljubuski.ba\\\/\",\"name\":\"Radio Ljubu\u0161ki\",\"description\":\"Sun\u010dana frekvencija Hercegovine\",\"publisher\":{\"@id\":\"https:\\\/\\\/radioljubuski.ba\\\/#organization\"},\"potentialAction\":[{\"@type\":\"SearchAction\",\"target\":{\"@type\":\"EntryPoint\",\"urlTemplate\":\"https:\\\/\\\/radioljubuski.ba\\\/?s={search_term_string}\"},\"query-input\":{\"@type\":\"PropertyValueSpecification\",\"valueRequired\":true,\"valueName\":\"search_term_string\"}}],\"inLanguage\":\"hr\"},{\"@type\":\"Organization\",\"@id\":\"https:\\\/\\\/radioljubuski.ba\\\/#organization\",\"name\":\"Radio Ljubu\u0161ki\",\"url\":\"https:\\\/\\\/radioljubuski.ba\\\/\",\"logo\":{\"@type\":\"ImageObject\",\"inLanguage\":\"hr\",\"@id\":\"https:\\\/\\\/radioljubuski.ba\\\/#\\\/schema\\\/logo\\\/image\\\/\",\"url\":\"https:\\\/\\\/radioljubuski.ba\\\/wp-content\\\/uploads\\\/2021\\\/02\\\/cropped-Radio_Ljubuski_logo1.jpg\",\"contentUrl\":\"https:\\\/\\\/radioljubuski.ba\\\/wp-content\\\/uploads\\\/2021\\\/02\\\/cropped-Radio_Ljubuski_logo1.jpg\",\"width\":512,\"height\":512,\"caption\":\"Radio Ljubu\u0161ki\"},\"image\":{\"@id\":\"https:\\\/\\\/radioljubuski.ba\\\/#\\\/schema\\\/logo\\\/image\\\/\"},\"sameAs\":[\"https:\\\/\\\/www.facebook.com\\\/Radiio-Ljubuski-1490835324566332\",\"https:\\\/\\\/x.com\\\/radioljubuski\",\"https:\\\/\\\/hr.linkedin.com\\\/company\\\/radio-ljubuski\",\"https:\\\/\\\/www.youtube.com\\\/channel\\\/UCHYaeO_n0Db3tjNGudGpXyw\"]},{\"@type\":\"Person\",\"@id\":\"https:\\\/\\\/radioljubuski.ba\\\/#\\\/schema\\\/person\\\/19fc700381a780f69665d7956c469e3b\",\"name\":\"Radio Ljubu\u0161ki\"}]}<\/script>\n<!-- \/ Yoast SEO plugin. -->","yoast_head_json":{"title":"Drveni stolovi, le\u017ealjke, \"\u010dudnovati\" bicikli - bez nacrta, sve \"iz glave\" - RADIO LJUBU\u0160KI","robots":{"index":"index","follow":"follow","max-snippet":"max-snippet:-1","max-image-preview":"max-image-preview:large","max-video-preview":"max-video-preview:-1"},"canonical":"https:\/\/radioljubuski.ba\/index.php\/2021\/03\/20\/drveni-stolovi-lezaljke-cudnovati-bicikli-bez-nacrta-sve-iz-glave\/","og_locale":"hr_HR","og_type":"article","og_title":"Drveni stolovi, le\u017ealjke, \"\u010dudnovati\" bicikli - bez nacrta, sve \"iz glave\" - RADIO LJUBU\u0160KI","og_description":"Iako po struci in\u017eenjer gra\u0111evine, Grgur Gabrek svo svoje radno vrijeme \u2013 a i ono slobodno, posve\u0107uje drvu. &#8211; Volim ne\u0161to izra\u0111ivati s rukama, kad radim da vidim da se stvorilo ne\u0161to materijalno, ne\u0161to \u0161to \u0107e ostati, ka\u017ee Grgur i dodaje kako je oduvijek ne\u0161to gradio. &#8211; Sje\u0107am se da sam nasred dvori\u0161ta sazidao nekakvu [&hellip;]","og_url":"https:\/\/radioljubuski.ba\/index.php\/2021\/03\/20\/drveni-stolovi-lezaljke-cudnovati-bicikli-bez-nacrta-sve-iz-glave\/","og_site_name":"RADIO LJUBU\u0160KI","article_publisher":"https:\/\/www.facebook.com\/Radiio-Ljubuski-1490835324566332","article_published_time":"2021-03-20T01:12:37+00:00","og_image":[{"width":1082,"height":604,"url":"https:\/\/radioljubuski.ba\/wp-content\/uploads\/2021\/03\/grgur-20210318103859.jpg","type":"image\/jpeg"}],"author":"Radio Ljubu\u0161ki","twitter_card":"summary_large_image","twitter_creator":"@radioljubuski","twitter_site":"@radioljubuski","twitter_misc":{"Napisao\/la":"Radio Ljubu\u0161ki","Procijenjeno vrijeme \u010ditanja":"2 minute"},"schema":{"@context":"https:\/\/schema.org","@graph":[{"@type":"Article","@id":"https:\/\/radioljubuski.ba\/index.php\/2021\/03\/20\/drveni-stolovi-lezaljke-cudnovati-bicikli-bez-nacrta-sve-iz-glave\/#article","isPartOf":{"@id":"https:\/\/radioljubuski.ba\/index.php\/2021\/03\/20\/drveni-stolovi-lezaljke-cudnovati-bicikli-bez-nacrta-sve-iz-glave\/"},"author":{"name":"Radio Ljubu\u0161ki","@id":"https:\/\/radioljubuski.ba\/#\/schema\/person\/19fc700381a780f69665d7956c469e3b"},"headline":"Drveni stolovi, le\u017ealjke, &#8220;\u010dudnovati&#8221; bicikli &#8211; bez nacrta, sve &#8220;iz glave&#8221;","datePublished":"2021-03-20T01:12:37+00:00","mainEntityOfPage":{"@id":"https:\/\/radioljubuski.ba\/index.php\/2021\/03\/20\/drveni-stolovi-lezaljke-cudnovati-bicikli-bez-nacrta-sve-iz-glave\/"},"wordCount":487,"publisher":{"@id":"https:\/\/radioljubuski.ba\/#organization"},"image":{"@id":"https:\/\/radioljubuski.ba\/index.php\/2021\/03\/20\/drveni-stolovi-lezaljke-cudnovati-bicikli-bez-nacrta-sve-iz-glave\/#primaryimage"},"thumbnailUrl":"https:\/\/radioljubuski.ba\/wp-content\/uploads\/2021\/03\/grgur-20210318103859.jpg","articleSection":["BIH i regija"],"inLanguage":"hr"},{"@type":"WebPage","@id":"https:\/\/radioljubuski.ba\/index.php\/2021\/03\/20\/drveni-stolovi-lezaljke-cudnovati-bicikli-bez-nacrta-sve-iz-glave\/","url":"https:\/\/radioljubuski.ba\/index.php\/2021\/03\/20\/drveni-stolovi-lezaljke-cudnovati-bicikli-bez-nacrta-sve-iz-glave\/","name":"Drveni stolovi, le\u017ealjke, \"\u010dudnovati\" bicikli - bez nacrta, sve \"iz glave\" - RADIO LJUBU\u0160KI","isPartOf":{"@id":"https:\/\/radioljubuski.ba\/#website"},"primaryImageOfPage":{"@id":"https:\/\/radioljubuski.ba\/index.php\/2021\/03\/20\/drveni-stolovi-lezaljke-cudnovati-bicikli-bez-nacrta-sve-iz-glave\/#primaryimage"},"image":{"@id":"https:\/\/radioljubuski.ba\/index.php\/2021\/03\/20\/drveni-stolovi-lezaljke-cudnovati-bicikli-bez-nacrta-sve-iz-glave\/#primaryimage"},"thumbnailUrl":"https:\/\/radioljubuski.ba\/wp-content\/uploads\/2021\/03\/grgur-20210318103859.jpg","datePublished":"2021-03-20T01:12:37+00:00","breadcrumb":{"@id":"https:\/\/radioljubuski.ba\/index.php\/2021\/03\/20\/drveni-stolovi-lezaljke-cudnovati-bicikli-bez-nacrta-sve-iz-glave\/#breadcrumb"},"inLanguage":"hr","potentialAction":[{"@type":"ReadAction","target":["https:\/\/radioljubuski.ba\/index.php\/2021\/03\/20\/drveni-stolovi-lezaljke-cudnovati-bicikli-bez-nacrta-sve-iz-glave\/"]}]},{"@type":"ImageObject","inLanguage":"hr","@id":"https:\/\/radioljubuski.ba\/index.php\/2021\/03\/20\/drveni-stolovi-lezaljke-cudnovati-bicikli-bez-nacrta-sve-iz-glave\/#primaryimage","url":"https:\/\/radioljubuski.ba\/wp-content\/uploads\/2021\/03\/grgur-20210318103859.jpg","contentUrl":"https:\/\/radioljubuski.ba\/wp-content\/uploads\/2021\/03\/grgur-20210318103859.jpg","width":1082,"height":604},{"@type":"BreadcrumbList","@id":"https:\/\/radioljubuski.ba\/index.php\/2021\/03\/20\/drveni-stolovi-lezaljke-cudnovati-bicikli-bez-nacrta-sve-iz-glave\/#breadcrumb","itemListElement":[{"@type":"ListItem","position":1,"name":"Po\u010detna stranica","item":"https:\/\/radioljubuski.ba\/"},{"@type":"ListItem","position":2,"name":"Drveni stolovi, le\u017ealjke, &#8220;\u010dudnovati&#8221; bicikli &#8211; bez nacrta, sve &#8220;iz glave&#8221;"}]},{"@type":"WebSite","@id":"https:\/\/radioljubuski.ba\/#website","url":"https:\/\/radioljubuski.ba\/","name":"Radio Ljubu\u0161ki","description":"Sun\u010dana frekvencija Hercegovine","publisher":{"@id":"https:\/\/radioljubuski.ba\/#organization"},"potentialAction":[{"@type":"SearchAction","target":{"@type":"EntryPoint","urlTemplate":"https:\/\/radioljubuski.ba\/?s={search_term_string}"},"query-input":{"@type":"PropertyValueSpecification","valueRequired":true,"valueName":"search_term_string"}}],"inLanguage":"hr"},{"@type":"Organization","@id":"https:\/\/radioljubuski.ba\/#organization","name":"Radio Ljubu\u0161ki","url":"https:\/\/radioljubuski.ba\/","logo":{"@type":"ImageObject","inLanguage":"hr","@id":"https:\/\/radioljubuski.ba\/#\/schema\/logo\/image\/","url":"https:\/\/radioljubuski.ba\/wp-content\/uploads\/2021\/02\/cropped-Radio_Ljubuski_logo1.jpg","contentUrl":"https:\/\/radioljubuski.ba\/wp-content\/uploads\/2021\/02\/cropped-Radio_Ljubuski_logo1.jpg","width":512,"height":512,"caption":"Radio Ljubu\u0161ki"},"image":{"@id":"https:\/\/radioljubuski.ba\/#\/schema\/logo\/image\/"},"sameAs":["https:\/\/www.facebook.com\/Radiio-Ljubuski-1490835324566332","https:\/\/x.com\/radioljubuski","https:\/\/hr.linkedin.com\/company\/radio-ljubuski","https:\/\/www.youtube.com\/channel\/UCHYaeO_n0Db3tjNGudGpXyw"]},{"@type":"Person","@id":"https:\/\/radioljubuski.ba\/#\/schema\/person\/19fc700381a780f69665d7956c469e3b","name":"Radio Ljubu\u0161ki"}]}},"_links":{"self":[{"href":"https:\/\/radioljubuski.ba\/index.php\/wp-json\/wp\/v2\/posts\/5192","targetHints":{"allow":["GET"]}}],"collection":[{"href":"https:\/\/radioljubuski.ba\/index.php\/wp-json\/wp\/v2\/posts"}],"about":[{"href":"https:\/\/radioljubuski.ba\/index.php\/wp-json\/wp\/v2\/types\/post"}],"author":[{"embeddable":true,"href":"https:\/\/radioljubuski.ba\/index.php\/wp-json\/wp\/v2\/users\/2"}],"replies":[{"embeddable":true,"href":"https:\/\/radioljubuski.ba\/index.php\/wp-json\/wp\/v2\/comments?post=5192"}],"version-history":[{"count":1,"href":"https:\/\/radioljubuski.ba\/index.php\/wp-json\/wp\/v2\/posts\/5192\/revisions"}],"predecessor-version":[{"id":5194,"href":"https:\/\/radioljubuski.ba\/index.php\/wp-json\/wp\/v2\/posts\/5192\/revisions\/5194"}],"wp:featuredmedia":[{"embeddable":true,"href":"https:\/\/radioljubuski.ba\/index.php\/wp-json\/wp\/v2\/media\/5193"}],"wp:attachment":[{"href":"https:\/\/radioljubuski.ba\/index.php\/wp-json\/wp\/v2\/media?parent=5192"}],"wp:term":[{"taxonomy":"category","embeddable":true,"href":"https:\/\/radioljubuski.ba\/index.php\/wp-json\/wp\/v2\/categories?post=5192"},{"taxonomy":"post_tag","embeddable":true,"href":"https:\/\/radioljubuski.ba\/index.php\/wp-json\/wp\/v2\/tags?post=5192"}],"curies":[{"name":"wp","href":"https:\/\/api.w.org\/{rel}","templated":true}]}}