{"id":52008,"date":"2021-08-10T09:26:51","date_gmt":"2021-08-10T08:26:51","guid":{"rendered":"https:\/\/radioljubuski.ba\/?p=52008"},"modified":"2021-08-10T09:26:52","modified_gmt":"2021-08-10T08:26:52","slug":"mnl-mz-grada-ljubuskog-sesnaesta-vecer-natjecanja","status":"publish","type":"post","link":"https:\/\/radioljubuski.ba\/index.php\/2021\/08\/10\/mnl-mz-grada-ljubuskog-sesnaesta-vecer-natjecanja\/","title":{"rendered":"MNL MZ Grada Ljubu\u0161kog &#8211; \u0161esnaesta ve\u010der natjecanja"},"content":{"rendered":"\n<p><strong>U prilogu mo\u017eete pogledati rezultate sa \u0161esnaeste ve\u010deri MNL MZ Grada Ljubu\u0161kog.<\/strong><\/p>\n\n\n\n<figure class=\"wp-block-table\"><table><tbody><tr><td><strong>R.B.<\/strong><\/td><td><strong>KOLO<\/strong><\/td><td><strong>SKUPINA<\/strong><\/td><td><strong>PAR<\/strong><\/td><td><strong>EKIPE<\/strong><\/td><td><strong>REZULTATI<\/strong><\/td><\/tr><tr><td><strong>52.<\/strong><\/td><td>1\/2<\/td><td>MLADI<\/td><td>43<\/td><td>46<\/td><td>LISICE\/C.G..<\/td><td>VELJACI<\/td><td><strong>1:3 &#8211; pen. 1:1<\/strong><\/td><td><strong>(0:0)<\/strong><\/td><\/tr><tr><td><strong>53.<\/strong><\/td><td>1\/8<\/td><td>BARA\u017d(S)<\/td><td>D2<\/td><td>A3<\/td><td>PROLOG<\/td><td>TESKERA<\/td><td><strong>2:4<\/strong><\/td><td><strong>(1:0)<\/strong><\/td><\/tr><tr><td><strong>54.<\/strong><\/td><td>1\/8<\/td><td>BARA\u017d(S)<\/td><td>A2<\/td><td>D3<\/td><td>CERNO\/M\/C<\/td><td>RADI\u0160I\u0106I<\/td><td><strong>4:3 &#8211; pen. 1:1<\/strong><\/td><td>(0:0)<\/td><\/tr><\/tbody><\/table><\/figure>\n\n\n\n<p>Lisice\/C.G. i Veljaci su igrali utakmicu poluzavr\u0161nice kod igra\u010da do 16 godina starosti, a seniori su igrali posljednje dvije utakmice doigravanja (bara\u017ea) za prolazak u \u010detvrzavr\u0161nicu.<\/p>\n\n\n\n<p><strong>RASPORED UDAKMICA ZA SRIJEDU, 11. KOLOVOZA<\/strong><\/p>\n\n\n\n<figure class=\"wp-block-table\"><table><tbody><tr><td><strong>R.B.<\/strong><\/td><td><strong>KOLO<\/strong><\/td><td><strong>SKUPINA<\/strong><\/td><td><strong>PAR<\/strong><\/td><td><strong>EKIPE<\/strong><\/td><td><strong>DATUM\/SAT<\/strong><\/td><\/tr><tr><td><strong>55.<\/strong><\/td><td>1\/2<\/td><td>MLADI<\/td><td>40<\/td><td>49<\/td><td>PREDGRA\u0110E<\/td><td>LJUBU\u0160KI<\/td><td>11.8.<\/td><td>20:15<\/td><\/tr><tr><td><strong>56.<\/strong><\/td><td>1\/4<\/td><td>SENIORI<\/td><td>A1<\/td><td>50<\/td><td>STUDENCI<\/td><td>CRVENI GRM<\/td><td>11.8.<\/td><td>21:00<\/td><\/tr><tr><td><strong>57.<\/strong><\/td><td>1\/4<\/td><td>SENIORI<\/td><td>D1<\/td><td>51<\/td><td>VA\u0160AROVI\u0106I (1)<\/td><td>LJUBU\u0160KI<\/td><td>11.8.<\/td><td>22:00<\/td><\/tr><\/tbody><\/table><\/figure>\n\n\n\n<p>Izvor:iks-portal.info<\/p>\n","protected":false},"excerpt":{"rendered":"<p>U prilogu mo\u017eete pogledati rezultate sa \u0161esnaeste ve\u010deri MNL MZ Grada Ljubu\u0161kog. R.B. KOLO SKUPINA PAR EKIPE REZULTATI 52. 1\/2 MLADI 43 46 LISICE\/C.G.. VELJACI 1:3 &#8211; pen. 1:1 (0:0) 53. 1\/8 BARA\u017d(S) D2 A3 PROLOG TESKERA 2:4 (1:0) 54. 1\/8 BARA\u017d(S) A2 D3 CERNO\/M\/C RADI\u0160I\u0106I 4:3 &#8211; pen. 1:1 (0:0) Lisice\/C.G. i Veljaci su [&hellip;]<\/p>\n","protected":false},"author":2,"featured_media":52009,"comment_status":"closed","ping_status":"closed","sticky":false,"template":"","format":"standard","meta":{"h5ap_radio_sources":[],"footnotes":""},"categories":[3],"tags":[],"class_list":["post-52008","post","type-post","status-publish","format-standard","has-post-thumbnail","hentry","category-ljubuski"],"yoast_head":"<!-- This site is optimized with the Yoast SEO plugin v27.4 - https:\/\/yoast.com\/product\/yoast-seo-wordpress\/ -->\n<title>MNL MZ Grada Ljubu\u0161kog - \u0161esnaesta ve\u010der natjecanja - RADIO LJUBU\u0160KI<\/title>\n<meta name=\"robots\" content=\"index, follow, max-snippet:-1, max-image-preview:large, max-video-preview:-1\" \/>\n<link rel=\"canonical\" href=\"https:\/\/radioljubuski.ba\/index.php\/2021\/08\/10\/mnl-mz-grada-ljubuskog-sesnaesta-vecer-natjecanja\/\" \/>\n<meta property=\"og:locale\" content=\"hr_HR\" \/>\n<meta property=\"og:type\" content=\"article\" \/>\n<meta property=\"og:title\" content=\"MNL MZ Grada Ljubu\u0161kog - \u0161esnaesta ve\u010der natjecanja - RADIO LJUBU\u0160KI\" \/>\n<meta property=\"og:description\" content=\"U prilogu mo\u017eete pogledati rezultate sa \u0161esnaeste ve\u010deri MNL MZ Grada Ljubu\u0161kog. R.B. KOLO SKUPINA PAR EKIPE REZULTATI 52. 1\/2 MLADI 43 46 LISICE\/C.G.. VELJACI 1:3 &#8211; pen. 1:1 (0:0) 53. 1\/8 BARA\u017d(S) D2 A3 PROLOG TESKERA 2:4 (1:0) 54. 1\/8 BARA\u017d(S) A2 D3 CERNO\/M\/C RADI\u0160I\u0106I 4:3 &#8211; pen. 1:1 (0:0) Lisice\/C.G. i Veljaci su [&hellip;]\" \/>\n<meta property=\"og:url\" content=\"https:\/\/radioljubuski.ba\/index.php\/2021\/08\/10\/mnl-mz-grada-ljubuskog-sesnaesta-vecer-natjecanja\/\" \/>\n<meta property=\"og:site_name\" content=\"RADIO LJUBU\u0160KI\" \/>\n<meta property=\"article:publisher\" content=\"https:\/\/www.facebook.com\/Radiio-Ljubuski-1490835324566332\" \/>\n<meta property=\"article:published_time\" content=\"2021-08-10T08:26:51+00:00\" \/>\n<meta property=\"article:modified_time\" content=\"2021-08-10T08:26:52+00:00\" \/>\n<meta property=\"og:image\" content=\"https:\/\/radioljubuski.ba\/wp-content\/uploads\/2021\/08\/f956f9f356510b46ab586764cee0d1fe_L.jpg\" \/>\n\t<meta property=\"og:image:width\" content=\"1024\" \/>\n\t<meta property=\"og:image:height\" content=\"682\" \/>\n\t<meta property=\"og:image:type\" content=\"image\/jpeg\" \/>\n<meta name=\"author\" content=\"Radio Ljubu\u0161ki\" \/>\n<meta name=\"twitter:card\" content=\"summary_large_image\" \/>\n<meta name=\"twitter:creator\" content=\"@radioljubuski\" \/>\n<meta name=\"twitter:site\" content=\"@radioljubuski\" \/>\n<meta name=\"twitter:label1\" content=\"Napisao\/la\" \/>\n\t<meta name=\"twitter:data1\" content=\"Radio Ljubu\u0161ki\" \/>\n\t<meta name=\"twitter:label2\" content=\"Procijenjeno vrijeme \u010ditanja\" \/>\n\t<meta name=\"twitter:data2\" content=\"1 minuta\" \/>\n<script type=\"application\/ld+json\" class=\"yoast-schema-graph\">{\"@context\":\"https:\\\/\\\/schema.org\",\"@graph\":[{\"@type\":\"Article\",\"@id\":\"https:\\\/\\\/radioljubuski.ba\\\/index.php\\\/2021\\\/08\\\/10\\\/mnl-mz-grada-ljubuskog-sesnaesta-vecer-natjecanja\\\/#article\",\"isPartOf\":{\"@id\":\"https:\\\/\\\/radioljubuski.ba\\\/index.php\\\/2021\\\/08\\\/10\\\/mnl-mz-grada-ljubuskog-sesnaesta-vecer-natjecanja\\\/\"},\"author\":{\"name\":\"Radio Ljubu\u0161ki\",\"@id\":\"https:\\\/\\\/radioljubuski.ba\\\/#\\\/schema\\\/person\\\/19fc700381a780f69665d7956c469e3b\"},\"headline\":\"MNL MZ Grada Ljubu\u0161kog &#8211; \u0161esnaesta ve\u010der natjecanja\",\"datePublished\":\"2021-08-10T08:26:51+00:00\",\"dateModified\":\"2021-08-10T08:26:52+00:00\",\"mainEntityOfPage\":{\"@id\":\"https:\\\/\\\/radioljubuski.ba\\\/index.php\\\/2021\\\/08\\\/10\\\/mnl-mz-grada-ljubuskog-sesnaesta-vecer-natjecanja\\\/\"},\"wordCount\":121,\"publisher\":{\"@id\":\"https:\\\/\\\/radioljubuski.ba\\\/#organization\"},\"image\":{\"@id\":\"https:\\\/\\\/radioljubuski.ba\\\/index.php\\\/2021\\\/08\\\/10\\\/mnl-mz-grada-ljubuskog-sesnaesta-vecer-natjecanja\\\/#primaryimage\"},\"thumbnailUrl\":\"https:\\\/\\\/radioljubuski.ba\\\/wp-content\\\/uploads\\\/2021\\\/08\\\/f956f9f356510b46ab586764cee0d1fe_L.jpg\",\"articleSection\":[\"Ljubu\u0161ki\"],\"inLanguage\":\"hr\"},{\"@type\":\"WebPage\",\"@id\":\"https:\\\/\\\/radioljubuski.ba\\\/index.php\\\/2021\\\/08\\\/10\\\/mnl-mz-grada-ljubuskog-sesnaesta-vecer-natjecanja\\\/\",\"url\":\"https:\\\/\\\/radioljubuski.ba\\\/index.php\\\/2021\\\/08\\\/10\\\/mnl-mz-grada-ljubuskog-sesnaesta-vecer-natjecanja\\\/\",\"name\":\"MNL MZ Grada Ljubu\u0161kog - \u0161esnaesta ve\u010der natjecanja - RADIO LJUBU\u0160KI\",\"isPartOf\":{\"@id\":\"https:\\\/\\\/radioljubuski.ba\\\/#website\"},\"primaryImageOfPage\":{\"@id\":\"https:\\\/\\\/radioljubuski.ba\\\/index.php\\\/2021\\\/08\\\/10\\\/mnl-mz-grada-ljubuskog-sesnaesta-vecer-natjecanja\\\/#primaryimage\"},\"image\":{\"@id\":\"https:\\\/\\\/radioljubuski.ba\\\/index.php\\\/2021\\\/08\\\/10\\\/mnl-mz-grada-ljubuskog-sesnaesta-vecer-natjecanja\\\/#primaryimage\"},\"thumbnailUrl\":\"https:\\\/\\\/radioljubuski.ba\\\/wp-content\\\/uploads\\\/2021\\\/08\\\/f956f9f356510b46ab586764cee0d1fe_L.jpg\",\"datePublished\":\"2021-08-10T08:26:51+00:00\",\"dateModified\":\"2021-08-10T08:26:52+00:00\",\"breadcrumb\":{\"@id\":\"https:\\\/\\\/radioljubuski.ba\\\/index.php\\\/2021\\\/08\\\/10\\\/mnl-mz-grada-ljubuskog-sesnaesta-vecer-natjecanja\\\/#breadcrumb\"},\"inLanguage\":\"hr\",\"potentialAction\":[{\"@type\":\"ReadAction\",\"target\":[\"https:\\\/\\\/radioljubuski.ba\\\/index.php\\\/2021\\\/08\\\/10\\\/mnl-mz-grada-ljubuskog-sesnaesta-vecer-natjecanja\\\/\"]}]},{\"@type\":\"ImageObject\",\"inLanguage\":\"hr\",\"@id\":\"https:\\\/\\\/radioljubuski.ba\\\/index.php\\\/2021\\\/08\\\/10\\\/mnl-mz-grada-ljubuskog-sesnaesta-vecer-natjecanja\\\/#primaryimage\",\"url\":\"https:\\\/\\\/radioljubuski.ba\\\/wp-content\\\/uploads\\\/2021\\\/08\\\/f956f9f356510b46ab586764cee0d1fe_L.jpg\",\"contentUrl\":\"https:\\\/\\\/radioljubuski.ba\\\/wp-content\\\/uploads\\\/2021\\\/08\\\/f956f9f356510b46ab586764cee0d1fe_L.jpg\",\"width\":1024,\"height\":682},{\"@type\":\"BreadcrumbList\",\"@id\":\"https:\\\/\\\/radioljubuski.ba\\\/index.php\\\/2021\\\/08\\\/10\\\/mnl-mz-grada-ljubuskog-sesnaesta-vecer-natjecanja\\\/#breadcrumb\",\"itemListElement\":[{\"@type\":\"ListItem\",\"position\":1,\"name\":\"Po\u010detna stranica\",\"item\":\"https:\\\/\\\/radioljubuski.ba\\\/\"},{\"@type\":\"ListItem\",\"position\":2,\"name\":\"MNL MZ Grada Ljubu\u0161kog &#8211; \u0161esnaesta ve\u010der natjecanja\"}]},{\"@type\":\"WebSite\",\"@id\":\"https:\\\/\\\/radioljubuski.ba\\\/#website\",\"url\":\"https:\\\/\\\/radioljubuski.ba\\\/\",\"name\":\"Radio Ljubu\u0161ki\",\"description\":\"Sun\u010dana frekvencija Hercegovine\",\"publisher\":{\"@id\":\"https:\\\/\\\/radioljubuski.ba\\\/#organization\"},\"potentialAction\":[{\"@type\":\"SearchAction\",\"target\":{\"@type\":\"EntryPoint\",\"urlTemplate\":\"https:\\\/\\\/radioljubuski.ba\\\/?s={search_term_string}\"},\"query-input\":{\"@type\":\"PropertyValueSpecification\",\"valueRequired\":true,\"valueName\":\"search_term_string\"}}],\"inLanguage\":\"hr\"},{\"@type\":\"Organization\",\"@id\":\"https:\\\/\\\/radioljubuski.ba\\\/#organization\",\"name\":\"Radio Ljubu\u0161ki\",\"url\":\"https:\\\/\\\/radioljubuski.ba\\\/\",\"logo\":{\"@type\":\"ImageObject\",\"inLanguage\":\"hr\",\"@id\":\"https:\\\/\\\/radioljubuski.ba\\\/#\\\/schema\\\/logo\\\/image\\\/\",\"url\":\"https:\\\/\\\/radioljubuski.ba\\\/wp-content\\\/uploads\\\/2021\\\/02\\\/cropped-Radio_Ljubuski_logo1.jpg\",\"contentUrl\":\"https:\\\/\\\/radioljubuski.ba\\\/wp-content\\\/uploads\\\/2021\\\/02\\\/cropped-Radio_Ljubuski_logo1.jpg\",\"width\":512,\"height\":512,\"caption\":\"Radio Ljubu\u0161ki\"},\"image\":{\"@id\":\"https:\\\/\\\/radioljubuski.ba\\\/#\\\/schema\\\/logo\\\/image\\\/\"},\"sameAs\":[\"https:\\\/\\\/www.facebook.com\\\/Radiio-Ljubuski-1490835324566332\",\"https:\\\/\\\/x.com\\\/radioljubuski\",\"https:\\\/\\\/hr.linkedin.com\\\/company\\\/radio-ljubuski\",\"https:\\\/\\\/www.youtube.com\\\/channel\\\/UCHYaeO_n0Db3tjNGudGpXyw\"]},{\"@type\":\"Person\",\"@id\":\"https:\\\/\\\/radioljubuski.ba\\\/#\\\/schema\\\/person\\\/19fc700381a780f69665d7956c469e3b\",\"name\":\"Radio Ljubu\u0161ki\"}]}<\/script>\n<!-- \/ Yoast SEO plugin. -->","yoast_head_json":{"title":"MNL MZ Grada Ljubu\u0161kog - \u0161esnaesta ve\u010der natjecanja - RADIO LJUBU\u0160KI","robots":{"index":"index","follow":"follow","max-snippet":"max-snippet:-1","max-image-preview":"max-image-preview:large","max-video-preview":"max-video-preview:-1"},"canonical":"https:\/\/radioljubuski.ba\/index.php\/2021\/08\/10\/mnl-mz-grada-ljubuskog-sesnaesta-vecer-natjecanja\/","og_locale":"hr_HR","og_type":"article","og_title":"MNL MZ Grada Ljubu\u0161kog - \u0161esnaesta ve\u010der natjecanja - RADIO LJUBU\u0160KI","og_description":"U prilogu mo\u017eete pogledati rezultate sa \u0161esnaeste ve\u010deri MNL MZ Grada Ljubu\u0161kog. R.B. KOLO SKUPINA PAR EKIPE REZULTATI 52. 1\/2 MLADI 43 46 LISICE\/C.G.. VELJACI 1:3 &#8211; pen. 1:1 (0:0) 53. 1\/8 BARA\u017d(S) D2 A3 PROLOG TESKERA 2:4 (1:0) 54. 1\/8 BARA\u017d(S) A2 D3 CERNO\/M\/C RADI\u0160I\u0106I 4:3 &#8211; pen. 1:1 (0:0) Lisice\/C.G. i Veljaci su [&hellip;]","og_url":"https:\/\/radioljubuski.ba\/index.php\/2021\/08\/10\/mnl-mz-grada-ljubuskog-sesnaesta-vecer-natjecanja\/","og_site_name":"RADIO LJUBU\u0160KI","article_publisher":"https:\/\/www.facebook.com\/Radiio-Ljubuski-1490835324566332","article_published_time":"2021-08-10T08:26:51+00:00","article_modified_time":"2021-08-10T08:26:52+00:00","og_image":[{"width":1024,"height":682,"url":"https:\/\/radioljubuski.ba\/wp-content\/uploads\/2021\/08\/f956f9f356510b46ab586764cee0d1fe_L.jpg","type":"image\/jpeg"}],"author":"Radio Ljubu\u0161ki","twitter_card":"summary_large_image","twitter_creator":"@radioljubuski","twitter_site":"@radioljubuski","twitter_misc":{"Napisao\/la":"Radio Ljubu\u0161ki","Procijenjeno vrijeme \u010ditanja":"1 minuta"},"schema":{"@context":"https:\/\/schema.org","@graph":[{"@type":"Article","@id":"https:\/\/radioljubuski.ba\/index.php\/2021\/08\/10\/mnl-mz-grada-ljubuskog-sesnaesta-vecer-natjecanja\/#article","isPartOf":{"@id":"https:\/\/radioljubuski.ba\/index.php\/2021\/08\/10\/mnl-mz-grada-ljubuskog-sesnaesta-vecer-natjecanja\/"},"author":{"name":"Radio Ljubu\u0161ki","@id":"https:\/\/radioljubuski.ba\/#\/schema\/person\/19fc700381a780f69665d7956c469e3b"},"headline":"MNL MZ Grada Ljubu\u0161kog &#8211; \u0161esnaesta ve\u010der natjecanja","datePublished":"2021-08-10T08:26:51+00:00","dateModified":"2021-08-10T08:26:52+00:00","mainEntityOfPage":{"@id":"https:\/\/radioljubuski.ba\/index.php\/2021\/08\/10\/mnl-mz-grada-ljubuskog-sesnaesta-vecer-natjecanja\/"},"wordCount":121,"publisher":{"@id":"https:\/\/radioljubuski.ba\/#organization"},"image":{"@id":"https:\/\/radioljubuski.ba\/index.php\/2021\/08\/10\/mnl-mz-grada-ljubuskog-sesnaesta-vecer-natjecanja\/#primaryimage"},"thumbnailUrl":"https:\/\/radioljubuski.ba\/wp-content\/uploads\/2021\/08\/f956f9f356510b46ab586764cee0d1fe_L.jpg","articleSection":["Ljubu\u0161ki"],"inLanguage":"hr"},{"@type":"WebPage","@id":"https:\/\/radioljubuski.ba\/index.php\/2021\/08\/10\/mnl-mz-grada-ljubuskog-sesnaesta-vecer-natjecanja\/","url":"https:\/\/radioljubuski.ba\/index.php\/2021\/08\/10\/mnl-mz-grada-ljubuskog-sesnaesta-vecer-natjecanja\/","name":"MNL MZ Grada Ljubu\u0161kog - \u0161esnaesta ve\u010der natjecanja - RADIO LJUBU\u0160KI","isPartOf":{"@id":"https:\/\/radioljubuski.ba\/#website"},"primaryImageOfPage":{"@id":"https:\/\/radioljubuski.ba\/index.php\/2021\/08\/10\/mnl-mz-grada-ljubuskog-sesnaesta-vecer-natjecanja\/#primaryimage"},"image":{"@id":"https:\/\/radioljubuski.ba\/index.php\/2021\/08\/10\/mnl-mz-grada-ljubuskog-sesnaesta-vecer-natjecanja\/#primaryimage"},"thumbnailUrl":"https:\/\/radioljubuski.ba\/wp-content\/uploads\/2021\/08\/f956f9f356510b46ab586764cee0d1fe_L.jpg","datePublished":"2021-08-10T08:26:51+00:00","dateModified":"2021-08-10T08:26:52+00:00","breadcrumb":{"@id":"https:\/\/radioljubuski.ba\/index.php\/2021\/08\/10\/mnl-mz-grada-ljubuskog-sesnaesta-vecer-natjecanja\/#breadcrumb"},"inLanguage":"hr","potentialAction":[{"@type":"ReadAction","target":["https:\/\/radioljubuski.ba\/index.php\/2021\/08\/10\/mnl-mz-grada-ljubuskog-sesnaesta-vecer-natjecanja\/"]}]},{"@type":"ImageObject","inLanguage":"hr","@id":"https:\/\/radioljubuski.ba\/index.php\/2021\/08\/10\/mnl-mz-grada-ljubuskog-sesnaesta-vecer-natjecanja\/#primaryimage","url":"https:\/\/radioljubuski.ba\/wp-content\/uploads\/2021\/08\/f956f9f356510b46ab586764cee0d1fe_L.jpg","contentUrl":"https:\/\/radioljubuski.ba\/wp-content\/uploads\/2021\/08\/f956f9f356510b46ab586764cee0d1fe_L.jpg","width":1024,"height":682},{"@type":"BreadcrumbList","@id":"https:\/\/radioljubuski.ba\/index.php\/2021\/08\/10\/mnl-mz-grada-ljubuskog-sesnaesta-vecer-natjecanja\/#breadcrumb","itemListElement":[{"@type":"ListItem","position":1,"name":"Po\u010detna stranica","item":"https:\/\/radioljubuski.ba\/"},{"@type":"ListItem","position":2,"name":"MNL MZ Grada Ljubu\u0161kog &#8211; \u0161esnaesta ve\u010der natjecanja"}]},{"@type":"WebSite","@id":"https:\/\/radioljubuski.ba\/#website","url":"https:\/\/radioljubuski.ba\/","name":"Radio Ljubu\u0161ki","description":"Sun\u010dana frekvencija Hercegovine","publisher":{"@id":"https:\/\/radioljubuski.ba\/#organization"},"potentialAction":[{"@type":"SearchAction","target":{"@type":"EntryPoint","urlTemplate":"https:\/\/radioljubuski.ba\/?s={search_term_string}"},"query-input":{"@type":"PropertyValueSpecification","valueRequired":true,"valueName":"search_term_string"}}],"inLanguage":"hr"},{"@type":"Organization","@id":"https:\/\/radioljubuski.ba\/#organization","name":"Radio Ljubu\u0161ki","url":"https:\/\/radioljubuski.ba\/","logo":{"@type":"ImageObject","inLanguage":"hr","@id":"https:\/\/radioljubuski.ba\/#\/schema\/logo\/image\/","url":"https:\/\/radioljubuski.ba\/wp-content\/uploads\/2021\/02\/cropped-Radio_Ljubuski_logo1.jpg","contentUrl":"https:\/\/radioljubuski.ba\/wp-content\/uploads\/2021\/02\/cropped-Radio_Ljubuski_logo1.jpg","width":512,"height":512,"caption":"Radio Ljubu\u0161ki"},"image":{"@id":"https:\/\/radioljubuski.ba\/#\/schema\/logo\/image\/"},"sameAs":["https:\/\/www.facebook.com\/Radiio-Ljubuski-1490835324566332","https:\/\/x.com\/radioljubuski","https:\/\/hr.linkedin.com\/company\/radio-ljubuski","https:\/\/www.youtube.com\/channel\/UCHYaeO_n0Db3tjNGudGpXyw"]},{"@type":"Person","@id":"https:\/\/radioljubuski.ba\/#\/schema\/person\/19fc700381a780f69665d7956c469e3b","name":"Radio Ljubu\u0161ki"}]}},"_links":{"self":[{"href":"https:\/\/radioljubuski.ba\/index.php\/wp-json\/wp\/v2\/posts\/52008","targetHints":{"allow":["GET"]}}],"collection":[{"href":"https:\/\/radioljubuski.ba\/index.php\/wp-json\/wp\/v2\/posts"}],"about":[{"href":"https:\/\/radioljubuski.ba\/index.php\/wp-json\/wp\/v2\/types\/post"}],"author":[{"embeddable":true,"href":"https:\/\/radioljubuski.ba\/index.php\/wp-json\/wp\/v2\/users\/2"}],"replies":[{"embeddable":true,"href":"https:\/\/radioljubuski.ba\/index.php\/wp-json\/wp\/v2\/comments?post=52008"}],"version-history":[{"count":1,"href":"https:\/\/radioljubuski.ba\/index.php\/wp-json\/wp\/v2\/posts\/52008\/revisions"}],"predecessor-version":[{"id":52010,"href":"https:\/\/radioljubuski.ba\/index.php\/wp-json\/wp\/v2\/posts\/52008\/revisions\/52010"}],"wp:featuredmedia":[{"embeddable":true,"href":"https:\/\/radioljubuski.ba\/index.php\/wp-json\/wp\/v2\/media\/52009"}],"wp:attachment":[{"href":"https:\/\/radioljubuski.ba\/index.php\/wp-json\/wp\/v2\/media?parent=52008"}],"wp:term":[{"taxonomy":"category","embeddable":true,"href":"https:\/\/radioljubuski.ba\/index.php\/wp-json\/wp\/v2\/categories?post=52008"},{"taxonomy":"post_tag","embeddable":true,"href":"https:\/\/radioljubuski.ba\/index.php\/wp-json\/wp\/v2\/tags?post=52008"}],"curies":[{"name":"wp","href":"https:\/\/api.w.org\/{rel}","templated":true}]}}