{"id":52017,"date":"2021-08-10T10:14:29","date_gmt":"2021-08-10T09:14:29","guid":{"rendered":"https:\/\/radioljubuski.ba\/?p=52017"},"modified":"2021-08-10T10:14:30","modified_gmt":"2021-08-10T09:14:30","slug":"ivan-kvesic-se-vratio-s-igara-razocaran-sam-ali-i-ponosan","status":"publish","type":"post","link":"https:\/\/radioljubuski.ba\/index.php\/2021\/08\/10\/ivan-kvesic-se-vratio-s-igara-razocaran-sam-ali-i-ponosan\/","title":{"rendered":"Ivan Kvesi\u0107 se vratio s Igara: Razo\u010daran sam, ali i ponosan"},"content":{"rendered":"\n<p>Prvi hrvatski karata\u0161 koji je nastupio na olimpijskim igrama Ivan Kvesi\u0107 se sa svojim trenerom Danielom Vu\u010di\u0107em i bratom An\u0111elom Kvesi\u0107em u ponedjeljak vratio u Hrvatsku s Igara u Tokiju gdje nije uspio osvojiti odli\u010dje u kategoriji preko 84 kilograma iako je aktualni svjetski prvak.<\/p>\n\n\n\n<p>&#8220;Popravni ispit \u010deka nas vrlo brzo, zato \u017eelim da se prije svega odmori\u0161 i vrati\u0161 treninzima. \u010ceka te obrana naslova svjetskog prvaka i siguran sam da \u0107emo se svi zajedno opet veseliti&#8221;, rekao je predsjednik Hrvatskog karate saveza Davor Cipek prilikom do\u010deka u zagreba\u010dkoj zra\u010dnoj luci.<\/p>\n\n\n\n<p>&#8220;Ivane, mi dvije godine pratimo Va\u0161a nastojanja da se kvalificirate za Tokio. Znamo koliko ste truda ulo\u017eili u to. Peto mjesto je odli\u010dan rezultat, i bez obzira \u0161to karatea ne\u0107e biti na sljede\u0107im Igrama, budite bez brig, mi \u0107emo vas i dalje pratiti&#8221;, dodao je direktor marketinga HOO-a Ranko \u0106etkovi\u0107.<\/p>\n\n\n\n<p>Kao pravi sporta\u0161, Ivan Kvesi\u0107 nije tra\u017eio ispriku u tatamiju, vremenu, le\u0111ima koja su ga zaboljela dva dana prije borbi. Shvatio je da nije bio pravi i dao sve \u0161to je mogao. U prvoj borbi dana on je pobijedio Saudijca Tarega Hamedija 3-2, zatim je do\u017eivio dva poraza, od Iranca Sajeda Ganjzadeha 1-3 te Kana\u0111anina Daniela Gaysinskkog 1-4. Time je izgubio \u0161ansu za polufinale, odnosno borbu za medalje. &#8220;Pirova pobjeda&#8221; protiv Amerikanca Briana Irra samo je uljep\u0161ala ukupni dojam. Povijesna prilika za medalju tako &nbsp;je propu\u0161tena, jer karatea nema u olimpijskom programu za Pariz 2024. godine.<\/p>\n\n\n\n<p>&#8220;Sad je te\u0161ko bilo \u0161to re\u0107i. Naravno da sam rezultatski razo\u010daran, al kako vrijem bude odmicalo tako \u0107u biti sve ponosniji \u0161to sam uspio izboriti svoj nastup me\u0111u 10 ljudi iz cijelog svijeta. Na kraju se ispostavilo da su dva finalista iz moje skupine i ispostavila se da je bila te\u0161ka skupina. Bilo je stvarno lijepo&#8221;, izjavio je Kvesi\u0107.<\/p>\n\n\n\n<p>Izvor:pogled.ba<\/p>\n","protected":false},"excerpt":{"rendered":"<p>Prvi hrvatski karata\u0161 koji je nastupio na olimpijskim igrama Ivan Kvesi\u0107 se sa svojim trenerom Danielom Vu\u010di\u0107em i bratom An\u0111elom Kvesi\u0107em u ponedjeljak vratio u Hrvatsku s Igara u Tokiju gdje nije uspio osvojiti odli\u010dje u kategoriji preko 84 kilograma iako je aktualni svjetski prvak. &#8220;Popravni ispit \u010deka nas vrlo brzo, zato \u017eelim da se [&hellip;]<\/p>\n","protected":false},"author":2,"featured_media":52018,"comment_status":"closed","ping_status":"closed","sticky":false,"template":"","format":"standard","meta":{"h5ap_radio_sources":[],"footnotes":""},"categories":[7],"tags":[],"class_list":["post-52017","post","type-post","status-publish","format-standard","has-post-thumbnail","hentry","category-sport"],"yoast_head":"<!-- This site is optimized with the Yoast SEO plugin v27.4 - https:\/\/yoast.com\/product\/yoast-seo-wordpress\/ -->\n<title>Ivan Kvesi\u0107 se vratio s Igara: Razo\u010daran sam, ali i ponosan - RADIO LJUBU\u0160KI<\/title>\n<meta name=\"robots\" content=\"index, follow, max-snippet:-1, max-image-preview:large, max-video-preview:-1\" \/>\n<link rel=\"canonical\" href=\"https:\/\/radioljubuski.ba\/index.php\/2021\/08\/10\/ivan-kvesic-se-vratio-s-igara-razocaran-sam-ali-i-ponosan\/\" \/>\n<meta property=\"og:locale\" content=\"hr_HR\" \/>\n<meta property=\"og:type\" content=\"article\" \/>\n<meta property=\"og:title\" content=\"Ivan Kvesi\u0107 se vratio s Igara: Razo\u010daran sam, ali i ponosan - RADIO LJUBU\u0160KI\" \/>\n<meta property=\"og:description\" content=\"Prvi hrvatski karata\u0161 koji je nastupio na olimpijskim igrama Ivan Kvesi\u0107 se sa svojim trenerom Danielom Vu\u010di\u0107em i bratom An\u0111elom Kvesi\u0107em u ponedjeljak vratio u Hrvatsku s Igara u Tokiju gdje nije uspio osvojiti odli\u010dje u kategoriji preko 84 kilograma iako je aktualni svjetski prvak. &#8220;Popravni ispit \u010deka nas vrlo brzo, zato \u017eelim da se [&hellip;]\" \/>\n<meta property=\"og:url\" content=\"https:\/\/radioljubuski.ba\/index.php\/2021\/08\/10\/ivan-kvesic-se-vratio-s-igara-razocaran-sam-ali-i-ponosan\/\" \/>\n<meta property=\"og:site_name\" content=\"RADIO LJUBU\u0160KI\" \/>\n<meta property=\"article:publisher\" content=\"https:\/\/www.facebook.com\/Radiio-Ljubuski-1490835324566332\" \/>\n<meta property=\"article:published_time\" content=\"2021-08-10T09:14:29+00:00\" \/>\n<meta property=\"article:modified_time\" content=\"2021-08-10T09:14:30+00:00\" \/>\n<meta property=\"og:image\" content=\"https:\/\/radioljubuski.ba\/wp-content\/uploads\/2021\/08\/2-2021-08-09-20-29-21-kvesic-ivan.jpg\" \/>\n\t<meta property=\"og:image:width\" content=\"1000\" \/>\n\t<meta property=\"og:image:height\" content=\"625\" \/>\n\t<meta property=\"og:image:type\" content=\"image\/jpeg\" \/>\n<meta name=\"author\" content=\"Radio Ljubu\u0161ki\" \/>\n<meta name=\"twitter:card\" content=\"summary_large_image\" \/>\n<meta name=\"twitter:creator\" content=\"@radioljubuski\" \/>\n<meta name=\"twitter:site\" content=\"@radioljubuski\" \/>\n<meta name=\"twitter:label1\" content=\"Napisao\/la\" \/>\n\t<meta name=\"twitter:data1\" content=\"Radio Ljubu\u0161ki\" \/>\n\t<meta name=\"twitter:label2\" content=\"Procijenjeno vrijeme \u010ditanja\" \/>\n\t<meta name=\"twitter:data2\" content=\"2 minute\" \/>\n<script type=\"application\/ld+json\" class=\"yoast-schema-graph\">{\"@context\":\"https:\\\/\\\/schema.org\",\"@graph\":[{\"@type\":\"Article\",\"@id\":\"https:\\\/\\\/radioljubuski.ba\\\/index.php\\\/2021\\\/08\\\/10\\\/ivan-kvesic-se-vratio-s-igara-razocaran-sam-ali-i-ponosan\\\/#article\",\"isPartOf\":{\"@id\":\"https:\\\/\\\/radioljubuski.ba\\\/index.php\\\/2021\\\/08\\\/10\\\/ivan-kvesic-se-vratio-s-igara-razocaran-sam-ali-i-ponosan\\\/\"},\"author\":{\"name\":\"Radio Ljubu\u0161ki\",\"@id\":\"https:\\\/\\\/radioljubuski.ba\\\/#\\\/schema\\\/person\\\/19fc700381a780f69665d7956c469e3b\"},\"headline\":\"Ivan Kvesi\u0107 se vratio s Igara: Razo\u010daran sam, ali i ponosan\",\"datePublished\":\"2021-08-10T09:14:29+00:00\",\"dateModified\":\"2021-08-10T09:14:30+00:00\",\"mainEntityOfPage\":{\"@id\":\"https:\\\/\\\/radioljubuski.ba\\\/index.php\\\/2021\\\/08\\\/10\\\/ivan-kvesic-se-vratio-s-igara-razocaran-sam-ali-i-ponosan\\\/\"},\"wordCount\":333,\"publisher\":{\"@id\":\"https:\\\/\\\/radioljubuski.ba\\\/#organization\"},\"image\":{\"@id\":\"https:\\\/\\\/radioljubuski.ba\\\/index.php\\\/2021\\\/08\\\/10\\\/ivan-kvesic-se-vratio-s-igara-razocaran-sam-ali-i-ponosan\\\/#primaryimage\"},\"thumbnailUrl\":\"https:\\\/\\\/radioljubuski.ba\\\/wp-content\\\/uploads\\\/2021\\\/08\\\/2-2021-08-09-20-29-21-kvesic-ivan.jpg\",\"articleSection\":[\"\u0160port\"],\"inLanguage\":\"hr\"},{\"@type\":\"WebPage\",\"@id\":\"https:\\\/\\\/radioljubuski.ba\\\/index.php\\\/2021\\\/08\\\/10\\\/ivan-kvesic-se-vratio-s-igara-razocaran-sam-ali-i-ponosan\\\/\",\"url\":\"https:\\\/\\\/radioljubuski.ba\\\/index.php\\\/2021\\\/08\\\/10\\\/ivan-kvesic-se-vratio-s-igara-razocaran-sam-ali-i-ponosan\\\/\",\"name\":\"Ivan Kvesi\u0107 se vratio s Igara: Razo\u010daran sam, ali i ponosan - RADIO LJUBU\u0160KI\",\"isPartOf\":{\"@id\":\"https:\\\/\\\/radioljubuski.ba\\\/#website\"},\"primaryImageOfPage\":{\"@id\":\"https:\\\/\\\/radioljubuski.ba\\\/index.php\\\/2021\\\/08\\\/10\\\/ivan-kvesic-se-vratio-s-igara-razocaran-sam-ali-i-ponosan\\\/#primaryimage\"},\"image\":{\"@id\":\"https:\\\/\\\/radioljubuski.ba\\\/index.php\\\/2021\\\/08\\\/10\\\/ivan-kvesic-se-vratio-s-igara-razocaran-sam-ali-i-ponosan\\\/#primaryimage\"},\"thumbnailUrl\":\"https:\\\/\\\/radioljubuski.ba\\\/wp-content\\\/uploads\\\/2021\\\/08\\\/2-2021-08-09-20-29-21-kvesic-ivan.jpg\",\"datePublished\":\"2021-08-10T09:14:29+00:00\",\"dateModified\":\"2021-08-10T09:14:30+00:00\",\"breadcrumb\":{\"@id\":\"https:\\\/\\\/radioljubuski.ba\\\/index.php\\\/2021\\\/08\\\/10\\\/ivan-kvesic-se-vratio-s-igara-razocaran-sam-ali-i-ponosan\\\/#breadcrumb\"},\"inLanguage\":\"hr\",\"potentialAction\":[{\"@type\":\"ReadAction\",\"target\":[\"https:\\\/\\\/radioljubuski.ba\\\/index.php\\\/2021\\\/08\\\/10\\\/ivan-kvesic-se-vratio-s-igara-razocaran-sam-ali-i-ponosan\\\/\"]}]},{\"@type\":\"ImageObject\",\"inLanguage\":\"hr\",\"@id\":\"https:\\\/\\\/radioljubuski.ba\\\/index.php\\\/2021\\\/08\\\/10\\\/ivan-kvesic-se-vratio-s-igara-razocaran-sam-ali-i-ponosan\\\/#primaryimage\",\"url\":\"https:\\\/\\\/radioljubuski.ba\\\/wp-content\\\/uploads\\\/2021\\\/08\\\/2-2021-08-09-20-29-21-kvesic-ivan.jpg\",\"contentUrl\":\"https:\\\/\\\/radioljubuski.ba\\\/wp-content\\\/uploads\\\/2021\\\/08\\\/2-2021-08-09-20-29-21-kvesic-ivan.jpg\",\"width\":1000,\"height\":625},{\"@type\":\"BreadcrumbList\",\"@id\":\"https:\\\/\\\/radioljubuski.ba\\\/index.php\\\/2021\\\/08\\\/10\\\/ivan-kvesic-se-vratio-s-igara-razocaran-sam-ali-i-ponosan\\\/#breadcrumb\",\"itemListElement\":[{\"@type\":\"ListItem\",\"position\":1,\"name\":\"Po\u010detna stranica\",\"item\":\"https:\\\/\\\/radioljubuski.ba\\\/\"},{\"@type\":\"ListItem\",\"position\":2,\"name\":\"Ivan Kvesi\u0107 se vratio s Igara: Razo\u010daran sam, ali i ponosan\"}]},{\"@type\":\"WebSite\",\"@id\":\"https:\\\/\\\/radioljubuski.ba\\\/#website\",\"url\":\"https:\\\/\\\/radioljubuski.ba\\\/\",\"name\":\"Radio Ljubu\u0161ki\",\"description\":\"Sun\u010dana frekvencija Hercegovine\",\"publisher\":{\"@id\":\"https:\\\/\\\/radioljubuski.ba\\\/#organization\"},\"potentialAction\":[{\"@type\":\"SearchAction\",\"target\":{\"@type\":\"EntryPoint\",\"urlTemplate\":\"https:\\\/\\\/radioljubuski.ba\\\/?s={search_term_string}\"},\"query-input\":{\"@type\":\"PropertyValueSpecification\",\"valueRequired\":true,\"valueName\":\"search_term_string\"}}],\"inLanguage\":\"hr\"},{\"@type\":\"Organization\",\"@id\":\"https:\\\/\\\/radioljubuski.ba\\\/#organization\",\"name\":\"Radio Ljubu\u0161ki\",\"url\":\"https:\\\/\\\/radioljubuski.ba\\\/\",\"logo\":{\"@type\":\"ImageObject\",\"inLanguage\":\"hr\",\"@id\":\"https:\\\/\\\/radioljubuski.ba\\\/#\\\/schema\\\/logo\\\/image\\\/\",\"url\":\"https:\\\/\\\/radioljubuski.ba\\\/wp-content\\\/uploads\\\/2021\\\/02\\\/cropped-Radio_Ljubuski_logo1.jpg\",\"contentUrl\":\"https:\\\/\\\/radioljubuski.ba\\\/wp-content\\\/uploads\\\/2021\\\/02\\\/cropped-Radio_Ljubuski_logo1.jpg\",\"width\":512,\"height\":512,\"caption\":\"Radio Ljubu\u0161ki\"},\"image\":{\"@id\":\"https:\\\/\\\/radioljubuski.ba\\\/#\\\/schema\\\/logo\\\/image\\\/\"},\"sameAs\":[\"https:\\\/\\\/www.facebook.com\\\/Radiio-Ljubuski-1490835324566332\",\"https:\\\/\\\/x.com\\\/radioljubuski\",\"https:\\\/\\\/hr.linkedin.com\\\/company\\\/radio-ljubuski\",\"https:\\\/\\\/www.youtube.com\\\/channel\\\/UCHYaeO_n0Db3tjNGudGpXyw\"]},{\"@type\":\"Person\",\"@id\":\"https:\\\/\\\/radioljubuski.ba\\\/#\\\/schema\\\/person\\\/19fc700381a780f69665d7956c469e3b\",\"name\":\"Radio Ljubu\u0161ki\"}]}<\/script>\n<!-- \/ Yoast SEO plugin. -->","yoast_head_json":{"title":"Ivan Kvesi\u0107 se vratio s Igara: Razo\u010daran sam, ali i ponosan - RADIO LJUBU\u0160KI","robots":{"index":"index","follow":"follow","max-snippet":"max-snippet:-1","max-image-preview":"max-image-preview:large","max-video-preview":"max-video-preview:-1"},"canonical":"https:\/\/radioljubuski.ba\/index.php\/2021\/08\/10\/ivan-kvesic-se-vratio-s-igara-razocaran-sam-ali-i-ponosan\/","og_locale":"hr_HR","og_type":"article","og_title":"Ivan Kvesi\u0107 se vratio s Igara: Razo\u010daran sam, ali i ponosan - RADIO LJUBU\u0160KI","og_description":"Prvi hrvatski karata\u0161 koji je nastupio na olimpijskim igrama Ivan Kvesi\u0107 se sa svojim trenerom Danielom Vu\u010di\u0107em i bratom An\u0111elom Kvesi\u0107em u ponedjeljak vratio u Hrvatsku s Igara u Tokiju gdje nije uspio osvojiti odli\u010dje u kategoriji preko 84 kilograma iako je aktualni svjetski prvak. &#8220;Popravni ispit \u010deka nas vrlo brzo, zato \u017eelim da se [&hellip;]","og_url":"https:\/\/radioljubuski.ba\/index.php\/2021\/08\/10\/ivan-kvesic-se-vratio-s-igara-razocaran-sam-ali-i-ponosan\/","og_site_name":"RADIO LJUBU\u0160KI","article_publisher":"https:\/\/www.facebook.com\/Radiio-Ljubuski-1490835324566332","article_published_time":"2021-08-10T09:14:29+00:00","article_modified_time":"2021-08-10T09:14:30+00:00","og_image":[{"width":1000,"height":625,"url":"https:\/\/radioljubuski.ba\/wp-content\/uploads\/2021\/08\/2-2021-08-09-20-29-21-kvesic-ivan.jpg","type":"image\/jpeg"}],"author":"Radio Ljubu\u0161ki","twitter_card":"summary_large_image","twitter_creator":"@radioljubuski","twitter_site":"@radioljubuski","twitter_misc":{"Napisao\/la":"Radio Ljubu\u0161ki","Procijenjeno vrijeme \u010ditanja":"2 minute"},"schema":{"@context":"https:\/\/schema.org","@graph":[{"@type":"Article","@id":"https:\/\/radioljubuski.ba\/index.php\/2021\/08\/10\/ivan-kvesic-se-vratio-s-igara-razocaran-sam-ali-i-ponosan\/#article","isPartOf":{"@id":"https:\/\/radioljubuski.ba\/index.php\/2021\/08\/10\/ivan-kvesic-se-vratio-s-igara-razocaran-sam-ali-i-ponosan\/"},"author":{"name":"Radio Ljubu\u0161ki","@id":"https:\/\/radioljubuski.ba\/#\/schema\/person\/19fc700381a780f69665d7956c469e3b"},"headline":"Ivan Kvesi\u0107 se vratio s Igara: Razo\u010daran sam, ali i ponosan","datePublished":"2021-08-10T09:14:29+00:00","dateModified":"2021-08-10T09:14:30+00:00","mainEntityOfPage":{"@id":"https:\/\/radioljubuski.ba\/index.php\/2021\/08\/10\/ivan-kvesic-se-vratio-s-igara-razocaran-sam-ali-i-ponosan\/"},"wordCount":333,"publisher":{"@id":"https:\/\/radioljubuski.ba\/#organization"},"image":{"@id":"https:\/\/radioljubuski.ba\/index.php\/2021\/08\/10\/ivan-kvesic-se-vratio-s-igara-razocaran-sam-ali-i-ponosan\/#primaryimage"},"thumbnailUrl":"https:\/\/radioljubuski.ba\/wp-content\/uploads\/2021\/08\/2-2021-08-09-20-29-21-kvesic-ivan.jpg","articleSection":["\u0160port"],"inLanguage":"hr"},{"@type":"WebPage","@id":"https:\/\/radioljubuski.ba\/index.php\/2021\/08\/10\/ivan-kvesic-se-vratio-s-igara-razocaran-sam-ali-i-ponosan\/","url":"https:\/\/radioljubuski.ba\/index.php\/2021\/08\/10\/ivan-kvesic-se-vratio-s-igara-razocaran-sam-ali-i-ponosan\/","name":"Ivan Kvesi\u0107 se vratio s Igara: Razo\u010daran sam, ali i ponosan - RADIO LJUBU\u0160KI","isPartOf":{"@id":"https:\/\/radioljubuski.ba\/#website"},"primaryImageOfPage":{"@id":"https:\/\/radioljubuski.ba\/index.php\/2021\/08\/10\/ivan-kvesic-se-vratio-s-igara-razocaran-sam-ali-i-ponosan\/#primaryimage"},"image":{"@id":"https:\/\/radioljubuski.ba\/index.php\/2021\/08\/10\/ivan-kvesic-se-vratio-s-igara-razocaran-sam-ali-i-ponosan\/#primaryimage"},"thumbnailUrl":"https:\/\/radioljubuski.ba\/wp-content\/uploads\/2021\/08\/2-2021-08-09-20-29-21-kvesic-ivan.jpg","datePublished":"2021-08-10T09:14:29+00:00","dateModified":"2021-08-10T09:14:30+00:00","breadcrumb":{"@id":"https:\/\/radioljubuski.ba\/index.php\/2021\/08\/10\/ivan-kvesic-se-vratio-s-igara-razocaran-sam-ali-i-ponosan\/#breadcrumb"},"inLanguage":"hr","potentialAction":[{"@type":"ReadAction","target":["https:\/\/radioljubuski.ba\/index.php\/2021\/08\/10\/ivan-kvesic-se-vratio-s-igara-razocaran-sam-ali-i-ponosan\/"]}]},{"@type":"ImageObject","inLanguage":"hr","@id":"https:\/\/radioljubuski.ba\/index.php\/2021\/08\/10\/ivan-kvesic-se-vratio-s-igara-razocaran-sam-ali-i-ponosan\/#primaryimage","url":"https:\/\/radioljubuski.ba\/wp-content\/uploads\/2021\/08\/2-2021-08-09-20-29-21-kvesic-ivan.jpg","contentUrl":"https:\/\/radioljubuski.ba\/wp-content\/uploads\/2021\/08\/2-2021-08-09-20-29-21-kvesic-ivan.jpg","width":1000,"height":625},{"@type":"BreadcrumbList","@id":"https:\/\/radioljubuski.ba\/index.php\/2021\/08\/10\/ivan-kvesic-se-vratio-s-igara-razocaran-sam-ali-i-ponosan\/#breadcrumb","itemListElement":[{"@type":"ListItem","position":1,"name":"Po\u010detna stranica","item":"https:\/\/radioljubuski.ba\/"},{"@type":"ListItem","position":2,"name":"Ivan Kvesi\u0107 se vratio s Igara: Razo\u010daran sam, ali i ponosan"}]},{"@type":"WebSite","@id":"https:\/\/radioljubuski.ba\/#website","url":"https:\/\/radioljubuski.ba\/","name":"Radio Ljubu\u0161ki","description":"Sun\u010dana frekvencija Hercegovine","publisher":{"@id":"https:\/\/radioljubuski.ba\/#organization"},"potentialAction":[{"@type":"SearchAction","target":{"@type":"EntryPoint","urlTemplate":"https:\/\/radioljubuski.ba\/?s={search_term_string}"},"query-input":{"@type":"PropertyValueSpecification","valueRequired":true,"valueName":"search_term_string"}}],"inLanguage":"hr"},{"@type":"Organization","@id":"https:\/\/radioljubuski.ba\/#organization","name":"Radio Ljubu\u0161ki","url":"https:\/\/radioljubuski.ba\/","logo":{"@type":"ImageObject","inLanguage":"hr","@id":"https:\/\/radioljubuski.ba\/#\/schema\/logo\/image\/","url":"https:\/\/radioljubuski.ba\/wp-content\/uploads\/2021\/02\/cropped-Radio_Ljubuski_logo1.jpg","contentUrl":"https:\/\/radioljubuski.ba\/wp-content\/uploads\/2021\/02\/cropped-Radio_Ljubuski_logo1.jpg","width":512,"height":512,"caption":"Radio Ljubu\u0161ki"},"image":{"@id":"https:\/\/radioljubuski.ba\/#\/schema\/logo\/image\/"},"sameAs":["https:\/\/www.facebook.com\/Radiio-Ljubuski-1490835324566332","https:\/\/x.com\/radioljubuski","https:\/\/hr.linkedin.com\/company\/radio-ljubuski","https:\/\/www.youtube.com\/channel\/UCHYaeO_n0Db3tjNGudGpXyw"]},{"@type":"Person","@id":"https:\/\/radioljubuski.ba\/#\/schema\/person\/19fc700381a780f69665d7956c469e3b","name":"Radio Ljubu\u0161ki"}]}},"_links":{"self":[{"href":"https:\/\/radioljubuski.ba\/index.php\/wp-json\/wp\/v2\/posts\/52017","targetHints":{"allow":["GET"]}}],"collection":[{"href":"https:\/\/radioljubuski.ba\/index.php\/wp-json\/wp\/v2\/posts"}],"about":[{"href":"https:\/\/radioljubuski.ba\/index.php\/wp-json\/wp\/v2\/types\/post"}],"author":[{"embeddable":true,"href":"https:\/\/radioljubuski.ba\/index.php\/wp-json\/wp\/v2\/users\/2"}],"replies":[{"embeddable":true,"href":"https:\/\/radioljubuski.ba\/index.php\/wp-json\/wp\/v2\/comments?post=52017"}],"version-history":[{"count":1,"href":"https:\/\/radioljubuski.ba\/index.php\/wp-json\/wp\/v2\/posts\/52017\/revisions"}],"predecessor-version":[{"id":52019,"href":"https:\/\/radioljubuski.ba\/index.php\/wp-json\/wp\/v2\/posts\/52017\/revisions\/52019"}],"wp:featuredmedia":[{"embeddable":true,"href":"https:\/\/radioljubuski.ba\/index.php\/wp-json\/wp\/v2\/media\/52018"}],"wp:attachment":[{"href":"https:\/\/radioljubuski.ba\/index.php\/wp-json\/wp\/v2\/media?parent=52017"}],"wp:term":[{"taxonomy":"category","embeddable":true,"href":"https:\/\/radioljubuski.ba\/index.php\/wp-json\/wp\/v2\/categories?post=52017"},{"taxonomy":"post_tag","embeddable":true,"href":"https:\/\/radioljubuski.ba\/index.php\/wp-json\/wp\/v2\/tags?post=52017"}],"curies":[{"name":"wp","href":"https:\/\/api.w.org\/{rel}","templated":true}]}}