{"id":52455,"date":"2021-08-11T08:46:51","date_gmt":"2021-08-11T07:46:51","guid":{"rendered":"https:\/\/radioljubuski.ba\/?p=52455"},"modified":"2021-08-11T08:46:53","modified_gmt":"2021-08-11T07:46:53","slug":"poznatu-dalmatinsku-konobu-ocijenio-negativno-jer-ne-radi-nedjeljom-osoblje-mu-odgovorilo","status":"publish","type":"post","link":"https:\/\/radioljubuski.ba\/index.php\/2021\/08\/11\/poznatu-dalmatinsku-konobu-ocijenio-negativno-jer-ne-radi-nedjeljom-osoblje-mu-odgovorilo\/","title":{"rendered":"Poznatu dalmatinsku konobu ocijenio negativno jer ne radi nedjeljom, osoblje mu odgovorilo"},"content":{"rendered":"\n<p>Jedan turist ljetovao je na Murteru, a jedna mu se konoba nije svidjela te ju je ocijenio s jednom zvjezdicom na Google recenzijama. Naime, turistu se nije svidjelu \u0161to konoba Berekin \u201cve\u0107 tri godine ne radi nedjeljom\u201d.<\/p>\n\n\n\n<p>Iz konobe su ovu recenziju objavili na svom Facebooku, a nezadovoljnom gostu su odgovorili:<\/p>\n\n\n\n<p>NEDILJON NE RADIMO!!!<br>Da je kojim slu\u010dajen Mladen Deli\u0107 \u017eiv, sad bi vika po restoranu \u2018Ljudi moji, pa je li to mogu\u0107e?\u2019 Aa aj dobro, vi\u010demo mi umisto njega\u2026i ne mo\u017eemo se \u010dudu na\u010duditi\u2026e moj \u010dovik\u2026<\/p>\n\n\n\n<p>Po\u0161tovani gospodine, puno nan je drago \u0161ta ste za Va\u0161 odmor odabrali na\u0161a predivna Jezera i otok Murter, a jo\u0161 nan je dra\u017ee \u0161ta ste tili obidovat u na\u0161oj Konobi Berekin, i sve bi to bilo lipo da niste odabrali \u2018krivi dan\u2019 koji je nama ina\u010de dan za odmor, jer mi zadnje tri godine ne radimo Nediljon i ne\u0107emo radit Nediljon dok god postoji na\u0161a mala konoba.<\/p>\n\n\n\n<p>Na va\u0161 komentar \u2018ZAPRTO\u2019 i na negativnu ocjenu, odnosno ocjenu 1, pi\u0161emo Vam ovaj podu\u017ei odgovor da znate da ste s tom ocjenom i komentarom poprili\u010dno iznenadili, ali i povridili \u0161est mladih ljudi koji ve\u0107 zadnjih pet sezona zajedno marljivo i predano rade, te pri\u010daju jednu druga\u010diju gastronomsku i ugostitljsku pri\u010du u Hrvatskoj.<\/p>\n\n\n\n<p>Ovim putem Vas pozivamo da do\u0111ete u na\u0161u Konobu Berekin, te \u0107emo Vas vrlo rado po\u010dastiti obidom u tri slijeda, te buteljom vina po Va\u0161em izboru, samo nemojte opet do\u0107i u Nedilju, jer Nediljom NE RADIMO\u201d, zaklju\u010dili su iz konobe u odgovoru, a odgovor su potpisali Marijo Hrvoje, Michel, Tino, Ante i Alen.<\/p>\n\n\n\n<p><em>Izvor: narod.hr<\/em><\/p>\n","protected":false},"excerpt":{"rendered":"<p>Jedan turist ljetovao je na Murteru, a jedna mu se konoba nije svidjela te ju je ocijenio s jednom zvjezdicom na Google recenzijama. Naime, turistu se nije svidjelu \u0161to konoba Berekin \u201cve\u0107 tri godine ne radi nedjeljom\u201d. Iz konobe su ovu recenziju objavili na svom Facebooku, a nezadovoljnom gostu su odgovorili: NEDILJON NE RADIMO!!!Da je [&hellip;]<\/p>\n","protected":false},"author":2,"featured_media":52457,"comment_status":"closed","ping_status":"closed","sticky":false,"template":"","format":"standard","meta":{"h5ap_radio_sources":[],"footnotes":""},"categories":[1],"tags":[],"class_list":["post-52455","post","type-post","status-publish","format-standard","has-post-thumbnail","hentry","category-bihiregija"],"yoast_head":"<!-- This site is optimized with the Yoast SEO plugin v27.4 - https:\/\/yoast.com\/product\/yoast-seo-wordpress\/ -->\n<title>Poznatu dalmatinsku konobu ocijenio negativno jer ne radi nedjeljom, osoblje mu odgovorilo - RADIO LJUBU\u0160KI<\/title>\n<meta name=\"robots\" content=\"index, follow, max-snippet:-1, max-image-preview:large, max-video-preview:-1\" \/>\n<link rel=\"canonical\" href=\"https:\/\/radioljubuski.ba\/index.php\/2021\/08\/11\/poznatu-dalmatinsku-konobu-ocijenio-negativno-jer-ne-radi-nedjeljom-osoblje-mu-odgovorilo\/\" \/>\n<meta property=\"og:locale\" content=\"hr_HR\" \/>\n<meta property=\"og:type\" content=\"article\" \/>\n<meta property=\"og:title\" content=\"Poznatu dalmatinsku konobu ocijenio negativno jer ne radi nedjeljom, osoblje mu odgovorilo - RADIO LJUBU\u0160KI\" \/>\n<meta property=\"og:description\" content=\"Jedan turist ljetovao je na Murteru, a jedna mu se konoba nije svidjela te ju je ocijenio s jednom zvjezdicom na Google recenzijama. Naime, turistu se nije svidjelu \u0161to konoba Berekin \u201cve\u0107 tri godine ne radi nedjeljom\u201d. Iz konobe su ovu recenziju objavili na svom Facebooku, a nezadovoljnom gostu su odgovorili: NEDILJON NE RADIMO!!!Da je [&hellip;]\" \/>\n<meta property=\"og:url\" content=\"https:\/\/radioljubuski.ba\/index.php\/2021\/08\/11\/poznatu-dalmatinsku-konobu-ocijenio-negativno-jer-ne-radi-nedjeljom-osoblje-mu-odgovorilo\/\" \/>\n<meta property=\"og:site_name\" content=\"RADIO LJUBU\u0160KI\" \/>\n<meta property=\"article:publisher\" content=\"https:\/\/www.facebook.com\/Radiio-Ljubuski-1490835324566332\" \/>\n<meta property=\"article:published_time\" content=\"2021-08-11T07:46:51+00:00\" \/>\n<meta property=\"article:modified_time\" content=\"2021-08-11T07:46:53+00:00\" \/>\n<meta property=\"og:image\" content=\"https:\/\/radioljubuski.ba\/wp-content\/uploads\/2021\/08\/39777297_2118467891725042_5824077100503531520_n-696x338-1.jpg\" \/>\n\t<meta property=\"og:image:width\" content=\"696\" \/>\n\t<meta property=\"og:image:height\" content=\"338\" \/>\n\t<meta property=\"og:image:type\" content=\"image\/jpeg\" \/>\n<meta name=\"author\" content=\"Radio Ljubu\u0161ki\" \/>\n<meta name=\"twitter:card\" content=\"summary_large_image\" \/>\n<meta name=\"twitter:creator\" content=\"@radioljubuski\" \/>\n<meta name=\"twitter:site\" content=\"@radioljubuski\" \/>\n<meta name=\"twitter:label1\" content=\"Napisao\/la\" \/>\n\t<meta name=\"twitter:data1\" content=\"Radio Ljubu\u0161ki\" \/>\n\t<meta name=\"twitter:label2\" content=\"Procijenjeno vrijeme \u010ditanja\" \/>\n\t<meta name=\"twitter:data2\" content=\"2 minute\" \/>\n<script type=\"application\/ld+json\" class=\"yoast-schema-graph\">{\"@context\":\"https:\\\/\\\/schema.org\",\"@graph\":[{\"@type\":\"Article\",\"@id\":\"https:\\\/\\\/radioljubuski.ba\\\/index.php\\\/2021\\\/08\\\/11\\\/poznatu-dalmatinsku-konobu-ocijenio-negativno-jer-ne-radi-nedjeljom-osoblje-mu-odgovorilo\\\/#article\",\"isPartOf\":{\"@id\":\"https:\\\/\\\/radioljubuski.ba\\\/index.php\\\/2021\\\/08\\\/11\\\/poznatu-dalmatinsku-konobu-ocijenio-negativno-jer-ne-radi-nedjeljom-osoblje-mu-odgovorilo\\\/\"},\"author\":{\"name\":\"Radio Ljubu\u0161ki\",\"@id\":\"https:\\\/\\\/radioljubuski.ba\\\/#\\\/schema\\\/person\\\/19fc700381a780f69665d7956c469e3b\"},\"headline\":\"Poznatu dalmatinsku konobu ocijenio negativno jer ne radi nedjeljom, osoblje mu odgovorilo\",\"datePublished\":\"2021-08-11T07:46:51+00:00\",\"dateModified\":\"2021-08-11T07:46:53+00:00\",\"mainEntityOfPage\":{\"@id\":\"https:\\\/\\\/radioljubuski.ba\\\/index.php\\\/2021\\\/08\\\/11\\\/poznatu-dalmatinsku-konobu-ocijenio-negativno-jer-ne-radi-nedjeljom-osoblje-mu-odgovorilo\\\/\"},\"wordCount\":300,\"publisher\":{\"@id\":\"https:\\\/\\\/radioljubuski.ba\\\/#organization\"},\"image\":{\"@id\":\"https:\\\/\\\/radioljubuski.ba\\\/index.php\\\/2021\\\/08\\\/11\\\/poznatu-dalmatinsku-konobu-ocijenio-negativno-jer-ne-radi-nedjeljom-osoblje-mu-odgovorilo\\\/#primaryimage\"},\"thumbnailUrl\":\"https:\\\/\\\/radioljubuski.ba\\\/wp-content\\\/uploads\\\/2021\\\/08\\\/39777297_2118467891725042_5824077100503531520_n-696x338-1.jpg\",\"articleSection\":[\"BIH i regija\"],\"inLanguage\":\"hr\"},{\"@type\":\"WebPage\",\"@id\":\"https:\\\/\\\/radioljubuski.ba\\\/index.php\\\/2021\\\/08\\\/11\\\/poznatu-dalmatinsku-konobu-ocijenio-negativno-jer-ne-radi-nedjeljom-osoblje-mu-odgovorilo\\\/\",\"url\":\"https:\\\/\\\/radioljubuski.ba\\\/index.php\\\/2021\\\/08\\\/11\\\/poznatu-dalmatinsku-konobu-ocijenio-negativno-jer-ne-radi-nedjeljom-osoblje-mu-odgovorilo\\\/\",\"name\":\"Poznatu dalmatinsku konobu ocijenio negativno jer ne radi nedjeljom, osoblje mu odgovorilo - RADIO LJUBU\u0160KI\",\"isPartOf\":{\"@id\":\"https:\\\/\\\/radioljubuski.ba\\\/#website\"},\"primaryImageOfPage\":{\"@id\":\"https:\\\/\\\/radioljubuski.ba\\\/index.php\\\/2021\\\/08\\\/11\\\/poznatu-dalmatinsku-konobu-ocijenio-negativno-jer-ne-radi-nedjeljom-osoblje-mu-odgovorilo\\\/#primaryimage\"},\"image\":{\"@id\":\"https:\\\/\\\/radioljubuski.ba\\\/index.php\\\/2021\\\/08\\\/11\\\/poznatu-dalmatinsku-konobu-ocijenio-negativno-jer-ne-radi-nedjeljom-osoblje-mu-odgovorilo\\\/#primaryimage\"},\"thumbnailUrl\":\"https:\\\/\\\/radioljubuski.ba\\\/wp-content\\\/uploads\\\/2021\\\/08\\\/39777297_2118467891725042_5824077100503531520_n-696x338-1.jpg\",\"datePublished\":\"2021-08-11T07:46:51+00:00\",\"dateModified\":\"2021-08-11T07:46:53+00:00\",\"breadcrumb\":{\"@id\":\"https:\\\/\\\/radioljubuski.ba\\\/index.php\\\/2021\\\/08\\\/11\\\/poznatu-dalmatinsku-konobu-ocijenio-negativno-jer-ne-radi-nedjeljom-osoblje-mu-odgovorilo\\\/#breadcrumb\"},\"inLanguage\":\"hr\",\"potentialAction\":[{\"@type\":\"ReadAction\",\"target\":[\"https:\\\/\\\/radioljubuski.ba\\\/index.php\\\/2021\\\/08\\\/11\\\/poznatu-dalmatinsku-konobu-ocijenio-negativno-jer-ne-radi-nedjeljom-osoblje-mu-odgovorilo\\\/\"]}]},{\"@type\":\"ImageObject\",\"inLanguage\":\"hr\",\"@id\":\"https:\\\/\\\/radioljubuski.ba\\\/index.php\\\/2021\\\/08\\\/11\\\/poznatu-dalmatinsku-konobu-ocijenio-negativno-jer-ne-radi-nedjeljom-osoblje-mu-odgovorilo\\\/#primaryimage\",\"url\":\"https:\\\/\\\/radioljubuski.ba\\\/wp-content\\\/uploads\\\/2021\\\/08\\\/39777297_2118467891725042_5824077100503531520_n-696x338-1.jpg\",\"contentUrl\":\"https:\\\/\\\/radioljubuski.ba\\\/wp-content\\\/uploads\\\/2021\\\/08\\\/39777297_2118467891725042_5824077100503531520_n-696x338-1.jpg\",\"width\":696,\"height\":338},{\"@type\":\"BreadcrumbList\",\"@id\":\"https:\\\/\\\/radioljubuski.ba\\\/index.php\\\/2021\\\/08\\\/11\\\/poznatu-dalmatinsku-konobu-ocijenio-negativno-jer-ne-radi-nedjeljom-osoblje-mu-odgovorilo\\\/#breadcrumb\",\"itemListElement\":[{\"@type\":\"ListItem\",\"position\":1,\"name\":\"Po\u010detna stranica\",\"item\":\"https:\\\/\\\/radioljubuski.ba\\\/\"},{\"@type\":\"ListItem\",\"position\":2,\"name\":\"Poznatu dalmatinsku konobu ocijenio negativno jer ne radi nedjeljom, osoblje mu odgovorilo\"}]},{\"@type\":\"WebSite\",\"@id\":\"https:\\\/\\\/radioljubuski.ba\\\/#website\",\"url\":\"https:\\\/\\\/radioljubuski.ba\\\/\",\"name\":\"Radio Ljubu\u0161ki\",\"description\":\"Sun\u010dana frekvencija Hercegovine\",\"publisher\":{\"@id\":\"https:\\\/\\\/radioljubuski.ba\\\/#organization\"},\"potentialAction\":[{\"@type\":\"SearchAction\",\"target\":{\"@type\":\"EntryPoint\",\"urlTemplate\":\"https:\\\/\\\/radioljubuski.ba\\\/?s={search_term_string}\"},\"query-input\":{\"@type\":\"PropertyValueSpecification\",\"valueRequired\":true,\"valueName\":\"search_term_string\"}}],\"inLanguage\":\"hr\"},{\"@type\":\"Organization\",\"@id\":\"https:\\\/\\\/radioljubuski.ba\\\/#organization\",\"name\":\"Radio Ljubu\u0161ki\",\"url\":\"https:\\\/\\\/radioljubuski.ba\\\/\",\"logo\":{\"@type\":\"ImageObject\",\"inLanguage\":\"hr\",\"@id\":\"https:\\\/\\\/radioljubuski.ba\\\/#\\\/schema\\\/logo\\\/image\\\/\",\"url\":\"https:\\\/\\\/radioljubuski.ba\\\/wp-content\\\/uploads\\\/2021\\\/02\\\/cropped-Radio_Ljubuski_logo1.jpg\",\"contentUrl\":\"https:\\\/\\\/radioljubuski.ba\\\/wp-content\\\/uploads\\\/2021\\\/02\\\/cropped-Radio_Ljubuski_logo1.jpg\",\"width\":512,\"height\":512,\"caption\":\"Radio Ljubu\u0161ki\"},\"image\":{\"@id\":\"https:\\\/\\\/radioljubuski.ba\\\/#\\\/schema\\\/logo\\\/image\\\/\"},\"sameAs\":[\"https:\\\/\\\/www.facebook.com\\\/Radiio-Ljubuski-1490835324566332\",\"https:\\\/\\\/x.com\\\/radioljubuski\",\"https:\\\/\\\/hr.linkedin.com\\\/company\\\/radio-ljubuski\",\"https:\\\/\\\/www.youtube.com\\\/channel\\\/UCHYaeO_n0Db3tjNGudGpXyw\"]},{\"@type\":\"Person\",\"@id\":\"https:\\\/\\\/radioljubuski.ba\\\/#\\\/schema\\\/person\\\/19fc700381a780f69665d7956c469e3b\",\"name\":\"Radio Ljubu\u0161ki\"}]}<\/script>\n<!-- \/ Yoast SEO plugin. -->","yoast_head_json":{"title":"Poznatu dalmatinsku konobu ocijenio negativno jer ne radi nedjeljom, osoblje mu odgovorilo - RADIO LJUBU\u0160KI","robots":{"index":"index","follow":"follow","max-snippet":"max-snippet:-1","max-image-preview":"max-image-preview:large","max-video-preview":"max-video-preview:-1"},"canonical":"https:\/\/radioljubuski.ba\/index.php\/2021\/08\/11\/poznatu-dalmatinsku-konobu-ocijenio-negativno-jer-ne-radi-nedjeljom-osoblje-mu-odgovorilo\/","og_locale":"hr_HR","og_type":"article","og_title":"Poznatu dalmatinsku konobu ocijenio negativno jer ne radi nedjeljom, osoblje mu odgovorilo - RADIO LJUBU\u0160KI","og_description":"Jedan turist ljetovao je na Murteru, a jedna mu se konoba nije svidjela te ju je ocijenio s jednom zvjezdicom na Google recenzijama. Naime, turistu se nije svidjelu \u0161to konoba Berekin \u201cve\u0107 tri godine ne radi nedjeljom\u201d. Iz konobe su ovu recenziju objavili na svom Facebooku, a nezadovoljnom gostu su odgovorili: NEDILJON NE RADIMO!!!Da je [&hellip;]","og_url":"https:\/\/radioljubuski.ba\/index.php\/2021\/08\/11\/poznatu-dalmatinsku-konobu-ocijenio-negativno-jer-ne-radi-nedjeljom-osoblje-mu-odgovorilo\/","og_site_name":"RADIO LJUBU\u0160KI","article_publisher":"https:\/\/www.facebook.com\/Radiio-Ljubuski-1490835324566332","article_published_time":"2021-08-11T07:46:51+00:00","article_modified_time":"2021-08-11T07:46:53+00:00","og_image":[{"width":696,"height":338,"url":"https:\/\/radioljubuski.ba\/wp-content\/uploads\/2021\/08\/39777297_2118467891725042_5824077100503531520_n-696x338-1.jpg","type":"image\/jpeg"}],"author":"Radio Ljubu\u0161ki","twitter_card":"summary_large_image","twitter_creator":"@radioljubuski","twitter_site":"@radioljubuski","twitter_misc":{"Napisao\/la":"Radio Ljubu\u0161ki","Procijenjeno vrijeme \u010ditanja":"2 minute"},"schema":{"@context":"https:\/\/schema.org","@graph":[{"@type":"Article","@id":"https:\/\/radioljubuski.ba\/index.php\/2021\/08\/11\/poznatu-dalmatinsku-konobu-ocijenio-negativno-jer-ne-radi-nedjeljom-osoblje-mu-odgovorilo\/#article","isPartOf":{"@id":"https:\/\/radioljubuski.ba\/index.php\/2021\/08\/11\/poznatu-dalmatinsku-konobu-ocijenio-negativno-jer-ne-radi-nedjeljom-osoblje-mu-odgovorilo\/"},"author":{"name":"Radio Ljubu\u0161ki","@id":"https:\/\/radioljubuski.ba\/#\/schema\/person\/19fc700381a780f69665d7956c469e3b"},"headline":"Poznatu dalmatinsku konobu ocijenio negativno jer ne radi nedjeljom, osoblje mu odgovorilo","datePublished":"2021-08-11T07:46:51+00:00","dateModified":"2021-08-11T07:46:53+00:00","mainEntityOfPage":{"@id":"https:\/\/radioljubuski.ba\/index.php\/2021\/08\/11\/poznatu-dalmatinsku-konobu-ocijenio-negativno-jer-ne-radi-nedjeljom-osoblje-mu-odgovorilo\/"},"wordCount":300,"publisher":{"@id":"https:\/\/radioljubuski.ba\/#organization"},"image":{"@id":"https:\/\/radioljubuski.ba\/index.php\/2021\/08\/11\/poznatu-dalmatinsku-konobu-ocijenio-negativno-jer-ne-radi-nedjeljom-osoblje-mu-odgovorilo\/#primaryimage"},"thumbnailUrl":"https:\/\/radioljubuski.ba\/wp-content\/uploads\/2021\/08\/39777297_2118467891725042_5824077100503531520_n-696x338-1.jpg","articleSection":["BIH i regija"],"inLanguage":"hr"},{"@type":"WebPage","@id":"https:\/\/radioljubuski.ba\/index.php\/2021\/08\/11\/poznatu-dalmatinsku-konobu-ocijenio-negativno-jer-ne-radi-nedjeljom-osoblje-mu-odgovorilo\/","url":"https:\/\/radioljubuski.ba\/index.php\/2021\/08\/11\/poznatu-dalmatinsku-konobu-ocijenio-negativno-jer-ne-radi-nedjeljom-osoblje-mu-odgovorilo\/","name":"Poznatu dalmatinsku konobu ocijenio negativno jer ne radi nedjeljom, osoblje mu odgovorilo - RADIO LJUBU\u0160KI","isPartOf":{"@id":"https:\/\/radioljubuski.ba\/#website"},"primaryImageOfPage":{"@id":"https:\/\/radioljubuski.ba\/index.php\/2021\/08\/11\/poznatu-dalmatinsku-konobu-ocijenio-negativno-jer-ne-radi-nedjeljom-osoblje-mu-odgovorilo\/#primaryimage"},"image":{"@id":"https:\/\/radioljubuski.ba\/index.php\/2021\/08\/11\/poznatu-dalmatinsku-konobu-ocijenio-negativno-jer-ne-radi-nedjeljom-osoblje-mu-odgovorilo\/#primaryimage"},"thumbnailUrl":"https:\/\/radioljubuski.ba\/wp-content\/uploads\/2021\/08\/39777297_2118467891725042_5824077100503531520_n-696x338-1.jpg","datePublished":"2021-08-11T07:46:51+00:00","dateModified":"2021-08-11T07:46:53+00:00","breadcrumb":{"@id":"https:\/\/radioljubuski.ba\/index.php\/2021\/08\/11\/poznatu-dalmatinsku-konobu-ocijenio-negativno-jer-ne-radi-nedjeljom-osoblje-mu-odgovorilo\/#breadcrumb"},"inLanguage":"hr","potentialAction":[{"@type":"ReadAction","target":["https:\/\/radioljubuski.ba\/index.php\/2021\/08\/11\/poznatu-dalmatinsku-konobu-ocijenio-negativno-jer-ne-radi-nedjeljom-osoblje-mu-odgovorilo\/"]}]},{"@type":"ImageObject","inLanguage":"hr","@id":"https:\/\/radioljubuski.ba\/index.php\/2021\/08\/11\/poznatu-dalmatinsku-konobu-ocijenio-negativno-jer-ne-radi-nedjeljom-osoblje-mu-odgovorilo\/#primaryimage","url":"https:\/\/radioljubuski.ba\/wp-content\/uploads\/2021\/08\/39777297_2118467891725042_5824077100503531520_n-696x338-1.jpg","contentUrl":"https:\/\/radioljubuski.ba\/wp-content\/uploads\/2021\/08\/39777297_2118467891725042_5824077100503531520_n-696x338-1.jpg","width":696,"height":338},{"@type":"BreadcrumbList","@id":"https:\/\/radioljubuski.ba\/index.php\/2021\/08\/11\/poznatu-dalmatinsku-konobu-ocijenio-negativno-jer-ne-radi-nedjeljom-osoblje-mu-odgovorilo\/#breadcrumb","itemListElement":[{"@type":"ListItem","position":1,"name":"Po\u010detna stranica","item":"https:\/\/radioljubuski.ba\/"},{"@type":"ListItem","position":2,"name":"Poznatu dalmatinsku konobu ocijenio negativno jer ne radi nedjeljom, osoblje mu odgovorilo"}]},{"@type":"WebSite","@id":"https:\/\/radioljubuski.ba\/#website","url":"https:\/\/radioljubuski.ba\/","name":"Radio Ljubu\u0161ki","description":"Sun\u010dana frekvencija Hercegovine","publisher":{"@id":"https:\/\/radioljubuski.ba\/#organization"},"potentialAction":[{"@type":"SearchAction","target":{"@type":"EntryPoint","urlTemplate":"https:\/\/radioljubuski.ba\/?s={search_term_string}"},"query-input":{"@type":"PropertyValueSpecification","valueRequired":true,"valueName":"search_term_string"}}],"inLanguage":"hr"},{"@type":"Organization","@id":"https:\/\/radioljubuski.ba\/#organization","name":"Radio Ljubu\u0161ki","url":"https:\/\/radioljubuski.ba\/","logo":{"@type":"ImageObject","inLanguage":"hr","@id":"https:\/\/radioljubuski.ba\/#\/schema\/logo\/image\/","url":"https:\/\/radioljubuski.ba\/wp-content\/uploads\/2021\/02\/cropped-Radio_Ljubuski_logo1.jpg","contentUrl":"https:\/\/radioljubuski.ba\/wp-content\/uploads\/2021\/02\/cropped-Radio_Ljubuski_logo1.jpg","width":512,"height":512,"caption":"Radio Ljubu\u0161ki"},"image":{"@id":"https:\/\/radioljubuski.ba\/#\/schema\/logo\/image\/"},"sameAs":["https:\/\/www.facebook.com\/Radiio-Ljubuski-1490835324566332","https:\/\/x.com\/radioljubuski","https:\/\/hr.linkedin.com\/company\/radio-ljubuski","https:\/\/www.youtube.com\/channel\/UCHYaeO_n0Db3tjNGudGpXyw"]},{"@type":"Person","@id":"https:\/\/radioljubuski.ba\/#\/schema\/person\/19fc700381a780f69665d7956c469e3b","name":"Radio Ljubu\u0161ki"}]}},"_links":{"self":[{"href":"https:\/\/radioljubuski.ba\/index.php\/wp-json\/wp\/v2\/posts\/52455","targetHints":{"allow":["GET"]}}],"collection":[{"href":"https:\/\/radioljubuski.ba\/index.php\/wp-json\/wp\/v2\/posts"}],"about":[{"href":"https:\/\/radioljubuski.ba\/index.php\/wp-json\/wp\/v2\/types\/post"}],"author":[{"embeddable":true,"href":"https:\/\/radioljubuski.ba\/index.php\/wp-json\/wp\/v2\/users\/2"}],"replies":[{"embeddable":true,"href":"https:\/\/radioljubuski.ba\/index.php\/wp-json\/wp\/v2\/comments?post=52455"}],"version-history":[{"count":1,"href":"https:\/\/radioljubuski.ba\/index.php\/wp-json\/wp\/v2\/posts\/52455\/revisions"}],"predecessor-version":[{"id":52458,"href":"https:\/\/radioljubuski.ba\/index.php\/wp-json\/wp\/v2\/posts\/52455\/revisions\/52458"}],"wp:featuredmedia":[{"embeddable":true,"href":"https:\/\/radioljubuski.ba\/index.php\/wp-json\/wp\/v2\/media\/52457"}],"wp:attachment":[{"href":"https:\/\/radioljubuski.ba\/index.php\/wp-json\/wp\/v2\/media?parent=52455"}],"wp:term":[{"taxonomy":"category","embeddable":true,"href":"https:\/\/radioljubuski.ba\/index.php\/wp-json\/wp\/v2\/categories?post=52455"},{"taxonomy":"post_tag","embeddable":true,"href":"https:\/\/radioljubuski.ba\/index.php\/wp-json\/wp\/v2\/tags?post=52455"}],"curies":[{"name":"wp","href":"https:\/\/api.w.org\/{rel}","templated":true}]}}