{"id":52616,"date":"2021-08-12T12:56:40","date_gmt":"2021-08-12T11:56:40","guid":{"rendered":"https:\/\/radioljubuski.ba\/?p=52616"},"modified":"2021-08-12T12:56:42","modified_gmt":"2021-08-12T11:56:42","slug":"rama-njemacka-podrzava-otvoreni-balkan-konacno-se-uklanja-granica-izmedu-albanije-i-kosova","status":"publish","type":"post","link":"https:\/\/radioljubuski.ba\/index.php\/2021\/08\/12\/rama-njemacka-podrzava-otvoreni-balkan-konacno-se-uklanja-granica-izmedu-albanije-i-kosova\/","title":{"rendered":"Rama: Njema\u010dka podr\u017eava \u201cOtvoreni Balkan\u201d, kona\u010dno se uklanja granica izme\u0111u Albanije i Kosova"},"content":{"rendered":"\n<p><strong>Albanski premijer Edi Rama rekao je da njema\u010dka vlada podr\u017eava inicijativu \u201cOtvoreni Balkan\u201d i poziva na potpisivanje sporazuma o zajedni\u010dkom regionalnom tr\u017ei\u0161tu prije Summita EU-Balkan 6. listopada.<\/strong><\/p>\n\n\n\n<p>Rama je to objavio na Twitteru, dodaju\u0107i da su to divne vijesti i da je to suprotno onome \u0161to govore ljudima u Pri\u0161tini i Tirani.<\/p>\n\n\n\n<p>Naglasio je da su vrata \u201cOtvorenog Balkana\u201d otvorena, ali da se ne mo\u017ee \u010dekati na one koji ne \u017eele shvatiti da je to put budu\u0107nosti.<\/p>\n\n\n\n<blockquote class=\"twitter-tweet\"><p lang=\"et\" dir=\"ltr\">&quot;\u00c7UDI&quot;! Qeveria gjermane e mb\u00ebshteska Open Balkan ndryshe nga \u00e7far\u00eb u thuhet njer\u00ebzve n\u00eb Prishtin\u00eb e Tiran\u00eb prej atyre q\u00eb s&#39;pyesin p\u00ebr Amerik\u00ebn dhe jo vet\u00ebm kaq, po k\u00ebrkon n\u00ebnshkrimin urgjent t\u00eb marr\u00ebveshjeve p\u00ebr Tregun e P\u00ebrbashk\u00ebt Rajonal para Samitit BE-Ballkan n\u00eb 6 tetor!<\/p>&mdash; Edi Rama (@ediramaal) <a href=\"https:\/\/twitter.com\/ediramaal\/status\/1425481136965304325?ref_src=twsrc%5Etfw\">August 11, 2021<\/a><\/blockquote> <script async src=\"https:\/\/platform.twitter.com\/widgets.js\" charset=\"utf-8\"><\/script> \n\n\n\n<p>Rama ka\u017ee kako se upravo \u201cOtvorenim Balkanom\u201d kona\u010dno \u201cuklanja granica izme\u0111u Albanije i Kosova\u201d.<\/p>\n\n\n\n<p>Srbija, Sjeverna Makedonija i Albanija potpisale su sporazume \u010diji je cilj olak\u0161ati trgovinu u regiji, stvoriti jedinstveno tr\u017ei\u0161te rada i me\u0111usobnu pomo\u0107 u izvanrednim situacijama, a regionalna inicijativa, ranije nazvana \u201cmini Shengen\u201d, slu\u017ebeno je preimenovana u \u201cOtvoreni Balkan\u201d (Open Balkan).<\/p>\n\n\n\n<p>Inicijativi se za sada nisu pridru\u017eile Bosna i Hercegovina, Crna Gora i Kosovo.<\/p>\n\n\n\n<p>Zanimljivo je da je premijer Kosova Albin Kurti kritizirao inicijativu navode\u0107i da \u201cOtvoreni Balkan\u201d vi\u0161e li\u010di na \u201cBalkan otvoren za utjecaje s istoka, posebno iz Ruske Federacije i Kine\u201d, kao i \u201cotvoren za autokraciju, korupciju, ratne zlo\u010dince, suprotno europskim vrijednostima demokracije i vladavine prava\u201d, pi\u0161e AlJazeera.<\/p>\n\n\n\n<p>Zajedni\u010dko tr\u017ei\u0161te nije mogu\u0107e sve dok Srbija ne prihvati da se suo\u010di s pro\u0161lo\u0161\u0107u, rekao je Kurti, neizravno ukazuju\u0107i na ulogu Srbije u ratovima devedesetih.<\/p>\n\n\n\n<p>\/HMS\/<\/p>\n","protected":false},"excerpt":{"rendered":"<p>Albanski premijer Edi Rama rekao je da njema\u010dka vlada podr\u017eava inicijativu \u201cOtvoreni Balkan\u201d i poziva na potpisivanje sporazuma o zajedni\u010dkom regionalnom tr\u017ei\u0161tu prije Summita EU-Balkan 6. listopada. Rama je to objavio na Twitteru, dodaju\u0107i da su to divne vijesti i da je to suprotno onome \u0161to govore ljudima u Pri\u0161tini i Tirani. Naglasio je da [&hellip;]<\/p>\n","protected":false},"author":2,"featured_media":52617,"comment_status":"closed","ping_status":"closed","sticky":false,"template":"","format":"standard","meta":{"h5ap_radio_sources":[],"footnotes":""},"categories":[1],"tags":[],"class_list":["post-52616","post","type-post","status-publish","format-standard","has-post-thumbnail","hentry","category-bihiregija"],"yoast_head":"<!-- This site is optimized with the Yoast SEO plugin v27.4 - https:\/\/yoast.com\/product\/yoast-seo-wordpress\/ -->\n<title>Rama: Njema\u010dka podr\u017eava \u201cOtvoreni Balkan\u201d, kona\u010dno se uklanja granica izme\u0111u Albanije i Kosova - RADIO LJUBU\u0160KI<\/title>\n<meta name=\"robots\" content=\"index, follow, max-snippet:-1, max-image-preview:large, max-video-preview:-1\" \/>\n<link rel=\"canonical\" href=\"https:\/\/radioljubuski.ba\/index.php\/2021\/08\/12\/rama-njemacka-podrzava-otvoreni-balkan-konacno-se-uklanja-granica-izmedu-albanije-i-kosova\/\" \/>\n<meta property=\"og:locale\" content=\"hr_HR\" \/>\n<meta property=\"og:type\" content=\"article\" \/>\n<meta property=\"og:title\" content=\"Rama: Njema\u010dka podr\u017eava \u201cOtvoreni Balkan\u201d, kona\u010dno se uklanja granica izme\u0111u Albanije i Kosova - RADIO LJUBU\u0160KI\" \/>\n<meta property=\"og:description\" content=\"Albanski premijer Edi Rama rekao je da njema\u010dka vlada podr\u017eava inicijativu \u201cOtvoreni Balkan\u201d i poziva na potpisivanje sporazuma o zajedni\u010dkom regionalnom tr\u017ei\u0161tu prije Summita EU-Balkan 6. listopada. Rama je to objavio na Twitteru, dodaju\u0107i da su to divne vijesti i da je to suprotno onome \u0161to govore ljudima u Pri\u0161tini i Tirani. Naglasio je da [&hellip;]\" \/>\n<meta property=\"og:url\" content=\"https:\/\/radioljubuski.ba\/index.php\/2021\/08\/12\/rama-njemacka-podrzava-otvoreni-balkan-konacno-se-uklanja-granica-izmedu-albanije-i-kosova\/\" \/>\n<meta property=\"og:site_name\" content=\"RADIO LJUBU\u0160KI\" \/>\n<meta property=\"article:publisher\" content=\"https:\/\/www.facebook.com\/Radiio-Ljubuski-1490835324566332\" \/>\n<meta property=\"article:published_time\" content=\"2021-08-12T11:56:40+00:00\" \/>\n<meta property=\"article:modified_time\" content=\"2021-08-12T11:56:42+00:00\" \/>\n<meta property=\"og:image\" content=\"https:\/\/radioljubuski.ba\/wp-content\/uploads\/2021\/08\/rama.png\" \/>\n\t<meta property=\"og:image:width\" content=\"604\" \/>\n\t<meta property=\"og:image:height\" content=\"345\" \/>\n\t<meta property=\"og:image:type\" content=\"image\/png\" \/>\n<meta name=\"author\" content=\"Radio Ljubu\u0161ki\" \/>\n<meta name=\"twitter:card\" content=\"summary_large_image\" \/>\n<meta name=\"twitter:creator\" content=\"@radioljubuski\" \/>\n<meta name=\"twitter:site\" content=\"@radioljubuski\" \/>\n<meta name=\"twitter:label1\" content=\"Napisao\/la\" \/>\n\t<meta name=\"twitter:data1\" content=\"Radio Ljubu\u0161ki\" \/>\n\t<meta name=\"twitter:label2\" content=\"Procijenjeno vrijeme \u010ditanja\" \/>\n\t<meta name=\"twitter:data2\" content=\"2 minute\" \/>\n<script type=\"application\/ld+json\" class=\"yoast-schema-graph\">{\"@context\":\"https:\\\/\\\/schema.org\",\"@graph\":[{\"@type\":\"Article\",\"@id\":\"https:\\\/\\\/radioljubuski.ba\\\/index.php\\\/2021\\\/08\\\/12\\\/rama-njemacka-podrzava-otvoreni-balkan-konacno-se-uklanja-granica-izmedu-albanije-i-kosova\\\/#article\",\"isPartOf\":{\"@id\":\"https:\\\/\\\/radioljubuski.ba\\\/index.php\\\/2021\\\/08\\\/12\\\/rama-njemacka-podrzava-otvoreni-balkan-konacno-se-uklanja-granica-izmedu-albanije-i-kosova\\\/\"},\"author\":{\"name\":\"Radio Ljubu\u0161ki\",\"@id\":\"https:\\\/\\\/radioljubuski.ba\\\/#\\\/schema\\\/person\\\/19fc700381a780f69665d7956c469e3b\"},\"headline\":\"Rama: Njema\u010dka podr\u017eava \u201cOtvoreni Balkan\u201d, kona\u010dno se uklanja granica izme\u0111u Albanije i Kosova\",\"datePublished\":\"2021-08-12T11:56:40+00:00\",\"dateModified\":\"2021-08-12T11:56:42+00:00\",\"mainEntityOfPage\":{\"@id\":\"https:\\\/\\\/radioljubuski.ba\\\/index.php\\\/2021\\\/08\\\/12\\\/rama-njemacka-podrzava-otvoreni-balkan-konacno-se-uklanja-granica-izmedu-albanije-i-kosova\\\/\"},\"wordCount\":325,\"publisher\":{\"@id\":\"https:\\\/\\\/radioljubuski.ba\\\/#organization\"},\"image\":{\"@id\":\"https:\\\/\\\/radioljubuski.ba\\\/index.php\\\/2021\\\/08\\\/12\\\/rama-njemacka-podrzava-otvoreni-balkan-konacno-se-uklanja-granica-izmedu-albanije-i-kosova\\\/#primaryimage\"},\"thumbnailUrl\":\"https:\\\/\\\/radioljubuski.ba\\\/wp-content\\\/uploads\\\/2021\\\/08\\\/rama.png\",\"articleSection\":[\"BIH i regija\"],\"inLanguage\":\"hr\"},{\"@type\":\"WebPage\",\"@id\":\"https:\\\/\\\/radioljubuski.ba\\\/index.php\\\/2021\\\/08\\\/12\\\/rama-njemacka-podrzava-otvoreni-balkan-konacno-se-uklanja-granica-izmedu-albanije-i-kosova\\\/\",\"url\":\"https:\\\/\\\/radioljubuski.ba\\\/index.php\\\/2021\\\/08\\\/12\\\/rama-njemacka-podrzava-otvoreni-balkan-konacno-se-uklanja-granica-izmedu-albanije-i-kosova\\\/\",\"name\":\"Rama: Njema\u010dka podr\u017eava \u201cOtvoreni Balkan\u201d, kona\u010dno se uklanja granica izme\u0111u Albanije i Kosova - RADIO LJUBU\u0160KI\",\"isPartOf\":{\"@id\":\"https:\\\/\\\/radioljubuski.ba\\\/#website\"},\"primaryImageOfPage\":{\"@id\":\"https:\\\/\\\/radioljubuski.ba\\\/index.php\\\/2021\\\/08\\\/12\\\/rama-njemacka-podrzava-otvoreni-balkan-konacno-se-uklanja-granica-izmedu-albanije-i-kosova\\\/#primaryimage\"},\"image\":{\"@id\":\"https:\\\/\\\/radioljubuski.ba\\\/index.php\\\/2021\\\/08\\\/12\\\/rama-njemacka-podrzava-otvoreni-balkan-konacno-se-uklanja-granica-izmedu-albanije-i-kosova\\\/#primaryimage\"},\"thumbnailUrl\":\"https:\\\/\\\/radioljubuski.ba\\\/wp-content\\\/uploads\\\/2021\\\/08\\\/rama.png\",\"datePublished\":\"2021-08-12T11:56:40+00:00\",\"dateModified\":\"2021-08-12T11:56:42+00:00\",\"breadcrumb\":{\"@id\":\"https:\\\/\\\/radioljubuski.ba\\\/index.php\\\/2021\\\/08\\\/12\\\/rama-njemacka-podrzava-otvoreni-balkan-konacno-se-uklanja-granica-izmedu-albanije-i-kosova\\\/#breadcrumb\"},\"inLanguage\":\"hr\",\"potentialAction\":[{\"@type\":\"ReadAction\",\"target\":[\"https:\\\/\\\/radioljubuski.ba\\\/index.php\\\/2021\\\/08\\\/12\\\/rama-njemacka-podrzava-otvoreni-balkan-konacno-se-uklanja-granica-izmedu-albanije-i-kosova\\\/\"]}]},{\"@type\":\"ImageObject\",\"inLanguage\":\"hr\",\"@id\":\"https:\\\/\\\/radioljubuski.ba\\\/index.php\\\/2021\\\/08\\\/12\\\/rama-njemacka-podrzava-otvoreni-balkan-konacno-se-uklanja-granica-izmedu-albanije-i-kosova\\\/#primaryimage\",\"url\":\"https:\\\/\\\/radioljubuski.ba\\\/wp-content\\\/uploads\\\/2021\\\/08\\\/rama.png\",\"contentUrl\":\"https:\\\/\\\/radioljubuski.ba\\\/wp-content\\\/uploads\\\/2021\\\/08\\\/rama.png\",\"width\":604,\"height\":345},{\"@type\":\"BreadcrumbList\",\"@id\":\"https:\\\/\\\/radioljubuski.ba\\\/index.php\\\/2021\\\/08\\\/12\\\/rama-njemacka-podrzava-otvoreni-balkan-konacno-se-uklanja-granica-izmedu-albanije-i-kosova\\\/#breadcrumb\",\"itemListElement\":[{\"@type\":\"ListItem\",\"position\":1,\"name\":\"Po\u010detna stranica\",\"item\":\"https:\\\/\\\/radioljubuski.ba\\\/\"},{\"@type\":\"ListItem\",\"position\":2,\"name\":\"Rama: Njema\u010dka podr\u017eava \u201cOtvoreni Balkan\u201d, kona\u010dno se uklanja granica izme\u0111u Albanije i Kosova\"}]},{\"@type\":\"WebSite\",\"@id\":\"https:\\\/\\\/radioljubuski.ba\\\/#website\",\"url\":\"https:\\\/\\\/radioljubuski.ba\\\/\",\"name\":\"Radio Ljubu\u0161ki\",\"description\":\"Sun\u010dana frekvencija Hercegovine\",\"publisher\":{\"@id\":\"https:\\\/\\\/radioljubuski.ba\\\/#organization\"},\"potentialAction\":[{\"@type\":\"SearchAction\",\"target\":{\"@type\":\"EntryPoint\",\"urlTemplate\":\"https:\\\/\\\/radioljubuski.ba\\\/?s={search_term_string}\"},\"query-input\":{\"@type\":\"PropertyValueSpecification\",\"valueRequired\":true,\"valueName\":\"search_term_string\"}}],\"inLanguage\":\"hr\"},{\"@type\":\"Organization\",\"@id\":\"https:\\\/\\\/radioljubuski.ba\\\/#organization\",\"name\":\"Radio Ljubu\u0161ki\",\"url\":\"https:\\\/\\\/radioljubuski.ba\\\/\",\"logo\":{\"@type\":\"ImageObject\",\"inLanguage\":\"hr\",\"@id\":\"https:\\\/\\\/radioljubuski.ba\\\/#\\\/schema\\\/logo\\\/image\\\/\",\"url\":\"https:\\\/\\\/radioljubuski.ba\\\/wp-content\\\/uploads\\\/2021\\\/02\\\/cropped-Radio_Ljubuski_logo1.jpg\",\"contentUrl\":\"https:\\\/\\\/radioljubuski.ba\\\/wp-content\\\/uploads\\\/2021\\\/02\\\/cropped-Radio_Ljubuski_logo1.jpg\",\"width\":512,\"height\":512,\"caption\":\"Radio Ljubu\u0161ki\"},\"image\":{\"@id\":\"https:\\\/\\\/radioljubuski.ba\\\/#\\\/schema\\\/logo\\\/image\\\/\"},\"sameAs\":[\"https:\\\/\\\/www.facebook.com\\\/Radiio-Ljubuski-1490835324566332\",\"https:\\\/\\\/x.com\\\/radioljubuski\",\"https:\\\/\\\/hr.linkedin.com\\\/company\\\/radio-ljubuski\",\"https:\\\/\\\/www.youtube.com\\\/channel\\\/UCHYaeO_n0Db3tjNGudGpXyw\"]},{\"@type\":\"Person\",\"@id\":\"https:\\\/\\\/radioljubuski.ba\\\/#\\\/schema\\\/person\\\/19fc700381a780f69665d7956c469e3b\",\"name\":\"Radio Ljubu\u0161ki\"}]}<\/script>\n<!-- \/ Yoast SEO plugin. -->","yoast_head_json":{"title":"Rama: Njema\u010dka podr\u017eava \u201cOtvoreni Balkan\u201d, kona\u010dno se uklanja granica izme\u0111u Albanije i Kosova - RADIO LJUBU\u0160KI","robots":{"index":"index","follow":"follow","max-snippet":"max-snippet:-1","max-image-preview":"max-image-preview:large","max-video-preview":"max-video-preview:-1"},"canonical":"https:\/\/radioljubuski.ba\/index.php\/2021\/08\/12\/rama-njemacka-podrzava-otvoreni-balkan-konacno-se-uklanja-granica-izmedu-albanije-i-kosova\/","og_locale":"hr_HR","og_type":"article","og_title":"Rama: Njema\u010dka podr\u017eava \u201cOtvoreni Balkan\u201d, kona\u010dno se uklanja granica izme\u0111u Albanije i Kosova - RADIO LJUBU\u0160KI","og_description":"Albanski premijer Edi Rama rekao je da njema\u010dka vlada podr\u017eava inicijativu \u201cOtvoreni Balkan\u201d i poziva na potpisivanje sporazuma o zajedni\u010dkom regionalnom tr\u017ei\u0161tu prije Summita EU-Balkan 6. listopada. Rama je to objavio na Twitteru, dodaju\u0107i da su to divne vijesti i da je to suprotno onome \u0161to govore ljudima u Pri\u0161tini i Tirani. Naglasio je da [&hellip;]","og_url":"https:\/\/radioljubuski.ba\/index.php\/2021\/08\/12\/rama-njemacka-podrzava-otvoreni-balkan-konacno-se-uklanja-granica-izmedu-albanije-i-kosova\/","og_site_name":"RADIO LJUBU\u0160KI","article_publisher":"https:\/\/www.facebook.com\/Radiio-Ljubuski-1490835324566332","article_published_time":"2021-08-12T11:56:40+00:00","article_modified_time":"2021-08-12T11:56:42+00:00","og_image":[{"width":604,"height":345,"url":"https:\/\/radioljubuski.ba\/wp-content\/uploads\/2021\/08\/rama.png","type":"image\/png"}],"author":"Radio Ljubu\u0161ki","twitter_card":"summary_large_image","twitter_creator":"@radioljubuski","twitter_site":"@radioljubuski","twitter_misc":{"Napisao\/la":"Radio Ljubu\u0161ki","Procijenjeno vrijeme \u010ditanja":"2 minute"},"schema":{"@context":"https:\/\/schema.org","@graph":[{"@type":"Article","@id":"https:\/\/radioljubuski.ba\/index.php\/2021\/08\/12\/rama-njemacka-podrzava-otvoreni-balkan-konacno-se-uklanja-granica-izmedu-albanije-i-kosova\/#article","isPartOf":{"@id":"https:\/\/radioljubuski.ba\/index.php\/2021\/08\/12\/rama-njemacka-podrzava-otvoreni-balkan-konacno-se-uklanja-granica-izmedu-albanije-i-kosova\/"},"author":{"name":"Radio Ljubu\u0161ki","@id":"https:\/\/radioljubuski.ba\/#\/schema\/person\/19fc700381a780f69665d7956c469e3b"},"headline":"Rama: Njema\u010dka podr\u017eava \u201cOtvoreni Balkan\u201d, kona\u010dno se uklanja granica izme\u0111u Albanije i Kosova","datePublished":"2021-08-12T11:56:40+00:00","dateModified":"2021-08-12T11:56:42+00:00","mainEntityOfPage":{"@id":"https:\/\/radioljubuski.ba\/index.php\/2021\/08\/12\/rama-njemacka-podrzava-otvoreni-balkan-konacno-se-uklanja-granica-izmedu-albanije-i-kosova\/"},"wordCount":325,"publisher":{"@id":"https:\/\/radioljubuski.ba\/#organization"},"image":{"@id":"https:\/\/radioljubuski.ba\/index.php\/2021\/08\/12\/rama-njemacka-podrzava-otvoreni-balkan-konacno-se-uklanja-granica-izmedu-albanije-i-kosova\/#primaryimage"},"thumbnailUrl":"https:\/\/radioljubuski.ba\/wp-content\/uploads\/2021\/08\/rama.png","articleSection":["BIH i regija"],"inLanguage":"hr"},{"@type":"WebPage","@id":"https:\/\/radioljubuski.ba\/index.php\/2021\/08\/12\/rama-njemacka-podrzava-otvoreni-balkan-konacno-se-uklanja-granica-izmedu-albanije-i-kosova\/","url":"https:\/\/radioljubuski.ba\/index.php\/2021\/08\/12\/rama-njemacka-podrzava-otvoreni-balkan-konacno-se-uklanja-granica-izmedu-albanije-i-kosova\/","name":"Rama: Njema\u010dka podr\u017eava \u201cOtvoreni Balkan\u201d, kona\u010dno se uklanja granica izme\u0111u Albanije i Kosova - RADIO LJUBU\u0160KI","isPartOf":{"@id":"https:\/\/radioljubuski.ba\/#website"},"primaryImageOfPage":{"@id":"https:\/\/radioljubuski.ba\/index.php\/2021\/08\/12\/rama-njemacka-podrzava-otvoreni-balkan-konacno-se-uklanja-granica-izmedu-albanije-i-kosova\/#primaryimage"},"image":{"@id":"https:\/\/radioljubuski.ba\/index.php\/2021\/08\/12\/rama-njemacka-podrzava-otvoreni-balkan-konacno-se-uklanja-granica-izmedu-albanije-i-kosova\/#primaryimage"},"thumbnailUrl":"https:\/\/radioljubuski.ba\/wp-content\/uploads\/2021\/08\/rama.png","datePublished":"2021-08-12T11:56:40+00:00","dateModified":"2021-08-12T11:56:42+00:00","breadcrumb":{"@id":"https:\/\/radioljubuski.ba\/index.php\/2021\/08\/12\/rama-njemacka-podrzava-otvoreni-balkan-konacno-se-uklanja-granica-izmedu-albanije-i-kosova\/#breadcrumb"},"inLanguage":"hr","potentialAction":[{"@type":"ReadAction","target":["https:\/\/radioljubuski.ba\/index.php\/2021\/08\/12\/rama-njemacka-podrzava-otvoreni-balkan-konacno-se-uklanja-granica-izmedu-albanije-i-kosova\/"]}]},{"@type":"ImageObject","inLanguage":"hr","@id":"https:\/\/radioljubuski.ba\/index.php\/2021\/08\/12\/rama-njemacka-podrzava-otvoreni-balkan-konacno-se-uklanja-granica-izmedu-albanije-i-kosova\/#primaryimage","url":"https:\/\/radioljubuski.ba\/wp-content\/uploads\/2021\/08\/rama.png","contentUrl":"https:\/\/radioljubuski.ba\/wp-content\/uploads\/2021\/08\/rama.png","width":604,"height":345},{"@type":"BreadcrumbList","@id":"https:\/\/radioljubuski.ba\/index.php\/2021\/08\/12\/rama-njemacka-podrzava-otvoreni-balkan-konacno-se-uklanja-granica-izmedu-albanije-i-kosova\/#breadcrumb","itemListElement":[{"@type":"ListItem","position":1,"name":"Po\u010detna stranica","item":"https:\/\/radioljubuski.ba\/"},{"@type":"ListItem","position":2,"name":"Rama: Njema\u010dka podr\u017eava \u201cOtvoreni Balkan\u201d, kona\u010dno se uklanja granica izme\u0111u Albanije i Kosova"}]},{"@type":"WebSite","@id":"https:\/\/radioljubuski.ba\/#website","url":"https:\/\/radioljubuski.ba\/","name":"Radio Ljubu\u0161ki","description":"Sun\u010dana frekvencija Hercegovine","publisher":{"@id":"https:\/\/radioljubuski.ba\/#organization"},"potentialAction":[{"@type":"SearchAction","target":{"@type":"EntryPoint","urlTemplate":"https:\/\/radioljubuski.ba\/?s={search_term_string}"},"query-input":{"@type":"PropertyValueSpecification","valueRequired":true,"valueName":"search_term_string"}}],"inLanguage":"hr"},{"@type":"Organization","@id":"https:\/\/radioljubuski.ba\/#organization","name":"Radio Ljubu\u0161ki","url":"https:\/\/radioljubuski.ba\/","logo":{"@type":"ImageObject","inLanguage":"hr","@id":"https:\/\/radioljubuski.ba\/#\/schema\/logo\/image\/","url":"https:\/\/radioljubuski.ba\/wp-content\/uploads\/2021\/02\/cropped-Radio_Ljubuski_logo1.jpg","contentUrl":"https:\/\/radioljubuski.ba\/wp-content\/uploads\/2021\/02\/cropped-Radio_Ljubuski_logo1.jpg","width":512,"height":512,"caption":"Radio Ljubu\u0161ki"},"image":{"@id":"https:\/\/radioljubuski.ba\/#\/schema\/logo\/image\/"},"sameAs":["https:\/\/www.facebook.com\/Radiio-Ljubuski-1490835324566332","https:\/\/x.com\/radioljubuski","https:\/\/hr.linkedin.com\/company\/radio-ljubuski","https:\/\/www.youtube.com\/channel\/UCHYaeO_n0Db3tjNGudGpXyw"]},{"@type":"Person","@id":"https:\/\/radioljubuski.ba\/#\/schema\/person\/19fc700381a780f69665d7956c469e3b","name":"Radio Ljubu\u0161ki"}]}},"_links":{"self":[{"href":"https:\/\/radioljubuski.ba\/index.php\/wp-json\/wp\/v2\/posts\/52616","targetHints":{"allow":["GET"]}}],"collection":[{"href":"https:\/\/radioljubuski.ba\/index.php\/wp-json\/wp\/v2\/posts"}],"about":[{"href":"https:\/\/radioljubuski.ba\/index.php\/wp-json\/wp\/v2\/types\/post"}],"author":[{"embeddable":true,"href":"https:\/\/radioljubuski.ba\/index.php\/wp-json\/wp\/v2\/users\/2"}],"replies":[{"embeddable":true,"href":"https:\/\/radioljubuski.ba\/index.php\/wp-json\/wp\/v2\/comments?post=52616"}],"version-history":[{"count":1,"href":"https:\/\/radioljubuski.ba\/index.php\/wp-json\/wp\/v2\/posts\/52616\/revisions"}],"predecessor-version":[{"id":52618,"href":"https:\/\/radioljubuski.ba\/index.php\/wp-json\/wp\/v2\/posts\/52616\/revisions\/52618"}],"wp:featuredmedia":[{"embeddable":true,"href":"https:\/\/radioljubuski.ba\/index.php\/wp-json\/wp\/v2\/media\/52617"}],"wp:attachment":[{"href":"https:\/\/radioljubuski.ba\/index.php\/wp-json\/wp\/v2\/media?parent=52616"}],"wp:term":[{"taxonomy":"category","embeddable":true,"href":"https:\/\/radioljubuski.ba\/index.php\/wp-json\/wp\/v2\/categories?post=52616"},{"taxonomy":"post_tag","embeddable":true,"href":"https:\/\/radioljubuski.ba\/index.php\/wp-json\/wp\/v2\/tags?post=52616"}],"curies":[{"name":"wp","href":"https:\/\/api.w.org\/{rel}","templated":true}]}}