{"id":52634,"date":"2021-08-12T13:06:19","date_gmt":"2021-08-12T12:06:19","guid":{"rendered":"https:\/\/radioljubuski.ba\/?p=52634"},"modified":"2021-08-12T13:06:21","modified_gmt":"2021-08-12T12:06:21","slug":"sud-bih-pustio-vinka-martinovica-stelu-na-slobodu-oduzeta-mu-putovnica","status":"publish","type":"post","link":"https:\/\/radioljubuski.ba\/index.php\/2021\/08\/12\/sud-bih-pustio-vinka-martinovica-stelu-na-slobodu-oduzeta-mu-putovnica\/","title":{"rendered":"Sud BiH pustio Vinka Martinovi\u0107a \u0160telu na slobodu, oduzeta mu putovnica"},"content":{"rendered":"\n<p>Sud BiH je na dana\u0161njem ro\u010di\u0161tu odlu\u010dio da se uhi\u0107eni Vinko Martinovi\u0107 \u0160tela pusti na slobodu iz odre\u0111ene mjere zabrane.<\/p>\n\n\n\n<p>Sudac Goran Radevi\u0107 rekao je da se Martinovi\u0107u ne\u0107e odrediti privremeni pritvor, te da on ne odlu\u010duje o izru\u010denju.<\/p>\n\n\n\n<p>&#8211; Martinovi\u0107u se oduzimaju svi putni dokumenti, te mu se zabranjuje napu\u0161tanje BiH. Kona\u010dnu odluku o izru\u010denji donosi dr\u017eavni ministar pravde &#8211; rekao je Radevi\u0107, pi\u0161e <a href=\"https:\/\/avaz.ba\/vijesti\/bih\/673392\/sud-bih-pustio-vinka-martinovica-stelu-na-slobodu-oduzet-mu-pasos\" target=\"_blank\" rel=\"noreferrer noopener\">Avaz<\/a><\/p>\n\n\n\n<p>Podsje\u0107amo, pripadnici Agencije za istrage i za\u0161titu (SIPA) ju\u010der su Mostaru uhitili Vinka Martinovi\u0107a \u0160telu za kojim je bila raspisana potjernica iz Hrvatske zbog ubojstva Jasmine \u0110uki\u0107 u Mostaru 1996. godine.<\/p>\n\n\n\n<p>Martinovi\u0107 je od 2016. godine bio nedostupan hrvatskom pravosu\u0111u jer je uspio pobje\u0107i iz zemlje svega nekoliko sati prije izricanja presude.<\/p>\n\n\n\n<p>Hrvatska je tada raspisala me\u0111unarodnu potjernicu. Martinovi\u0107 je dr\u017eavljanin BiH i Hrvatske.&nbsp;<\/p>\n\n\n\n<p>Izvor:avaz.ba<\/p>\n","protected":false},"excerpt":{"rendered":"<p>Sud BiH je na dana\u0161njem ro\u010di\u0161tu odlu\u010dio da se uhi\u0107eni Vinko Martinovi\u0107 \u0160tela pusti na slobodu iz odre\u0111ene mjere zabrane. Sudac Goran Radevi\u0107 rekao je da se Martinovi\u0107u ne\u0107e odrediti privremeni pritvor, te da on ne odlu\u010duje o izru\u010denju. &#8211; Martinovi\u0107u se oduzimaju svi putni dokumenti, te mu se zabranjuje napu\u0161tanje BiH. Kona\u010dnu odluku o [&hellip;]<\/p>\n","protected":false},"author":2,"featured_media":52635,"comment_status":"closed","ping_status":"closed","sticky":false,"template":"","format":"standard","meta":{"h5ap_radio_sources":[],"footnotes":""},"categories":[1],"tags":[],"class_list":["post-52634","post","type-post","status-publish","format-standard","has-post-thumbnail","hentry","category-bihiregija"],"yoast_head":"<!-- This site is optimized with the Yoast SEO plugin v27.4 - https:\/\/yoast.com\/product\/yoast-seo-wordpress\/ -->\n<title>Sud BiH pustio Vinka Martinovi\u0107a \u0160telu na slobodu, oduzeta mu putovnica - RADIO LJUBU\u0160KI<\/title>\n<meta name=\"robots\" content=\"index, follow, max-snippet:-1, max-image-preview:large, max-video-preview:-1\" \/>\n<link rel=\"canonical\" href=\"https:\/\/radioljubuski.ba\/index.php\/2021\/08\/12\/sud-bih-pustio-vinka-martinovica-stelu-na-slobodu-oduzeta-mu-putovnica\/\" \/>\n<meta property=\"og:locale\" content=\"hr_HR\" \/>\n<meta property=\"og:type\" content=\"article\" \/>\n<meta property=\"og:title\" content=\"Sud BiH pustio Vinka Martinovi\u0107a \u0160telu na slobodu, oduzeta mu putovnica - RADIO LJUBU\u0160KI\" \/>\n<meta property=\"og:description\" content=\"Sud BiH je na dana\u0161njem ro\u010di\u0161tu odlu\u010dio da se uhi\u0107eni Vinko Martinovi\u0107 \u0160tela pusti na slobodu iz odre\u0111ene mjere zabrane. Sudac Goran Radevi\u0107 rekao je da se Martinovi\u0107u ne\u0107e odrediti privremeni pritvor, te da on ne odlu\u010duje o izru\u010denju. &#8211; Martinovi\u0107u se oduzimaju svi putni dokumenti, te mu se zabranjuje napu\u0161tanje BiH. Kona\u010dnu odluku o [&hellip;]\" \/>\n<meta property=\"og:url\" content=\"https:\/\/radioljubuski.ba\/index.php\/2021\/08\/12\/sud-bih-pustio-vinka-martinovica-stelu-na-slobodu-oduzeta-mu-putovnica\/\" \/>\n<meta property=\"og:site_name\" content=\"RADIO LJUBU\u0160KI\" \/>\n<meta property=\"article:publisher\" content=\"https:\/\/www.facebook.com\/Radiio-Ljubuski-1490835324566332\" \/>\n<meta property=\"article:published_time\" content=\"2021-08-12T12:06:19+00:00\" \/>\n<meta property=\"article:modified_time\" content=\"2021-08-12T12:06:21+00:00\" \/>\n<meta property=\"og:image\" content=\"https:\/\/radioljubuski.ba\/wp-content\/uploads\/2021\/08\/2-2021-08-12-13-33-36-vinko-martinovic-stela.jpg\" \/>\n\t<meta property=\"og:image:width\" content=\"1000\" \/>\n\t<meta property=\"og:image:height\" content=\"625\" \/>\n\t<meta property=\"og:image:type\" content=\"image\/jpeg\" \/>\n<meta name=\"author\" content=\"Radio Ljubu\u0161ki\" \/>\n<meta name=\"twitter:card\" content=\"summary_large_image\" \/>\n<meta name=\"twitter:creator\" content=\"@radioljubuski\" \/>\n<meta name=\"twitter:site\" content=\"@radioljubuski\" \/>\n<meta name=\"twitter:label1\" content=\"Napisao\/la\" \/>\n\t<meta name=\"twitter:data1\" content=\"Radio Ljubu\u0161ki\" \/>\n\t<meta name=\"twitter:label2\" content=\"Procijenjeno vrijeme \u010ditanja\" \/>\n\t<meta name=\"twitter:data2\" content=\"1 minuta\" \/>\n<script type=\"application\/ld+json\" class=\"yoast-schema-graph\">{\"@context\":\"https:\\\/\\\/schema.org\",\"@graph\":[{\"@type\":\"Article\",\"@id\":\"https:\\\/\\\/radioljubuski.ba\\\/index.php\\\/2021\\\/08\\\/12\\\/sud-bih-pustio-vinka-martinovica-stelu-na-slobodu-oduzeta-mu-putovnica\\\/#article\",\"isPartOf\":{\"@id\":\"https:\\\/\\\/radioljubuski.ba\\\/index.php\\\/2021\\\/08\\\/12\\\/sud-bih-pustio-vinka-martinovica-stelu-na-slobodu-oduzeta-mu-putovnica\\\/\"},\"author\":{\"name\":\"Radio Ljubu\u0161ki\",\"@id\":\"https:\\\/\\\/radioljubuski.ba\\\/#\\\/schema\\\/person\\\/19fc700381a780f69665d7956c469e3b\"},\"headline\":\"Sud BiH pustio Vinka Martinovi\u0107a \u0160telu na slobodu, oduzeta mu putovnica\",\"datePublished\":\"2021-08-12T12:06:19+00:00\",\"dateModified\":\"2021-08-12T12:06:21+00:00\",\"mainEntityOfPage\":{\"@id\":\"https:\\\/\\\/radioljubuski.ba\\\/index.php\\\/2021\\\/08\\\/12\\\/sud-bih-pustio-vinka-martinovica-stelu-na-slobodu-oduzeta-mu-putovnica\\\/\"},\"wordCount\":168,\"publisher\":{\"@id\":\"https:\\\/\\\/radioljubuski.ba\\\/#organization\"},\"image\":{\"@id\":\"https:\\\/\\\/radioljubuski.ba\\\/index.php\\\/2021\\\/08\\\/12\\\/sud-bih-pustio-vinka-martinovica-stelu-na-slobodu-oduzeta-mu-putovnica\\\/#primaryimage\"},\"thumbnailUrl\":\"https:\\\/\\\/radioljubuski.ba\\\/wp-content\\\/uploads\\\/2021\\\/08\\\/2-2021-08-12-13-33-36-vinko-martinovic-stela.jpg\",\"articleSection\":[\"BIH i regija\"],\"inLanguage\":\"hr\"},{\"@type\":\"WebPage\",\"@id\":\"https:\\\/\\\/radioljubuski.ba\\\/index.php\\\/2021\\\/08\\\/12\\\/sud-bih-pustio-vinka-martinovica-stelu-na-slobodu-oduzeta-mu-putovnica\\\/\",\"url\":\"https:\\\/\\\/radioljubuski.ba\\\/index.php\\\/2021\\\/08\\\/12\\\/sud-bih-pustio-vinka-martinovica-stelu-na-slobodu-oduzeta-mu-putovnica\\\/\",\"name\":\"Sud BiH pustio Vinka Martinovi\u0107a \u0160telu na slobodu, oduzeta mu putovnica - RADIO LJUBU\u0160KI\",\"isPartOf\":{\"@id\":\"https:\\\/\\\/radioljubuski.ba\\\/#website\"},\"primaryImageOfPage\":{\"@id\":\"https:\\\/\\\/radioljubuski.ba\\\/index.php\\\/2021\\\/08\\\/12\\\/sud-bih-pustio-vinka-martinovica-stelu-na-slobodu-oduzeta-mu-putovnica\\\/#primaryimage\"},\"image\":{\"@id\":\"https:\\\/\\\/radioljubuski.ba\\\/index.php\\\/2021\\\/08\\\/12\\\/sud-bih-pustio-vinka-martinovica-stelu-na-slobodu-oduzeta-mu-putovnica\\\/#primaryimage\"},\"thumbnailUrl\":\"https:\\\/\\\/radioljubuski.ba\\\/wp-content\\\/uploads\\\/2021\\\/08\\\/2-2021-08-12-13-33-36-vinko-martinovic-stela.jpg\",\"datePublished\":\"2021-08-12T12:06:19+00:00\",\"dateModified\":\"2021-08-12T12:06:21+00:00\",\"breadcrumb\":{\"@id\":\"https:\\\/\\\/radioljubuski.ba\\\/index.php\\\/2021\\\/08\\\/12\\\/sud-bih-pustio-vinka-martinovica-stelu-na-slobodu-oduzeta-mu-putovnica\\\/#breadcrumb\"},\"inLanguage\":\"hr\",\"potentialAction\":[{\"@type\":\"ReadAction\",\"target\":[\"https:\\\/\\\/radioljubuski.ba\\\/index.php\\\/2021\\\/08\\\/12\\\/sud-bih-pustio-vinka-martinovica-stelu-na-slobodu-oduzeta-mu-putovnica\\\/\"]}]},{\"@type\":\"ImageObject\",\"inLanguage\":\"hr\",\"@id\":\"https:\\\/\\\/radioljubuski.ba\\\/index.php\\\/2021\\\/08\\\/12\\\/sud-bih-pustio-vinka-martinovica-stelu-na-slobodu-oduzeta-mu-putovnica\\\/#primaryimage\",\"url\":\"https:\\\/\\\/radioljubuski.ba\\\/wp-content\\\/uploads\\\/2021\\\/08\\\/2-2021-08-12-13-33-36-vinko-martinovic-stela.jpg\",\"contentUrl\":\"https:\\\/\\\/radioljubuski.ba\\\/wp-content\\\/uploads\\\/2021\\\/08\\\/2-2021-08-12-13-33-36-vinko-martinovic-stela.jpg\",\"width\":1000,\"height\":625},{\"@type\":\"BreadcrumbList\",\"@id\":\"https:\\\/\\\/radioljubuski.ba\\\/index.php\\\/2021\\\/08\\\/12\\\/sud-bih-pustio-vinka-martinovica-stelu-na-slobodu-oduzeta-mu-putovnica\\\/#breadcrumb\",\"itemListElement\":[{\"@type\":\"ListItem\",\"position\":1,\"name\":\"Po\u010detna stranica\",\"item\":\"https:\\\/\\\/radioljubuski.ba\\\/\"},{\"@type\":\"ListItem\",\"position\":2,\"name\":\"Sud BiH pustio Vinka Martinovi\u0107a \u0160telu na slobodu, oduzeta mu putovnica\"}]},{\"@type\":\"WebSite\",\"@id\":\"https:\\\/\\\/radioljubuski.ba\\\/#website\",\"url\":\"https:\\\/\\\/radioljubuski.ba\\\/\",\"name\":\"Radio Ljubu\u0161ki\",\"description\":\"Sun\u010dana frekvencija Hercegovine\",\"publisher\":{\"@id\":\"https:\\\/\\\/radioljubuski.ba\\\/#organization\"},\"potentialAction\":[{\"@type\":\"SearchAction\",\"target\":{\"@type\":\"EntryPoint\",\"urlTemplate\":\"https:\\\/\\\/radioljubuski.ba\\\/?s={search_term_string}\"},\"query-input\":{\"@type\":\"PropertyValueSpecification\",\"valueRequired\":true,\"valueName\":\"search_term_string\"}}],\"inLanguage\":\"hr\"},{\"@type\":\"Organization\",\"@id\":\"https:\\\/\\\/radioljubuski.ba\\\/#organization\",\"name\":\"Radio Ljubu\u0161ki\",\"url\":\"https:\\\/\\\/radioljubuski.ba\\\/\",\"logo\":{\"@type\":\"ImageObject\",\"inLanguage\":\"hr\",\"@id\":\"https:\\\/\\\/radioljubuski.ba\\\/#\\\/schema\\\/logo\\\/image\\\/\",\"url\":\"https:\\\/\\\/radioljubuski.ba\\\/wp-content\\\/uploads\\\/2021\\\/02\\\/cropped-Radio_Ljubuski_logo1.jpg\",\"contentUrl\":\"https:\\\/\\\/radioljubuski.ba\\\/wp-content\\\/uploads\\\/2021\\\/02\\\/cropped-Radio_Ljubuski_logo1.jpg\",\"width\":512,\"height\":512,\"caption\":\"Radio Ljubu\u0161ki\"},\"image\":{\"@id\":\"https:\\\/\\\/radioljubuski.ba\\\/#\\\/schema\\\/logo\\\/image\\\/\"},\"sameAs\":[\"https:\\\/\\\/www.facebook.com\\\/Radiio-Ljubuski-1490835324566332\",\"https:\\\/\\\/x.com\\\/radioljubuski\",\"https:\\\/\\\/hr.linkedin.com\\\/company\\\/radio-ljubuski\",\"https:\\\/\\\/www.youtube.com\\\/channel\\\/UCHYaeO_n0Db3tjNGudGpXyw\"]},{\"@type\":\"Person\",\"@id\":\"https:\\\/\\\/radioljubuski.ba\\\/#\\\/schema\\\/person\\\/19fc700381a780f69665d7956c469e3b\",\"name\":\"Radio Ljubu\u0161ki\"}]}<\/script>\n<!-- \/ Yoast SEO plugin. -->","yoast_head_json":{"title":"Sud BiH pustio Vinka Martinovi\u0107a \u0160telu na slobodu, oduzeta mu putovnica - RADIO LJUBU\u0160KI","robots":{"index":"index","follow":"follow","max-snippet":"max-snippet:-1","max-image-preview":"max-image-preview:large","max-video-preview":"max-video-preview:-1"},"canonical":"https:\/\/radioljubuski.ba\/index.php\/2021\/08\/12\/sud-bih-pustio-vinka-martinovica-stelu-na-slobodu-oduzeta-mu-putovnica\/","og_locale":"hr_HR","og_type":"article","og_title":"Sud BiH pustio Vinka Martinovi\u0107a \u0160telu na slobodu, oduzeta mu putovnica - RADIO LJUBU\u0160KI","og_description":"Sud BiH je na dana\u0161njem ro\u010di\u0161tu odlu\u010dio da se uhi\u0107eni Vinko Martinovi\u0107 \u0160tela pusti na slobodu iz odre\u0111ene mjere zabrane. Sudac Goran Radevi\u0107 rekao je da se Martinovi\u0107u ne\u0107e odrediti privremeni pritvor, te da on ne odlu\u010duje o izru\u010denju. &#8211; Martinovi\u0107u se oduzimaju svi putni dokumenti, te mu se zabranjuje napu\u0161tanje BiH. Kona\u010dnu odluku o [&hellip;]","og_url":"https:\/\/radioljubuski.ba\/index.php\/2021\/08\/12\/sud-bih-pustio-vinka-martinovica-stelu-na-slobodu-oduzeta-mu-putovnica\/","og_site_name":"RADIO LJUBU\u0160KI","article_publisher":"https:\/\/www.facebook.com\/Radiio-Ljubuski-1490835324566332","article_published_time":"2021-08-12T12:06:19+00:00","article_modified_time":"2021-08-12T12:06:21+00:00","og_image":[{"width":1000,"height":625,"url":"https:\/\/radioljubuski.ba\/wp-content\/uploads\/2021\/08\/2-2021-08-12-13-33-36-vinko-martinovic-stela.jpg","type":"image\/jpeg"}],"author":"Radio Ljubu\u0161ki","twitter_card":"summary_large_image","twitter_creator":"@radioljubuski","twitter_site":"@radioljubuski","twitter_misc":{"Napisao\/la":"Radio Ljubu\u0161ki","Procijenjeno vrijeme \u010ditanja":"1 minuta"},"schema":{"@context":"https:\/\/schema.org","@graph":[{"@type":"Article","@id":"https:\/\/radioljubuski.ba\/index.php\/2021\/08\/12\/sud-bih-pustio-vinka-martinovica-stelu-na-slobodu-oduzeta-mu-putovnica\/#article","isPartOf":{"@id":"https:\/\/radioljubuski.ba\/index.php\/2021\/08\/12\/sud-bih-pustio-vinka-martinovica-stelu-na-slobodu-oduzeta-mu-putovnica\/"},"author":{"name":"Radio Ljubu\u0161ki","@id":"https:\/\/radioljubuski.ba\/#\/schema\/person\/19fc700381a780f69665d7956c469e3b"},"headline":"Sud BiH pustio Vinka Martinovi\u0107a \u0160telu na slobodu, oduzeta mu putovnica","datePublished":"2021-08-12T12:06:19+00:00","dateModified":"2021-08-12T12:06:21+00:00","mainEntityOfPage":{"@id":"https:\/\/radioljubuski.ba\/index.php\/2021\/08\/12\/sud-bih-pustio-vinka-martinovica-stelu-na-slobodu-oduzeta-mu-putovnica\/"},"wordCount":168,"publisher":{"@id":"https:\/\/radioljubuski.ba\/#organization"},"image":{"@id":"https:\/\/radioljubuski.ba\/index.php\/2021\/08\/12\/sud-bih-pustio-vinka-martinovica-stelu-na-slobodu-oduzeta-mu-putovnica\/#primaryimage"},"thumbnailUrl":"https:\/\/radioljubuski.ba\/wp-content\/uploads\/2021\/08\/2-2021-08-12-13-33-36-vinko-martinovic-stela.jpg","articleSection":["BIH i regija"],"inLanguage":"hr"},{"@type":"WebPage","@id":"https:\/\/radioljubuski.ba\/index.php\/2021\/08\/12\/sud-bih-pustio-vinka-martinovica-stelu-na-slobodu-oduzeta-mu-putovnica\/","url":"https:\/\/radioljubuski.ba\/index.php\/2021\/08\/12\/sud-bih-pustio-vinka-martinovica-stelu-na-slobodu-oduzeta-mu-putovnica\/","name":"Sud BiH pustio Vinka Martinovi\u0107a \u0160telu na slobodu, oduzeta mu putovnica - RADIO LJUBU\u0160KI","isPartOf":{"@id":"https:\/\/radioljubuski.ba\/#website"},"primaryImageOfPage":{"@id":"https:\/\/radioljubuski.ba\/index.php\/2021\/08\/12\/sud-bih-pustio-vinka-martinovica-stelu-na-slobodu-oduzeta-mu-putovnica\/#primaryimage"},"image":{"@id":"https:\/\/radioljubuski.ba\/index.php\/2021\/08\/12\/sud-bih-pustio-vinka-martinovica-stelu-na-slobodu-oduzeta-mu-putovnica\/#primaryimage"},"thumbnailUrl":"https:\/\/radioljubuski.ba\/wp-content\/uploads\/2021\/08\/2-2021-08-12-13-33-36-vinko-martinovic-stela.jpg","datePublished":"2021-08-12T12:06:19+00:00","dateModified":"2021-08-12T12:06:21+00:00","breadcrumb":{"@id":"https:\/\/radioljubuski.ba\/index.php\/2021\/08\/12\/sud-bih-pustio-vinka-martinovica-stelu-na-slobodu-oduzeta-mu-putovnica\/#breadcrumb"},"inLanguage":"hr","potentialAction":[{"@type":"ReadAction","target":["https:\/\/radioljubuski.ba\/index.php\/2021\/08\/12\/sud-bih-pustio-vinka-martinovica-stelu-na-slobodu-oduzeta-mu-putovnica\/"]}]},{"@type":"ImageObject","inLanguage":"hr","@id":"https:\/\/radioljubuski.ba\/index.php\/2021\/08\/12\/sud-bih-pustio-vinka-martinovica-stelu-na-slobodu-oduzeta-mu-putovnica\/#primaryimage","url":"https:\/\/radioljubuski.ba\/wp-content\/uploads\/2021\/08\/2-2021-08-12-13-33-36-vinko-martinovic-stela.jpg","contentUrl":"https:\/\/radioljubuski.ba\/wp-content\/uploads\/2021\/08\/2-2021-08-12-13-33-36-vinko-martinovic-stela.jpg","width":1000,"height":625},{"@type":"BreadcrumbList","@id":"https:\/\/radioljubuski.ba\/index.php\/2021\/08\/12\/sud-bih-pustio-vinka-martinovica-stelu-na-slobodu-oduzeta-mu-putovnica\/#breadcrumb","itemListElement":[{"@type":"ListItem","position":1,"name":"Po\u010detna stranica","item":"https:\/\/radioljubuski.ba\/"},{"@type":"ListItem","position":2,"name":"Sud BiH pustio Vinka Martinovi\u0107a \u0160telu na slobodu, oduzeta mu putovnica"}]},{"@type":"WebSite","@id":"https:\/\/radioljubuski.ba\/#website","url":"https:\/\/radioljubuski.ba\/","name":"Radio Ljubu\u0161ki","description":"Sun\u010dana frekvencija Hercegovine","publisher":{"@id":"https:\/\/radioljubuski.ba\/#organization"},"potentialAction":[{"@type":"SearchAction","target":{"@type":"EntryPoint","urlTemplate":"https:\/\/radioljubuski.ba\/?s={search_term_string}"},"query-input":{"@type":"PropertyValueSpecification","valueRequired":true,"valueName":"search_term_string"}}],"inLanguage":"hr"},{"@type":"Organization","@id":"https:\/\/radioljubuski.ba\/#organization","name":"Radio Ljubu\u0161ki","url":"https:\/\/radioljubuski.ba\/","logo":{"@type":"ImageObject","inLanguage":"hr","@id":"https:\/\/radioljubuski.ba\/#\/schema\/logo\/image\/","url":"https:\/\/radioljubuski.ba\/wp-content\/uploads\/2021\/02\/cropped-Radio_Ljubuski_logo1.jpg","contentUrl":"https:\/\/radioljubuski.ba\/wp-content\/uploads\/2021\/02\/cropped-Radio_Ljubuski_logo1.jpg","width":512,"height":512,"caption":"Radio Ljubu\u0161ki"},"image":{"@id":"https:\/\/radioljubuski.ba\/#\/schema\/logo\/image\/"},"sameAs":["https:\/\/www.facebook.com\/Radiio-Ljubuski-1490835324566332","https:\/\/x.com\/radioljubuski","https:\/\/hr.linkedin.com\/company\/radio-ljubuski","https:\/\/www.youtube.com\/channel\/UCHYaeO_n0Db3tjNGudGpXyw"]},{"@type":"Person","@id":"https:\/\/radioljubuski.ba\/#\/schema\/person\/19fc700381a780f69665d7956c469e3b","name":"Radio Ljubu\u0161ki"}]}},"_links":{"self":[{"href":"https:\/\/radioljubuski.ba\/index.php\/wp-json\/wp\/v2\/posts\/52634","targetHints":{"allow":["GET"]}}],"collection":[{"href":"https:\/\/radioljubuski.ba\/index.php\/wp-json\/wp\/v2\/posts"}],"about":[{"href":"https:\/\/radioljubuski.ba\/index.php\/wp-json\/wp\/v2\/types\/post"}],"author":[{"embeddable":true,"href":"https:\/\/radioljubuski.ba\/index.php\/wp-json\/wp\/v2\/users\/2"}],"replies":[{"embeddable":true,"href":"https:\/\/radioljubuski.ba\/index.php\/wp-json\/wp\/v2\/comments?post=52634"}],"version-history":[{"count":1,"href":"https:\/\/radioljubuski.ba\/index.php\/wp-json\/wp\/v2\/posts\/52634\/revisions"}],"predecessor-version":[{"id":52636,"href":"https:\/\/radioljubuski.ba\/index.php\/wp-json\/wp\/v2\/posts\/52634\/revisions\/52636"}],"wp:featuredmedia":[{"embeddable":true,"href":"https:\/\/radioljubuski.ba\/index.php\/wp-json\/wp\/v2\/media\/52635"}],"wp:attachment":[{"href":"https:\/\/radioljubuski.ba\/index.php\/wp-json\/wp\/v2\/media?parent=52634"}],"wp:term":[{"taxonomy":"category","embeddable":true,"href":"https:\/\/radioljubuski.ba\/index.php\/wp-json\/wp\/v2\/categories?post=52634"},{"taxonomy":"post_tag","embeddable":true,"href":"https:\/\/radioljubuski.ba\/index.php\/wp-json\/wp\/v2\/tags?post=52634"}],"curies":[{"name":"wp","href":"https:\/\/api.w.org\/{rel}","templated":true}]}}