{"id":52639,"date":"2021-08-12T13:18:10","date_gmt":"2021-08-12T12:18:10","guid":{"rendered":"https:\/\/radioljubuski.ba\/?p=52639"},"modified":"2021-08-12T13:18:12","modified_gmt":"2021-08-12T12:18:12","slug":"tko-u-bih-trazi-odgovornost-14-casnika-hv-a-dva-odvojena-istupa-mogla-bi-dati-odgovor-iz-cije-je-kuhinje-potekla-prica","status":"publish","type":"post","link":"https:\/\/radioljubuski.ba\/index.php\/2021\/08\/12\/tko-u-bih-trazi-odgovornost-14-casnika-hv-a-dva-odvojena-istupa-mogla-bi-dati-odgovor-iz-cije-je-kuhinje-potekla-prica\/","title":{"rendered":"Tko u BiH tra\u017ei odgovornost 14 \u010dasnika HV-a? Dva odvojena istupa mogla bi dati odgovor iz \u010dije je kuhinje potekla pri\u010da"},"content":{"rendered":"\n<p><strong>Dva odvojena istupa politi\u010dkih \u010delnika Bo\u0161njaka i Srba iz Bosne i Hercegovine, Bakira Izetbegovi\u0107a i Milorada Dodika, mo\u017eda bi najbolje mogla dati odgovor iz \u010dije je kuhinje potekla najnovija pri\u010da o mogu\u0107oj odgovornosti 14 visokih \u010dasnika Hrvatske vojske za navodne zlo\u010dine u akciji &#8220;Bljesak&#8221;.<\/strong><\/p>\n\n\n\n<p>I dok se srpski \u010dlan Predsjedni\u0161tva BiH u Beogradu na tribini o &#8220;Inzkovom zakonu&#8221;, kojim je uvedena zakonska zabrana negiranja genocida u Srebrenici, ogra\u0111ivao od postupka Tu\u017eiteljstva BiH i sve nazvao podvalom, dotle se <strong>Bakir Izetbegovi\u0107<\/strong> na jednom strana\u010dkom skupu SDA hvalio, me\u0111u ostalim, smjenom glavne tu\u017eiteljice <strong>Gordane Tadi\u0107<\/strong>, iz \u010dijeg je kabineta i odaslan u Zagreb zahtjev za me\u0111unarodnu pravnu pomo\u0107.<\/p>\n\n\n\n<p>\u2013 To je stvar Tu\u017eiteljstva, to sve previ\u0161e kasni, neki od njih su umrli, nisu \u017eivi. Mi nismo ni obavije\u0161teni o tome, niti bilo \u0161to znamo o tome \u2013 naveo je Dodik, za kojeg su Sud BiH i Tu\u017eiteljstvo nelegalni, a sve &#8220;jedna klackalica u kojoj se ni\u0161ta ne\u0107e desiti&#8221;.<\/p>\n\n\n\n<h2 class=\"wp-block-heading\">\u0160to se \u010dekalo?<\/h2>\n\n\n\n<p>\u2013 Mi se trebamo ovdje izja\u0161njavati &#8220;za&#8221; ili &#8220;protiv&#8221;. Ja nemam povjerenja u Sud i Tu\u017eiteljstvo ni u \u010demu, pa ni u tome. Mislim da je i ovo podvala, jer postavlja se logi\u010dno pitanje: za\u0161to to niste u\u010dinili prije pet, \u0161est, deset godina? \u0160to sada radite? O \u010demu se radi? Koliko znam, s one liste tri generala su ve\u0107 mrtva \u2013 jo\u0161 je rekao Dodik.<\/p>\n\n\n\n<p>U isto vrijeme Izetbegovi\u0107 je nazo\u010dio strana\u010dkoj proslavi u Kaknju, koja je na vrhuncu krize unutar SDA, uzdrmane \u010ditavim nizom afera i pravosudnih postupaka, gdje su svakako najzna\u010dajniji oni protiv njemu bliskih <strong>Sebije Izetbegovi\u0107 <\/strong>i <strong>Osmana Mehmedagi\u0107a<\/strong>, \u0161efa obavje\u0161tajne zajednice, i to zbog muljanja s ispitima i diplomama, kao i federalnog premijera <strong>Fadila Novali\u0107a<\/strong>, optu\u017eenog za kupnju neadekvatnih respiratora na po\u010detku pandemije.<\/p>\n\n\n\n<p>Bakiru je, kao i mnogo puta do sada, jako stalo uvjeriti stranku i narod da oni no\u0107 i dan rade protiv &#8220;razbija\u010da dr\u017eave&#8221;, pa je tako naredao navodne uspjehe koje su se nanizali u posljednje vrijeme: nastavak NATO puta, imenovanje novog saziva Sredi\u0161nje izborne komisije (CIK) BiH, skidanje plo\u010de s imenom <strong>Radovana Karad\u017ei\u0107a<\/strong> na Palama, izmje\u0161tanje crkve iz dvori\u0161ta <strong>Fate Orlovi\u0107<\/strong>, popunjavanje Ustavnog suda BiH imenovanjem stranog suca, odr\u017eavanje NATO vje\u017ebe na Manja\u010di, rezolucije o osudi genocida usvojene u Crnoj Gori i Kosovu, smjenu predsjednika Visokog sudskog i tu\u017eiteljskog vije\u0107a (VSTV) BiH <strong>Milana Tegeltije<\/strong>, ali i glavne tu\u017eiteljice Tu\u017eila\u0161tva BiH <strong>Gordane Tadi\u0107<\/strong>. Svjesno ili nesvjesno, Izetbegovi\u0107 je time priznao ofenzivu na pravosudne institucije u BiH.<\/p>\n\n\n\n<p>\u2013 Me\u0111unarodna zajednica je odlu\u010dila da se suprotstavi destruktivnoj politici predsjednika SNSD-a. Uporno djelovanje SDA, u zemlji i inozemstvu, pomoglo je da se stvori nova odlu\u010dnost kojoj svjedo\u010dimo \u2013 poru\u010dio je predsjednik SDA i u tom kontekstu pohvalio ulogu svojih kadrova u Predsjedni\u0161tvu BiH, Ministarstvu vanjskih poslova, veleposlanstvima i ostalim institucijama &#8220;na aktivnom lobiranju koje je dalo rezultat&#8221;.<\/p>\n\n\n\n<p>A kako se to radilo svih ovih godina u praksi, pokazalo je najnovije izvje\u0161\u0107e Ureda za reviziju institucija BiH. U njemu je izneseno vi\u0161e zamjerki zbog kr\u0161enja internih propisa i zakona u samom Predsjedni\u0161tvu BiH, i to konkretno onog nelegitimnog hrvatskog \u010dlana \u017deljka Kom\u0161i\u0107a, koji je izabran glasovima Bo\u0161njaka.<\/p>\n\n\n\n<h2 class=\"wp-block-heading\">Kom\u0161i\u0107 anga\u017eirao Pilsela<\/h2>\n\n\n\n<p>\u2013 Analizom tro\u0161kova nastalih na temelju ugovora o djelu nismo se mogli uvjeriti kako su tro\u0161kovi za ugovore o djelu u uredu broj 3 u ukupnom iznosu od 39 tisu\u0107a maraka opravdani. Naime, jedna osoba anga\u017eirana je putem ugovora o djelu tijekom cijele godine za mjese\u010dnu naknadu u iznosu od 2000 maraka, a za poslove regionalnog politi\u010dkog analiti\u010dara. Pla\u0107anje se vr\u0161ilo mjese\u010dno u eurima putem inozemne doznake. Druga osoba je anga\u017eirana za mjese\u010dnu naknadu od 1250 maraka, tako\u0111er cijelu godinu, a za poslove logistike u Uredu \u010dasnika za vezu \u2013 navodi se u revizijskom izvije\u0161\u0107u.<\/p>\n\n\n\n<p>Iako se ime i prezime analiti\u010dara ne spominju, Ve\u010dernji list u svom izdanju za BiH otkriva kako se radi o <strong>Dragi Pilselu<\/strong>, hrvatskom novinaru i publicistu, kojeg je anga\u017eirao upravo Kom\u0161i\u0107.<\/p>\n\n\n\n<p>\u2013 Nemam ugovor s \u010dlanom Predsjedni\u0161tva BiH. Imao jesam \u2013 naveo je Pilsel u e-mail komunikaciji s novinarima, ali pritom nije naveo koliko je novca i za kakve poslove dobio.<\/p>\n\n\n\n<p>Isti list je podsjetio kako je Pilsel napisao javnu ispriku Kom\u0161i\u0107u nakon njegova gostovanja u &#8220;Nedjeljom u 2&#8221; kod <strong>Aleksandra Stankovi\u0107a<\/strong>. Zasmetala su ga njegova pitanja ili, kako je rekao, &#8220;nekorektnost i neuljudnost&#8221;. Spominjao je tada i svoje kolege novinare koji dobivaju \u2013 novac.<\/p>\n\n\n\n<p><a href=\"https:\/\/slobodnadalmacija.hr\/autor\/zoran-sagolj-3234\">Pi\u0161e Zoran \u0160agolj<\/a>\/slobodnadalmacija.hr<\/p>\n","protected":false},"excerpt":{"rendered":"<p>Dva odvojena istupa politi\u010dkih \u010delnika Bo\u0161njaka i Srba iz Bosne i Hercegovine, Bakira Izetbegovi\u0107a i Milorada Dodika, mo\u017eda bi najbolje mogla dati odgovor iz \u010dije je kuhinje potekla najnovija pri\u010da o mogu\u0107oj odgovornosti 14 visokih \u010dasnika Hrvatske vojske za navodne zlo\u010dine u akciji &#8220;Bljesak&#8221;. I dok se srpski \u010dlan Predsjedni\u0161tva BiH u Beogradu na tribini [&hellip;]<\/p>\n","protected":false},"author":2,"featured_media":34289,"comment_status":"closed","ping_status":"closed","sticky":false,"template":"","format":"standard","meta":{"h5ap_radio_sources":[],"footnotes":""},"categories":[1],"tags":[],"class_list":["post-52639","post","type-post","status-publish","format-standard","has-post-thumbnail","hentry","category-bihiregija"],"yoast_head":"<!-- This site is optimized with the Yoast SEO plugin v27.4 - https:\/\/yoast.com\/product\/yoast-seo-wordpress\/ -->\n<title>Tko u BiH tra\u017ei odgovornost 14 \u010dasnika HV-a? Dva odvojena istupa mogla bi dati odgovor iz \u010dije je kuhinje potekla pri\u010da - RADIO LJUBU\u0160KI<\/title>\n<meta name=\"robots\" content=\"index, follow, max-snippet:-1, max-image-preview:large, max-video-preview:-1\" \/>\n<link rel=\"canonical\" href=\"https:\/\/radioljubuski.ba\/index.php\/2021\/08\/12\/tko-u-bih-trazi-odgovornost-14-casnika-hv-a-dva-odvojena-istupa-mogla-bi-dati-odgovor-iz-cije-je-kuhinje-potekla-prica\/\" \/>\n<meta property=\"og:locale\" content=\"hr_HR\" \/>\n<meta property=\"og:type\" content=\"article\" \/>\n<meta property=\"og:title\" content=\"Tko u BiH tra\u017ei odgovornost 14 \u010dasnika HV-a? Dva odvojena istupa mogla bi dati odgovor iz \u010dije je kuhinje potekla pri\u010da - RADIO LJUBU\u0160KI\" \/>\n<meta property=\"og:description\" content=\"Dva odvojena istupa politi\u010dkih \u010delnika Bo\u0161njaka i Srba iz Bosne i Hercegovine, Bakira Izetbegovi\u0107a i Milorada Dodika, mo\u017eda bi najbolje mogla dati odgovor iz \u010dije je kuhinje potekla najnovija pri\u010da o mogu\u0107oj odgovornosti 14 visokih \u010dasnika Hrvatske vojske za navodne zlo\u010dine u akciji &#8220;Bljesak&#8221;. I dok se srpski \u010dlan Predsjedni\u0161tva BiH u Beogradu na tribini [&hellip;]\" \/>\n<meta property=\"og:url\" content=\"https:\/\/radioljubuski.ba\/index.php\/2021\/08\/12\/tko-u-bih-trazi-odgovornost-14-casnika-hv-a-dva-odvojena-istupa-mogla-bi-dati-odgovor-iz-cije-je-kuhinje-potekla-prica\/\" \/>\n<meta property=\"og:site_name\" content=\"RADIO LJUBU\u0160KI\" \/>\n<meta property=\"article:publisher\" content=\"https:\/\/www.facebook.com\/Radiio-Ljubuski-1490835324566332\" \/>\n<meta property=\"article:published_time\" content=\"2021-08-12T12:18:10+00:00\" \/>\n<meta property=\"article:modified_time\" content=\"2021-08-12T12:18:12+00:00\" \/>\n<meta property=\"og:image\" content=\"https:\/\/radioljubuski.ba\/wp-content\/uploads\/2021\/06\/izetbegovic_pixsel.jpg\" \/>\n\t<meta property=\"og:image:width\" content=\"840\" \/>\n\t<meta property=\"og:image:height\" content=\"470\" \/>\n\t<meta property=\"og:image:type\" content=\"image\/jpeg\" \/>\n<meta name=\"author\" content=\"Radio Ljubu\u0161ki\" \/>\n<meta name=\"twitter:card\" content=\"summary_large_image\" \/>\n<meta name=\"twitter:creator\" content=\"@radioljubuski\" \/>\n<meta name=\"twitter:site\" content=\"@radioljubuski\" \/>\n<meta name=\"twitter:label1\" content=\"Napisao\/la\" \/>\n\t<meta name=\"twitter:data1\" content=\"Radio Ljubu\u0161ki\" \/>\n\t<meta name=\"twitter:label2\" content=\"Procijenjeno vrijeme \u010ditanja\" \/>\n\t<meta name=\"twitter:data2\" content=\"4 minute\" \/>\n<script type=\"application\/ld+json\" class=\"yoast-schema-graph\">{\"@context\":\"https:\\\/\\\/schema.org\",\"@graph\":[{\"@type\":\"Article\",\"@id\":\"https:\\\/\\\/radioljubuski.ba\\\/index.php\\\/2021\\\/08\\\/12\\\/tko-u-bih-trazi-odgovornost-14-casnika-hv-a-dva-odvojena-istupa-mogla-bi-dati-odgovor-iz-cije-je-kuhinje-potekla-prica\\\/#article\",\"isPartOf\":{\"@id\":\"https:\\\/\\\/radioljubuski.ba\\\/index.php\\\/2021\\\/08\\\/12\\\/tko-u-bih-trazi-odgovornost-14-casnika-hv-a-dva-odvojena-istupa-mogla-bi-dati-odgovor-iz-cije-je-kuhinje-potekla-prica\\\/\"},\"author\":{\"name\":\"Radio Ljubu\u0161ki\",\"@id\":\"https:\\\/\\\/radioljubuski.ba\\\/#\\\/schema\\\/person\\\/19fc700381a780f69665d7956c469e3b\"},\"headline\":\"Tko u BiH tra\u017ei odgovornost 14 \u010dasnika HV-a? Dva odvojena istupa mogla bi dati odgovor iz \u010dije je kuhinje potekla pri\u010da\",\"datePublished\":\"2021-08-12T12:18:10+00:00\",\"dateModified\":\"2021-08-12T12:18:12+00:00\",\"mainEntityOfPage\":{\"@id\":\"https:\\\/\\\/radioljubuski.ba\\\/index.php\\\/2021\\\/08\\\/12\\\/tko-u-bih-trazi-odgovornost-14-casnika-hv-a-dva-odvojena-istupa-mogla-bi-dati-odgovor-iz-cije-je-kuhinje-potekla-prica\\\/\"},\"wordCount\":808,\"publisher\":{\"@id\":\"https:\\\/\\\/radioljubuski.ba\\\/#organization\"},\"image\":{\"@id\":\"https:\\\/\\\/radioljubuski.ba\\\/index.php\\\/2021\\\/08\\\/12\\\/tko-u-bih-trazi-odgovornost-14-casnika-hv-a-dva-odvojena-istupa-mogla-bi-dati-odgovor-iz-cije-je-kuhinje-potekla-prica\\\/#primaryimage\"},\"thumbnailUrl\":\"https:\\\/\\\/radioljubuski.ba\\\/wp-content\\\/uploads\\\/2021\\\/06\\\/izetbegovic_pixsel.jpg\",\"articleSection\":[\"BIH i regija\"],\"inLanguage\":\"hr\"},{\"@type\":\"WebPage\",\"@id\":\"https:\\\/\\\/radioljubuski.ba\\\/index.php\\\/2021\\\/08\\\/12\\\/tko-u-bih-trazi-odgovornost-14-casnika-hv-a-dva-odvojena-istupa-mogla-bi-dati-odgovor-iz-cije-je-kuhinje-potekla-prica\\\/\",\"url\":\"https:\\\/\\\/radioljubuski.ba\\\/index.php\\\/2021\\\/08\\\/12\\\/tko-u-bih-trazi-odgovornost-14-casnika-hv-a-dva-odvojena-istupa-mogla-bi-dati-odgovor-iz-cije-je-kuhinje-potekla-prica\\\/\",\"name\":\"Tko u BiH tra\u017ei odgovornost 14 \u010dasnika HV-a? Dva odvojena istupa mogla bi dati odgovor iz \u010dije je kuhinje potekla pri\u010da - RADIO LJUBU\u0160KI\",\"isPartOf\":{\"@id\":\"https:\\\/\\\/radioljubuski.ba\\\/#website\"},\"primaryImageOfPage\":{\"@id\":\"https:\\\/\\\/radioljubuski.ba\\\/index.php\\\/2021\\\/08\\\/12\\\/tko-u-bih-trazi-odgovornost-14-casnika-hv-a-dva-odvojena-istupa-mogla-bi-dati-odgovor-iz-cije-je-kuhinje-potekla-prica\\\/#primaryimage\"},\"image\":{\"@id\":\"https:\\\/\\\/radioljubuski.ba\\\/index.php\\\/2021\\\/08\\\/12\\\/tko-u-bih-trazi-odgovornost-14-casnika-hv-a-dva-odvojena-istupa-mogla-bi-dati-odgovor-iz-cije-je-kuhinje-potekla-prica\\\/#primaryimage\"},\"thumbnailUrl\":\"https:\\\/\\\/radioljubuski.ba\\\/wp-content\\\/uploads\\\/2021\\\/06\\\/izetbegovic_pixsel.jpg\",\"datePublished\":\"2021-08-12T12:18:10+00:00\",\"dateModified\":\"2021-08-12T12:18:12+00:00\",\"breadcrumb\":{\"@id\":\"https:\\\/\\\/radioljubuski.ba\\\/index.php\\\/2021\\\/08\\\/12\\\/tko-u-bih-trazi-odgovornost-14-casnika-hv-a-dva-odvojena-istupa-mogla-bi-dati-odgovor-iz-cije-je-kuhinje-potekla-prica\\\/#breadcrumb\"},\"inLanguage\":\"hr\",\"potentialAction\":[{\"@type\":\"ReadAction\",\"target\":[\"https:\\\/\\\/radioljubuski.ba\\\/index.php\\\/2021\\\/08\\\/12\\\/tko-u-bih-trazi-odgovornost-14-casnika-hv-a-dva-odvojena-istupa-mogla-bi-dati-odgovor-iz-cije-je-kuhinje-potekla-prica\\\/\"]}]},{\"@type\":\"ImageObject\",\"inLanguage\":\"hr\",\"@id\":\"https:\\\/\\\/radioljubuski.ba\\\/index.php\\\/2021\\\/08\\\/12\\\/tko-u-bih-trazi-odgovornost-14-casnika-hv-a-dva-odvojena-istupa-mogla-bi-dati-odgovor-iz-cije-je-kuhinje-potekla-prica\\\/#primaryimage\",\"url\":\"https:\\\/\\\/radioljubuski.ba\\\/wp-content\\\/uploads\\\/2021\\\/06\\\/izetbegovic_pixsel.jpg\",\"contentUrl\":\"https:\\\/\\\/radioljubuski.ba\\\/wp-content\\\/uploads\\\/2021\\\/06\\\/izetbegovic_pixsel.jpg\",\"width\":840,\"height\":470},{\"@type\":\"BreadcrumbList\",\"@id\":\"https:\\\/\\\/radioljubuski.ba\\\/index.php\\\/2021\\\/08\\\/12\\\/tko-u-bih-trazi-odgovornost-14-casnika-hv-a-dva-odvojena-istupa-mogla-bi-dati-odgovor-iz-cije-je-kuhinje-potekla-prica\\\/#breadcrumb\",\"itemListElement\":[{\"@type\":\"ListItem\",\"position\":1,\"name\":\"Po\u010detna stranica\",\"item\":\"https:\\\/\\\/radioljubuski.ba\\\/\"},{\"@type\":\"ListItem\",\"position\":2,\"name\":\"Tko u BiH tra\u017ei odgovornost 14 \u010dasnika HV-a? Dva odvojena istupa mogla bi dati odgovor iz \u010dije je kuhinje potekla pri\u010da\"}]},{\"@type\":\"WebSite\",\"@id\":\"https:\\\/\\\/radioljubuski.ba\\\/#website\",\"url\":\"https:\\\/\\\/radioljubuski.ba\\\/\",\"name\":\"Radio Ljubu\u0161ki\",\"description\":\"Sun\u010dana frekvencija Hercegovine\",\"publisher\":{\"@id\":\"https:\\\/\\\/radioljubuski.ba\\\/#organization\"},\"potentialAction\":[{\"@type\":\"SearchAction\",\"target\":{\"@type\":\"EntryPoint\",\"urlTemplate\":\"https:\\\/\\\/radioljubuski.ba\\\/?s={search_term_string}\"},\"query-input\":{\"@type\":\"PropertyValueSpecification\",\"valueRequired\":true,\"valueName\":\"search_term_string\"}}],\"inLanguage\":\"hr\"},{\"@type\":\"Organization\",\"@id\":\"https:\\\/\\\/radioljubuski.ba\\\/#organization\",\"name\":\"Radio Ljubu\u0161ki\",\"url\":\"https:\\\/\\\/radioljubuski.ba\\\/\",\"logo\":{\"@type\":\"ImageObject\",\"inLanguage\":\"hr\",\"@id\":\"https:\\\/\\\/radioljubuski.ba\\\/#\\\/schema\\\/logo\\\/image\\\/\",\"url\":\"https:\\\/\\\/radioljubuski.ba\\\/wp-content\\\/uploads\\\/2021\\\/02\\\/cropped-Radio_Ljubuski_logo1.jpg\",\"contentUrl\":\"https:\\\/\\\/radioljubuski.ba\\\/wp-content\\\/uploads\\\/2021\\\/02\\\/cropped-Radio_Ljubuski_logo1.jpg\",\"width\":512,\"height\":512,\"caption\":\"Radio Ljubu\u0161ki\"},\"image\":{\"@id\":\"https:\\\/\\\/radioljubuski.ba\\\/#\\\/schema\\\/logo\\\/image\\\/\"},\"sameAs\":[\"https:\\\/\\\/www.facebook.com\\\/Radiio-Ljubuski-1490835324566332\",\"https:\\\/\\\/x.com\\\/radioljubuski\",\"https:\\\/\\\/hr.linkedin.com\\\/company\\\/radio-ljubuski\",\"https:\\\/\\\/www.youtube.com\\\/channel\\\/UCHYaeO_n0Db3tjNGudGpXyw\"]},{\"@type\":\"Person\",\"@id\":\"https:\\\/\\\/radioljubuski.ba\\\/#\\\/schema\\\/person\\\/19fc700381a780f69665d7956c469e3b\",\"name\":\"Radio Ljubu\u0161ki\"}]}<\/script>\n<!-- \/ Yoast SEO plugin. -->","yoast_head_json":{"title":"Tko u BiH tra\u017ei odgovornost 14 \u010dasnika HV-a? Dva odvojena istupa mogla bi dati odgovor iz \u010dije je kuhinje potekla pri\u010da - RADIO LJUBU\u0160KI","robots":{"index":"index","follow":"follow","max-snippet":"max-snippet:-1","max-image-preview":"max-image-preview:large","max-video-preview":"max-video-preview:-1"},"canonical":"https:\/\/radioljubuski.ba\/index.php\/2021\/08\/12\/tko-u-bih-trazi-odgovornost-14-casnika-hv-a-dva-odvojena-istupa-mogla-bi-dati-odgovor-iz-cije-je-kuhinje-potekla-prica\/","og_locale":"hr_HR","og_type":"article","og_title":"Tko u BiH tra\u017ei odgovornost 14 \u010dasnika HV-a? Dva odvojena istupa mogla bi dati odgovor iz \u010dije je kuhinje potekla pri\u010da - RADIO LJUBU\u0160KI","og_description":"Dva odvojena istupa politi\u010dkih \u010delnika Bo\u0161njaka i Srba iz Bosne i Hercegovine, Bakira Izetbegovi\u0107a i Milorada Dodika, mo\u017eda bi najbolje mogla dati odgovor iz \u010dije je kuhinje potekla najnovija pri\u010da o mogu\u0107oj odgovornosti 14 visokih \u010dasnika Hrvatske vojske za navodne zlo\u010dine u akciji &#8220;Bljesak&#8221;. I dok se srpski \u010dlan Predsjedni\u0161tva BiH u Beogradu na tribini [&hellip;]","og_url":"https:\/\/radioljubuski.ba\/index.php\/2021\/08\/12\/tko-u-bih-trazi-odgovornost-14-casnika-hv-a-dva-odvojena-istupa-mogla-bi-dati-odgovor-iz-cije-je-kuhinje-potekla-prica\/","og_site_name":"RADIO LJUBU\u0160KI","article_publisher":"https:\/\/www.facebook.com\/Radiio-Ljubuski-1490835324566332","article_published_time":"2021-08-12T12:18:10+00:00","article_modified_time":"2021-08-12T12:18:12+00:00","og_image":[{"width":840,"height":470,"url":"https:\/\/radioljubuski.ba\/wp-content\/uploads\/2021\/06\/izetbegovic_pixsel.jpg","type":"image\/jpeg"}],"author":"Radio Ljubu\u0161ki","twitter_card":"summary_large_image","twitter_creator":"@radioljubuski","twitter_site":"@radioljubuski","twitter_misc":{"Napisao\/la":"Radio Ljubu\u0161ki","Procijenjeno vrijeme \u010ditanja":"4 minute"},"schema":{"@context":"https:\/\/schema.org","@graph":[{"@type":"Article","@id":"https:\/\/radioljubuski.ba\/index.php\/2021\/08\/12\/tko-u-bih-trazi-odgovornost-14-casnika-hv-a-dva-odvojena-istupa-mogla-bi-dati-odgovor-iz-cije-je-kuhinje-potekla-prica\/#article","isPartOf":{"@id":"https:\/\/radioljubuski.ba\/index.php\/2021\/08\/12\/tko-u-bih-trazi-odgovornost-14-casnika-hv-a-dva-odvojena-istupa-mogla-bi-dati-odgovor-iz-cije-je-kuhinje-potekla-prica\/"},"author":{"name":"Radio Ljubu\u0161ki","@id":"https:\/\/radioljubuski.ba\/#\/schema\/person\/19fc700381a780f69665d7956c469e3b"},"headline":"Tko u BiH tra\u017ei odgovornost 14 \u010dasnika HV-a? Dva odvojena istupa mogla bi dati odgovor iz \u010dije je kuhinje potekla pri\u010da","datePublished":"2021-08-12T12:18:10+00:00","dateModified":"2021-08-12T12:18:12+00:00","mainEntityOfPage":{"@id":"https:\/\/radioljubuski.ba\/index.php\/2021\/08\/12\/tko-u-bih-trazi-odgovornost-14-casnika-hv-a-dva-odvojena-istupa-mogla-bi-dati-odgovor-iz-cije-je-kuhinje-potekla-prica\/"},"wordCount":808,"publisher":{"@id":"https:\/\/radioljubuski.ba\/#organization"},"image":{"@id":"https:\/\/radioljubuski.ba\/index.php\/2021\/08\/12\/tko-u-bih-trazi-odgovornost-14-casnika-hv-a-dva-odvojena-istupa-mogla-bi-dati-odgovor-iz-cije-je-kuhinje-potekla-prica\/#primaryimage"},"thumbnailUrl":"https:\/\/radioljubuski.ba\/wp-content\/uploads\/2021\/06\/izetbegovic_pixsel.jpg","articleSection":["BIH i regija"],"inLanguage":"hr"},{"@type":"WebPage","@id":"https:\/\/radioljubuski.ba\/index.php\/2021\/08\/12\/tko-u-bih-trazi-odgovornost-14-casnika-hv-a-dva-odvojena-istupa-mogla-bi-dati-odgovor-iz-cije-je-kuhinje-potekla-prica\/","url":"https:\/\/radioljubuski.ba\/index.php\/2021\/08\/12\/tko-u-bih-trazi-odgovornost-14-casnika-hv-a-dva-odvojena-istupa-mogla-bi-dati-odgovor-iz-cije-je-kuhinje-potekla-prica\/","name":"Tko u BiH tra\u017ei odgovornost 14 \u010dasnika HV-a? Dva odvojena istupa mogla bi dati odgovor iz \u010dije je kuhinje potekla pri\u010da - RADIO LJUBU\u0160KI","isPartOf":{"@id":"https:\/\/radioljubuski.ba\/#website"},"primaryImageOfPage":{"@id":"https:\/\/radioljubuski.ba\/index.php\/2021\/08\/12\/tko-u-bih-trazi-odgovornost-14-casnika-hv-a-dva-odvojena-istupa-mogla-bi-dati-odgovor-iz-cije-je-kuhinje-potekla-prica\/#primaryimage"},"image":{"@id":"https:\/\/radioljubuski.ba\/index.php\/2021\/08\/12\/tko-u-bih-trazi-odgovornost-14-casnika-hv-a-dva-odvojena-istupa-mogla-bi-dati-odgovor-iz-cije-je-kuhinje-potekla-prica\/#primaryimage"},"thumbnailUrl":"https:\/\/radioljubuski.ba\/wp-content\/uploads\/2021\/06\/izetbegovic_pixsel.jpg","datePublished":"2021-08-12T12:18:10+00:00","dateModified":"2021-08-12T12:18:12+00:00","breadcrumb":{"@id":"https:\/\/radioljubuski.ba\/index.php\/2021\/08\/12\/tko-u-bih-trazi-odgovornost-14-casnika-hv-a-dva-odvojena-istupa-mogla-bi-dati-odgovor-iz-cije-je-kuhinje-potekla-prica\/#breadcrumb"},"inLanguage":"hr","potentialAction":[{"@type":"ReadAction","target":["https:\/\/radioljubuski.ba\/index.php\/2021\/08\/12\/tko-u-bih-trazi-odgovornost-14-casnika-hv-a-dva-odvojena-istupa-mogla-bi-dati-odgovor-iz-cije-je-kuhinje-potekla-prica\/"]}]},{"@type":"ImageObject","inLanguage":"hr","@id":"https:\/\/radioljubuski.ba\/index.php\/2021\/08\/12\/tko-u-bih-trazi-odgovornost-14-casnika-hv-a-dva-odvojena-istupa-mogla-bi-dati-odgovor-iz-cije-je-kuhinje-potekla-prica\/#primaryimage","url":"https:\/\/radioljubuski.ba\/wp-content\/uploads\/2021\/06\/izetbegovic_pixsel.jpg","contentUrl":"https:\/\/radioljubuski.ba\/wp-content\/uploads\/2021\/06\/izetbegovic_pixsel.jpg","width":840,"height":470},{"@type":"BreadcrumbList","@id":"https:\/\/radioljubuski.ba\/index.php\/2021\/08\/12\/tko-u-bih-trazi-odgovornost-14-casnika-hv-a-dva-odvojena-istupa-mogla-bi-dati-odgovor-iz-cije-je-kuhinje-potekla-prica\/#breadcrumb","itemListElement":[{"@type":"ListItem","position":1,"name":"Po\u010detna stranica","item":"https:\/\/radioljubuski.ba\/"},{"@type":"ListItem","position":2,"name":"Tko u BiH tra\u017ei odgovornost 14 \u010dasnika HV-a? Dva odvojena istupa mogla bi dati odgovor iz \u010dije je kuhinje potekla pri\u010da"}]},{"@type":"WebSite","@id":"https:\/\/radioljubuski.ba\/#website","url":"https:\/\/radioljubuski.ba\/","name":"Radio Ljubu\u0161ki","description":"Sun\u010dana frekvencija Hercegovine","publisher":{"@id":"https:\/\/radioljubuski.ba\/#organization"},"potentialAction":[{"@type":"SearchAction","target":{"@type":"EntryPoint","urlTemplate":"https:\/\/radioljubuski.ba\/?s={search_term_string}"},"query-input":{"@type":"PropertyValueSpecification","valueRequired":true,"valueName":"search_term_string"}}],"inLanguage":"hr"},{"@type":"Organization","@id":"https:\/\/radioljubuski.ba\/#organization","name":"Radio Ljubu\u0161ki","url":"https:\/\/radioljubuski.ba\/","logo":{"@type":"ImageObject","inLanguage":"hr","@id":"https:\/\/radioljubuski.ba\/#\/schema\/logo\/image\/","url":"https:\/\/radioljubuski.ba\/wp-content\/uploads\/2021\/02\/cropped-Radio_Ljubuski_logo1.jpg","contentUrl":"https:\/\/radioljubuski.ba\/wp-content\/uploads\/2021\/02\/cropped-Radio_Ljubuski_logo1.jpg","width":512,"height":512,"caption":"Radio Ljubu\u0161ki"},"image":{"@id":"https:\/\/radioljubuski.ba\/#\/schema\/logo\/image\/"},"sameAs":["https:\/\/www.facebook.com\/Radiio-Ljubuski-1490835324566332","https:\/\/x.com\/radioljubuski","https:\/\/hr.linkedin.com\/company\/radio-ljubuski","https:\/\/www.youtube.com\/channel\/UCHYaeO_n0Db3tjNGudGpXyw"]},{"@type":"Person","@id":"https:\/\/radioljubuski.ba\/#\/schema\/person\/19fc700381a780f69665d7956c469e3b","name":"Radio Ljubu\u0161ki"}]}},"_links":{"self":[{"href":"https:\/\/radioljubuski.ba\/index.php\/wp-json\/wp\/v2\/posts\/52639","targetHints":{"allow":["GET"]}}],"collection":[{"href":"https:\/\/radioljubuski.ba\/index.php\/wp-json\/wp\/v2\/posts"}],"about":[{"href":"https:\/\/radioljubuski.ba\/index.php\/wp-json\/wp\/v2\/types\/post"}],"author":[{"embeddable":true,"href":"https:\/\/radioljubuski.ba\/index.php\/wp-json\/wp\/v2\/users\/2"}],"replies":[{"embeddable":true,"href":"https:\/\/radioljubuski.ba\/index.php\/wp-json\/wp\/v2\/comments?post=52639"}],"version-history":[{"count":1,"href":"https:\/\/radioljubuski.ba\/index.php\/wp-json\/wp\/v2\/posts\/52639\/revisions"}],"predecessor-version":[{"id":52640,"href":"https:\/\/radioljubuski.ba\/index.php\/wp-json\/wp\/v2\/posts\/52639\/revisions\/52640"}],"wp:featuredmedia":[{"embeddable":true,"href":"https:\/\/radioljubuski.ba\/index.php\/wp-json\/wp\/v2\/media\/34289"}],"wp:attachment":[{"href":"https:\/\/radioljubuski.ba\/index.php\/wp-json\/wp\/v2\/media?parent=52639"}],"wp:term":[{"taxonomy":"category","embeddable":true,"href":"https:\/\/radioljubuski.ba\/index.php\/wp-json\/wp\/v2\/categories?post=52639"},{"taxonomy":"post_tag","embeddable":true,"href":"https:\/\/radioljubuski.ba\/index.php\/wp-json\/wp\/v2\/tags?post=52639"}],"curies":[{"name":"wp","href":"https:\/\/api.w.org\/{rel}","templated":true}]}}