{"id":52641,"date":"2021-08-12T13:24:52","date_gmt":"2021-08-12T12:24:52","guid":{"rendered":"https:\/\/radioljubuski.ba\/?p=52641"},"modified":"2021-08-12T13:24:54","modified_gmt":"2021-08-12T12:24:54","slug":"plenkovic-odluke-o-generalima-nakon-sto-ministarstvo-sve-analizira-miljavac-u-ratu-se-gine-nije-to-balet","status":"publish","type":"post","link":"https:\/\/radioljubuski.ba\/index.php\/2021\/08\/12\/plenkovic-odluke-o-generalima-nakon-sto-ministarstvo-sve-analizira-miljavac-u-ratu-se-gine-nije-to-balet\/","title":{"rendered":"Plenkovi\u0107: Odluke o generalima nakon \u0161to ministarstvo sve analizira; Miljavac: U ratu se gine, nije to balet"},"content":{"rendered":"\n<p>Zavr\u0161io je sastanak premijera Andreja Plenkovi\u0107a s generalima, zapovjednicima i visokim \u010dasnicima koji su sudjelovali u VRO &#8220;Bljesak&#8221;. Povod sastanka je zamolnica Tu\u017eiteljstva Bosne i Hercegovine za pru\u017eanje me\u0111unarodne pravne pomo\u0107i dostavljene na temelju Sporazuma izme\u0111u Vlade RH i Vlade BiH o pravnoj pomo\u0107i u gra\u0111anskim i kaznenim stvarima.&nbsp;<\/p>\n\n\n\n<p>Uz premijera, na sastanku su sudjelovali ministar hrvatskih branitelja Tomo Medved, ministar obrane Mario Bano\u017ei\u0107, ministar pravosu\u0111a i uprave Ivan Malenica te ministar vanjskih i europskih poslova Gordan Grli\u0107 Radman.<br><br>&#8211; Cilj sastanka bio je da ih upoznamo sa sadr\u017eajem zamolnice, da dobiju informaciju o \u010demu je rije\u010d od ministra branitelja. Ovdje nije rije\u010d o optu\u017enicama, optu\u017enice ne postoje. Ovim zahtjevom privremeno su prekinute sve radnje u vezi ovog predmeta od strane nadle\u017enih tijela BiH, kazao je Plenkovi\u0107.<br><br>&#8211; Rije\u010d je o \u017ertvama koje su se dogodile za vrijeme operacije Bljesak u Bosanskoj Gradi\u0161ki i Kozarskoj Dubici. Kaznena djela koja se spominju su ratni zlo\u010din protiv civilnog stanovni\u0161tva i povrede zakona i obi\u010daja ratovanja. Bit i poveznica s ratnim vojnim zapovjednicima je formulacija o naredbi za takozvano neselektivno granatiranje. Vlada RH \u0107e putem ministarstva pravosu\u0111a do u detalje prou\u010diti dokumentaciju, poru\u010dio je Plenkovi\u0107, dodaju\u0107i da \u0107e se nakon toga donositi odluke koje su na institucijama Hrvatske.<br><br>&#8211; Odluke \u0107emo donositi na temelju zakona RH i me\u0111unarodnih sporazuma koje je Hrvatska potpisala. Sastanak je protekao vrlo dobro, rije\u010d je o iskrenom razgovoru gdje smo kao Vlada izvijestili zapovjednike o \u010demu je rije\u010d, \u010duli smo njihov stav. Poslat \u0107emo priop\u0107enje o sadr\u017eaju sastanka. Idu\u0107i sastanak \u0107e biti kada ministarstvo pravosu\u0111a podnese detaljno izvje\u0161\u0107e, rekao je premijer.<\/p>\n\n\n\n<p>&#8211; Legitimnost Bljeska i Oluje nitko ne mo\u017ee dovesti u pitanje, to je ono \u0161to je prvo. \u0160to se ti\u010de eventualno drugih postupaka koji bi mogli slijediti, o njima \u0107emo govoriti. Zauzet \u0107emo stav koji \u0161titi hrvatske nacionalne interese, zapovjednike i dignitet Domovinskog rata, stav hrvatskih institucija je jedinstven, rekao je Plenkovi\u0107.<\/p>\n\n\n\n<iframe loading=\"lazy\" src=\"https:\/\/www.facebook.com\/plugins\/video.php?height=314&#038;href=https%3A%2F%2Fwww.facebook.com%2FHRTvijesti%2Fvideos%2F374991597557483%2F&#038;show_text=false&#038;width=560&#038;t=0\" width=\"560\" height=\"314\" style=\"border:none;overflow:hidden\" scrolling=\"no\" frameborder=\"0\" allowfullscreen=\"true\" allow=\"autoplay; clipboard-write; encrypted-media; picture-in-picture; web-share\" allowFullScreen=\"true\"><\/iframe>\n\n\n\n<p><strong>Miljavac: Nije bilo zapovijedi za granatiranje civilnih ciljeva<\/strong><br>Dogovorili samo da \u0107emo se ponovno sastati, rekao je predsjednik Hrvatskog generalskog zbora Pavao Miljavac.<br><br>&#8211; Moram re\u0107i da su svi generali manje vi\u0161e iznijeli svoj stav i do\u0161lo smo do zaklju\u010dka da je varijanta da to preuzme ministarstvo i da se nakon detaljne analize ponovno na\u0111emo. Jednoglasno su se svi slo\u017eili. Postoji varijanta A, da jednostavno odbijemo, ali \u0161to bi to zna\u010dilo &#8211; Hrvatska bi se rije\u0161ila problema, a za generale bi vjerojatno dignuli optu\u017enice u BiH, tjeralice i mi bismo bili blokirani za svoj \u017eivot i da se prakti\u010dki ne mi\u010demo iz Hrvatske, rekao je Miljevac.<br><br>&#8211; Mi znamo \u0161to smo radili, kako i da nikad ni u jednom momentu nije bilo zapovjedi za granatiranje civilnih ciljeva. A u ratu se gine, nije to balet, ima i nevinih \u017ertava, podsjetio je general.&nbsp;<br><br>Potom je rije\u010d ponovno preuzeo premijer.<br><br>&#8211; Trenutkom slanja zamolnice pravosudna tijela BiH su zaklju\u010dila da se tim konkretnim predmetom bave hrvatska pravosudna tijela i u tom trenutku privremeno se prekidaju sve mjere u vezi s gonjenjem bilo koga tko je tu naveden, pojasnio je premijer pravosudni aspekt ove situacije.<br><br>&#8211; Nema potrebe za spekulacijama, stvar je ozbiljna i tako \u0107emo je tretirati, dodao je.<br><br>&#8211; Oni na koje se ta zamolnica odnosi imaju svako pravo da o tome budu informirani i zaslu\u017euju na\u0161e po\u0161tovanje, zato smo odr\u017eali sastanak. Ni ovi doga\u0111aji ni dokumentacija, o tome se prikupljaju informacije proteklih 25 godina. Za\u0161to je do toga do\u0161lo ja ne \u017eelim spekulirati. Hrvatska dr\u017eava je dobila zamolnicu i ona \u0107e nju na adekvatan i zakonit na\u010din tretirati, objasnio je premijer.&nbsp;<br><br>Na sastanku je bilo osam visokih \u010dasnika, rekao je Plenkovi\u0107. Bilo je pozvano njih 11, ali tri se nisu mogla pojaviti.<br><br>Na pitanje za\u0161to su u zamolnici navedeni generali, a ne ni\u017ei \u010dasnici, Plenkovi\u0107 je rekao da nije vlada sastavljala optu\u017enicu.<br><br>&#8211; Da smatramo da je to dobro i da smo odu\u0161evljeni time, odgovor znate, rekao je, navode\u0107i da je na sastanku bilo osam visokih \u010dasnika.<\/p>\n\n\n\n<p><strong>Domazet Lo\u0161o: Pohvalno je da je do\u0161lo do sastanka<\/strong><strong><br><br>Davor Domazet Lo\u0161o<\/strong> nakon sastanka je dao izjavu novinarima.&nbsp;<br><br>&#8211; Priop\u0107enje \u0107e dati predsjednik Vlade Plenkovi\u0107 i general Miljavac. Mislim da je dobro da je do\u0161lo do sastanka, \u010dak i pohvalno, da \u0107e se nastaviti. Kada ministarstvo pravosu\u0111a prou\u010di dokumentaciju ponovno \u0107e pozvati nas generale i onda \u0107emo kona\u010dno zauzeti stav. Nema disonantnih tonova. Hrvatska je vodila naj\u010distiji rat i pokazali smo po kojim elementima se to temelji, naravno ovo su malo \u0161ire geopoliti\u010dke igre, globalne, iz BiH i dobro je da je do sastanka do\u0161lo, rekao je.<\/p>\n\n\n\n<p>&#8211; Prema posljednjim navodima, navodno je rije\u010d o prekomjernom granatiranju u kojem su poginuli i civili. Ono \u0161to Ministarstvo pravosu\u0111a mo\u017ee sada u\u010diniti jest da tu zamolnicu odmah odbije, tada sve ostaje na Tu\u017eiteljstvu BiH koje te postupke mo\u017ee nastaviti, ako se to dogodi mo\u017ee do\u0107i i do dizanja me\u0111unarodne tjeralice. Ministarstvo mo\u017ee i sve proslijediti DORH-u koje pokre\u0107e neovisnu istragu, a onda sve ovisi o rezultatima te istrage, rekla je u javljanju za podnevni Dnevnik HTV-a Iva Magu\u0161i\u0107-Duman\u010di\u0107.<\/p>\n\n\n\n<div style=\"width: 640px;\" class=\"wp-video\"><video class=\"wp-video-shortcode\" id=\"video-52641-1\" width=\"640\" height=\"360\" preload=\"metadata\" controls=\"controls\"><source type=\"video\/mp4\" src=\"https:\/\/api.hrt.hr\/media\/73\/dc\/tvd1-duplex-banski-20210812103300.mp4?_=1\" \/><a href=\"https:\/\/api.hrt.hr\/media\/73\/dc\/tvd1-duplex-banski-20210812103300.mp4\">https:\/\/api.hrt.hr\/media\/73\/dc\/tvd1-duplex-banski-20210812103300.mp4<\/a><\/video><\/div>\n\n\n\n<p><strong>Lo\u0161o: Pitanje je ho\u0107e li se politika postaviti na pravi na\u010din<\/strong><br>General <strong>Davor Domazet Lo\u0161o<\/strong> komentirao je prije sastanka u Vladi optu\u017ebe koje su na ra\u010dun zapovjednika operacije Bljesak stigle iz Bosne i Hercegovine.<br><br>&#8211; Tek kad vidimo znat \u0107emo \u0161to treba odgovoriti. Mislim da admiral zna \u0161to treba odgovoriti jer je on planer operacije, rekao je Lo\u0161o novinarima.<\/p>\n\n\n\n<p><br>Na pitanje brinu li ga optu\u017ebe iz susjedne zemlje, Lo\u0161o je odgovorio:<br><br>&#8211; Kakva zabrinjavanja, ostavite ta pitanja! Pitanje je ho\u0107e li se politika postaviti na pravi na\u010din, ovo je malo ve\u0107a geopoliti\u010dka igra. Mi \u017eivimo u vremenima kad se ru\u0161i jednopolarni svijet i stvara vi\u0161epolarni. Europa je davno izgubljena!, rekao je.<\/p>\n\n\n\n<div style=\"width: 640px;\" class=\"wp-video\"><video class=\"wp-video-shortcode\" id=\"video-52641-2\" width=\"640\" height=\"360\" preload=\"metadata\" controls=\"controls\"><source type=\"video\/mp4\" src=\"https:\/\/api.hrt.hr\/media\/6e\/d8\/loso-20210812093031.mp4?_=2\" \/><a href=\"https:\/\/api.hrt.hr\/media\/6e\/d8\/loso-20210812093031.mp4\">https:\/\/api.hrt.hr\/media\/6e\/d8\/loso-20210812093031.mp4<\/a><\/video><\/div>\n\n\n\n<p><strong>Miljavac: Malo je stvari koje nisu politi\u010dke<\/strong>I<strong> Pavao Miljavac<\/strong> stigao je na sastanak u zgradi Vladi.<\/p>\n\n\n\n<p><br>&#8211; Svako tko je na optu\u017enici \u0107e imati ne\u0161to za re\u0107i. Ne mogu ni\u0161ta o\u010dekivati. O\u010dito \u0107e biti neka procedura, vidjet \u0107emo koja. Ne o\u010dekujem ni\u0161ta, to je sve na brzinu do\u0161lo, ovisno \u0161to pi\u0161e u optu\u017enici, ve\u0107ina \u0107e odlu\u010diti \u0161to \u0107e biti, rekao je\u00a0 Miljavac.<br><br>Na pitanje jesu li ove otpu\u017ebe politi\u010dke, Miljavac kazao je:<br><br>&#8211; Dugo sam u cijeloj pri\u010di, od devedesete, malo je stvari koje nisu politi\u010dke.<br><br>Miljavac je novinarima rekao i da su se \u201cmanje-vi\u0161e svi\u201d odazvali pozivu iz Vlade.<\/p>\n\n\n\n<div style=\"width: 640px;\" class=\"wp-video\"><video class=\"wp-video-shortcode\" id=\"video-52641-3\" width=\"640\" height=\"360\" preload=\"metadata\" controls=\"controls\"><source type=\"video\/mp4\" src=\"https:\/\/api.hrt.hr\/media\/59\/c0\/miljavac-20210812093846.mp4?_=3\" \/><a href=\"https:\/\/api.hrt.hr\/media\/59\/c0\/miljavac-20210812093846.mp4\">https:\/\/api.hrt.hr\/media\/59\/c0\/miljavac-20210812093846.mp4<\/a><\/video><\/div>\n\n\n\n<p>Plenkovi\u0107 je u utorak ratnim zapovjednicima poru\u010dio kako optu\u017enice ne postoje te da \u0107e ih Vlada za\u0161tititi, kao i nacionalne interese.<br><br>&#8211; Vodit \u0107emo se bitnim na\u010delom vladavine prava. Svaki potez koji radimo treba biti utemeljen na zakonu i na me\u0111unarodnim sporazumima koje imamo, rekao je Plenkovi\u0107.<br><br>Prethodno je naglasio kako nikakvi pravni procesi ne\u0107e dovesti u pitanje oslobodila\u010dki karakter operacija Bljesak i Oluja.<\/p>\n\n\n\n<p>Ministarstvo pravosu\u0111a potvrdilo je da su zamolnicu zaprimili diplomatskim putem 6. kolovoza i da je rije\u010d o postupku u kojem Tu\u017eiteljstvo BiH &#8220;sumnja da je \u010detrnaest dr\u017eavljana Hrvatske navodno po\u010dinilo kaznena djela koja BiH dovodi u vezu s VRO &#8216;Bljesak'&#8221;.<br><br>Prema hrvatskim medijima, na popisu tu\u017eitelja iz BiH su generali <strong>Pavao Miljavac, Mladen Marka\u010d, Marijan Marekovi\u0107, Davor Domazet Lo\u0161o, Luka D\u017eanko <\/strong>te trojica umrlih generala <strong>Petar Stipeti\u0107, Imra Agoti\u0107 i Ivan Basarac.<\/strong><br><br>U obranu generala stao je i predsjednik Republike<strong> Zoran Milanovi\u0107,<\/strong> a zamolnicu je ocijenio sabota\u017eom i trovanjem odnosa.<br><br>Ministar pravde BiH <strong>Josip Grube\u0161a<\/strong> (HDZ BiH) izjavio je u utorak kako ne bi trebalo politizirati zamolnicu isti\u010du\u0107i kako je tu rije\u010d isklju\u010divo o pravnom problemu. Tako\u0111er je kazao kako je iznena\u0111en burnim reagiranjima i politi\u010dkim ocjenama dodaju\u0107i kako za to nema razloga.<br><br>Prema pisanju medija, BiH zapovjednike tereti da su sudjelovali u izdavanju naredbi za neselektivno granatiranje i artiljerijsko djelovanje s podru\u010dja pod kontrolom HV-a po civilnim ciljevima i nebranjenim mjestima Bosanske Gradi\u0161ke i Kozarske Dubice pri \u010demu je ubijeno vi\u0161e civila, a zahtjev se temelji na izvje\u0161taju koji je jo\u0161 prije 16 godina sastavljen u Banjoj Luci.<\/p>\n\n\n\n<p>Izvor:hrt.hr<\/p>\n","protected":false},"excerpt":{"rendered":"<p>Zavr\u0161io je sastanak premijera Andreja Plenkovi\u0107a s generalima, zapovjednicima i visokim \u010dasnicima koji su sudjelovali u VRO &#8220;Bljesak&#8221;. Povod sastanka je zamolnica Tu\u017eiteljstva Bosne i Hercegovine za pru\u017eanje me\u0111unarodne pravne pomo\u0107i dostavljene na temelju Sporazuma izme\u0111u Vlade RH i Vlade BiH o pravnoj pomo\u0107i u gra\u0111anskim i kaznenim stvarima.&nbsp; Uz premijera, na sastanku su sudjelovali [&hellip;]<\/p>\n","protected":false},"author":2,"featured_media":52642,"comment_status":"closed","ping_status":"closed","sticky":false,"template":"","format":"standard","meta":{"h5ap_radio_sources":[],"footnotes":""},"categories":[1],"tags":[],"class_list":["post-52641","post","type-post","status-publish","format-standard","has-post-thumbnail","hentry","category-bihiregija"],"yoast_head":"<!-- This site is optimized with the Yoast SEO plugin v27.4 - https:\/\/yoast.com\/product\/yoast-seo-wordpress\/ -->\n<title>Plenkovi\u0107: Odluke o generalima nakon \u0161to ministarstvo sve analizira; Miljavac: U ratu se gine, nije to balet - RADIO LJUBU\u0160KI<\/title>\n<meta name=\"robots\" content=\"index, follow, max-snippet:-1, max-image-preview:large, max-video-preview:-1\" \/>\n<link rel=\"canonical\" href=\"https:\/\/radioljubuski.ba\/index.php\/2021\/08\/12\/plenkovic-odluke-o-generalima-nakon-sto-ministarstvo-sve-analizira-miljavac-u-ratu-se-gine-nije-to-balet\/\" \/>\n<meta property=\"og:locale\" content=\"hr_HR\" \/>\n<meta property=\"og:type\" content=\"article\" \/>\n<meta property=\"og:title\" content=\"Plenkovi\u0107: Odluke o generalima nakon \u0161to ministarstvo sve analizira; Miljavac: U ratu se gine, nije to balet - RADIO LJUBU\u0160KI\" \/>\n<meta property=\"og:description\" content=\"Zavr\u0161io je sastanak premijera Andreja Plenkovi\u0107a s generalima, zapovjednicima i visokim \u010dasnicima koji su sudjelovali u VRO &#8220;Bljesak&#8221;. Povod sastanka je zamolnica Tu\u017eiteljstva Bosne i Hercegovine za pru\u017eanje me\u0111unarodne pravne pomo\u0107i dostavljene na temelju Sporazuma izme\u0111u Vlade RH i Vlade BiH o pravnoj pomo\u0107i u gra\u0111anskim i kaznenim stvarima.&nbsp; Uz premijera, na sastanku su sudjelovali [&hellip;]\" \/>\n<meta property=\"og:url\" content=\"https:\/\/radioljubuski.ba\/index.php\/2021\/08\/12\/plenkovic-odluke-o-generalima-nakon-sto-ministarstvo-sve-analizira-miljavac-u-ratu-se-gine-nije-to-balet\/\" \/>\n<meta property=\"og:site_name\" content=\"RADIO LJUBU\u0160KI\" \/>\n<meta property=\"article:publisher\" content=\"https:\/\/www.facebook.com\/Radiio-Ljubuski-1490835324566332\" \/>\n<meta property=\"article:published_time\" content=\"2021-08-12T12:24:52+00:00\" \/>\n<meta property=\"article:modified_time\" content=\"2021-08-12T12:24:54+00:00\" \/>\n<meta property=\"og:image\" content=\"https:\/\/radioljubuski.ba\/wp-content\/uploads\/2021\/08\/740x438-pxl-120821-34178041-20210812095843.jpg\" \/>\n\t<meta property=\"og:image:width\" content=\"740\" \/>\n\t<meta property=\"og:image:height\" content=\"438\" \/>\n\t<meta property=\"og:image:type\" content=\"image\/jpeg\" \/>\n<meta name=\"author\" content=\"Radio Ljubu\u0161ki\" \/>\n<meta name=\"twitter:card\" content=\"summary_large_image\" \/>\n<meta name=\"twitter:creator\" content=\"@radioljubuski\" \/>\n<meta name=\"twitter:site\" content=\"@radioljubuski\" \/>\n<meta name=\"twitter:label1\" content=\"Napisao\/la\" \/>\n\t<meta name=\"twitter:data1\" content=\"Radio Ljubu\u0161ki\" \/>\n\t<meta name=\"twitter:label2\" content=\"Procijenjeno vrijeme \u010ditanja\" \/>\n\t<meta name=\"twitter:data2\" content=\"6 minuta\" \/>\n<script type=\"application\/ld+json\" class=\"yoast-schema-graph\">{\"@context\":\"https:\\\/\\\/schema.org\",\"@graph\":[{\"@type\":\"Article\",\"@id\":\"https:\\\/\\\/radioljubuski.ba\\\/index.php\\\/2021\\\/08\\\/12\\\/plenkovic-odluke-o-generalima-nakon-sto-ministarstvo-sve-analizira-miljavac-u-ratu-se-gine-nije-to-balet\\\/#article\",\"isPartOf\":{\"@id\":\"https:\\\/\\\/radioljubuski.ba\\\/index.php\\\/2021\\\/08\\\/12\\\/plenkovic-odluke-o-generalima-nakon-sto-ministarstvo-sve-analizira-miljavac-u-ratu-se-gine-nije-to-balet\\\/\"},\"author\":{\"name\":\"Radio Ljubu\u0161ki\",\"@id\":\"https:\\\/\\\/radioljubuski.ba\\\/#\\\/schema\\\/person\\\/19fc700381a780f69665d7956c469e3b\"},\"headline\":\"Plenkovi\u0107: Odluke o generalima nakon \u0161to ministarstvo sve analizira; Miljavac: U ratu se gine, nije to balet\",\"datePublished\":\"2021-08-12T12:24:52+00:00\",\"dateModified\":\"2021-08-12T12:24:54+00:00\",\"mainEntityOfPage\":{\"@id\":\"https:\\\/\\\/radioljubuski.ba\\\/index.php\\\/2021\\\/08\\\/12\\\/plenkovic-odluke-o-generalima-nakon-sto-ministarstvo-sve-analizira-miljavac-u-ratu-se-gine-nije-to-balet\\\/\"},\"wordCount\":1480,\"publisher\":{\"@id\":\"https:\\\/\\\/radioljubuski.ba\\\/#organization\"},\"image\":{\"@id\":\"https:\\\/\\\/radioljubuski.ba\\\/index.php\\\/2021\\\/08\\\/12\\\/plenkovic-odluke-o-generalima-nakon-sto-ministarstvo-sve-analizira-miljavac-u-ratu-se-gine-nije-to-balet\\\/#primaryimage\"},\"thumbnailUrl\":\"https:\\\/\\\/radioljubuski.ba\\\/wp-content\\\/uploads\\\/2021\\\/08\\\/740x438-pxl-120821-34178041-20210812095843.jpg\",\"articleSection\":[\"BIH i regija\"],\"inLanguage\":\"hr\"},{\"@type\":\"WebPage\",\"@id\":\"https:\\\/\\\/radioljubuski.ba\\\/index.php\\\/2021\\\/08\\\/12\\\/plenkovic-odluke-o-generalima-nakon-sto-ministarstvo-sve-analizira-miljavac-u-ratu-se-gine-nije-to-balet\\\/\",\"url\":\"https:\\\/\\\/radioljubuski.ba\\\/index.php\\\/2021\\\/08\\\/12\\\/plenkovic-odluke-o-generalima-nakon-sto-ministarstvo-sve-analizira-miljavac-u-ratu-se-gine-nije-to-balet\\\/\",\"name\":\"Plenkovi\u0107: Odluke o generalima nakon \u0161to ministarstvo sve analizira; Miljavac: U ratu se gine, nije to balet - RADIO LJUBU\u0160KI\",\"isPartOf\":{\"@id\":\"https:\\\/\\\/radioljubuski.ba\\\/#website\"},\"primaryImageOfPage\":{\"@id\":\"https:\\\/\\\/radioljubuski.ba\\\/index.php\\\/2021\\\/08\\\/12\\\/plenkovic-odluke-o-generalima-nakon-sto-ministarstvo-sve-analizira-miljavac-u-ratu-se-gine-nije-to-balet\\\/#primaryimage\"},\"image\":{\"@id\":\"https:\\\/\\\/radioljubuski.ba\\\/index.php\\\/2021\\\/08\\\/12\\\/plenkovic-odluke-o-generalima-nakon-sto-ministarstvo-sve-analizira-miljavac-u-ratu-se-gine-nije-to-balet\\\/#primaryimage\"},\"thumbnailUrl\":\"https:\\\/\\\/radioljubuski.ba\\\/wp-content\\\/uploads\\\/2021\\\/08\\\/740x438-pxl-120821-34178041-20210812095843.jpg\",\"datePublished\":\"2021-08-12T12:24:52+00:00\",\"dateModified\":\"2021-08-12T12:24:54+00:00\",\"breadcrumb\":{\"@id\":\"https:\\\/\\\/radioljubuski.ba\\\/index.php\\\/2021\\\/08\\\/12\\\/plenkovic-odluke-o-generalima-nakon-sto-ministarstvo-sve-analizira-miljavac-u-ratu-se-gine-nije-to-balet\\\/#breadcrumb\"},\"inLanguage\":\"hr\",\"potentialAction\":[{\"@type\":\"ReadAction\",\"target\":[\"https:\\\/\\\/radioljubuski.ba\\\/index.php\\\/2021\\\/08\\\/12\\\/plenkovic-odluke-o-generalima-nakon-sto-ministarstvo-sve-analizira-miljavac-u-ratu-se-gine-nije-to-balet\\\/\"]}]},{\"@type\":\"ImageObject\",\"inLanguage\":\"hr\",\"@id\":\"https:\\\/\\\/radioljubuski.ba\\\/index.php\\\/2021\\\/08\\\/12\\\/plenkovic-odluke-o-generalima-nakon-sto-ministarstvo-sve-analizira-miljavac-u-ratu-se-gine-nije-to-balet\\\/#primaryimage\",\"url\":\"https:\\\/\\\/radioljubuski.ba\\\/wp-content\\\/uploads\\\/2021\\\/08\\\/740x438-pxl-120821-34178041-20210812095843.jpg\",\"contentUrl\":\"https:\\\/\\\/radioljubuski.ba\\\/wp-content\\\/uploads\\\/2021\\\/08\\\/740x438-pxl-120821-34178041-20210812095843.jpg\",\"width\":740,\"height\":438,\"caption\":\"12.08.2021., Zagreb - Predsjednik Vlade Andrej Plenkovic susreo se s generalima, zapovjedniicima i visokim casnicima koji su sudjelovali u vojno-redarstvenoj operaciji \\\"Bljesak\\\", u povodu zamolnice tuzila\u0161tva Bosne i Hercegovine za pruzanje medjunarodne pravne pomoci dostavljene temeljem Sporazuma izmedju Vlade RH i Vlade BIH o pravnoj pomoci u gradjanskim i kaznenim stvarima. Marijan Marekovic, Pavao Miljavac, Mladen Markac, Damir Krsticevic, Mario Banozic, Tomo Medved, Andrej Plenkovic, Gordan Grlic Radman, Ivan Malenica. Photo: Davorin Visnjic\\\/PIXSELL\"},{\"@type\":\"BreadcrumbList\",\"@id\":\"https:\\\/\\\/radioljubuski.ba\\\/index.php\\\/2021\\\/08\\\/12\\\/plenkovic-odluke-o-generalima-nakon-sto-ministarstvo-sve-analizira-miljavac-u-ratu-se-gine-nije-to-balet\\\/#breadcrumb\",\"itemListElement\":[{\"@type\":\"ListItem\",\"position\":1,\"name\":\"Po\u010detna stranica\",\"item\":\"https:\\\/\\\/radioljubuski.ba\\\/\"},{\"@type\":\"ListItem\",\"position\":2,\"name\":\"Plenkovi\u0107: Odluke o generalima nakon \u0161to ministarstvo sve analizira; Miljavac: U ratu se gine, nije to balet\"}]},{\"@type\":\"WebSite\",\"@id\":\"https:\\\/\\\/radioljubuski.ba\\\/#website\",\"url\":\"https:\\\/\\\/radioljubuski.ba\\\/\",\"name\":\"Radio Ljubu\u0161ki\",\"description\":\"Sun\u010dana frekvencija Hercegovine\",\"publisher\":{\"@id\":\"https:\\\/\\\/radioljubuski.ba\\\/#organization\"},\"potentialAction\":[{\"@type\":\"SearchAction\",\"target\":{\"@type\":\"EntryPoint\",\"urlTemplate\":\"https:\\\/\\\/radioljubuski.ba\\\/?s={search_term_string}\"},\"query-input\":{\"@type\":\"PropertyValueSpecification\",\"valueRequired\":true,\"valueName\":\"search_term_string\"}}],\"inLanguage\":\"hr\"},{\"@type\":\"Organization\",\"@id\":\"https:\\\/\\\/radioljubuski.ba\\\/#organization\",\"name\":\"Radio Ljubu\u0161ki\",\"url\":\"https:\\\/\\\/radioljubuski.ba\\\/\",\"logo\":{\"@type\":\"ImageObject\",\"inLanguage\":\"hr\",\"@id\":\"https:\\\/\\\/radioljubuski.ba\\\/#\\\/schema\\\/logo\\\/image\\\/\",\"url\":\"https:\\\/\\\/radioljubuski.ba\\\/wp-content\\\/uploads\\\/2021\\\/02\\\/cropped-Radio_Ljubuski_logo1.jpg\",\"contentUrl\":\"https:\\\/\\\/radioljubuski.ba\\\/wp-content\\\/uploads\\\/2021\\\/02\\\/cropped-Radio_Ljubuski_logo1.jpg\",\"width\":512,\"height\":512,\"caption\":\"Radio Ljubu\u0161ki\"},\"image\":{\"@id\":\"https:\\\/\\\/radioljubuski.ba\\\/#\\\/schema\\\/logo\\\/image\\\/\"},\"sameAs\":[\"https:\\\/\\\/www.facebook.com\\\/Radiio-Ljubuski-1490835324566332\",\"https:\\\/\\\/x.com\\\/radioljubuski\",\"https:\\\/\\\/hr.linkedin.com\\\/company\\\/radio-ljubuski\",\"https:\\\/\\\/www.youtube.com\\\/channel\\\/UCHYaeO_n0Db3tjNGudGpXyw\"]},{\"@type\":\"Person\",\"@id\":\"https:\\\/\\\/radioljubuski.ba\\\/#\\\/schema\\\/person\\\/19fc700381a780f69665d7956c469e3b\",\"name\":\"Radio Ljubu\u0161ki\"}]}<\/script>\n<!-- \/ Yoast SEO plugin. -->","yoast_head_json":{"title":"Plenkovi\u0107: Odluke o generalima nakon \u0161to ministarstvo sve analizira; Miljavac: U ratu se gine, nije to balet - RADIO LJUBU\u0160KI","robots":{"index":"index","follow":"follow","max-snippet":"max-snippet:-1","max-image-preview":"max-image-preview:large","max-video-preview":"max-video-preview:-1"},"canonical":"https:\/\/radioljubuski.ba\/index.php\/2021\/08\/12\/plenkovic-odluke-o-generalima-nakon-sto-ministarstvo-sve-analizira-miljavac-u-ratu-se-gine-nije-to-balet\/","og_locale":"hr_HR","og_type":"article","og_title":"Plenkovi\u0107: Odluke o generalima nakon \u0161to ministarstvo sve analizira; Miljavac: U ratu se gine, nije to balet - RADIO LJUBU\u0160KI","og_description":"Zavr\u0161io je sastanak premijera Andreja Plenkovi\u0107a s generalima, zapovjednicima i visokim \u010dasnicima koji su sudjelovali u VRO &#8220;Bljesak&#8221;. Povod sastanka je zamolnica Tu\u017eiteljstva Bosne i Hercegovine za pru\u017eanje me\u0111unarodne pravne pomo\u0107i dostavljene na temelju Sporazuma izme\u0111u Vlade RH i Vlade BiH o pravnoj pomo\u0107i u gra\u0111anskim i kaznenim stvarima.&nbsp; Uz premijera, na sastanku su sudjelovali [&hellip;]","og_url":"https:\/\/radioljubuski.ba\/index.php\/2021\/08\/12\/plenkovic-odluke-o-generalima-nakon-sto-ministarstvo-sve-analizira-miljavac-u-ratu-se-gine-nije-to-balet\/","og_site_name":"RADIO LJUBU\u0160KI","article_publisher":"https:\/\/www.facebook.com\/Radiio-Ljubuski-1490835324566332","article_published_time":"2021-08-12T12:24:52+00:00","article_modified_time":"2021-08-12T12:24:54+00:00","og_image":[{"width":740,"height":438,"url":"https:\/\/radioljubuski.ba\/wp-content\/uploads\/2021\/08\/740x438-pxl-120821-34178041-20210812095843.jpg","type":"image\/jpeg"}],"author":"Radio Ljubu\u0161ki","twitter_card":"summary_large_image","twitter_creator":"@radioljubuski","twitter_site":"@radioljubuski","twitter_misc":{"Napisao\/la":"Radio Ljubu\u0161ki","Procijenjeno vrijeme \u010ditanja":"6 minuta"},"schema":{"@context":"https:\/\/schema.org","@graph":[{"@type":"Article","@id":"https:\/\/radioljubuski.ba\/index.php\/2021\/08\/12\/plenkovic-odluke-o-generalima-nakon-sto-ministarstvo-sve-analizira-miljavac-u-ratu-se-gine-nije-to-balet\/#article","isPartOf":{"@id":"https:\/\/radioljubuski.ba\/index.php\/2021\/08\/12\/plenkovic-odluke-o-generalima-nakon-sto-ministarstvo-sve-analizira-miljavac-u-ratu-se-gine-nije-to-balet\/"},"author":{"name":"Radio Ljubu\u0161ki","@id":"https:\/\/radioljubuski.ba\/#\/schema\/person\/19fc700381a780f69665d7956c469e3b"},"headline":"Plenkovi\u0107: Odluke o generalima nakon \u0161to ministarstvo sve analizira; Miljavac: U ratu se gine, nije to balet","datePublished":"2021-08-12T12:24:52+00:00","dateModified":"2021-08-12T12:24:54+00:00","mainEntityOfPage":{"@id":"https:\/\/radioljubuski.ba\/index.php\/2021\/08\/12\/plenkovic-odluke-o-generalima-nakon-sto-ministarstvo-sve-analizira-miljavac-u-ratu-se-gine-nije-to-balet\/"},"wordCount":1480,"publisher":{"@id":"https:\/\/radioljubuski.ba\/#organization"},"image":{"@id":"https:\/\/radioljubuski.ba\/index.php\/2021\/08\/12\/plenkovic-odluke-o-generalima-nakon-sto-ministarstvo-sve-analizira-miljavac-u-ratu-se-gine-nije-to-balet\/#primaryimage"},"thumbnailUrl":"https:\/\/radioljubuski.ba\/wp-content\/uploads\/2021\/08\/740x438-pxl-120821-34178041-20210812095843.jpg","articleSection":["BIH i regija"],"inLanguage":"hr"},{"@type":"WebPage","@id":"https:\/\/radioljubuski.ba\/index.php\/2021\/08\/12\/plenkovic-odluke-o-generalima-nakon-sto-ministarstvo-sve-analizira-miljavac-u-ratu-se-gine-nije-to-balet\/","url":"https:\/\/radioljubuski.ba\/index.php\/2021\/08\/12\/plenkovic-odluke-o-generalima-nakon-sto-ministarstvo-sve-analizira-miljavac-u-ratu-se-gine-nije-to-balet\/","name":"Plenkovi\u0107: Odluke o generalima nakon \u0161to ministarstvo sve analizira; Miljavac: U ratu se gine, nije to balet - RADIO LJUBU\u0160KI","isPartOf":{"@id":"https:\/\/radioljubuski.ba\/#website"},"primaryImageOfPage":{"@id":"https:\/\/radioljubuski.ba\/index.php\/2021\/08\/12\/plenkovic-odluke-o-generalima-nakon-sto-ministarstvo-sve-analizira-miljavac-u-ratu-se-gine-nije-to-balet\/#primaryimage"},"image":{"@id":"https:\/\/radioljubuski.ba\/index.php\/2021\/08\/12\/plenkovic-odluke-o-generalima-nakon-sto-ministarstvo-sve-analizira-miljavac-u-ratu-se-gine-nije-to-balet\/#primaryimage"},"thumbnailUrl":"https:\/\/radioljubuski.ba\/wp-content\/uploads\/2021\/08\/740x438-pxl-120821-34178041-20210812095843.jpg","datePublished":"2021-08-12T12:24:52+00:00","dateModified":"2021-08-12T12:24:54+00:00","breadcrumb":{"@id":"https:\/\/radioljubuski.ba\/index.php\/2021\/08\/12\/plenkovic-odluke-o-generalima-nakon-sto-ministarstvo-sve-analizira-miljavac-u-ratu-se-gine-nije-to-balet\/#breadcrumb"},"inLanguage":"hr","potentialAction":[{"@type":"ReadAction","target":["https:\/\/radioljubuski.ba\/index.php\/2021\/08\/12\/plenkovic-odluke-o-generalima-nakon-sto-ministarstvo-sve-analizira-miljavac-u-ratu-se-gine-nije-to-balet\/"]}]},{"@type":"ImageObject","inLanguage":"hr","@id":"https:\/\/radioljubuski.ba\/index.php\/2021\/08\/12\/plenkovic-odluke-o-generalima-nakon-sto-ministarstvo-sve-analizira-miljavac-u-ratu-se-gine-nije-to-balet\/#primaryimage","url":"https:\/\/radioljubuski.ba\/wp-content\/uploads\/2021\/08\/740x438-pxl-120821-34178041-20210812095843.jpg","contentUrl":"https:\/\/radioljubuski.ba\/wp-content\/uploads\/2021\/08\/740x438-pxl-120821-34178041-20210812095843.jpg","width":740,"height":438,"caption":"12.08.2021., Zagreb - Predsjednik Vlade Andrej Plenkovic susreo se s generalima, zapovjedniicima i visokim casnicima koji su sudjelovali u vojno-redarstvenoj operaciji \"Bljesak\", u povodu zamolnice tuzila\u0161tva Bosne i Hercegovine za pruzanje medjunarodne pravne pomoci dostavljene temeljem Sporazuma izmedju Vlade RH i Vlade BIH o pravnoj pomoci u gradjanskim i kaznenim stvarima. Marijan Marekovic, Pavao Miljavac, Mladen Markac, Damir Krsticevic, Mario Banozic, Tomo Medved, Andrej Plenkovic, Gordan Grlic Radman, Ivan Malenica. Photo: Davorin Visnjic\/PIXSELL"},{"@type":"BreadcrumbList","@id":"https:\/\/radioljubuski.ba\/index.php\/2021\/08\/12\/plenkovic-odluke-o-generalima-nakon-sto-ministarstvo-sve-analizira-miljavac-u-ratu-se-gine-nije-to-balet\/#breadcrumb","itemListElement":[{"@type":"ListItem","position":1,"name":"Po\u010detna stranica","item":"https:\/\/radioljubuski.ba\/"},{"@type":"ListItem","position":2,"name":"Plenkovi\u0107: Odluke o generalima nakon \u0161to ministarstvo sve analizira; Miljavac: U ratu se gine, nije to balet"}]},{"@type":"WebSite","@id":"https:\/\/radioljubuski.ba\/#website","url":"https:\/\/radioljubuski.ba\/","name":"Radio Ljubu\u0161ki","description":"Sun\u010dana frekvencija Hercegovine","publisher":{"@id":"https:\/\/radioljubuski.ba\/#organization"},"potentialAction":[{"@type":"SearchAction","target":{"@type":"EntryPoint","urlTemplate":"https:\/\/radioljubuski.ba\/?s={search_term_string}"},"query-input":{"@type":"PropertyValueSpecification","valueRequired":true,"valueName":"search_term_string"}}],"inLanguage":"hr"},{"@type":"Organization","@id":"https:\/\/radioljubuski.ba\/#organization","name":"Radio Ljubu\u0161ki","url":"https:\/\/radioljubuski.ba\/","logo":{"@type":"ImageObject","inLanguage":"hr","@id":"https:\/\/radioljubuski.ba\/#\/schema\/logo\/image\/","url":"https:\/\/radioljubuski.ba\/wp-content\/uploads\/2021\/02\/cropped-Radio_Ljubuski_logo1.jpg","contentUrl":"https:\/\/radioljubuski.ba\/wp-content\/uploads\/2021\/02\/cropped-Radio_Ljubuski_logo1.jpg","width":512,"height":512,"caption":"Radio Ljubu\u0161ki"},"image":{"@id":"https:\/\/radioljubuski.ba\/#\/schema\/logo\/image\/"},"sameAs":["https:\/\/www.facebook.com\/Radiio-Ljubuski-1490835324566332","https:\/\/x.com\/radioljubuski","https:\/\/hr.linkedin.com\/company\/radio-ljubuski","https:\/\/www.youtube.com\/channel\/UCHYaeO_n0Db3tjNGudGpXyw"]},{"@type":"Person","@id":"https:\/\/radioljubuski.ba\/#\/schema\/person\/19fc700381a780f69665d7956c469e3b","name":"Radio Ljubu\u0161ki"}]}},"_links":{"self":[{"href":"https:\/\/radioljubuski.ba\/index.php\/wp-json\/wp\/v2\/posts\/52641","targetHints":{"allow":["GET"]}}],"collection":[{"href":"https:\/\/radioljubuski.ba\/index.php\/wp-json\/wp\/v2\/posts"}],"about":[{"href":"https:\/\/radioljubuski.ba\/index.php\/wp-json\/wp\/v2\/types\/post"}],"author":[{"embeddable":true,"href":"https:\/\/radioljubuski.ba\/index.php\/wp-json\/wp\/v2\/users\/2"}],"replies":[{"embeddable":true,"href":"https:\/\/radioljubuski.ba\/index.php\/wp-json\/wp\/v2\/comments?post=52641"}],"version-history":[{"count":1,"href":"https:\/\/radioljubuski.ba\/index.php\/wp-json\/wp\/v2\/posts\/52641\/revisions"}],"predecessor-version":[{"id":52643,"href":"https:\/\/radioljubuski.ba\/index.php\/wp-json\/wp\/v2\/posts\/52641\/revisions\/52643"}],"wp:featuredmedia":[{"embeddable":true,"href":"https:\/\/radioljubuski.ba\/index.php\/wp-json\/wp\/v2\/media\/52642"}],"wp:attachment":[{"href":"https:\/\/radioljubuski.ba\/index.php\/wp-json\/wp\/v2\/media?parent=52641"}],"wp:term":[{"taxonomy":"category","embeddable":true,"href":"https:\/\/radioljubuski.ba\/index.php\/wp-json\/wp\/v2\/categories?post=52641"},{"taxonomy":"post_tag","embeddable":true,"href":"https:\/\/radioljubuski.ba\/index.php\/wp-json\/wp\/v2\/tags?post=52641"}],"curies":[{"name":"wp","href":"https:\/\/api.w.org\/{rel}","templated":true}]}}