{"id":52644,"date":"2021-08-12T13:38:38","date_gmt":"2021-08-12T12:38:38","guid":{"rendered":"https:\/\/radioljubuski.ba\/?p=52644"},"modified":"2021-08-12T13:38:39","modified_gmt":"2021-08-12T12:38:39","slug":"ecdc-objavio-novu-koronakartu-zagreb-u-narancastom","status":"publish","type":"post","link":"https:\/\/radioljubuski.ba\/index.php\/2021\/08\/12\/ecdc-objavio-novu-koronakartu-zagreb-u-narancastom\/","title":{"rendered":"ECDC objavio novu koronakartu, Zagreb &#8220;u naran\u010dastom&#8221;"},"content":{"rendered":"\n<p>Europski centar za prevenciju i kontrolu bolesti (ECDC) objavio je u \u010detvrtak novu kartu s epidemiolo\u0161kom situacijom po europskim regijama, na kojoj je hrvatska obala ostala u naran\u010dastom, dok je Zagreb iz zelenog pre\u0161ao u naran\u010dasto, a mediteranski konkurenti Hrvatske ostaju ve\u0107inom u crvenom ili tamno crvenom.<\/p>\n\n\n\n<blockquote class=\"twitter-tweet\"><p lang=\"en\" dir=\"ltr\">Updated \ud83d\udea6 maps are online!<br><br>These maps aim to support the <a href=\"https:\/\/twitter.com\/EUCouncil?ref_src=twsrc%5Etfw\">@EUCouncil<\/a> recommendation on travel measures in the EU during <a href=\"https:\/\/twitter.com\/hashtag\/COVID19?src=hash&amp;ref_src=twsrc%5Etfw\">#COVID19<\/a> pandemic.<br><br>Color-blind friendly map in the next tweet.<a href=\"https:\/\/t.co\/CcBVx6B0o5\">https:\/\/t.co\/CcBVx6B0o5<\/a> <a href=\"https:\/\/t.co\/PCbbYoDaUm\">pic.twitter.com\/PCbbYoDaUm<\/a><\/p>&mdash; ECDC (@ECDC_EU) <a href=\"https:\/\/twitter.com\/ECDC_EU\/status\/1425762434955022343?ref_src=twsrc%5Etfw\">August 12, 2021<\/a><\/blockquote> <script async src=\"https:\/\/platform.twitter.com\/widgets.js\" charset=\"utf-8\"><\/script> \n\n\n\n<p>Epidemiolo\u0161ka karta ECDC-a za Europu objavljuje se svaki tjedan na temelju 14-odnevne incidencije i udjela pozitivnih testova u ukupnom broju testiranih.&nbsp;Hrvatska je obala na najnovijoj karti ostala u &#8220;naran\u010dastom&#8221;, \u0161to zna\u010di da je incidencija potvr\u0111enih slu\u010dajeva manja od 50, ali je udio pozitivnih ve\u0107i od 4 posto ili je 14-dnevna stopa izme\u0111u 75 i 200, a udio pozitivnih me\u0111u testiranima manji od \u010detiri posto.<br><br>Grad Zagreb je nakon dugo vremena vi\u0161e nije &#8220;zelen&#8221;, ve\u0107 je u naran\u010dastom, dok su ostale hrvatske regije i dalje ozna\u010dene zelenom bojom.<br><br>Karta ECDC-a je savjetodavna, ali se neke dr\u017eave \u010dlanice oslanjaju na nju prilikom uvo\u0111enja epidemiolo\u0161kih restrikcija po povratku u zemlju.<br><br>Mediteranski konkurenti Hrvatske u ljetnom turizmu u pravilu imaju lo\u0161iju epidemiolo\u0161ku situaciju od hrvatske obale. Samo su dvije gr\u010dke regije ozna\u010dene naran\u010dastom, dok je ostatak ozna\u010den crvenom ili tamno crvenom bojom. Tamo crvenom su ozna\u010deni Cipar, velika ve\u0107ina \u0161panjolske i mediteranska obala francuske. Malta, Portugal, Sicilija, Korzika i dio juga Italije su u crvenom.<br><br>Najbolja je epidemiolo\u0161ka situacija u srednjoj Europi. Ma\u0111arska, Slova\u010dka, \u010ce\u0161ka i Poljska u potpunosti su u zelenom, kao i ve\u0107i dio Slovenije i Austrije. U zelenom su i Rumunjska, ve\u0107ina Njema\u010dke i Latvija, dok je ostatak Europe uglavnom ozna\u010den naran\u010dastom ili crvenom bojom.<br><br>Zelenom su na karti ECDC-a ozna\u010dene regije u kojima je 14-dnevna stopa zara\u017eenih na 100 tisu\u0107a stanovnika manja od 50, a udio pozitivnih na covid-19 od testiranih manji od \u010detiri posto ili je 14-dnevna incidencija manja od 75, a udio pozitivnih manji od jedan posto.<br><br>Crvena boja zna\u010di 14-dnevnu stopu od 75-200, s udjelom pozitivnih ve\u0107im od 4 posto te podru\u010dja u kojima je 14-dnevna stopa zara\u017eenih od 200 do 500, a tamno crvena podru\u010dja u kojima je 14-dnevna stopa ve\u0107a od 500.<br><br>ECDC procjenjuje rizik od covida-19 po ve\u0107im statisti\u010dkim regijama unutar zemlje (NUTS 2).<br><br>NUTS 2 statisti\u010dke regije moraju imati najmanje 800 tisu\u0107a stanovnika, a najvi\u0161e tri milijuna. U Hrvatskoj tako postoje samo \u010detiri NUTS 2 regije &#8211; Panonska Hrvatska, Jadranska Hrvatska, Sjeverna Hrvatska i Grad Zagreb.<\/p>\n\n\n\n<p><strong>U Hrvatskoj 333 nova slu\u010daja zaraze, preminule tri osobe<\/strong><br><br>U protekla 24 sata zabilje\u017eena su 333 nova slu\u010daja pa je aktivnih slu\u010dajeva u Hrvatskoj danas ukupno 1552. Me\u0111u njima su 192 pacijenta na bolni\u010dkom lije\u010denju, od toga ih je na respiratoru 19. Preminule su tri osobe.<\/p>\n\n\n\n<blockquote class=\"twitter-tweet\"><p lang=\"und\" dir=\"ltr\">U protekla 24 sata zabilje\u017eena su 333 nova slu\u010daja pa je broj aktivnih slu\u010dajeva u Hrvatskoj danas ukupno 1.552. Me\u0111u njima su 192 pacijenta na bolni\u010dkom lije\u010denju, od toga je na respiratoru 19 pacijenata. Preminule su tri osobe.<\/p>&mdash; Koronavirus.hr (@koronavirus_hr) <a href=\"https:\/\/twitter.com\/koronavirus_hr\/status\/1425746465461256192?ref_src=twsrc%5Etfw\">August 12, 2021<\/a><\/blockquote> <script async src=\"https:\/\/platform.twitter.com\/widgets.js\" charset=\"utf-8\"><\/script> \n\n\n\n<p>Nastavlja se cijepljenje diljem Hrvatske, danas se bez najave prva doza Pfizerova cjepiva mo\u017ee primiti u Vara\u017edinu, u podrumu Op\u0107e bolnice.<\/p>\n\n\n\n<div style=\"width: 640px;\" class=\"wp-video\"><video class=\"wp-video-shortcode\" id=\"video-52644-1\" width=\"640\" height=\"360\" preload=\"metadata\" controls=\"controls\"><source type=\"video\/mp4\" src=\"https:\/\/api.hrt.hr\/media\/26\/77\/tvd1-ton-o-cijepljenju-20210812112945.mp4?_=1\" \/><a href=\"https:\/\/api.hrt.hr\/media\/26\/77\/tvd1-ton-o-cijepljenju-20210812112945.mp4\">https:\/\/api.hrt.hr\/media\/26\/77\/tvd1-ton-o-cijepljenju-20210812112945.mp4<\/a><\/video><\/div>\n\n\n\n<p>Borba protiv koronavirusa nastavlja se diljem svijeta. Kalifornija je postala prva ameri\u010dka savezna dr\u017eava koja je uvela obvezno cijepljenje ili redovito testiranje na koronavirus za sve u\u010ditelje i \u0161kolsko osoblje. U dijelovima Australije, uklju\u010duju\u0107i glavni grad Canberru, uvedena je stroga karantena. Cijepljeno je manje od \u010detvrtine Australaca.<\/p>\n\n\n\n<div style=\"width: 640px;\" class=\"wp-video\"><video class=\"wp-video-shortcode\" id=\"video-52644-2\" width=\"640\" height=\"360\" preload=\"metadata\" controls=\"controls\"><source type=\"video\/mp4\" src=\"https:\/\/api.hrt.hr\/media\/0d\/b5\/tvd1-ton-covid-svijet-20210812103201.mp4?_=2\" \/><a href=\"https:\/\/api.hrt.hr\/media\/0d\/b5\/tvd1-ton-covid-svijet-20210812103201.mp4\">https:\/\/api.hrt.hr\/media\/0d\/b5\/tvd1-ton-covid-svijet-20210812103201.mp4<\/a><\/video><\/div>\n\n\n\n<p>Izvor:hrt.hr<\/p>\n","protected":false},"excerpt":{"rendered":"<p>Europski centar za prevenciju i kontrolu bolesti (ECDC) objavio je u \u010detvrtak novu kartu s epidemiolo\u0161kom situacijom po europskim regijama, na kojoj je hrvatska obala ostala u naran\u010dastom, dok je Zagreb iz zelenog pre\u0161ao u naran\u010dasto, a mediteranski konkurenti Hrvatske ostaju ve\u0107inom u crvenom ili tamno crvenom. Updated \ud83d\udea6 maps are online! These maps aim [&hellip;]<\/p>\n","protected":false},"author":2,"featured_media":52645,"comment_status":"closed","ping_status":"closed","sticky":false,"template":"","format":"standard","meta":{"h5ap_radio_sources":[],"footnotes":""},"categories":[1],"tags":[],"class_list":["post-52644","post","type-post","status-publish","format-standard","has-post-thumbnail","hentry","category-bihiregija"],"yoast_head":"<!-- This site is optimized with the Yoast SEO plugin v27.4 - https:\/\/yoast.com\/product\/yoast-seo-wordpress\/ -->\n<title>ECDC objavio novu koronakartu, Zagreb &quot;u naran\u010dastom&quot; - RADIO LJUBU\u0160KI<\/title>\n<meta name=\"robots\" content=\"index, follow, max-snippet:-1, max-image-preview:large, max-video-preview:-1\" \/>\n<link rel=\"canonical\" href=\"https:\/\/radioljubuski.ba\/index.php\/2021\/08\/12\/ecdc-objavio-novu-koronakartu-zagreb-u-narancastom\/\" \/>\n<meta property=\"og:locale\" content=\"hr_HR\" \/>\n<meta property=\"og:type\" content=\"article\" \/>\n<meta property=\"og:title\" content=\"ECDC objavio novu koronakartu, Zagreb &quot;u naran\u010dastom&quot; - RADIO LJUBU\u0160KI\" \/>\n<meta property=\"og:description\" content=\"Europski centar za prevenciju i kontrolu bolesti (ECDC) objavio je u \u010detvrtak novu kartu s epidemiolo\u0161kom situacijom po europskim regijama, na kojoj je hrvatska obala ostala u naran\u010dastom, dok je Zagreb iz zelenog pre\u0161ao u naran\u010dasto, a mediteranski konkurenti Hrvatske ostaju ve\u0107inom u crvenom ili tamno crvenom. Updated \ud83d\udea6 maps are online! These maps aim [&hellip;]\" \/>\n<meta property=\"og:url\" content=\"https:\/\/radioljubuski.ba\/index.php\/2021\/08\/12\/ecdc-objavio-novu-koronakartu-zagreb-u-narancastom\/\" \/>\n<meta property=\"og:site_name\" content=\"RADIO LJUBU\u0160KI\" \/>\n<meta property=\"article:publisher\" content=\"https:\/\/www.facebook.com\/Radiio-Ljubuski-1490835324566332\" \/>\n<meta property=\"article:published_time\" content=\"2021-08-12T12:38:38+00:00\" \/>\n<meta property=\"article:modified_time\" content=\"2021-08-12T12:38:39+00:00\" \/>\n<meta property=\"og:image\" content=\"https:\/\/radioljubuski.ba\/wp-content\/uploads\/2021\/08\/11-1.png\" \/>\n\t<meta property=\"og:image:width\" content=\"744\" \/>\n\t<meta property=\"og:image:height\" content=\"441\" \/>\n\t<meta property=\"og:image:type\" content=\"image\/png\" \/>\n<meta name=\"author\" content=\"Radio Ljubu\u0161ki\" \/>\n<meta name=\"twitter:card\" content=\"summary_large_image\" \/>\n<meta name=\"twitter:creator\" content=\"@radioljubuski\" \/>\n<meta name=\"twitter:site\" content=\"@radioljubuski\" \/>\n<meta name=\"twitter:label1\" content=\"Napisao\/la\" \/>\n\t<meta name=\"twitter:data1\" content=\"Radio Ljubu\u0161ki\" \/>\n\t<meta name=\"twitter:label2\" content=\"Procijenjeno vrijeme \u010ditanja\" \/>\n\t<meta name=\"twitter:data2\" content=\"3 minute\" \/>\n<script type=\"application\/ld+json\" class=\"yoast-schema-graph\">{\"@context\":\"https:\\\/\\\/schema.org\",\"@graph\":[{\"@type\":\"Article\",\"@id\":\"https:\\\/\\\/radioljubuski.ba\\\/index.php\\\/2021\\\/08\\\/12\\\/ecdc-objavio-novu-koronakartu-zagreb-u-narancastom\\\/#article\",\"isPartOf\":{\"@id\":\"https:\\\/\\\/radioljubuski.ba\\\/index.php\\\/2021\\\/08\\\/12\\\/ecdc-objavio-novu-koronakartu-zagreb-u-narancastom\\\/\"},\"author\":{\"name\":\"Radio Ljubu\u0161ki\",\"@id\":\"https:\\\/\\\/radioljubuski.ba\\\/#\\\/schema\\\/person\\\/19fc700381a780f69665d7956c469e3b\"},\"headline\":\"ECDC objavio novu koronakartu, Zagreb &#8220;u naran\u010dastom&#8221;\",\"datePublished\":\"2021-08-12T12:38:38+00:00\",\"dateModified\":\"2021-08-12T12:38:39+00:00\",\"mainEntityOfPage\":{\"@id\":\"https:\\\/\\\/radioljubuski.ba\\\/index.php\\\/2021\\\/08\\\/12\\\/ecdc-objavio-novu-koronakartu-zagreb-u-narancastom\\\/\"},\"wordCount\":657,\"publisher\":{\"@id\":\"https:\\\/\\\/radioljubuski.ba\\\/#organization\"},\"image\":{\"@id\":\"https:\\\/\\\/radioljubuski.ba\\\/index.php\\\/2021\\\/08\\\/12\\\/ecdc-objavio-novu-koronakartu-zagreb-u-narancastom\\\/#primaryimage\"},\"thumbnailUrl\":\"https:\\\/\\\/radioljubuski.ba\\\/wp-content\\\/uploads\\\/2021\\\/08\\\/11-1.png\",\"articleSection\":[\"BIH i regija\"],\"inLanguage\":\"hr\"},{\"@type\":\"WebPage\",\"@id\":\"https:\\\/\\\/radioljubuski.ba\\\/index.php\\\/2021\\\/08\\\/12\\\/ecdc-objavio-novu-koronakartu-zagreb-u-narancastom\\\/\",\"url\":\"https:\\\/\\\/radioljubuski.ba\\\/index.php\\\/2021\\\/08\\\/12\\\/ecdc-objavio-novu-koronakartu-zagreb-u-narancastom\\\/\",\"name\":\"ECDC objavio novu koronakartu, Zagreb \\\"u naran\u010dastom\\\" - RADIO LJUBU\u0160KI\",\"isPartOf\":{\"@id\":\"https:\\\/\\\/radioljubuski.ba\\\/#website\"},\"primaryImageOfPage\":{\"@id\":\"https:\\\/\\\/radioljubuski.ba\\\/index.php\\\/2021\\\/08\\\/12\\\/ecdc-objavio-novu-koronakartu-zagreb-u-narancastom\\\/#primaryimage\"},\"image\":{\"@id\":\"https:\\\/\\\/radioljubuski.ba\\\/index.php\\\/2021\\\/08\\\/12\\\/ecdc-objavio-novu-koronakartu-zagreb-u-narancastom\\\/#primaryimage\"},\"thumbnailUrl\":\"https:\\\/\\\/radioljubuski.ba\\\/wp-content\\\/uploads\\\/2021\\\/08\\\/11-1.png\",\"datePublished\":\"2021-08-12T12:38:38+00:00\",\"dateModified\":\"2021-08-12T12:38:39+00:00\",\"breadcrumb\":{\"@id\":\"https:\\\/\\\/radioljubuski.ba\\\/index.php\\\/2021\\\/08\\\/12\\\/ecdc-objavio-novu-koronakartu-zagreb-u-narancastom\\\/#breadcrumb\"},\"inLanguage\":\"hr\",\"potentialAction\":[{\"@type\":\"ReadAction\",\"target\":[\"https:\\\/\\\/radioljubuski.ba\\\/index.php\\\/2021\\\/08\\\/12\\\/ecdc-objavio-novu-koronakartu-zagreb-u-narancastom\\\/\"]}]},{\"@type\":\"ImageObject\",\"inLanguage\":\"hr\",\"@id\":\"https:\\\/\\\/radioljubuski.ba\\\/index.php\\\/2021\\\/08\\\/12\\\/ecdc-objavio-novu-koronakartu-zagreb-u-narancastom\\\/#primaryimage\",\"url\":\"https:\\\/\\\/radioljubuski.ba\\\/wp-content\\\/uploads\\\/2021\\\/08\\\/11-1.png\",\"contentUrl\":\"https:\\\/\\\/radioljubuski.ba\\\/wp-content\\\/uploads\\\/2021\\\/08\\\/11-1.png\",\"width\":744,\"height\":441},{\"@type\":\"BreadcrumbList\",\"@id\":\"https:\\\/\\\/radioljubuski.ba\\\/index.php\\\/2021\\\/08\\\/12\\\/ecdc-objavio-novu-koronakartu-zagreb-u-narancastom\\\/#breadcrumb\",\"itemListElement\":[{\"@type\":\"ListItem\",\"position\":1,\"name\":\"Po\u010detna stranica\",\"item\":\"https:\\\/\\\/radioljubuski.ba\\\/\"},{\"@type\":\"ListItem\",\"position\":2,\"name\":\"ECDC objavio novu koronakartu, Zagreb &#8220;u naran\u010dastom&#8221;\"}]},{\"@type\":\"WebSite\",\"@id\":\"https:\\\/\\\/radioljubuski.ba\\\/#website\",\"url\":\"https:\\\/\\\/radioljubuski.ba\\\/\",\"name\":\"Radio Ljubu\u0161ki\",\"description\":\"Sun\u010dana frekvencija Hercegovine\",\"publisher\":{\"@id\":\"https:\\\/\\\/radioljubuski.ba\\\/#organization\"},\"potentialAction\":[{\"@type\":\"SearchAction\",\"target\":{\"@type\":\"EntryPoint\",\"urlTemplate\":\"https:\\\/\\\/radioljubuski.ba\\\/?s={search_term_string}\"},\"query-input\":{\"@type\":\"PropertyValueSpecification\",\"valueRequired\":true,\"valueName\":\"search_term_string\"}}],\"inLanguage\":\"hr\"},{\"@type\":\"Organization\",\"@id\":\"https:\\\/\\\/radioljubuski.ba\\\/#organization\",\"name\":\"Radio Ljubu\u0161ki\",\"url\":\"https:\\\/\\\/radioljubuski.ba\\\/\",\"logo\":{\"@type\":\"ImageObject\",\"inLanguage\":\"hr\",\"@id\":\"https:\\\/\\\/radioljubuski.ba\\\/#\\\/schema\\\/logo\\\/image\\\/\",\"url\":\"https:\\\/\\\/radioljubuski.ba\\\/wp-content\\\/uploads\\\/2021\\\/02\\\/cropped-Radio_Ljubuski_logo1.jpg\",\"contentUrl\":\"https:\\\/\\\/radioljubuski.ba\\\/wp-content\\\/uploads\\\/2021\\\/02\\\/cropped-Radio_Ljubuski_logo1.jpg\",\"width\":512,\"height\":512,\"caption\":\"Radio Ljubu\u0161ki\"},\"image\":{\"@id\":\"https:\\\/\\\/radioljubuski.ba\\\/#\\\/schema\\\/logo\\\/image\\\/\"},\"sameAs\":[\"https:\\\/\\\/www.facebook.com\\\/Radiio-Ljubuski-1490835324566332\",\"https:\\\/\\\/x.com\\\/radioljubuski\",\"https:\\\/\\\/hr.linkedin.com\\\/company\\\/radio-ljubuski\",\"https:\\\/\\\/www.youtube.com\\\/channel\\\/UCHYaeO_n0Db3tjNGudGpXyw\"]},{\"@type\":\"Person\",\"@id\":\"https:\\\/\\\/radioljubuski.ba\\\/#\\\/schema\\\/person\\\/19fc700381a780f69665d7956c469e3b\",\"name\":\"Radio Ljubu\u0161ki\"}]}<\/script>\n<!-- \/ Yoast SEO plugin. -->","yoast_head_json":{"title":"ECDC objavio novu koronakartu, Zagreb \"u naran\u010dastom\" - RADIO LJUBU\u0160KI","robots":{"index":"index","follow":"follow","max-snippet":"max-snippet:-1","max-image-preview":"max-image-preview:large","max-video-preview":"max-video-preview:-1"},"canonical":"https:\/\/radioljubuski.ba\/index.php\/2021\/08\/12\/ecdc-objavio-novu-koronakartu-zagreb-u-narancastom\/","og_locale":"hr_HR","og_type":"article","og_title":"ECDC objavio novu koronakartu, Zagreb \"u naran\u010dastom\" - RADIO LJUBU\u0160KI","og_description":"Europski centar za prevenciju i kontrolu bolesti (ECDC) objavio je u \u010detvrtak novu kartu s epidemiolo\u0161kom situacijom po europskim regijama, na kojoj je hrvatska obala ostala u naran\u010dastom, dok je Zagreb iz zelenog pre\u0161ao u naran\u010dasto, a mediteranski konkurenti Hrvatske ostaju ve\u0107inom u crvenom ili tamno crvenom. Updated \ud83d\udea6 maps are online! These maps aim [&hellip;]","og_url":"https:\/\/radioljubuski.ba\/index.php\/2021\/08\/12\/ecdc-objavio-novu-koronakartu-zagreb-u-narancastom\/","og_site_name":"RADIO LJUBU\u0160KI","article_publisher":"https:\/\/www.facebook.com\/Radiio-Ljubuski-1490835324566332","article_published_time":"2021-08-12T12:38:38+00:00","article_modified_time":"2021-08-12T12:38:39+00:00","og_image":[{"width":744,"height":441,"url":"https:\/\/radioljubuski.ba\/wp-content\/uploads\/2021\/08\/11-1.png","type":"image\/png"}],"author":"Radio Ljubu\u0161ki","twitter_card":"summary_large_image","twitter_creator":"@radioljubuski","twitter_site":"@radioljubuski","twitter_misc":{"Napisao\/la":"Radio Ljubu\u0161ki","Procijenjeno vrijeme \u010ditanja":"3 minute"},"schema":{"@context":"https:\/\/schema.org","@graph":[{"@type":"Article","@id":"https:\/\/radioljubuski.ba\/index.php\/2021\/08\/12\/ecdc-objavio-novu-koronakartu-zagreb-u-narancastom\/#article","isPartOf":{"@id":"https:\/\/radioljubuski.ba\/index.php\/2021\/08\/12\/ecdc-objavio-novu-koronakartu-zagreb-u-narancastom\/"},"author":{"name":"Radio Ljubu\u0161ki","@id":"https:\/\/radioljubuski.ba\/#\/schema\/person\/19fc700381a780f69665d7956c469e3b"},"headline":"ECDC objavio novu koronakartu, Zagreb &#8220;u naran\u010dastom&#8221;","datePublished":"2021-08-12T12:38:38+00:00","dateModified":"2021-08-12T12:38:39+00:00","mainEntityOfPage":{"@id":"https:\/\/radioljubuski.ba\/index.php\/2021\/08\/12\/ecdc-objavio-novu-koronakartu-zagreb-u-narancastom\/"},"wordCount":657,"publisher":{"@id":"https:\/\/radioljubuski.ba\/#organization"},"image":{"@id":"https:\/\/radioljubuski.ba\/index.php\/2021\/08\/12\/ecdc-objavio-novu-koronakartu-zagreb-u-narancastom\/#primaryimage"},"thumbnailUrl":"https:\/\/radioljubuski.ba\/wp-content\/uploads\/2021\/08\/11-1.png","articleSection":["BIH i regija"],"inLanguage":"hr"},{"@type":"WebPage","@id":"https:\/\/radioljubuski.ba\/index.php\/2021\/08\/12\/ecdc-objavio-novu-koronakartu-zagreb-u-narancastom\/","url":"https:\/\/radioljubuski.ba\/index.php\/2021\/08\/12\/ecdc-objavio-novu-koronakartu-zagreb-u-narancastom\/","name":"ECDC objavio novu koronakartu, Zagreb \"u naran\u010dastom\" - RADIO LJUBU\u0160KI","isPartOf":{"@id":"https:\/\/radioljubuski.ba\/#website"},"primaryImageOfPage":{"@id":"https:\/\/radioljubuski.ba\/index.php\/2021\/08\/12\/ecdc-objavio-novu-koronakartu-zagreb-u-narancastom\/#primaryimage"},"image":{"@id":"https:\/\/radioljubuski.ba\/index.php\/2021\/08\/12\/ecdc-objavio-novu-koronakartu-zagreb-u-narancastom\/#primaryimage"},"thumbnailUrl":"https:\/\/radioljubuski.ba\/wp-content\/uploads\/2021\/08\/11-1.png","datePublished":"2021-08-12T12:38:38+00:00","dateModified":"2021-08-12T12:38:39+00:00","breadcrumb":{"@id":"https:\/\/radioljubuski.ba\/index.php\/2021\/08\/12\/ecdc-objavio-novu-koronakartu-zagreb-u-narancastom\/#breadcrumb"},"inLanguage":"hr","potentialAction":[{"@type":"ReadAction","target":["https:\/\/radioljubuski.ba\/index.php\/2021\/08\/12\/ecdc-objavio-novu-koronakartu-zagreb-u-narancastom\/"]}]},{"@type":"ImageObject","inLanguage":"hr","@id":"https:\/\/radioljubuski.ba\/index.php\/2021\/08\/12\/ecdc-objavio-novu-koronakartu-zagreb-u-narancastom\/#primaryimage","url":"https:\/\/radioljubuski.ba\/wp-content\/uploads\/2021\/08\/11-1.png","contentUrl":"https:\/\/radioljubuski.ba\/wp-content\/uploads\/2021\/08\/11-1.png","width":744,"height":441},{"@type":"BreadcrumbList","@id":"https:\/\/radioljubuski.ba\/index.php\/2021\/08\/12\/ecdc-objavio-novu-koronakartu-zagreb-u-narancastom\/#breadcrumb","itemListElement":[{"@type":"ListItem","position":1,"name":"Po\u010detna stranica","item":"https:\/\/radioljubuski.ba\/"},{"@type":"ListItem","position":2,"name":"ECDC objavio novu koronakartu, Zagreb &#8220;u naran\u010dastom&#8221;"}]},{"@type":"WebSite","@id":"https:\/\/radioljubuski.ba\/#website","url":"https:\/\/radioljubuski.ba\/","name":"Radio Ljubu\u0161ki","description":"Sun\u010dana frekvencija Hercegovine","publisher":{"@id":"https:\/\/radioljubuski.ba\/#organization"},"potentialAction":[{"@type":"SearchAction","target":{"@type":"EntryPoint","urlTemplate":"https:\/\/radioljubuski.ba\/?s={search_term_string}"},"query-input":{"@type":"PropertyValueSpecification","valueRequired":true,"valueName":"search_term_string"}}],"inLanguage":"hr"},{"@type":"Organization","@id":"https:\/\/radioljubuski.ba\/#organization","name":"Radio Ljubu\u0161ki","url":"https:\/\/radioljubuski.ba\/","logo":{"@type":"ImageObject","inLanguage":"hr","@id":"https:\/\/radioljubuski.ba\/#\/schema\/logo\/image\/","url":"https:\/\/radioljubuski.ba\/wp-content\/uploads\/2021\/02\/cropped-Radio_Ljubuski_logo1.jpg","contentUrl":"https:\/\/radioljubuski.ba\/wp-content\/uploads\/2021\/02\/cropped-Radio_Ljubuski_logo1.jpg","width":512,"height":512,"caption":"Radio Ljubu\u0161ki"},"image":{"@id":"https:\/\/radioljubuski.ba\/#\/schema\/logo\/image\/"},"sameAs":["https:\/\/www.facebook.com\/Radiio-Ljubuski-1490835324566332","https:\/\/x.com\/radioljubuski","https:\/\/hr.linkedin.com\/company\/radio-ljubuski","https:\/\/www.youtube.com\/channel\/UCHYaeO_n0Db3tjNGudGpXyw"]},{"@type":"Person","@id":"https:\/\/radioljubuski.ba\/#\/schema\/person\/19fc700381a780f69665d7956c469e3b","name":"Radio Ljubu\u0161ki"}]}},"_links":{"self":[{"href":"https:\/\/radioljubuski.ba\/index.php\/wp-json\/wp\/v2\/posts\/52644","targetHints":{"allow":["GET"]}}],"collection":[{"href":"https:\/\/radioljubuski.ba\/index.php\/wp-json\/wp\/v2\/posts"}],"about":[{"href":"https:\/\/radioljubuski.ba\/index.php\/wp-json\/wp\/v2\/types\/post"}],"author":[{"embeddable":true,"href":"https:\/\/radioljubuski.ba\/index.php\/wp-json\/wp\/v2\/users\/2"}],"replies":[{"embeddable":true,"href":"https:\/\/radioljubuski.ba\/index.php\/wp-json\/wp\/v2\/comments?post=52644"}],"version-history":[{"count":1,"href":"https:\/\/radioljubuski.ba\/index.php\/wp-json\/wp\/v2\/posts\/52644\/revisions"}],"predecessor-version":[{"id":52646,"href":"https:\/\/radioljubuski.ba\/index.php\/wp-json\/wp\/v2\/posts\/52644\/revisions\/52646"}],"wp:featuredmedia":[{"embeddable":true,"href":"https:\/\/radioljubuski.ba\/index.php\/wp-json\/wp\/v2\/media\/52645"}],"wp:attachment":[{"href":"https:\/\/radioljubuski.ba\/index.php\/wp-json\/wp\/v2\/media?parent=52644"}],"wp:term":[{"taxonomy":"category","embeddable":true,"href":"https:\/\/radioljubuski.ba\/index.php\/wp-json\/wp\/v2\/categories?post=52644"},{"taxonomy":"post_tag","embeddable":true,"href":"https:\/\/radioljubuski.ba\/index.php\/wp-json\/wp\/v2\/tags?post=52644"}],"curies":[{"name":"wp","href":"https:\/\/api.w.org\/{rel}","templated":true}]}}