{"id":52665,"date":"2021-08-12T14:39:16","date_gmt":"2021-08-12T13:39:16","guid":{"rendered":"https:\/\/radioljubuski.ba\/?p=52665"},"modified":"2021-08-12T14:39:17","modified_gmt":"2021-08-12T13:39:17","slug":"idete-na-more-oprez-ucestale-su-krade-na-plazi-policija-objavila-kako-ih-sprijeciti","status":"publish","type":"post","link":"https:\/\/radioljubuski.ba\/index.php\/2021\/08\/12\/idete-na-more-oprez-ucestale-su-krade-na-plazi-policija-objavila-kako-ih-sprijeciti\/","title":{"rendered":"Idete na more? Oprez, u\u010destale su kra\u0111e na pla\u017ei, policija objavila kako ih sprije\u010diti"},"content":{"rendered":"\n<p>Policijska uprava splitsko-dalmatinska objavila je da su u srijedu prijavljene tri kra\u0111e na pla\u017ei Ba\u010dvice i dvije kra\u0111e na pla\u017ei na podru\u010dju Makarske odnosno Tu\u010depa.<\/p>\n\n\n\n<p>Ukradeni su nov\u010danici, mobiteli i torbe, a policija provodi kriminalisti\u010dko istra\u017eivanje i traga za po\u010diniteljima.<\/p>\n\n\n\n<p>Zbog u\u010destalih kra\u0111a na pla\u017eama splitska policija objavial je upute koje mogu pomo\u0107i sprije\u010diti kra\u0111u.<\/p>\n\n\n\n<p>\u201cKako bi se izbjegli ovakvi doga\u0111aji, apeliramo na gra\u0111ane i turiste da budu oprezniji sa svojim stvarima te da na pla\u017eu ne nose ve\u0107e koli\u010dine novca, vrijedan nakit ili druge skupocjene predmete\u201d, savjetuju iz policije.<\/p>\n\n\n\n<p>Kako sprije\u010diti kra\u0111e s pla\u017ee:<\/p>\n\n\n\n<p>Ako na pla\u017eu dolazite osobnim vozilom, zatvorite sve prozore i zaklju\u010dajte vrata vozila, a u vozilu na vidljivom mjestu ne ostavljajte vrijedne predmete.<br>Ako na pla\u017eu dolazite biciklom, osigurajte se od kra\u0111e ve\u017eu\u0107i ga za fiksne predmete (drvo, ograda i sl.).<br>Na pla\u017eu ponesite samo najpotrebnije stvari i onoliko novaca koliko vam je potrebno.<br>Osobne isprave i novac ne dr\u017eite zajedno, a ako nosite bankovnu karticu, dr\u017eite je odvojeno od zapisanog PIN broja.<br>Ne pokazujte pred drugima bez potrebe novac i druge vrijednosti.<br>Sklonite na skrovito mjesto klju\u010deve koji sadr\u017ee nazive i brojeve apartmana, soba i vozila.<br>Svoje stvari na pla\u017ei imajte pod nadzorom ili ih ostavite pod nadzorom poznate osobe.<br>Pripazite na nametljive osobe koje vam ponude pomo\u0107 \u2013 nisu svi dobronamjerni.<br>Ako ste pokradeni, pretra\u017eite bli\u017eu okolicu, mo\u017eda prona\u0111ete svoj nov\u010danik \u2013 spremite ga u vre\u0107icu i predajte policiji (mo\u017eda otkriju korisne tragove), a o doga\u0111aju \u017eurno obavijestite policiju na broj 192.<\/p>\n\n\n\n<p>Izvor:pogled.ba<\/p>\n","protected":false},"excerpt":{"rendered":"<p>Policijska uprava splitsko-dalmatinska objavila je da su u srijedu prijavljene tri kra\u0111e na pla\u017ei Ba\u010dvice i dvije kra\u0111e na pla\u017ei na podru\u010dju Makarske odnosno Tu\u010depa. Ukradeni su nov\u010danici, mobiteli i torbe, a policija provodi kriminalisti\u010dko istra\u017eivanje i traga za po\u010diniteljima. Zbog u\u010destalih kra\u0111a na pla\u017eama splitska policija objavial je upute koje mogu pomo\u0107i sprije\u010diti kra\u0111u. [&hellip;]<\/p>\n","protected":false},"author":2,"featured_media":7536,"comment_status":"closed","ping_status":"closed","sticky":false,"template":"","format":"standard","meta":{"h5ap_radio_sources":[],"footnotes":""},"categories":[1],"tags":[],"class_list":["post-52665","post","type-post","status-publish","format-standard","has-post-thumbnail","hentry","category-bihiregija"],"yoast_head":"<!-- This site is optimized with the Yoast SEO plugin v27.4 - https:\/\/yoast.com\/product\/yoast-seo-wordpress\/ -->\n<title>Idete na more? Oprez, u\u010destale su kra\u0111e na pla\u017ei, policija objavila kako ih sprije\u010diti - RADIO LJUBU\u0160KI<\/title>\n<meta name=\"robots\" content=\"index, follow, max-snippet:-1, max-image-preview:large, max-video-preview:-1\" \/>\n<link rel=\"canonical\" href=\"https:\/\/radioljubuski.ba\/index.php\/2021\/08\/12\/idete-na-more-oprez-ucestale-su-krade-na-plazi-policija-objavila-kako-ih-sprijeciti\/\" \/>\n<meta property=\"og:locale\" content=\"hr_HR\" \/>\n<meta property=\"og:type\" content=\"article\" \/>\n<meta property=\"og:title\" content=\"Idete na more? Oprez, u\u010destale su kra\u0111e na pla\u017ei, policija objavila kako ih sprije\u010diti - RADIO LJUBU\u0160KI\" \/>\n<meta property=\"og:description\" content=\"Policijska uprava splitsko-dalmatinska objavila je da su u srijedu prijavljene tri kra\u0111e na pla\u017ei Ba\u010dvice i dvije kra\u0111e na pla\u017ei na podru\u010dju Makarske odnosno Tu\u010depa. Ukradeni su nov\u010danici, mobiteli i torbe, a policija provodi kriminalisti\u010dko istra\u017eivanje i traga za po\u010diniteljima. Zbog u\u010destalih kra\u0111a na pla\u017eama splitska policija objavial je upute koje mogu pomo\u0107i sprije\u010diti kra\u0111u. [&hellip;]\" \/>\n<meta property=\"og:url\" content=\"https:\/\/radioljubuski.ba\/index.php\/2021\/08\/12\/idete-na-more-oprez-ucestale-su-krade-na-plazi-policija-objavila-kako-ih-sprijeciti\/\" \/>\n<meta property=\"og:site_name\" content=\"RADIO LJUBU\u0160KI\" \/>\n<meta property=\"article:publisher\" content=\"https:\/\/www.facebook.com\/Radiio-Ljubuski-1490835324566332\" \/>\n<meta property=\"article:published_time\" content=\"2021-08-12T13:39:16+00:00\" \/>\n<meta property=\"article:modified_time\" content=\"2021-08-12T13:39:17+00:00\" \/>\n<meta property=\"og:image\" content=\"https:\/\/radioljubuski.ba\/wp-content\/uploads\/2021\/03\/makarska-2.jpg\" \/>\n\t<meta property=\"og:image:width\" content=\"710\" \/>\n\t<meta property=\"og:image:height\" content=\"380\" \/>\n\t<meta property=\"og:image:type\" content=\"image\/jpeg\" \/>\n<meta name=\"author\" content=\"Radio Ljubu\u0161ki\" \/>\n<meta name=\"twitter:card\" content=\"summary_large_image\" \/>\n<meta name=\"twitter:creator\" content=\"@radioljubuski\" \/>\n<meta name=\"twitter:site\" content=\"@radioljubuski\" \/>\n<meta name=\"twitter:label1\" content=\"Napisao\/la\" \/>\n\t<meta name=\"twitter:data1\" content=\"Radio Ljubu\u0161ki\" \/>\n\t<meta name=\"twitter:label2\" content=\"Procijenjeno vrijeme \u010ditanja\" \/>\n\t<meta name=\"twitter:data2\" content=\"2 minute\" \/>\n<script type=\"application\/ld+json\" class=\"yoast-schema-graph\">{\"@context\":\"https:\\\/\\\/schema.org\",\"@graph\":[{\"@type\":\"Article\",\"@id\":\"https:\\\/\\\/radioljubuski.ba\\\/index.php\\\/2021\\\/08\\\/12\\\/idete-na-more-oprez-ucestale-su-krade-na-plazi-policija-objavila-kako-ih-sprijeciti\\\/#article\",\"isPartOf\":{\"@id\":\"https:\\\/\\\/radioljubuski.ba\\\/index.php\\\/2021\\\/08\\\/12\\\/idete-na-more-oprez-ucestale-su-krade-na-plazi-policija-objavila-kako-ih-sprijeciti\\\/\"},\"author\":{\"name\":\"Radio Ljubu\u0161ki\",\"@id\":\"https:\\\/\\\/radioljubuski.ba\\\/#\\\/schema\\\/person\\\/19fc700381a780f69665d7956c469e3b\"},\"headline\":\"Idete na more? Oprez, u\u010destale su kra\u0111e na pla\u017ei, policija objavila kako ih sprije\u010diti\",\"datePublished\":\"2021-08-12T13:39:16+00:00\",\"dateModified\":\"2021-08-12T13:39:17+00:00\",\"mainEntityOfPage\":{\"@id\":\"https:\\\/\\\/radioljubuski.ba\\\/index.php\\\/2021\\\/08\\\/12\\\/idete-na-more-oprez-ucestale-su-krade-na-plazi-policija-objavila-kako-ih-sprijeciti\\\/\"},\"wordCount\":312,\"publisher\":{\"@id\":\"https:\\\/\\\/radioljubuski.ba\\\/#organization\"},\"image\":{\"@id\":\"https:\\\/\\\/radioljubuski.ba\\\/index.php\\\/2021\\\/08\\\/12\\\/idete-na-more-oprez-ucestale-su-krade-na-plazi-policija-objavila-kako-ih-sprijeciti\\\/#primaryimage\"},\"thumbnailUrl\":\"https:\\\/\\\/radioljubuski.ba\\\/wp-content\\\/uploads\\\/2021\\\/03\\\/makarska-2.jpg\",\"articleSection\":[\"BIH i regija\"],\"inLanguage\":\"hr\"},{\"@type\":\"WebPage\",\"@id\":\"https:\\\/\\\/radioljubuski.ba\\\/index.php\\\/2021\\\/08\\\/12\\\/idete-na-more-oprez-ucestale-su-krade-na-plazi-policija-objavila-kako-ih-sprijeciti\\\/\",\"url\":\"https:\\\/\\\/radioljubuski.ba\\\/index.php\\\/2021\\\/08\\\/12\\\/idete-na-more-oprez-ucestale-su-krade-na-plazi-policija-objavila-kako-ih-sprijeciti\\\/\",\"name\":\"Idete na more? Oprez, u\u010destale su kra\u0111e na pla\u017ei, policija objavila kako ih sprije\u010diti - RADIO LJUBU\u0160KI\",\"isPartOf\":{\"@id\":\"https:\\\/\\\/radioljubuski.ba\\\/#website\"},\"primaryImageOfPage\":{\"@id\":\"https:\\\/\\\/radioljubuski.ba\\\/index.php\\\/2021\\\/08\\\/12\\\/idete-na-more-oprez-ucestale-su-krade-na-plazi-policija-objavila-kako-ih-sprijeciti\\\/#primaryimage\"},\"image\":{\"@id\":\"https:\\\/\\\/radioljubuski.ba\\\/index.php\\\/2021\\\/08\\\/12\\\/idete-na-more-oprez-ucestale-su-krade-na-plazi-policija-objavila-kako-ih-sprijeciti\\\/#primaryimage\"},\"thumbnailUrl\":\"https:\\\/\\\/radioljubuski.ba\\\/wp-content\\\/uploads\\\/2021\\\/03\\\/makarska-2.jpg\",\"datePublished\":\"2021-08-12T13:39:16+00:00\",\"dateModified\":\"2021-08-12T13:39:17+00:00\",\"breadcrumb\":{\"@id\":\"https:\\\/\\\/radioljubuski.ba\\\/index.php\\\/2021\\\/08\\\/12\\\/idete-na-more-oprez-ucestale-su-krade-na-plazi-policija-objavila-kako-ih-sprijeciti\\\/#breadcrumb\"},\"inLanguage\":\"hr\",\"potentialAction\":[{\"@type\":\"ReadAction\",\"target\":[\"https:\\\/\\\/radioljubuski.ba\\\/index.php\\\/2021\\\/08\\\/12\\\/idete-na-more-oprez-ucestale-su-krade-na-plazi-policija-objavila-kako-ih-sprijeciti\\\/\"]}]},{\"@type\":\"ImageObject\",\"inLanguage\":\"hr\",\"@id\":\"https:\\\/\\\/radioljubuski.ba\\\/index.php\\\/2021\\\/08\\\/12\\\/idete-na-more-oprez-ucestale-su-krade-na-plazi-policija-objavila-kako-ih-sprijeciti\\\/#primaryimage\",\"url\":\"https:\\\/\\\/radioljubuski.ba\\\/wp-content\\\/uploads\\\/2021\\\/03\\\/makarska-2.jpg\",\"contentUrl\":\"https:\\\/\\\/radioljubuski.ba\\\/wp-content\\\/uploads\\\/2021\\\/03\\\/makarska-2.jpg\",\"width\":710,\"height\":380,\"caption\":\"Makarska, 250817. Iako je vrhunac turisticke sezone prosao, vrucine ne jenjavaju pa su makarske plaze jos pune kupaca koji traze osvjezenje. Foto: Ivo Ravlic \\\/ CROPIX\"},{\"@type\":\"BreadcrumbList\",\"@id\":\"https:\\\/\\\/radioljubuski.ba\\\/index.php\\\/2021\\\/08\\\/12\\\/idete-na-more-oprez-ucestale-su-krade-na-plazi-policija-objavila-kako-ih-sprijeciti\\\/#breadcrumb\",\"itemListElement\":[{\"@type\":\"ListItem\",\"position\":1,\"name\":\"Po\u010detna stranica\",\"item\":\"https:\\\/\\\/radioljubuski.ba\\\/\"},{\"@type\":\"ListItem\",\"position\":2,\"name\":\"Idete na more? Oprez, u\u010destale su kra\u0111e na pla\u017ei, policija objavila kako ih sprije\u010diti\"}]},{\"@type\":\"WebSite\",\"@id\":\"https:\\\/\\\/radioljubuski.ba\\\/#website\",\"url\":\"https:\\\/\\\/radioljubuski.ba\\\/\",\"name\":\"Radio Ljubu\u0161ki\",\"description\":\"Sun\u010dana frekvencija Hercegovine\",\"publisher\":{\"@id\":\"https:\\\/\\\/radioljubuski.ba\\\/#organization\"},\"potentialAction\":[{\"@type\":\"SearchAction\",\"target\":{\"@type\":\"EntryPoint\",\"urlTemplate\":\"https:\\\/\\\/radioljubuski.ba\\\/?s={search_term_string}\"},\"query-input\":{\"@type\":\"PropertyValueSpecification\",\"valueRequired\":true,\"valueName\":\"search_term_string\"}}],\"inLanguage\":\"hr\"},{\"@type\":\"Organization\",\"@id\":\"https:\\\/\\\/radioljubuski.ba\\\/#organization\",\"name\":\"Radio Ljubu\u0161ki\",\"url\":\"https:\\\/\\\/radioljubuski.ba\\\/\",\"logo\":{\"@type\":\"ImageObject\",\"inLanguage\":\"hr\",\"@id\":\"https:\\\/\\\/radioljubuski.ba\\\/#\\\/schema\\\/logo\\\/image\\\/\",\"url\":\"https:\\\/\\\/radioljubuski.ba\\\/wp-content\\\/uploads\\\/2021\\\/02\\\/cropped-Radio_Ljubuski_logo1.jpg\",\"contentUrl\":\"https:\\\/\\\/radioljubuski.ba\\\/wp-content\\\/uploads\\\/2021\\\/02\\\/cropped-Radio_Ljubuski_logo1.jpg\",\"width\":512,\"height\":512,\"caption\":\"Radio Ljubu\u0161ki\"},\"image\":{\"@id\":\"https:\\\/\\\/radioljubuski.ba\\\/#\\\/schema\\\/logo\\\/image\\\/\"},\"sameAs\":[\"https:\\\/\\\/www.facebook.com\\\/Radiio-Ljubuski-1490835324566332\",\"https:\\\/\\\/x.com\\\/radioljubuski\",\"https:\\\/\\\/hr.linkedin.com\\\/company\\\/radio-ljubuski\",\"https:\\\/\\\/www.youtube.com\\\/channel\\\/UCHYaeO_n0Db3tjNGudGpXyw\"]},{\"@type\":\"Person\",\"@id\":\"https:\\\/\\\/radioljubuski.ba\\\/#\\\/schema\\\/person\\\/19fc700381a780f69665d7956c469e3b\",\"name\":\"Radio Ljubu\u0161ki\"}]}<\/script>\n<!-- \/ Yoast SEO plugin. -->","yoast_head_json":{"title":"Idete na more? Oprez, u\u010destale su kra\u0111e na pla\u017ei, policija objavila kako ih sprije\u010diti - RADIO LJUBU\u0160KI","robots":{"index":"index","follow":"follow","max-snippet":"max-snippet:-1","max-image-preview":"max-image-preview:large","max-video-preview":"max-video-preview:-1"},"canonical":"https:\/\/radioljubuski.ba\/index.php\/2021\/08\/12\/idete-na-more-oprez-ucestale-su-krade-na-plazi-policija-objavila-kako-ih-sprijeciti\/","og_locale":"hr_HR","og_type":"article","og_title":"Idete na more? Oprez, u\u010destale su kra\u0111e na pla\u017ei, policija objavila kako ih sprije\u010diti - RADIO LJUBU\u0160KI","og_description":"Policijska uprava splitsko-dalmatinska objavila je da su u srijedu prijavljene tri kra\u0111e na pla\u017ei Ba\u010dvice i dvije kra\u0111e na pla\u017ei na podru\u010dju Makarske odnosno Tu\u010depa. Ukradeni su nov\u010danici, mobiteli i torbe, a policija provodi kriminalisti\u010dko istra\u017eivanje i traga za po\u010diniteljima. Zbog u\u010destalih kra\u0111a na pla\u017eama splitska policija objavial je upute koje mogu pomo\u0107i sprije\u010diti kra\u0111u. [&hellip;]","og_url":"https:\/\/radioljubuski.ba\/index.php\/2021\/08\/12\/idete-na-more-oprez-ucestale-su-krade-na-plazi-policija-objavila-kako-ih-sprijeciti\/","og_site_name":"RADIO LJUBU\u0160KI","article_publisher":"https:\/\/www.facebook.com\/Radiio-Ljubuski-1490835324566332","article_published_time":"2021-08-12T13:39:16+00:00","article_modified_time":"2021-08-12T13:39:17+00:00","og_image":[{"width":710,"height":380,"url":"https:\/\/radioljubuski.ba\/wp-content\/uploads\/2021\/03\/makarska-2.jpg","type":"image\/jpeg"}],"author":"Radio Ljubu\u0161ki","twitter_card":"summary_large_image","twitter_creator":"@radioljubuski","twitter_site":"@radioljubuski","twitter_misc":{"Napisao\/la":"Radio Ljubu\u0161ki","Procijenjeno vrijeme \u010ditanja":"2 minute"},"schema":{"@context":"https:\/\/schema.org","@graph":[{"@type":"Article","@id":"https:\/\/radioljubuski.ba\/index.php\/2021\/08\/12\/idete-na-more-oprez-ucestale-su-krade-na-plazi-policija-objavila-kako-ih-sprijeciti\/#article","isPartOf":{"@id":"https:\/\/radioljubuski.ba\/index.php\/2021\/08\/12\/idete-na-more-oprez-ucestale-su-krade-na-plazi-policija-objavila-kako-ih-sprijeciti\/"},"author":{"name":"Radio Ljubu\u0161ki","@id":"https:\/\/radioljubuski.ba\/#\/schema\/person\/19fc700381a780f69665d7956c469e3b"},"headline":"Idete na more? Oprez, u\u010destale su kra\u0111e na pla\u017ei, policija objavila kako ih sprije\u010diti","datePublished":"2021-08-12T13:39:16+00:00","dateModified":"2021-08-12T13:39:17+00:00","mainEntityOfPage":{"@id":"https:\/\/radioljubuski.ba\/index.php\/2021\/08\/12\/idete-na-more-oprez-ucestale-su-krade-na-plazi-policija-objavila-kako-ih-sprijeciti\/"},"wordCount":312,"publisher":{"@id":"https:\/\/radioljubuski.ba\/#organization"},"image":{"@id":"https:\/\/radioljubuski.ba\/index.php\/2021\/08\/12\/idete-na-more-oprez-ucestale-su-krade-na-plazi-policija-objavila-kako-ih-sprijeciti\/#primaryimage"},"thumbnailUrl":"https:\/\/radioljubuski.ba\/wp-content\/uploads\/2021\/03\/makarska-2.jpg","articleSection":["BIH i regija"],"inLanguage":"hr"},{"@type":"WebPage","@id":"https:\/\/radioljubuski.ba\/index.php\/2021\/08\/12\/idete-na-more-oprez-ucestale-su-krade-na-plazi-policija-objavila-kako-ih-sprijeciti\/","url":"https:\/\/radioljubuski.ba\/index.php\/2021\/08\/12\/idete-na-more-oprez-ucestale-su-krade-na-plazi-policija-objavila-kako-ih-sprijeciti\/","name":"Idete na more? Oprez, u\u010destale su kra\u0111e na pla\u017ei, policija objavila kako ih sprije\u010diti - RADIO LJUBU\u0160KI","isPartOf":{"@id":"https:\/\/radioljubuski.ba\/#website"},"primaryImageOfPage":{"@id":"https:\/\/radioljubuski.ba\/index.php\/2021\/08\/12\/idete-na-more-oprez-ucestale-su-krade-na-plazi-policija-objavila-kako-ih-sprijeciti\/#primaryimage"},"image":{"@id":"https:\/\/radioljubuski.ba\/index.php\/2021\/08\/12\/idete-na-more-oprez-ucestale-su-krade-na-plazi-policija-objavila-kako-ih-sprijeciti\/#primaryimage"},"thumbnailUrl":"https:\/\/radioljubuski.ba\/wp-content\/uploads\/2021\/03\/makarska-2.jpg","datePublished":"2021-08-12T13:39:16+00:00","dateModified":"2021-08-12T13:39:17+00:00","breadcrumb":{"@id":"https:\/\/radioljubuski.ba\/index.php\/2021\/08\/12\/idete-na-more-oprez-ucestale-su-krade-na-plazi-policija-objavila-kako-ih-sprijeciti\/#breadcrumb"},"inLanguage":"hr","potentialAction":[{"@type":"ReadAction","target":["https:\/\/radioljubuski.ba\/index.php\/2021\/08\/12\/idete-na-more-oprez-ucestale-su-krade-na-plazi-policija-objavila-kako-ih-sprijeciti\/"]}]},{"@type":"ImageObject","inLanguage":"hr","@id":"https:\/\/radioljubuski.ba\/index.php\/2021\/08\/12\/idete-na-more-oprez-ucestale-su-krade-na-plazi-policija-objavila-kako-ih-sprijeciti\/#primaryimage","url":"https:\/\/radioljubuski.ba\/wp-content\/uploads\/2021\/03\/makarska-2.jpg","contentUrl":"https:\/\/radioljubuski.ba\/wp-content\/uploads\/2021\/03\/makarska-2.jpg","width":710,"height":380,"caption":"Makarska, 250817. Iako je vrhunac turisticke sezone prosao, vrucine ne jenjavaju pa su makarske plaze jos pune kupaca koji traze osvjezenje. Foto: Ivo Ravlic \/ CROPIX"},{"@type":"BreadcrumbList","@id":"https:\/\/radioljubuski.ba\/index.php\/2021\/08\/12\/idete-na-more-oprez-ucestale-su-krade-na-plazi-policija-objavila-kako-ih-sprijeciti\/#breadcrumb","itemListElement":[{"@type":"ListItem","position":1,"name":"Po\u010detna stranica","item":"https:\/\/radioljubuski.ba\/"},{"@type":"ListItem","position":2,"name":"Idete na more? Oprez, u\u010destale su kra\u0111e na pla\u017ei, policija objavila kako ih sprije\u010diti"}]},{"@type":"WebSite","@id":"https:\/\/radioljubuski.ba\/#website","url":"https:\/\/radioljubuski.ba\/","name":"Radio Ljubu\u0161ki","description":"Sun\u010dana frekvencija Hercegovine","publisher":{"@id":"https:\/\/radioljubuski.ba\/#organization"},"potentialAction":[{"@type":"SearchAction","target":{"@type":"EntryPoint","urlTemplate":"https:\/\/radioljubuski.ba\/?s={search_term_string}"},"query-input":{"@type":"PropertyValueSpecification","valueRequired":true,"valueName":"search_term_string"}}],"inLanguage":"hr"},{"@type":"Organization","@id":"https:\/\/radioljubuski.ba\/#organization","name":"Radio Ljubu\u0161ki","url":"https:\/\/radioljubuski.ba\/","logo":{"@type":"ImageObject","inLanguage":"hr","@id":"https:\/\/radioljubuski.ba\/#\/schema\/logo\/image\/","url":"https:\/\/radioljubuski.ba\/wp-content\/uploads\/2021\/02\/cropped-Radio_Ljubuski_logo1.jpg","contentUrl":"https:\/\/radioljubuski.ba\/wp-content\/uploads\/2021\/02\/cropped-Radio_Ljubuski_logo1.jpg","width":512,"height":512,"caption":"Radio Ljubu\u0161ki"},"image":{"@id":"https:\/\/radioljubuski.ba\/#\/schema\/logo\/image\/"},"sameAs":["https:\/\/www.facebook.com\/Radiio-Ljubuski-1490835324566332","https:\/\/x.com\/radioljubuski","https:\/\/hr.linkedin.com\/company\/radio-ljubuski","https:\/\/www.youtube.com\/channel\/UCHYaeO_n0Db3tjNGudGpXyw"]},{"@type":"Person","@id":"https:\/\/radioljubuski.ba\/#\/schema\/person\/19fc700381a780f69665d7956c469e3b","name":"Radio Ljubu\u0161ki"}]}},"_links":{"self":[{"href":"https:\/\/radioljubuski.ba\/index.php\/wp-json\/wp\/v2\/posts\/52665","targetHints":{"allow":["GET"]}}],"collection":[{"href":"https:\/\/radioljubuski.ba\/index.php\/wp-json\/wp\/v2\/posts"}],"about":[{"href":"https:\/\/radioljubuski.ba\/index.php\/wp-json\/wp\/v2\/types\/post"}],"author":[{"embeddable":true,"href":"https:\/\/radioljubuski.ba\/index.php\/wp-json\/wp\/v2\/users\/2"}],"replies":[{"embeddable":true,"href":"https:\/\/radioljubuski.ba\/index.php\/wp-json\/wp\/v2\/comments?post=52665"}],"version-history":[{"count":1,"href":"https:\/\/radioljubuski.ba\/index.php\/wp-json\/wp\/v2\/posts\/52665\/revisions"}],"predecessor-version":[{"id":52666,"href":"https:\/\/radioljubuski.ba\/index.php\/wp-json\/wp\/v2\/posts\/52665\/revisions\/52666"}],"wp:featuredmedia":[{"embeddable":true,"href":"https:\/\/radioljubuski.ba\/index.php\/wp-json\/wp\/v2\/media\/7536"}],"wp:attachment":[{"href":"https:\/\/radioljubuski.ba\/index.php\/wp-json\/wp\/v2\/media?parent=52665"}],"wp:term":[{"taxonomy":"category","embeddable":true,"href":"https:\/\/radioljubuski.ba\/index.php\/wp-json\/wp\/v2\/categories?post=52665"},{"taxonomy":"post_tag","embeddable":true,"href":"https:\/\/radioljubuski.ba\/index.php\/wp-json\/wp\/v2\/tags?post=52665"}],"curies":[{"name":"wp","href":"https:\/\/api.w.org\/{rel}","templated":true}]}}