{"id":5267,"date":"2021-03-20T08:59:21","date_gmt":"2021-03-20T07:59:21","guid":{"rendered":"https:\/\/radioljubuski.ba\/?p=5267"},"modified":"2021-03-20T08:59:21","modified_gmt":"2021-03-20T07:59:21","slug":"zarazeni-imocanin-krenuo-u-bih-optuzen-je-za-sirenje-i-prenosenje-zarazne-bolesti","status":"publish","type":"post","link":"https:\/\/radioljubuski.ba\/index.php\/2021\/03\/20\/zarazeni-imocanin-krenuo-u-bih-optuzen-je-za-sirenje-i-prenosenje-zarazne-bolesti\/","title":{"rendered":"Zara\u017eeni Imo\u0107anin krenuo u BiH, optu\u017een je za \u0161irenje i preno\u0161enje zarazne bolesti"},"content":{"rendered":"\n<p><strong>Op\u0107insko dr\u017eavno odvjetni\u0161tvo u Splitu podiglo je \u010detiri optu\u017enice zbog kr\u0161enja epidemiolo\u0161kih mjera. Sinjanin i Imo\u0107anin terete se za \u0161irenja i preno\u0161enja zarazne bolesti,<\/strong><\/p>\n\n\n\n<p>dok se par iz Makarske i mu\u0161karac iz Zadvarja terete za kupovanje la\u017enih negativnih nalaza za COVID-19 u BiH&nbsp;odakle su s njima krenuli u Hrvatsku.<\/p>\n\n\n\n<p>Sinjanina je optu\u017enice \u2018ko\u0161tala\u2019 registracija vozila. Naime 46-godi\u0161njaku je zbog pozitivnog nalaza na koronavirus Nastavni zavod za javno zdravstvo Splitsko-dalmatinske \u017eupanije izrekao mjeru samoizolacije od 13. do 23. prosinca pro\u0161le godine. Na zadnji dan, prije isteka krajnjeg roka u 24 sata, 46-godi\u0161njak oti\u0161ao u stanicu za tehni\u010dki pregled vozila na Putu Piketa u Sinju gdje je bilo vi\u0161e osoba koje je mogao zaraziti i ugroziti njihovo zdravlje, navodi optu\u017enica.<\/p>\n\n\n\n<p>Drugog optu\u017eenog, 32-godi\u0161njaka, tereti se da je 25. listopada 2020. godine napustio adresu prebivali\u0161ta u Imotskom. To je napravio nakon \u0161to mu je testiranjem 22. listopada 2020. utvr\u0111eno da boluje od zarazne bolesti COVID-19 te mu je izre\u010dena mjera izolacije u vlastitom domu ili drugom odgovaraju\u0107em prostoru do 31. listopada 2020.<\/p>\n\n\n\n<p>Svjestan da time kr\u0161i izre\u010denu mjeru i da zbog napu\u0161tanja samoizolacije mo\u017ee navedenom bole\u0161\u0107u zaraziti osobe s kojima do\u0111e u kontakt i ugroziti njihovo zdravlje, svojim vozilom uputio se na grani\u010dni prijelaz s Bosnom i Hercegovinom kako bi napustio teritorij Hrvatske, no tamo su ga zaustavili policijski slu\u017ebenici, stoji u optu\u017enici. Obojica su optu\u017eena za \u0161irenja i preno\u0161enja zarazne bolesti iz \u010dlanka 180. stavak 1. za \u0161to je zaprije\u010deno do dvije godine zatvora.<\/p>\n\n\n\n<p>Sljede\u0107i na listi optu\u017eenika je par iz Makarske koji je la\u017ene testove kupio u Sarajevu, navodi optu\u017eni akt koji ih tereti za krivotvorenje isprave.&nbsp;Njih dvoje su po\u010detkom o\u017eujka ove godine zajedni\u010dki i dogovorno s ciljem nesmetanog ulaska u Republiku Hrvatsku i radi izbjegavanja primjene epidemiolo\u0161ke mjere \u201csamoizolacije\u201d od nepoznate osobe pribavili neistinite mikrobiolo\u0161ke nalaze RT-PCR Test Sars Cov 2 s naznakom nalaz \u201cnegativan\u201d za svakog ponaosob.<\/p>\n\n\n\n<p>Na la\u017enim nalazima je pisalo kako su napravljeni u jednoj sarajevskoj &nbsp;klinici dan ranije i imali su potpis i pe\u010dat dva lije\u010dnika, ali i jednak broj protokola. Kasnijom provjerom je utvr\u0111eno da je pod tim brojem protokola nalaz napravila potpuno druga osoba. Nakon toga su 27-godi\u0161njakinja i 35-godi\u0161njak, istog dana u 16,45 sati, la\u017eni nalaz predali hrvatskim policijskim slu\u017ebenicima me\u0111unarodnog grani\u010dnog cestovnog prometa prijelaza \u201cAr\u017eano-Prisika\u201d kao potvrdu svog zdravstvenog stanja, iako su znali da su pribavljeni nalazi neistiniti jer se prethodno nisu testirali na bolest Covid-19.<\/p>\n\n\n\n<p>Samo dan ranije je na istom grani\u010dnom prijelazu s la\u017enim nalazom iz pravca BiH oko 22.35 sati do\u0161ao 60-godi\u0161njak iz Zadvarja koji je \u017eelio izbjegao mjeru samoizolacije po ulasku u Hrvatsku. U njegovom nalazu je pisalo kako ga je napravio dva dana ranije u sarajevskoj klinici, iako se uop\u0107e nije testirao. I on je kao i par iz Makarske prijavljen za krivotvorenje isprave iz \u010dlanka 278. stavak 1. Kaznenog zakona za \u0161to je zaprije\u010dena kazna do tri godine zatvora.<\/p>\n\n\n\n<p>Izvor: Iks-portal.info<\/p>\n","protected":false},"excerpt":{"rendered":"<p>Op\u0107insko dr\u017eavno odvjetni\u0161tvo u Splitu podiglo je \u010detiri optu\u017enice zbog kr\u0161enja epidemiolo\u0161kih mjera. Sinjanin i Imo\u0107anin terete se za \u0161irenja i preno\u0161enja zarazne bolesti, dok se par iz Makarske i mu\u0161karac iz Zadvarja terete za kupovanje la\u017enih negativnih nalaza za COVID-19 u BiH&nbsp;odakle su s njima krenuli u Hrvatsku. Sinjanina je optu\u017enice \u2018ko\u0161tala\u2019 registracija vozila. [&hellip;]<\/p>\n","protected":false},"author":2,"featured_media":5151,"comment_status":"closed","ping_status":"closed","sticky":false,"template":"","format":"standard","meta":{"h5ap_radio_sources":[],"footnotes":""},"categories":[1],"tags":[],"class_list":["post-5267","post","type-post","status-publish","format-standard","has-post-thumbnail","hentry","category-bihiregija"],"yoast_head":"<!-- This site is optimized with the Yoast SEO plugin v27.5 - https:\/\/yoast.com\/product\/yoast-seo-wordpress\/ -->\n<title>Zara\u017eeni Imo\u0107anin krenuo u BiH, optu\u017een je za \u0161irenje i preno\u0161enje zarazne bolesti - RADIO LJUBU\u0160KI<\/title>\n<meta name=\"robots\" content=\"index, follow, max-snippet:-1, max-image-preview:large, max-video-preview:-1\" \/>\n<link rel=\"canonical\" href=\"https:\/\/radioljubuski.ba\/index.php\/2021\/03\/20\/zarazeni-imocanin-krenuo-u-bih-optuzen-je-za-sirenje-i-prenosenje-zarazne-bolesti\/\" \/>\n<meta property=\"og:locale\" content=\"hr_HR\" \/>\n<meta property=\"og:type\" content=\"article\" \/>\n<meta property=\"og:title\" content=\"Zara\u017eeni Imo\u0107anin krenuo u BiH, optu\u017een je za \u0161irenje i preno\u0161enje zarazne bolesti - RADIO LJUBU\u0160KI\" \/>\n<meta property=\"og:description\" content=\"Op\u0107insko dr\u017eavno odvjetni\u0161tvo u Splitu podiglo je \u010detiri optu\u017enice zbog kr\u0161enja epidemiolo\u0161kih mjera. Sinjanin i Imo\u0107anin terete se za \u0161irenja i preno\u0161enja zarazne bolesti, dok se par iz Makarske i mu\u0161karac iz Zadvarja terete za kupovanje la\u017enih negativnih nalaza za COVID-19 u BiH&nbsp;odakle su s njima krenuli u Hrvatsku. Sinjanina je optu\u017enice \u2018ko\u0161tala\u2019 registracija vozila. [&hellip;]\" \/>\n<meta property=\"og:url\" content=\"https:\/\/radioljubuski.ba\/index.php\/2021\/03\/20\/zarazeni-imocanin-krenuo-u-bih-optuzen-je-za-sirenje-i-prenosenje-zarazne-bolesti\/\" \/>\n<meta property=\"og:site_name\" content=\"RADIO LJUBU\u0160KI\" \/>\n<meta property=\"article:publisher\" content=\"https:\/\/www.facebook.com\/Radiio-Ljubuski-1490835324566332\" \/>\n<meta property=\"article:published_time\" content=\"2021-03-20T07:59:21+00:00\" \/>\n<meta property=\"og:image\" content=\"https:\/\/radioljubuski.ba\/wp-content\/uploads\/2021\/03\/pxl-150320-28432667-20210319133507.jpg\" \/>\n\t<meta property=\"og:image:width\" content=\"1600\" \/>\n\t<meta property=\"og:image:height\" content=\"1066\" \/>\n\t<meta property=\"og:image:type\" content=\"image\/jpeg\" \/>\n<meta name=\"author\" content=\"Radio Ljubu\u0161ki\" \/>\n<meta name=\"twitter:card\" content=\"summary_large_image\" \/>\n<meta name=\"twitter:creator\" content=\"@radioljubuski\" \/>\n<meta name=\"twitter:site\" content=\"@radioljubuski\" \/>\n<meta name=\"twitter:label1\" content=\"Napisao\/la\" \/>\n\t<meta name=\"twitter:data1\" content=\"Radio Ljubu\u0161ki\" \/>\n\t<meta name=\"twitter:label2\" content=\"Procijenjeno vrijeme \u010ditanja\" \/>\n\t<meta name=\"twitter:data2\" content=\"3 minute\" \/>\n<script type=\"application\/ld+json\" class=\"yoast-schema-graph\">{\"@context\":\"https:\\\/\\\/schema.org\",\"@graph\":[{\"@type\":\"Article\",\"@id\":\"https:\\\/\\\/radioljubuski.ba\\\/index.php\\\/2021\\\/03\\\/20\\\/zarazeni-imocanin-krenuo-u-bih-optuzen-je-za-sirenje-i-prenosenje-zarazne-bolesti\\\/#article\",\"isPartOf\":{\"@id\":\"https:\\\/\\\/radioljubuski.ba\\\/index.php\\\/2021\\\/03\\\/20\\\/zarazeni-imocanin-krenuo-u-bih-optuzen-je-za-sirenje-i-prenosenje-zarazne-bolesti\\\/\"},\"author\":{\"name\":\"Radio Ljubu\u0161ki\",\"@id\":\"https:\\\/\\\/radioljubuski.ba\\\/#\\\/schema\\\/person\\\/19fc700381a780f69665d7956c469e3b\"},\"headline\":\"Zara\u017eeni Imo\u0107anin krenuo u BiH, optu\u017een je za \u0161irenje i preno\u0161enje zarazne bolesti\",\"datePublished\":\"2021-03-20T07:59:21+00:00\",\"mainEntityOfPage\":{\"@id\":\"https:\\\/\\\/radioljubuski.ba\\\/index.php\\\/2021\\\/03\\\/20\\\/zarazeni-imocanin-krenuo-u-bih-optuzen-je-za-sirenje-i-prenosenje-zarazne-bolesti\\\/\"},\"wordCount\":545,\"publisher\":{\"@id\":\"https:\\\/\\\/radioljubuski.ba\\\/#organization\"},\"image\":{\"@id\":\"https:\\\/\\\/radioljubuski.ba\\\/index.php\\\/2021\\\/03\\\/20\\\/zarazeni-imocanin-krenuo-u-bih-optuzen-je-za-sirenje-i-prenosenje-zarazne-bolesti\\\/#primaryimage\"},\"thumbnailUrl\":\"https:\\\/\\\/radioljubuski.ba\\\/wp-content\\\/uploads\\\/2021\\\/03\\\/pxl-150320-28432667-20210319133507.jpg\",\"articleSection\":[\"BIH i regija\"],\"inLanguage\":\"hr\"},{\"@type\":\"WebPage\",\"@id\":\"https:\\\/\\\/radioljubuski.ba\\\/index.php\\\/2021\\\/03\\\/20\\\/zarazeni-imocanin-krenuo-u-bih-optuzen-je-za-sirenje-i-prenosenje-zarazne-bolesti\\\/\",\"url\":\"https:\\\/\\\/radioljubuski.ba\\\/index.php\\\/2021\\\/03\\\/20\\\/zarazeni-imocanin-krenuo-u-bih-optuzen-je-za-sirenje-i-prenosenje-zarazne-bolesti\\\/\",\"name\":\"Zara\u017eeni Imo\u0107anin krenuo u BiH, optu\u017een je za \u0161irenje i preno\u0161enje zarazne bolesti - RADIO LJUBU\u0160KI\",\"isPartOf\":{\"@id\":\"https:\\\/\\\/radioljubuski.ba\\\/#website\"},\"primaryImageOfPage\":{\"@id\":\"https:\\\/\\\/radioljubuski.ba\\\/index.php\\\/2021\\\/03\\\/20\\\/zarazeni-imocanin-krenuo-u-bih-optuzen-je-za-sirenje-i-prenosenje-zarazne-bolesti\\\/#primaryimage\"},\"image\":{\"@id\":\"https:\\\/\\\/radioljubuski.ba\\\/index.php\\\/2021\\\/03\\\/20\\\/zarazeni-imocanin-krenuo-u-bih-optuzen-je-za-sirenje-i-prenosenje-zarazne-bolesti\\\/#primaryimage\"},\"thumbnailUrl\":\"https:\\\/\\\/radioljubuski.ba\\\/wp-content\\\/uploads\\\/2021\\\/03\\\/pxl-150320-28432667-20210319133507.jpg\",\"datePublished\":\"2021-03-20T07:59:21+00:00\",\"breadcrumb\":{\"@id\":\"https:\\\/\\\/radioljubuski.ba\\\/index.php\\\/2021\\\/03\\\/20\\\/zarazeni-imocanin-krenuo-u-bih-optuzen-je-za-sirenje-i-prenosenje-zarazne-bolesti\\\/#breadcrumb\"},\"inLanguage\":\"hr\",\"potentialAction\":[{\"@type\":\"ReadAction\",\"target\":[\"https:\\\/\\\/radioljubuski.ba\\\/index.php\\\/2021\\\/03\\\/20\\\/zarazeni-imocanin-krenuo-u-bih-optuzen-je-za-sirenje-i-prenosenje-zarazne-bolesti\\\/\"]}]},{\"@type\":\"ImageObject\",\"inLanguage\":\"hr\",\"@id\":\"https:\\\/\\\/radioljubuski.ba\\\/index.php\\\/2021\\\/03\\\/20\\\/zarazeni-imocanin-krenuo-u-bih-optuzen-je-za-sirenje-i-prenosenje-zarazne-bolesti\\\/#primaryimage\",\"url\":\"https:\\\/\\\/radioljubuski.ba\\\/wp-content\\\/uploads\\\/2021\\\/03\\\/pxl-150320-28432667-20210319133507.jpg\",\"contentUrl\":\"https:\\\/\\\/radioljubuski.ba\\\/wp-content\\\/uploads\\\/2021\\\/03\\\/pxl-150320-28432667-20210319133507.jpg\",\"width\":1600,\"height\":1066,\"caption\":\"15.03..2020., Bregana - Pojacana kontrola na granicnom prijelazu Bregana zbog koronavirusa. Photo: Igor Kralj\\\/PIXSELL\"},{\"@type\":\"BreadcrumbList\",\"@id\":\"https:\\\/\\\/radioljubuski.ba\\\/index.php\\\/2021\\\/03\\\/20\\\/zarazeni-imocanin-krenuo-u-bih-optuzen-je-za-sirenje-i-prenosenje-zarazne-bolesti\\\/#breadcrumb\",\"itemListElement\":[{\"@type\":\"ListItem\",\"position\":1,\"name\":\"Po\u010detna stranica\",\"item\":\"https:\\\/\\\/radioljubuski.ba\\\/\"},{\"@type\":\"ListItem\",\"position\":2,\"name\":\"Zara\u017eeni Imo\u0107anin krenuo u BiH, optu\u017een je za \u0161irenje i preno\u0161enje zarazne bolesti\"}]},{\"@type\":\"WebSite\",\"@id\":\"https:\\\/\\\/radioljubuski.ba\\\/#website\",\"url\":\"https:\\\/\\\/radioljubuski.ba\\\/\",\"name\":\"Radio Ljubu\u0161ki\",\"description\":\"Sun\u010dana frekvencija Hercegovine\",\"publisher\":{\"@id\":\"https:\\\/\\\/radioljubuski.ba\\\/#organization\"},\"potentialAction\":[{\"@type\":\"SearchAction\",\"target\":{\"@type\":\"EntryPoint\",\"urlTemplate\":\"https:\\\/\\\/radioljubuski.ba\\\/?s={search_term_string}\"},\"query-input\":{\"@type\":\"PropertyValueSpecification\",\"valueRequired\":true,\"valueName\":\"search_term_string\"}}],\"inLanguage\":\"hr\"},{\"@type\":\"Organization\",\"@id\":\"https:\\\/\\\/radioljubuski.ba\\\/#organization\",\"name\":\"Radio Ljubu\u0161ki\",\"url\":\"https:\\\/\\\/radioljubuski.ba\\\/\",\"logo\":{\"@type\":\"ImageObject\",\"inLanguage\":\"hr\",\"@id\":\"https:\\\/\\\/radioljubuski.ba\\\/#\\\/schema\\\/logo\\\/image\\\/\",\"url\":\"https:\\\/\\\/radioljubuski.ba\\\/wp-content\\\/uploads\\\/2021\\\/02\\\/cropped-Radio_Ljubuski_logo1.jpg\",\"contentUrl\":\"https:\\\/\\\/radioljubuski.ba\\\/wp-content\\\/uploads\\\/2021\\\/02\\\/cropped-Radio_Ljubuski_logo1.jpg\",\"width\":512,\"height\":512,\"caption\":\"Radio Ljubu\u0161ki\"},\"image\":{\"@id\":\"https:\\\/\\\/radioljubuski.ba\\\/#\\\/schema\\\/logo\\\/image\\\/\"},\"sameAs\":[\"https:\\\/\\\/www.facebook.com\\\/Radiio-Ljubuski-1490835324566332\",\"https:\\\/\\\/x.com\\\/radioljubuski\",\"https:\\\/\\\/hr.linkedin.com\\\/company\\\/radio-ljubuski\",\"https:\\\/\\\/www.youtube.com\\\/channel\\\/UCHYaeO_n0Db3tjNGudGpXyw\"]},{\"@type\":\"Person\",\"@id\":\"https:\\\/\\\/radioljubuski.ba\\\/#\\\/schema\\\/person\\\/19fc700381a780f69665d7956c469e3b\",\"name\":\"Radio Ljubu\u0161ki\"}]}<\/script>\n<!-- \/ Yoast SEO plugin. -->","yoast_head_json":{"title":"Zara\u017eeni Imo\u0107anin krenuo u BiH, optu\u017een je za \u0161irenje i preno\u0161enje zarazne bolesti - RADIO LJUBU\u0160KI","robots":{"index":"index","follow":"follow","max-snippet":"max-snippet:-1","max-image-preview":"max-image-preview:large","max-video-preview":"max-video-preview:-1"},"canonical":"https:\/\/radioljubuski.ba\/index.php\/2021\/03\/20\/zarazeni-imocanin-krenuo-u-bih-optuzen-je-za-sirenje-i-prenosenje-zarazne-bolesti\/","og_locale":"hr_HR","og_type":"article","og_title":"Zara\u017eeni Imo\u0107anin krenuo u BiH, optu\u017een je za \u0161irenje i preno\u0161enje zarazne bolesti - RADIO LJUBU\u0160KI","og_description":"Op\u0107insko dr\u017eavno odvjetni\u0161tvo u Splitu podiglo je \u010detiri optu\u017enice zbog kr\u0161enja epidemiolo\u0161kih mjera. Sinjanin i Imo\u0107anin terete se za \u0161irenja i preno\u0161enja zarazne bolesti, dok se par iz Makarske i mu\u0161karac iz Zadvarja terete za kupovanje la\u017enih negativnih nalaza za COVID-19 u BiH&nbsp;odakle su s njima krenuli u Hrvatsku. Sinjanina je optu\u017enice \u2018ko\u0161tala\u2019 registracija vozila. [&hellip;]","og_url":"https:\/\/radioljubuski.ba\/index.php\/2021\/03\/20\/zarazeni-imocanin-krenuo-u-bih-optuzen-je-za-sirenje-i-prenosenje-zarazne-bolesti\/","og_site_name":"RADIO LJUBU\u0160KI","article_publisher":"https:\/\/www.facebook.com\/Radiio-Ljubuski-1490835324566332","article_published_time":"2021-03-20T07:59:21+00:00","og_image":[{"width":1600,"height":1066,"url":"https:\/\/radioljubuski.ba\/wp-content\/uploads\/2021\/03\/pxl-150320-28432667-20210319133507.jpg","type":"image\/jpeg"}],"author":"Radio Ljubu\u0161ki","twitter_card":"summary_large_image","twitter_creator":"@radioljubuski","twitter_site":"@radioljubuski","twitter_misc":{"Napisao\/la":"Radio Ljubu\u0161ki","Procijenjeno vrijeme \u010ditanja":"3 minute"},"schema":{"@context":"https:\/\/schema.org","@graph":[{"@type":"Article","@id":"https:\/\/radioljubuski.ba\/index.php\/2021\/03\/20\/zarazeni-imocanin-krenuo-u-bih-optuzen-je-za-sirenje-i-prenosenje-zarazne-bolesti\/#article","isPartOf":{"@id":"https:\/\/radioljubuski.ba\/index.php\/2021\/03\/20\/zarazeni-imocanin-krenuo-u-bih-optuzen-je-za-sirenje-i-prenosenje-zarazne-bolesti\/"},"author":{"name":"Radio Ljubu\u0161ki","@id":"https:\/\/radioljubuski.ba\/#\/schema\/person\/19fc700381a780f69665d7956c469e3b"},"headline":"Zara\u017eeni Imo\u0107anin krenuo u BiH, optu\u017een je za \u0161irenje i preno\u0161enje zarazne bolesti","datePublished":"2021-03-20T07:59:21+00:00","mainEntityOfPage":{"@id":"https:\/\/radioljubuski.ba\/index.php\/2021\/03\/20\/zarazeni-imocanin-krenuo-u-bih-optuzen-je-za-sirenje-i-prenosenje-zarazne-bolesti\/"},"wordCount":545,"publisher":{"@id":"https:\/\/radioljubuski.ba\/#organization"},"image":{"@id":"https:\/\/radioljubuski.ba\/index.php\/2021\/03\/20\/zarazeni-imocanin-krenuo-u-bih-optuzen-je-za-sirenje-i-prenosenje-zarazne-bolesti\/#primaryimage"},"thumbnailUrl":"https:\/\/radioljubuski.ba\/wp-content\/uploads\/2021\/03\/pxl-150320-28432667-20210319133507.jpg","articleSection":["BIH i regija"],"inLanguage":"hr"},{"@type":"WebPage","@id":"https:\/\/radioljubuski.ba\/index.php\/2021\/03\/20\/zarazeni-imocanin-krenuo-u-bih-optuzen-je-za-sirenje-i-prenosenje-zarazne-bolesti\/","url":"https:\/\/radioljubuski.ba\/index.php\/2021\/03\/20\/zarazeni-imocanin-krenuo-u-bih-optuzen-je-za-sirenje-i-prenosenje-zarazne-bolesti\/","name":"Zara\u017eeni Imo\u0107anin krenuo u BiH, optu\u017een je za \u0161irenje i preno\u0161enje zarazne bolesti - RADIO LJUBU\u0160KI","isPartOf":{"@id":"https:\/\/radioljubuski.ba\/#website"},"primaryImageOfPage":{"@id":"https:\/\/radioljubuski.ba\/index.php\/2021\/03\/20\/zarazeni-imocanin-krenuo-u-bih-optuzen-je-za-sirenje-i-prenosenje-zarazne-bolesti\/#primaryimage"},"image":{"@id":"https:\/\/radioljubuski.ba\/index.php\/2021\/03\/20\/zarazeni-imocanin-krenuo-u-bih-optuzen-je-za-sirenje-i-prenosenje-zarazne-bolesti\/#primaryimage"},"thumbnailUrl":"https:\/\/radioljubuski.ba\/wp-content\/uploads\/2021\/03\/pxl-150320-28432667-20210319133507.jpg","datePublished":"2021-03-20T07:59:21+00:00","breadcrumb":{"@id":"https:\/\/radioljubuski.ba\/index.php\/2021\/03\/20\/zarazeni-imocanin-krenuo-u-bih-optuzen-je-za-sirenje-i-prenosenje-zarazne-bolesti\/#breadcrumb"},"inLanguage":"hr","potentialAction":[{"@type":"ReadAction","target":["https:\/\/radioljubuski.ba\/index.php\/2021\/03\/20\/zarazeni-imocanin-krenuo-u-bih-optuzen-je-za-sirenje-i-prenosenje-zarazne-bolesti\/"]}]},{"@type":"ImageObject","inLanguage":"hr","@id":"https:\/\/radioljubuski.ba\/index.php\/2021\/03\/20\/zarazeni-imocanin-krenuo-u-bih-optuzen-je-za-sirenje-i-prenosenje-zarazne-bolesti\/#primaryimage","url":"https:\/\/radioljubuski.ba\/wp-content\/uploads\/2021\/03\/pxl-150320-28432667-20210319133507.jpg","contentUrl":"https:\/\/radioljubuski.ba\/wp-content\/uploads\/2021\/03\/pxl-150320-28432667-20210319133507.jpg","width":1600,"height":1066,"caption":"15.03..2020., Bregana - Pojacana kontrola na granicnom prijelazu Bregana zbog koronavirusa. Photo: Igor Kralj\/PIXSELL"},{"@type":"BreadcrumbList","@id":"https:\/\/radioljubuski.ba\/index.php\/2021\/03\/20\/zarazeni-imocanin-krenuo-u-bih-optuzen-je-za-sirenje-i-prenosenje-zarazne-bolesti\/#breadcrumb","itemListElement":[{"@type":"ListItem","position":1,"name":"Po\u010detna stranica","item":"https:\/\/radioljubuski.ba\/"},{"@type":"ListItem","position":2,"name":"Zara\u017eeni Imo\u0107anin krenuo u BiH, optu\u017een je za \u0161irenje i preno\u0161enje zarazne bolesti"}]},{"@type":"WebSite","@id":"https:\/\/radioljubuski.ba\/#website","url":"https:\/\/radioljubuski.ba\/","name":"Radio Ljubu\u0161ki","description":"Sun\u010dana frekvencija Hercegovine","publisher":{"@id":"https:\/\/radioljubuski.ba\/#organization"},"potentialAction":[{"@type":"SearchAction","target":{"@type":"EntryPoint","urlTemplate":"https:\/\/radioljubuski.ba\/?s={search_term_string}"},"query-input":{"@type":"PropertyValueSpecification","valueRequired":true,"valueName":"search_term_string"}}],"inLanguage":"hr"},{"@type":"Organization","@id":"https:\/\/radioljubuski.ba\/#organization","name":"Radio Ljubu\u0161ki","url":"https:\/\/radioljubuski.ba\/","logo":{"@type":"ImageObject","inLanguage":"hr","@id":"https:\/\/radioljubuski.ba\/#\/schema\/logo\/image\/","url":"https:\/\/radioljubuski.ba\/wp-content\/uploads\/2021\/02\/cropped-Radio_Ljubuski_logo1.jpg","contentUrl":"https:\/\/radioljubuski.ba\/wp-content\/uploads\/2021\/02\/cropped-Radio_Ljubuski_logo1.jpg","width":512,"height":512,"caption":"Radio Ljubu\u0161ki"},"image":{"@id":"https:\/\/radioljubuski.ba\/#\/schema\/logo\/image\/"},"sameAs":["https:\/\/www.facebook.com\/Radiio-Ljubuski-1490835324566332","https:\/\/x.com\/radioljubuski","https:\/\/hr.linkedin.com\/company\/radio-ljubuski","https:\/\/www.youtube.com\/channel\/UCHYaeO_n0Db3tjNGudGpXyw"]},{"@type":"Person","@id":"https:\/\/radioljubuski.ba\/#\/schema\/person\/19fc700381a780f69665d7956c469e3b","name":"Radio Ljubu\u0161ki"}]}},"_links":{"self":[{"href":"https:\/\/radioljubuski.ba\/index.php\/wp-json\/wp\/v2\/posts\/5267","targetHints":{"allow":["GET"]}}],"collection":[{"href":"https:\/\/radioljubuski.ba\/index.php\/wp-json\/wp\/v2\/posts"}],"about":[{"href":"https:\/\/radioljubuski.ba\/index.php\/wp-json\/wp\/v2\/types\/post"}],"author":[{"embeddable":true,"href":"https:\/\/radioljubuski.ba\/index.php\/wp-json\/wp\/v2\/users\/2"}],"replies":[{"embeddable":true,"href":"https:\/\/radioljubuski.ba\/index.php\/wp-json\/wp\/v2\/comments?post=5267"}],"version-history":[{"count":1,"href":"https:\/\/radioljubuski.ba\/index.php\/wp-json\/wp\/v2\/posts\/5267\/revisions"}],"predecessor-version":[{"id":5268,"href":"https:\/\/radioljubuski.ba\/index.php\/wp-json\/wp\/v2\/posts\/5267\/revisions\/5268"}],"wp:featuredmedia":[{"embeddable":true,"href":"https:\/\/radioljubuski.ba\/index.php\/wp-json\/wp\/v2\/media\/5151"}],"wp:attachment":[{"href":"https:\/\/radioljubuski.ba\/index.php\/wp-json\/wp\/v2\/media?parent=5267"}],"wp:term":[{"taxonomy":"category","embeddable":true,"href":"https:\/\/radioljubuski.ba\/index.php\/wp-json\/wp\/v2\/categories?post=5267"},{"taxonomy":"post_tag","embeddable":true,"href":"https:\/\/radioljubuski.ba\/index.php\/wp-json\/wp\/v2\/tags?post=5267"}],"curies":[{"name":"wp","href":"https:\/\/api.w.org\/{rel}","templated":true}]}}