{"id":52681,"date":"2021-08-12T14:51:56","date_gmt":"2021-08-12T13:51:56","guid":{"rendered":"https:\/\/radioljubuski.ba\/?p=52681"},"modified":"2021-08-12T14:51:57","modified_gmt":"2021-08-12T13:51:57","slug":"ovaj-svecenik-je-blagoslovio-atomske-bombe-bacene-na-japan-poslije-se-pokajao-i-ostao-sluziti-zrtvama","status":"publish","type":"post","link":"https:\/\/radioljubuski.ba\/index.php\/2021\/08\/12\/ovaj-svecenik-je-blagoslovio-atomske-bombe-bacene-na-japan-poslije-se-pokajao-i-ostao-sluziti-zrtvama\/","title":{"rendered":"Ovaj sve\u0107enik je blagoslovio atomske bombe ba\u010dene na Japan, poslije se pokajao i ostao slu\u017eiti \u017ertvama"},"content":{"rendered":"\n<p>Katoli\u010dki portal Aleteia donio je pri\u010du o vl\u010d. Georgeu Zabelki, ameri\u010dkom sve\u0107eniku austrijskih korijena koji je blagoslovio atomske bombe ba\u010dene na Hiro\u0161imu i Nagasaki.<\/p>\n\n\n\n<p>Vl\u010d. Zabelka bio je vojni kapelan koji je duhovno pratio oko 2000 mu\u0161karaca 509. brigade koja je bila obu\u010dena upravo za ispu\u0161tanje atomskih bombi na Japan.<\/p>\n\n\n\n<p>Iako nije bio militarist smatrao je da u slu\u010daju Drugog svjetskog rata \u201ccilj opravdava sredstvo\u201d te da se u svrhu pobjede protiv Sila osovine mo\u017ee koristiti i tako zastra\u0161uju\u0107e sredstvo kao \u0161to je atomska bomba.<\/p>\n\n\n\n<p>Kada je saznao da je u bombardiranju poginulo stotine tisu\u0107a civila vl\u010d. Zabelka je \u017ealio zbog stradanja, ali je ipak smatrao da je to bila stvar koju je trebalo u\u010diniti kako bi se rat zavr\u0161io.<\/p>\n\n\n\n<p>Njegovo se mi\u0161ljenje po\u010delo mijenjati kada je saznao da je jedna od bombi pala na Nagasaki, najkatoli\u010dkiji grad u Japanu. U govoru kojeg je odr\u017eao godine 1985. prisjetio se svojih misli:<\/p>\n\n\n\n<p>\u201cKao katoli\u010dki kapelan gledao sam kako Boxcar, kojim je upravljao dobar irski pilot i katolik, baca bombu na Urakami katedralu u Nagasakiju \u2013 centar katoli\u010danstva u Japanu. Znao sam da je sveti Franjo Ksaverski stolje\u0107ima prije toga donio katoli\u010dku vjeru u Japan. Znao sam da su \u0161kole, crkve i vjerski redovi izbrisani s lica zemlje, a ipak nisam ni\u0161ta rekao\u201d.<\/p>\n\n\n\n<p>Preplavljen tugom mladi sve\u0107enik je odlu\u010dio posjetiti bolnice u kojima su le\u017eale \u017ertve bombi u neizmjernim bolovima. Naposljetku je odlu\u010dio ne vratiti se u SAD, nego ostati kao kapelan u Japanu i slu\u017eiti svojim biv\u0161im neprijateljima.<\/p>\n\n\n\n<p>Ostatak \u017eivota proveo je aktivno se zala\u017eu\u0107i za mir i upozoravaju\u0107i na opasnost atomskih bombi. Godine 1984. ponovno je oti\u0161ao u Tokio i Hiro\u0161imu kako bi od pre\u017eivjelih \u017ertava tra\u017eio opro\u0161tenje.<\/p>\n\n\n\n<p>\u201cOdnio sam cvije\u0107e u sveti\u0161te mira, pao na lice i molio za opro\u0161tenje \u2013 za sebe, za svoju zemlju, za svoju Crkvu\u201d, kazao je Zabelka dodav\u0161i kako su Japanci i od njega zatra\u017eili opro\u0161tenje za Pearl Harbor i druge napade.<\/p>\n\n\n\n<p>\u201cZagrlili smo se. Plakali smo. Suze su tekle. To je prvi korak prema pomirenju \u2013 priznanje krivnje i opro\u0161tenje\u201d, rekao je ameri\u010dki sve\u0107enik.<\/p>\n\n\n\n<p>Osim toga o\u0161tro je govorio i o crkvenim vo\u0111ama koji su odobravali nasilje, priznav\u0161i i svoj udio u tome.<\/p>\n\n\n\n<p>\u201cKao kapelan zra\u010dnih snaga naslikao sam Isusa kako u svojim dragim i nenasilnim rukama dr\u017ei strojnicu i predao tu izopa\u010denu sliku svijetu kao istinitu. Pjevao sam \u201cSlava Gospodinu\u201d i dijelio streljivo. Kao katoli\u010dki kapelan 509. brigade bio sam posljednji kanal koji je prenio tu la\u017enu sliku Krista posadi Enola Gaya i Boxcara\u201d, kazao je vl\u010d. Zabelka te zaklju\u010dio:<\/p>\n\n\n\n<p>\u201cSve \u0161to mogu re\u0107i jest da sam bio u krivu. Krist nikada ne bi bio sredstvo za ispu\u0161tanje takve strave na svoj narod. Stoga nijedan Kristov sljedbenik ne mo\u017ee uzeti za pravo ispustiti stravu rata na Bo\u017eji narod. Izgovori i samoopravdavanja su beskorisni. Sve \u0161to mogu re\u0107i jest: Bio sam u krivu!\u201d<\/p>\n\n\n\n<p>Vl\u010d. Zabelka preminuo je 1992. godine, a misu zadu\u0161nicu za njega predvodio je biskup Kenneth Povich. Govore\u0107i o pokojnikovom \u017eivotu tijekom propovijedi biskup se prisjetio jednog detalja: \u201cNa na\u0161im sve\u0107eni\u010dkim okupljanjima, kada bismo slavili misu zajedno, tijekom molitve vjernika vl\u010d. George bi nas uvijek pozvao da molimo za svoje neprijatelje.\u201d<\/p>\n\n\n\n<p>Izvor:bitno.net<\/p>\n","protected":false},"excerpt":{"rendered":"<p>Katoli\u010dki portal Aleteia donio je pri\u010du o vl\u010d. Georgeu Zabelki, ameri\u010dkom sve\u0107eniku austrijskih korijena koji je blagoslovio atomske bombe ba\u010dene na Hiro\u0161imu i Nagasaki. Vl\u010d. Zabelka bio je vojni kapelan koji je duhovno pratio oko 2000 mu\u0161karaca 509. brigade koja je bila obu\u010dena upravo za ispu\u0161tanje atomskih bombi na Japan. Iako nije bio militarist smatrao [&hellip;]<\/p>\n","protected":false},"author":2,"featured_media":52682,"comment_status":"closed","ping_status":"closed","sticky":false,"template":"","format":"standard","meta":{"h5ap_radio_sources":[],"footnotes":""},"categories":[1],"tags":[],"class_list":["post-52681","post","type-post","status-publish","format-standard","has-post-thumbnail","hentry","category-bihiregija"],"yoast_head":"<!-- This site is optimized with the Yoast SEO plugin v27.4 - https:\/\/yoast.com\/product\/yoast-seo-wordpress\/ -->\n<title>Ovaj sve\u0107enik je blagoslovio atomske bombe ba\u010dene na Japan, poslije se pokajao i ostao slu\u017eiti \u017ertvama - RADIO LJUBU\u0160KI<\/title>\n<meta name=\"robots\" content=\"index, follow, max-snippet:-1, max-image-preview:large, max-video-preview:-1\" \/>\n<link rel=\"canonical\" href=\"https:\/\/radioljubuski.ba\/index.php\/2021\/08\/12\/ovaj-svecenik-je-blagoslovio-atomske-bombe-bacene-na-japan-poslije-se-pokajao-i-ostao-sluziti-zrtvama\/\" \/>\n<meta property=\"og:locale\" content=\"hr_HR\" \/>\n<meta property=\"og:type\" content=\"article\" \/>\n<meta property=\"og:title\" content=\"Ovaj sve\u0107enik je blagoslovio atomske bombe ba\u010dene na Japan, poslije se pokajao i ostao slu\u017eiti \u017ertvama - RADIO LJUBU\u0160KI\" \/>\n<meta property=\"og:description\" content=\"Katoli\u010dki portal Aleteia donio je pri\u010du o vl\u010d. Georgeu Zabelki, ameri\u010dkom sve\u0107eniku austrijskih korijena koji je blagoslovio atomske bombe ba\u010dene na Hiro\u0161imu i Nagasaki. Vl\u010d. Zabelka bio je vojni kapelan koji je duhovno pratio oko 2000 mu\u0161karaca 509. brigade koja je bila obu\u010dena upravo za ispu\u0161tanje atomskih bombi na Japan. Iako nije bio militarist smatrao [&hellip;]\" \/>\n<meta property=\"og:url\" content=\"https:\/\/radioljubuski.ba\/index.php\/2021\/08\/12\/ovaj-svecenik-je-blagoslovio-atomske-bombe-bacene-na-japan-poslije-se-pokajao-i-ostao-sluziti-zrtvama\/\" \/>\n<meta property=\"og:site_name\" content=\"RADIO LJUBU\u0160KI\" \/>\n<meta property=\"article:publisher\" content=\"https:\/\/www.facebook.com\/Radiio-Ljubuski-1490835324566332\" \/>\n<meta property=\"article:published_time\" content=\"2021-08-12T13:51:56+00:00\" \/>\n<meta property=\"article:modified_time\" content=\"2021-08-12T13:51:57+00:00\" \/>\n<meta property=\"og:image\" content=\"https:\/\/radioljubuski.ba\/wp-content\/uploads\/2021\/08\/7-2021-08-12-12-30-25-1212121121.jpg\" \/>\n\t<meta property=\"og:image:width\" content=\"1000\" \/>\n\t<meta property=\"og:image:height\" content=\"625\" \/>\n\t<meta property=\"og:image:type\" content=\"image\/jpeg\" \/>\n<meta name=\"author\" content=\"Radio Ljubu\u0161ki\" \/>\n<meta name=\"twitter:card\" content=\"summary_large_image\" \/>\n<meta name=\"twitter:creator\" content=\"@radioljubuski\" \/>\n<meta name=\"twitter:site\" content=\"@radioljubuski\" \/>\n<meta name=\"twitter:label1\" content=\"Napisao\/la\" \/>\n\t<meta name=\"twitter:data1\" content=\"Radio Ljubu\u0161ki\" \/>\n\t<meta name=\"twitter:label2\" content=\"Procijenjeno vrijeme \u010ditanja\" \/>\n\t<meta name=\"twitter:data2\" content=\"3 minute\" \/>\n<script type=\"application\/ld+json\" class=\"yoast-schema-graph\">{\"@context\":\"https:\\\/\\\/schema.org\",\"@graph\":[{\"@type\":\"Article\",\"@id\":\"https:\\\/\\\/radioljubuski.ba\\\/index.php\\\/2021\\\/08\\\/12\\\/ovaj-svecenik-je-blagoslovio-atomske-bombe-bacene-na-japan-poslije-se-pokajao-i-ostao-sluziti-zrtvama\\\/#article\",\"isPartOf\":{\"@id\":\"https:\\\/\\\/radioljubuski.ba\\\/index.php\\\/2021\\\/08\\\/12\\\/ovaj-svecenik-je-blagoslovio-atomske-bombe-bacene-na-japan-poslije-se-pokajao-i-ostao-sluziti-zrtvama\\\/\"},\"author\":{\"name\":\"Radio Ljubu\u0161ki\",\"@id\":\"https:\\\/\\\/radioljubuski.ba\\\/#\\\/schema\\\/person\\\/19fc700381a780f69665d7956c469e3b\"},\"headline\":\"Ovaj sve\u0107enik je blagoslovio atomske bombe ba\u010dene na Japan, poslije se pokajao i ostao slu\u017eiti \u017ertvama\",\"datePublished\":\"2021-08-12T13:51:56+00:00\",\"dateModified\":\"2021-08-12T13:51:57+00:00\",\"mainEntityOfPage\":{\"@id\":\"https:\\\/\\\/radioljubuski.ba\\\/index.php\\\/2021\\\/08\\\/12\\\/ovaj-svecenik-je-blagoslovio-atomske-bombe-bacene-na-japan-poslije-se-pokajao-i-ostao-sluziti-zrtvama\\\/\"},\"wordCount\":600,\"publisher\":{\"@id\":\"https:\\\/\\\/radioljubuski.ba\\\/#organization\"},\"image\":{\"@id\":\"https:\\\/\\\/radioljubuski.ba\\\/index.php\\\/2021\\\/08\\\/12\\\/ovaj-svecenik-je-blagoslovio-atomske-bombe-bacene-na-japan-poslije-se-pokajao-i-ostao-sluziti-zrtvama\\\/#primaryimage\"},\"thumbnailUrl\":\"https:\\\/\\\/radioljubuski.ba\\\/wp-content\\\/uploads\\\/2021\\\/08\\\/7-2021-08-12-12-30-25-1212121121.jpg\",\"articleSection\":[\"BIH i regija\"],\"inLanguage\":\"hr\"},{\"@type\":\"WebPage\",\"@id\":\"https:\\\/\\\/radioljubuski.ba\\\/index.php\\\/2021\\\/08\\\/12\\\/ovaj-svecenik-je-blagoslovio-atomske-bombe-bacene-na-japan-poslije-se-pokajao-i-ostao-sluziti-zrtvama\\\/\",\"url\":\"https:\\\/\\\/radioljubuski.ba\\\/index.php\\\/2021\\\/08\\\/12\\\/ovaj-svecenik-je-blagoslovio-atomske-bombe-bacene-na-japan-poslije-se-pokajao-i-ostao-sluziti-zrtvama\\\/\",\"name\":\"Ovaj sve\u0107enik je blagoslovio atomske bombe ba\u010dene na Japan, poslije se pokajao i ostao slu\u017eiti \u017ertvama - RADIO LJUBU\u0160KI\",\"isPartOf\":{\"@id\":\"https:\\\/\\\/radioljubuski.ba\\\/#website\"},\"primaryImageOfPage\":{\"@id\":\"https:\\\/\\\/radioljubuski.ba\\\/index.php\\\/2021\\\/08\\\/12\\\/ovaj-svecenik-je-blagoslovio-atomske-bombe-bacene-na-japan-poslije-se-pokajao-i-ostao-sluziti-zrtvama\\\/#primaryimage\"},\"image\":{\"@id\":\"https:\\\/\\\/radioljubuski.ba\\\/index.php\\\/2021\\\/08\\\/12\\\/ovaj-svecenik-je-blagoslovio-atomske-bombe-bacene-na-japan-poslije-se-pokajao-i-ostao-sluziti-zrtvama\\\/#primaryimage\"},\"thumbnailUrl\":\"https:\\\/\\\/radioljubuski.ba\\\/wp-content\\\/uploads\\\/2021\\\/08\\\/7-2021-08-12-12-30-25-1212121121.jpg\",\"datePublished\":\"2021-08-12T13:51:56+00:00\",\"dateModified\":\"2021-08-12T13:51:57+00:00\",\"breadcrumb\":{\"@id\":\"https:\\\/\\\/radioljubuski.ba\\\/index.php\\\/2021\\\/08\\\/12\\\/ovaj-svecenik-je-blagoslovio-atomske-bombe-bacene-na-japan-poslije-se-pokajao-i-ostao-sluziti-zrtvama\\\/#breadcrumb\"},\"inLanguage\":\"hr\",\"potentialAction\":[{\"@type\":\"ReadAction\",\"target\":[\"https:\\\/\\\/radioljubuski.ba\\\/index.php\\\/2021\\\/08\\\/12\\\/ovaj-svecenik-je-blagoslovio-atomske-bombe-bacene-na-japan-poslije-se-pokajao-i-ostao-sluziti-zrtvama\\\/\"]}]},{\"@type\":\"ImageObject\",\"inLanguage\":\"hr\",\"@id\":\"https:\\\/\\\/radioljubuski.ba\\\/index.php\\\/2021\\\/08\\\/12\\\/ovaj-svecenik-je-blagoslovio-atomske-bombe-bacene-na-japan-poslije-se-pokajao-i-ostao-sluziti-zrtvama\\\/#primaryimage\",\"url\":\"https:\\\/\\\/radioljubuski.ba\\\/wp-content\\\/uploads\\\/2021\\\/08\\\/7-2021-08-12-12-30-25-1212121121.jpg\",\"contentUrl\":\"https:\\\/\\\/radioljubuski.ba\\\/wp-content\\\/uploads\\\/2021\\\/08\\\/7-2021-08-12-12-30-25-1212121121.jpg\",\"width\":1000,\"height\":625},{\"@type\":\"BreadcrumbList\",\"@id\":\"https:\\\/\\\/radioljubuski.ba\\\/index.php\\\/2021\\\/08\\\/12\\\/ovaj-svecenik-je-blagoslovio-atomske-bombe-bacene-na-japan-poslije-se-pokajao-i-ostao-sluziti-zrtvama\\\/#breadcrumb\",\"itemListElement\":[{\"@type\":\"ListItem\",\"position\":1,\"name\":\"Po\u010detna stranica\",\"item\":\"https:\\\/\\\/radioljubuski.ba\\\/\"},{\"@type\":\"ListItem\",\"position\":2,\"name\":\"Ovaj sve\u0107enik je blagoslovio atomske bombe ba\u010dene na Japan, poslije se pokajao i ostao slu\u017eiti \u017ertvama\"}]},{\"@type\":\"WebSite\",\"@id\":\"https:\\\/\\\/radioljubuski.ba\\\/#website\",\"url\":\"https:\\\/\\\/radioljubuski.ba\\\/\",\"name\":\"Radio Ljubu\u0161ki\",\"description\":\"Sun\u010dana frekvencija Hercegovine\",\"publisher\":{\"@id\":\"https:\\\/\\\/radioljubuski.ba\\\/#organization\"},\"potentialAction\":[{\"@type\":\"SearchAction\",\"target\":{\"@type\":\"EntryPoint\",\"urlTemplate\":\"https:\\\/\\\/radioljubuski.ba\\\/?s={search_term_string}\"},\"query-input\":{\"@type\":\"PropertyValueSpecification\",\"valueRequired\":true,\"valueName\":\"search_term_string\"}}],\"inLanguage\":\"hr\"},{\"@type\":\"Organization\",\"@id\":\"https:\\\/\\\/radioljubuski.ba\\\/#organization\",\"name\":\"Radio Ljubu\u0161ki\",\"url\":\"https:\\\/\\\/radioljubuski.ba\\\/\",\"logo\":{\"@type\":\"ImageObject\",\"inLanguage\":\"hr\",\"@id\":\"https:\\\/\\\/radioljubuski.ba\\\/#\\\/schema\\\/logo\\\/image\\\/\",\"url\":\"https:\\\/\\\/radioljubuski.ba\\\/wp-content\\\/uploads\\\/2021\\\/02\\\/cropped-Radio_Ljubuski_logo1.jpg\",\"contentUrl\":\"https:\\\/\\\/radioljubuski.ba\\\/wp-content\\\/uploads\\\/2021\\\/02\\\/cropped-Radio_Ljubuski_logo1.jpg\",\"width\":512,\"height\":512,\"caption\":\"Radio Ljubu\u0161ki\"},\"image\":{\"@id\":\"https:\\\/\\\/radioljubuski.ba\\\/#\\\/schema\\\/logo\\\/image\\\/\"},\"sameAs\":[\"https:\\\/\\\/www.facebook.com\\\/Radiio-Ljubuski-1490835324566332\",\"https:\\\/\\\/x.com\\\/radioljubuski\",\"https:\\\/\\\/hr.linkedin.com\\\/company\\\/radio-ljubuski\",\"https:\\\/\\\/www.youtube.com\\\/channel\\\/UCHYaeO_n0Db3tjNGudGpXyw\"]},{\"@type\":\"Person\",\"@id\":\"https:\\\/\\\/radioljubuski.ba\\\/#\\\/schema\\\/person\\\/19fc700381a780f69665d7956c469e3b\",\"name\":\"Radio Ljubu\u0161ki\"}]}<\/script>\n<!-- \/ Yoast SEO plugin. -->","yoast_head_json":{"title":"Ovaj sve\u0107enik je blagoslovio atomske bombe ba\u010dene na Japan, poslije se pokajao i ostao slu\u017eiti \u017ertvama - RADIO LJUBU\u0160KI","robots":{"index":"index","follow":"follow","max-snippet":"max-snippet:-1","max-image-preview":"max-image-preview:large","max-video-preview":"max-video-preview:-1"},"canonical":"https:\/\/radioljubuski.ba\/index.php\/2021\/08\/12\/ovaj-svecenik-je-blagoslovio-atomske-bombe-bacene-na-japan-poslije-se-pokajao-i-ostao-sluziti-zrtvama\/","og_locale":"hr_HR","og_type":"article","og_title":"Ovaj sve\u0107enik je blagoslovio atomske bombe ba\u010dene na Japan, poslije se pokajao i ostao slu\u017eiti \u017ertvama - RADIO LJUBU\u0160KI","og_description":"Katoli\u010dki portal Aleteia donio je pri\u010du o vl\u010d. Georgeu Zabelki, ameri\u010dkom sve\u0107eniku austrijskih korijena koji je blagoslovio atomske bombe ba\u010dene na Hiro\u0161imu i Nagasaki. Vl\u010d. Zabelka bio je vojni kapelan koji je duhovno pratio oko 2000 mu\u0161karaca 509. brigade koja je bila obu\u010dena upravo za ispu\u0161tanje atomskih bombi na Japan. Iako nije bio militarist smatrao [&hellip;]","og_url":"https:\/\/radioljubuski.ba\/index.php\/2021\/08\/12\/ovaj-svecenik-je-blagoslovio-atomske-bombe-bacene-na-japan-poslije-se-pokajao-i-ostao-sluziti-zrtvama\/","og_site_name":"RADIO LJUBU\u0160KI","article_publisher":"https:\/\/www.facebook.com\/Radiio-Ljubuski-1490835324566332","article_published_time":"2021-08-12T13:51:56+00:00","article_modified_time":"2021-08-12T13:51:57+00:00","og_image":[{"width":1000,"height":625,"url":"https:\/\/radioljubuski.ba\/wp-content\/uploads\/2021\/08\/7-2021-08-12-12-30-25-1212121121.jpg","type":"image\/jpeg"}],"author":"Radio Ljubu\u0161ki","twitter_card":"summary_large_image","twitter_creator":"@radioljubuski","twitter_site":"@radioljubuski","twitter_misc":{"Napisao\/la":"Radio Ljubu\u0161ki","Procijenjeno vrijeme \u010ditanja":"3 minute"},"schema":{"@context":"https:\/\/schema.org","@graph":[{"@type":"Article","@id":"https:\/\/radioljubuski.ba\/index.php\/2021\/08\/12\/ovaj-svecenik-je-blagoslovio-atomske-bombe-bacene-na-japan-poslije-se-pokajao-i-ostao-sluziti-zrtvama\/#article","isPartOf":{"@id":"https:\/\/radioljubuski.ba\/index.php\/2021\/08\/12\/ovaj-svecenik-je-blagoslovio-atomske-bombe-bacene-na-japan-poslije-se-pokajao-i-ostao-sluziti-zrtvama\/"},"author":{"name":"Radio Ljubu\u0161ki","@id":"https:\/\/radioljubuski.ba\/#\/schema\/person\/19fc700381a780f69665d7956c469e3b"},"headline":"Ovaj sve\u0107enik je blagoslovio atomske bombe ba\u010dene na Japan, poslije se pokajao i ostao slu\u017eiti \u017ertvama","datePublished":"2021-08-12T13:51:56+00:00","dateModified":"2021-08-12T13:51:57+00:00","mainEntityOfPage":{"@id":"https:\/\/radioljubuski.ba\/index.php\/2021\/08\/12\/ovaj-svecenik-je-blagoslovio-atomske-bombe-bacene-na-japan-poslije-se-pokajao-i-ostao-sluziti-zrtvama\/"},"wordCount":600,"publisher":{"@id":"https:\/\/radioljubuski.ba\/#organization"},"image":{"@id":"https:\/\/radioljubuski.ba\/index.php\/2021\/08\/12\/ovaj-svecenik-je-blagoslovio-atomske-bombe-bacene-na-japan-poslije-se-pokajao-i-ostao-sluziti-zrtvama\/#primaryimage"},"thumbnailUrl":"https:\/\/radioljubuski.ba\/wp-content\/uploads\/2021\/08\/7-2021-08-12-12-30-25-1212121121.jpg","articleSection":["BIH i regija"],"inLanguage":"hr"},{"@type":"WebPage","@id":"https:\/\/radioljubuski.ba\/index.php\/2021\/08\/12\/ovaj-svecenik-je-blagoslovio-atomske-bombe-bacene-na-japan-poslije-se-pokajao-i-ostao-sluziti-zrtvama\/","url":"https:\/\/radioljubuski.ba\/index.php\/2021\/08\/12\/ovaj-svecenik-je-blagoslovio-atomske-bombe-bacene-na-japan-poslije-se-pokajao-i-ostao-sluziti-zrtvama\/","name":"Ovaj sve\u0107enik je blagoslovio atomske bombe ba\u010dene na Japan, poslije se pokajao i ostao slu\u017eiti \u017ertvama - RADIO LJUBU\u0160KI","isPartOf":{"@id":"https:\/\/radioljubuski.ba\/#website"},"primaryImageOfPage":{"@id":"https:\/\/radioljubuski.ba\/index.php\/2021\/08\/12\/ovaj-svecenik-je-blagoslovio-atomske-bombe-bacene-na-japan-poslije-se-pokajao-i-ostao-sluziti-zrtvama\/#primaryimage"},"image":{"@id":"https:\/\/radioljubuski.ba\/index.php\/2021\/08\/12\/ovaj-svecenik-je-blagoslovio-atomske-bombe-bacene-na-japan-poslije-se-pokajao-i-ostao-sluziti-zrtvama\/#primaryimage"},"thumbnailUrl":"https:\/\/radioljubuski.ba\/wp-content\/uploads\/2021\/08\/7-2021-08-12-12-30-25-1212121121.jpg","datePublished":"2021-08-12T13:51:56+00:00","dateModified":"2021-08-12T13:51:57+00:00","breadcrumb":{"@id":"https:\/\/radioljubuski.ba\/index.php\/2021\/08\/12\/ovaj-svecenik-je-blagoslovio-atomske-bombe-bacene-na-japan-poslije-se-pokajao-i-ostao-sluziti-zrtvama\/#breadcrumb"},"inLanguage":"hr","potentialAction":[{"@type":"ReadAction","target":["https:\/\/radioljubuski.ba\/index.php\/2021\/08\/12\/ovaj-svecenik-je-blagoslovio-atomske-bombe-bacene-na-japan-poslije-se-pokajao-i-ostao-sluziti-zrtvama\/"]}]},{"@type":"ImageObject","inLanguage":"hr","@id":"https:\/\/radioljubuski.ba\/index.php\/2021\/08\/12\/ovaj-svecenik-je-blagoslovio-atomske-bombe-bacene-na-japan-poslije-se-pokajao-i-ostao-sluziti-zrtvama\/#primaryimage","url":"https:\/\/radioljubuski.ba\/wp-content\/uploads\/2021\/08\/7-2021-08-12-12-30-25-1212121121.jpg","contentUrl":"https:\/\/radioljubuski.ba\/wp-content\/uploads\/2021\/08\/7-2021-08-12-12-30-25-1212121121.jpg","width":1000,"height":625},{"@type":"BreadcrumbList","@id":"https:\/\/radioljubuski.ba\/index.php\/2021\/08\/12\/ovaj-svecenik-je-blagoslovio-atomske-bombe-bacene-na-japan-poslije-se-pokajao-i-ostao-sluziti-zrtvama\/#breadcrumb","itemListElement":[{"@type":"ListItem","position":1,"name":"Po\u010detna stranica","item":"https:\/\/radioljubuski.ba\/"},{"@type":"ListItem","position":2,"name":"Ovaj sve\u0107enik je blagoslovio atomske bombe ba\u010dene na Japan, poslije se pokajao i ostao slu\u017eiti \u017ertvama"}]},{"@type":"WebSite","@id":"https:\/\/radioljubuski.ba\/#website","url":"https:\/\/radioljubuski.ba\/","name":"Radio Ljubu\u0161ki","description":"Sun\u010dana frekvencija Hercegovine","publisher":{"@id":"https:\/\/radioljubuski.ba\/#organization"},"potentialAction":[{"@type":"SearchAction","target":{"@type":"EntryPoint","urlTemplate":"https:\/\/radioljubuski.ba\/?s={search_term_string}"},"query-input":{"@type":"PropertyValueSpecification","valueRequired":true,"valueName":"search_term_string"}}],"inLanguage":"hr"},{"@type":"Organization","@id":"https:\/\/radioljubuski.ba\/#organization","name":"Radio Ljubu\u0161ki","url":"https:\/\/radioljubuski.ba\/","logo":{"@type":"ImageObject","inLanguage":"hr","@id":"https:\/\/radioljubuski.ba\/#\/schema\/logo\/image\/","url":"https:\/\/radioljubuski.ba\/wp-content\/uploads\/2021\/02\/cropped-Radio_Ljubuski_logo1.jpg","contentUrl":"https:\/\/radioljubuski.ba\/wp-content\/uploads\/2021\/02\/cropped-Radio_Ljubuski_logo1.jpg","width":512,"height":512,"caption":"Radio Ljubu\u0161ki"},"image":{"@id":"https:\/\/radioljubuski.ba\/#\/schema\/logo\/image\/"},"sameAs":["https:\/\/www.facebook.com\/Radiio-Ljubuski-1490835324566332","https:\/\/x.com\/radioljubuski","https:\/\/hr.linkedin.com\/company\/radio-ljubuski","https:\/\/www.youtube.com\/channel\/UCHYaeO_n0Db3tjNGudGpXyw"]},{"@type":"Person","@id":"https:\/\/radioljubuski.ba\/#\/schema\/person\/19fc700381a780f69665d7956c469e3b","name":"Radio Ljubu\u0161ki"}]}},"_links":{"self":[{"href":"https:\/\/radioljubuski.ba\/index.php\/wp-json\/wp\/v2\/posts\/52681","targetHints":{"allow":["GET"]}}],"collection":[{"href":"https:\/\/radioljubuski.ba\/index.php\/wp-json\/wp\/v2\/posts"}],"about":[{"href":"https:\/\/radioljubuski.ba\/index.php\/wp-json\/wp\/v2\/types\/post"}],"author":[{"embeddable":true,"href":"https:\/\/radioljubuski.ba\/index.php\/wp-json\/wp\/v2\/users\/2"}],"replies":[{"embeddable":true,"href":"https:\/\/radioljubuski.ba\/index.php\/wp-json\/wp\/v2\/comments?post=52681"}],"version-history":[{"count":1,"href":"https:\/\/radioljubuski.ba\/index.php\/wp-json\/wp\/v2\/posts\/52681\/revisions"}],"predecessor-version":[{"id":52683,"href":"https:\/\/radioljubuski.ba\/index.php\/wp-json\/wp\/v2\/posts\/52681\/revisions\/52683"}],"wp:featuredmedia":[{"embeddable":true,"href":"https:\/\/radioljubuski.ba\/index.php\/wp-json\/wp\/v2\/media\/52682"}],"wp:attachment":[{"href":"https:\/\/radioljubuski.ba\/index.php\/wp-json\/wp\/v2\/media?parent=52681"}],"wp:term":[{"taxonomy":"category","embeddable":true,"href":"https:\/\/radioljubuski.ba\/index.php\/wp-json\/wp\/v2\/categories?post=52681"},{"taxonomy":"post_tag","embeddable":true,"href":"https:\/\/radioljubuski.ba\/index.php\/wp-json\/wp\/v2\/tags?post=52681"}],"curies":[{"name":"wp","href":"https:\/\/api.w.org\/{rel}","templated":true}]}}