{"id":52684,"date":"2021-08-12T18:54:50","date_gmt":"2021-08-12T17:54:50","guid":{"rendered":"https:\/\/radioljubuski.ba\/?p=52684"},"modified":"2021-08-12T18:54:51","modified_gmt":"2021-08-12T17:54:51","slug":"pale-jos-jedne-zaruke-u-medugorju-foto","status":"publish","type":"post","link":"https:\/\/radioljubuski.ba\/index.php\/2021\/08\/12\/pale-jos-jedne-zaruke-u-medugorju-foto\/","title":{"rendered":"&#8216;Pale&#8217; jo\u0161 jedne zaruke u Me\u0111ugorju &#8211; foto"},"content":{"rendered":"\n<p>Da je Me\u0111ugorje uistinu blagoslovljeno s mno\u0161tvom mladih koji hrabro svjedo\u010de vjeru svojim \u017eivotom i primjerom, hodo\u010da\u0161\u0107em na kojem su zape\u010datili jedan novi po\u010detak svog hoda s Bogom u dvoje ovog puta su to bili Slavica iz Ka\u0161tela i Boris iz Kiseljaka<\/p>\n\n\n\n<p>Svoju ljubav okrunili su zarukama ispred crkve sv. Jakova a dan za pam\u0107enje\u00a0uz mnogo romanti\u010dnih detalja pratili su prizori poput balona i ru\u017ea poslaganih u obliku srca.<\/p>\n\n\n\n<figure class=\"wp-block-image\"><img decoding=\"async\" src=\"https:\/\/www.medjugorje-info.com\/images\/Slike-u-clanku\/zaruke-medugorje-boris-slavica-1.jpg\" alt=\"zaruke-medugorje-boris-slavica-1.jpg\"\/><\/figure>\n\n\n\n<figure class=\"wp-block-image\"><img decoding=\"async\" src=\"https:\/\/www.medjugorje-info.com\/images\/Slike-u-clanku\/zaruke-medugorje-boris-slavica-2.jpg\" alt=\"zaruke-medugorje-boris-slavica-2.jpg\"\/><\/figure>\n\n\n\n<figure class=\"wp-block-image\"><img decoding=\"async\" src=\"https:\/\/www.medjugorje-info.com\/images\/Slike-u-clanku\/zaruke-medugorje-boris-slavica-3.jpg\" alt=\"zaruke-medugorje-boris-slavica-3.jpg\"\/><\/figure>\n\n\n\n<figure class=\"wp-block-image\"><img decoding=\"async\" src=\"https:\/\/www.medjugorje-info.com\/images\/Slike-u-clanku\/zaruke-medugorje-boris-slavica.jpg\" alt=\"zaruke-medugorje-boris-slavica.jpg\"\/><\/figure>\n\n\n\n<p><\/p>\n\n\n\n<p>Izvor:medjugorje-info.com<\/p>\n","protected":false},"excerpt":{"rendered":"<p>Da je Me\u0111ugorje uistinu blagoslovljeno s mno\u0161tvom mladih koji hrabro svjedo\u010de vjeru svojim \u017eivotom i primjerom, hodo\u010da\u0161\u0107em na kojem su zape\u010datili jedan novi po\u010detak svog hoda s Bogom u dvoje ovog puta su to bili Slavica iz Ka\u0161tela i Boris iz Kiseljaka Svoju ljubav okrunili su zarukama ispred crkve sv. Jakova a dan za pam\u0107enje\u00a0uz [&hellip;]<\/p>\n","protected":false},"author":2,"featured_media":52685,"comment_status":"closed","ping_status":"closed","sticky":false,"template":"","format":"standard","meta":{"h5ap_radio_sources":[],"footnotes":""},"categories":[1],"tags":[],"class_list":["post-52684","post","type-post","status-publish","format-standard","has-post-thumbnail","hentry","category-bihiregija"],"yoast_head":"<!-- This site is optimized with the Yoast SEO plugin v27.4 - https:\/\/yoast.com\/product\/yoast-seo-wordpress\/ -->\n<title>&#039;Pale&#039; jo\u0161 jedne zaruke u Me\u0111ugorju - foto - RADIO LJUBU\u0160KI<\/title>\n<meta name=\"robots\" content=\"index, follow, max-snippet:-1, max-image-preview:large, max-video-preview:-1\" \/>\n<link rel=\"canonical\" href=\"https:\/\/radioljubuski.ba\/index.php\/2021\/08\/12\/pale-jos-jedne-zaruke-u-medugorju-foto\/\" \/>\n<meta property=\"og:locale\" content=\"hr_HR\" \/>\n<meta property=\"og:type\" content=\"article\" \/>\n<meta property=\"og:title\" content=\"&#039;Pale&#039; jo\u0161 jedne zaruke u Me\u0111ugorju - foto - RADIO LJUBU\u0160KI\" \/>\n<meta property=\"og:description\" content=\"Da je Me\u0111ugorje uistinu blagoslovljeno s mno\u0161tvom mladih koji hrabro svjedo\u010de vjeru svojim \u017eivotom i primjerom, hodo\u010da\u0161\u0107em na kojem su zape\u010datili jedan novi po\u010detak svog hoda s Bogom u dvoje ovog puta su to bili Slavica iz Ka\u0161tela i Boris iz Kiseljaka Svoju ljubav okrunili su zarukama ispred crkve sv. Jakova a dan za pam\u0107enje\u00a0uz [&hellip;]\" \/>\n<meta property=\"og:url\" content=\"https:\/\/radioljubuski.ba\/index.php\/2021\/08\/12\/pale-jos-jedne-zaruke-u-medugorju-foto\/\" \/>\n<meta property=\"og:site_name\" content=\"RADIO LJUBU\u0160KI\" \/>\n<meta property=\"article:publisher\" content=\"https:\/\/www.facebook.com\/Radiio-Ljubuski-1490835324566332\" \/>\n<meta property=\"article:published_time\" content=\"2021-08-12T17:54:50+00:00\" \/>\n<meta property=\"article:modified_time\" content=\"2021-08-12T17:54:51+00:00\" \/>\n<meta property=\"og:image\" content=\"https:\/\/radioljubuski.ba\/wp-content\/uploads\/2021\/08\/slavica-boris-zaruke.jpg\" \/>\n\t<meta property=\"og:image:width\" content=\"740\" \/>\n\t<meta property=\"og:image:height\" content=\"370\" \/>\n\t<meta property=\"og:image:type\" content=\"image\/jpeg\" \/>\n<meta name=\"author\" content=\"Radio Ljubu\u0161ki\" \/>\n<meta name=\"twitter:card\" content=\"summary_large_image\" \/>\n<meta name=\"twitter:creator\" content=\"@radioljubuski\" \/>\n<meta name=\"twitter:site\" content=\"@radioljubuski\" \/>\n<meta name=\"twitter:label1\" content=\"Napisao\/la\" \/>\n\t<meta name=\"twitter:data1\" content=\"Radio Ljubu\u0161ki\" \/>\n\t<meta name=\"twitter:label2\" content=\"Procijenjeno vrijeme \u010ditanja\" \/>\n\t<meta name=\"twitter:data2\" content=\"2 minute\" \/>\n<script type=\"application\/ld+json\" class=\"yoast-schema-graph\">{\"@context\":\"https:\\\/\\\/schema.org\",\"@graph\":[{\"@type\":\"Article\",\"@id\":\"https:\\\/\\\/radioljubuski.ba\\\/index.php\\\/2021\\\/08\\\/12\\\/pale-jos-jedne-zaruke-u-medugorju-foto\\\/#article\",\"isPartOf\":{\"@id\":\"https:\\\/\\\/radioljubuski.ba\\\/index.php\\\/2021\\\/08\\\/12\\\/pale-jos-jedne-zaruke-u-medugorju-foto\\\/\"},\"author\":{\"name\":\"Radio Ljubu\u0161ki\",\"@id\":\"https:\\\/\\\/radioljubuski.ba\\\/#\\\/schema\\\/person\\\/19fc700381a780f69665d7956c469e3b\"},\"headline\":\"&#8216;Pale&#8217; jo\u0161 jedne zaruke u Me\u0111ugorju &#8211; foto\",\"datePublished\":\"2021-08-12T17:54:50+00:00\",\"dateModified\":\"2021-08-12T17:54:51+00:00\",\"mainEntityOfPage\":{\"@id\":\"https:\\\/\\\/radioljubuski.ba\\\/index.php\\\/2021\\\/08\\\/12\\\/pale-jos-jedne-zaruke-u-medugorju-foto\\\/\"},\"wordCount\":93,\"publisher\":{\"@id\":\"https:\\\/\\\/radioljubuski.ba\\\/#organization\"},\"image\":{\"@id\":\"https:\\\/\\\/radioljubuski.ba\\\/index.php\\\/2021\\\/08\\\/12\\\/pale-jos-jedne-zaruke-u-medugorju-foto\\\/#primaryimage\"},\"thumbnailUrl\":\"https:\\\/\\\/radioljubuski.ba\\\/wp-content\\\/uploads\\\/2021\\\/08\\\/slavica-boris-zaruke.jpg\",\"articleSection\":[\"BIH i regija\"],\"inLanguage\":\"hr\"},{\"@type\":\"WebPage\",\"@id\":\"https:\\\/\\\/radioljubuski.ba\\\/index.php\\\/2021\\\/08\\\/12\\\/pale-jos-jedne-zaruke-u-medugorju-foto\\\/\",\"url\":\"https:\\\/\\\/radioljubuski.ba\\\/index.php\\\/2021\\\/08\\\/12\\\/pale-jos-jedne-zaruke-u-medugorju-foto\\\/\",\"name\":\"'Pale' jo\u0161 jedne zaruke u Me\u0111ugorju - foto - RADIO LJUBU\u0160KI\",\"isPartOf\":{\"@id\":\"https:\\\/\\\/radioljubuski.ba\\\/#website\"},\"primaryImageOfPage\":{\"@id\":\"https:\\\/\\\/radioljubuski.ba\\\/index.php\\\/2021\\\/08\\\/12\\\/pale-jos-jedne-zaruke-u-medugorju-foto\\\/#primaryimage\"},\"image\":{\"@id\":\"https:\\\/\\\/radioljubuski.ba\\\/index.php\\\/2021\\\/08\\\/12\\\/pale-jos-jedne-zaruke-u-medugorju-foto\\\/#primaryimage\"},\"thumbnailUrl\":\"https:\\\/\\\/radioljubuski.ba\\\/wp-content\\\/uploads\\\/2021\\\/08\\\/slavica-boris-zaruke.jpg\",\"datePublished\":\"2021-08-12T17:54:50+00:00\",\"dateModified\":\"2021-08-12T17:54:51+00:00\",\"breadcrumb\":{\"@id\":\"https:\\\/\\\/radioljubuski.ba\\\/index.php\\\/2021\\\/08\\\/12\\\/pale-jos-jedne-zaruke-u-medugorju-foto\\\/#breadcrumb\"},\"inLanguage\":\"hr\",\"potentialAction\":[{\"@type\":\"ReadAction\",\"target\":[\"https:\\\/\\\/radioljubuski.ba\\\/index.php\\\/2021\\\/08\\\/12\\\/pale-jos-jedne-zaruke-u-medugorju-foto\\\/\"]}]},{\"@type\":\"ImageObject\",\"inLanguage\":\"hr\",\"@id\":\"https:\\\/\\\/radioljubuski.ba\\\/index.php\\\/2021\\\/08\\\/12\\\/pale-jos-jedne-zaruke-u-medugorju-foto\\\/#primaryimage\",\"url\":\"https:\\\/\\\/radioljubuski.ba\\\/wp-content\\\/uploads\\\/2021\\\/08\\\/slavica-boris-zaruke.jpg\",\"contentUrl\":\"https:\\\/\\\/radioljubuski.ba\\\/wp-content\\\/uploads\\\/2021\\\/08\\\/slavica-boris-zaruke.jpg\",\"width\":740,\"height\":370},{\"@type\":\"BreadcrumbList\",\"@id\":\"https:\\\/\\\/radioljubuski.ba\\\/index.php\\\/2021\\\/08\\\/12\\\/pale-jos-jedne-zaruke-u-medugorju-foto\\\/#breadcrumb\",\"itemListElement\":[{\"@type\":\"ListItem\",\"position\":1,\"name\":\"Po\u010detna stranica\",\"item\":\"https:\\\/\\\/radioljubuski.ba\\\/\"},{\"@type\":\"ListItem\",\"position\":2,\"name\":\"&#8216;Pale&#8217; jo\u0161 jedne zaruke u Me\u0111ugorju &#8211; foto\"}]},{\"@type\":\"WebSite\",\"@id\":\"https:\\\/\\\/radioljubuski.ba\\\/#website\",\"url\":\"https:\\\/\\\/radioljubuski.ba\\\/\",\"name\":\"Radio Ljubu\u0161ki\",\"description\":\"Sun\u010dana frekvencija Hercegovine\",\"publisher\":{\"@id\":\"https:\\\/\\\/radioljubuski.ba\\\/#organization\"},\"potentialAction\":[{\"@type\":\"SearchAction\",\"target\":{\"@type\":\"EntryPoint\",\"urlTemplate\":\"https:\\\/\\\/radioljubuski.ba\\\/?s={search_term_string}\"},\"query-input\":{\"@type\":\"PropertyValueSpecification\",\"valueRequired\":true,\"valueName\":\"search_term_string\"}}],\"inLanguage\":\"hr\"},{\"@type\":\"Organization\",\"@id\":\"https:\\\/\\\/radioljubuski.ba\\\/#organization\",\"name\":\"Radio Ljubu\u0161ki\",\"url\":\"https:\\\/\\\/radioljubuski.ba\\\/\",\"logo\":{\"@type\":\"ImageObject\",\"inLanguage\":\"hr\",\"@id\":\"https:\\\/\\\/radioljubuski.ba\\\/#\\\/schema\\\/logo\\\/image\\\/\",\"url\":\"https:\\\/\\\/radioljubuski.ba\\\/wp-content\\\/uploads\\\/2021\\\/02\\\/cropped-Radio_Ljubuski_logo1.jpg\",\"contentUrl\":\"https:\\\/\\\/radioljubuski.ba\\\/wp-content\\\/uploads\\\/2021\\\/02\\\/cropped-Radio_Ljubuski_logo1.jpg\",\"width\":512,\"height\":512,\"caption\":\"Radio Ljubu\u0161ki\"},\"image\":{\"@id\":\"https:\\\/\\\/radioljubuski.ba\\\/#\\\/schema\\\/logo\\\/image\\\/\"},\"sameAs\":[\"https:\\\/\\\/www.facebook.com\\\/Radiio-Ljubuski-1490835324566332\",\"https:\\\/\\\/x.com\\\/radioljubuski\",\"https:\\\/\\\/hr.linkedin.com\\\/company\\\/radio-ljubuski\",\"https:\\\/\\\/www.youtube.com\\\/channel\\\/UCHYaeO_n0Db3tjNGudGpXyw\"]},{\"@type\":\"Person\",\"@id\":\"https:\\\/\\\/radioljubuski.ba\\\/#\\\/schema\\\/person\\\/19fc700381a780f69665d7956c469e3b\",\"name\":\"Radio Ljubu\u0161ki\"}]}<\/script>\n<!-- \/ Yoast SEO plugin. -->","yoast_head_json":{"title":"'Pale' jo\u0161 jedne zaruke u Me\u0111ugorju - foto - RADIO LJUBU\u0160KI","robots":{"index":"index","follow":"follow","max-snippet":"max-snippet:-1","max-image-preview":"max-image-preview:large","max-video-preview":"max-video-preview:-1"},"canonical":"https:\/\/radioljubuski.ba\/index.php\/2021\/08\/12\/pale-jos-jedne-zaruke-u-medugorju-foto\/","og_locale":"hr_HR","og_type":"article","og_title":"'Pale' jo\u0161 jedne zaruke u Me\u0111ugorju - foto - RADIO LJUBU\u0160KI","og_description":"Da je Me\u0111ugorje uistinu blagoslovljeno s mno\u0161tvom mladih koji hrabro svjedo\u010de vjeru svojim \u017eivotom i primjerom, hodo\u010da\u0161\u0107em na kojem su zape\u010datili jedan novi po\u010detak svog hoda s Bogom u dvoje ovog puta su to bili Slavica iz Ka\u0161tela i Boris iz Kiseljaka Svoju ljubav okrunili su zarukama ispred crkve sv. Jakova a dan za pam\u0107enje\u00a0uz [&hellip;]","og_url":"https:\/\/radioljubuski.ba\/index.php\/2021\/08\/12\/pale-jos-jedne-zaruke-u-medugorju-foto\/","og_site_name":"RADIO LJUBU\u0160KI","article_publisher":"https:\/\/www.facebook.com\/Radiio-Ljubuski-1490835324566332","article_published_time":"2021-08-12T17:54:50+00:00","article_modified_time":"2021-08-12T17:54:51+00:00","og_image":[{"width":740,"height":370,"url":"https:\/\/radioljubuski.ba\/wp-content\/uploads\/2021\/08\/slavica-boris-zaruke.jpg","type":"image\/jpeg"}],"author":"Radio Ljubu\u0161ki","twitter_card":"summary_large_image","twitter_creator":"@radioljubuski","twitter_site":"@radioljubuski","twitter_misc":{"Napisao\/la":"Radio Ljubu\u0161ki","Procijenjeno vrijeme \u010ditanja":"2 minute"},"schema":{"@context":"https:\/\/schema.org","@graph":[{"@type":"Article","@id":"https:\/\/radioljubuski.ba\/index.php\/2021\/08\/12\/pale-jos-jedne-zaruke-u-medugorju-foto\/#article","isPartOf":{"@id":"https:\/\/radioljubuski.ba\/index.php\/2021\/08\/12\/pale-jos-jedne-zaruke-u-medugorju-foto\/"},"author":{"name":"Radio Ljubu\u0161ki","@id":"https:\/\/radioljubuski.ba\/#\/schema\/person\/19fc700381a780f69665d7956c469e3b"},"headline":"&#8216;Pale&#8217; jo\u0161 jedne zaruke u Me\u0111ugorju &#8211; foto","datePublished":"2021-08-12T17:54:50+00:00","dateModified":"2021-08-12T17:54:51+00:00","mainEntityOfPage":{"@id":"https:\/\/radioljubuski.ba\/index.php\/2021\/08\/12\/pale-jos-jedne-zaruke-u-medugorju-foto\/"},"wordCount":93,"publisher":{"@id":"https:\/\/radioljubuski.ba\/#organization"},"image":{"@id":"https:\/\/radioljubuski.ba\/index.php\/2021\/08\/12\/pale-jos-jedne-zaruke-u-medugorju-foto\/#primaryimage"},"thumbnailUrl":"https:\/\/radioljubuski.ba\/wp-content\/uploads\/2021\/08\/slavica-boris-zaruke.jpg","articleSection":["BIH i regija"],"inLanguage":"hr"},{"@type":"WebPage","@id":"https:\/\/radioljubuski.ba\/index.php\/2021\/08\/12\/pale-jos-jedne-zaruke-u-medugorju-foto\/","url":"https:\/\/radioljubuski.ba\/index.php\/2021\/08\/12\/pale-jos-jedne-zaruke-u-medugorju-foto\/","name":"'Pale' jo\u0161 jedne zaruke u Me\u0111ugorju - foto - RADIO LJUBU\u0160KI","isPartOf":{"@id":"https:\/\/radioljubuski.ba\/#website"},"primaryImageOfPage":{"@id":"https:\/\/radioljubuski.ba\/index.php\/2021\/08\/12\/pale-jos-jedne-zaruke-u-medugorju-foto\/#primaryimage"},"image":{"@id":"https:\/\/radioljubuski.ba\/index.php\/2021\/08\/12\/pale-jos-jedne-zaruke-u-medugorju-foto\/#primaryimage"},"thumbnailUrl":"https:\/\/radioljubuski.ba\/wp-content\/uploads\/2021\/08\/slavica-boris-zaruke.jpg","datePublished":"2021-08-12T17:54:50+00:00","dateModified":"2021-08-12T17:54:51+00:00","breadcrumb":{"@id":"https:\/\/radioljubuski.ba\/index.php\/2021\/08\/12\/pale-jos-jedne-zaruke-u-medugorju-foto\/#breadcrumb"},"inLanguage":"hr","potentialAction":[{"@type":"ReadAction","target":["https:\/\/radioljubuski.ba\/index.php\/2021\/08\/12\/pale-jos-jedne-zaruke-u-medugorju-foto\/"]}]},{"@type":"ImageObject","inLanguage":"hr","@id":"https:\/\/radioljubuski.ba\/index.php\/2021\/08\/12\/pale-jos-jedne-zaruke-u-medugorju-foto\/#primaryimage","url":"https:\/\/radioljubuski.ba\/wp-content\/uploads\/2021\/08\/slavica-boris-zaruke.jpg","contentUrl":"https:\/\/radioljubuski.ba\/wp-content\/uploads\/2021\/08\/slavica-boris-zaruke.jpg","width":740,"height":370},{"@type":"BreadcrumbList","@id":"https:\/\/radioljubuski.ba\/index.php\/2021\/08\/12\/pale-jos-jedne-zaruke-u-medugorju-foto\/#breadcrumb","itemListElement":[{"@type":"ListItem","position":1,"name":"Po\u010detna stranica","item":"https:\/\/radioljubuski.ba\/"},{"@type":"ListItem","position":2,"name":"&#8216;Pale&#8217; jo\u0161 jedne zaruke u Me\u0111ugorju &#8211; foto"}]},{"@type":"WebSite","@id":"https:\/\/radioljubuski.ba\/#website","url":"https:\/\/radioljubuski.ba\/","name":"Radio Ljubu\u0161ki","description":"Sun\u010dana frekvencija Hercegovine","publisher":{"@id":"https:\/\/radioljubuski.ba\/#organization"},"potentialAction":[{"@type":"SearchAction","target":{"@type":"EntryPoint","urlTemplate":"https:\/\/radioljubuski.ba\/?s={search_term_string}"},"query-input":{"@type":"PropertyValueSpecification","valueRequired":true,"valueName":"search_term_string"}}],"inLanguage":"hr"},{"@type":"Organization","@id":"https:\/\/radioljubuski.ba\/#organization","name":"Radio Ljubu\u0161ki","url":"https:\/\/radioljubuski.ba\/","logo":{"@type":"ImageObject","inLanguage":"hr","@id":"https:\/\/radioljubuski.ba\/#\/schema\/logo\/image\/","url":"https:\/\/radioljubuski.ba\/wp-content\/uploads\/2021\/02\/cropped-Radio_Ljubuski_logo1.jpg","contentUrl":"https:\/\/radioljubuski.ba\/wp-content\/uploads\/2021\/02\/cropped-Radio_Ljubuski_logo1.jpg","width":512,"height":512,"caption":"Radio Ljubu\u0161ki"},"image":{"@id":"https:\/\/radioljubuski.ba\/#\/schema\/logo\/image\/"},"sameAs":["https:\/\/www.facebook.com\/Radiio-Ljubuski-1490835324566332","https:\/\/x.com\/radioljubuski","https:\/\/hr.linkedin.com\/company\/radio-ljubuski","https:\/\/www.youtube.com\/channel\/UCHYaeO_n0Db3tjNGudGpXyw"]},{"@type":"Person","@id":"https:\/\/radioljubuski.ba\/#\/schema\/person\/19fc700381a780f69665d7956c469e3b","name":"Radio Ljubu\u0161ki"}]}},"_links":{"self":[{"href":"https:\/\/radioljubuski.ba\/index.php\/wp-json\/wp\/v2\/posts\/52684","targetHints":{"allow":["GET"]}}],"collection":[{"href":"https:\/\/radioljubuski.ba\/index.php\/wp-json\/wp\/v2\/posts"}],"about":[{"href":"https:\/\/radioljubuski.ba\/index.php\/wp-json\/wp\/v2\/types\/post"}],"author":[{"embeddable":true,"href":"https:\/\/radioljubuski.ba\/index.php\/wp-json\/wp\/v2\/users\/2"}],"replies":[{"embeddable":true,"href":"https:\/\/radioljubuski.ba\/index.php\/wp-json\/wp\/v2\/comments?post=52684"}],"version-history":[{"count":1,"href":"https:\/\/radioljubuski.ba\/index.php\/wp-json\/wp\/v2\/posts\/52684\/revisions"}],"predecessor-version":[{"id":52686,"href":"https:\/\/radioljubuski.ba\/index.php\/wp-json\/wp\/v2\/posts\/52684\/revisions\/52686"}],"wp:featuredmedia":[{"embeddable":true,"href":"https:\/\/radioljubuski.ba\/index.php\/wp-json\/wp\/v2\/media\/52685"}],"wp:attachment":[{"href":"https:\/\/radioljubuski.ba\/index.php\/wp-json\/wp\/v2\/media?parent=52684"}],"wp:term":[{"taxonomy":"category","embeddable":true,"href":"https:\/\/radioljubuski.ba\/index.php\/wp-json\/wp\/v2\/categories?post=52684"},{"taxonomy":"post_tag","embeddable":true,"href":"https:\/\/radioljubuski.ba\/index.php\/wp-json\/wp\/v2\/tags?post=52684"}],"curies":[{"name":"wp","href":"https:\/\/api.w.org\/{rel}","templated":true}]}}