{"id":52737,"date":"2021-08-12T22:26:23","date_gmt":"2021-08-12T21:26:23","guid":{"rendered":"https:\/\/radioljubuski.ba\/?p=52737"},"modified":"2021-08-12T22:26:25","modified_gmt":"2021-08-12T21:26:25","slug":"pogledajte-kako-su-navijaci-docekali-sad-vec-bivseg-napadaca-dinama","status":"publish","type":"post","link":"https:\/\/radioljubuski.ba\/index.php\/2021\/08\/12\/pogledajte-kako-su-navijaci-docekali-sad-vec-bivseg-napadaca-dinama\/","title":{"rendered":"Pogledajte kako su navija\u010di do\u010dekali sad ve\u0107 biv\u0161eg napada\u010da Dinama"},"content":{"rendered":"\n<p><strong>\u0160vicarski nogometni reprezentativac Mario Gavranovi\u0107 napustio je redove Dinama iz Zagreba i potpisao za turski Kayserispor. Modri bi za 31-godi\u0161njeg napada\u010da trebali zaraditi 2,3 milijuna eura.<\/strong><\/p>\n\n\n\n<blockquote class=\"twitter-tweet\"><p lang=\"pt\" dir=\"ltr\">\ud83d\udfe1\ud83d\udd34 \ud835\udc0c\ud835\udc1a\ud835\udc2b\ud835\udc22\ud835\udc28 \ud835\udc06\ud835\udc1a\ud835\udc2f\ud835\udc2b\ud835\udc1a\ud835\udc27\ud835\udc28\ud835\udc2f\ud835\udc22\ud835\udc1c \ud83d\udd25 <a href=\"https:\/\/t.co\/Dd8fn9sD4w\">pic.twitter.com\/Dd8fn9sD4w<\/a><\/p>&mdash; Yukatel Kayserispor (@KayserisporFK) <a href=\"https:\/\/twitter.com\/KayserisporFK\/status\/1425572546397810689?ref_src=twsrc%5Etfw\">August 11, 2021<\/a><\/blockquote> <script async src=\"https:\/\/platform.twitter.com\/widgets.js\" charset=\"utf-8\"><\/script>\n\n\n\n<p>Gavranovi\u0107 je s Kayserisporom potpisao ugovor na dvije godine uz mogu\u0107nost produljenja na jo\u0161 jednu godinu. Sino\u0107 su ga na aerodromu uz baklje do\u010dekali navija\u010di Kayserispora koji je pro\u0161lu sezonu okon\u010dao na 17. mjestu u turskoj ligi.<br><br>Ove sezone je u kvalifikacijama Lige prvaka skupio samo 30 minuta, a jedini ovosezonski gol zabio je u razbijanju Dragovoljca (4:0). U dresu Dinama upisao je 132 utakmice, postigao 48 golova i ostvario 20 asistencija. Gavranovi\u0107a u turskom prvoliga\u0161u Kayserisporu \u010deka&nbsp;<strong>Zoran Kvr\u017ei\u0107<\/strong>.<\/p>\n\n\n\n<p>Izvor:hrt.hr<\/p>\n","protected":false},"excerpt":{"rendered":"<p>\u0160vicarski nogometni reprezentativac Mario Gavranovi\u0107 napustio je redove Dinama iz Zagreba i potpisao za turski Kayserispor. Modri bi za 31-godi\u0161njeg napada\u010da trebali zaraditi 2,3 milijuna eura. \ud83d\udfe1\ud83d\udd34 \ud835\udc0c\ud835\udc1a\ud835\udc2b\ud835\udc22\ud835\udc28 \ud835\udc06\ud835\udc1a\ud835\udc2f\ud835\udc2b\ud835\udc1a\ud835\udc27\ud835\udc28\ud835\udc2f\ud835\udc22\ud835\udc1c \ud83d\udd25 pic.twitter.com\/Dd8fn9sD4w &mdash; Yukatel Kayserispor (@KayserisporFK) August 11, 2021 Gavranovi\u0107 je s Kayserisporom potpisao ugovor na dvije godine uz mogu\u0107nost produljenja na jo\u0161 jednu godinu. Sino\u0107 [&hellip;]<\/p>\n","protected":false},"author":2,"featured_media":52738,"comment_status":"closed","ping_status":"closed","sticky":false,"template":"","format":"standard","meta":{"h5ap_radio_sources":[],"footnotes":""},"categories":[7],"tags":[],"class_list":["post-52737","post","type-post","status-publish","format-standard","has-post-thumbnail","hentry","category-sport"],"yoast_head":"<!-- This site is optimized with the Yoast SEO plugin v27.4 - https:\/\/yoast.com\/product\/yoast-seo-wordpress\/ -->\n<title>Pogledajte kako su navija\u010di do\u010dekali sad ve\u0107 biv\u0161eg napada\u010da Dinama - RADIO LJUBU\u0160KI<\/title>\n<meta name=\"robots\" content=\"index, follow, max-snippet:-1, max-image-preview:large, max-video-preview:-1\" \/>\n<link rel=\"canonical\" href=\"https:\/\/radioljubuski.ba\/index.php\/2021\/08\/12\/pogledajte-kako-su-navijaci-docekali-sad-vec-bivseg-napadaca-dinama\/\" \/>\n<meta property=\"og:locale\" content=\"hr_HR\" \/>\n<meta property=\"og:type\" content=\"article\" \/>\n<meta property=\"og:title\" content=\"Pogledajte kako su navija\u010di do\u010dekali sad ve\u0107 biv\u0161eg napada\u010da Dinama - RADIO LJUBU\u0160KI\" \/>\n<meta property=\"og:description\" content=\"\u0160vicarski nogometni reprezentativac Mario Gavranovi\u0107 napustio je redove Dinama iz Zagreba i potpisao za turski Kayserispor. Modri bi za 31-godi\u0161njeg napada\u010da trebali zaraditi 2,3 milijuna eura. \ud83d\udfe1\ud83d\udd34 \ud835\udc0c\ud835\udc1a\ud835\udc2b\ud835\udc22\ud835\udc28 \ud835\udc06\ud835\udc1a\ud835\udc2f\ud835\udc2b\ud835\udc1a\ud835\udc27\ud835\udc28\ud835\udc2f\ud835\udc22\ud835\udc1c \ud83d\udd25 pic.twitter.com\/Dd8fn9sD4w &mdash; Yukatel Kayserispor (@KayserisporFK) August 11, 2021 Gavranovi\u0107 je s Kayserisporom potpisao ugovor na dvije godine uz mogu\u0107nost produljenja na jo\u0161 jednu godinu. Sino\u0107 [&hellip;]\" \/>\n<meta property=\"og:url\" content=\"https:\/\/radioljubuski.ba\/index.php\/2021\/08\/12\/pogledajte-kako-su-navijaci-docekali-sad-vec-bivseg-napadaca-dinama\/\" \/>\n<meta property=\"og:site_name\" content=\"RADIO LJUBU\u0160KI\" \/>\n<meta property=\"article:publisher\" content=\"https:\/\/www.facebook.com\/Radiio-Ljubuski-1490835324566332\" \/>\n<meta property=\"article:published_time\" content=\"2021-08-12T21:26:23+00:00\" \/>\n<meta property=\"article:modified_time\" content=\"2021-08-12T21:26:25+00:00\" \/>\n<meta property=\"og:image\" content=\"https:\/\/radioljubuski.ba\/wp-content\/uploads\/2021\/08\/pxl-exp-290621-33460867-20210812141538.jpg\" \/>\n\t<meta property=\"og:image:width\" content=\"688\" \/>\n\t<meta property=\"og:image:height\" content=\"459\" \/>\n\t<meta property=\"og:image:type\" content=\"image\/jpeg\" \/>\n<meta name=\"author\" content=\"Radio Ljubu\u0161ki\" \/>\n<meta name=\"twitter:card\" content=\"summary_large_image\" \/>\n<meta name=\"twitter:creator\" content=\"@radioljubuski\" \/>\n<meta name=\"twitter:site\" content=\"@radioljubuski\" \/>\n<meta name=\"twitter:label1\" content=\"Napisao\/la\" \/>\n\t<meta name=\"twitter:data1\" content=\"Radio Ljubu\u0161ki\" \/>\n\t<meta name=\"twitter:label2\" content=\"Procijenjeno vrijeme \u010ditanja\" \/>\n\t<meta name=\"twitter:data2\" content=\"1 minuta\" \/>\n<script type=\"application\/ld+json\" class=\"yoast-schema-graph\">{\"@context\":\"https:\\\/\\\/schema.org\",\"@graph\":[{\"@type\":\"Article\",\"@id\":\"https:\\\/\\\/radioljubuski.ba\\\/index.php\\\/2021\\\/08\\\/12\\\/pogledajte-kako-su-navijaci-docekali-sad-vec-bivseg-napadaca-dinama\\\/#article\",\"isPartOf\":{\"@id\":\"https:\\\/\\\/radioljubuski.ba\\\/index.php\\\/2021\\\/08\\\/12\\\/pogledajte-kako-su-navijaci-docekali-sad-vec-bivseg-napadaca-dinama\\\/\"},\"author\":{\"name\":\"Radio Ljubu\u0161ki\",\"@id\":\"https:\\\/\\\/radioljubuski.ba\\\/#\\\/schema\\\/person\\\/19fc700381a780f69665d7956c469e3b\"},\"headline\":\"Pogledajte kako su navija\u010di do\u010dekali sad ve\u0107 biv\u0161eg napada\u010da Dinama\",\"datePublished\":\"2021-08-12T21:26:23+00:00\",\"dateModified\":\"2021-08-12T21:26:25+00:00\",\"mainEntityOfPage\":{\"@id\":\"https:\\\/\\\/radioljubuski.ba\\\/index.php\\\/2021\\\/08\\\/12\\\/pogledajte-kako-su-navijaci-docekali-sad-vec-bivseg-napadaca-dinama\\\/\"},\"wordCount\":139,\"publisher\":{\"@id\":\"https:\\\/\\\/radioljubuski.ba\\\/#organization\"},\"image\":{\"@id\":\"https:\\\/\\\/radioljubuski.ba\\\/index.php\\\/2021\\\/08\\\/12\\\/pogledajte-kako-su-navijaci-docekali-sad-vec-bivseg-napadaca-dinama\\\/#primaryimage\"},\"thumbnailUrl\":\"https:\\\/\\\/radioljubuski.ba\\\/wp-content\\\/uploads\\\/2021\\\/08\\\/pxl-exp-290621-33460867-20210812141538.jpg\",\"articleSection\":[\"\u0160port\"],\"inLanguage\":\"hr\"},{\"@type\":\"WebPage\",\"@id\":\"https:\\\/\\\/radioljubuski.ba\\\/index.php\\\/2021\\\/08\\\/12\\\/pogledajte-kako-su-navijaci-docekali-sad-vec-bivseg-napadaca-dinama\\\/\",\"url\":\"https:\\\/\\\/radioljubuski.ba\\\/index.php\\\/2021\\\/08\\\/12\\\/pogledajte-kako-su-navijaci-docekali-sad-vec-bivseg-napadaca-dinama\\\/\",\"name\":\"Pogledajte kako su navija\u010di do\u010dekali sad ve\u0107 biv\u0161eg napada\u010da Dinama - RADIO LJUBU\u0160KI\",\"isPartOf\":{\"@id\":\"https:\\\/\\\/radioljubuski.ba\\\/#website\"},\"primaryImageOfPage\":{\"@id\":\"https:\\\/\\\/radioljubuski.ba\\\/index.php\\\/2021\\\/08\\\/12\\\/pogledajte-kako-su-navijaci-docekali-sad-vec-bivseg-napadaca-dinama\\\/#primaryimage\"},\"image\":{\"@id\":\"https:\\\/\\\/radioljubuski.ba\\\/index.php\\\/2021\\\/08\\\/12\\\/pogledajte-kako-su-navijaci-docekali-sad-vec-bivseg-napadaca-dinama\\\/#primaryimage\"},\"thumbnailUrl\":\"https:\\\/\\\/radioljubuski.ba\\\/wp-content\\\/uploads\\\/2021\\\/08\\\/pxl-exp-290621-33460867-20210812141538.jpg\",\"datePublished\":\"2021-08-12T21:26:23+00:00\",\"dateModified\":\"2021-08-12T21:26:25+00:00\",\"breadcrumb\":{\"@id\":\"https:\\\/\\\/radioljubuski.ba\\\/index.php\\\/2021\\\/08\\\/12\\\/pogledajte-kako-su-navijaci-docekali-sad-vec-bivseg-napadaca-dinama\\\/#breadcrumb\"},\"inLanguage\":\"hr\",\"potentialAction\":[{\"@type\":\"ReadAction\",\"target\":[\"https:\\\/\\\/radioljubuski.ba\\\/index.php\\\/2021\\\/08\\\/12\\\/pogledajte-kako-su-navijaci-docekali-sad-vec-bivseg-napadaca-dinama\\\/\"]}]},{\"@type\":\"ImageObject\",\"inLanguage\":\"hr\",\"@id\":\"https:\\\/\\\/radioljubuski.ba\\\/index.php\\\/2021\\\/08\\\/12\\\/pogledajte-kako-su-navijaci-docekali-sad-vec-bivseg-napadaca-dinama\\\/#primaryimage\",\"url\":\"https:\\\/\\\/radioljubuski.ba\\\/wp-content\\\/uploads\\\/2021\\\/08\\\/pxl-exp-290621-33460867-20210812141538.jpg\",\"contentUrl\":\"https:\\\/\\\/radioljubuski.ba\\\/wp-content\\\/uploads\\\/2021\\\/08\\\/pxl-exp-290621-33460867-20210812141538.jpg\",\"width\":688,\"height\":459},{\"@type\":\"BreadcrumbList\",\"@id\":\"https:\\\/\\\/radioljubuski.ba\\\/index.php\\\/2021\\\/08\\\/12\\\/pogledajte-kako-su-navijaci-docekali-sad-vec-bivseg-napadaca-dinama\\\/#breadcrumb\",\"itemListElement\":[{\"@type\":\"ListItem\",\"position\":1,\"name\":\"Po\u010detna stranica\",\"item\":\"https:\\\/\\\/radioljubuski.ba\\\/\"},{\"@type\":\"ListItem\",\"position\":2,\"name\":\"Pogledajte kako su navija\u010di do\u010dekali sad ve\u0107 biv\u0161eg napada\u010da Dinama\"}]},{\"@type\":\"WebSite\",\"@id\":\"https:\\\/\\\/radioljubuski.ba\\\/#website\",\"url\":\"https:\\\/\\\/radioljubuski.ba\\\/\",\"name\":\"Radio Ljubu\u0161ki\",\"description\":\"Sun\u010dana frekvencija Hercegovine\",\"publisher\":{\"@id\":\"https:\\\/\\\/radioljubuski.ba\\\/#organization\"},\"potentialAction\":[{\"@type\":\"SearchAction\",\"target\":{\"@type\":\"EntryPoint\",\"urlTemplate\":\"https:\\\/\\\/radioljubuski.ba\\\/?s={search_term_string}\"},\"query-input\":{\"@type\":\"PropertyValueSpecification\",\"valueRequired\":true,\"valueName\":\"search_term_string\"}}],\"inLanguage\":\"hr\"},{\"@type\":\"Organization\",\"@id\":\"https:\\\/\\\/radioljubuski.ba\\\/#organization\",\"name\":\"Radio Ljubu\u0161ki\",\"url\":\"https:\\\/\\\/radioljubuski.ba\\\/\",\"logo\":{\"@type\":\"ImageObject\",\"inLanguage\":\"hr\",\"@id\":\"https:\\\/\\\/radioljubuski.ba\\\/#\\\/schema\\\/logo\\\/image\\\/\",\"url\":\"https:\\\/\\\/radioljubuski.ba\\\/wp-content\\\/uploads\\\/2021\\\/02\\\/cropped-Radio_Ljubuski_logo1.jpg\",\"contentUrl\":\"https:\\\/\\\/radioljubuski.ba\\\/wp-content\\\/uploads\\\/2021\\\/02\\\/cropped-Radio_Ljubuski_logo1.jpg\",\"width\":512,\"height\":512,\"caption\":\"Radio Ljubu\u0161ki\"},\"image\":{\"@id\":\"https:\\\/\\\/radioljubuski.ba\\\/#\\\/schema\\\/logo\\\/image\\\/\"},\"sameAs\":[\"https:\\\/\\\/www.facebook.com\\\/Radiio-Ljubuski-1490835324566332\",\"https:\\\/\\\/x.com\\\/radioljubuski\",\"https:\\\/\\\/hr.linkedin.com\\\/company\\\/radio-ljubuski\",\"https:\\\/\\\/www.youtube.com\\\/channel\\\/UCHYaeO_n0Db3tjNGudGpXyw\"]},{\"@type\":\"Person\",\"@id\":\"https:\\\/\\\/radioljubuski.ba\\\/#\\\/schema\\\/person\\\/19fc700381a780f69665d7956c469e3b\",\"name\":\"Radio Ljubu\u0161ki\"}]}<\/script>\n<!-- \/ Yoast SEO plugin. -->","yoast_head_json":{"title":"Pogledajte kako su navija\u010di do\u010dekali sad ve\u0107 biv\u0161eg napada\u010da Dinama - RADIO LJUBU\u0160KI","robots":{"index":"index","follow":"follow","max-snippet":"max-snippet:-1","max-image-preview":"max-image-preview:large","max-video-preview":"max-video-preview:-1"},"canonical":"https:\/\/radioljubuski.ba\/index.php\/2021\/08\/12\/pogledajte-kako-su-navijaci-docekali-sad-vec-bivseg-napadaca-dinama\/","og_locale":"hr_HR","og_type":"article","og_title":"Pogledajte kako su navija\u010di do\u010dekali sad ve\u0107 biv\u0161eg napada\u010da Dinama - RADIO LJUBU\u0160KI","og_description":"\u0160vicarski nogometni reprezentativac Mario Gavranovi\u0107 napustio je redove Dinama iz Zagreba i potpisao za turski Kayserispor. Modri bi za 31-godi\u0161njeg napada\u010da trebali zaraditi 2,3 milijuna eura. \ud83d\udfe1\ud83d\udd34 \ud835\udc0c\ud835\udc1a\ud835\udc2b\ud835\udc22\ud835\udc28 \ud835\udc06\ud835\udc1a\ud835\udc2f\ud835\udc2b\ud835\udc1a\ud835\udc27\ud835\udc28\ud835\udc2f\ud835\udc22\ud835\udc1c \ud83d\udd25 pic.twitter.com\/Dd8fn9sD4w &mdash; Yukatel Kayserispor (@KayserisporFK) August 11, 2021 Gavranovi\u0107 je s Kayserisporom potpisao ugovor na dvije godine uz mogu\u0107nost produljenja na jo\u0161 jednu godinu. Sino\u0107 [&hellip;]","og_url":"https:\/\/radioljubuski.ba\/index.php\/2021\/08\/12\/pogledajte-kako-su-navijaci-docekali-sad-vec-bivseg-napadaca-dinama\/","og_site_name":"RADIO LJUBU\u0160KI","article_publisher":"https:\/\/www.facebook.com\/Radiio-Ljubuski-1490835324566332","article_published_time":"2021-08-12T21:26:23+00:00","article_modified_time":"2021-08-12T21:26:25+00:00","og_image":[{"width":688,"height":459,"url":"https:\/\/radioljubuski.ba\/wp-content\/uploads\/2021\/08\/pxl-exp-290621-33460867-20210812141538.jpg","type":"image\/jpeg"}],"author":"Radio Ljubu\u0161ki","twitter_card":"summary_large_image","twitter_creator":"@radioljubuski","twitter_site":"@radioljubuski","twitter_misc":{"Napisao\/la":"Radio Ljubu\u0161ki","Procijenjeno vrijeme \u010ditanja":"1 minuta"},"schema":{"@context":"https:\/\/schema.org","@graph":[{"@type":"Article","@id":"https:\/\/radioljubuski.ba\/index.php\/2021\/08\/12\/pogledajte-kako-su-navijaci-docekali-sad-vec-bivseg-napadaca-dinama\/#article","isPartOf":{"@id":"https:\/\/radioljubuski.ba\/index.php\/2021\/08\/12\/pogledajte-kako-su-navijaci-docekali-sad-vec-bivseg-napadaca-dinama\/"},"author":{"name":"Radio Ljubu\u0161ki","@id":"https:\/\/radioljubuski.ba\/#\/schema\/person\/19fc700381a780f69665d7956c469e3b"},"headline":"Pogledajte kako su navija\u010di do\u010dekali sad ve\u0107 biv\u0161eg napada\u010da Dinama","datePublished":"2021-08-12T21:26:23+00:00","dateModified":"2021-08-12T21:26:25+00:00","mainEntityOfPage":{"@id":"https:\/\/radioljubuski.ba\/index.php\/2021\/08\/12\/pogledajte-kako-su-navijaci-docekali-sad-vec-bivseg-napadaca-dinama\/"},"wordCount":139,"publisher":{"@id":"https:\/\/radioljubuski.ba\/#organization"},"image":{"@id":"https:\/\/radioljubuski.ba\/index.php\/2021\/08\/12\/pogledajte-kako-su-navijaci-docekali-sad-vec-bivseg-napadaca-dinama\/#primaryimage"},"thumbnailUrl":"https:\/\/radioljubuski.ba\/wp-content\/uploads\/2021\/08\/pxl-exp-290621-33460867-20210812141538.jpg","articleSection":["\u0160port"],"inLanguage":"hr"},{"@type":"WebPage","@id":"https:\/\/radioljubuski.ba\/index.php\/2021\/08\/12\/pogledajte-kako-su-navijaci-docekali-sad-vec-bivseg-napadaca-dinama\/","url":"https:\/\/radioljubuski.ba\/index.php\/2021\/08\/12\/pogledajte-kako-su-navijaci-docekali-sad-vec-bivseg-napadaca-dinama\/","name":"Pogledajte kako su navija\u010di do\u010dekali sad ve\u0107 biv\u0161eg napada\u010da Dinama - RADIO LJUBU\u0160KI","isPartOf":{"@id":"https:\/\/radioljubuski.ba\/#website"},"primaryImageOfPage":{"@id":"https:\/\/radioljubuski.ba\/index.php\/2021\/08\/12\/pogledajte-kako-su-navijaci-docekali-sad-vec-bivseg-napadaca-dinama\/#primaryimage"},"image":{"@id":"https:\/\/radioljubuski.ba\/index.php\/2021\/08\/12\/pogledajte-kako-su-navijaci-docekali-sad-vec-bivseg-napadaca-dinama\/#primaryimage"},"thumbnailUrl":"https:\/\/radioljubuski.ba\/wp-content\/uploads\/2021\/08\/pxl-exp-290621-33460867-20210812141538.jpg","datePublished":"2021-08-12T21:26:23+00:00","dateModified":"2021-08-12T21:26:25+00:00","breadcrumb":{"@id":"https:\/\/radioljubuski.ba\/index.php\/2021\/08\/12\/pogledajte-kako-su-navijaci-docekali-sad-vec-bivseg-napadaca-dinama\/#breadcrumb"},"inLanguage":"hr","potentialAction":[{"@type":"ReadAction","target":["https:\/\/radioljubuski.ba\/index.php\/2021\/08\/12\/pogledajte-kako-su-navijaci-docekali-sad-vec-bivseg-napadaca-dinama\/"]}]},{"@type":"ImageObject","inLanguage":"hr","@id":"https:\/\/radioljubuski.ba\/index.php\/2021\/08\/12\/pogledajte-kako-su-navijaci-docekali-sad-vec-bivseg-napadaca-dinama\/#primaryimage","url":"https:\/\/radioljubuski.ba\/wp-content\/uploads\/2021\/08\/pxl-exp-290621-33460867-20210812141538.jpg","contentUrl":"https:\/\/radioljubuski.ba\/wp-content\/uploads\/2021\/08\/pxl-exp-290621-33460867-20210812141538.jpg","width":688,"height":459},{"@type":"BreadcrumbList","@id":"https:\/\/radioljubuski.ba\/index.php\/2021\/08\/12\/pogledajte-kako-su-navijaci-docekali-sad-vec-bivseg-napadaca-dinama\/#breadcrumb","itemListElement":[{"@type":"ListItem","position":1,"name":"Po\u010detna stranica","item":"https:\/\/radioljubuski.ba\/"},{"@type":"ListItem","position":2,"name":"Pogledajte kako su navija\u010di do\u010dekali sad ve\u0107 biv\u0161eg napada\u010da Dinama"}]},{"@type":"WebSite","@id":"https:\/\/radioljubuski.ba\/#website","url":"https:\/\/radioljubuski.ba\/","name":"Radio Ljubu\u0161ki","description":"Sun\u010dana frekvencija Hercegovine","publisher":{"@id":"https:\/\/radioljubuski.ba\/#organization"},"potentialAction":[{"@type":"SearchAction","target":{"@type":"EntryPoint","urlTemplate":"https:\/\/radioljubuski.ba\/?s={search_term_string}"},"query-input":{"@type":"PropertyValueSpecification","valueRequired":true,"valueName":"search_term_string"}}],"inLanguage":"hr"},{"@type":"Organization","@id":"https:\/\/radioljubuski.ba\/#organization","name":"Radio Ljubu\u0161ki","url":"https:\/\/radioljubuski.ba\/","logo":{"@type":"ImageObject","inLanguage":"hr","@id":"https:\/\/radioljubuski.ba\/#\/schema\/logo\/image\/","url":"https:\/\/radioljubuski.ba\/wp-content\/uploads\/2021\/02\/cropped-Radio_Ljubuski_logo1.jpg","contentUrl":"https:\/\/radioljubuski.ba\/wp-content\/uploads\/2021\/02\/cropped-Radio_Ljubuski_logo1.jpg","width":512,"height":512,"caption":"Radio Ljubu\u0161ki"},"image":{"@id":"https:\/\/radioljubuski.ba\/#\/schema\/logo\/image\/"},"sameAs":["https:\/\/www.facebook.com\/Radiio-Ljubuski-1490835324566332","https:\/\/x.com\/radioljubuski","https:\/\/hr.linkedin.com\/company\/radio-ljubuski","https:\/\/www.youtube.com\/channel\/UCHYaeO_n0Db3tjNGudGpXyw"]},{"@type":"Person","@id":"https:\/\/radioljubuski.ba\/#\/schema\/person\/19fc700381a780f69665d7956c469e3b","name":"Radio Ljubu\u0161ki"}]}},"_links":{"self":[{"href":"https:\/\/radioljubuski.ba\/index.php\/wp-json\/wp\/v2\/posts\/52737","targetHints":{"allow":["GET"]}}],"collection":[{"href":"https:\/\/radioljubuski.ba\/index.php\/wp-json\/wp\/v2\/posts"}],"about":[{"href":"https:\/\/radioljubuski.ba\/index.php\/wp-json\/wp\/v2\/types\/post"}],"author":[{"embeddable":true,"href":"https:\/\/radioljubuski.ba\/index.php\/wp-json\/wp\/v2\/users\/2"}],"replies":[{"embeddable":true,"href":"https:\/\/radioljubuski.ba\/index.php\/wp-json\/wp\/v2\/comments?post=52737"}],"version-history":[{"count":1,"href":"https:\/\/radioljubuski.ba\/index.php\/wp-json\/wp\/v2\/posts\/52737\/revisions"}],"predecessor-version":[{"id":52739,"href":"https:\/\/radioljubuski.ba\/index.php\/wp-json\/wp\/v2\/posts\/52737\/revisions\/52739"}],"wp:featuredmedia":[{"embeddable":true,"href":"https:\/\/radioljubuski.ba\/index.php\/wp-json\/wp\/v2\/media\/52738"}],"wp:attachment":[{"href":"https:\/\/radioljubuski.ba\/index.php\/wp-json\/wp\/v2\/media?parent=52737"}],"wp:term":[{"taxonomy":"category","embeddable":true,"href":"https:\/\/radioljubuski.ba\/index.php\/wp-json\/wp\/v2\/categories?post=52737"},{"taxonomy":"post_tag","embeddable":true,"href":"https:\/\/radioljubuski.ba\/index.php\/wp-json\/wp\/v2\/tags?post=52737"}],"curies":[{"name":"wp","href":"https:\/\/api.w.org\/{rel}","templated":true}]}}