{"id":52746,"date":"2021-08-12T22:32:11","date_gmt":"2021-08-12T21:32:11","guid":{"rendered":"https:\/\/radioljubuski.ba\/?p=52746"},"modified":"2021-08-12T22:32:12","modified_gmt":"2021-08-12T21:32:12","slug":"skupstina-la-lige-odobrila-posao-s-cvc-fondom","status":"publish","type":"post","link":"https:\/\/radioljubuski.ba\/index.php\/2021\/08\/12\/skupstina-la-lige-odobrila-posao-s-cvc-fondom\/","title":{"rendered":"Skup\u0161tina La Lige odobrila posao s CVC fondom"},"content":{"rendered":"\n<p><strong>\u0160panjolska nogometna La Liga odlu\u010dila je na svojoj skup\u0161tini odr\u017eanoj u \u010detvrtak u Madridu potpisati ugovor s ameri\u010dkim investicijskim fondom CVC kojem \u0107e prepu\u0161tati oko 10 posto svoje dobiti tijekom idu\u0107ih 50 godina u zamjenu za jednokratnu uplatu 2,1 milijarde eura.<\/strong><\/p>\n\n\n\n<p>U Madridu su se sastali \u010dlanovi La Lige, 42 kluba prve i druge lige, a za podr\u017eavanje sporazuma s ameri\u010dkim investitorom bila je potrebna podr\u0161ka njih barem 32. Na kraju je tajnim glasovanjem sporazum podr\u017ealo njih 38 dok su \u010detiri kluba bila protiv. Me\u0111u protivnicima su Real Madrid, Barcelona i Athletic Bilbao, klubovi u vlasni\u0161tvu svojih \u010dlanova.<\/p>\n\n\n\n<p>U utorak je Real Madrid najavio pokretanje kaznenog postupka protiv predsjednika La Lige<strong>&nbsp;Javiera Tebasa<\/strong>&nbsp;bude li inzistirao na tom poslu kojeg su na Santiago Bernabeu ocijenili \u0161tetnim za dugoro\u010dno poslovanje kluba.<\/p>\n\n\n\n<p>La Liga i CVC fond su, suo\u010deni s protivljenjem i drugog diva Barcelone, donijeli kompromisnu odluku prema kojem \u0107e iz sporazuma biti izostavljena \u010detiri kluba koja su glasala protiv.<\/p>\n\n\n\n<p>Umjesto planiranih 2,7 milijardi eura CVC \u0107e uplatiti 2,1 milijardu La Ligi od \u010dega \u0107e ona 90 posto novca preusmjeriti u klubove koji su pristali na taj posao. Od primljenog novca 15 posto \u0107e smjeti potro\u0161iti za kupnju novih igra\u010da i isplatu pla\u0107a postoje\u0107im igra\u010dima, a 15 posto \u0107e koristiti za otplatu postoje\u0107ih dugova. Ostatak primljenog novca moraju iskoristiti za pobolj\u0161anje infrastrukture te digitalni i tehnolo\u0161ki razvoj.<br><br>&#8211; Novac koji \u0107e do\u0107i u klubove podignut \u0107e atraktivnost na\u0161e lige, izjavio je Tebas na konferenciji za medije koja je kasnila dva sata.<\/p>\n\n\n\n<p>Real Madrid i Barcelona su jo\u0161 ranije poru\u010dili da ne \u017eele prepu\u0161tati 10-postotne udjele na svoja televizijska prava na tako dugi rok kao \u0161to je 50 godina te da je iznos kojeg je ponudio CVC zna\u010dajno ispod stvarne vrijednosti tih prava.<\/p>\n\n\n\n<p>\u0160panjolski nogometni savez tako\u0111er se usprotivio potpisivanju sporazuma, no njegova rije\u010d nije obvezuju\u0107a za sklapanje posla izme\u0111u La Lige i ameri\u010dkog investitora.<\/p>\n\n\n\n<p>Tijekom konferencije za medije do\u0161ao je do izra\u017eaja sukob koji vlada u \u0161panjolskom nogometu izme\u0111u Tebasa i predsjednika Real Madrida&nbsp;<strong>Florentina Pereza&nbsp;<\/strong>koji i dalje zagovara pokretanje Superlige.<\/p>\n\n\n\n<p>&#8211; Superliga nikada ne\u0107e za\u017eivjeti, poru\u010dio je Tebas o potencijalnoj ligi 20 najbogatijih europskih klubova.<\/p>\n\n\n\n<p>Real Madrid i Barcelona vjeruju kako bi Superligom ostvarili ve\u0107u zaradu od televizijskih prava jer bi njihove utakmice bile gledanije u cijlom svijetu. Tebas je, pak, rekao kako bi cijena televizijskih prava za preno\u0161enje \u0161panjolske lige trebala biti 30 posto ve\u0107a za osam godina zahvaljuju\u0107i novcu ameri\u010dkog fonda kojim \u0107e klubovi unaprijediti kvalitetu.<\/p>\n\n\n\n<p>Odgovaraju\u0107i na pitanja novinara rekao je kako je jo\u0161 po\u010detkom srpnja predstavio posao Barceloninom predsjedniku Joanu Laporti tijekom jedne ve\u010dere, ali ne i Realovom predsjedniku Perezu.<\/p>\n\n\n\n<p>&#8211; S onima koji sura\u0111uju na na\u0161em zajedni\u010dkom razvoju sam blizak te se imam pravo nalaziti osobno i pri\u010dati, rekao je Tebas optu\u017eiv\u0161i jo\u0161 jednom Pereza da je pokretanjem Superlige htio nanijeti \u0161tetu La Ligi.<\/p>\n\n\n\n<p>La Liga je o poslu s CVC fondom obavijestila Real Madrid slu\u017ebenim putem neposredno prije sklapanja preliminarnog ugovora.<\/p>\n\n\n\n<p>Istaknuo je kako je Barcelona pogrije\u0161ila \u0161to nije prihvatila sporazum s ameri\u010dkim fondom dodav\u0161i da je tako mogla primiti oko 40 milijuna eura namijenjenih poja\u010danjima, a \u0161to je mogla iskoristiti za davanje novog ugovora&nbsp;<strong>Lionelu Messiju<\/strong>.<\/p>\n\n\n\n<p>Tebas je u \u010detvrtak rekao da nije zaprimio tu\u017ebu koju su najavili iz Real Madrida no pohvalio je dobru financijsku situaciju u &#8220;Kraljevskom klubu&#8221; potvrdiv\u0161i da do isteka prijelaznog roka 31. kolovoza Real mo\u017ee financijski podnijeti dovo\u0111enje skupljeg poja\u010danja, uklju\u010duju\u0107i&nbsp;<strong>Kyliana Mbapp\u00e9a<\/strong>&nbsp;iz PSG-a.<\/p>\n\n\n\n<p>Real Madrid je pro\u0161le sezone unato\u010d zatvorenim stadionima zbog pandemije uprihodio 653 milijuna eura, a sezonu ranije 715 milijuna. Objava Barceloninih financijskih rezultata tek se o\u010dekuje.<\/p>\n\n\n\n<p>\u0160panjolski klubovi smiju najvi\u0161e 70 posto prihoda potro\u0161iti na pla\u0107e igra\u010da, a s Messijem je taj iznos u Barceloni bio dosegnuo 110 posto.<\/p>\n\n\n\n<p>Izvor:hrt.hr<\/p>\n","protected":false},"excerpt":{"rendered":"<p>\u0160panjolska nogometna La Liga odlu\u010dila je na svojoj skup\u0161tini odr\u017eanoj u \u010detvrtak u Madridu potpisati ugovor s ameri\u010dkim investicijskim fondom CVC kojem \u0107e prepu\u0161tati oko 10 posto svoje dobiti tijekom idu\u0107ih 50 godina u zamjenu za jednokratnu uplatu 2,1 milijarde eura. U Madridu su se sastali \u010dlanovi La Lige, 42 kluba prve i druge lige, [&hellip;]<\/p>\n","protected":false},"author":2,"featured_media":52747,"comment_status":"closed","ping_status":"closed","sticky":false,"template":"","format":"standard","meta":{"h5ap_radio_sources":[],"footnotes":""},"categories":[7],"tags":[],"class_list":["post-52746","post","type-post","status-publish","format-standard","has-post-thumbnail","hentry","category-sport"],"yoast_head":"<!-- This site is optimized with the Yoast SEO plugin v27.4 - https:\/\/yoast.com\/product\/yoast-seo-wordpress\/ -->\n<title>Skup\u0161tina La Lige odobrila posao s CVC fondom - RADIO LJUBU\u0160KI<\/title>\n<meta name=\"robots\" content=\"index, follow, max-snippet:-1, max-image-preview:large, max-video-preview:-1\" \/>\n<link rel=\"canonical\" href=\"https:\/\/radioljubuski.ba\/index.php\/2021\/08\/12\/skupstina-la-lige-odobrila-posao-s-cvc-fondom\/\" \/>\n<meta property=\"og:locale\" content=\"hr_HR\" \/>\n<meta property=\"og:type\" content=\"article\" \/>\n<meta property=\"og:title\" content=\"Skup\u0161tina La Lige odobrila posao s CVC fondom - RADIO LJUBU\u0160KI\" \/>\n<meta property=\"og:description\" content=\"\u0160panjolska nogometna La Liga odlu\u010dila je na svojoj skup\u0161tini odr\u017eanoj u \u010detvrtak u Madridu potpisati ugovor s ameri\u010dkim investicijskim fondom CVC kojem \u0107e prepu\u0161tati oko 10 posto svoje dobiti tijekom idu\u0107ih 50 godina u zamjenu za jednokratnu uplatu 2,1 milijarde eura. U Madridu su se sastali \u010dlanovi La Lige, 42 kluba prve i druge lige, [&hellip;]\" \/>\n<meta property=\"og:url\" content=\"https:\/\/radioljubuski.ba\/index.php\/2021\/08\/12\/skupstina-la-lige-odobrila-posao-s-cvc-fondom\/\" \/>\n<meta property=\"og:site_name\" content=\"RADIO LJUBU\u0160KI\" \/>\n<meta property=\"article:publisher\" content=\"https:\/\/www.facebook.com\/Radiio-Ljubuski-1490835324566332\" \/>\n<meta property=\"article:published_time\" content=\"2021-08-12T21:32:11+00:00\" \/>\n<meta property=\"article:modified_time\" content=\"2021-08-12T21:32:12+00:00\" \/>\n<meta property=\"og:image\" content=\"https:\/\/radioljubuski.ba\/wp-content\/uploads\/2021\/08\/preuzmi-8-1.jpg\" \/>\n\t<meta property=\"og:image:width\" content=\"275\" \/>\n\t<meta property=\"og:image:height\" content=\"183\" \/>\n\t<meta property=\"og:image:type\" content=\"image\/jpeg\" \/>\n<meta name=\"author\" content=\"Radio Ljubu\u0161ki\" \/>\n<meta name=\"twitter:card\" content=\"summary_large_image\" \/>\n<meta name=\"twitter:creator\" content=\"@radioljubuski\" \/>\n<meta name=\"twitter:site\" content=\"@radioljubuski\" \/>\n<meta name=\"twitter:label1\" content=\"Napisao\/la\" \/>\n\t<meta name=\"twitter:data1\" content=\"Radio Ljubu\u0161ki\" \/>\n\t<meta name=\"twitter:label2\" content=\"Procijenjeno vrijeme \u010ditanja\" \/>\n\t<meta name=\"twitter:data2\" content=\"3 minute\" \/>\n<script type=\"application\/ld+json\" class=\"yoast-schema-graph\">{\"@context\":\"https:\\\/\\\/schema.org\",\"@graph\":[{\"@type\":\"Article\",\"@id\":\"https:\\\/\\\/radioljubuski.ba\\\/index.php\\\/2021\\\/08\\\/12\\\/skupstina-la-lige-odobrila-posao-s-cvc-fondom\\\/#article\",\"isPartOf\":{\"@id\":\"https:\\\/\\\/radioljubuski.ba\\\/index.php\\\/2021\\\/08\\\/12\\\/skupstina-la-lige-odobrila-posao-s-cvc-fondom\\\/\"},\"author\":{\"name\":\"Radio Ljubu\u0161ki\",\"@id\":\"https:\\\/\\\/radioljubuski.ba\\\/#\\\/schema\\\/person\\\/19fc700381a780f69665d7956c469e3b\"},\"headline\":\"Skup\u0161tina La Lige odobrila posao s CVC fondom\",\"datePublished\":\"2021-08-12T21:32:11+00:00\",\"dateModified\":\"2021-08-12T21:32:12+00:00\",\"mainEntityOfPage\":{\"@id\":\"https:\\\/\\\/radioljubuski.ba\\\/index.php\\\/2021\\\/08\\\/12\\\/skupstina-la-lige-odobrila-posao-s-cvc-fondom\\\/\"},\"wordCount\":686,\"publisher\":{\"@id\":\"https:\\\/\\\/radioljubuski.ba\\\/#organization\"},\"image\":{\"@id\":\"https:\\\/\\\/radioljubuski.ba\\\/index.php\\\/2021\\\/08\\\/12\\\/skupstina-la-lige-odobrila-posao-s-cvc-fondom\\\/#primaryimage\"},\"thumbnailUrl\":\"https:\\\/\\\/radioljubuski.ba\\\/wp-content\\\/uploads\\\/2021\\\/08\\\/preuzmi-8-1.jpg\",\"articleSection\":[\"\u0160port\"],\"inLanguage\":\"hr\"},{\"@type\":\"WebPage\",\"@id\":\"https:\\\/\\\/radioljubuski.ba\\\/index.php\\\/2021\\\/08\\\/12\\\/skupstina-la-lige-odobrila-posao-s-cvc-fondom\\\/\",\"url\":\"https:\\\/\\\/radioljubuski.ba\\\/index.php\\\/2021\\\/08\\\/12\\\/skupstina-la-lige-odobrila-posao-s-cvc-fondom\\\/\",\"name\":\"Skup\u0161tina La Lige odobrila posao s CVC fondom - RADIO LJUBU\u0160KI\",\"isPartOf\":{\"@id\":\"https:\\\/\\\/radioljubuski.ba\\\/#website\"},\"primaryImageOfPage\":{\"@id\":\"https:\\\/\\\/radioljubuski.ba\\\/index.php\\\/2021\\\/08\\\/12\\\/skupstina-la-lige-odobrila-posao-s-cvc-fondom\\\/#primaryimage\"},\"image\":{\"@id\":\"https:\\\/\\\/radioljubuski.ba\\\/index.php\\\/2021\\\/08\\\/12\\\/skupstina-la-lige-odobrila-posao-s-cvc-fondom\\\/#primaryimage\"},\"thumbnailUrl\":\"https:\\\/\\\/radioljubuski.ba\\\/wp-content\\\/uploads\\\/2021\\\/08\\\/preuzmi-8-1.jpg\",\"datePublished\":\"2021-08-12T21:32:11+00:00\",\"dateModified\":\"2021-08-12T21:32:12+00:00\",\"breadcrumb\":{\"@id\":\"https:\\\/\\\/radioljubuski.ba\\\/index.php\\\/2021\\\/08\\\/12\\\/skupstina-la-lige-odobrila-posao-s-cvc-fondom\\\/#breadcrumb\"},\"inLanguage\":\"hr\",\"potentialAction\":[{\"@type\":\"ReadAction\",\"target\":[\"https:\\\/\\\/radioljubuski.ba\\\/index.php\\\/2021\\\/08\\\/12\\\/skupstina-la-lige-odobrila-posao-s-cvc-fondom\\\/\"]}]},{\"@type\":\"ImageObject\",\"inLanguage\":\"hr\",\"@id\":\"https:\\\/\\\/radioljubuski.ba\\\/index.php\\\/2021\\\/08\\\/12\\\/skupstina-la-lige-odobrila-posao-s-cvc-fondom\\\/#primaryimage\",\"url\":\"https:\\\/\\\/radioljubuski.ba\\\/wp-content\\\/uploads\\\/2021\\\/08\\\/preuzmi-8-1.jpg\",\"contentUrl\":\"https:\\\/\\\/radioljubuski.ba\\\/wp-content\\\/uploads\\\/2021\\\/08\\\/preuzmi-8-1.jpg\",\"width\":275,\"height\":183},{\"@type\":\"BreadcrumbList\",\"@id\":\"https:\\\/\\\/radioljubuski.ba\\\/index.php\\\/2021\\\/08\\\/12\\\/skupstina-la-lige-odobrila-posao-s-cvc-fondom\\\/#breadcrumb\",\"itemListElement\":[{\"@type\":\"ListItem\",\"position\":1,\"name\":\"Po\u010detna stranica\",\"item\":\"https:\\\/\\\/radioljubuski.ba\\\/\"},{\"@type\":\"ListItem\",\"position\":2,\"name\":\"Skup\u0161tina La Lige odobrila posao s CVC fondom\"}]},{\"@type\":\"WebSite\",\"@id\":\"https:\\\/\\\/radioljubuski.ba\\\/#website\",\"url\":\"https:\\\/\\\/radioljubuski.ba\\\/\",\"name\":\"Radio Ljubu\u0161ki\",\"description\":\"Sun\u010dana frekvencija Hercegovine\",\"publisher\":{\"@id\":\"https:\\\/\\\/radioljubuski.ba\\\/#organization\"},\"potentialAction\":[{\"@type\":\"SearchAction\",\"target\":{\"@type\":\"EntryPoint\",\"urlTemplate\":\"https:\\\/\\\/radioljubuski.ba\\\/?s={search_term_string}\"},\"query-input\":{\"@type\":\"PropertyValueSpecification\",\"valueRequired\":true,\"valueName\":\"search_term_string\"}}],\"inLanguage\":\"hr\"},{\"@type\":\"Organization\",\"@id\":\"https:\\\/\\\/radioljubuski.ba\\\/#organization\",\"name\":\"Radio Ljubu\u0161ki\",\"url\":\"https:\\\/\\\/radioljubuski.ba\\\/\",\"logo\":{\"@type\":\"ImageObject\",\"inLanguage\":\"hr\",\"@id\":\"https:\\\/\\\/radioljubuski.ba\\\/#\\\/schema\\\/logo\\\/image\\\/\",\"url\":\"https:\\\/\\\/radioljubuski.ba\\\/wp-content\\\/uploads\\\/2021\\\/02\\\/cropped-Radio_Ljubuski_logo1.jpg\",\"contentUrl\":\"https:\\\/\\\/radioljubuski.ba\\\/wp-content\\\/uploads\\\/2021\\\/02\\\/cropped-Radio_Ljubuski_logo1.jpg\",\"width\":512,\"height\":512,\"caption\":\"Radio Ljubu\u0161ki\"},\"image\":{\"@id\":\"https:\\\/\\\/radioljubuski.ba\\\/#\\\/schema\\\/logo\\\/image\\\/\"},\"sameAs\":[\"https:\\\/\\\/www.facebook.com\\\/Radiio-Ljubuski-1490835324566332\",\"https:\\\/\\\/x.com\\\/radioljubuski\",\"https:\\\/\\\/hr.linkedin.com\\\/company\\\/radio-ljubuski\",\"https:\\\/\\\/www.youtube.com\\\/channel\\\/UCHYaeO_n0Db3tjNGudGpXyw\"]},{\"@type\":\"Person\",\"@id\":\"https:\\\/\\\/radioljubuski.ba\\\/#\\\/schema\\\/person\\\/19fc700381a780f69665d7956c469e3b\",\"name\":\"Radio Ljubu\u0161ki\"}]}<\/script>\n<!-- \/ Yoast SEO plugin. -->","yoast_head_json":{"title":"Skup\u0161tina La Lige odobrila posao s CVC fondom - RADIO LJUBU\u0160KI","robots":{"index":"index","follow":"follow","max-snippet":"max-snippet:-1","max-image-preview":"max-image-preview:large","max-video-preview":"max-video-preview:-1"},"canonical":"https:\/\/radioljubuski.ba\/index.php\/2021\/08\/12\/skupstina-la-lige-odobrila-posao-s-cvc-fondom\/","og_locale":"hr_HR","og_type":"article","og_title":"Skup\u0161tina La Lige odobrila posao s CVC fondom - RADIO LJUBU\u0160KI","og_description":"\u0160panjolska nogometna La Liga odlu\u010dila je na svojoj skup\u0161tini odr\u017eanoj u \u010detvrtak u Madridu potpisati ugovor s ameri\u010dkim investicijskim fondom CVC kojem \u0107e prepu\u0161tati oko 10 posto svoje dobiti tijekom idu\u0107ih 50 godina u zamjenu za jednokratnu uplatu 2,1 milijarde eura. U Madridu su se sastali \u010dlanovi La Lige, 42 kluba prve i druge lige, [&hellip;]","og_url":"https:\/\/radioljubuski.ba\/index.php\/2021\/08\/12\/skupstina-la-lige-odobrila-posao-s-cvc-fondom\/","og_site_name":"RADIO LJUBU\u0160KI","article_publisher":"https:\/\/www.facebook.com\/Radiio-Ljubuski-1490835324566332","article_published_time":"2021-08-12T21:32:11+00:00","article_modified_time":"2021-08-12T21:32:12+00:00","og_image":[{"width":275,"height":183,"url":"https:\/\/radioljubuski.ba\/wp-content\/uploads\/2021\/08\/preuzmi-8-1.jpg","type":"image\/jpeg"}],"author":"Radio Ljubu\u0161ki","twitter_card":"summary_large_image","twitter_creator":"@radioljubuski","twitter_site":"@radioljubuski","twitter_misc":{"Napisao\/la":"Radio Ljubu\u0161ki","Procijenjeno vrijeme \u010ditanja":"3 minute"},"schema":{"@context":"https:\/\/schema.org","@graph":[{"@type":"Article","@id":"https:\/\/radioljubuski.ba\/index.php\/2021\/08\/12\/skupstina-la-lige-odobrila-posao-s-cvc-fondom\/#article","isPartOf":{"@id":"https:\/\/radioljubuski.ba\/index.php\/2021\/08\/12\/skupstina-la-lige-odobrila-posao-s-cvc-fondom\/"},"author":{"name":"Radio Ljubu\u0161ki","@id":"https:\/\/radioljubuski.ba\/#\/schema\/person\/19fc700381a780f69665d7956c469e3b"},"headline":"Skup\u0161tina La Lige odobrila posao s CVC fondom","datePublished":"2021-08-12T21:32:11+00:00","dateModified":"2021-08-12T21:32:12+00:00","mainEntityOfPage":{"@id":"https:\/\/radioljubuski.ba\/index.php\/2021\/08\/12\/skupstina-la-lige-odobrila-posao-s-cvc-fondom\/"},"wordCount":686,"publisher":{"@id":"https:\/\/radioljubuski.ba\/#organization"},"image":{"@id":"https:\/\/radioljubuski.ba\/index.php\/2021\/08\/12\/skupstina-la-lige-odobrila-posao-s-cvc-fondom\/#primaryimage"},"thumbnailUrl":"https:\/\/radioljubuski.ba\/wp-content\/uploads\/2021\/08\/preuzmi-8-1.jpg","articleSection":["\u0160port"],"inLanguage":"hr"},{"@type":"WebPage","@id":"https:\/\/radioljubuski.ba\/index.php\/2021\/08\/12\/skupstina-la-lige-odobrila-posao-s-cvc-fondom\/","url":"https:\/\/radioljubuski.ba\/index.php\/2021\/08\/12\/skupstina-la-lige-odobrila-posao-s-cvc-fondom\/","name":"Skup\u0161tina La Lige odobrila posao s CVC fondom - RADIO LJUBU\u0160KI","isPartOf":{"@id":"https:\/\/radioljubuski.ba\/#website"},"primaryImageOfPage":{"@id":"https:\/\/radioljubuski.ba\/index.php\/2021\/08\/12\/skupstina-la-lige-odobrila-posao-s-cvc-fondom\/#primaryimage"},"image":{"@id":"https:\/\/radioljubuski.ba\/index.php\/2021\/08\/12\/skupstina-la-lige-odobrila-posao-s-cvc-fondom\/#primaryimage"},"thumbnailUrl":"https:\/\/radioljubuski.ba\/wp-content\/uploads\/2021\/08\/preuzmi-8-1.jpg","datePublished":"2021-08-12T21:32:11+00:00","dateModified":"2021-08-12T21:32:12+00:00","breadcrumb":{"@id":"https:\/\/radioljubuski.ba\/index.php\/2021\/08\/12\/skupstina-la-lige-odobrila-posao-s-cvc-fondom\/#breadcrumb"},"inLanguage":"hr","potentialAction":[{"@type":"ReadAction","target":["https:\/\/radioljubuski.ba\/index.php\/2021\/08\/12\/skupstina-la-lige-odobrila-posao-s-cvc-fondom\/"]}]},{"@type":"ImageObject","inLanguage":"hr","@id":"https:\/\/radioljubuski.ba\/index.php\/2021\/08\/12\/skupstina-la-lige-odobrila-posao-s-cvc-fondom\/#primaryimage","url":"https:\/\/radioljubuski.ba\/wp-content\/uploads\/2021\/08\/preuzmi-8-1.jpg","contentUrl":"https:\/\/radioljubuski.ba\/wp-content\/uploads\/2021\/08\/preuzmi-8-1.jpg","width":275,"height":183},{"@type":"BreadcrumbList","@id":"https:\/\/radioljubuski.ba\/index.php\/2021\/08\/12\/skupstina-la-lige-odobrila-posao-s-cvc-fondom\/#breadcrumb","itemListElement":[{"@type":"ListItem","position":1,"name":"Po\u010detna stranica","item":"https:\/\/radioljubuski.ba\/"},{"@type":"ListItem","position":2,"name":"Skup\u0161tina La Lige odobrila posao s CVC fondom"}]},{"@type":"WebSite","@id":"https:\/\/radioljubuski.ba\/#website","url":"https:\/\/radioljubuski.ba\/","name":"Radio Ljubu\u0161ki","description":"Sun\u010dana frekvencija Hercegovine","publisher":{"@id":"https:\/\/radioljubuski.ba\/#organization"},"potentialAction":[{"@type":"SearchAction","target":{"@type":"EntryPoint","urlTemplate":"https:\/\/radioljubuski.ba\/?s={search_term_string}"},"query-input":{"@type":"PropertyValueSpecification","valueRequired":true,"valueName":"search_term_string"}}],"inLanguage":"hr"},{"@type":"Organization","@id":"https:\/\/radioljubuski.ba\/#organization","name":"Radio Ljubu\u0161ki","url":"https:\/\/radioljubuski.ba\/","logo":{"@type":"ImageObject","inLanguage":"hr","@id":"https:\/\/radioljubuski.ba\/#\/schema\/logo\/image\/","url":"https:\/\/radioljubuski.ba\/wp-content\/uploads\/2021\/02\/cropped-Radio_Ljubuski_logo1.jpg","contentUrl":"https:\/\/radioljubuski.ba\/wp-content\/uploads\/2021\/02\/cropped-Radio_Ljubuski_logo1.jpg","width":512,"height":512,"caption":"Radio Ljubu\u0161ki"},"image":{"@id":"https:\/\/radioljubuski.ba\/#\/schema\/logo\/image\/"},"sameAs":["https:\/\/www.facebook.com\/Radiio-Ljubuski-1490835324566332","https:\/\/x.com\/radioljubuski","https:\/\/hr.linkedin.com\/company\/radio-ljubuski","https:\/\/www.youtube.com\/channel\/UCHYaeO_n0Db3tjNGudGpXyw"]},{"@type":"Person","@id":"https:\/\/radioljubuski.ba\/#\/schema\/person\/19fc700381a780f69665d7956c469e3b","name":"Radio Ljubu\u0161ki"}]}},"_links":{"self":[{"href":"https:\/\/radioljubuski.ba\/index.php\/wp-json\/wp\/v2\/posts\/52746","targetHints":{"allow":["GET"]}}],"collection":[{"href":"https:\/\/radioljubuski.ba\/index.php\/wp-json\/wp\/v2\/posts"}],"about":[{"href":"https:\/\/radioljubuski.ba\/index.php\/wp-json\/wp\/v2\/types\/post"}],"author":[{"embeddable":true,"href":"https:\/\/radioljubuski.ba\/index.php\/wp-json\/wp\/v2\/users\/2"}],"replies":[{"embeddable":true,"href":"https:\/\/radioljubuski.ba\/index.php\/wp-json\/wp\/v2\/comments?post=52746"}],"version-history":[{"count":1,"href":"https:\/\/radioljubuski.ba\/index.php\/wp-json\/wp\/v2\/posts\/52746\/revisions"}],"predecessor-version":[{"id":52748,"href":"https:\/\/radioljubuski.ba\/index.php\/wp-json\/wp\/v2\/posts\/52746\/revisions\/52748"}],"wp:featuredmedia":[{"embeddable":true,"href":"https:\/\/radioljubuski.ba\/index.php\/wp-json\/wp\/v2\/media\/52747"}],"wp:attachment":[{"href":"https:\/\/radioljubuski.ba\/index.php\/wp-json\/wp\/v2\/media?parent=52746"}],"wp:term":[{"taxonomy":"category","embeddable":true,"href":"https:\/\/radioljubuski.ba\/index.php\/wp-json\/wp\/v2\/categories?post=52746"},{"taxonomy":"post_tag","embeddable":true,"href":"https:\/\/radioljubuski.ba\/index.php\/wp-json\/wp\/v2\/tags?post=52746"}],"curies":[{"name":"wp","href":"https:\/\/api.w.org\/{rel}","templated":true}]}}