{"id":52752,"date":"2021-08-12T22:36:43","date_gmt":"2021-08-12T21:36:43","guid":{"rendered":"https:\/\/radioljubuski.ba\/?p=52752"},"modified":"2021-08-12T22:36:44","modified_gmt":"2021-08-12T21:36:44","slug":"predsjednik-uprave-hajduka-pozitivan-na-koronavirus","status":"publish","type":"post","link":"https:\/\/radioljubuski.ba\/index.php\/2021\/08\/12\/predsjednik-uprave-hajduka-pozitivan-na-koronavirus\/","title":{"rendered":"Predsjednik Uprave Hajduka pozitivan na koronavirus"},"content":{"rendered":"\n<p><strong>Predsjednik Uprave Hajduka Luk\u0161a Jakobu\u0161i\u0107 pozitivan je na Covid-19. Osjetio je simptome po\u010detkom tjedna, a rezultati testiranja dali su pozitivan nalaz, prenosi&nbsp;<a href=\"https:\/\/slobodnadalmacija.hr\/sport\/hajduk\/predsjednik-uprave-hajduka-luksa-jakobusic-pozitivan-je-na-covid-19-osjetio-je-simptome-pocetkom-ovog-tjedna-1119298\" target=\"_blank\" rel=\"noreferrer noopener\">Slobodna Dalmacija.<\/a><\/strong><\/p>\n\n\n\n<p>Jakobu\u0161i\u0107 je zavr\u0161io u izolaciji, a njegovi suradnici s Poljuda s kojima je proteklih dana bio u kontaktu, testirali su se i svi su negativni, dok za igra\u010de nema straha jer s njima nije bio u kontaktu.<br><br>&#8211; Predsjednik Hajduka Luk\u0161a Jakobu\u0161i\u0107 pozitivan je na COVID-19. \u010celni \u010dovjek Bijelih od ponedjeljka ujutro osjetio je simptome, te se stavio u izolaciju do trenutka odlaska na testiranje koje je pokazalo da je zara\u017een koronavirusom. Valja napomenuti da je predsjednik Jakobu\u0161i\u0107 primio cjepivo, te da je redovito testiran uo\u010di svih slu\u017ebenih utakmica zajedno s mom\u010dadi, sto\u017eerom i ostalim djelatnicima Kluba, rekli su u Hajduku.<br><br>Na osnovu uputa nadle\u017enog epidemiologa NZJZ-a SD\u017d stavljen je u propisanu samoizolaciju idu\u0107ih deset dana. Predsjednik nije bio u bliskom kontaktu s prvom mom\u010dadi (\u010dak ni tijekom utakmice s Goricom), a nekoliko djelatnika Kluba s kojima je bio u kontaktu tijekom vikenda je promptno testirano, a svi nalazi su pokazali negativan test, dodaju u splitskoj mom\u010dadi.<\/p>\n\n\n\n<p>Izvor:hrt.hr<\/p>\n","protected":false},"excerpt":{"rendered":"<p>Predsjednik Uprave Hajduka Luk\u0161a Jakobu\u0161i\u0107 pozitivan je na Covid-19. Osjetio je simptome po\u010detkom tjedna, a rezultati testiranja dali su pozitivan nalaz, prenosi&nbsp;Slobodna Dalmacija. Jakobu\u0161i\u0107 je zavr\u0161io u izolaciji, a njegovi suradnici s Poljuda s kojima je proteklih dana bio u kontaktu, testirali su se i svi su negativni, dok za igra\u010de nema straha jer s [&hellip;]<\/p>\n","protected":false},"author":2,"featured_media":52753,"comment_status":"closed","ping_status":"closed","sticky":false,"template":"","format":"standard","meta":{"h5ap_radio_sources":[],"footnotes":""},"categories":[7],"tags":[],"class_list":["post-52752","post","type-post","status-publish","format-standard","has-post-thumbnail","hentry","category-sport"],"yoast_head":"<!-- This site is optimized with the Yoast SEO plugin v27.4 - https:\/\/yoast.com\/product\/yoast-seo-wordpress\/ -->\n<title>Predsjednik Uprave Hajduka pozitivan na koronavirus - RADIO LJUBU\u0160KI<\/title>\n<meta name=\"robots\" content=\"index, follow, max-snippet:-1, max-image-preview:large, max-video-preview:-1\" \/>\n<link rel=\"canonical\" href=\"https:\/\/radioljubuski.ba\/index.php\/2021\/08\/12\/predsjednik-uprave-hajduka-pozitivan-na-koronavirus\/\" \/>\n<meta property=\"og:locale\" content=\"hr_HR\" \/>\n<meta property=\"og:type\" content=\"article\" \/>\n<meta property=\"og:title\" content=\"Predsjednik Uprave Hajduka pozitivan na koronavirus - RADIO LJUBU\u0160KI\" \/>\n<meta property=\"og:description\" content=\"Predsjednik Uprave Hajduka Luk\u0161a Jakobu\u0161i\u0107 pozitivan je na Covid-19. Osjetio je simptome po\u010detkom tjedna, a rezultati testiranja dali su pozitivan nalaz, prenosi&nbsp;Slobodna Dalmacija. Jakobu\u0161i\u0107 je zavr\u0161io u izolaciji, a njegovi suradnici s Poljuda s kojima je proteklih dana bio u kontaktu, testirali su se i svi su negativni, dok za igra\u010de nema straha jer s [&hellip;]\" \/>\n<meta property=\"og:url\" content=\"https:\/\/radioljubuski.ba\/index.php\/2021\/08\/12\/predsjednik-uprave-hajduka-pozitivan-na-koronavirus\/\" \/>\n<meta property=\"og:site_name\" content=\"RADIO LJUBU\u0160KI\" \/>\n<meta property=\"article:publisher\" content=\"https:\/\/www.facebook.com\/Radiio-Ljubuski-1490835324566332\" \/>\n<meta property=\"article:published_time\" content=\"2021-08-12T21:36:43+00:00\" \/>\n<meta property=\"article:modified_time\" content=\"2021-08-12T21:36:44+00:00\" \/>\n<meta property=\"og:image\" content=\"https:\/\/radioljubuski.ba\/wp-content\/uploads\/2021\/08\/PXL_301020_30669931-1024x666-1.jpg\" \/>\n\t<meta property=\"og:image:width\" content=\"1024\" \/>\n\t<meta property=\"og:image:height\" content=\"666\" \/>\n\t<meta property=\"og:image:type\" content=\"image\/jpeg\" \/>\n<meta name=\"author\" content=\"Radio Ljubu\u0161ki\" \/>\n<meta name=\"twitter:card\" content=\"summary_large_image\" \/>\n<meta name=\"twitter:creator\" content=\"@radioljubuski\" \/>\n<meta name=\"twitter:site\" content=\"@radioljubuski\" \/>\n<meta name=\"twitter:label1\" content=\"Napisao\/la\" \/>\n\t<meta name=\"twitter:data1\" content=\"Radio Ljubu\u0161ki\" \/>\n\t<meta name=\"twitter:label2\" content=\"Procijenjeno vrijeme \u010ditanja\" \/>\n\t<meta name=\"twitter:data2\" content=\"1 minuta\" \/>\n<script type=\"application\/ld+json\" class=\"yoast-schema-graph\">{\"@context\":\"https:\\\/\\\/schema.org\",\"@graph\":[{\"@type\":\"Article\",\"@id\":\"https:\\\/\\\/radioljubuski.ba\\\/index.php\\\/2021\\\/08\\\/12\\\/predsjednik-uprave-hajduka-pozitivan-na-koronavirus\\\/#article\",\"isPartOf\":{\"@id\":\"https:\\\/\\\/radioljubuski.ba\\\/index.php\\\/2021\\\/08\\\/12\\\/predsjednik-uprave-hajduka-pozitivan-na-koronavirus\\\/\"},\"author\":{\"name\":\"Radio Ljubu\u0161ki\",\"@id\":\"https:\\\/\\\/radioljubuski.ba\\\/#\\\/schema\\\/person\\\/19fc700381a780f69665d7956c469e3b\"},\"headline\":\"Predsjednik Uprave Hajduka pozitivan na koronavirus\",\"datePublished\":\"2021-08-12T21:36:43+00:00\",\"dateModified\":\"2021-08-12T21:36:44+00:00\",\"mainEntityOfPage\":{\"@id\":\"https:\\\/\\\/radioljubuski.ba\\\/index.php\\\/2021\\\/08\\\/12\\\/predsjednik-uprave-hajduka-pozitivan-na-koronavirus\\\/\"},\"wordCount\":209,\"publisher\":{\"@id\":\"https:\\\/\\\/radioljubuski.ba\\\/#organization\"},\"image\":{\"@id\":\"https:\\\/\\\/radioljubuski.ba\\\/index.php\\\/2021\\\/08\\\/12\\\/predsjednik-uprave-hajduka-pozitivan-na-koronavirus\\\/#primaryimage\"},\"thumbnailUrl\":\"https:\\\/\\\/radioljubuski.ba\\\/wp-content\\\/uploads\\\/2021\\\/08\\\/PXL_301020_30669931-1024x666-1.jpg\",\"articleSection\":[\"\u0160port\"],\"inLanguage\":\"hr\"},{\"@type\":\"WebPage\",\"@id\":\"https:\\\/\\\/radioljubuski.ba\\\/index.php\\\/2021\\\/08\\\/12\\\/predsjednik-uprave-hajduka-pozitivan-na-koronavirus\\\/\",\"url\":\"https:\\\/\\\/radioljubuski.ba\\\/index.php\\\/2021\\\/08\\\/12\\\/predsjednik-uprave-hajduka-pozitivan-na-koronavirus\\\/\",\"name\":\"Predsjednik Uprave Hajduka pozitivan na koronavirus - RADIO LJUBU\u0160KI\",\"isPartOf\":{\"@id\":\"https:\\\/\\\/radioljubuski.ba\\\/#website\"},\"primaryImageOfPage\":{\"@id\":\"https:\\\/\\\/radioljubuski.ba\\\/index.php\\\/2021\\\/08\\\/12\\\/predsjednik-uprave-hajduka-pozitivan-na-koronavirus\\\/#primaryimage\"},\"image\":{\"@id\":\"https:\\\/\\\/radioljubuski.ba\\\/index.php\\\/2021\\\/08\\\/12\\\/predsjednik-uprave-hajduka-pozitivan-na-koronavirus\\\/#primaryimage\"},\"thumbnailUrl\":\"https:\\\/\\\/radioljubuski.ba\\\/wp-content\\\/uploads\\\/2021\\\/08\\\/PXL_301020_30669931-1024x666-1.jpg\",\"datePublished\":\"2021-08-12T21:36:43+00:00\",\"dateModified\":\"2021-08-12T21:36:44+00:00\",\"breadcrumb\":{\"@id\":\"https:\\\/\\\/radioljubuski.ba\\\/index.php\\\/2021\\\/08\\\/12\\\/predsjednik-uprave-hajduka-pozitivan-na-koronavirus\\\/#breadcrumb\"},\"inLanguage\":\"hr\",\"potentialAction\":[{\"@type\":\"ReadAction\",\"target\":[\"https:\\\/\\\/radioljubuski.ba\\\/index.php\\\/2021\\\/08\\\/12\\\/predsjednik-uprave-hajduka-pozitivan-na-koronavirus\\\/\"]}]},{\"@type\":\"ImageObject\",\"inLanguage\":\"hr\",\"@id\":\"https:\\\/\\\/radioljubuski.ba\\\/index.php\\\/2021\\\/08\\\/12\\\/predsjednik-uprave-hajduka-pozitivan-na-koronavirus\\\/#primaryimage\",\"url\":\"https:\\\/\\\/radioljubuski.ba\\\/wp-content\\\/uploads\\\/2021\\\/08\\\/PXL_301020_30669931-1024x666-1.jpg\",\"contentUrl\":\"https:\\\/\\\/radioljubuski.ba\\\/wp-content\\\/uploads\\\/2021\\\/08\\\/PXL_301020_30669931-1024x666-1.jpg\",\"width\":1024,\"height\":666},{\"@type\":\"BreadcrumbList\",\"@id\":\"https:\\\/\\\/radioljubuski.ba\\\/index.php\\\/2021\\\/08\\\/12\\\/predsjednik-uprave-hajduka-pozitivan-na-koronavirus\\\/#breadcrumb\",\"itemListElement\":[{\"@type\":\"ListItem\",\"position\":1,\"name\":\"Po\u010detna stranica\",\"item\":\"https:\\\/\\\/radioljubuski.ba\\\/\"},{\"@type\":\"ListItem\",\"position\":2,\"name\":\"Predsjednik Uprave Hajduka pozitivan na koronavirus\"}]},{\"@type\":\"WebSite\",\"@id\":\"https:\\\/\\\/radioljubuski.ba\\\/#website\",\"url\":\"https:\\\/\\\/radioljubuski.ba\\\/\",\"name\":\"Radio Ljubu\u0161ki\",\"description\":\"Sun\u010dana frekvencija Hercegovine\",\"publisher\":{\"@id\":\"https:\\\/\\\/radioljubuski.ba\\\/#organization\"},\"potentialAction\":[{\"@type\":\"SearchAction\",\"target\":{\"@type\":\"EntryPoint\",\"urlTemplate\":\"https:\\\/\\\/radioljubuski.ba\\\/?s={search_term_string}\"},\"query-input\":{\"@type\":\"PropertyValueSpecification\",\"valueRequired\":true,\"valueName\":\"search_term_string\"}}],\"inLanguage\":\"hr\"},{\"@type\":\"Organization\",\"@id\":\"https:\\\/\\\/radioljubuski.ba\\\/#organization\",\"name\":\"Radio Ljubu\u0161ki\",\"url\":\"https:\\\/\\\/radioljubuski.ba\\\/\",\"logo\":{\"@type\":\"ImageObject\",\"inLanguage\":\"hr\",\"@id\":\"https:\\\/\\\/radioljubuski.ba\\\/#\\\/schema\\\/logo\\\/image\\\/\",\"url\":\"https:\\\/\\\/radioljubuski.ba\\\/wp-content\\\/uploads\\\/2021\\\/02\\\/cropped-Radio_Ljubuski_logo1.jpg\",\"contentUrl\":\"https:\\\/\\\/radioljubuski.ba\\\/wp-content\\\/uploads\\\/2021\\\/02\\\/cropped-Radio_Ljubuski_logo1.jpg\",\"width\":512,\"height\":512,\"caption\":\"Radio Ljubu\u0161ki\"},\"image\":{\"@id\":\"https:\\\/\\\/radioljubuski.ba\\\/#\\\/schema\\\/logo\\\/image\\\/\"},\"sameAs\":[\"https:\\\/\\\/www.facebook.com\\\/Radiio-Ljubuski-1490835324566332\",\"https:\\\/\\\/x.com\\\/radioljubuski\",\"https:\\\/\\\/hr.linkedin.com\\\/company\\\/radio-ljubuski\",\"https:\\\/\\\/www.youtube.com\\\/channel\\\/UCHYaeO_n0Db3tjNGudGpXyw\"]},{\"@type\":\"Person\",\"@id\":\"https:\\\/\\\/radioljubuski.ba\\\/#\\\/schema\\\/person\\\/19fc700381a780f69665d7956c469e3b\",\"name\":\"Radio Ljubu\u0161ki\"}]}<\/script>\n<!-- \/ Yoast SEO plugin. -->","yoast_head_json":{"title":"Predsjednik Uprave Hajduka pozitivan na koronavirus - RADIO LJUBU\u0160KI","robots":{"index":"index","follow":"follow","max-snippet":"max-snippet:-1","max-image-preview":"max-image-preview:large","max-video-preview":"max-video-preview:-1"},"canonical":"https:\/\/radioljubuski.ba\/index.php\/2021\/08\/12\/predsjednik-uprave-hajduka-pozitivan-na-koronavirus\/","og_locale":"hr_HR","og_type":"article","og_title":"Predsjednik Uprave Hajduka pozitivan na koronavirus - RADIO LJUBU\u0160KI","og_description":"Predsjednik Uprave Hajduka Luk\u0161a Jakobu\u0161i\u0107 pozitivan je na Covid-19. Osjetio je simptome po\u010detkom tjedna, a rezultati testiranja dali su pozitivan nalaz, prenosi&nbsp;Slobodna Dalmacija. Jakobu\u0161i\u0107 je zavr\u0161io u izolaciji, a njegovi suradnici s Poljuda s kojima je proteklih dana bio u kontaktu, testirali su se i svi su negativni, dok za igra\u010de nema straha jer s [&hellip;]","og_url":"https:\/\/radioljubuski.ba\/index.php\/2021\/08\/12\/predsjednik-uprave-hajduka-pozitivan-na-koronavirus\/","og_site_name":"RADIO LJUBU\u0160KI","article_publisher":"https:\/\/www.facebook.com\/Radiio-Ljubuski-1490835324566332","article_published_time":"2021-08-12T21:36:43+00:00","article_modified_time":"2021-08-12T21:36:44+00:00","og_image":[{"width":1024,"height":666,"url":"https:\/\/radioljubuski.ba\/wp-content\/uploads\/2021\/08\/PXL_301020_30669931-1024x666-1.jpg","type":"image\/jpeg"}],"author":"Radio Ljubu\u0161ki","twitter_card":"summary_large_image","twitter_creator":"@radioljubuski","twitter_site":"@radioljubuski","twitter_misc":{"Napisao\/la":"Radio Ljubu\u0161ki","Procijenjeno vrijeme \u010ditanja":"1 minuta"},"schema":{"@context":"https:\/\/schema.org","@graph":[{"@type":"Article","@id":"https:\/\/radioljubuski.ba\/index.php\/2021\/08\/12\/predsjednik-uprave-hajduka-pozitivan-na-koronavirus\/#article","isPartOf":{"@id":"https:\/\/radioljubuski.ba\/index.php\/2021\/08\/12\/predsjednik-uprave-hajduka-pozitivan-na-koronavirus\/"},"author":{"name":"Radio Ljubu\u0161ki","@id":"https:\/\/radioljubuski.ba\/#\/schema\/person\/19fc700381a780f69665d7956c469e3b"},"headline":"Predsjednik Uprave Hajduka pozitivan na koronavirus","datePublished":"2021-08-12T21:36:43+00:00","dateModified":"2021-08-12T21:36:44+00:00","mainEntityOfPage":{"@id":"https:\/\/radioljubuski.ba\/index.php\/2021\/08\/12\/predsjednik-uprave-hajduka-pozitivan-na-koronavirus\/"},"wordCount":209,"publisher":{"@id":"https:\/\/radioljubuski.ba\/#organization"},"image":{"@id":"https:\/\/radioljubuski.ba\/index.php\/2021\/08\/12\/predsjednik-uprave-hajduka-pozitivan-na-koronavirus\/#primaryimage"},"thumbnailUrl":"https:\/\/radioljubuski.ba\/wp-content\/uploads\/2021\/08\/PXL_301020_30669931-1024x666-1.jpg","articleSection":["\u0160port"],"inLanguage":"hr"},{"@type":"WebPage","@id":"https:\/\/radioljubuski.ba\/index.php\/2021\/08\/12\/predsjednik-uprave-hajduka-pozitivan-na-koronavirus\/","url":"https:\/\/radioljubuski.ba\/index.php\/2021\/08\/12\/predsjednik-uprave-hajduka-pozitivan-na-koronavirus\/","name":"Predsjednik Uprave Hajduka pozitivan na koronavirus - RADIO LJUBU\u0160KI","isPartOf":{"@id":"https:\/\/radioljubuski.ba\/#website"},"primaryImageOfPage":{"@id":"https:\/\/radioljubuski.ba\/index.php\/2021\/08\/12\/predsjednik-uprave-hajduka-pozitivan-na-koronavirus\/#primaryimage"},"image":{"@id":"https:\/\/radioljubuski.ba\/index.php\/2021\/08\/12\/predsjednik-uprave-hajduka-pozitivan-na-koronavirus\/#primaryimage"},"thumbnailUrl":"https:\/\/radioljubuski.ba\/wp-content\/uploads\/2021\/08\/PXL_301020_30669931-1024x666-1.jpg","datePublished":"2021-08-12T21:36:43+00:00","dateModified":"2021-08-12T21:36:44+00:00","breadcrumb":{"@id":"https:\/\/radioljubuski.ba\/index.php\/2021\/08\/12\/predsjednik-uprave-hajduka-pozitivan-na-koronavirus\/#breadcrumb"},"inLanguage":"hr","potentialAction":[{"@type":"ReadAction","target":["https:\/\/radioljubuski.ba\/index.php\/2021\/08\/12\/predsjednik-uprave-hajduka-pozitivan-na-koronavirus\/"]}]},{"@type":"ImageObject","inLanguage":"hr","@id":"https:\/\/radioljubuski.ba\/index.php\/2021\/08\/12\/predsjednik-uprave-hajduka-pozitivan-na-koronavirus\/#primaryimage","url":"https:\/\/radioljubuski.ba\/wp-content\/uploads\/2021\/08\/PXL_301020_30669931-1024x666-1.jpg","contentUrl":"https:\/\/radioljubuski.ba\/wp-content\/uploads\/2021\/08\/PXL_301020_30669931-1024x666-1.jpg","width":1024,"height":666},{"@type":"BreadcrumbList","@id":"https:\/\/radioljubuski.ba\/index.php\/2021\/08\/12\/predsjednik-uprave-hajduka-pozitivan-na-koronavirus\/#breadcrumb","itemListElement":[{"@type":"ListItem","position":1,"name":"Po\u010detna stranica","item":"https:\/\/radioljubuski.ba\/"},{"@type":"ListItem","position":2,"name":"Predsjednik Uprave Hajduka pozitivan na koronavirus"}]},{"@type":"WebSite","@id":"https:\/\/radioljubuski.ba\/#website","url":"https:\/\/radioljubuski.ba\/","name":"Radio Ljubu\u0161ki","description":"Sun\u010dana frekvencija Hercegovine","publisher":{"@id":"https:\/\/radioljubuski.ba\/#organization"},"potentialAction":[{"@type":"SearchAction","target":{"@type":"EntryPoint","urlTemplate":"https:\/\/radioljubuski.ba\/?s={search_term_string}"},"query-input":{"@type":"PropertyValueSpecification","valueRequired":true,"valueName":"search_term_string"}}],"inLanguage":"hr"},{"@type":"Organization","@id":"https:\/\/radioljubuski.ba\/#organization","name":"Radio Ljubu\u0161ki","url":"https:\/\/radioljubuski.ba\/","logo":{"@type":"ImageObject","inLanguage":"hr","@id":"https:\/\/radioljubuski.ba\/#\/schema\/logo\/image\/","url":"https:\/\/radioljubuski.ba\/wp-content\/uploads\/2021\/02\/cropped-Radio_Ljubuski_logo1.jpg","contentUrl":"https:\/\/radioljubuski.ba\/wp-content\/uploads\/2021\/02\/cropped-Radio_Ljubuski_logo1.jpg","width":512,"height":512,"caption":"Radio Ljubu\u0161ki"},"image":{"@id":"https:\/\/radioljubuski.ba\/#\/schema\/logo\/image\/"},"sameAs":["https:\/\/www.facebook.com\/Radiio-Ljubuski-1490835324566332","https:\/\/x.com\/radioljubuski","https:\/\/hr.linkedin.com\/company\/radio-ljubuski","https:\/\/www.youtube.com\/channel\/UCHYaeO_n0Db3tjNGudGpXyw"]},{"@type":"Person","@id":"https:\/\/radioljubuski.ba\/#\/schema\/person\/19fc700381a780f69665d7956c469e3b","name":"Radio Ljubu\u0161ki"}]}},"_links":{"self":[{"href":"https:\/\/radioljubuski.ba\/index.php\/wp-json\/wp\/v2\/posts\/52752","targetHints":{"allow":["GET"]}}],"collection":[{"href":"https:\/\/radioljubuski.ba\/index.php\/wp-json\/wp\/v2\/posts"}],"about":[{"href":"https:\/\/radioljubuski.ba\/index.php\/wp-json\/wp\/v2\/types\/post"}],"author":[{"embeddable":true,"href":"https:\/\/radioljubuski.ba\/index.php\/wp-json\/wp\/v2\/users\/2"}],"replies":[{"embeddable":true,"href":"https:\/\/radioljubuski.ba\/index.php\/wp-json\/wp\/v2\/comments?post=52752"}],"version-history":[{"count":1,"href":"https:\/\/radioljubuski.ba\/index.php\/wp-json\/wp\/v2\/posts\/52752\/revisions"}],"predecessor-version":[{"id":52754,"href":"https:\/\/radioljubuski.ba\/index.php\/wp-json\/wp\/v2\/posts\/52752\/revisions\/52754"}],"wp:featuredmedia":[{"embeddable":true,"href":"https:\/\/radioljubuski.ba\/index.php\/wp-json\/wp\/v2\/media\/52753"}],"wp:attachment":[{"href":"https:\/\/radioljubuski.ba\/index.php\/wp-json\/wp\/v2\/media?parent=52752"}],"wp:term":[{"taxonomy":"category","embeddable":true,"href":"https:\/\/radioljubuski.ba\/index.php\/wp-json\/wp\/v2\/categories?post=52752"},{"taxonomy":"post_tag","embeddable":true,"href":"https:\/\/radioljubuski.ba\/index.php\/wp-json\/wp\/v2\/tags?post=52752"}],"curies":[{"name":"wp","href":"https:\/\/api.w.org\/{rel}","templated":true}]}}