{"id":52755,"date":"2021-08-12T22:39:37","date_gmt":"2021-08-12T21:39:37","guid":{"rendered":"https:\/\/radioljubuski.ba\/?p=52755"},"modified":"2021-08-12T22:39:38","modified_gmt":"2021-08-12T21:39:38","slug":"krznar-o-lauritsenu-prvi-pregledi-nisu-optimisticni","status":"publish","type":"post","link":"https:\/\/radioljubuski.ba\/index.php\/2021\/08\/12\/krznar-o-lauritsenu-prvi-pregledi-nisu-optimisticni\/","title":{"rendered":"Krznar o Lauritsenu: Prvi pregledi nisu optimisti\u010dni"},"content":{"rendered":"\n<p><strong>Nakon \u0161to je Dinamo upisao pobjedu 1-0 protiv Legije u uzvratu 3. pretkola Lige prvaka te je uz ukupnih 2-1 pro\u0161ao u play-off Lige prvaka gdje \u0107e mu suparnik biti moldavski \u0160erif trener Damir Krznar isti\u010de da je i dalje glavni cilj plasman u Ligu prvaka.&nbsp;<\/strong><\/p>\n\n\n\n<p>&#8211; Ne mogu re\u0107i da se sve odvijalo po planu, ali imali smo viziju da \u0107e utakmica biti takva kakva je bila. Znali smo da \u0107emo morati energetski biti na najvi\u0161oj razini. Pro\u0161li smo tu jednu stepenicu, ali naravno da se ne \u017eelimo ovdje zaustaviti. Nadamo se da \u0107emo dobro analizirati na\u0161eg idu\u0107eg protivnika i pro\u0107i dalje, rekao je Krznar dan nakon utakmice s poljskim prvakom.&nbsp;<br><br>&#8211; Utakmica protiv Legije je bila najte\u017ea i najbitnija utakmica. Ovo je sada veliko rastere\u0107enje za sve. Izborili smo grupnu fazu Europske lige, \u0161to je bio jedan od ciljeva, no opu\u0161tanja nema. I dalje je osnovni cilj Liga prvaka, dodao je Krznar koji se osvrnuo i na ozljedu brani\u010da&nbsp;<strong>Rasmusa Lauritsena.<\/strong><br><br>&#8211; Prvi pregledi nisu optimisti\u010dni, izgleda da je rije\u010d o ozbiljnijoj ozljedi aduktora, ali da ne ska\u010demo pred rudo, sutra ujutro ide na magnetsku rezonanciju pa \u0107emo vi\u0161e znati, rekao je Krznar.<\/p>\n\n\n\n<p>Dinamo prvu utakmicu 4. pretkola Lige prvaka protiv \u0160erifa igra u utorak od 21 sat u Tiraspolu, dok je uzvrat na rasporedu 25. kolovoza.\u00a0<\/p>\n\n\n\n<div style=\"width: 640px;\" class=\"wp-video\"><video class=\"wp-video-shortcode\" id=\"video-52755-1\" width=\"640\" height=\"360\" preload=\"metadata\" controls=\"controls\"><source type=\"video\/mp4\" src=\"https:\/\/api.hrt.hr\/media\/75\/be\/krznar-video-20210811143202.mp4?_=1\" \/><a href=\"https:\/\/api.hrt.hr\/media\/75\/be\/krznar-video-20210811143202.mp4\">https:\/\/api.hrt.hr\/media\/75\/be\/krznar-video-20210811143202.mp4<\/a><\/video><\/div>\n\n\n\n<p>Izvor:hrt.hr<\/p>\n","protected":false},"excerpt":{"rendered":"<p>Nakon \u0161to je Dinamo upisao pobjedu 1-0 protiv Legije u uzvratu 3. pretkola Lige prvaka te je uz ukupnih 2-1 pro\u0161ao u play-off Lige prvaka gdje \u0107e mu suparnik biti moldavski \u0160erif trener Damir Krznar isti\u010de da je i dalje glavni cilj plasman u Ligu prvaka.&nbsp; &#8211; Ne mogu re\u0107i da se sve odvijalo po [&hellip;]<\/p>\n","protected":false},"author":2,"featured_media":52756,"comment_status":"closed","ping_status":"closed","sticky":false,"template":"","format":"standard","meta":{"h5ap_radio_sources":[],"footnotes":""},"categories":[7],"tags":[],"class_list":["post-52755","post","type-post","status-publish","format-standard","has-post-thumbnail","hentry","category-sport"],"yoast_head":"<!-- This site is optimized with the Yoast SEO plugin v27.4 - https:\/\/yoast.com\/product\/yoast-seo-wordpress\/ -->\n<title>Krznar o Lauritsenu: Prvi pregledi nisu optimisti\u010dni - RADIO LJUBU\u0160KI<\/title>\n<meta name=\"robots\" content=\"index, follow, max-snippet:-1, max-image-preview:large, max-video-preview:-1\" \/>\n<link rel=\"canonical\" href=\"https:\/\/radioljubuski.ba\/index.php\/2021\/08\/12\/krznar-o-lauritsenu-prvi-pregledi-nisu-optimisticni\/\" \/>\n<meta property=\"og:locale\" content=\"hr_HR\" \/>\n<meta property=\"og:type\" content=\"article\" \/>\n<meta property=\"og:title\" content=\"Krznar o Lauritsenu: Prvi pregledi nisu optimisti\u010dni - RADIO LJUBU\u0160KI\" \/>\n<meta property=\"og:description\" content=\"Nakon \u0161to je Dinamo upisao pobjedu 1-0 protiv Legije u uzvratu 3. pretkola Lige prvaka te je uz ukupnih 2-1 pro\u0161ao u play-off Lige prvaka gdje \u0107e mu suparnik biti moldavski \u0160erif trener Damir Krznar isti\u010de da je i dalje glavni cilj plasman u Ligu prvaka.&nbsp; &#8211; Ne mogu re\u0107i da se sve odvijalo po [&hellip;]\" \/>\n<meta property=\"og:url\" content=\"https:\/\/radioljubuski.ba\/index.php\/2021\/08\/12\/krznar-o-lauritsenu-prvi-pregledi-nisu-optimisticni\/\" \/>\n<meta property=\"og:site_name\" content=\"RADIO LJUBU\u0160KI\" \/>\n<meta property=\"article:publisher\" content=\"https:\/\/www.facebook.com\/Radiio-Ljubuski-1490835324566332\" \/>\n<meta property=\"article:published_time\" content=\"2021-08-12T21:39:37+00:00\" \/>\n<meta property=\"article:modified_time\" content=\"2021-08-12T21:39:38+00:00\" \/>\n<meta property=\"og:image\" content=\"https:\/\/radioljubuski.ba\/wp-content\/uploads\/2021\/08\/preuzmi-23.jpg\" \/>\n\t<meta property=\"og:image:width\" content=\"300\" \/>\n\t<meta property=\"og:image:height\" content=\"168\" \/>\n\t<meta property=\"og:image:type\" content=\"image\/jpeg\" \/>\n<meta name=\"author\" content=\"Radio Ljubu\u0161ki\" \/>\n<meta name=\"twitter:card\" content=\"summary_large_image\" \/>\n<meta name=\"twitter:creator\" content=\"@radioljubuski\" \/>\n<meta name=\"twitter:site\" content=\"@radioljubuski\" \/>\n<meta name=\"twitter:label1\" content=\"Napisao\/la\" \/>\n\t<meta name=\"twitter:data1\" content=\"Radio Ljubu\u0161ki\" \/>\n\t<meta name=\"twitter:label2\" content=\"Procijenjeno vrijeme \u010ditanja\" \/>\n\t<meta name=\"twitter:data2\" content=\"1 minuta\" \/>\n<script type=\"application\/ld+json\" class=\"yoast-schema-graph\">{\"@context\":\"https:\\\/\\\/schema.org\",\"@graph\":[{\"@type\":\"Article\",\"@id\":\"https:\\\/\\\/radioljubuski.ba\\\/index.php\\\/2021\\\/08\\\/12\\\/krznar-o-lauritsenu-prvi-pregledi-nisu-optimisticni\\\/#article\",\"isPartOf\":{\"@id\":\"https:\\\/\\\/radioljubuski.ba\\\/index.php\\\/2021\\\/08\\\/12\\\/krznar-o-lauritsenu-prvi-pregledi-nisu-optimisticni\\\/\"},\"author\":{\"name\":\"Radio Ljubu\u0161ki\",\"@id\":\"https:\\\/\\\/radioljubuski.ba\\\/#\\\/schema\\\/person\\\/19fc700381a780f69665d7956c469e3b\"},\"headline\":\"Krznar o Lauritsenu: Prvi pregledi nisu optimisti\u010dni\",\"datePublished\":\"2021-08-12T21:39:37+00:00\",\"dateModified\":\"2021-08-12T21:39:38+00:00\",\"mainEntityOfPage\":{\"@id\":\"https:\\\/\\\/radioljubuski.ba\\\/index.php\\\/2021\\\/08\\\/12\\\/krznar-o-lauritsenu-prvi-pregledi-nisu-optimisticni\\\/\"},\"wordCount\":252,\"publisher\":{\"@id\":\"https:\\\/\\\/radioljubuski.ba\\\/#organization\"},\"image\":{\"@id\":\"https:\\\/\\\/radioljubuski.ba\\\/index.php\\\/2021\\\/08\\\/12\\\/krznar-o-lauritsenu-prvi-pregledi-nisu-optimisticni\\\/#primaryimage\"},\"thumbnailUrl\":\"https:\\\/\\\/radioljubuski.ba\\\/wp-content\\\/uploads\\\/2021\\\/08\\\/preuzmi-23.jpg\",\"articleSection\":[\"\u0160port\"],\"inLanguage\":\"hr\"},{\"@type\":\"WebPage\",\"@id\":\"https:\\\/\\\/radioljubuski.ba\\\/index.php\\\/2021\\\/08\\\/12\\\/krznar-o-lauritsenu-prvi-pregledi-nisu-optimisticni\\\/\",\"url\":\"https:\\\/\\\/radioljubuski.ba\\\/index.php\\\/2021\\\/08\\\/12\\\/krznar-o-lauritsenu-prvi-pregledi-nisu-optimisticni\\\/\",\"name\":\"Krznar o Lauritsenu: Prvi pregledi nisu optimisti\u010dni - RADIO LJUBU\u0160KI\",\"isPartOf\":{\"@id\":\"https:\\\/\\\/radioljubuski.ba\\\/#website\"},\"primaryImageOfPage\":{\"@id\":\"https:\\\/\\\/radioljubuski.ba\\\/index.php\\\/2021\\\/08\\\/12\\\/krznar-o-lauritsenu-prvi-pregledi-nisu-optimisticni\\\/#primaryimage\"},\"image\":{\"@id\":\"https:\\\/\\\/radioljubuski.ba\\\/index.php\\\/2021\\\/08\\\/12\\\/krznar-o-lauritsenu-prvi-pregledi-nisu-optimisticni\\\/#primaryimage\"},\"thumbnailUrl\":\"https:\\\/\\\/radioljubuski.ba\\\/wp-content\\\/uploads\\\/2021\\\/08\\\/preuzmi-23.jpg\",\"datePublished\":\"2021-08-12T21:39:37+00:00\",\"dateModified\":\"2021-08-12T21:39:38+00:00\",\"breadcrumb\":{\"@id\":\"https:\\\/\\\/radioljubuski.ba\\\/index.php\\\/2021\\\/08\\\/12\\\/krznar-o-lauritsenu-prvi-pregledi-nisu-optimisticni\\\/#breadcrumb\"},\"inLanguage\":\"hr\",\"potentialAction\":[{\"@type\":\"ReadAction\",\"target\":[\"https:\\\/\\\/radioljubuski.ba\\\/index.php\\\/2021\\\/08\\\/12\\\/krznar-o-lauritsenu-prvi-pregledi-nisu-optimisticni\\\/\"]}]},{\"@type\":\"ImageObject\",\"inLanguage\":\"hr\",\"@id\":\"https:\\\/\\\/radioljubuski.ba\\\/index.php\\\/2021\\\/08\\\/12\\\/krznar-o-lauritsenu-prvi-pregledi-nisu-optimisticni\\\/#primaryimage\",\"url\":\"https:\\\/\\\/radioljubuski.ba\\\/wp-content\\\/uploads\\\/2021\\\/08\\\/preuzmi-23.jpg\",\"contentUrl\":\"https:\\\/\\\/radioljubuski.ba\\\/wp-content\\\/uploads\\\/2021\\\/08\\\/preuzmi-23.jpg\",\"width\":300,\"height\":168},{\"@type\":\"BreadcrumbList\",\"@id\":\"https:\\\/\\\/radioljubuski.ba\\\/index.php\\\/2021\\\/08\\\/12\\\/krznar-o-lauritsenu-prvi-pregledi-nisu-optimisticni\\\/#breadcrumb\",\"itemListElement\":[{\"@type\":\"ListItem\",\"position\":1,\"name\":\"Po\u010detna stranica\",\"item\":\"https:\\\/\\\/radioljubuski.ba\\\/\"},{\"@type\":\"ListItem\",\"position\":2,\"name\":\"Krznar o Lauritsenu: Prvi pregledi nisu optimisti\u010dni\"}]},{\"@type\":\"WebSite\",\"@id\":\"https:\\\/\\\/radioljubuski.ba\\\/#website\",\"url\":\"https:\\\/\\\/radioljubuski.ba\\\/\",\"name\":\"Radio Ljubu\u0161ki\",\"description\":\"Sun\u010dana frekvencija Hercegovine\",\"publisher\":{\"@id\":\"https:\\\/\\\/radioljubuski.ba\\\/#organization\"},\"potentialAction\":[{\"@type\":\"SearchAction\",\"target\":{\"@type\":\"EntryPoint\",\"urlTemplate\":\"https:\\\/\\\/radioljubuski.ba\\\/?s={search_term_string}\"},\"query-input\":{\"@type\":\"PropertyValueSpecification\",\"valueRequired\":true,\"valueName\":\"search_term_string\"}}],\"inLanguage\":\"hr\"},{\"@type\":\"Organization\",\"@id\":\"https:\\\/\\\/radioljubuski.ba\\\/#organization\",\"name\":\"Radio Ljubu\u0161ki\",\"url\":\"https:\\\/\\\/radioljubuski.ba\\\/\",\"logo\":{\"@type\":\"ImageObject\",\"inLanguage\":\"hr\",\"@id\":\"https:\\\/\\\/radioljubuski.ba\\\/#\\\/schema\\\/logo\\\/image\\\/\",\"url\":\"https:\\\/\\\/radioljubuski.ba\\\/wp-content\\\/uploads\\\/2021\\\/02\\\/cropped-Radio_Ljubuski_logo1.jpg\",\"contentUrl\":\"https:\\\/\\\/radioljubuski.ba\\\/wp-content\\\/uploads\\\/2021\\\/02\\\/cropped-Radio_Ljubuski_logo1.jpg\",\"width\":512,\"height\":512,\"caption\":\"Radio Ljubu\u0161ki\"},\"image\":{\"@id\":\"https:\\\/\\\/radioljubuski.ba\\\/#\\\/schema\\\/logo\\\/image\\\/\"},\"sameAs\":[\"https:\\\/\\\/www.facebook.com\\\/Radiio-Ljubuski-1490835324566332\",\"https:\\\/\\\/x.com\\\/radioljubuski\",\"https:\\\/\\\/hr.linkedin.com\\\/company\\\/radio-ljubuski\",\"https:\\\/\\\/www.youtube.com\\\/channel\\\/UCHYaeO_n0Db3tjNGudGpXyw\"]},{\"@type\":\"Person\",\"@id\":\"https:\\\/\\\/radioljubuski.ba\\\/#\\\/schema\\\/person\\\/19fc700381a780f69665d7956c469e3b\",\"name\":\"Radio Ljubu\u0161ki\"}]}<\/script>\n<!-- \/ Yoast SEO plugin. -->","yoast_head_json":{"title":"Krznar o Lauritsenu: Prvi pregledi nisu optimisti\u010dni - RADIO LJUBU\u0160KI","robots":{"index":"index","follow":"follow","max-snippet":"max-snippet:-1","max-image-preview":"max-image-preview:large","max-video-preview":"max-video-preview:-1"},"canonical":"https:\/\/radioljubuski.ba\/index.php\/2021\/08\/12\/krznar-o-lauritsenu-prvi-pregledi-nisu-optimisticni\/","og_locale":"hr_HR","og_type":"article","og_title":"Krznar o Lauritsenu: Prvi pregledi nisu optimisti\u010dni - RADIO LJUBU\u0160KI","og_description":"Nakon \u0161to je Dinamo upisao pobjedu 1-0 protiv Legije u uzvratu 3. pretkola Lige prvaka te je uz ukupnih 2-1 pro\u0161ao u play-off Lige prvaka gdje \u0107e mu suparnik biti moldavski \u0160erif trener Damir Krznar isti\u010de da je i dalje glavni cilj plasman u Ligu prvaka.&nbsp; &#8211; Ne mogu re\u0107i da se sve odvijalo po [&hellip;]","og_url":"https:\/\/radioljubuski.ba\/index.php\/2021\/08\/12\/krznar-o-lauritsenu-prvi-pregledi-nisu-optimisticni\/","og_site_name":"RADIO LJUBU\u0160KI","article_publisher":"https:\/\/www.facebook.com\/Radiio-Ljubuski-1490835324566332","article_published_time":"2021-08-12T21:39:37+00:00","article_modified_time":"2021-08-12T21:39:38+00:00","og_image":[{"width":300,"height":168,"url":"https:\/\/radioljubuski.ba\/wp-content\/uploads\/2021\/08\/preuzmi-23.jpg","type":"image\/jpeg"}],"author":"Radio Ljubu\u0161ki","twitter_card":"summary_large_image","twitter_creator":"@radioljubuski","twitter_site":"@radioljubuski","twitter_misc":{"Napisao\/la":"Radio Ljubu\u0161ki","Procijenjeno vrijeme \u010ditanja":"1 minuta"},"schema":{"@context":"https:\/\/schema.org","@graph":[{"@type":"Article","@id":"https:\/\/radioljubuski.ba\/index.php\/2021\/08\/12\/krznar-o-lauritsenu-prvi-pregledi-nisu-optimisticni\/#article","isPartOf":{"@id":"https:\/\/radioljubuski.ba\/index.php\/2021\/08\/12\/krznar-o-lauritsenu-prvi-pregledi-nisu-optimisticni\/"},"author":{"name":"Radio Ljubu\u0161ki","@id":"https:\/\/radioljubuski.ba\/#\/schema\/person\/19fc700381a780f69665d7956c469e3b"},"headline":"Krznar o Lauritsenu: Prvi pregledi nisu optimisti\u010dni","datePublished":"2021-08-12T21:39:37+00:00","dateModified":"2021-08-12T21:39:38+00:00","mainEntityOfPage":{"@id":"https:\/\/radioljubuski.ba\/index.php\/2021\/08\/12\/krznar-o-lauritsenu-prvi-pregledi-nisu-optimisticni\/"},"wordCount":252,"publisher":{"@id":"https:\/\/radioljubuski.ba\/#organization"},"image":{"@id":"https:\/\/radioljubuski.ba\/index.php\/2021\/08\/12\/krznar-o-lauritsenu-prvi-pregledi-nisu-optimisticni\/#primaryimage"},"thumbnailUrl":"https:\/\/radioljubuski.ba\/wp-content\/uploads\/2021\/08\/preuzmi-23.jpg","articleSection":["\u0160port"],"inLanguage":"hr"},{"@type":"WebPage","@id":"https:\/\/radioljubuski.ba\/index.php\/2021\/08\/12\/krznar-o-lauritsenu-prvi-pregledi-nisu-optimisticni\/","url":"https:\/\/radioljubuski.ba\/index.php\/2021\/08\/12\/krznar-o-lauritsenu-prvi-pregledi-nisu-optimisticni\/","name":"Krznar o Lauritsenu: Prvi pregledi nisu optimisti\u010dni - RADIO LJUBU\u0160KI","isPartOf":{"@id":"https:\/\/radioljubuski.ba\/#website"},"primaryImageOfPage":{"@id":"https:\/\/radioljubuski.ba\/index.php\/2021\/08\/12\/krznar-o-lauritsenu-prvi-pregledi-nisu-optimisticni\/#primaryimage"},"image":{"@id":"https:\/\/radioljubuski.ba\/index.php\/2021\/08\/12\/krznar-o-lauritsenu-prvi-pregledi-nisu-optimisticni\/#primaryimage"},"thumbnailUrl":"https:\/\/radioljubuski.ba\/wp-content\/uploads\/2021\/08\/preuzmi-23.jpg","datePublished":"2021-08-12T21:39:37+00:00","dateModified":"2021-08-12T21:39:38+00:00","breadcrumb":{"@id":"https:\/\/radioljubuski.ba\/index.php\/2021\/08\/12\/krznar-o-lauritsenu-prvi-pregledi-nisu-optimisticni\/#breadcrumb"},"inLanguage":"hr","potentialAction":[{"@type":"ReadAction","target":["https:\/\/radioljubuski.ba\/index.php\/2021\/08\/12\/krznar-o-lauritsenu-prvi-pregledi-nisu-optimisticni\/"]}]},{"@type":"ImageObject","inLanguage":"hr","@id":"https:\/\/radioljubuski.ba\/index.php\/2021\/08\/12\/krznar-o-lauritsenu-prvi-pregledi-nisu-optimisticni\/#primaryimage","url":"https:\/\/radioljubuski.ba\/wp-content\/uploads\/2021\/08\/preuzmi-23.jpg","contentUrl":"https:\/\/radioljubuski.ba\/wp-content\/uploads\/2021\/08\/preuzmi-23.jpg","width":300,"height":168},{"@type":"BreadcrumbList","@id":"https:\/\/radioljubuski.ba\/index.php\/2021\/08\/12\/krznar-o-lauritsenu-prvi-pregledi-nisu-optimisticni\/#breadcrumb","itemListElement":[{"@type":"ListItem","position":1,"name":"Po\u010detna stranica","item":"https:\/\/radioljubuski.ba\/"},{"@type":"ListItem","position":2,"name":"Krznar o Lauritsenu: Prvi pregledi nisu optimisti\u010dni"}]},{"@type":"WebSite","@id":"https:\/\/radioljubuski.ba\/#website","url":"https:\/\/radioljubuski.ba\/","name":"Radio Ljubu\u0161ki","description":"Sun\u010dana frekvencija Hercegovine","publisher":{"@id":"https:\/\/radioljubuski.ba\/#organization"},"potentialAction":[{"@type":"SearchAction","target":{"@type":"EntryPoint","urlTemplate":"https:\/\/radioljubuski.ba\/?s={search_term_string}"},"query-input":{"@type":"PropertyValueSpecification","valueRequired":true,"valueName":"search_term_string"}}],"inLanguage":"hr"},{"@type":"Organization","@id":"https:\/\/radioljubuski.ba\/#organization","name":"Radio Ljubu\u0161ki","url":"https:\/\/radioljubuski.ba\/","logo":{"@type":"ImageObject","inLanguage":"hr","@id":"https:\/\/radioljubuski.ba\/#\/schema\/logo\/image\/","url":"https:\/\/radioljubuski.ba\/wp-content\/uploads\/2021\/02\/cropped-Radio_Ljubuski_logo1.jpg","contentUrl":"https:\/\/radioljubuski.ba\/wp-content\/uploads\/2021\/02\/cropped-Radio_Ljubuski_logo1.jpg","width":512,"height":512,"caption":"Radio Ljubu\u0161ki"},"image":{"@id":"https:\/\/radioljubuski.ba\/#\/schema\/logo\/image\/"},"sameAs":["https:\/\/www.facebook.com\/Radiio-Ljubuski-1490835324566332","https:\/\/x.com\/radioljubuski","https:\/\/hr.linkedin.com\/company\/radio-ljubuski","https:\/\/www.youtube.com\/channel\/UCHYaeO_n0Db3tjNGudGpXyw"]},{"@type":"Person","@id":"https:\/\/radioljubuski.ba\/#\/schema\/person\/19fc700381a780f69665d7956c469e3b","name":"Radio Ljubu\u0161ki"}]}},"_links":{"self":[{"href":"https:\/\/radioljubuski.ba\/index.php\/wp-json\/wp\/v2\/posts\/52755","targetHints":{"allow":["GET"]}}],"collection":[{"href":"https:\/\/radioljubuski.ba\/index.php\/wp-json\/wp\/v2\/posts"}],"about":[{"href":"https:\/\/radioljubuski.ba\/index.php\/wp-json\/wp\/v2\/types\/post"}],"author":[{"embeddable":true,"href":"https:\/\/radioljubuski.ba\/index.php\/wp-json\/wp\/v2\/users\/2"}],"replies":[{"embeddable":true,"href":"https:\/\/radioljubuski.ba\/index.php\/wp-json\/wp\/v2\/comments?post=52755"}],"version-history":[{"count":1,"href":"https:\/\/radioljubuski.ba\/index.php\/wp-json\/wp\/v2\/posts\/52755\/revisions"}],"predecessor-version":[{"id":52757,"href":"https:\/\/radioljubuski.ba\/index.php\/wp-json\/wp\/v2\/posts\/52755\/revisions\/52757"}],"wp:featuredmedia":[{"embeddable":true,"href":"https:\/\/radioljubuski.ba\/index.php\/wp-json\/wp\/v2\/media\/52756"}],"wp:attachment":[{"href":"https:\/\/radioljubuski.ba\/index.php\/wp-json\/wp\/v2\/media?parent=52755"}],"wp:term":[{"taxonomy":"category","embeddable":true,"href":"https:\/\/radioljubuski.ba\/index.php\/wp-json\/wp\/v2\/categories?post=52755"},{"taxonomy":"post_tag","embeddable":true,"href":"https:\/\/radioljubuski.ba\/index.php\/wp-json\/wp\/v2\/tags?post=52755"}],"curies":[{"name":"wp","href":"https:\/\/api.w.org\/{rel}","templated":true}]}}