{"id":52781,"date":"2021-08-12T23:22:26","date_gmt":"2021-08-12T22:22:26","guid":{"rendered":"https:\/\/radioljubuski.ba\/?p=52781"},"modified":"2021-08-12T23:22:28","modified_gmt":"2021-08-12T22:22:28","slug":"capljina-na-pozaristu-se-cule-eksplozije-izgorjela-kuca-i-dvije-stale","status":"publish","type":"post","link":"https:\/\/radioljubuski.ba\/index.php\/2021\/08\/12\/capljina-na-pozaristu-se-cule-eksplozije-izgorjela-kuca-i-dvije-stale\/","title":{"rendered":"\u010capljina: Na po\u017eari\u0161tu se \u010dule eksplozije, izgorjela ku\u0107a i dvije \u0161tale"},"content":{"rendered":"\n<p><strong>Po\u017ear na lokalitetu Budisavine u \u010capljini i dalje je aktivan, a na po\u017eari\u0161tu se \u010dulo par eksplozija, pi\u0161e Klix.ba.<\/strong><\/p>\n\n\n\n<p>Prema najnovijim informacijama, u mjestu Zau\u0161je izgorjela je ku\u0107a i dvije \u0161tale. Vatra potpomognuta jakim vjetrom i dalje prijeti na terenu.<\/p>\n\n\n\n<p>Kada je rije\u010d o ostalim po\u017earima u Hercegovini, onaj u Stocu i dalje je aktivan, ali ne ugro\u017eava stambene i druge objekte. Na terenu su pripadnici DVD Stolac i lokalno stanovni\u0161tvo.<\/p>\n\n\n\n<p>Aktivan je i po\u017ear na Komadinovom Vrelu kod Jablanice. On se pribli\u017eava platou Plase, na kojem su zastupljeni munika i borova \u0161uma. Ovaj po\u017ear je nepristupa\u010dnom terenu i za sada ne ugro\u017eava stambene i druge objekte. I na ovome mjestu ekipe su na terenu.<\/p>\n\n\n\n<p>\/HMS\/<\/p>\n","protected":false},"excerpt":{"rendered":"<p>Po\u017ear na lokalitetu Budisavine u \u010capljini i dalje je aktivan, a na po\u017eari\u0161tu se \u010dulo par eksplozija, pi\u0161e Klix.ba. Prema najnovijim informacijama, u mjestu Zau\u0161je izgorjela je ku\u0107a i dvije \u0161tale. Vatra potpomognuta jakim vjetrom i dalje prijeti na terenu. Kada je rije\u010d o ostalim po\u017earima u Hercegovini, onaj u Stocu i dalje je aktivan, [&hellip;]<\/p>\n","protected":false},"author":2,"featured_media":52782,"comment_status":"closed","ping_status":"closed","sticky":false,"template":"","format":"standard","meta":{"h5ap_radio_sources":[],"footnotes":""},"categories":[1],"tags":[],"class_list":["post-52781","post","type-post","status-publish","format-standard","has-post-thumbnail","hentry","category-bihiregija"],"yoast_head":"<!-- This site is optimized with the Yoast SEO plugin v27.4 - https:\/\/yoast.com\/product\/yoast-seo-wordpress\/ -->\n<title>\u010capljina: Na po\u017eari\u0161tu se \u010dule eksplozije, izgorjela ku\u0107a i dvije \u0161tale - RADIO LJUBU\u0160KI<\/title>\n<meta name=\"robots\" content=\"index, follow, max-snippet:-1, max-image-preview:large, max-video-preview:-1\" \/>\n<link rel=\"canonical\" href=\"https:\/\/radioljubuski.ba\/index.php\/2021\/08\/12\/capljina-na-pozaristu-se-cule-eksplozije-izgorjela-kuca-i-dvije-stale\/\" \/>\n<meta property=\"og:locale\" content=\"hr_HR\" \/>\n<meta property=\"og:type\" content=\"article\" \/>\n<meta property=\"og:title\" content=\"\u010capljina: Na po\u017eari\u0161tu se \u010dule eksplozije, izgorjela ku\u0107a i dvije \u0161tale - RADIO LJUBU\u0160KI\" \/>\n<meta property=\"og:description\" content=\"Po\u017ear na lokalitetu Budisavine u \u010capljini i dalje je aktivan, a na po\u017eari\u0161tu se \u010dulo par eksplozija, pi\u0161e Klix.ba. Prema najnovijim informacijama, u mjestu Zau\u0161je izgorjela je ku\u0107a i dvije \u0161tale. Vatra potpomognuta jakim vjetrom i dalje prijeti na terenu. Kada je rije\u010d o ostalim po\u017earima u Hercegovini, onaj u Stocu i dalje je aktivan, [&hellip;]\" \/>\n<meta property=\"og:url\" content=\"https:\/\/radioljubuski.ba\/index.php\/2021\/08\/12\/capljina-na-pozaristu-se-cule-eksplozije-izgorjela-kuca-i-dvije-stale\/\" \/>\n<meta property=\"og:site_name\" content=\"RADIO LJUBU\u0160KI\" \/>\n<meta property=\"article:publisher\" content=\"https:\/\/www.facebook.com\/Radiio-Ljubuski-1490835324566332\" \/>\n<meta property=\"article:published_time\" content=\"2021-08-12T22:22:26+00:00\" \/>\n<meta property=\"article:modified_time\" content=\"2021-08-12T22:22:28+00:00\" \/>\n<meta property=\"og:image\" content=\"https:\/\/radioljubuski.ba\/wp-content\/uploads\/2021\/08\/ahhahaha.jpg\" \/>\n\t<meta property=\"og:image:width\" content=\"654\" \/>\n\t<meta property=\"og:image:height\" content=\"364\" \/>\n\t<meta property=\"og:image:type\" content=\"image\/jpeg\" \/>\n<meta name=\"author\" content=\"Radio Ljubu\u0161ki\" \/>\n<meta name=\"twitter:card\" content=\"summary_large_image\" \/>\n<meta name=\"twitter:creator\" content=\"@radioljubuski\" \/>\n<meta name=\"twitter:site\" content=\"@radioljubuski\" \/>\n<meta name=\"twitter:label1\" content=\"Napisao\/la\" \/>\n\t<meta name=\"twitter:data1\" content=\"Radio Ljubu\u0161ki\" \/>\n\t<meta name=\"twitter:label2\" content=\"Procijenjeno vrijeme \u010ditanja\" \/>\n\t<meta name=\"twitter:data2\" content=\"1 minuta\" \/>\n<script type=\"application\/ld+json\" class=\"yoast-schema-graph\">{\"@context\":\"https:\\\/\\\/schema.org\",\"@graph\":[{\"@type\":\"Article\",\"@id\":\"https:\\\/\\\/radioljubuski.ba\\\/index.php\\\/2021\\\/08\\\/12\\\/capljina-na-pozaristu-se-cule-eksplozije-izgorjela-kuca-i-dvije-stale\\\/#article\",\"isPartOf\":{\"@id\":\"https:\\\/\\\/radioljubuski.ba\\\/index.php\\\/2021\\\/08\\\/12\\\/capljina-na-pozaristu-se-cule-eksplozije-izgorjela-kuca-i-dvije-stale\\\/\"},\"author\":{\"name\":\"Radio Ljubu\u0161ki\",\"@id\":\"https:\\\/\\\/radioljubuski.ba\\\/#\\\/schema\\\/person\\\/19fc700381a780f69665d7956c469e3b\"},\"headline\":\"\u010capljina: Na po\u017eari\u0161tu se \u010dule eksplozije, izgorjela ku\u0107a i dvije \u0161tale\",\"datePublished\":\"2021-08-12T22:22:26+00:00\",\"dateModified\":\"2021-08-12T22:22:28+00:00\",\"mainEntityOfPage\":{\"@id\":\"https:\\\/\\\/radioljubuski.ba\\\/index.php\\\/2021\\\/08\\\/12\\\/capljina-na-pozaristu-se-cule-eksplozije-izgorjela-kuca-i-dvije-stale\\\/\"},\"wordCount\":145,\"publisher\":{\"@id\":\"https:\\\/\\\/radioljubuski.ba\\\/#organization\"},\"image\":{\"@id\":\"https:\\\/\\\/radioljubuski.ba\\\/index.php\\\/2021\\\/08\\\/12\\\/capljina-na-pozaristu-se-cule-eksplozije-izgorjela-kuca-i-dvije-stale\\\/#primaryimage\"},\"thumbnailUrl\":\"https:\\\/\\\/radioljubuski.ba\\\/wp-content\\\/uploads\\\/2021\\\/08\\\/ahhahaha.jpg\",\"articleSection\":[\"BIH i regija\"],\"inLanguage\":\"hr\"},{\"@type\":\"WebPage\",\"@id\":\"https:\\\/\\\/radioljubuski.ba\\\/index.php\\\/2021\\\/08\\\/12\\\/capljina-na-pozaristu-se-cule-eksplozije-izgorjela-kuca-i-dvije-stale\\\/\",\"url\":\"https:\\\/\\\/radioljubuski.ba\\\/index.php\\\/2021\\\/08\\\/12\\\/capljina-na-pozaristu-se-cule-eksplozije-izgorjela-kuca-i-dvije-stale\\\/\",\"name\":\"\u010capljina: Na po\u017eari\u0161tu se \u010dule eksplozije, izgorjela ku\u0107a i dvije \u0161tale - RADIO LJUBU\u0160KI\",\"isPartOf\":{\"@id\":\"https:\\\/\\\/radioljubuski.ba\\\/#website\"},\"primaryImageOfPage\":{\"@id\":\"https:\\\/\\\/radioljubuski.ba\\\/index.php\\\/2021\\\/08\\\/12\\\/capljina-na-pozaristu-se-cule-eksplozije-izgorjela-kuca-i-dvije-stale\\\/#primaryimage\"},\"image\":{\"@id\":\"https:\\\/\\\/radioljubuski.ba\\\/index.php\\\/2021\\\/08\\\/12\\\/capljina-na-pozaristu-se-cule-eksplozije-izgorjela-kuca-i-dvije-stale\\\/#primaryimage\"},\"thumbnailUrl\":\"https:\\\/\\\/radioljubuski.ba\\\/wp-content\\\/uploads\\\/2021\\\/08\\\/ahhahaha.jpg\",\"datePublished\":\"2021-08-12T22:22:26+00:00\",\"dateModified\":\"2021-08-12T22:22:28+00:00\",\"breadcrumb\":{\"@id\":\"https:\\\/\\\/radioljubuski.ba\\\/index.php\\\/2021\\\/08\\\/12\\\/capljina-na-pozaristu-se-cule-eksplozije-izgorjela-kuca-i-dvije-stale\\\/#breadcrumb\"},\"inLanguage\":\"hr\",\"potentialAction\":[{\"@type\":\"ReadAction\",\"target\":[\"https:\\\/\\\/radioljubuski.ba\\\/index.php\\\/2021\\\/08\\\/12\\\/capljina-na-pozaristu-se-cule-eksplozije-izgorjela-kuca-i-dvije-stale\\\/\"]}]},{\"@type\":\"ImageObject\",\"inLanguage\":\"hr\",\"@id\":\"https:\\\/\\\/radioljubuski.ba\\\/index.php\\\/2021\\\/08\\\/12\\\/capljina-na-pozaristu-se-cule-eksplozije-izgorjela-kuca-i-dvije-stale\\\/#primaryimage\",\"url\":\"https:\\\/\\\/radioljubuski.ba\\\/wp-content\\\/uploads\\\/2021\\\/08\\\/ahhahaha.jpg\",\"contentUrl\":\"https:\\\/\\\/radioljubuski.ba\\\/wp-content\\\/uploads\\\/2021\\\/08\\\/ahhahaha.jpg\",\"width\":654,\"height\":364},{\"@type\":\"BreadcrumbList\",\"@id\":\"https:\\\/\\\/radioljubuski.ba\\\/index.php\\\/2021\\\/08\\\/12\\\/capljina-na-pozaristu-se-cule-eksplozije-izgorjela-kuca-i-dvije-stale\\\/#breadcrumb\",\"itemListElement\":[{\"@type\":\"ListItem\",\"position\":1,\"name\":\"Po\u010detna stranica\",\"item\":\"https:\\\/\\\/radioljubuski.ba\\\/\"},{\"@type\":\"ListItem\",\"position\":2,\"name\":\"\u010capljina: Na po\u017eari\u0161tu se \u010dule eksplozije, izgorjela ku\u0107a i dvije \u0161tale\"}]},{\"@type\":\"WebSite\",\"@id\":\"https:\\\/\\\/radioljubuski.ba\\\/#website\",\"url\":\"https:\\\/\\\/radioljubuski.ba\\\/\",\"name\":\"Radio Ljubu\u0161ki\",\"description\":\"Sun\u010dana frekvencija Hercegovine\",\"publisher\":{\"@id\":\"https:\\\/\\\/radioljubuski.ba\\\/#organization\"},\"potentialAction\":[{\"@type\":\"SearchAction\",\"target\":{\"@type\":\"EntryPoint\",\"urlTemplate\":\"https:\\\/\\\/radioljubuski.ba\\\/?s={search_term_string}\"},\"query-input\":{\"@type\":\"PropertyValueSpecification\",\"valueRequired\":true,\"valueName\":\"search_term_string\"}}],\"inLanguage\":\"hr\"},{\"@type\":\"Organization\",\"@id\":\"https:\\\/\\\/radioljubuski.ba\\\/#organization\",\"name\":\"Radio Ljubu\u0161ki\",\"url\":\"https:\\\/\\\/radioljubuski.ba\\\/\",\"logo\":{\"@type\":\"ImageObject\",\"inLanguage\":\"hr\",\"@id\":\"https:\\\/\\\/radioljubuski.ba\\\/#\\\/schema\\\/logo\\\/image\\\/\",\"url\":\"https:\\\/\\\/radioljubuski.ba\\\/wp-content\\\/uploads\\\/2021\\\/02\\\/cropped-Radio_Ljubuski_logo1.jpg\",\"contentUrl\":\"https:\\\/\\\/radioljubuski.ba\\\/wp-content\\\/uploads\\\/2021\\\/02\\\/cropped-Radio_Ljubuski_logo1.jpg\",\"width\":512,\"height\":512,\"caption\":\"Radio Ljubu\u0161ki\"},\"image\":{\"@id\":\"https:\\\/\\\/radioljubuski.ba\\\/#\\\/schema\\\/logo\\\/image\\\/\"},\"sameAs\":[\"https:\\\/\\\/www.facebook.com\\\/Radiio-Ljubuski-1490835324566332\",\"https:\\\/\\\/x.com\\\/radioljubuski\",\"https:\\\/\\\/hr.linkedin.com\\\/company\\\/radio-ljubuski\",\"https:\\\/\\\/www.youtube.com\\\/channel\\\/UCHYaeO_n0Db3tjNGudGpXyw\"]},{\"@type\":\"Person\",\"@id\":\"https:\\\/\\\/radioljubuski.ba\\\/#\\\/schema\\\/person\\\/19fc700381a780f69665d7956c469e3b\",\"name\":\"Radio Ljubu\u0161ki\"}]}<\/script>\n<!-- \/ Yoast SEO plugin. -->","yoast_head_json":{"title":"\u010capljina: Na po\u017eari\u0161tu se \u010dule eksplozije, izgorjela ku\u0107a i dvije \u0161tale - RADIO LJUBU\u0160KI","robots":{"index":"index","follow":"follow","max-snippet":"max-snippet:-1","max-image-preview":"max-image-preview:large","max-video-preview":"max-video-preview:-1"},"canonical":"https:\/\/radioljubuski.ba\/index.php\/2021\/08\/12\/capljina-na-pozaristu-se-cule-eksplozije-izgorjela-kuca-i-dvije-stale\/","og_locale":"hr_HR","og_type":"article","og_title":"\u010capljina: Na po\u017eari\u0161tu se \u010dule eksplozije, izgorjela ku\u0107a i dvije \u0161tale - RADIO LJUBU\u0160KI","og_description":"Po\u017ear na lokalitetu Budisavine u \u010capljini i dalje je aktivan, a na po\u017eari\u0161tu se \u010dulo par eksplozija, pi\u0161e Klix.ba. Prema najnovijim informacijama, u mjestu Zau\u0161je izgorjela je ku\u0107a i dvije \u0161tale. Vatra potpomognuta jakim vjetrom i dalje prijeti na terenu. Kada je rije\u010d o ostalim po\u017earima u Hercegovini, onaj u Stocu i dalje je aktivan, [&hellip;]","og_url":"https:\/\/radioljubuski.ba\/index.php\/2021\/08\/12\/capljina-na-pozaristu-se-cule-eksplozije-izgorjela-kuca-i-dvije-stale\/","og_site_name":"RADIO LJUBU\u0160KI","article_publisher":"https:\/\/www.facebook.com\/Radiio-Ljubuski-1490835324566332","article_published_time":"2021-08-12T22:22:26+00:00","article_modified_time":"2021-08-12T22:22:28+00:00","og_image":[{"width":654,"height":364,"url":"https:\/\/radioljubuski.ba\/wp-content\/uploads\/2021\/08\/ahhahaha.jpg","type":"image\/jpeg"}],"author":"Radio Ljubu\u0161ki","twitter_card":"summary_large_image","twitter_creator":"@radioljubuski","twitter_site":"@radioljubuski","twitter_misc":{"Napisao\/la":"Radio Ljubu\u0161ki","Procijenjeno vrijeme \u010ditanja":"1 minuta"},"schema":{"@context":"https:\/\/schema.org","@graph":[{"@type":"Article","@id":"https:\/\/radioljubuski.ba\/index.php\/2021\/08\/12\/capljina-na-pozaristu-se-cule-eksplozije-izgorjela-kuca-i-dvije-stale\/#article","isPartOf":{"@id":"https:\/\/radioljubuski.ba\/index.php\/2021\/08\/12\/capljina-na-pozaristu-se-cule-eksplozije-izgorjela-kuca-i-dvije-stale\/"},"author":{"name":"Radio Ljubu\u0161ki","@id":"https:\/\/radioljubuski.ba\/#\/schema\/person\/19fc700381a780f69665d7956c469e3b"},"headline":"\u010capljina: Na po\u017eari\u0161tu se \u010dule eksplozije, izgorjela ku\u0107a i dvije \u0161tale","datePublished":"2021-08-12T22:22:26+00:00","dateModified":"2021-08-12T22:22:28+00:00","mainEntityOfPage":{"@id":"https:\/\/radioljubuski.ba\/index.php\/2021\/08\/12\/capljina-na-pozaristu-se-cule-eksplozije-izgorjela-kuca-i-dvije-stale\/"},"wordCount":145,"publisher":{"@id":"https:\/\/radioljubuski.ba\/#organization"},"image":{"@id":"https:\/\/radioljubuski.ba\/index.php\/2021\/08\/12\/capljina-na-pozaristu-se-cule-eksplozije-izgorjela-kuca-i-dvije-stale\/#primaryimage"},"thumbnailUrl":"https:\/\/radioljubuski.ba\/wp-content\/uploads\/2021\/08\/ahhahaha.jpg","articleSection":["BIH i regija"],"inLanguage":"hr"},{"@type":"WebPage","@id":"https:\/\/radioljubuski.ba\/index.php\/2021\/08\/12\/capljina-na-pozaristu-se-cule-eksplozije-izgorjela-kuca-i-dvije-stale\/","url":"https:\/\/radioljubuski.ba\/index.php\/2021\/08\/12\/capljina-na-pozaristu-se-cule-eksplozije-izgorjela-kuca-i-dvije-stale\/","name":"\u010capljina: Na po\u017eari\u0161tu se \u010dule eksplozije, izgorjela ku\u0107a i dvije \u0161tale - RADIO LJUBU\u0160KI","isPartOf":{"@id":"https:\/\/radioljubuski.ba\/#website"},"primaryImageOfPage":{"@id":"https:\/\/radioljubuski.ba\/index.php\/2021\/08\/12\/capljina-na-pozaristu-se-cule-eksplozije-izgorjela-kuca-i-dvije-stale\/#primaryimage"},"image":{"@id":"https:\/\/radioljubuski.ba\/index.php\/2021\/08\/12\/capljina-na-pozaristu-se-cule-eksplozije-izgorjela-kuca-i-dvije-stale\/#primaryimage"},"thumbnailUrl":"https:\/\/radioljubuski.ba\/wp-content\/uploads\/2021\/08\/ahhahaha.jpg","datePublished":"2021-08-12T22:22:26+00:00","dateModified":"2021-08-12T22:22:28+00:00","breadcrumb":{"@id":"https:\/\/radioljubuski.ba\/index.php\/2021\/08\/12\/capljina-na-pozaristu-se-cule-eksplozije-izgorjela-kuca-i-dvije-stale\/#breadcrumb"},"inLanguage":"hr","potentialAction":[{"@type":"ReadAction","target":["https:\/\/radioljubuski.ba\/index.php\/2021\/08\/12\/capljina-na-pozaristu-se-cule-eksplozije-izgorjela-kuca-i-dvije-stale\/"]}]},{"@type":"ImageObject","inLanguage":"hr","@id":"https:\/\/radioljubuski.ba\/index.php\/2021\/08\/12\/capljina-na-pozaristu-se-cule-eksplozije-izgorjela-kuca-i-dvije-stale\/#primaryimage","url":"https:\/\/radioljubuski.ba\/wp-content\/uploads\/2021\/08\/ahhahaha.jpg","contentUrl":"https:\/\/radioljubuski.ba\/wp-content\/uploads\/2021\/08\/ahhahaha.jpg","width":654,"height":364},{"@type":"BreadcrumbList","@id":"https:\/\/radioljubuski.ba\/index.php\/2021\/08\/12\/capljina-na-pozaristu-se-cule-eksplozije-izgorjela-kuca-i-dvije-stale\/#breadcrumb","itemListElement":[{"@type":"ListItem","position":1,"name":"Po\u010detna stranica","item":"https:\/\/radioljubuski.ba\/"},{"@type":"ListItem","position":2,"name":"\u010capljina: Na po\u017eari\u0161tu se \u010dule eksplozije, izgorjela ku\u0107a i dvije \u0161tale"}]},{"@type":"WebSite","@id":"https:\/\/radioljubuski.ba\/#website","url":"https:\/\/radioljubuski.ba\/","name":"Radio Ljubu\u0161ki","description":"Sun\u010dana frekvencija Hercegovine","publisher":{"@id":"https:\/\/radioljubuski.ba\/#organization"},"potentialAction":[{"@type":"SearchAction","target":{"@type":"EntryPoint","urlTemplate":"https:\/\/radioljubuski.ba\/?s={search_term_string}"},"query-input":{"@type":"PropertyValueSpecification","valueRequired":true,"valueName":"search_term_string"}}],"inLanguage":"hr"},{"@type":"Organization","@id":"https:\/\/radioljubuski.ba\/#organization","name":"Radio Ljubu\u0161ki","url":"https:\/\/radioljubuski.ba\/","logo":{"@type":"ImageObject","inLanguage":"hr","@id":"https:\/\/radioljubuski.ba\/#\/schema\/logo\/image\/","url":"https:\/\/radioljubuski.ba\/wp-content\/uploads\/2021\/02\/cropped-Radio_Ljubuski_logo1.jpg","contentUrl":"https:\/\/radioljubuski.ba\/wp-content\/uploads\/2021\/02\/cropped-Radio_Ljubuski_logo1.jpg","width":512,"height":512,"caption":"Radio Ljubu\u0161ki"},"image":{"@id":"https:\/\/radioljubuski.ba\/#\/schema\/logo\/image\/"},"sameAs":["https:\/\/www.facebook.com\/Radiio-Ljubuski-1490835324566332","https:\/\/x.com\/radioljubuski","https:\/\/hr.linkedin.com\/company\/radio-ljubuski","https:\/\/www.youtube.com\/channel\/UCHYaeO_n0Db3tjNGudGpXyw"]},{"@type":"Person","@id":"https:\/\/radioljubuski.ba\/#\/schema\/person\/19fc700381a780f69665d7956c469e3b","name":"Radio Ljubu\u0161ki"}]}},"_links":{"self":[{"href":"https:\/\/radioljubuski.ba\/index.php\/wp-json\/wp\/v2\/posts\/52781","targetHints":{"allow":["GET"]}}],"collection":[{"href":"https:\/\/radioljubuski.ba\/index.php\/wp-json\/wp\/v2\/posts"}],"about":[{"href":"https:\/\/radioljubuski.ba\/index.php\/wp-json\/wp\/v2\/types\/post"}],"author":[{"embeddable":true,"href":"https:\/\/radioljubuski.ba\/index.php\/wp-json\/wp\/v2\/users\/2"}],"replies":[{"embeddable":true,"href":"https:\/\/radioljubuski.ba\/index.php\/wp-json\/wp\/v2\/comments?post=52781"}],"version-history":[{"count":1,"href":"https:\/\/radioljubuski.ba\/index.php\/wp-json\/wp\/v2\/posts\/52781\/revisions"}],"predecessor-version":[{"id":52783,"href":"https:\/\/radioljubuski.ba\/index.php\/wp-json\/wp\/v2\/posts\/52781\/revisions\/52783"}],"wp:featuredmedia":[{"embeddable":true,"href":"https:\/\/radioljubuski.ba\/index.php\/wp-json\/wp\/v2\/media\/52782"}],"wp:attachment":[{"href":"https:\/\/radioljubuski.ba\/index.php\/wp-json\/wp\/v2\/media?parent=52781"}],"wp:term":[{"taxonomy":"category","embeddable":true,"href":"https:\/\/radioljubuski.ba\/index.php\/wp-json\/wp\/v2\/categories?post=52781"},{"taxonomy":"post_tag","embeddable":true,"href":"https:\/\/radioljubuski.ba\/index.php\/wp-json\/wp\/v2\/tags?post=52781"}],"curies":[{"name":"wp","href":"https:\/\/api.w.org\/{rel}","templated":true}]}}