{"id":52807,"date":"2021-08-12T23:35:46","date_gmt":"2021-08-12T22:35:46","guid":{"rendered":"https:\/\/radioljubuski.ba\/?p=52807"},"modified":"2021-08-12T23:35:47","modified_gmt":"2021-08-12T22:35:47","slug":"rudnik-uglja-kreka-prekid-rada-za-111-radnika-nisu-iz-proizvodnog-procesa","status":"publish","type":"post","link":"https:\/\/radioljubuski.ba\/index.php\/2021\/08\/12\/rudnik-uglja-kreka-prekid-rada-za-111-radnika-nisu-iz-proizvodnog-procesa\/","title":{"rendered":"Rudnik uglja &#8216;Kreka&#8217;: Prekid rada za 111 radnika, nisu iz proizvodnog procesa"},"content":{"rendered":"\n<p>Zbog te\u0161ke ekonomske situacije, v.d. direktora Dru\u0161tva i prokurista Dru\u0161tva Rudnika uglja &#8220;Kreka&#8221; d.o.o. &#8211; Tuzla su danas donijeli Odluku o utvr\u0111ivanju liste radnika Dru\u0161tva koji se upu\u0107uju na prekid rada.<\/p>\n\n\n\n<p>Predmetnom Odlukom prekid rada je predvi\u0111en za 111 radnika koji trenutno nisu potrebni za neometan proces rada i poslovanja Dru\u0161tva.<\/p>\n\n\n\n<p>Iz Rudnika uglja &#8220;Kreka&#8221; d.o.o. &nbsp;Tuzla napominju da niti jedan radnik koji se upu\u0107uje na prekid rada nije iz proizvodnog procesa ovog Dru\u0161tva.<\/p>\n\n\n\n<p>Odluka je uslijedila nakon \u0161to je uzeto u obzir da je to Dru\u0161tvo u periodu I &#8211; VI 2021. godine poslovalo negativno u iznosu od 13 milijuna KM, te da se trenutno suo\u010dava s privremenim zastojem u proizvodnji koji posljedi\u010dno uzrokuje i pad prihoda, a zbog \u010dega se Dru\u0161tvo trenutno nalazi u veoma te\u0161koj ekonomskoj situaciji.<\/p>\n\n\n\n<p>Izvor:pogled.ba<\/p>\n","protected":false},"excerpt":{"rendered":"<p>Zbog te\u0161ke ekonomske situacije, v.d. direktora Dru\u0161tva i prokurista Dru\u0161tva Rudnika uglja &#8220;Kreka&#8221; d.o.o. &#8211; Tuzla su danas donijeli Odluku o utvr\u0111ivanju liste radnika Dru\u0161tva koji se upu\u0107uju na prekid rada. Predmetnom Odlukom prekid rada je predvi\u0111en za 111 radnika koji trenutno nisu potrebni za neometan proces rada i poslovanja Dru\u0161tva. Iz Rudnika uglja &#8220;Kreka&#8221; [&hellip;]<\/p>\n","protected":false},"author":2,"featured_media":52808,"comment_status":"closed","ping_status":"closed","sticky":false,"template":"","format":"standard","meta":{"h5ap_radio_sources":[],"footnotes":""},"categories":[1],"tags":[],"class_list":["post-52807","post","type-post","status-publish","format-standard","has-post-thumbnail","hentry","category-bihiregija"],"yoast_head":"<!-- This site is optimized with the Yoast SEO plugin v27.4 - https:\/\/yoast.com\/product\/yoast-seo-wordpress\/ -->\n<title>Rudnik uglja &#039;Kreka&#039;: Prekid rada za 111 radnika, nisu iz proizvodnog procesa - RADIO LJUBU\u0160KI<\/title>\n<meta name=\"robots\" content=\"index, follow, max-snippet:-1, max-image-preview:large, max-video-preview:-1\" \/>\n<link rel=\"canonical\" href=\"https:\/\/radioljubuski.ba\/index.php\/2021\/08\/12\/rudnik-uglja-kreka-prekid-rada-za-111-radnika-nisu-iz-proizvodnog-procesa\/\" \/>\n<meta property=\"og:locale\" content=\"hr_HR\" \/>\n<meta property=\"og:type\" content=\"article\" \/>\n<meta property=\"og:title\" content=\"Rudnik uglja &#039;Kreka&#039;: Prekid rada za 111 radnika, nisu iz proizvodnog procesa - RADIO LJUBU\u0160KI\" \/>\n<meta property=\"og:description\" content=\"Zbog te\u0161ke ekonomske situacije, v.d. direktora Dru\u0161tva i prokurista Dru\u0161tva Rudnika uglja &#8220;Kreka&#8221; d.o.o. &#8211; Tuzla su danas donijeli Odluku o utvr\u0111ivanju liste radnika Dru\u0161tva koji se upu\u0107uju na prekid rada. Predmetnom Odlukom prekid rada je predvi\u0111en za 111 radnika koji trenutno nisu potrebni za neometan proces rada i poslovanja Dru\u0161tva. Iz Rudnika uglja &#8220;Kreka&#8221; [&hellip;]\" \/>\n<meta property=\"og:url\" content=\"https:\/\/radioljubuski.ba\/index.php\/2021\/08\/12\/rudnik-uglja-kreka-prekid-rada-za-111-radnika-nisu-iz-proizvodnog-procesa\/\" \/>\n<meta property=\"og:site_name\" content=\"RADIO LJUBU\u0160KI\" \/>\n<meta property=\"article:publisher\" content=\"https:\/\/www.facebook.com\/Radiio-Ljubuski-1490835324566332\" \/>\n<meta property=\"article:published_time\" content=\"2021-08-12T22:35:46+00:00\" \/>\n<meta property=\"article:modified_time\" content=\"2021-08-12T22:35:47+00:00\" \/>\n<meta property=\"og:image\" content=\"https:\/\/radioljubuski.ba\/wp-content\/uploads\/2021\/08\/9-2021-08-12-16-35-19-rudnik.jpg\" \/>\n\t<meta property=\"og:image:width\" content=\"1000\" \/>\n\t<meta property=\"og:image:height\" content=\"625\" \/>\n\t<meta property=\"og:image:type\" content=\"image\/jpeg\" \/>\n<meta name=\"author\" content=\"Radio Ljubu\u0161ki\" \/>\n<meta name=\"twitter:card\" content=\"summary_large_image\" \/>\n<meta name=\"twitter:creator\" content=\"@radioljubuski\" \/>\n<meta name=\"twitter:site\" content=\"@radioljubuski\" \/>\n<meta name=\"twitter:label1\" content=\"Napisao\/la\" \/>\n\t<meta name=\"twitter:data1\" content=\"Radio Ljubu\u0161ki\" \/>\n\t<meta name=\"twitter:label2\" content=\"Procijenjeno vrijeme \u010ditanja\" \/>\n\t<meta name=\"twitter:data2\" content=\"1 minuta\" \/>\n<script type=\"application\/ld+json\" class=\"yoast-schema-graph\">{\"@context\":\"https:\\\/\\\/schema.org\",\"@graph\":[{\"@type\":\"Article\",\"@id\":\"https:\\\/\\\/radioljubuski.ba\\\/index.php\\\/2021\\\/08\\\/12\\\/rudnik-uglja-kreka-prekid-rada-za-111-radnika-nisu-iz-proizvodnog-procesa\\\/#article\",\"isPartOf\":{\"@id\":\"https:\\\/\\\/radioljubuski.ba\\\/index.php\\\/2021\\\/08\\\/12\\\/rudnik-uglja-kreka-prekid-rada-za-111-radnika-nisu-iz-proizvodnog-procesa\\\/\"},\"author\":{\"name\":\"Radio Ljubu\u0161ki\",\"@id\":\"https:\\\/\\\/radioljubuski.ba\\\/#\\\/schema\\\/person\\\/19fc700381a780f69665d7956c469e3b\"},\"headline\":\"Rudnik uglja &#8216;Kreka&#8217;: Prekid rada za 111 radnika, nisu iz proizvodnog procesa\",\"datePublished\":\"2021-08-12T22:35:46+00:00\",\"dateModified\":\"2021-08-12T22:35:47+00:00\",\"mainEntityOfPage\":{\"@id\":\"https:\\\/\\\/radioljubuski.ba\\\/index.php\\\/2021\\\/08\\\/12\\\/rudnik-uglja-kreka-prekid-rada-za-111-radnika-nisu-iz-proizvodnog-procesa\\\/\"},\"wordCount\":162,\"publisher\":{\"@id\":\"https:\\\/\\\/radioljubuski.ba\\\/#organization\"},\"image\":{\"@id\":\"https:\\\/\\\/radioljubuski.ba\\\/index.php\\\/2021\\\/08\\\/12\\\/rudnik-uglja-kreka-prekid-rada-za-111-radnika-nisu-iz-proizvodnog-procesa\\\/#primaryimage\"},\"thumbnailUrl\":\"https:\\\/\\\/radioljubuski.ba\\\/wp-content\\\/uploads\\\/2021\\\/08\\\/9-2021-08-12-16-35-19-rudnik.jpg\",\"articleSection\":[\"BIH i regija\"],\"inLanguage\":\"hr\"},{\"@type\":\"WebPage\",\"@id\":\"https:\\\/\\\/radioljubuski.ba\\\/index.php\\\/2021\\\/08\\\/12\\\/rudnik-uglja-kreka-prekid-rada-za-111-radnika-nisu-iz-proizvodnog-procesa\\\/\",\"url\":\"https:\\\/\\\/radioljubuski.ba\\\/index.php\\\/2021\\\/08\\\/12\\\/rudnik-uglja-kreka-prekid-rada-za-111-radnika-nisu-iz-proizvodnog-procesa\\\/\",\"name\":\"Rudnik uglja 'Kreka': Prekid rada za 111 radnika, nisu iz proizvodnog procesa - RADIO LJUBU\u0160KI\",\"isPartOf\":{\"@id\":\"https:\\\/\\\/radioljubuski.ba\\\/#website\"},\"primaryImageOfPage\":{\"@id\":\"https:\\\/\\\/radioljubuski.ba\\\/index.php\\\/2021\\\/08\\\/12\\\/rudnik-uglja-kreka-prekid-rada-za-111-radnika-nisu-iz-proizvodnog-procesa\\\/#primaryimage\"},\"image\":{\"@id\":\"https:\\\/\\\/radioljubuski.ba\\\/index.php\\\/2021\\\/08\\\/12\\\/rudnik-uglja-kreka-prekid-rada-za-111-radnika-nisu-iz-proizvodnog-procesa\\\/#primaryimage\"},\"thumbnailUrl\":\"https:\\\/\\\/radioljubuski.ba\\\/wp-content\\\/uploads\\\/2021\\\/08\\\/9-2021-08-12-16-35-19-rudnik.jpg\",\"datePublished\":\"2021-08-12T22:35:46+00:00\",\"dateModified\":\"2021-08-12T22:35:47+00:00\",\"breadcrumb\":{\"@id\":\"https:\\\/\\\/radioljubuski.ba\\\/index.php\\\/2021\\\/08\\\/12\\\/rudnik-uglja-kreka-prekid-rada-za-111-radnika-nisu-iz-proizvodnog-procesa\\\/#breadcrumb\"},\"inLanguage\":\"hr\",\"potentialAction\":[{\"@type\":\"ReadAction\",\"target\":[\"https:\\\/\\\/radioljubuski.ba\\\/index.php\\\/2021\\\/08\\\/12\\\/rudnik-uglja-kreka-prekid-rada-za-111-radnika-nisu-iz-proizvodnog-procesa\\\/\"]}]},{\"@type\":\"ImageObject\",\"inLanguage\":\"hr\",\"@id\":\"https:\\\/\\\/radioljubuski.ba\\\/index.php\\\/2021\\\/08\\\/12\\\/rudnik-uglja-kreka-prekid-rada-za-111-radnika-nisu-iz-proizvodnog-procesa\\\/#primaryimage\",\"url\":\"https:\\\/\\\/radioljubuski.ba\\\/wp-content\\\/uploads\\\/2021\\\/08\\\/9-2021-08-12-16-35-19-rudnik.jpg\",\"contentUrl\":\"https:\\\/\\\/radioljubuski.ba\\\/wp-content\\\/uploads\\\/2021\\\/08\\\/9-2021-08-12-16-35-19-rudnik.jpg\",\"width\":1000,\"height\":625},{\"@type\":\"BreadcrumbList\",\"@id\":\"https:\\\/\\\/radioljubuski.ba\\\/index.php\\\/2021\\\/08\\\/12\\\/rudnik-uglja-kreka-prekid-rada-za-111-radnika-nisu-iz-proizvodnog-procesa\\\/#breadcrumb\",\"itemListElement\":[{\"@type\":\"ListItem\",\"position\":1,\"name\":\"Po\u010detna stranica\",\"item\":\"https:\\\/\\\/radioljubuski.ba\\\/\"},{\"@type\":\"ListItem\",\"position\":2,\"name\":\"Rudnik uglja &#8216;Kreka&#8217;: Prekid rada za 111 radnika, nisu iz proizvodnog procesa\"}]},{\"@type\":\"WebSite\",\"@id\":\"https:\\\/\\\/radioljubuski.ba\\\/#website\",\"url\":\"https:\\\/\\\/radioljubuski.ba\\\/\",\"name\":\"Radio Ljubu\u0161ki\",\"description\":\"Sun\u010dana frekvencija Hercegovine\",\"publisher\":{\"@id\":\"https:\\\/\\\/radioljubuski.ba\\\/#organization\"},\"potentialAction\":[{\"@type\":\"SearchAction\",\"target\":{\"@type\":\"EntryPoint\",\"urlTemplate\":\"https:\\\/\\\/radioljubuski.ba\\\/?s={search_term_string}\"},\"query-input\":{\"@type\":\"PropertyValueSpecification\",\"valueRequired\":true,\"valueName\":\"search_term_string\"}}],\"inLanguage\":\"hr\"},{\"@type\":\"Organization\",\"@id\":\"https:\\\/\\\/radioljubuski.ba\\\/#organization\",\"name\":\"Radio Ljubu\u0161ki\",\"url\":\"https:\\\/\\\/radioljubuski.ba\\\/\",\"logo\":{\"@type\":\"ImageObject\",\"inLanguage\":\"hr\",\"@id\":\"https:\\\/\\\/radioljubuski.ba\\\/#\\\/schema\\\/logo\\\/image\\\/\",\"url\":\"https:\\\/\\\/radioljubuski.ba\\\/wp-content\\\/uploads\\\/2021\\\/02\\\/cropped-Radio_Ljubuski_logo1.jpg\",\"contentUrl\":\"https:\\\/\\\/radioljubuski.ba\\\/wp-content\\\/uploads\\\/2021\\\/02\\\/cropped-Radio_Ljubuski_logo1.jpg\",\"width\":512,\"height\":512,\"caption\":\"Radio Ljubu\u0161ki\"},\"image\":{\"@id\":\"https:\\\/\\\/radioljubuski.ba\\\/#\\\/schema\\\/logo\\\/image\\\/\"},\"sameAs\":[\"https:\\\/\\\/www.facebook.com\\\/Radiio-Ljubuski-1490835324566332\",\"https:\\\/\\\/x.com\\\/radioljubuski\",\"https:\\\/\\\/hr.linkedin.com\\\/company\\\/radio-ljubuski\",\"https:\\\/\\\/www.youtube.com\\\/channel\\\/UCHYaeO_n0Db3tjNGudGpXyw\"]},{\"@type\":\"Person\",\"@id\":\"https:\\\/\\\/radioljubuski.ba\\\/#\\\/schema\\\/person\\\/19fc700381a780f69665d7956c469e3b\",\"name\":\"Radio Ljubu\u0161ki\"}]}<\/script>\n<!-- \/ Yoast SEO plugin. -->","yoast_head_json":{"title":"Rudnik uglja 'Kreka': Prekid rada za 111 radnika, nisu iz proizvodnog procesa - RADIO LJUBU\u0160KI","robots":{"index":"index","follow":"follow","max-snippet":"max-snippet:-1","max-image-preview":"max-image-preview:large","max-video-preview":"max-video-preview:-1"},"canonical":"https:\/\/radioljubuski.ba\/index.php\/2021\/08\/12\/rudnik-uglja-kreka-prekid-rada-za-111-radnika-nisu-iz-proizvodnog-procesa\/","og_locale":"hr_HR","og_type":"article","og_title":"Rudnik uglja 'Kreka': Prekid rada za 111 radnika, nisu iz proizvodnog procesa - RADIO LJUBU\u0160KI","og_description":"Zbog te\u0161ke ekonomske situacije, v.d. direktora Dru\u0161tva i prokurista Dru\u0161tva Rudnika uglja &#8220;Kreka&#8221; d.o.o. &#8211; Tuzla su danas donijeli Odluku o utvr\u0111ivanju liste radnika Dru\u0161tva koji se upu\u0107uju na prekid rada. Predmetnom Odlukom prekid rada je predvi\u0111en za 111 radnika koji trenutno nisu potrebni za neometan proces rada i poslovanja Dru\u0161tva. Iz Rudnika uglja &#8220;Kreka&#8221; [&hellip;]","og_url":"https:\/\/radioljubuski.ba\/index.php\/2021\/08\/12\/rudnik-uglja-kreka-prekid-rada-za-111-radnika-nisu-iz-proizvodnog-procesa\/","og_site_name":"RADIO LJUBU\u0160KI","article_publisher":"https:\/\/www.facebook.com\/Radiio-Ljubuski-1490835324566332","article_published_time":"2021-08-12T22:35:46+00:00","article_modified_time":"2021-08-12T22:35:47+00:00","og_image":[{"width":1000,"height":625,"url":"https:\/\/radioljubuski.ba\/wp-content\/uploads\/2021\/08\/9-2021-08-12-16-35-19-rudnik.jpg","type":"image\/jpeg"}],"author":"Radio Ljubu\u0161ki","twitter_card":"summary_large_image","twitter_creator":"@radioljubuski","twitter_site":"@radioljubuski","twitter_misc":{"Napisao\/la":"Radio Ljubu\u0161ki","Procijenjeno vrijeme \u010ditanja":"1 minuta"},"schema":{"@context":"https:\/\/schema.org","@graph":[{"@type":"Article","@id":"https:\/\/radioljubuski.ba\/index.php\/2021\/08\/12\/rudnik-uglja-kreka-prekid-rada-za-111-radnika-nisu-iz-proizvodnog-procesa\/#article","isPartOf":{"@id":"https:\/\/radioljubuski.ba\/index.php\/2021\/08\/12\/rudnik-uglja-kreka-prekid-rada-za-111-radnika-nisu-iz-proizvodnog-procesa\/"},"author":{"name":"Radio Ljubu\u0161ki","@id":"https:\/\/radioljubuski.ba\/#\/schema\/person\/19fc700381a780f69665d7956c469e3b"},"headline":"Rudnik uglja &#8216;Kreka&#8217;: Prekid rada za 111 radnika, nisu iz proizvodnog procesa","datePublished":"2021-08-12T22:35:46+00:00","dateModified":"2021-08-12T22:35:47+00:00","mainEntityOfPage":{"@id":"https:\/\/radioljubuski.ba\/index.php\/2021\/08\/12\/rudnik-uglja-kreka-prekid-rada-za-111-radnika-nisu-iz-proizvodnog-procesa\/"},"wordCount":162,"publisher":{"@id":"https:\/\/radioljubuski.ba\/#organization"},"image":{"@id":"https:\/\/radioljubuski.ba\/index.php\/2021\/08\/12\/rudnik-uglja-kreka-prekid-rada-za-111-radnika-nisu-iz-proizvodnog-procesa\/#primaryimage"},"thumbnailUrl":"https:\/\/radioljubuski.ba\/wp-content\/uploads\/2021\/08\/9-2021-08-12-16-35-19-rudnik.jpg","articleSection":["BIH i regija"],"inLanguage":"hr"},{"@type":"WebPage","@id":"https:\/\/radioljubuski.ba\/index.php\/2021\/08\/12\/rudnik-uglja-kreka-prekid-rada-za-111-radnika-nisu-iz-proizvodnog-procesa\/","url":"https:\/\/radioljubuski.ba\/index.php\/2021\/08\/12\/rudnik-uglja-kreka-prekid-rada-za-111-radnika-nisu-iz-proizvodnog-procesa\/","name":"Rudnik uglja 'Kreka': Prekid rada za 111 radnika, nisu iz proizvodnog procesa - RADIO LJUBU\u0160KI","isPartOf":{"@id":"https:\/\/radioljubuski.ba\/#website"},"primaryImageOfPage":{"@id":"https:\/\/radioljubuski.ba\/index.php\/2021\/08\/12\/rudnik-uglja-kreka-prekid-rada-za-111-radnika-nisu-iz-proizvodnog-procesa\/#primaryimage"},"image":{"@id":"https:\/\/radioljubuski.ba\/index.php\/2021\/08\/12\/rudnik-uglja-kreka-prekid-rada-za-111-radnika-nisu-iz-proizvodnog-procesa\/#primaryimage"},"thumbnailUrl":"https:\/\/radioljubuski.ba\/wp-content\/uploads\/2021\/08\/9-2021-08-12-16-35-19-rudnik.jpg","datePublished":"2021-08-12T22:35:46+00:00","dateModified":"2021-08-12T22:35:47+00:00","breadcrumb":{"@id":"https:\/\/radioljubuski.ba\/index.php\/2021\/08\/12\/rudnik-uglja-kreka-prekid-rada-za-111-radnika-nisu-iz-proizvodnog-procesa\/#breadcrumb"},"inLanguage":"hr","potentialAction":[{"@type":"ReadAction","target":["https:\/\/radioljubuski.ba\/index.php\/2021\/08\/12\/rudnik-uglja-kreka-prekid-rada-za-111-radnika-nisu-iz-proizvodnog-procesa\/"]}]},{"@type":"ImageObject","inLanguage":"hr","@id":"https:\/\/radioljubuski.ba\/index.php\/2021\/08\/12\/rudnik-uglja-kreka-prekid-rada-za-111-radnika-nisu-iz-proizvodnog-procesa\/#primaryimage","url":"https:\/\/radioljubuski.ba\/wp-content\/uploads\/2021\/08\/9-2021-08-12-16-35-19-rudnik.jpg","contentUrl":"https:\/\/radioljubuski.ba\/wp-content\/uploads\/2021\/08\/9-2021-08-12-16-35-19-rudnik.jpg","width":1000,"height":625},{"@type":"BreadcrumbList","@id":"https:\/\/radioljubuski.ba\/index.php\/2021\/08\/12\/rudnik-uglja-kreka-prekid-rada-za-111-radnika-nisu-iz-proizvodnog-procesa\/#breadcrumb","itemListElement":[{"@type":"ListItem","position":1,"name":"Po\u010detna stranica","item":"https:\/\/radioljubuski.ba\/"},{"@type":"ListItem","position":2,"name":"Rudnik uglja &#8216;Kreka&#8217;: Prekid rada za 111 radnika, nisu iz proizvodnog procesa"}]},{"@type":"WebSite","@id":"https:\/\/radioljubuski.ba\/#website","url":"https:\/\/radioljubuski.ba\/","name":"Radio Ljubu\u0161ki","description":"Sun\u010dana frekvencija Hercegovine","publisher":{"@id":"https:\/\/radioljubuski.ba\/#organization"},"potentialAction":[{"@type":"SearchAction","target":{"@type":"EntryPoint","urlTemplate":"https:\/\/radioljubuski.ba\/?s={search_term_string}"},"query-input":{"@type":"PropertyValueSpecification","valueRequired":true,"valueName":"search_term_string"}}],"inLanguage":"hr"},{"@type":"Organization","@id":"https:\/\/radioljubuski.ba\/#organization","name":"Radio Ljubu\u0161ki","url":"https:\/\/radioljubuski.ba\/","logo":{"@type":"ImageObject","inLanguage":"hr","@id":"https:\/\/radioljubuski.ba\/#\/schema\/logo\/image\/","url":"https:\/\/radioljubuski.ba\/wp-content\/uploads\/2021\/02\/cropped-Radio_Ljubuski_logo1.jpg","contentUrl":"https:\/\/radioljubuski.ba\/wp-content\/uploads\/2021\/02\/cropped-Radio_Ljubuski_logo1.jpg","width":512,"height":512,"caption":"Radio Ljubu\u0161ki"},"image":{"@id":"https:\/\/radioljubuski.ba\/#\/schema\/logo\/image\/"},"sameAs":["https:\/\/www.facebook.com\/Radiio-Ljubuski-1490835324566332","https:\/\/x.com\/radioljubuski","https:\/\/hr.linkedin.com\/company\/radio-ljubuski","https:\/\/www.youtube.com\/channel\/UCHYaeO_n0Db3tjNGudGpXyw"]},{"@type":"Person","@id":"https:\/\/radioljubuski.ba\/#\/schema\/person\/19fc700381a780f69665d7956c469e3b","name":"Radio Ljubu\u0161ki"}]}},"_links":{"self":[{"href":"https:\/\/radioljubuski.ba\/index.php\/wp-json\/wp\/v2\/posts\/52807","targetHints":{"allow":["GET"]}}],"collection":[{"href":"https:\/\/radioljubuski.ba\/index.php\/wp-json\/wp\/v2\/posts"}],"about":[{"href":"https:\/\/radioljubuski.ba\/index.php\/wp-json\/wp\/v2\/types\/post"}],"author":[{"embeddable":true,"href":"https:\/\/radioljubuski.ba\/index.php\/wp-json\/wp\/v2\/users\/2"}],"replies":[{"embeddable":true,"href":"https:\/\/radioljubuski.ba\/index.php\/wp-json\/wp\/v2\/comments?post=52807"}],"version-history":[{"count":1,"href":"https:\/\/radioljubuski.ba\/index.php\/wp-json\/wp\/v2\/posts\/52807\/revisions"}],"predecessor-version":[{"id":52809,"href":"https:\/\/radioljubuski.ba\/index.php\/wp-json\/wp\/v2\/posts\/52807\/revisions\/52809"}],"wp:featuredmedia":[{"embeddable":true,"href":"https:\/\/radioljubuski.ba\/index.php\/wp-json\/wp\/v2\/media\/52808"}],"wp:attachment":[{"href":"https:\/\/radioljubuski.ba\/index.php\/wp-json\/wp\/v2\/media?parent=52807"}],"wp:term":[{"taxonomy":"category","embeddable":true,"href":"https:\/\/radioljubuski.ba\/index.php\/wp-json\/wp\/v2\/categories?post=52807"},{"taxonomy":"post_tag","embeddable":true,"href":"https:\/\/radioljubuski.ba\/index.php\/wp-json\/wp\/v2\/tags?post=52807"}],"curies":[{"name":"wp","href":"https:\/\/api.w.org\/{rel}","templated":true}]}}