{"id":52813,"date":"2021-08-12T23:39:50","date_gmt":"2021-08-12T22:39:50","guid":{"rendered":"https:\/\/radioljubuski.ba\/?p=52813"},"modified":"2021-08-14T11:02:45","modified_gmt":"2021-08-14T10:02:45","slug":"dr-juric-objasnila-razlog-skoka-zarazenih-u-ljubuskom-te-otkrila-kada-bi-zzh-mogla-uvesti-mjere","status":"publish","type":"post","link":"https:\/\/radioljubuski.ba\/index.php\/2021\/08\/12\/dr-juric-objasnila-razlog-skoka-zarazenih-u-ljubuskom-te-otkrila-kada-bi-zzh-mogla-uvesti-mjere\/","title":{"rendered":"Dr. Juri\u0107 objasnila razlog skoka zara\u017eenih u Ljubu\u0161kom te otkrila kada bi \u017dZH mogla uvesti mjere"},"content":{"rendered":"\n<h5 class=\"wp-block-heading\">\u017dupanija Zapadnohercegova\u010dka nalazi se na po\u010detku \u010detvrtog vala koronavirusa, a izgleda da je za sada Ljubu\u0161ki daleko najpogo\u0111eniji grad.<\/h5>\n\n\n\n<p>Od&nbsp;<strong>58<\/strong>&nbsp;aktivnih slu\u010dajeva u \u017dZH,&nbsp;<strong>35<\/strong>&nbsp;ih je u Ljubu\u0161kom, a samo ih je 11 registrirano u protekla 24 sata.<\/p>\n\n\n\n<figure class=\"wp-block-embed is-type-wp-embed is-provider-radio-ljubuski wp-block-embed-radio-ljubuski\"><div class=\"wp-block-embed__wrapper\">\n<blockquote class=\"wp-embedded-content\" data-secret=\"grBpB1Qtci\"><a href=\"https:\/\/radioljubuski.ba\/index.php\/2021\/08\/12\/raste-broj-zarazenih-u-ljubuskom-trenutno-35-aktivnih-slucajeva\/\">Raste broj zara\u017eenih u Ljubu\u0161kom: Trenutno 35 aktivnih slu\u010dajeva<\/a><\/blockquote><iframe loading=\"lazy\" class=\"wp-embedded-content\" sandbox=\"allow-scripts\" security=\"restricted\" style=\"position: absolute; clip: rect(1px, 1px, 1px, 1px);\" title=\"&#8220;Raste broj zara\u017eenih u Ljubu\u0161kom: Trenutno 35 aktivnih slu\u010dajeva&#8221; &#8212;   RADIO LJUBU\u0160KI\" src=\"https:\/\/radioljubuski.ba\/index.php\/2021\/08\/12\/raste-broj-zarazenih-u-ljubuskom-trenutno-35-aktivnih-slucajeva\/embed\/#?secret=MDCTDzS6IY#?secret=grBpB1Qtci\" data-secret=\"grBpB1Qtci\" width=\"600\" height=\"338\" frameborder=\"0\" marginwidth=\"0\" marginheight=\"0\" scrolling=\"no\"><\/iframe>\n<\/div><\/figure>\n\n\n\n<p>Za\u0161to je situacija u Ljubu\u0161kom ovakva i ho\u0107e li i kada \u017dZH&nbsp;<strong>uvoditi prve mjere<\/strong>, pitali smo ravnateljicu Zavoda za javno zdravstvo&nbsp;<strong>dr. Andreu Juri\u0107<\/strong>.<\/p>\n\n\n\n<p><em>Ljubu\u0161ki prednja\u010di u broju aktivnih slu\u010dajeva iz razloga \u0161to je&nbsp;<\/em><strong><em>u pro\u0161lim valovima bio puno manje zahva\u0107en<\/em><\/strong><em>. Veliki broj stanovni\u0161tva nema stvoren imunitet od koronavirusa.&nbsp;<\/em><strong><em>O\u010dekujemo i jo\u0161 ve\u0107i skok u Ljubu\u0161kom<\/em><\/strong><em>&nbsp;kao i u ostalim mjestima u \u017dZH koje su valovi zaobi\u0161li. Jer u prethodnim valovima imali smo neka sela koja su bila jako zahva\u0107ena koronavirusom dok su neka ostala prakti\u010dki netaknuta<\/em>, objasnila je za portal&nbsp;<strong>Jabuka.tv<\/strong>&nbsp;dr. Juri\u0107.<\/p>\n\n\n\n<p>\u017dZH jo\u0161 ne\u0107e uvoditi mjere, no kada i ako do\u0111e vrijeme za to, ravnateljica nam je otkrila<strong>&nbsp;koji \u0107e biti prvi koraci<\/strong>.<\/p>\n\n\n\n<p><em>Definitivno \u0107emo razmatrati mjere, ali kada za to do\u0111e vrijeme. Kada brojevi budu dosta vi\u0161i od ovih trenutno, razmatrat \u0107emo&nbsp;<\/em><strong><em>zabranu velikih skupova<\/em><\/strong><em>&nbsp;te eventualno&nbsp;<\/em><strong><em>uvo\u0111enje policijskog sata<\/em><\/strong><em>&nbsp;i to kada u SKB Mostar do\u0111e do preoptere\u0107enja sustava<\/em>, izjavila je za portal&nbsp;<strong>Jabuka.tv<\/strong>&nbsp;ravnateljica ZJZ \u017dZH dr. Juri\u0107 dodaju\u0107i da \u0107e bla\u017eim oblicima mjera nastojati ne djelovati na komfor i odvijanje normalnog \u017eivota i poslovanja.<\/p>\n\n\n\n<p>Istaknula je da podupire odr\u017eavanje nastave u klasi\u010dnom obliku te se nada da \u0107e<strong>&nbsp;\u0161kolska godina po\u010deti uredno<\/strong>.<\/p>\n\n\n\n<p>Jo\u0161 je jednom pozvala stanovni\u0161tvo \u017dupanije Zapadnohercegova\u010dke&nbsp;<strong>da se cijepi<\/strong>.<\/p>\n\n\n\n<p><em>Inzistiramo na cijepljenju. Pozivamo sve da&nbsp;<\/em><strong><em>bez najave<\/em><\/strong><em>&nbsp;do\u0111u u prostorije Zavoda za javno zdravstvo \u017dZH u Grudama svakim radnim danom&nbsp;<\/em><strong><em>od 8:00 do 15:00 sati<\/em><\/strong><em>&nbsp;kako bi se cijepili. Svi koji budu cijepljeni dobit \u0107e iskaznicu o cijepljenju, a uskoro \u0107e svi dobiti i&nbsp;<\/em><strong><em>QR kod<\/em><\/strong><em>&nbsp;kako bi prelazak granice bio jo\u0161 lak\u0161i<\/em>, zaklju\u010dila je dr. Juri\u0107 u telefonskom razgovoru za portal&nbsp;<strong>Jabuka.tv<\/strong>.<\/p>\n\n\n\n<p>Podsje\u0107amo, u protekla 24 sata na podru\u010dju \u017dZH registrirano je&nbsp;<strong>14 novih slu\u010dajeva koronavirusa<\/strong>, a oporavilo su se \u010detiri osobe.<\/p>\n\n\n\n<p><strong>(www.jabuka.tv)<\/strong><\/p>\n","protected":false},"excerpt":{"rendered":"<p>\u017dupanija Zapadnohercegova\u010dka nalazi se na po\u010detku \u010detvrtog vala koronavirusa, a izgleda da je za sada Ljubu\u0161ki daleko najpogo\u0111eniji grad. Od&nbsp;58&nbsp;aktivnih slu\u010dajeva u \u017dZH,&nbsp;35&nbsp;ih je u Ljubu\u0161kom, a samo ih je 11 registrirano u protekla 24 sata. Za\u0161to je situacija u Ljubu\u0161kom ovakva i ho\u0107e li i kada \u017dZH&nbsp;uvoditi prve mjere, pitali smo ravnateljicu Zavoda za [&hellip;]<\/p>\n","protected":false},"author":2,"featured_media":2478,"comment_status":"closed","ping_status":"closed","sticky":false,"template":"","format":"standard","meta":{"h5ap_radio_sources":[],"footnotes":""},"categories":[1],"tags":[],"class_list":["post-52813","post","type-post","status-publish","format-standard","has-post-thumbnail","hentry","category-bihiregija"],"yoast_head":"<!-- This site is optimized with the Yoast SEO plugin v27.4 - https:\/\/yoast.com\/product\/yoast-seo-wordpress\/ -->\n<title>Dr. Juri\u0107 objasnila razlog skoka zara\u017eenih u Ljubu\u0161kom te otkrila kada bi \u017dZH mogla uvesti mjere - RADIO LJUBU\u0160KI<\/title>\n<meta name=\"robots\" content=\"index, follow, max-snippet:-1, max-image-preview:large, max-video-preview:-1\" \/>\n<link rel=\"canonical\" href=\"https:\/\/radioljubuski.ba\/index.php\/2021\/08\/12\/dr-juric-objasnila-razlog-skoka-zarazenih-u-ljubuskom-te-otkrila-kada-bi-zzh-mogla-uvesti-mjere\/\" \/>\n<meta property=\"og:locale\" content=\"hr_HR\" \/>\n<meta property=\"og:type\" content=\"article\" \/>\n<meta property=\"og:title\" content=\"Dr. Juri\u0107 objasnila razlog skoka zara\u017eenih u Ljubu\u0161kom te otkrila kada bi \u017dZH mogla uvesti mjere - RADIO LJUBU\u0160KI\" \/>\n<meta property=\"og:description\" content=\"\u017dupanija Zapadnohercegova\u010dka nalazi se na po\u010detku \u010detvrtog vala koronavirusa, a izgleda da je za sada Ljubu\u0161ki daleko najpogo\u0111eniji grad. Od&nbsp;58&nbsp;aktivnih slu\u010dajeva u \u017dZH,&nbsp;35&nbsp;ih je u Ljubu\u0161kom, a samo ih je 11 registrirano u protekla 24 sata. Za\u0161to je situacija u Ljubu\u0161kom ovakva i ho\u0107e li i kada \u017dZH&nbsp;uvoditi prve mjere, pitali smo ravnateljicu Zavoda za [&hellip;]\" \/>\n<meta property=\"og:url\" content=\"https:\/\/radioljubuski.ba\/index.php\/2021\/08\/12\/dr-juric-objasnila-razlog-skoka-zarazenih-u-ljubuskom-te-otkrila-kada-bi-zzh-mogla-uvesti-mjere\/\" \/>\n<meta property=\"og:site_name\" content=\"RADIO LJUBU\u0160KI\" \/>\n<meta property=\"article:publisher\" content=\"https:\/\/www.facebook.com\/Radiio-Ljubuski-1490835324566332\" \/>\n<meta property=\"article:published_time\" content=\"2021-08-12T22:39:50+00:00\" \/>\n<meta property=\"article:modified_time\" content=\"2021-08-14T10:02:45+00:00\" \/>\n<meta property=\"og:image\" content=\"https:\/\/radioljubuski.ba\/wp-content\/uploads\/2021\/03\/andrea-juric.jpg\" \/>\n\t<meta property=\"og:image:width\" content=\"810\" \/>\n\t<meta property=\"og:image:height\" content=\"544\" \/>\n\t<meta property=\"og:image:type\" content=\"image\/jpeg\" \/>\n<meta name=\"author\" content=\"Radio Ljubu\u0161ki\" \/>\n<meta name=\"twitter:card\" content=\"summary_large_image\" \/>\n<meta name=\"twitter:creator\" content=\"@radioljubuski\" \/>\n<meta name=\"twitter:site\" content=\"@radioljubuski\" \/>\n<meta name=\"twitter:label1\" content=\"Napisao\/la\" \/>\n\t<meta name=\"twitter:data1\" content=\"Radio Ljubu\u0161ki\" \/>\n\t<meta name=\"twitter:label2\" content=\"Procijenjeno vrijeme \u010ditanja\" \/>\n\t<meta name=\"twitter:data2\" content=\"2 minute\" \/>\n<script type=\"application\/ld+json\" class=\"yoast-schema-graph\">{\"@context\":\"https:\\\/\\\/schema.org\",\"@graph\":[{\"@type\":\"Article\",\"@id\":\"https:\\\/\\\/radioljubuski.ba\\\/index.php\\\/2021\\\/08\\\/12\\\/dr-juric-objasnila-razlog-skoka-zarazenih-u-ljubuskom-te-otkrila-kada-bi-zzh-mogla-uvesti-mjere\\\/#article\",\"isPartOf\":{\"@id\":\"https:\\\/\\\/radioljubuski.ba\\\/index.php\\\/2021\\\/08\\\/12\\\/dr-juric-objasnila-razlog-skoka-zarazenih-u-ljubuskom-te-otkrila-kada-bi-zzh-mogla-uvesti-mjere\\\/\"},\"author\":{\"name\":\"Radio Ljubu\u0161ki\",\"@id\":\"https:\\\/\\\/radioljubuski.ba\\\/#\\\/schema\\\/person\\\/19fc700381a780f69665d7956c469e3b\"},\"headline\":\"Dr. Juri\u0107 objasnila razlog skoka zara\u017eenih u Ljubu\u0161kom te otkrila kada bi \u017dZH mogla uvesti mjere\",\"datePublished\":\"2021-08-12T22:39:50+00:00\",\"dateModified\":\"2021-08-14T10:02:45+00:00\",\"mainEntityOfPage\":{\"@id\":\"https:\\\/\\\/radioljubuski.ba\\\/index.php\\\/2021\\\/08\\\/12\\\/dr-juric-objasnila-razlog-skoka-zarazenih-u-ljubuskom-te-otkrila-kada-bi-zzh-mogla-uvesti-mjere\\\/\"},\"wordCount\":426,\"publisher\":{\"@id\":\"https:\\\/\\\/radioljubuski.ba\\\/#organization\"},\"image\":{\"@id\":\"https:\\\/\\\/radioljubuski.ba\\\/index.php\\\/2021\\\/08\\\/12\\\/dr-juric-objasnila-razlog-skoka-zarazenih-u-ljubuskom-te-otkrila-kada-bi-zzh-mogla-uvesti-mjere\\\/#primaryimage\"},\"thumbnailUrl\":\"https:\\\/\\\/radioljubuski.ba\\\/wp-content\\\/uploads\\\/2021\\\/03\\\/andrea-juric.jpg\",\"articleSection\":[\"BIH i regija\"],\"inLanguage\":\"hr\"},{\"@type\":\"WebPage\",\"@id\":\"https:\\\/\\\/radioljubuski.ba\\\/index.php\\\/2021\\\/08\\\/12\\\/dr-juric-objasnila-razlog-skoka-zarazenih-u-ljubuskom-te-otkrila-kada-bi-zzh-mogla-uvesti-mjere\\\/\",\"url\":\"https:\\\/\\\/radioljubuski.ba\\\/index.php\\\/2021\\\/08\\\/12\\\/dr-juric-objasnila-razlog-skoka-zarazenih-u-ljubuskom-te-otkrila-kada-bi-zzh-mogla-uvesti-mjere\\\/\",\"name\":\"Dr. Juri\u0107 objasnila razlog skoka zara\u017eenih u Ljubu\u0161kom te otkrila kada bi \u017dZH mogla uvesti mjere - RADIO LJUBU\u0160KI\",\"isPartOf\":{\"@id\":\"https:\\\/\\\/radioljubuski.ba\\\/#website\"},\"primaryImageOfPage\":{\"@id\":\"https:\\\/\\\/radioljubuski.ba\\\/index.php\\\/2021\\\/08\\\/12\\\/dr-juric-objasnila-razlog-skoka-zarazenih-u-ljubuskom-te-otkrila-kada-bi-zzh-mogla-uvesti-mjere\\\/#primaryimage\"},\"image\":{\"@id\":\"https:\\\/\\\/radioljubuski.ba\\\/index.php\\\/2021\\\/08\\\/12\\\/dr-juric-objasnila-razlog-skoka-zarazenih-u-ljubuskom-te-otkrila-kada-bi-zzh-mogla-uvesti-mjere\\\/#primaryimage\"},\"thumbnailUrl\":\"https:\\\/\\\/radioljubuski.ba\\\/wp-content\\\/uploads\\\/2021\\\/03\\\/andrea-juric.jpg\",\"datePublished\":\"2021-08-12T22:39:50+00:00\",\"dateModified\":\"2021-08-14T10:02:45+00:00\",\"breadcrumb\":{\"@id\":\"https:\\\/\\\/radioljubuski.ba\\\/index.php\\\/2021\\\/08\\\/12\\\/dr-juric-objasnila-razlog-skoka-zarazenih-u-ljubuskom-te-otkrila-kada-bi-zzh-mogla-uvesti-mjere\\\/#breadcrumb\"},\"inLanguage\":\"hr\",\"potentialAction\":[{\"@type\":\"ReadAction\",\"target\":[\"https:\\\/\\\/radioljubuski.ba\\\/index.php\\\/2021\\\/08\\\/12\\\/dr-juric-objasnila-razlog-skoka-zarazenih-u-ljubuskom-te-otkrila-kada-bi-zzh-mogla-uvesti-mjere\\\/\"]}]},{\"@type\":\"ImageObject\",\"inLanguage\":\"hr\",\"@id\":\"https:\\\/\\\/radioljubuski.ba\\\/index.php\\\/2021\\\/08\\\/12\\\/dr-juric-objasnila-razlog-skoka-zarazenih-u-ljubuskom-te-otkrila-kada-bi-zzh-mogla-uvesti-mjere\\\/#primaryimage\",\"url\":\"https:\\\/\\\/radioljubuski.ba\\\/wp-content\\\/uploads\\\/2021\\\/03\\\/andrea-juric.jpg\",\"contentUrl\":\"https:\\\/\\\/radioljubuski.ba\\\/wp-content\\\/uploads\\\/2021\\\/03\\\/andrea-juric.jpg\",\"width\":810,\"height\":544},{\"@type\":\"BreadcrumbList\",\"@id\":\"https:\\\/\\\/radioljubuski.ba\\\/index.php\\\/2021\\\/08\\\/12\\\/dr-juric-objasnila-razlog-skoka-zarazenih-u-ljubuskom-te-otkrila-kada-bi-zzh-mogla-uvesti-mjere\\\/#breadcrumb\",\"itemListElement\":[{\"@type\":\"ListItem\",\"position\":1,\"name\":\"Po\u010detna stranica\",\"item\":\"https:\\\/\\\/radioljubuski.ba\\\/\"},{\"@type\":\"ListItem\",\"position\":2,\"name\":\"Dr. Juri\u0107 objasnila razlog skoka zara\u017eenih u Ljubu\u0161kom te otkrila kada bi \u017dZH mogla uvesti mjere\"}]},{\"@type\":\"WebSite\",\"@id\":\"https:\\\/\\\/radioljubuski.ba\\\/#website\",\"url\":\"https:\\\/\\\/radioljubuski.ba\\\/\",\"name\":\"Radio Ljubu\u0161ki\",\"description\":\"Sun\u010dana frekvencija Hercegovine\",\"publisher\":{\"@id\":\"https:\\\/\\\/radioljubuski.ba\\\/#organization\"},\"potentialAction\":[{\"@type\":\"SearchAction\",\"target\":{\"@type\":\"EntryPoint\",\"urlTemplate\":\"https:\\\/\\\/radioljubuski.ba\\\/?s={search_term_string}\"},\"query-input\":{\"@type\":\"PropertyValueSpecification\",\"valueRequired\":true,\"valueName\":\"search_term_string\"}}],\"inLanguage\":\"hr\"},{\"@type\":\"Organization\",\"@id\":\"https:\\\/\\\/radioljubuski.ba\\\/#organization\",\"name\":\"Radio Ljubu\u0161ki\",\"url\":\"https:\\\/\\\/radioljubuski.ba\\\/\",\"logo\":{\"@type\":\"ImageObject\",\"inLanguage\":\"hr\",\"@id\":\"https:\\\/\\\/radioljubuski.ba\\\/#\\\/schema\\\/logo\\\/image\\\/\",\"url\":\"https:\\\/\\\/radioljubuski.ba\\\/wp-content\\\/uploads\\\/2021\\\/02\\\/cropped-Radio_Ljubuski_logo1.jpg\",\"contentUrl\":\"https:\\\/\\\/radioljubuski.ba\\\/wp-content\\\/uploads\\\/2021\\\/02\\\/cropped-Radio_Ljubuski_logo1.jpg\",\"width\":512,\"height\":512,\"caption\":\"Radio Ljubu\u0161ki\"},\"image\":{\"@id\":\"https:\\\/\\\/radioljubuski.ba\\\/#\\\/schema\\\/logo\\\/image\\\/\"},\"sameAs\":[\"https:\\\/\\\/www.facebook.com\\\/Radiio-Ljubuski-1490835324566332\",\"https:\\\/\\\/x.com\\\/radioljubuski\",\"https:\\\/\\\/hr.linkedin.com\\\/company\\\/radio-ljubuski\",\"https:\\\/\\\/www.youtube.com\\\/channel\\\/UCHYaeO_n0Db3tjNGudGpXyw\"]},{\"@type\":\"Person\",\"@id\":\"https:\\\/\\\/radioljubuski.ba\\\/#\\\/schema\\\/person\\\/19fc700381a780f69665d7956c469e3b\",\"name\":\"Radio Ljubu\u0161ki\"}]}<\/script>\n<!-- \/ Yoast SEO plugin. -->","yoast_head_json":{"title":"Dr. Juri\u0107 objasnila razlog skoka zara\u017eenih u Ljubu\u0161kom te otkrila kada bi \u017dZH mogla uvesti mjere - RADIO LJUBU\u0160KI","robots":{"index":"index","follow":"follow","max-snippet":"max-snippet:-1","max-image-preview":"max-image-preview:large","max-video-preview":"max-video-preview:-1"},"canonical":"https:\/\/radioljubuski.ba\/index.php\/2021\/08\/12\/dr-juric-objasnila-razlog-skoka-zarazenih-u-ljubuskom-te-otkrila-kada-bi-zzh-mogla-uvesti-mjere\/","og_locale":"hr_HR","og_type":"article","og_title":"Dr. Juri\u0107 objasnila razlog skoka zara\u017eenih u Ljubu\u0161kom te otkrila kada bi \u017dZH mogla uvesti mjere - RADIO LJUBU\u0160KI","og_description":"\u017dupanija Zapadnohercegova\u010dka nalazi se na po\u010detku \u010detvrtog vala koronavirusa, a izgleda da je za sada Ljubu\u0161ki daleko najpogo\u0111eniji grad. Od&nbsp;58&nbsp;aktivnih slu\u010dajeva u \u017dZH,&nbsp;35&nbsp;ih je u Ljubu\u0161kom, a samo ih je 11 registrirano u protekla 24 sata. Za\u0161to je situacija u Ljubu\u0161kom ovakva i ho\u0107e li i kada \u017dZH&nbsp;uvoditi prve mjere, pitali smo ravnateljicu Zavoda za [&hellip;]","og_url":"https:\/\/radioljubuski.ba\/index.php\/2021\/08\/12\/dr-juric-objasnila-razlog-skoka-zarazenih-u-ljubuskom-te-otkrila-kada-bi-zzh-mogla-uvesti-mjere\/","og_site_name":"RADIO LJUBU\u0160KI","article_publisher":"https:\/\/www.facebook.com\/Radiio-Ljubuski-1490835324566332","article_published_time":"2021-08-12T22:39:50+00:00","article_modified_time":"2021-08-14T10:02:45+00:00","og_image":[{"width":810,"height":544,"url":"https:\/\/radioljubuski.ba\/wp-content\/uploads\/2021\/03\/andrea-juric.jpg","type":"image\/jpeg"}],"author":"Radio Ljubu\u0161ki","twitter_card":"summary_large_image","twitter_creator":"@radioljubuski","twitter_site":"@radioljubuski","twitter_misc":{"Napisao\/la":"Radio Ljubu\u0161ki","Procijenjeno vrijeme \u010ditanja":"2 minute"},"schema":{"@context":"https:\/\/schema.org","@graph":[{"@type":"Article","@id":"https:\/\/radioljubuski.ba\/index.php\/2021\/08\/12\/dr-juric-objasnila-razlog-skoka-zarazenih-u-ljubuskom-te-otkrila-kada-bi-zzh-mogla-uvesti-mjere\/#article","isPartOf":{"@id":"https:\/\/radioljubuski.ba\/index.php\/2021\/08\/12\/dr-juric-objasnila-razlog-skoka-zarazenih-u-ljubuskom-te-otkrila-kada-bi-zzh-mogla-uvesti-mjere\/"},"author":{"name":"Radio Ljubu\u0161ki","@id":"https:\/\/radioljubuski.ba\/#\/schema\/person\/19fc700381a780f69665d7956c469e3b"},"headline":"Dr. Juri\u0107 objasnila razlog skoka zara\u017eenih u Ljubu\u0161kom te otkrila kada bi \u017dZH mogla uvesti mjere","datePublished":"2021-08-12T22:39:50+00:00","dateModified":"2021-08-14T10:02:45+00:00","mainEntityOfPage":{"@id":"https:\/\/radioljubuski.ba\/index.php\/2021\/08\/12\/dr-juric-objasnila-razlog-skoka-zarazenih-u-ljubuskom-te-otkrila-kada-bi-zzh-mogla-uvesti-mjere\/"},"wordCount":426,"publisher":{"@id":"https:\/\/radioljubuski.ba\/#organization"},"image":{"@id":"https:\/\/radioljubuski.ba\/index.php\/2021\/08\/12\/dr-juric-objasnila-razlog-skoka-zarazenih-u-ljubuskom-te-otkrila-kada-bi-zzh-mogla-uvesti-mjere\/#primaryimage"},"thumbnailUrl":"https:\/\/radioljubuski.ba\/wp-content\/uploads\/2021\/03\/andrea-juric.jpg","articleSection":["BIH i regija"],"inLanguage":"hr"},{"@type":"WebPage","@id":"https:\/\/radioljubuski.ba\/index.php\/2021\/08\/12\/dr-juric-objasnila-razlog-skoka-zarazenih-u-ljubuskom-te-otkrila-kada-bi-zzh-mogla-uvesti-mjere\/","url":"https:\/\/radioljubuski.ba\/index.php\/2021\/08\/12\/dr-juric-objasnila-razlog-skoka-zarazenih-u-ljubuskom-te-otkrila-kada-bi-zzh-mogla-uvesti-mjere\/","name":"Dr. Juri\u0107 objasnila razlog skoka zara\u017eenih u Ljubu\u0161kom te otkrila kada bi \u017dZH mogla uvesti mjere - RADIO LJUBU\u0160KI","isPartOf":{"@id":"https:\/\/radioljubuski.ba\/#website"},"primaryImageOfPage":{"@id":"https:\/\/radioljubuski.ba\/index.php\/2021\/08\/12\/dr-juric-objasnila-razlog-skoka-zarazenih-u-ljubuskom-te-otkrila-kada-bi-zzh-mogla-uvesti-mjere\/#primaryimage"},"image":{"@id":"https:\/\/radioljubuski.ba\/index.php\/2021\/08\/12\/dr-juric-objasnila-razlog-skoka-zarazenih-u-ljubuskom-te-otkrila-kada-bi-zzh-mogla-uvesti-mjere\/#primaryimage"},"thumbnailUrl":"https:\/\/radioljubuski.ba\/wp-content\/uploads\/2021\/03\/andrea-juric.jpg","datePublished":"2021-08-12T22:39:50+00:00","dateModified":"2021-08-14T10:02:45+00:00","breadcrumb":{"@id":"https:\/\/radioljubuski.ba\/index.php\/2021\/08\/12\/dr-juric-objasnila-razlog-skoka-zarazenih-u-ljubuskom-te-otkrila-kada-bi-zzh-mogla-uvesti-mjere\/#breadcrumb"},"inLanguage":"hr","potentialAction":[{"@type":"ReadAction","target":["https:\/\/radioljubuski.ba\/index.php\/2021\/08\/12\/dr-juric-objasnila-razlog-skoka-zarazenih-u-ljubuskom-te-otkrila-kada-bi-zzh-mogla-uvesti-mjere\/"]}]},{"@type":"ImageObject","inLanguage":"hr","@id":"https:\/\/radioljubuski.ba\/index.php\/2021\/08\/12\/dr-juric-objasnila-razlog-skoka-zarazenih-u-ljubuskom-te-otkrila-kada-bi-zzh-mogla-uvesti-mjere\/#primaryimage","url":"https:\/\/radioljubuski.ba\/wp-content\/uploads\/2021\/03\/andrea-juric.jpg","contentUrl":"https:\/\/radioljubuski.ba\/wp-content\/uploads\/2021\/03\/andrea-juric.jpg","width":810,"height":544},{"@type":"BreadcrumbList","@id":"https:\/\/radioljubuski.ba\/index.php\/2021\/08\/12\/dr-juric-objasnila-razlog-skoka-zarazenih-u-ljubuskom-te-otkrila-kada-bi-zzh-mogla-uvesti-mjere\/#breadcrumb","itemListElement":[{"@type":"ListItem","position":1,"name":"Po\u010detna stranica","item":"https:\/\/radioljubuski.ba\/"},{"@type":"ListItem","position":2,"name":"Dr. Juri\u0107 objasnila razlog skoka zara\u017eenih u Ljubu\u0161kom te otkrila kada bi \u017dZH mogla uvesti mjere"}]},{"@type":"WebSite","@id":"https:\/\/radioljubuski.ba\/#website","url":"https:\/\/radioljubuski.ba\/","name":"Radio Ljubu\u0161ki","description":"Sun\u010dana frekvencija Hercegovine","publisher":{"@id":"https:\/\/radioljubuski.ba\/#organization"},"potentialAction":[{"@type":"SearchAction","target":{"@type":"EntryPoint","urlTemplate":"https:\/\/radioljubuski.ba\/?s={search_term_string}"},"query-input":{"@type":"PropertyValueSpecification","valueRequired":true,"valueName":"search_term_string"}}],"inLanguage":"hr"},{"@type":"Organization","@id":"https:\/\/radioljubuski.ba\/#organization","name":"Radio Ljubu\u0161ki","url":"https:\/\/radioljubuski.ba\/","logo":{"@type":"ImageObject","inLanguage":"hr","@id":"https:\/\/radioljubuski.ba\/#\/schema\/logo\/image\/","url":"https:\/\/radioljubuski.ba\/wp-content\/uploads\/2021\/02\/cropped-Radio_Ljubuski_logo1.jpg","contentUrl":"https:\/\/radioljubuski.ba\/wp-content\/uploads\/2021\/02\/cropped-Radio_Ljubuski_logo1.jpg","width":512,"height":512,"caption":"Radio Ljubu\u0161ki"},"image":{"@id":"https:\/\/radioljubuski.ba\/#\/schema\/logo\/image\/"},"sameAs":["https:\/\/www.facebook.com\/Radiio-Ljubuski-1490835324566332","https:\/\/x.com\/radioljubuski","https:\/\/hr.linkedin.com\/company\/radio-ljubuski","https:\/\/www.youtube.com\/channel\/UCHYaeO_n0Db3tjNGudGpXyw"]},{"@type":"Person","@id":"https:\/\/radioljubuski.ba\/#\/schema\/person\/19fc700381a780f69665d7956c469e3b","name":"Radio Ljubu\u0161ki"}]}},"_links":{"self":[{"href":"https:\/\/radioljubuski.ba\/index.php\/wp-json\/wp\/v2\/posts\/52813","targetHints":{"allow":["GET"]}}],"collection":[{"href":"https:\/\/radioljubuski.ba\/index.php\/wp-json\/wp\/v2\/posts"}],"about":[{"href":"https:\/\/radioljubuski.ba\/index.php\/wp-json\/wp\/v2\/types\/post"}],"author":[{"embeddable":true,"href":"https:\/\/radioljubuski.ba\/index.php\/wp-json\/wp\/v2\/users\/2"}],"replies":[{"embeddable":true,"href":"https:\/\/radioljubuski.ba\/index.php\/wp-json\/wp\/v2\/comments?post=52813"}],"version-history":[{"count":2,"href":"https:\/\/radioljubuski.ba\/index.php\/wp-json\/wp\/v2\/posts\/52813\/revisions"}],"predecessor-version":[{"id":53334,"href":"https:\/\/radioljubuski.ba\/index.php\/wp-json\/wp\/v2\/posts\/52813\/revisions\/53334"}],"wp:featuredmedia":[{"embeddable":true,"href":"https:\/\/radioljubuski.ba\/index.php\/wp-json\/wp\/v2\/media\/2478"}],"wp:attachment":[{"href":"https:\/\/radioljubuski.ba\/index.php\/wp-json\/wp\/v2\/media?parent=52813"}],"wp:term":[{"taxonomy":"category","embeddable":true,"href":"https:\/\/radioljubuski.ba\/index.php\/wp-json\/wp\/v2\/categories?post=52813"},{"taxonomy":"post_tag","embeddable":true,"href":"https:\/\/radioljubuski.ba\/index.php\/wp-json\/wp\/v2\/tags?post=52813"}],"curies":[{"name":"wp","href":"https:\/\/api.w.org\/{rel}","templated":true}]}}