{"id":52874,"date":"2021-08-13T01:00:18","date_gmt":"2021-08-13T00:00:18","guid":{"rendered":"https:\/\/radioljubuski.ba\/?p=52874"},"modified":"2021-08-13T01:00:18","modified_gmt":"2021-08-13T00:00:18","slug":"pripuzova-tvrtka-nudi-tomasevicu-odvoz-bez-ikakve-naknade","status":"publish","type":"post","link":"https:\/\/radioljubuski.ba\/index.php\/2021\/08\/13\/pripuzova-tvrtka-nudi-tomasevicu-odvoz-bez-ikakve-naknade\/","title":{"rendered":"Pripuzova tvrtka nudi Toma\u0161evi\u0107u odvoz bez ikakve naknade"},"content":{"rendered":"\n<p>\u201cKao dru\u0161tveno odgovoran sustav, dijelimo zabrinutost o trenuta\u010dnoj situaciji s odvozom otpada, koja donosi mogu\u0107nosti ugro\u017eavanja okoli\u0161a i zdravlja sugra\u0111ana.&nbsp;<strong>Spremni smo i nudimo novoj gradskoj upravi Zagreba da bez ikakve naknade<\/strong>, besplatno, privremeno skladi\u0161timo prikupljeni glomazni otpad u recikla\u017enom centru tvrtke Ce-za-r dok Grad Zagreb ne zaklju\u010di postupak javne nabave i odabere novog oporabitelja\u201d, priop\u0107ili su iz Uprave tvrtke Ce-za-r,&nbsp;<a href=\"https:\/\/www.jutarnji.hr\/vijesti\/zagreb\/za-visemilijunski-posao-dosle-tri-ponude-pripuz-do-odluke-nudi-odvoz-bez-ikakve-naknade-15094341\" target=\"_blank\" rel=\"noreferrer noopener\">pi\u0161e Jutarnji list<\/a>.<\/p>\n\n\n\n<p>Budu\u0107i da je istekao ugovor Grada i Pripuzove tvrtke o zbrinjavanju glomaznog otpada, a novi ni sa kim nije potpisan, ve\u0107&nbsp;<strong>osam dana otpad ne zbrinjava \u2013 nitko<\/strong>, a popunjeni su i svi kapaciteti u zagreba\u010dkim recikla\u017enim dvori\u0161tima.<\/p>\n\n\n\n<p>Gradona\u010delnik Toma\u0161evi\u0107, o problemu glomaznog otpada, ali i Pripuzovoj ponudi, o\u010ditovat \u0107e se u petak na slu\u017ebenoj konferenciji za medije.<\/p>\n\n\n\n<p>\u2018Problem je nastao s odvozom tapeciranog namje\u0161taja, tepiha i madraca, sve ostalo odvozi se redovno. Tra\u017eimo sustavnija rje\u0161enja, sutra \u0107u vam mo\u0107i vi\u0161e re\u0107i o tome, usredoto\u010dimo se sad na mlade\u2019, poru\u010dio je u srijedu Tomislav Toma\u0161evi\u0107 na sve\u010danom potpisivanju Europske povelje o mladima u glavnoj vije\u0107nici gradske skup\u0161tine.<\/p>\n\n\n\n<p><em>Izvor: narod.hr<\/em><\/p>\n","protected":false},"excerpt":{"rendered":"<p>\u201cKao dru\u0161tveno odgovoran sustav, dijelimo zabrinutost o trenuta\u010dnoj situaciji s odvozom otpada, koja donosi mogu\u0107nosti ugro\u017eavanja okoli\u0161a i zdravlja sugra\u0111ana.&nbsp;Spremni smo i nudimo novoj gradskoj upravi Zagreba da bez ikakve naknade, besplatno, privremeno skladi\u0161timo prikupljeni glomazni otpad u recikla\u017enom centru tvrtke Ce-za-r dok Grad Zagreb ne zaklju\u010di postupak javne nabave i odabere novog oporabitelja\u201d, priop\u0107ili [&hellip;]<\/p>\n","protected":false},"author":2,"featured_media":52875,"comment_status":"closed","ping_status":"closed","sticky":false,"template":"","format":"standard","meta":{"h5ap_radio_sources":[],"footnotes":""},"categories":[1],"tags":[],"class_list":["post-52874","post","type-post","status-publish","format-standard","has-post-thumbnail","hentry","category-bihiregija"],"yoast_head":"<!-- This site is optimized with the Yoast SEO plugin v27.4 - https:\/\/yoast.com\/product\/yoast-seo-wordpress\/ -->\n<title>Pripuzova tvrtka nudi Toma\u0161evi\u0107u odvoz bez ikakve naknade - RADIO LJUBU\u0160KI<\/title>\n<meta name=\"robots\" content=\"index, follow, max-snippet:-1, max-image-preview:large, max-video-preview:-1\" \/>\n<link rel=\"canonical\" href=\"https:\/\/radioljubuski.ba\/index.php\/2021\/08\/13\/pripuzova-tvrtka-nudi-tomasevicu-odvoz-bez-ikakve-naknade\/\" \/>\n<meta property=\"og:locale\" content=\"hr_HR\" \/>\n<meta property=\"og:type\" content=\"article\" \/>\n<meta property=\"og:title\" content=\"Pripuzova tvrtka nudi Toma\u0161evi\u0107u odvoz bez ikakve naknade - RADIO LJUBU\u0160KI\" \/>\n<meta property=\"og:description\" content=\"\u201cKao dru\u0161tveno odgovoran sustav, dijelimo zabrinutost o trenuta\u010dnoj situaciji s odvozom otpada, koja donosi mogu\u0107nosti ugro\u017eavanja okoli\u0161a i zdravlja sugra\u0111ana.&nbsp;Spremni smo i nudimo novoj gradskoj upravi Zagreba da bez ikakve naknade, besplatno, privremeno skladi\u0161timo prikupljeni glomazni otpad u recikla\u017enom centru tvrtke Ce-za-r dok Grad Zagreb ne zaklju\u010di postupak javne nabave i odabere novog oporabitelja\u201d, priop\u0107ili [&hellip;]\" \/>\n<meta property=\"og:url\" content=\"https:\/\/radioljubuski.ba\/index.php\/2021\/08\/13\/pripuzova-tvrtka-nudi-tomasevicu-odvoz-bez-ikakve-naknade\/\" \/>\n<meta property=\"og:site_name\" content=\"RADIO LJUBU\u0160KI\" \/>\n<meta property=\"article:publisher\" content=\"https:\/\/www.facebook.com\/Radiio-Ljubuski-1490835324566332\" \/>\n<meta property=\"article:published_time\" content=\"2021-08-13T00:00:18+00:00\" \/>\n<meta property=\"og:image\" content=\"https:\/\/radioljubuski.ba\/wp-content\/uploads\/2021\/08\/H20181011000124-696x486-1.jpg\" \/>\n\t<meta property=\"og:image:width\" content=\"696\" \/>\n\t<meta property=\"og:image:height\" content=\"486\" \/>\n\t<meta property=\"og:image:type\" content=\"image\/jpeg\" \/>\n<meta name=\"author\" content=\"Radio Ljubu\u0161ki\" \/>\n<meta name=\"twitter:card\" content=\"summary_large_image\" \/>\n<meta name=\"twitter:creator\" content=\"@radioljubuski\" \/>\n<meta name=\"twitter:site\" content=\"@radioljubuski\" \/>\n<meta name=\"twitter:label1\" content=\"Napisao\/la\" \/>\n\t<meta name=\"twitter:data1\" content=\"Radio Ljubu\u0161ki\" \/>\n\t<meta name=\"twitter:label2\" content=\"Procijenjeno vrijeme \u010ditanja\" \/>\n\t<meta name=\"twitter:data2\" content=\"1 minuta\" \/>\n<script type=\"application\/ld+json\" class=\"yoast-schema-graph\">{\"@context\":\"https:\\\/\\\/schema.org\",\"@graph\":[{\"@type\":\"Article\",\"@id\":\"https:\\\/\\\/radioljubuski.ba\\\/index.php\\\/2021\\\/08\\\/13\\\/pripuzova-tvrtka-nudi-tomasevicu-odvoz-bez-ikakve-naknade\\\/#article\",\"isPartOf\":{\"@id\":\"https:\\\/\\\/radioljubuski.ba\\\/index.php\\\/2021\\\/08\\\/13\\\/pripuzova-tvrtka-nudi-tomasevicu-odvoz-bez-ikakve-naknade\\\/\"},\"author\":{\"name\":\"Radio Ljubu\u0161ki\",\"@id\":\"https:\\\/\\\/radioljubuski.ba\\\/#\\\/schema\\\/person\\\/19fc700381a780f69665d7956c469e3b\"},\"headline\":\"Pripuzova tvrtka nudi Toma\u0161evi\u0107u odvoz bez ikakve naknade\",\"datePublished\":\"2021-08-13T00:00:18+00:00\",\"mainEntityOfPage\":{\"@id\":\"https:\\\/\\\/radioljubuski.ba\\\/index.php\\\/2021\\\/08\\\/13\\\/pripuzova-tvrtka-nudi-tomasevicu-odvoz-bez-ikakve-naknade\\\/\"},\"wordCount\":217,\"publisher\":{\"@id\":\"https:\\\/\\\/radioljubuski.ba\\\/#organization\"},\"image\":{\"@id\":\"https:\\\/\\\/radioljubuski.ba\\\/index.php\\\/2021\\\/08\\\/13\\\/pripuzova-tvrtka-nudi-tomasevicu-odvoz-bez-ikakve-naknade\\\/#primaryimage\"},\"thumbnailUrl\":\"https:\\\/\\\/radioljubuski.ba\\\/wp-content\\\/uploads\\\/2021\\\/08\\\/H20181011000124-696x486-1.jpg\",\"articleSection\":[\"BIH i regija\"],\"inLanguage\":\"hr\"},{\"@type\":\"WebPage\",\"@id\":\"https:\\\/\\\/radioljubuski.ba\\\/index.php\\\/2021\\\/08\\\/13\\\/pripuzova-tvrtka-nudi-tomasevicu-odvoz-bez-ikakve-naknade\\\/\",\"url\":\"https:\\\/\\\/radioljubuski.ba\\\/index.php\\\/2021\\\/08\\\/13\\\/pripuzova-tvrtka-nudi-tomasevicu-odvoz-bez-ikakve-naknade\\\/\",\"name\":\"Pripuzova tvrtka nudi Toma\u0161evi\u0107u odvoz bez ikakve naknade - RADIO LJUBU\u0160KI\",\"isPartOf\":{\"@id\":\"https:\\\/\\\/radioljubuski.ba\\\/#website\"},\"primaryImageOfPage\":{\"@id\":\"https:\\\/\\\/radioljubuski.ba\\\/index.php\\\/2021\\\/08\\\/13\\\/pripuzova-tvrtka-nudi-tomasevicu-odvoz-bez-ikakve-naknade\\\/#primaryimage\"},\"image\":{\"@id\":\"https:\\\/\\\/radioljubuski.ba\\\/index.php\\\/2021\\\/08\\\/13\\\/pripuzova-tvrtka-nudi-tomasevicu-odvoz-bez-ikakve-naknade\\\/#primaryimage\"},\"thumbnailUrl\":\"https:\\\/\\\/radioljubuski.ba\\\/wp-content\\\/uploads\\\/2021\\\/08\\\/H20181011000124-696x486-1.jpg\",\"datePublished\":\"2021-08-13T00:00:18+00:00\",\"breadcrumb\":{\"@id\":\"https:\\\/\\\/radioljubuski.ba\\\/index.php\\\/2021\\\/08\\\/13\\\/pripuzova-tvrtka-nudi-tomasevicu-odvoz-bez-ikakve-naknade\\\/#breadcrumb\"},\"inLanguage\":\"hr\",\"potentialAction\":[{\"@type\":\"ReadAction\",\"target\":[\"https:\\\/\\\/radioljubuski.ba\\\/index.php\\\/2021\\\/08\\\/13\\\/pripuzova-tvrtka-nudi-tomasevicu-odvoz-bez-ikakve-naknade\\\/\"]}]},{\"@type\":\"ImageObject\",\"inLanguage\":\"hr\",\"@id\":\"https:\\\/\\\/radioljubuski.ba\\\/index.php\\\/2021\\\/08\\\/13\\\/pripuzova-tvrtka-nudi-tomasevicu-odvoz-bez-ikakve-naknade\\\/#primaryimage\",\"url\":\"https:\\\/\\\/radioljubuski.ba\\\/wp-content\\\/uploads\\\/2021\\\/08\\\/H20181011000124-696x486-1.jpg\",\"contentUrl\":\"https:\\\/\\\/radioljubuski.ba\\\/wp-content\\\/uploads\\\/2021\\\/08\\\/H20181011000124-696x486-1.jpg\",\"width\":696,\"height\":486},{\"@type\":\"BreadcrumbList\",\"@id\":\"https:\\\/\\\/radioljubuski.ba\\\/index.php\\\/2021\\\/08\\\/13\\\/pripuzova-tvrtka-nudi-tomasevicu-odvoz-bez-ikakve-naknade\\\/#breadcrumb\",\"itemListElement\":[{\"@type\":\"ListItem\",\"position\":1,\"name\":\"Po\u010detna stranica\",\"item\":\"https:\\\/\\\/radioljubuski.ba\\\/\"},{\"@type\":\"ListItem\",\"position\":2,\"name\":\"Pripuzova tvrtka nudi Toma\u0161evi\u0107u odvoz bez ikakve naknade\"}]},{\"@type\":\"WebSite\",\"@id\":\"https:\\\/\\\/radioljubuski.ba\\\/#website\",\"url\":\"https:\\\/\\\/radioljubuski.ba\\\/\",\"name\":\"Radio Ljubu\u0161ki\",\"description\":\"Sun\u010dana frekvencija Hercegovine\",\"publisher\":{\"@id\":\"https:\\\/\\\/radioljubuski.ba\\\/#organization\"},\"potentialAction\":[{\"@type\":\"SearchAction\",\"target\":{\"@type\":\"EntryPoint\",\"urlTemplate\":\"https:\\\/\\\/radioljubuski.ba\\\/?s={search_term_string}\"},\"query-input\":{\"@type\":\"PropertyValueSpecification\",\"valueRequired\":true,\"valueName\":\"search_term_string\"}}],\"inLanguage\":\"hr\"},{\"@type\":\"Organization\",\"@id\":\"https:\\\/\\\/radioljubuski.ba\\\/#organization\",\"name\":\"Radio Ljubu\u0161ki\",\"url\":\"https:\\\/\\\/radioljubuski.ba\\\/\",\"logo\":{\"@type\":\"ImageObject\",\"inLanguage\":\"hr\",\"@id\":\"https:\\\/\\\/radioljubuski.ba\\\/#\\\/schema\\\/logo\\\/image\\\/\",\"url\":\"https:\\\/\\\/radioljubuski.ba\\\/wp-content\\\/uploads\\\/2021\\\/02\\\/cropped-Radio_Ljubuski_logo1.jpg\",\"contentUrl\":\"https:\\\/\\\/radioljubuski.ba\\\/wp-content\\\/uploads\\\/2021\\\/02\\\/cropped-Radio_Ljubuski_logo1.jpg\",\"width\":512,\"height\":512,\"caption\":\"Radio Ljubu\u0161ki\"},\"image\":{\"@id\":\"https:\\\/\\\/radioljubuski.ba\\\/#\\\/schema\\\/logo\\\/image\\\/\"},\"sameAs\":[\"https:\\\/\\\/www.facebook.com\\\/Radiio-Ljubuski-1490835324566332\",\"https:\\\/\\\/x.com\\\/radioljubuski\",\"https:\\\/\\\/hr.linkedin.com\\\/company\\\/radio-ljubuski\",\"https:\\\/\\\/www.youtube.com\\\/channel\\\/UCHYaeO_n0Db3tjNGudGpXyw\"]},{\"@type\":\"Person\",\"@id\":\"https:\\\/\\\/radioljubuski.ba\\\/#\\\/schema\\\/person\\\/19fc700381a780f69665d7956c469e3b\",\"name\":\"Radio Ljubu\u0161ki\"}]}<\/script>\n<!-- \/ Yoast SEO plugin. -->","yoast_head_json":{"title":"Pripuzova tvrtka nudi Toma\u0161evi\u0107u odvoz bez ikakve naknade - RADIO LJUBU\u0160KI","robots":{"index":"index","follow":"follow","max-snippet":"max-snippet:-1","max-image-preview":"max-image-preview:large","max-video-preview":"max-video-preview:-1"},"canonical":"https:\/\/radioljubuski.ba\/index.php\/2021\/08\/13\/pripuzova-tvrtka-nudi-tomasevicu-odvoz-bez-ikakve-naknade\/","og_locale":"hr_HR","og_type":"article","og_title":"Pripuzova tvrtka nudi Toma\u0161evi\u0107u odvoz bez ikakve naknade - RADIO LJUBU\u0160KI","og_description":"\u201cKao dru\u0161tveno odgovoran sustav, dijelimo zabrinutost o trenuta\u010dnoj situaciji s odvozom otpada, koja donosi mogu\u0107nosti ugro\u017eavanja okoli\u0161a i zdravlja sugra\u0111ana.&nbsp;Spremni smo i nudimo novoj gradskoj upravi Zagreba da bez ikakve naknade, besplatno, privremeno skladi\u0161timo prikupljeni glomazni otpad u recikla\u017enom centru tvrtke Ce-za-r dok Grad Zagreb ne zaklju\u010di postupak javne nabave i odabere novog oporabitelja\u201d, priop\u0107ili [&hellip;]","og_url":"https:\/\/radioljubuski.ba\/index.php\/2021\/08\/13\/pripuzova-tvrtka-nudi-tomasevicu-odvoz-bez-ikakve-naknade\/","og_site_name":"RADIO LJUBU\u0160KI","article_publisher":"https:\/\/www.facebook.com\/Radiio-Ljubuski-1490835324566332","article_published_time":"2021-08-13T00:00:18+00:00","og_image":[{"width":696,"height":486,"url":"https:\/\/radioljubuski.ba\/wp-content\/uploads\/2021\/08\/H20181011000124-696x486-1.jpg","type":"image\/jpeg"}],"author":"Radio Ljubu\u0161ki","twitter_card":"summary_large_image","twitter_creator":"@radioljubuski","twitter_site":"@radioljubuski","twitter_misc":{"Napisao\/la":"Radio Ljubu\u0161ki","Procijenjeno vrijeme \u010ditanja":"1 minuta"},"schema":{"@context":"https:\/\/schema.org","@graph":[{"@type":"Article","@id":"https:\/\/radioljubuski.ba\/index.php\/2021\/08\/13\/pripuzova-tvrtka-nudi-tomasevicu-odvoz-bez-ikakve-naknade\/#article","isPartOf":{"@id":"https:\/\/radioljubuski.ba\/index.php\/2021\/08\/13\/pripuzova-tvrtka-nudi-tomasevicu-odvoz-bez-ikakve-naknade\/"},"author":{"name":"Radio Ljubu\u0161ki","@id":"https:\/\/radioljubuski.ba\/#\/schema\/person\/19fc700381a780f69665d7956c469e3b"},"headline":"Pripuzova tvrtka nudi Toma\u0161evi\u0107u odvoz bez ikakve naknade","datePublished":"2021-08-13T00:00:18+00:00","mainEntityOfPage":{"@id":"https:\/\/radioljubuski.ba\/index.php\/2021\/08\/13\/pripuzova-tvrtka-nudi-tomasevicu-odvoz-bez-ikakve-naknade\/"},"wordCount":217,"publisher":{"@id":"https:\/\/radioljubuski.ba\/#organization"},"image":{"@id":"https:\/\/radioljubuski.ba\/index.php\/2021\/08\/13\/pripuzova-tvrtka-nudi-tomasevicu-odvoz-bez-ikakve-naknade\/#primaryimage"},"thumbnailUrl":"https:\/\/radioljubuski.ba\/wp-content\/uploads\/2021\/08\/H20181011000124-696x486-1.jpg","articleSection":["BIH i regija"],"inLanguage":"hr"},{"@type":"WebPage","@id":"https:\/\/radioljubuski.ba\/index.php\/2021\/08\/13\/pripuzova-tvrtka-nudi-tomasevicu-odvoz-bez-ikakve-naknade\/","url":"https:\/\/radioljubuski.ba\/index.php\/2021\/08\/13\/pripuzova-tvrtka-nudi-tomasevicu-odvoz-bez-ikakve-naknade\/","name":"Pripuzova tvrtka nudi Toma\u0161evi\u0107u odvoz bez ikakve naknade - RADIO LJUBU\u0160KI","isPartOf":{"@id":"https:\/\/radioljubuski.ba\/#website"},"primaryImageOfPage":{"@id":"https:\/\/radioljubuski.ba\/index.php\/2021\/08\/13\/pripuzova-tvrtka-nudi-tomasevicu-odvoz-bez-ikakve-naknade\/#primaryimage"},"image":{"@id":"https:\/\/radioljubuski.ba\/index.php\/2021\/08\/13\/pripuzova-tvrtka-nudi-tomasevicu-odvoz-bez-ikakve-naknade\/#primaryimage"},"thumbnailUrl":"https:\/\/radioljubuski.ba\/wp-content\/uploads\/2021\/08\/H20181011000124-696x486-1.jpg","datePublished":"2021-08-13T00:00:18+00:00","breadcrumb":{"@id":"https:\/\/radioljubuski.ba\/index.php\/2021\/08\/13\/pripuzova-tvrtka-nudi-tomasevicu-odvoz-bez-ikakve-naknade\/#breadcrumb"},"inLanguage":"hr","potentialAction":[{"@type":"ReadAction","target":["https:\/\/radioljubuski.ba\/index.php\/2021\/08\/13\/pripuzova-tvrtka-nudi-tomasevicu-odvoz-bez-ikakve-naknade\/"]}]},{"@type":"ImageObject","inLanguage":"hr","@id":"https:\/\/radioljubuski.ba\/index.php\/2021\/08\/13\/pripuzova-tvrtka-nudi-tomasevicu-odvoz-bez-ikakve-naknade\/#primaryimage","url":"https:\/\/radioljubuski.ba\/wp-content\/uploads\/2021\/08\/H20181011000124-696x486-1.jpg","contentUrl":"https:\/\/radioljubuski.ba\/wp-content\/uploads\/2021\/08\/H20181011000124-696x486-1.jpg","width":696,"height":486},{"@type":"BreadcrumbList","@id":"https:\/\/radioljubuski.ba\/index.php\/2021\/08\/13\/pripuzova-tvrtka-nudi-tomasevicu-odvoz-bez-ikakve-naknade\/#breadcrumb","itemListElement":[{"@type":"ListItem","position":1,"name":"Po\u010detna stranica","item":"https:\/\/radioljubuski.ba\/"},{"@type":"ListItem","position":2,"name":"Pripuzova tvrtka nudi Toma\u0161evi\u0107u odvoz bez ikakve naknade"}]},{"@type":"WebSite","@id":"https:\/\/radioljubuski.ba\/#website","url":"https:\/\/radioljubuski.ba\/","name":"Radio Ljubu\u0161ki","description":"Sun\u010dana frekvencija Hercegovine","publisher":{"@id":"https:\/\/radioljubuski.ba\/#organization"},"potentialAction":[{"@type":"SearchAction","target":{"@type":"EntryPoint","urlTemplate":"https:\/\/radioljubuski.ba\/?s={search_term_string}"},"query-input":{"@type":"PropertyValueSpecification","valueRequired":true,"valueName":"search_term_string"}}],"inLanguage":"hr"},{"@type":"Organization","@id":"https:\/\/radioljubuski.ba\/#organization","name":"Radio Ljubu\u0161ki","url":"https:\/\/radioljubuski.ba\/","logo":{"@type":"ImageObject","inLanguage":"hr","@id":"https:\/\/radioljubuski.ba\/#\/schema\/logo\/image\/","url":"https:\/\/radioljubuski.ba\/wp-content\/uploads\/2021\/02\/cropped-Radio_Ljubuski_logo1.jpg","contentUrl":"https:\/\/radioljubuski.ba\/wp-content\/uploads\/2021\/02\/cropped-Radio_Ljubuski_logo1.jpg","width":512,"height":512,"caption":"Radio Ljubu\u0161ki"},"image":{"@id":"https:\/\/radioljubuski.ba\/#\/schema\/logo\/image\/"},"sameAs":["https:\/\/www.facebook.com\/Radiio-Ljubuski-1490835324566332","https:\/\/x.com\/radioljubuski","https:\/\/hr.linkedin.com\/company\/radio-ljubuski","https:\/\/www.youtube.com\/channel\/UCHYaeO_n0Db3tjNGudGpXyw"]},{"@type":"Person","@id":"https:\/\/radioljubuski.ba\/#\/schema\/person\/19fc700381a780f69665d7956c469e3b","name":"Radio Ljubu\u0161ki"}]}},"_links":{"self":[{"href":"https:\/\/radioljubuski.ba\/index.php\/wp-json\/wp\/v2\/posts\/52874","targetHints":{"allow":["GET"]}}],"collection":[{"href":"https:\/\/radioljubuski.ba\/index.php\/wp-json\/wp\/v2\/posts"}],"about":[{"href":"https:\/\/radioljubuski.ba\/index.php\/wp-json\/wp\/v2\/types\/post"}],"author":[{"embeddable":true,"href":"https:\/\/radioljubuski.ba\/index.php\/wp-json\/wp\/v2\/users\/2"}],"replies":[{"embeddable":true,"href":"https:\/\/radioljubuski.ba\/index.php\/wp-json\/wp\/v2\/comments?post=52874"}],"version-history":[{"count":1,"href":"https:\/\/radioljubuski.ba\/index.php\/wp-json\/wp\/v2\/posts\/52874\/revisions"}],"predecessor-version":[{"id":52876,"href":"https:\/\/radioljubuski.ba\/index.php\/wp-json\/wp\/v2\/posts\/52874\/revisions\/52876"}],"wp:featuredmedia":[{"embeddable":true,"href":"https:\/\/radioljubuski.ba\/index.php\/wp-json\/wp\/v2\/media\/52875"}],"wp:attachment":[{"href":"https:\/\/radioljubuski.ba\/index.php\/wp-json\/wp\/v2\/media?parent=52874"}],"wp:term":[{"taxonomy":"category","embeddable":true,"href":"https:\/\/radioljubuski.ba\/index.php\/wp-json\/wp\/v2\/categories?post=52874"},{"taxonomy":"post_tag","embeddable":true,"href":"https:\/\/radioljubuski.ba\/index.php\/wp-json\/wp\/v2\/tags?post=52874"}],"curies":[{"name":"wp","href":"https:\/\/api.w.org\/{rel}","templated":true}]}}