{"id":52889,"date":"2021-08-13T01:06:51","date_gmt":"2021-08-13T00:06:51","guid":{"rendered":"https:\/\/radioljubuski.ba\/?p=52889"},"modified":"2021-08-13T01:06:53","modified_gmt":"2021-08-13T00:06:53","slug":"djecak-13-iz-hrvatske-uhvacen-u-madarskoj-u-svercanju-ilegalnih-migranata-autom","status":"publish","type":"post","link":"https:\/\/radioljubuski.ba\/index.php\/2021\/08\/13\/djecak-13-iz-hrvatske-uhvacen-u-madarskoj-u-svercanju-ilegalnih-migranata-autom\/","title":{"rendered":"Dje\u010dak (13) iz Hrvatske uhva\u0107en u Ma\u0111arskoj u \u0161vercanju ilegalnih migranata autom"},"content":{"rendered":"\n<p>U sklopu akcije s \u010detiri \u017eupanije, ma\u0111arska policija pregledala je 10. kolovoza automobil s poljskim registracijama s 13-godi\u0161njim hrvatskim dr\u017eavljaninom, objavila je Jedinica Sz\u00e9kesfeh\u00e9rv\u00e1r Nacionalne interventne policije.<\/p>\n\n\n\n<p>Osim djeteta voza\u010da, automobilom su putovala jo\u0161 \u010detiri mu\u0161karca koji su tvrdili da su sirijski dr\u017eavljani. Strani putnici nisu mogli pru\u017eiti vjerodostojan dokaz o svom identitetu i zakonitosti boravka u Ma\u0111arskoj, pa ih je policija uhitila zajedno s djetetom koje je upravljalo vozilom.<\/p>\n\n\n\n<p>Budu\u0107i da je maloljetan, neimenovani hrvatski dje\u010dak ne\u0107e biti optu\u017een niti za vo\u017enju bez dozvole niti za krijum\u010darenje ljudi.<\/p>\n\n\n\n<p><strong>U Hrvatskoj maksimalna kazna tek pet godina zatvora<\/strong><\/p>\n\n\n\n<p>Podsjetimo, u Hrvatskoj se kijum\u010darima sudi po Kaznenom zakonu za protuzakonito ula\u017eenje, kretanje i boravak u Hrvatskoj. Predvi\u0111ena kazna je od jedne do 12 godina zatvora. Optu\u017eenicima se kao olakotna okolnost uzima kooperativnost, a kao otegodna nehumano tretiranje migranata.<\/p>\n\n\n\n<p>\u201cU principu se radi o kaznama koje su bli\u017ee minimumu i recimo djelomi\u010dne uvjetne osude,\u201d kazala sutkinja karlova\u010dkog op\u0107inskog suda.<\/p>\n\n\n\n<p>Rekordna kazna presu\u0111ena je srpskom dr\u017eavljaninu koji je u prera\u0111enom kombi vozilu prevozio 52 migranta ugro\u017eavaju\u0107i im \u017eivot u nehumanim uvjetima. Osu\u0111en je na 5 godina zatvora.<\/p>\n\n\n\n<p>\u201cBio je jedan dr\u017eavljanin Ukrajine, on je ve\u0107 i odslu\u017eio svoju kaznu. On je rekao da je krenuo u po\u010dinjenje tog kaznenog djela da stekne novac za kupnju zaru\u010dni\u010dkog prstena\u201d, ustvrdila je sutkinja Lugar Vladi\u0107.<\/p>\n\n\n\n<p>\u201cPodaci govore da smo mi u Karlovcu po tome najstro\u017ei sud, drugdje znaju biti kazne i uvjetne, no vidimo da na neki na\u010din moramo to suzbiti i koristimo sve zakonske mogu\u0107nosti ka\u017enjavanja da poru\u010dimo \u2018nemojte to raditi, ne isplati vam se, jer \u0107ete sigurno zavr\u0161iti u bezuvjetnom zatvoru i ostati bez svoje imovine\u2019, sredstva po\u010dinjena kaznenog djela\u201d,&nbsp;<a href=\"https:\/\/narod.hr\/hrvatska\/u-posljednjih-14-mjeseci-u-karlovcu-podignuto-oko-270-optuznica-protiv-krijumcara-ilegalnih-migranata\">otkrila<\/a>&nbsp;je Lugar Vladi\u0107 jo\u0161 2019. godine.<\/p>\n\n\n\n<p><em>Izvor: narod.hr<\/em><\/p>\n","protected":false},"excerpt":{"rendered":"<p>U sklopu akcije s \u010detiri \u017eupanije, ma\u0111arska policija pregledala je 10. kolovoza automobil s poljskim registracijama s 13-godi\u0161njim hrvatskim dr\u017eavljaninom, objavila je Jedinica Sz\u00e9kesfeh\u00e9rv\u00e1r Nacionalne interventne policije. Osim djeteta voza\u010da, automobilom su putovala jo\u0161 \u010detiri mu\u0161karca koji su tvrdili da su sirijski dr\u017eavljani. Strani putnici nisu mogli pru\u017eiti vjerodostojan dokaz o svom identitetu i zakonitosti [&hellip;]<\/p>\n","protected":false},"author":2,"featured_media":52890,"comment_status":"closed","ping_status":"closed","sticky":false,"template":"","format":"standard","meta":{"h5ap_radio_sources":[],"footnotes":""},"categories":[1],"tags":[],"class_list":["post-52889","post","type-post","status-publish","format-standard","has-post-thumbnail","hentry","category-bihiregija"],"yoast_head":"<!-- This site is optimized with the Yoast SEO plugin v27.4 - https:\/\/yoast.com\/product\/yoast-seo-wordpress\/ -->\n<title>Dje\u010dak (13) iz Hrvatske uhva\u0107en u Ma\u0111arskoj u \u0161vercanju ilegalnih migranata autom - RADIO LJUBU\u0160KI<\/title>\n<meta name=\"robots\" content=\"index, follow, max-snippet:-1, max-image-preview:large, max-video-preview:-1\" \/>\n<link rel=\"canonical\" href=\"https:\/\/radioljubuski.ba\/index.php\/2021\/08\/13\/djecak-13-iz-hrvatske-uhvacen-u-madarskoj-u-svercanju-ilegalnih-migranata-autom\/\" \/>\n<meta property=\"og:locale\" content=\"hr_HR\" \/>\n<meta property=\"og:type\" content=\"article\" \/>\n<meta property=\"og:title\" content=\"Dje\u010dak (13) iz Hrvatske uhva\u0107en u Ma\u0111arskoj u \u0161vercanju ilegalnih migranata autom - RADIO LJUBU\u0160KI\" \/>\n<meta property=\"og:description\" content=\"U sklopu akcije s \u010detiri \u017eupanije, ma\u0111arska policija pregledala je 10. kolovoza automobil s poljskim registracijama s 13-godi\u0161njim hrvatskim dr\u017eavljaninom, objavila je Jedinica Sz\u00e9kesfeh\u00e9rv\u00e1r Nacionalne interventne policije. Osim djeteta voza\u010da, automobilom su putovala jo\u0161 \u010detiri mu\u0161karca koji su tvrdili da su sirijski dr\u017eavljani. Strani putnici nisu mogli pru\u017eiti vjerodostojan dokaz o svom identitetu i zakonitosti [&hellip;]\" \/>\n<meta property=\"og:url\" content=\"https:\/\/radioljubuski.ba\/index.php\/2021\/08\/13\/djecak-13-iz-hrvatske-uhvacen-u-madarskoj-u-svercanju-ilegalnih-migranata-autom\/\" \/>\n<meta property=\"og:site_name\" content=\"RADIO LJUBU\u0160KI\" \/>\n<meta property=\"article:publisher\" content=\"https:\/\/www.facebook.com\/Radiio-Ljubuski-1490835324566332\" \/>\n<meta property=\"article:published_time\" content=\"2021-08-13T00:06:51+00:00\" \/>\n<meta property=\"article:modified_time\" content=\"2021-08-13T00:06:53+00:00\" \/>\n<meta property=\"og:image\" content=\"https:\/\/radioljubuski.ba\/wp-content\/uploads\/2021\/08\/djecak-696x456-1.jpg\" \/>\n\t<meta property=\"og:image:width\" content=\"696\" \/>\n\t<meta property=\"og:image:height\" content=\"456\" \/>\n\t<meta property=\"og:image:type\" content=\"image\/jpeg\" \/>\n<meta name=\"author\" content=\"Radio Ljubu\u0161ki\" \/>\n<meta name=\"twitter:card\" content=\"summary_large_image\" \/>\n<meta name=\"twitter:creator\" content=\"@radioljubuski\" \/>\n<meta name=\"twitter:site\" content=\"@radioljubuski\" \/>\n<meta name=\"twitter:label1\" content=\"Napisao\/la\" \/>\n\t<meta name=\"twitter:data1\" content=\"Radio Ljubu\u0161ki\" \/>\n\t<meta name=\"twitter:label2\" content=\"Procijenjeno vrijeme \u010ditanja\" \/>\n\t<meta name=\"twitter:data2\" content=\"2 minute\" \/>\n<script type=\"application\/ld+json\" class=\"yoast-schema-graph\">{\"@context\":\"https:\\\/\\\/schema.org\",\"@graph\":[{\"@type\":\"Article\",\"@id\":\"https:\\\/\\\/radioljubuski.ba\\\/index.php\\\/2021\\\/08\\\/13\\\/djecak-13-iz-hrvatske-uhvacen-u-madarskoj-u-svercanju-ilegalnih-migranata-autom\\\/#article\",\"isPartOf\":{\"@id\":\"https:\\\/\\\/radioljubuski.ba\\\/index.php\\\/2021\\\/08\\\/13\\\/djecak-13-iz-hrvatske-uhvacen-u-madarskoj-u-svercanju-ilegalnih-migranata-autom\\\/\"},\"author\":{\"name\":\"Radio Ljubu\u0161ki\",\"@id\":\"https:\\\/\\\/radioljubuski.ba\\\/#\\\/schema\\\/person\\\/19fc700381a780f69665d7956c469e3b\"},\"headline\":\"Dje\u010dak (13) iz Hrvatske uhva\u0107en u Ma\u0111arskoj u \u0161vercanju ilegalnih migranata autom\",\"datePublished\":\"2021-08-13T00:06:51+00:00\",\"dateModified\":\"2021-08-13T00:06:53+00:00\",\"mainEntityOfPage\":{\"@id\":\"https:\\\/\\\/radioljubuski.ba\\\/index.php\\\/2021\\\/08\\\/13\\\/djecak-13-iz-hrvatske-uhvacen-u-madarskoj-u-svercanju-ilegalnih-migranata-autom\\\/\"},\"wordCount\":339,\"publisher\":{\"@id\":\"https:\\\/\\\/radioljubuski.ba\\\/#organization\"},\"image\":{\"@id\":\"https:\\\/\\\/radioljubuski.ba\\\/index.php\\\/2021\\\/08\\\/13\\\/djecak-13-iz-hrvatske-uhvacen-u-madarskoj-u-svercanju-ilegalnih-migranata-autom\\\/#primaryimage\"},\"thumbnailUrl\":\"https:\\\/\\\/radioljubuski.ba\\\/wp-content\\\/uploads\\\/2021\\\/08\\\/djecak-696x456-1.jpg\",\"articleSection\":[\"BIH i regija\"],\"inLanguage\":\"hr\"},{\"@type\":\"WebPage\",\"@id\":\"https:\\\/\\\/radioljubuski.ba\\\/index.php\\\/2021\\\/08\\\/13\\\/djecak-13-iz-hrvatske-uhvacen-u-madarskoj-u-svercanju-ilegalnih-migranata-autom\\\/\",\"url\":\"https:\\\/\\\/radioljubuski.ba\\\/index.php\\\/2021\\\/08\\\/13\\\/djecak-13-iz-hrvatske-uhvacen-u-madarskoj-u-svercanju-ilegalnih-migranata-autom\\\/\",\"name\":\"Dje\u010dak (13) iz Hrvatske uhva\u0107en u Ma\u0111arskoj u \u0161vercanju ilegalnih migranata autom - RADIO LJUBU\u0160KI\",\"isPartOf\":{\"@id\":\"https:\\\/\\\/radioljubuski.ba\\\/#website\"},\"primaryImageOfPage\":{\"@id\":\"https:\\\/\\\/radioljubuski.ba\\\/index.php\\\/2021\\\/08\\\/13\\\/djecak-13-iz-hrvatske-uhvacen-u-madarskoj-u-svercanju-ilegalnih-migranata-autom\\\/#primaryimage\"},\"image\":{\"@id\":\"https:\\\/\\\/radioljubuski.ba\\\/index.php\\\/2021\\\/08\\\/13\\\/djecak-13-iz-hrvatske-uhvacen-u-madarskoj-u-svercanju-ilegalnih-migranata-autom\\\/#primaryimage\"},\"thumbnailUrl\":\"https:\\\/\\\/radioljubuski.ba\\\/wp-content\\\/uploads\\\/2021\\\/08\\\/djecak-696x456-1.jpg\",\"datePublished\":\"2021-08-13T00:06:51+00:00\",\"dateModified\":\"2021-08-13T00:06:53+00:00\",\"breadcrumb\":{\"@id\":\"https:\\\/\\\/radioljubuski.ba\\\/index.php\\\/2021\\\/08\\\/13\\\/djecak-13-iz-hrvatske-uhvacen-u-madarskoj-u-svercanju-ilegalnih-migranata-autom\\\/#breadcrumb\"},\"inLanguage\":\"hr\",\"potentialAction\":[{\"@type\":\"ReadAction\",\"target\":[\"https:\\\/\\\/radioljubuski.ba\\\/index.php\\\/2021\\\/08\\\/13\\\/djecak-13-iz-hrvatske-uhvacen-u-madarskoj-u-svercanju-ilegalnih-migranata-autom\\\/\"]}]},{\"@type\":\"ImageObject\",\"inLanguage\":\"hr\",\"@id\":\"https:\\\/\\\/radioljubuski.ba\\\/index.php\\\/2021\\\/08\\\/13\\\/djecak-13-iz-hrvatske-uhvacen-u-madarskoj-u-svercanju-ilegalnih-migranata-autom\\\/#primaryimage\",\"url\":\"https:\\\/\\\/radioljubuski.ba\\\/wp-content\\\/uploads\\\/2021\\\/08\\\/djecak-696x456-1.jpg\",\"contentUrl\":\"https:\\\/\\\/radioljubuski.ba\\\/wp-content\\\/uploads\\\/2021\\\/08\\\/djecak-696x456-1.jpg\",\"width\":696,\"height\":456},{\"@type\":\"BreadcrumbList\",\"@id\":\"https:\\\/\\\/radioljubuski.ba\\\/index.php\\\/2021\\\/08\\\/13\\\/djecak-13-iz-hrvatske-uhvacen-u-madarskoj-u-svercanju-ilegalnih-migranata-autom\\\/#breadcrumb\",\"itemListElement\":[{\"@type\":\"ListItem\",\"position\":1,\"name\":\"Po\u010detna stranica\",\"item\":\"https:\\\/\\\/radioljubuski.ba\\\/\"},{\"@type\":\"ListItem\",\"position\":2,\"name\":\"Dje\u010dak (13) iz Hrvatske uhva\u0107en u Ma\u0111arskoj u \u0161vercanju ilegalnih migranata autom\"}]},{\"@type\":\"WebSite\",\"@id\":\"https:\\\/\\\/radioljubuski.ba\\\/#website\",\"url\":\"https:\\\/\\\/radioljubuski.ba\\\/\",\"name\":\"Radio Ljubu\u0161ki\",\"description\":\"Sun\u010dana frekvencija Hercegovine\",\"publisher\":{\"@id\":\"https:\\\/\\\/radioljubuski.ba\\\/#organization\"},\"potentialAction\":[{\"@type\":\"SearchAction\",\"target\":{\"@type\":\"EntryPoint\",\"urlTemplate\":\"https:\\\/\\\/radioljubuski.ba\\\/?s={search_term_string}\"},\"query-input\":{\"@type\":\"PropertyValueSpecification\",\"valueRequired\":true,\"valueName\":\"search_term_string\"}}],\"inLanguage\":\"hr\"},{\"@type\":\"Organization\",\"@id\":\"https:\\\/\\\/radioljubuski.ba\\\/#organization\",\"name\":\"Radio Ljubu\u0161ki\",\"url\":\"https:\\\/\\\/radioljubuski.ba\\\/\",\"logo\":{\"@type\":\"ImageObject\",\"inLanguage\":\"hr\",\"@id\":\"https:\\\/\\\/radioljubuski.ba\\\/#\\\/schema\\\/logo\\\/image\\\/\",\"url\":\"https:\\\/\\\/radioljubuski.ba\\\/wp-content\\\/uploads\\\/2021\\\/02\\\/cropped-Radio_Ljubuski_logo1.jpg\",\"contentUrl\":\"https:\\\/\\\/radioljubuski.ba\\\/wp-content\\\/uploads\\\/2021\\\/02\\\/cropped-Radio_Ljubuski_logo1.jpg\",\"width\":512,\"height\":512,\"caption\":\"Radio Ljubu\u0161ki\"},\"image\":{\"@id\":\"https:\\\/\\\/radioljubuski.ba\\\/#\\\/schema\\\/logo\\\/image\\\/\"},\"sameAs\":[\"https:\\\/\\\/www.facebook.com\\\/Radiio-Ljubuski-1490835324566332\",\"https:\\\/\\\/x.com\\\/radioljubuski\",\"https:\\\/\\\/hr.linkedin.com\\\/company\\\/radio-ljubuski\",\"https:\\\/\\\/www.youtube.com\\\/channel\\\/UCHYaeO_n0Db3tjNGudGpXyw\"]},{\"@type\":\"Person\",\"@id\":\"https:\\\/\\\/radioljubuski.ba\\\/#\\\/schema\\\/person\\\/19fc700381a780f69665d7956c469e3b\",\"name\":\"Radio Ljubu\u0161ki\"}]}<\/script>\n<!-- \/ Yoast SEO plugin. -->","yoast_head_json":{"title":"Dje\u010dak (13) iz Hrvatske uhva\u0107en u Ma\u0111arskoj u \u0161vercanju ilegalnih migranata autom - RADIO LJUBU\u0160KI","robots":{"index":"index","follow":"follow","max-snippet":"max-snippet:-1","max-image-preview":"max-image-preview:large","max-video-preview":"max-video-preview:-1"},"canonical":"https:\/\/radioljubuski.ba\/index.php\/2021\/08\/13\/djecak-13-iz-hrvatske-uhvacen-u-madarskoj-u-svercanju-ilegalnih-migranata-autom\/","og_locale":"hr_HR","og_type":"article","og_title":"Dje\u010dak (13) iz Hrvatske uhva\u0107en u Ma\u0111arskoj u \u0161vercanju ilegalnih migranata autom - RADIO LJUBU\u0160KI","og_description":"U sklopu akcije s \u010detiri \u017eupanije, ma\u0111arska policija pregledala je 10. kolovoza automobil s poljskim registracijama s 13-godi\u0161njim hrvatskim dr\u017eavljaninom, objavila je Jedinica Sz\u00e9kesfeh\u00e9rv\u00e1r Nacionalne interventne policije. Osim djeteta voza\u010da, automobilom su putovala jo\u0161 \u010detiri mu\u0161karca koji su tvrdili da su sirijski dr\u017eavljani. Strani putnici nisu mogli pru\u017eiti vjerodostojan dokaz o svom identitetu i zakonitosti [&hellip;]","og_url":"https:\/\/radioljubuski.ba\/index.php\/2021\/08\/13\/djecak-13-iz-hrvatske-uhvacen-u-madarskoj-u-svercanju-ilegalnih-migranata-autom\/","og_site_name":"RADIO LJUBU\u0160KI","article_publisher":"https:\/\/www.facebook.com\/Radiio-Ljubuski-1490835324566332","article_published_time":"2021-08-13T00:06:51+00:00","article_modified_time":"2021-08-13T00:06:53+00:00","og_image":[{"width":696,"height":456,"url":"https:\/\/radioljubuski.ba\/wp-content\/uploads\/2021\/08\/djecak-696x456-1.jpg","type":"image\/jpeg"}],"author":"Radio Ljubu\u0161ki","twitter_card":"summary_large_image","twitter_creator":"@radioljubuski","twitter_site":"@radioljubuski","twitter_misc":{"Napisao\/la":"Radio Ljubu\u0161ki","Procijenjeno vrijeme \u010ditanja":"2 minute"},"schema":{"@context":"https:\/\/schema.org","@graph":[{"@type":"Article","@id":"https:\/\/radioljubuski.ba\/index.php\/2021\/08\/13\/djecak-13-iz-hrvatske-uhvacen-u-madarskoj-u-svercanju-ilegalnih-migranata-autom\/#article","isPartOf":{"@id":"https:\/\/radioljubuski.ba\/index.php\/2021\/08\/13\/djecak-13-iz-hrvatske-uhvacen-u-madarskoj-u-svercanju-ilegalnih-migranata-autom\/"},"author":{"name":"Radio Ljubu\u0161ki","@id":"https:\/\/radioljubuski.ba\/#\/schema\/person\/19fc700381a780f69665d7956c469e3b"},"headline":"Dje\u010dak (13) iz Hrvatske uhva\u0107en u Ma\u0111arskoj u \u0161vercanju ilegalnih migranata autom","datePublished":"2021-08-13T00:06:51+00:00","dateModified":"2021-08-13T00:06:53+00:00","mainEntityOfPage":{"@id":"https:\/\/radioljubuski.ba\/index.php\/2021\/08\/13\/djecak-13-iz-hrvatske-uhvacen-u-madarskoj-u-svercanju-ilegalnih-migranata-autom\/"},"wordCount":339,"publisher":{"@id":"https:\/\/radioljubuski.ba\/#organization"},"image":{"@id":"https:\/\/radioljubuski.ba\/index.php\/2021\/08\/13\/djecak-13-iz-hrvatske-uhvacen-u-madarskoj-u-svercanju-ilegalnih-migranata-autom\/#primaryimage"},"thumbnailUrl":"https:\/\/radioljubuski.ba\/wp-content\/uploads\/2021\/08\/djecak-696x456-1.jpg","articleSection":["BIH i regija"],"inLanguage":"hr"},{"@type":"WebPage","@id":"https:\/\/radioljubuski.ba\/index.php\/2021\/08\/13\/djecak-13-iz-hrvatske-uhvacen-u-madarskoj-u-svercanju-ilegalnih-migranata-autom\/","url":"https:\/\/radioljubuski.ba\/index.php\/2021\/08\/13\/djecak-13-iz-hrvatske-uhvacen-u-madarskoj-u-svercanju-ilegalnih-migranata-autom\/","name":"Dje\u010dak (13) iz Hrvatske uhva\u0107en u Ma\u0111arskoj u \u0161vercanju ilegalnih migranata autom - RADIO LJUBU\u0160KI","isPartOf":{"@id":"https:\/\/radioljubuski.ba\/#website"},"primaryImageOfPage":{"@id":"https:\/\/radioljubuski.ba\/index.php\/2021\/08\/13\/djecak-13-iz-hrvatske-uhvacen-u-madarskoj-u-svercanju-ilegalnih-migranata-autom\/#primaryimage"},"image":{"@id":"https:\/\/radioljubuski.ba\/index.php\/2021\/08\/13\/djecak-13-iz-hrvatske-uhvacen-u-madarskoj-u-svercanju-ilegalnih-migranata-autom\/#primaryimage"},"thumbnailUrl":"https:\/\/radioljubuski.ba\/wp-content\/uploads\/2021\/08\/djecak-696x456-1.jpg","datePublished":"2021-08-13T00:06:51+00:00","dateModified":"2021-08-13T00:06:53+00:00","breadcrumb":{"@id":"https:\/\/radioljubuski.ba\/index.php\/2021\/08\/13\/djecak-13-iz-hrvatske-uhvacen-u-madarskoj-u-svercanju-ilegalnih-migranata-autom\/#breadcrumb"},"inLanguage":"hr","potentialAction":[{"@type":"ReadAction","target":["https:\/\/radioljubuski.ba\/index.php\/2021\/08\/13\/djecak-13-iz-hrvatske-uhvacen-u-madarskoj-u-svercanju-ilegalnih-migranata-autom\/"]}]},{"@type":"ImageObject","inLanguage":"hr","@id":"https:\/\/radioljubuski.ba\/index.php\/2021\/08\/13\/djecak-13-iz-hrvatske-uhvacen-u-madarskoj-u-svercanju-ilegalnih-migranata-autom\/#primaryimage","url":"https:\/\/radioljubuski.ba\/wp-content\/uploads\/2021\/08\/djecak-696x456-1.jpg","contentUrl":"https:\/\/radioljubuski.ba\/wp-content\/uploads\/2021\/08\/djecak-696x456-1.jpg","width":696,"height":456},{"@type":"BreadcrumbList","@id":"https:\/\/radioljubuski.ba\/index.php\/2021\/08\/13\/djecak-13-iz-hrvatske-uhvacen-u-madarskoj-u-svercanju-ilegalnih-migranata-autom\/#breadcrumb","itemListElement":[{"@type":"ListItem","position":1,"name":"Po\u010detna stranica","item":"https:\/\/radioljubuski.ba\/"},{"@type":"ListItem","position":2,"name":"Dje\u010dak (13) iz Hrvatske uhva\u0107en u Ma\u0111arskoj u \u0161vercanju ilegalnih migranata autom"}]},{"@type":"WebSite","@id":"https:\/\/radioljubuski.ba\/#website","url":"https:\/\/radioljubuski.ba\/","name":"Radio Ljubu\u0161ki","description":"Sun\u010dana frekvencija Hercegovine","publisher":{"@id":"https:\/\/radioljubuski.ba\/#organization"},"potentialAction":[{"@type":"SearchAction","target":{"@type":"EntryPoint","urlTemplate":"https:\/\/radioljubuski.ba\/?s={search_term_string}"},"query-input":{"@type":"PropertyValueSpecification","valueRequired":true,"valueName":"search_term_string"}}],"inLanguage":"hr"},{"@type":"Organization","@id":"https:\/\/radioljubuski.ba\/#organization","name":"Radio Ljubu\u0161ki","url":"https:\/\/radioljubuski.ba\/","logo":{"@type":"ImageObject","inLanguage":"hr","@id":"https:\/\/radioljubuski.ba\/#\/schema\/logo\/image\/","url":"https:\/\/radioljubuski.ba\/wp-content\/uploads\/2021\/02\/cropped-Radio_Ljubuski_logo1.jpg","contentUrl":"https:\/\/radioljubuski.ba\/wp-content\/uploads\/2021\/02\/cropped-Radio_Ljubuski_logo1.jpg","width":512,"height":512,"caption":"Radio Ljubu\u0161ki"},"image":{"@id":"https:\/\/radioljubuski.ba\/#\/schema\/logo\/image\/"},"sameAs":["https:\/\/www.facebook.com\/Radiio-Ljubuski-1490835324566332","https:\/\/x.com\/radioljubuski","https:\/\/hr.linkedin.com\/company\/radio-ljubuski","https:\/\/www.youtube.com\/channel\/UCHYaeO_n0Db3tjNGudGpXyw"]},{"@type":"Person","@id":"https:\/\/radioljubuski.ba\/#\/schema\/person\/19fc700381a780f69665d7956c469e3b","name":"Radio Ljubu\u0161ki"}]}},"_links":{"self":[{"href":"https:\/\/radioljubuski.ba\/index.php\/wp-json\/wp\/v2\/posts\/52889","targetHints":{"allow":["GET"]}}],"collection":[{"href":"https:\/\/radioljubuski.ba\/index.php\/wp-json\/wp\/v2\/posts"}],"about":[{"href":"https:\/\/radioljubuski.ba\/index.php\/wp-json\/wp\/v2\/types\/post"}],"author":[{"embeddable":true,"href":"https:\/\/radioljubuski.ba\/index.php\/wp-json\/wp\/v2\/users\/2"}],"replies":[{"embeddable":true,"href":"https:\/\/radioljubuski.ba\/index.php\/wp-json\/wp\/v2\/comments?post=52889"}],"version-history":[{"count":1,"href":"https:\/\/radioljubuski.ba\/index.php\/wp-json\/wp\/v2\/posts\/52889\/revisions"}],"predecessor-version":[{"id":52891,"href":"https:\/\/radioljubuski.ba\/index.php\/wp-json\/wp\/v2\/posts\/52889\/revisions\/52891"}],"wp:featuredmedia":[{"embeddable":true,"href":"https:\/\/radioljubuski.ba\/index.php\/wp-json\/wp\/v2\/media\/52890"}],"wp:attachment":[{"href":"https:\/\/radioljubuski.ba\/index.php\/wp-json\/wp\/v2\/media?parent=52889"}],"wp:term":[{"taxonomy":"category","embeddable":true,"href":"https:\/\/radioljubuski.ba\/index.php\/wp-json\/wp\/v2\/categories?post=52889"},{"taxonomy":"post_tag","embeddable":true,"href":"https:\/\/radioljubuski.ba\/index.php\/wp-json\/wp\/v2\/tags?post=52889"}],"curies":[{"name":"wp","href":"https:\/\/api.w.org\/{rel}","templated":true}]}}