{"id":52892,"date":"2021-08-13T01:08:22","date_gmt":"2021-08-13T00:08:22","guid":{"rendered":"https:\/\/radioljubuski.ba\/?p=52892"},"modified":"2021-08-13T01:08:23","modified_gmt":"2021-08-13T00:08:23","slug":"zbog-ekstremnih-vrucina-poskupjela-struja-pogledajte-kako-se-krecu-cijene-diljem-europe","status":"publish","type":"post","link":"https:\/\/radioljubuski.ba\/index.php\/2021\/08\/13\/zbog-ekstremnih-vrucina-poskupjela-struja-pogledajte-kako-se-krecu-cijene-diljem-europe\/","title":{"rendered":"Zbog ekstremnih vru\u0107ina poskupjela struja, pogledajte kako se kre\u0107u cijene diljem Europe"},"content":{"rendered":"\n<p>Jo\u0161 jedna posljedica velikih ovoljetnih vru\u0107ina i manjka vjetra \u0161irom ju\u017ene i jugoisto\u010dne Europe jest i poskupljenje elektri\u010dne energije.<\/p>\n\n\n\n<p>Tr\u017ei\u0161ta \u0161irom Europe muku mu\u010de s rastu\u0107om potra\u017enjom za elektri\u010dnom energijom,. Paralelno i cijene plina rastu.<\/p>\n\n\n\n<p>Tr\u017ei\u0161ne spot cijene na EPEX-u pokazuju rastu\u0107i trend u klju\u010dnim dr\u017eavama:<\/p>\n\n\n\n<p>Francuska: utorak \u20ac\/99,17MWh, srijeda 104,94 \u20ac\/MWh<br>Njema\u010dka: utorak \u20ac\/100,76MWh, srijeda 106,54 \u20ac\/MWh<br>Nizozemska: utorak 100,22 \u20ac\/MWh, srijeda 106,00 \u20ac\/MWh<br>Velika Britanija: utorak 106,52 GBP\/MWh, Srijeda 103,55 GBP\/MWh<br>Sna\u017ean rast podr\u017eali su ugovori o europskom plinu za dan unaprijed koji su u utorak ponovno koketirali s vi\u0161egodi\u0161njim maksimumima jer su se tr\u017ei\u0161ta prilagodila daljnjim ograni\u010denjima opskrbe plinom, pi\u0161e ICIS.<\/p>\n\n\n\n<p>Prema nedavnoj analizi ICIS-a, klju\u010dni europski energenti zaklju\u010dani su u svom najekstremnijem rekordnom uspjehu sa zimskim premijskim nagomilavanjem dobitaka na prednjoj strani krivulje, pi\u0161e<a href=\"https:\/\/www.tportal.hr\/biznis\/clanak\/zbog-ekstremnih-vrucina-poskupjela-struja-pogledajte-kako-se-krecu-cijene-diljem-europe-foto-20210812\">&nbsp;tportal.<\/a><\/p>\n\n\n\n<p>Regionalne osnove povezane s vremenskim prilikama poja\u010dale su ovaj rizik rasta, \u0161to je imalo posebne posljedice na \u0161panjolsku i gr\u010dku energetsku mo\u0107.<\/p>\n\n\n\n<p>Toplinski valovi u ju\u017enoj i jugoisto\u010dnoj Europi pove\u0107ali su potra\u017enju za energijom iz klima ure\u0111aja, dok je ispodprosje\u010dna proizvodnja vjetra odr\u017eala potra\u017enju za plinom visokom u energetskom sektoru.<\/p>\n\n\n\n<p>\u0160panjolska je jedno od najte\u017ee pogo\u0111enih tr\u017ei\u0161ta, a spot cijene elektri\u010dne energije u zemlji udvostru\u010dile su se od po\u010detka godine. Prosje\u010dna dnevna spot cijena u srpnju dosegla je 93,50 \u20ac\/MWh prema OMIE -u, tri puta vi\u0161e od cijena u istom mjesecu pro\u0161le godine. Trend se nastavio u kolovozu, a posljednja tri trgovinska dana donijela su obaranje povijesnih cjenovnih rekorda.<\/p>\n\n\n\n<p>Jedan \u0161panjolski trgovac rekao je kako o\u010dekuje da \u0107e cijene nastaviti s testiranjem novih vrhunaca kako temperature budu i dalje rasle.<\/p>\n\n\n\n<p>Cijene elektri\u010dne energije u Gr\u010dkoj u prvom mjesecu po prvi su put sko\u010dile preko 100 \u20ac\/MWh prema evidenciji ICIS-a. Prethodni mjesec gr\u010dkog osnovnog optere\u0107enja podmirio se na 114 eura\/MWh, \u0161to je pove\u0107anje od 78% u odnosu na po\u010detak godine.<\/p>\n\n\n\n<p>Osim potra\u017enje uzrokovane vremenskim prilikama i rastu\u0107ih tro\u0161kova goriva, cijene elektri\u010dne energije podignute su i ograni\u010denim prekograni\u010dnim kapacitetima. Uzimaju\u0107i sve faktore u obzir, cijene \u0107e vjerojatno nastaviti testirati nove vrhunce u narednim danima.<\/p>\n\n\n\n<p><em>Izvor: narod.hr<\/em><\/p>\n","protected":false},"excerpt":{"rendered":"<p>Jo\u0161 jedna posljedica velikih ovoljetnih vru\u0107ina i manjka vjetra \u0161irom ju\u017ene i jugoisto\u010dne Europe jest i poskupljenje elektri\u010dne energije. Tr\u017ei\u0161ta \u0161irom Europe muku mu\u010de s rastu\u0107om potra\u017enjom za elektri\u010dnom energijom,. Paralelno i cijene plina rastu. Tr\u017ei\u0161ne spot cijene na EPEX-u pokazuju rastu\u0107i trend u klju\u010dnim dr\u017eavama: Francuska: utorak \u20ac\/99,17MWh, srijeda 104,94 \u20ac\/MWhNjema\u010dka: utorak \u20ac\/100,76MWh, srijeda [&hellip;]<\/p>\n","protected":false},"author":2,"featured_media":52893,"comment_status":"closed","ping_status":"closed","sticky":false,"template":"","format":"standard","meta":{"h5ap_radio_sources":[],"footnotes":""},"categories":[1],"tags":[],"class_list":["post-52892","post","type-post","status-publish","format-standard","has-post-thumbnail","hentry","category-bihiregija"],"yoast_head":"<!-- This site is optimized with the Yoast SEO plugin v27.4 - https:\/\/yoast.com\/product\/yoast-seo-wordpress\/ -->\n<title>Zbog ekstremnih vru\u0107ina poskupjela struja, pogledajte kako se kre\u0107u cijene diljem Europe - RADIO LJUBU\u0160KI<\/title>\n<meta name=\"robots\" content=\"index, follow, max-snippet:-1, max-image-preview:large, max-video-preview:-1\" \/>\n<link rel=\"canonical\" href=\"https:\/\/radioljubuski.ba\/index.php\/2021\/08\/13\/zbog-ekstremnih-vrucina-poskupjela-struja-pogledajte-kako-se-krecu-cijene-diljem-europe\/\" \/>\n<meta property=\"og:locale\" content=\"hr_HR\" \/>\n<meta property=\"og:type\" content=\"article\" \/>\n<meta property=\"og:title\" content=\"Zbog ekstremnih vru\u0107ina poskupjela struja, pogledajte kako se kre\u0107u cijene diljem Europe - RADIO LJUBU\u0160KI\" \/>\n<meta property=\"og:description\" content=\"Jo\u0161 jedna posljedica velikih ovoljetnih vru\u0107ina i manjka vjetra \u0161irom ju\u017ene i jugoisto\u010dne Europe jest i poskupljenje elektri\u010dne energije. Tr\u017ei\u0161ta \u0161irom Europe muku mu\u010de s rastu\u0107om potra\u017enjom za elektri\u010dnom energijom,. Paralelno i cijene plina rastu. Tr\u017ei\u0161ne spot cijene na EPEX-u pokazuju rastu\u0107i trend u klju\u010dnim dr\u017eavama: Francuska: utorak \u20ac\/99,17MWh, srijeda 104,94 \u20ac\/MWhNjema\u010dka: utorak \u20ac\/100,76MWh, srijeda [&hellip;]\" \/>\n<meta property=\"og:url\" content=\"https:\/\/radioljubuski.ba\/index.php\/2021\/08\/13\/zbog-ekstremnih-vrucina-poskupjela-struja-pogledajte-kako-se-krecu-cijene-diljem-europe\/\" \/>\n<meta property=\"og:site_name\" content=\"RADIO LJUBU\u0160KI\" \/>\n<meta property=\"article:publisher\" content=\"https:\/\/www.facebook.com\/Radiio-Ljubuski-1490835324566332\" \/>\n<meta property=\"article:published_time\" content=\"2021-08-13T00:08:22+00:00\" \/>\n<meta property=\"article:modified_time\" content=\"2021-08-13T00:08:23+00:00\" \/>\n<meta property=\"og:image\" content=\"https:\/\/radioljubuski.ba\/wp-content\/uploads\/2021\/08\/GettyImages-919430344-696x464-1.jpg\" \/>\n\t<meta property=\"og:image:width\" content=\"696\" \/>\n\t<meta property=\"og:image:height\" content=\"464\" \/>\n\t<meta property=\"og:image:type\" content=\"image\/jpeg\" \/>\n<meta name=\"author\" content=\"Radio Ljubu\u0161ki\" \/>\n<meta name=\"twitter:card\" content=\"summary_large_image\" \/>\n<meta name=\"twitter:creator\" content=\"@radioljubuski\" \/>\n<meta name=\"twitter:site\" content=\"@radioljubuski\" \/>\n<meta name=\"twitter:label1\" content=\"Napisao\/la\" \/>\n\t<meta name=\"twitter:data1\" content=\"Radio Ljubu\u0161ki\" \/>\n\t<meta name=\"twitter:label2\" content=\"Procijenjeno vrijeme \u010ditanja\" \/>\n\t<meta name=\"twitter:data2\" content=\"2 minute\" \/>\n<script type=\"application\/ld+json\" class=\"yoast-schema-graph\">{\"@context\":\"https:\\\/\\\/schema.org\",\"@graph\":[{\"@type\":\"Article\",\"@id\":\"https:\\\/\\\/radioljubuski.ba\\\/index.php\\\/2021\\\/08\\\/13\\\/zbog-ekstremnih-vrucina-poskupjela-struja-pogledajte-kako-se-krecu-cijene-diljem-europe\\\/#article\",\"isPartOf\":{\"@id\":\"https:\\\/\\\/radioljubuski.ba\\\/index.php\\\/2021\\\/08\\\/13\\\/zbog-ekstremnih-vrucina-poskupjela-struja-pogledajte-kako-se-krecu-cijene-diljem-europe\\\/\"},\"author\":{\"name\":\"Radio Ljubu\u0161ki\",\"@id\":\"https:\\\/\\\/radioljubuski.ba\\\/#\\\/schema\\\/person\\\/19fc700381a780f69665d7956c469e3b\"},\"headline\":\"Zbog ekstremnih vru\u0107ina poskupjela struja, pogledajte kako se kre\u0107u cijene diljem Europe\",\"datePublished\":\"2021-08-13T00:08:22+00:00\",\"dateModified\":\"2021-08-13T00:08:23+00:00\",\"mainEntityOfPage\":{\"@id\":\"https:\\\/\\\/radioljubuski.ba\\\/index.php\\\/2021\\\/08\\\/13\\\/zbog-ekstremnih-vrucina-poskupjela-struja-pogledajte-kako-se-krecu-cijene-diljem-europe\\\/\"},\"wordCount\":400,\"publisher\":{\"@id\":\"https:\\\/\\\/radioljubuski.ba\\\/#organization\"},\"image\":{\"@id\":\"https:\\\/\\\/radioljubuski.ba\\\/index.php\\\/2021\\\/08\\\/13\\\/zbog-ekstremnih-vrucina-poskupjela-struja-pogledajte-kako-se-krecu-cijene-diljem-europe\\\/#primaryimage\"},\"thumbnailUrl\":\"https:\\\/\\\/radioljubuski.ba\\\/wp-content\\\/uploads\\\/2021\\\/08\\\/GettyImages-919430344-696x464-1.jpg\",\"articleSection\":[\"BIH i regija\"],\"inLanguage\":\"hr\"},{\"@type\":\"WebPage\",\"@id\":\"https:\\\/\\\/radioljubuski.ba\\\/index.php\\\/2021\\\/08\\\/13\\\/zbog-ekstremnih-vrucina-poskupjela-struja-pogledajte-kako-se-krecu-cijene-diljem-europe\\\/\",\"url\":\"https:\\\/\\\/radioljubuski.ba\\\/index.php\\\/2021\\\/08\\\/13\\\/zbog-ekstremnih-vrucina-poskupjela-struja-pogledajte-kako-se-krecu-cijene-diljem-europe\\\/\",\"name\":\"Zbog ekstremnih vru\u0107ina poskupjela struja, pogledajte kako se kre\u0107u cijene diljem Europe - RADIO LJUBU\u0160KI\",\"isPartOf\":{\"@id\":\"https:\\\/\\\/radioljubuski.ba\\\/#website\"},\"primaryImageOfPage\":{\"@id\":\"https:\\\/\\\/radioljubuski.ba\\\/index.php\\\/2021\\\/08\\\/13\\\/zbog-ekstremnih-vrucina-poskupjela-struja-pogledajte-kako-se-krecu-cijene-diljem-europe\\\/#primaryimage\"},\"image\":{\"@id\":\"https:\\\/\\\/radioljubuski.ba\\\/index.php\\\/2021\\\/08\\\/13\\\/zbog-ekstremnih-vrucina-poskupjela-struja-pogledajte-kako-se-krecu-cijene-diljem-europe\\\/#primaryimage\"},\"thumbnailUrl\":\"https:\\\/\\\/radioljubuski.ba\\\/wp-content\\\/uploads\\\/2021\\\/08\\\/GettyImages-919430344-696x464-1.jpg\",\"datePublished\":\"2021-08-13T00:08:22+00:00\",\"dateModified\":\"2021-08-13T00:08:23+00:00\",\"breadcrumb\":{\"@id\":\"https:\\\/\\\/radioljubuski.ba\\\/index.php\\\/2021\\\/08\\\/13\\\/zbog-ekstremnih-vrucina-poskupjela-struja-pogledajte-kako-se-krecu-cijene-diljem-europe\\\/#breadcrumb\"},\"inLanguage\":\"hr\",\"potentialAction\":[{\"@type\":\"ReadAction\",\"target\":[\"https:\\\/\\\/radioljubuski.ba\\\/index.php\\\/2021\\\/08\\\/13\\\/zbog-ekstremnih-vrucina-poskupjela-struja-pogledajte-kako-se-krecu-cijene-diljem-europe\\\/\"]}]},{\"@type\":\"ImageObject\",\"inLanguage\":\"hr\",\"@id\":\"https:\\\/\\\/radioljubuski.ba\\\/index.php\\\/2021\\\/08\\\/13\\\/zbog-ekstremnih-vrucina-poskupjela-struja-pogledajte-kako-se-krecu-cijene-diljem-europe\\\/#primaryimage\",\"url\":\"https:\\\/\\\/radioljubuski.ba\\\/wp-content\\\/uploads\\\/2021\\\/08\\\/GettyImages-919430344-696x464-1.jpg\",\"contentUrl\":\"https:\\\/\\\/radioljubuski.ba\\\/wp-content\\\/uploads\\\/2021\\\/08\\\/GettyImages-919430344-696x464-1.jpg\",\"width\":696,\"height\":464},{\"@type\":\"BreadcrumbList\",\"@id\":\"https:\\\/\\\/radioljubuski.ba\\\/index.php\\\/2021\\\/08\\\/13\\\/zbog-ekstremnih-vrucina-poskupjela-struja-pogledajte-kako-se-krecu-cijene-diljem-europe\\\/#breadcrumb\",\"itemListElement\":[{\"@type\":\"ListItem\",\"position\":1,\"name\":\"Po\u010detna stranica\",\"item\":\"https:\\\/\\\/radioljubuski.ba\\\/\"},{\"@type\":\"ListItem\",\"position\":2,\"name\":\"Zbog ekstremnih vru\u0107ina poskupjela struja, pogledajte kako se kre\u0107u cijene diljem Europe\"}]},{\"@type\":\"WebSite\",\"@id\":\"https:\\\/\\\/radioljubuski.ba\\\/#website\",\"url\":\"https:\\\/\\\/radioljubuski.ba\\\/\",\"name\":\"Radio Ljubu\u0161ki\",\"description\":\"Sun\u010dana frekvencija Hercegovine\",\"publisher\":{\"@id\":\"https:\\\/\\\/radioljubuski.ba\\\/#organization\"},\"potentialAction\":[{\"@type\":\"SearchAction\",\"target\":{\"@type\":\"EntryPoint\",\"urlTemplate\":\"https:\\\/\\\/radioljubuski.ba\\\/?s={search_term_string}\"},\"query-input\":{\"@type\":\"PropertyValueSpecification\",\"valueRequired\":true,\"valueName\":\"search_term_string\"}}],\"inLanguage\":\"hr\"},{\"@type\":\"Organization\",\"@id\":\"https:\\\/\\\/radioljubuski.ba\\\/#organization\",\"name\":\"Radio Ljubu\u0161ki\",\"url\":\"https:\\\/\\\/radioljubuski.ba\\\/\",\"logo\":{\"@type\":\"ImageObject\",\"inLanguage\":\"hr\",\"@id\":\"https:\\\/\\\/radioljubuski.ba\\\/#\\\/schema\\\/logo\\\/image\\\/\",\"url\":\"https:\\\/\\\/radioljubuski.ba\\\/wp-content\\\/uploads\\\/2021\\\/02\\\/cropped-Radio_Ljubuski_logo1.jpg\",\"contentUrl\":\"https:\\\/\\\/radioljubuski.ba\\\/wp-content\\\/uploads\\\/2021\\\/02\\\/cropped-Radio_Ljubuski_logo1.jpg\",\"width\":512,\"height\":512,\"caption\":\"Radio Ljubu\u0161ki\"},\"image\":{\"@id\":\"https:\\\/\\\/radioljubuski.ba\\\/#\\\/schema\\\/logo\\\/image\\\/\"},\"sameAs\":[\"https:\\\/\\\/www.facebook.com\\\/Radiio-Ljubuski-1490835324566332\",\"https:\\\/\\\/x.com\\\/radioljubuski\",\"https:\\\/\\\/hr.linkedin.com\\\/company\\\/radio-ljubuski\",\"https:\\\/\\\/www.youtube.com\\\/channel\\\/UCHYaeO_n0Db3tjNGudGpXyw\"]},{\"@type\":\"Person\",\"@id\":\"https:\\\/\\\/radioljubuski.ba\\\/#\\\/schema\\\/person\\\/19fc700381a780f69665d7956c469e3b\",\"name\":\"Radio Ljubu\u0161ki\"}]}<\/script>\n<!-- \/ Yoast SEO plugin. -->","yoast_head_json":{"title":"Zbog ekstremnih vru\u0107ina poskupjela struja, pogledajte kako se kre\u0107u cijene diljem Europe - RADIO LJUBU\u0160KI","robots":{"index":"index","follow":"follow","max-snippet":"max-snippet:-1","max-image-preview":"max-image-preview:large","max-video-preview":"max-video-preview:-1"},"canonical":"https:\/\/radioljubuski.ba\/index.php\/2021\/08\/13\/zbog-ekstremnih-vrucina-poskupjela-struja-pogledajte-kako-se-krecu-cijene-diljem-europe\/","og_locale":"hr_HR","og_type":"article","og_title":"Zbog ekstremnih vru\u0107ina poskupjela struja, pogledajte kako se kre\u0107u cijene diljem Europe - RADIO LJUBU\u0160KI","og_description":"Jo\u0161 jedna posljedica velikih ovoljetnih vru\u0107ina i manjka vjetra \u0161irom ju\u017ene i jugoisto\u010dne Europe jest i poskupljenje elektri\u010dne energije. Tr\u017ei\u0161ta \u0161irom Europe muku mu\u010de s rastu\u0107om potra\u017enjom za elektri\u010dnom energijom,. Paralelno i cijene plina rastu. Tr\u017ei\u0161ne spot cijene na EPEX-u pokazuju rastu\u0107i trend u klju\u010dnim dr\u017eavama: Francuska: utorak \u20ac\/99,17MWh, srijeda 104,94 \u20ac\/MWhNjema\u010dka: utorak \u20ac\/100,76MWh, srijeda [&hellip;]","og_url":"https:\/\/radioljubuski.ba\/index.php\/2021\/08\/13\/zbog-ekstremnih-vrucina-poskupjela-struja-pogledajte-kako-se-krecu-cijene-diljem-europe\/","og_site_name":"RADIO LJUBU\u0160KI","article_publisher":"https:\/\/www.facebook.com\/Radiio-Ljubuski-1490835324566332","article_published_time":"2021-08-13T00:08:22+00:00","article_modified_time":"2021-08-13T00:08:23+00:00","og_image":[{"width":696,"height":464,"url":"https:\/\/radioljubuski.ba\/wp-content\/uploads\/2021\/08\/GettyImages-919430344-696x464-1.jpg","type":"image\/jpeg"}],"author":"Radio Ljubu\u0161ki","twitter_card":"summary_large_image","twitter_creator":"@radioljubuski","twitter_site":"@radioljubuski","twitter_misc":{"Napisao\/la":"Radio Ljubu\u0161ki","Procijenjeno vrijeme \u010ditanja":"2 minute"},"schema":{"@context":"https:\/\/schema.org","@graph":[{"@type":"Article","@id":"https:\/\/radioljubuski.ba\/index.php\/2021\/08\/13\/zbog-ekstremnih-vrucina-poskupjela-struja-pogledajte-kako-se-krecu-cijene-diljem-europe\/#article","isPartOf":{"@id":"https:\/\/radioljubuski.ba\/index.php\/2021\/08\/13\/zbog-ekstremnih-vrucina-poskupjela-struja-pogledajte-kako-se-krecu-cijene-diljem-europe\/"},"author":{"name":"Radio Ljubu\u0161ki","@id":"https:\/\/radioljubuski.ba\/#\/schema\/person\/19fc700381a780f69665d7956c469e3b"},"headline":"Zbog ekstremnih vru\u0107ina poskupjela struja, pogledajte kako se kre\u0107u cijene diljem Europe","datePublished":"2021-08-13T00:08:22+00:00","dateModified":"2021-08-13T00:08:23+00:00","mainEntityOfPage":{"@id":"https:\/\/radioljubuski.ba\/index.php\/2021\/08\/13\/zbog-ekstremnih-vrucina-poskupjela-struja-pogledajte-kako-se-krecu-cijene-diljem-europe\/"},"wordCount":400,"publisher":{"@id":"https:\/\/radioljubuski.ba\/#organization"},"image":{"@id":"https:\/\/radioljubuski.ba\/index.php\/2021\/08\/13\/zbog-ekstremnih-vrucina-poskupjela-struja-pogledajte-kako-se-krecu-cijene-diljem-europe\/#primaryimage"},"thumbnailUrl":"https:\/\/radioljubuski.ba\/wp-content\/uploads\/2021\/08\/GettyImages-919430344-696x464-1.jpg","articleSection":["BIH i regija"],"inLanguage":"hr"},{"@type":"WebPage","@id":"https:\/\/radioljubuski.ba\/index.php\/2021\/08\/13\/zbog-ekstremnih-vrucina-poskupjela-struja-pogledajte-kako-se-krecu-cijene-diljem-europe\/","url":"https:\/\/radioljubuski.ba\/index.php\/2021\/08\/13\/zbog-ekstremnih-vrucina-poskupjela-struja-pogledajte-kako-se-krecu-cijene-diljem-europe\/","name":"Zbog ekstremnih vru\u0107ina poskupjela struja, pogledajte kako se kre\u0107u cijene diljem Europe - RADIO LJUBU\u0160KI","isPartOf":{"@id":"https:\/\/radioljubuski.ba\/#website"},"primaryImageOfPage":{"@id":"https:\/\/radioljubuski.ba\/index.php\/2021\/08\/13\/zbog-ekstremnih-vrucina-poskupjela-struja-pogledajte-kako-se-krecu-cijene-diljem-europe\/#primaryimage"},"image":{"@id":"https:\/\/radioljubuski.ba\/index.php\/2021\/08\/13\/zbog-ekstremnih-vrucina-poskupjela-struja-pogledajte-kako-se-krecu-cijene-diljem-europe\/#primaryimage"},"thumbnailUrl":"https:\/\/radioljubuski.ba\/wp-content\/uploads\/2021\/08\/GettyImages-919430344-696x464-1.jpg","datePublished":"2021-08-13T00:08:22+00:00","dateModified":"2021-08-13T00:08:23+00:00","breadcrumb":{"@id":"https:\/\/radioljubuski.ba\/index.php\/2021\/08\/13\/zbog-ekstremnih-vrucina-poskupjela-struja-pogledajte-kako-se-krecu-cijene-diljem-europe\/#breadcrumb"},"inLanguage":"hr","potentialAction":[{"@type":"ReadAction","target":["https:\/\/radioljubuski.ba\/index.php\/2021\/08\/13\/zbog-ekstremnih-vrucina-poskupjela-struja-pogledajte-kako-se-krecu-cijene-diljem-europe\/"]}]},{"@type":"ImageObject","inLanguage":"hr","@id":"https:\/\/radioljubuski.ba\/index.php\/2021\/08\/13\/zbog-ekstremnih-vrucina-poskupjela-struja-pogledajte-kako-se-krecu-cijene-diljem-europe\/#primaryimage","url":"https:\/\/radioljubuski.ba\/wp-content\/uploads\/2021\/08\/GettyImages-919430344-696x464-1.jpg","contentUrl":"https:\/\/radioljubuski.ba\/wp-content\/uploads\/2021\/08\/GettyImages-919430344-696x464-1.jpg","width":696,"height":464},{"@type":"BreadcrumbList","@id":"https:\/\/radioljubuski.ba\/index.php\/2021\/08\/13\/zbog-ekstremnih-vrucina-poskupjela-struja-pogledajte-kako-se-krecu-cijene-diljem-europe\/#breadcrumb","itemListElement":[{"@type":"ListItem","position":1,"name":"Po\u010detna stranica","item":"https:\/\/radioljubuski.ba\/"},{"@type":"ListItem","position":2,"name":"Zbog ekstremnih vru\u0107ina poskupjela struja, pogledajte kako se kre\u0107u cijene diljem Europe"}]},{"@type":"WebSite","@id":"https:\/\/radioljubuski.ba\/#website","url":"https:\/\/radioljubuski.ba\/","name":"Radio Ljubu\u0161ki","description":"Sun\u010dana frekvencija Hercegovine","publisher":{"@id":"https:\/\/radioljubuski.ba\/#organization"},"potentialAction":[{"@type":"SearchAction","target":{"@type":"EntryPoint","urlTemplate":"https:\/\/radioljubuski.ba\/?s={search_term_string}"},"query-input":{"@type":"PropertyValueSpecification","valueRequired":true,"valueName":"search_term_string"}}],"inLanguage":"hr"},{"@type":"Organization","@id":"https:\/\/radioljubuski.ba\/#organization","name":"Radio Ljubu\u0161ki","url":"https:\/\/radioljubuski.ba\/","logo":{"@type":"ImageObject","inLanguage":"hr","@id":"https:\/\/radioljubuski.ba\/#\/schema\/logo\/image\/","url":"https:\/\/radioljubuski.ba\/wp-content\/uploads\/2021\/02\/cropped-Radio_Ljubuski_logo1.jpg","contentUrl":"https:\/\/radioljubuski.ba\/wp-content\/uploads\/2021\/02\/cropped-Radio_Ljubuski_logo1.jpg","width":512,"height":512,"caption":"Radio Ljubu\u0161ki"},"image":{"@id":"https:\/\/radioljubuski.ba\/#\/schema\/logo\/image\/"},"sameAs":["https:\/\/www.facebook.com\/Radiio-Ljubuski-1490835324566332","https:\/\/x.com\/radioljubuski","https:\/\/hr.linkedin.com\/company\/radio-ljubuski","https:\/\/www.youtube.com\/channel\/UCHYaeO_n0Db3tjNGudGpXyw"]},{"@type":"Person","@id":"https:\/\/radioljubuski.ba\/#\/schema\/person\/19fc700381a780f69665d7956c469e3b","name":"Radio Ljubu\u0161ki"}]}},"_links":{"self":[{"href":"https:\/\/radioljubuski.ba\/index.php\/wp-json\/wp\/v2\/posts\/52892","targetHints":{"allow":["GET"]}}],"collection":[{"href":"https:\/\/radioljubuski.ba\/index.php\/wp-json\/wp\/v2\/posts"}],"about":[{"href":"https:\/\/radioljubuski.ba\/index.php\/wp-json\/wp\/v2\/types\/post"}],"author":[{"embeddable":true,"href":"https:\/\/radioljubuski.ba\/index.php\/wp-json\/wp\/v2\/users\/2"}],"replies":[{"embeddable":true,"href":"https:\/\/radioljubuski.ba\/index.php\/wp-json\/wp\/v2\/comments?post=52892"}],"version-history":[{"count":1,"href":"https:\/\/radioljubuski.ba\/index.php\/wp-json\/wp\/v2\/posts\/52892\/revisions"}],"predecessor-version":[{"id":52894,"href":"https:\/\/radioljubuski.ba\/index.php\/wp-json\/wp\/v2\/posts\/52892\/revisions\/52894"}],"wp:featuredmedia":[{"embeddable":true,"href":"https:\/\/radioljubuski.ba\/index.php\/wp-json\/wp\/v2\/media\/52893"}],"wp:attachment":[{"href":"https:\/\/radioljubuski.ba\/index.php\/wp-json\/wp\/v2\/media?parent=52892"}],"wp:term":[{"taxonomy":"category","embeddable":true,"href":"https:\/\/radioljubuski.ba\/index.php\/wp-json\/wp\/v2\/categories?post=52892"},{"taxonomy":"post_tag","embeddable":true,"href":"https:\/\/radioljubuski.ba\/index.php\/wp-json\/wp\/v2\/tags?post=52892"}],"curies":[{"name":"wp","href":"https:\/\/api.w.org\/{rel}","templated":true}]}}