{"id":52917,"date":"2021-08-13T01:27:44","date_gmt":"2021-08-13T00:27:44","guid":{"rendered":"https:\/\/radioljubuski.ba\/?p=52917"},"modified":"2021-08-13T01:28:23","modified_gmt":"2021-08-13T00:28:23","slug":"s-12-godina-tarantino-je-donio-odluku-da-jednom-kad-se-proslavi-svojoj-majci-nece-dati-ni-novcica-do-danas-se-drzi-svoje-rijeci","status":"publish","type":"post","link":"https:\/\/radioljubuski.ba\/index.php\/2021\/08\/13\/s-12-godina-tarantino-je-donio-odluku-da-jednom-kad-se-proslavi-svojoj-majci-nece-dati-ni-novcica-do-danas-se-drzi-svoje-rijeci\/","title":{"rendered":"S 12 godina Tarantino je donio odluku da jednom kad se proslavi svojoj majci ne\u0107e dati ni nov\u010di\u0107a: do danas se dr\u017ei svoje rije\u010di"},"content":{"rendered":"\n<p>Ovu odluku slavni je redatelj donio jo\u0161 s 12 godina i to zbog maj\u010dinog negodovanja oko onog \u0161to ga zanima &#8211; pisanje scenarija. No, bi li Tarantino trebao oprostiti majci?<\/p>\n\n\n\n<p>Ameri\u010dki scenarist, filmski redatelj i glumac&nbsp;<strong>Quentin Tarantino,<\/strong>&nbsp;koji se mo\u017ee pohvaliti osebujnim na\u010dinom pripovijedanja pri\u010da na filmskom platnu, odlu\u010dio je odr\u017eati obe\u0107anje koje je sa samo 12 godina dao majci. Mo\u017eda \u0107e vas njegova odluka poprili\u010dno \u0161okirati, kao \u0161to je i mnoge njegove fanove, ali on je se namjerava dr\u017eati, pi\u0161e&nbsp;<a href=\"https:\/\/www.gloria.hr\/gl\/fokus\/zvjezdane-staze\/mozda-ipak-malo-pretjeruje-quentin-tarantino-objasnio-zasto-s-majkom-nikada-nece-podijeliti-svoje-bogastvo-15093980\">Gloria.<\/a><\/p>\n\n\n\n<p>Naime, podcastu<strong>&nbsp;Briana Koppelmana<\/strong>&nbsp;Tarantino je otkrio da nikada ne\u0107e podijeliti svoje bogatstvo, to\u010dnije novac, sa svojom majkom&nbsp;<strong>Connie<\/strong>&nbsp;koja ga je rodila kada je imala samo 16, a otac ih je napustio prije Quentinovog ro\u0111enja.<\/p>\n\n\n\n<p>Connie svog sina ba\u0161 i nije podr\u017eavala, ve\u0107 je na svaki njegov poku\u0161aj stvaranja ne\u010deg svojeg bacala sarkasti\u010dne komentare. Drugim rije\u010dima &#8211; nije vjerovala u njega, \u0161to svakom djetetu mo\u017ee poljuljati samopouzdanje i natjerati ga da sumnja u svoje sposobnosti. Tarantino je nije slu\u0161ao.<\/p>\n\n\n\n<figure class=\"wp-block-image\"><img decoding=\"async\" src=\"https:\/\/static.slobodnadalmacija.hr\/images\/slike\/2021\/08\/10\/17259682.jpg?1628600192\" alt=\"image\"\/><figcaption>Njegovi filmovi danas su pravi klasici<\/figcaption><\/figure>\n\n\n\n<p>On je ve\u0107 s 12 godina po\u010deo pisati scenarije, no u\u010ditelji u njegovoj \u0161koli tome nisu bili ba\u0161 blagonakloni jer su mislili da izbjegava \u0161kolske obveze, a zbog toga ga je i majka uzela &#8216;na zub&#8217;.<\/p>\n\n\n\n<p>&#8220;Ona je uvijek govorila: &#8216;\u0160to \u0107e ti ova spisateljska karijera?&#8217;, a dok je to izgovarala, uvijek je pokazivala navodnike s prstima. Govorila mi je da je s tim mojim glupostima gotovo. I kada mi je to tako sarkasti\u010dno govorila, rekao sam joj: &#8216;Kada postanem uspje\u0161an, od mog uspjeha ne\u0107e\u0161 vidjeti ni nov\u010di\u0107a. Ne\u0107e\u0161 dobiti ni\u0161ta, ni ku\u0107u, ni putovanja, ni aute, ni\u0161ta. Zato \u0161to si to rekla.&#8217; I odr\u017eao sam svoju rije\u010d&#8221;, ispri\u010dao je Tarantino.<\/p>\n\n\n\n<p><strong>I dalje po svom<\/strong><\/p>\n\n\n\n<p>Kad je Koppelman upitao je li Tarantino doista ispunio svoje obe\u0107anje, redatelj je potvrdio: &#8220;Da&#8221;, objasniv\u0161i: &#8220;Pomogao sam joj oko zastoja u poreznoj upravi. Ali nema Cadillaca, nema nove ku\u0107e&#8221;, rekao je Tarantino.<\/p>\n\n\n\n<p>No, kad mu je Koppelman dao protuargument, rekav\u0161i da su ga upravo maj\u010dine rije\u010di potaknule da uspije, Tarantino mu je na to odgovorio: &#8220;Va\u0161e rije\u010di imaju posljedice, posebice u odgoju va\u0161e djece. Va\u0161 sarkasti\u010dni ton o tome \u0161to njih zanima dovodi do eto &#8211; posljedica&#8221;, poru\u010dio je redatelj.<\/p>\n\n\n\n<p>Quentin Tarantino iza sebe ima ve\u0107 podu\u017ei popis uspje\u0161nih filmova poput &#8220;Kill Bill&#8221;, &#8220;Django Unchained&#8221; i &#8220;Once Upon a Time &#8230; In Hollywood&#8221;. Nedavno je postao i otac &#8211; supruga&nbsp;<strong>Daniella<\/strong>&nbsp;rodila im je sina Lea. U lipnju ove godine rekao je da razmi\u0161lja o &#8216;odlasku u mirovinu&#8217; kao filmskog redatelja te da bi rado stvarao predstave ili pisao knjige.<\/p>\n\n\n\n<p><strong>PI\u0160E&nbsp;<\/strong>PSD<\/p>\n","protected":false},"excerpt":{"rendered":"<p>Ovu odluku slavni je redatelj donio jo\u0161 s 12 godina i to zbog maj\u010dinog negodovanja oko onog \u0161to ga zanima &#8211; pisanje scenarija. No, bi li Tarantino trebao oprostiti majci? Ameri\u010dki scenarist, filmski redatelj i glumac&nbsp;Quentin Tarantino,&nbsp;koji se mo\u017ee pohvaliti osebujnim na\u010dinom pripovijedanja pri\u010da na filmskom platnu, odlu\u010dio je odr\u017eati obe\u0107anje koje je sa samo [&hellip;]<\/p>\n","protected":false},"author":2,"featured_media":52918,"comment_status":"closed","ping_status":"closed","sticky":false,"template":"","format":"standard","meta":{"h5ap_radio_sources":[],"footnotes":""},"categories":[1],"tags":[],"class_list":["post-52917","post","type-post","status-publish","format-standard","has-post-thumbnail","hentry","category-bihiregija"],"yoast_head":"<!-- This site is optimized with the Yoast SEO plugin v27.4 - https:\/\/yoast.com\/product\/yoast-seo-wordpress\/ -->\n<title>S 12 godina Tarantino je donio odluku da jednom kad se proslavi svojoj majci ne\u0107e dati ni nov\u010di\u0107a: do danas se dr\u017ei svoje rije\u010di - RADIO LJUBU\u0160KI<\/title>\n<meta name=\"robots\" content=\"index, follow, max-snippet:-1, max-image-preview:large, max-video-preview:-1\" \/>\n<link rel=\"canonical\" href=\"https:\/\/radioljubuski.ba\/index.php\/2021\/08\/13\/s-12-godina-tarantino-je-donio-odluku-da-jednom-kad-se-proslavi-svojoj-majci-nece-dati-ni-novcica-do-danas-se-drzi-svoje-rijeci\/\" \/>\n<meta property=\"og:locale\" content=\"hr_HR\" \/>\n<meta property=\"og:type\" content=\"article\" \/>\n<meta property=\"og:title\" content=\"S 12 godina Tarantino je donio odluku da jednom kad se proslavi svojoj majci ne\u0107e dati ni nov\u010di\u0107a: do danas se dr\u017ei svoje rije\u010di - RADIO LJUBU\u0160KI\" \/>\n<meta property=\"og:description\" content=\"Ovu odluku slavni je redatelj donio jo\u0161 s 12 godina i to zbog maj\u010dinog negodovanja oko onog \u0161to ga zanima &#8211; pisanje scenarija. No, bi li Tarantino trebao oprostiti majci? Ameri\u010dki scenarist, filmski redatelj i glumac&nbsp;Quentin Tarantino,&nbsp;koji se mo\u017ee pohvaliti osebujnim na\u010dinom pripovijedanja pri\u010da na filmskom platnu, odlu\u010dio je odr\u017eati obe\u0107anje koje je sa samo [&hellip;]\" \/>\n<meta property=\"og:url\" content=\"https:\/\/radioljubuski.ba\/index.php\/2021\/08\/13\/s-12-godina-tarantino-je-donio-odluku-da-jednom-kad-se-proslavi-svojoj-majci-nece-dati-ni-novcica-do-danas-se-drzi-svoje-rijeci\/\" \/>\n<meta property=\"og:site_name\" content=\"RADIO LJUBU\u0160KI\" \/>\n<meta property=\"article:publisher\" content=\"https:\/\/www.facebook.com\/Radiio-Ljubuski-1490835324566332\" \/>\n<meta property=\"article:published_time\" content=\"2021-08-13T00:27:44+00:00\" \/>\n<meta property=\"article:modified_time\" content=\"2021-08-13T00:28:23+00:00\" \/>\n<meta property=\"og:image\" content=\"https:\/\/radioljubuski.ba\/wp-content\/uploads\/2021\/08\/o_12888028_1024.jpg\" \/>\n\t<meta property=\"og:image:width\" content=\"1024\" \/>\n\t<meta property=\"og:image:height\" content=\"696\" \/>\n\t<meta property=\"og:image:type\" content=\"image\/jpeg\" \/>\n<meta name=\"author\" content=\"Radio Ljubu\u0161ki\" \/>\n<meta name=\"twitter:card\" content=\"summary_large_image\" \/>\n<meta name=\"twitter:creator\" content=\"@radioljubuski\" \/>\n<meta name=\"twitter:site\" content=\"@radioljubuski\" \/>\n<meta name=\"twitter:label1\" content=\"Napisao\/la\" \/>\n\t<meta name=\"twitter:data1\" content=\"Radio Ljubu\u0161ki\" \/>\n\t<meta name=\"twitter:label2\" content=\"Procijenjeno vrijeme \u010ditanja\" \/>\n\t<meta name=\"twitter:data2\" content=\"3 minute\" \/>\n<script type=\"application\/ld+json\" class=\"yoast-schema-graph\">{\"@context\":\"https:\\\/\\\/schema.org\",\"@graph\":[{\"@type\":\"Article\",\"@id\":\"https:\\\/\\\/radioljubuski.ba\\\/index.php\\\/2021\\\/08\\\/13\\\/s-12-godina-tarantino-je-donio-odluku-da-jednom-kad-se-proslavi-svojoj-majci-nece-dati-ni-novcica-do-danas-se-drzi-svoje-rijeci\\\/#article\",\"isPartOf\":{\"@id\":\"https:\\\/\\\/radioljubuski.ba\\\/index.php\\\/2021\\\/08\\\/13\\\/s-12-godina-tarantino-je-donio-odluku-da-jednom-kad-se-proslavi-svojoj-majci-nece-dati-ni-novcica-do-danas-se-drzi-svoje-rijeci\\\/\"},\"author\":{\"name\":\"Radio Ljubu\u0161ki\",\"@id\":\"https:\\\/\\\/radioljubuski.ba\\\/#\\\/schema\\\/person\\\/19fc700381a780f69665d7956c469e3b\"},\"headline\":\"S 12 godina Tarantino je donio odluku da jednom kad se proslavi svojoj majci ne\u0107e dati ni nov\u010di\u0107a: do danas se dr\u017ei svoje rije\u010di\",\"datePublished\":\"2021-08-13T00:27:44+00:00\",\"dateModified\":\"2021-08-13T00:28:23+00:00\",\"mainEntityOfPage\":{\"@id\":\"https:\\\/\\\/radioljubuski.ba\\\/index.php\\\/2021\\\/08\\\/13\\\/s-12-godina-tarantino-je-donio-odluku-da-jednom-kad-se-proslavi-svojoj-majci-nece-dati-ni-novcica-do-danas-se-drzi-svoje-rijeci\\\/\"},\"wordCount\":510,\"publisher\":{\"@id\":\"https:\\\/\\\/radioljubuski.ba\\\/#organization\"},\"image\":{\"@id\":\"https:\\\/\\\/radioljubuski.ba\\\/index.php\\\/2021\\\/08\\\/13\\\/s-12-godina-tarantino-je-donio-odluku-da-jednom-kad-se-proslavi-svojoj-majci-nece-dati-ni-novcica-do-danas-se-drzi-svoje-rijeci\\\/#primaryimage\"},\"thumbnailUrl\":\"https:\\\/\\\/radioljubuski.ba\\\/wp-content\\\/uploads\\\/2021\\\/08\\\/o_12888028_1024.jpg\",\"articleSection\":[\"BIH i regija\"],\"inLanguage\":\"hr\"},{\"@type\":\"WebPage\",\"@id\":\"https:\\\/\\\/radioljubuski.ba\\\/index.php\\\/2021\\\/08\\\/13\\\/s-12-godina-tarantino-je-donio-odluku-da-jednom-kad-se-proslavi-svojoj-majci-nece-dati-ni-novcica-do-danas-se-drzi-svoje-rijeci\\\/\",\"url\":\"https:\\\/\\\/radioljubuski.ba\\\/index.php\\\/2021\\\/08\\\/13\\\/s-12-godina-tarantino-je-donio-odluku-da-jednom-kad-se-proslavi-svojoj-majci-nece-dati-ni-novcica-do-danas-se-drzi-svoje-rijeci\\\/\",\"name\":\"S 12 godina Tarantino je donio odluku da jednom kad se proslavi svojoj majci ne\u0107e dati ni nov\u010di\u0107a: do danas se dr\u017ei svoje rije\u010di - RADIO LJUBU\u0160KI\",\"isPartOf\":{\"@id\":\"https:\\\/\\\/radioljubuski.ba\\\/#website\"},\"primaryImageOfPage\":{\"@id\":\"https:\\\/\\\/radioljubuski.ba\\\/index.php\\\/2021\\\/08\\\/13\\\/s-12-godina-tarantino-je-donio-odluku-da-jednom-kad-se-proslavi-svojoj-majci-nece-dati-ni-novcica-do-danas-se-drzi-svoje-rijeci\\\/#primaryimage\"},\"image\":{\"@id\":\"https:\\\/\\\/radioljubuski.ba\\\/index.php\\\/2021\\\/08\\\/13\\\/s-12-godina-tarantino-je-donio-odluku-da-jednom-kad-se-proslavi-svojoj-majci-nece-dati-ni-novcica-do-danas-se-drzi-svoje-rijeci\\\/#primaryimage\"},\"thumbnailUrl\":\"https:\\\/\\\/radioljubuski.ba\\\/wp-content\\\/uploads\\\/2021\\\/08\\\/o_12888028_1024.jpg\",\"datePublished\":\"2021-08-13T00:27:44+00:00\",\"dateModified\":\"2021-08-13T00:28:23+00:00\",\"breadcrumb\":{\"@id\":\"https:\\\/\\\/radioljubuski.ba\\\/index.php\\\/2021\\\/08\\\/13\\\/s-12-godina-tarantino-je-donio-odluku-da-jednom-kad-se-proslavi-svojoj-majci-nece-dati-ni-novcica-do-danas-se-drzi-svoje-rijeci\\\/#breadcrumb\"},\"inLanguage\":\"hr\",\"potentialAction\":[{\"@type\":\"ReadAction\",\"target\":[\"https:\\\/\\\/radioljubuski.ba\\\/index.php\\\/2021\\\/08\\\/13\\\/s-12-godina-tarantino-je-donio-odluku-da-jednom-kad-se-proslavi-svojoj-majci-nece-dati-ni-novcica-do-danas-se-drzi-svoje-rijeci\\\/\"]}]},{\"@type\":\"ImageObject\",\"inLanguage\":\"hr\",\"@id\":\"https:\\\/\\\/radioljubuski.ba\\\/index.php\\\/2021\\\/08\\\/13\\\/s-12-godina-tarantino-je-donio-odluku-da-jednom-kad-se-proslavi-svojoj-majci-nece-dati-ni-novcica-do-danas-se-drzi-svoje-rijeci\\\/#primaryimage\",\"url\":\"https:\\\/\\\/radioljubuski.ba\\\/wp-content\\\/uploads\\\/2021\\\/08\\\/o_12888028_1024.jpg\",\"contentUrl\":\"https:\\\/\\\/radioljubuski.ba\\\/wp-content\\\/uploads\\\/2021\\\/08\\\/o_12888028_1024.jpg\",\"width\":1024,\"height\":696},{\"@type\":\"BreadcrumbList\",\"@id\":\"https:\\\/\\\/radioljubuski.ba\\\/index.php\\\/2021\\\/08\\\/13\\\/s-12-godina-tarantino-je-donio-odluku-da-jednom-kad-se-proslavi-svojoj-majci-nece-dati-ni-novcica-do-danas-se-drzi-svoje-rijeci\\\/#breadcrumb\",\"itemListElement\":[{\"@type\":\"ListItem\",\"position\":1,\"name\":\"Po\u010detna stranica\",\"item\":\"https:\\\/\\\/radioljubuski.ba\\\/\"},{\"@type\":\"ListItem\",\"position\":2,\"name\":\"S 12 godina Tarantino je donio odluku da jednom kad se proslavi svojoj majci ne\u0107e dati ni nov\u010di\u0107a: do danas se dr\u017ei svoje rije\u010di\"}]},{\"@type\":\"WebSite\",\"@id\":\"https:\\\/\\\/radioljubuski.ba\\\/#website\",\"url\":\"https:\\\/\\\/radioljubuski.ba\\\/\",\"name\":\"Radio Ljubu\u0161ki\",\"description\":\"Sun\u010dana frekvencija Hercegovine\",\"publisher\":{\"@id\":\"https:\\\/\\\/radioljubuski.ba\\\/#organization\"},\"potentialAction\":[{\"@type\":\"SearchAction\",\"target\":{\"@type\":\"EntryPoint\",\"urlTemplate\":\"https:\\\/\\\/radioljubuski.ba\\\/?s={search_term_string}\"},\"query-input\":{\"@type\":\"PropertyValueSpecification\",\"valueRequired\":true,\"valueName\":\"search_term_string\"}}],\"inLanguage\":\"hr\"},{\"@type\":\"Organization\",\"@id\":\"https:\\\/\\\/radioljubuski.ba\\\/#organization\",\"name\":\"Radio Ljubu\u0161ki\",\"url\":\"https:\\\/\\\/radioljubuski.ba\\\/\",\"logo\":{\"@type\":\"ImageObject\",\"inLanguage\":\"hr\",\"@id\":\"https:\\\/\\\/radioljubuski.ba\\\/#\\\/schema\\\/logo\\\/image\\\/\",\"url\":\"https:\\\/\\\/radioljubuski.ba\\\/wp-content\\\/uploads\\\/2021\\\/02\\\/cropped-Radio_Ljubuski_logo1.jpg\",\"contentUrl\":\"https:\\\/\\\/radioljubuski.ba\\\/wp-content\\\/uploads\\\/2021\\\/02\\\/cropped-Radio_Ljubuski_logo1.jpg\",\"width\":512,\"height\":512,\"caption\":\"Radio Ljubu\u0161ki\"},\"image\":{\"@id\":\"https:\\\/\\\/radioljubuski.ba\\\/#\\\/schema\\\/logo\\\/image\\\/\"},\"sameAs\":[\"https:\\\/\\\/www.facebook.com\\\/Radiio-Ljubuski-1490835324566332\",\"https:\\\/\\\/x.com\\\/radioljubuski\",\"https:\\\/\\\/hr.linkedin.com\\\/company\\\/radio-ljubuski\",\"https:\\\/\\\/www.youtube.com\\\/channel\\\/UCHYaeO_n0Db3tjNGudGpXyw\"]},{\"@type\":\"Person\",\"@id\":\"https:\\\/\\\/radioljubuski.ba\\\/#\\\/schema\\\/person\\\/19fc700381a780f69665d7956c469e3b\",\"name\":\"Radio Ljubu\u0161ki\"}]}<\/script>\n<!-- \/ Yoast SEO plugin. -->","yoast_head_json":{"title":"S 12 godina Tarantino je donio odluku da jednom kad se proslavi svojoj majci ne\u0107e dati ni nov\u010di\u0107a: do danas se dr\u017ei svoje rije\u010di - RADIO LJUBU\u0160KI","robots":{"index":"index","follow":"follow","max-snippet":"max-snippet:-1","max-image-preview":"max-image-preview:large","max-video-preview":"max-video-preview:-1"},"canonical":"https:\/\/radioljubuski.ba\/index.php\/2021\/08\/13\/s-12-godina-tarantino-je-donio-odluku-da-jednom-kad-se-proslavi-svojoj-majci-nece-dati-ni-novcica-do-danas-se-drzi-svoje-rijeci\/","og_locale":"hr_HR","og_type":"article","og_title":"S 12 godina Tarantino je donio odluku da jednom kad se proslavi svojoj majci ne\u0107e dati ni nov\u010di\u0107a: do danas se dr\u017ei svoje rije\u010di - RADIO LJUBU\u0160KI","og_description":"Ovu odluku slavni je redatelj donio jo\u0161 s 12 godina i to zbog maj\u010dinog negodovanja oko onog \u0161to ga zanima &#8211; pisanje scenarija. No, bi li Tarantino trebao oprostiti majci? Ameri\u010dki scenarist, filmski redatelj i glumac&nbsp;Quentin Tarantino,&nbsp;koji se mo\u017ee pohvaliti osebujnim na\u010dinom pripovijedanja pri\u010da na filmskom platnu, odlu\u010dio je odr\u017eati obe\u0107anje koje je sa samo [&hellip;]","og_url":"https:\/\/radioljubuski.ba\/index.php\/2021\/08\/13\/s-12-godina-tarantino-je-donio-odluku-da-jednom-kad-se-proslavi-svojoj-majci-nece-dati-ni-novcica-do-danas-se-drzi-svoje-rijeci\/","og_site_name":"RADIO LJUBU\u0160KI","article_publisher":"https:\/\/www.facebook.com\/Radiio-Ljubuski-1490835324566332","article_published_time":"2021-08-13T00:27:44+00:00","article_modified_time":"2021-08-13T00:28:23+00:00","og_image":[{"width":1024,"height":696,"url":"https:\/\/radioljubuski.ba\/wp-content\/uploads\/2021\/08\/o_12888028_1024.jpg","type":"image\/jpeg"}],"author":"Radio Ljubu\u0161ki","twitter_card":"summary_large_image","twitter_creator":"@radioljubuski","twitter_site":"@radioljubuski","twitter_misc":{"Napisao\/la":"Radio Ljubu\u0161ki","Procijenjeno vrijeme \u010ditanja":"3 minute"},"schema":{"@context":"https:\/\/schema.org","@graph":[{"@type":"Article","@id":"https:\/\/radioljubuski.ba\/index.php\/2021\/08\/13\/s-12-godina-tarantino-je-donio-odluku-da-jednom-kad-se-proslavi-svojoj-majci-nece-dati-ni-novcica-do-danas-se-drzi-svoje-rijeci\/#article","isPartOf":{"@id":"https:\/\/radioljubuski.ba\/index.php\/2021\/08\/13\/s-12-godina-tarantino-je-donio-odluku-da-jednom-kad-se-proslavi-svojoj-majci-nece-dati-ni-novcica-do-danas-se-drzi-svoje-rijeci\/"},"author":{"name":"Radio Ljubu\u0161ki","@id":"https:\/\/radioljubuski.ba\/#\/schema\/person\/19fc700381a780f69665d7956c469e3b"},"headline":"S 12 godina Tarantino je donio odluku da jednom kad se proslavi svojoj majci ne\u0107e dati ni nov\u010di\u0107a: do danas se dr\u017ei svoje rije\u010di","datePublished":"2021-08-13T00:27:44+00:00","dateModified":"2021-08-13T00:28:23+00:00","mainEntityOfPage":{"@id":"https:\/\/radioljubuski.ba\/index.php\/2021\/08\/13\/s-12-godina-tarantino-je-donio-odluku-da-jednom-kad-se-proslavi-svojoj-majci-nece-dati-ni-novcica-do-danas-se-drzi-svoje-rijeci\/"},"wordCount":510,"publisher":{"@id":"https:\/\/radioljubuski.ba\/#organization"},"image":{"@id":"https:\/\/radioljubuski.ba\/index.php\/2021\/08\/13\/s-12-godina-tarantino-je-donio-odluku-da-jednom-kad-se-proslavi-svojoj-majci-nece-dati-ni-novcica-do-danas-se-drzi-svoje-rijeci\/#primaryimage"},"thumbnailUrl":"https:\/\/radioljubuski.ba\/wp-content\/uploads\/2021\/08\/o_12888028_1024.jpg","articleSection":["BIH i regija"],"inLanguage":"hr"},{"@type":"WebPage","@id":"https:\/\/radioljubuski.ba\/index.php\/2021\/08\/13\/s-12-godina-tarantino-je-donio-odluku-da-jednom-kad-se-proslavi-svojoj-majci-nece-dati-ni-novcica-do-danas-se-drzi-svoje-rijeci\/","url":"https:\/\/radioljubuski.ba\/index.php\/2021\/08\/13\/s-12-godina-tarantino-je-donio-odluku-da-jednom-kad-se-proslavi-svojoj-majci-nece-dati-ni-novcica-do-danas-se-drzi-svoje-rijeci\/","name":"S 12 godina Tarantino je donio odluku da jednom kad se proslavi svojoj majci ne\u0107e dati ni nov\u010di\u0107a: do danas se dr\u017ei svoje rije\u010di - RADIO LJUBU\u0160KI","isPartOf":{"@id":"https:\/\/radioljubuski.ba\/#website"},"primaryImageOfPage":{"@id":"https:\/\/radioljubuski.ba\/index.php\/2021\/08\/13\/s-12-godina-tarantino-je-donio-odluku-da-jednom-kad-se-proslavi-svojoj-majci-nece-dati-ni-novcica-do-danas-se-drzi-svoje-rijeci\/#primaryimage"},"image":{"@id":"https:\/\/radioljubuski.ba\/index.php\/2021\/08\/13\/s-12-godina-tarantino-je-donio-odluku-da-jednom-kad-se-proslavi-svojoj-majci-nece-dati-ni-novcica-do-danas-se-drzi-svoje-rijeci\/#primaryimage"},"thumbnailUrl":"https:\/\/radioljubuski.ba\/wp-content\/uploads\/2021\/08\/o_12888028_1024.jpg","datePublished":"2021-08-13T00:27:44+00:00","dateModified":"2021-08-13T00:28:23+00:00","breadcrumb":{"@id":"https:\/\/radioljubuski.ba\/index.php\/2021\/08\/13\/s-12-godina-tarantino-je-donio-odluku-da-jednom-kad-se-proslavi-svojoj-majci-nece-dati-ni-novcica-do-danas-se-drzi-svoje-rijeci\/#breadcrumb"},"inLanguage":"hr","potentialAction":[{"@type":"ReadAction","target":["https:\/\/radioljubuski.ba\/index.php\/2021\/08\/13\/s-12-godina-tarantino-je-donio-odluku-da-jednom-kad-se-proslavi-svojoj-majci-nece-dati-ni-novcica-do-danas-se-drzi-svoje-rijeci\/"]}]},{"@type":"ImageObject","inLanguage":"hr","@id":"https:\/\/radioljubuski.ba\/index.php\/2021\/08\/13\/s-12-godina-tarantino-je-donio-odluku-da-jednom-kad-se-proslavi-svojoj-majci-nece-dati-ni-novcica-do-danas-se-drzi-svoje-rijeci\/#primaryimage","url":"https:\/\/radioljubuski.ba\/wp-content\/uploads\/2021\/08\/o_12888028_1024.jpg","contentUrl":"https:\/\/radioljubuski.ba\/wp-content\/uploads\/2021\/08\/o_12888028_1024.jpg","width":1024,"height":696},{"@type":"BreadcrumbList","@id":"https:\/\/radioljubuski.ba\/index.php\/2021\/08\/13\/s-12-godina-tarantino-je-donio-odluku-da-jednom-kad-se-proslavi-svojoj-majci-nece-dati-ni-novcica-do-danas-se-drzi-svoje-rijeci\/#breadcrumb","itemListElement":[{"@type":"ListItem","position":1,"name":"Po\u010detna stranica","item":"https:\/\/radioljubuski.ba\/"},{"@type":"ListItem","position":2,"name":"S 12 godina Tarantino je donio odluku da jednom kad se proslavi svojoj majci ne\u0107e dati ni nov\u010di\u0107a: do danas se dr\u017ei svoje rije\u010di"}]},{"@type":"WebSite","@id":"https:\/\/radioljubuski.ba\/#website","url":"https:\/\/radioljubuski.ba\/","name":"Radio Ljubu\u0161ki","description":"Sun\u010dana frekvencija Hercegovine","publisher":{"@id":"https:\/\/radioljubuski.ba\/#organization"},"potentialAction":[{"@type":"SearchAction","target":{"@type":"EntryPoint","urlTemplate":"https:\/\/radioljubuski.ba\/?s={search_term_string}"},"query-input":{"@type":"PropertyValueSpecification","valueRequired":true,"valueName":"search_term_string"}}],"inLanguage":"hr"},{"@type":"Organization","@id":"https:\/\/radioljubuski.ba\/#organization","name":"Radio Ljubu\u0161ki","url":"https:\/\/radioljubuski.ba\/","logo":{"@type":"ImageObject","inLanguage":"hr","@id":"https:\/\/radioljubuski.ba\/#\/schema\/logo\/image\/","url":"https:\/\/radioljubuski.ba\/wp-content\/uploads\/2021\/02\/cropped-Radio_Ljubuski_logo1.jpg","contentUrl":"https:\/\/radioljubuski.ba\/wp-content\/uploads\/2021\/02\/cropped-Radio_Ljubuski_logo1.jpg","width":512,"height":512,"caption":"Radio Ljubu\u0161ki"},"image":{"@id":"https:\/\/radioljubuski.ba\/#\/schema\/logo\/image\/"},"sameAs":["https:\/\/www.facebook.com\/Radiio-Ljubuski-1490835324566332","https:\/\/x.com\/radioljubuski","https:\/\/hr.linkedin.com\/company\/radio-ljubuski","https:\/\/www.youtube.com\/channel\/UCHYaeO_n0Db3tjNGudGpXyw"]},{"@type":"Person","@id":"https:\/\/radioljubuski.ba\/#\/schema\/person\/19fc700381a780f69665d7956c469e3b","name":"Radio Ljubu\u0161ki"}]}},"_links":{"self":[{"href":"https:\/\/radioljubuski.ba\/index.php\/wp-json\/wp\/v2\/posts\/52917","targetHints":{"allow":["GET"]}}],"collection":[{"href":"https:\/\/radioljubuski.ba\/index.php\/wp-json\/wp\/v2\/posts"}],"about":[{"href":"https:\/\/radioljubuski.ba\/index.php\/wp-json\/wp\/v2\/types\/post"}],"author":[{"embeddable":true,"href":"https:\/\/radioljubuski.ba\/index.php\/wp-json\/wp\/v2\/users\/2"}],"replies":[{"embeddable":true,"href":"https:\/\/radioljubuski.ba\/index.php\/wp-json\/wp\/v2\/comments?post=52917"}],"version-history":[{"count":2,"href":"https:\/\/radioljubuski.ba\/index.php\/wp-json\/wp\/v2\/posts\/52917\/revisions"}],"predecessor-version":[{"id":52921,"href":"https:\/\/radioljubuski.ba\/index.php\/wp-json\/wp\/v2\/posts\/52917\/revisions\/52921"}],"wp:featuredmedia":[{"embeddable":true,"href":"https:\/\/radioljubuski.ba\/index.php\/wp-json\/wp\/v2\/media\/52918"}],"wp:attachment":[{"href":"https:\/\/radioljubuski.ba\/index.php\/wp-json\/wp\/v2\/media?parent=52917"}],"wp:term":[{"taxonomy":"category","embeddable":true,"href":"https:\/\/radioljubuski.ba\/index.php\/wp-json\/wp\/v2\/categories?post=52917"},{"taxonomy":"post_tag","embeddable":true,"href":"https:\/\/radioljubuski.ba\/index.php\/wp-json\/wp\/v2\/tags?post=52917"}],"curies":[{"name":"wp","href":"https:\/\/api.w.org\/{rel}","templated":true}]}}