{"id":52942,"date":"2021-08-13T09:46:30","date_gmt":"2021-08-13T08:46:30","guid":{"rendered":"https:\/\/radioljubuski.ba\/?p=52942"},"modified":"2021-08-13T09:46:30","modified_gmt":"2021-08-13T08:46:30","slug":"cerkez-ukoliko-se-nastavi-rast-zarazenih-zupanijski-stozeri-mogu-donijeti-strozije-mjere","status":"publish","type":"post","link":"https:\/\/radioljubuski.ba\/index.php\/2021\/08\/13\/cerkez-ukoliko-se-nastavi-rast-zarazenih-zupanijski-stozeri-mogu-donijeti-strozije-mjere\/","title":{"rendered":"\u010cerkez: Ukoliko se nastavi rast zara\u017eenih, \u017eupanijski sto\u017eeri mogu donijeti stro\u017eije mjere"},"content":{"rendered":"\n<p>Krizni sto\u017eer Federalnog ministarstva zdravstva prate\u0107i situaciju sa koronavirusom u Federaciji BiH, nalo\u017eio je \u017eupanijama da oni odrede na\u010din po\u010detka nove \u0161kolske godine.<\/p>\n\n\n\n<p>Tako\u0111er je omogu\u0107eno \u017eupanijama da, shodno situaciji na terenu, uvode i rigoroznije mjere. Goran \u010cerkez, pomo\u0107nik federalnog ministra zdravstva, ka\u017ee za <a href=\"https:\/\/faktor.ba\/vijest\/cerkez-ukoliko-se-nastavi-rast-zarazenih-kantonalni-stabovi-mogu-donijeti-strozije-mjere\/134613\" target=\"_blank\" rel=\"noreferrer noopener\">Faktor <\/a>kako je evidentan porast zara\u017eenih u Federaciji u odnosu na protekli period.<\/p>\n\n\n\n<p>&#8211; Na posljednjoj sjednici Kriznog sto\u017eera Federalnog ministarstva zdravstva je evidentirano da postoji odre\u0111en rast broja zara\u017eenih u odnosu na prethodni tjedan, \u010dak za 80 posto. To je pove\u0107alo incidenciju na 20 u Federaciji, ali to jo\u0161 mo\u017eemo smatrati niskom incidencijom i epidemiolo\u0161ki stabilnom situacijom. \u010cinjenica je da tri \u017eupanije odudaraju od te incidencije, to su Zapadnohercegova\u010dka, Hercegova\u010dko-neretvanska i Sarajevska \u017eupanija. Krizni sto\u017eer je imaju\u0107i sve to u vidu produ\u017eio postoje\u0107e mjere za narednih 15 dana, uz uvo\u0111enje samo jedne nove mjere, a to je da \u017eupanije odrede na\u010din po\u010detka nastave. Da to urade ministarstva obrazovanja u suradnji sa kriznim sto\u017eerima i zavodima za javno zdravstvo &#8211; govori \u010cerkez.<\/p>\n\n\n\n<p>Podsje\u0107a da \u017eupanije tako\u0111er mogu donositi i rigoroznije mjere.<\/p>\n\n\n\n<p>&#8211; \u017dupanijski krizni sto\u017eeri trebaju pratiti stanje u \u017eupaniji i u skladu s tim donositi rigoroznije mjere. Ukoliko se nastavi rast zara\u017eenih, oni mogu u svakom trenutku napraviti sjednicu kriznog sto\u017eera i donijeti stro\u017eije mjere koje bi sprije\u010dile dalje \u0161irenje virusa &#8211; ka\u017ee \u010cerkez.<\/p>\n\n\n\n<p>Upitali smo \u0161to ukoliko \u017eupanije ne reagiraju.<\/p>\n\n\n\n<p>&#8211; Pazite, svatko ima odgovornost zakonsku i sektorsku u za\u0161titi zdravlja stanovni\u0161tva da reagira. Svatko je odgovoran za \u010dinjenje ili ne\u010dinjenje. To je vrlo jasno. Dakle, oni imaju svoju odgovornost. Mi se pripremamo za \u010detvrti val iako je situacija jo\u0161 stabilna. I do naredne sjednice Kriznog sto\u017eera Federalnog ministarstva zdravstva mi smo pripremili novi set mjera koji \u0107e biti postupanje prema incidenciji. Imat \u0107emo postupanje prate\u0107i broj novozara\u017eenih, stopu hospitalizacije, smrtnost i testiranje &#8211; obja\u0161njava \u010cerkez.<\/p>\n\n\n\n<p>Izvor:faktor.ba<\/p>\n","protected":false},"excerpt":{"rendered":"<p>Krizni sto\u017eer Federalnog ministarstva zdravstva prate\u0107i situaciju sa koronavirusom u Federaciji BiH, nalo\u017eio je \u017eupanijama da oni odrede na\u010din po\u010detka nove \u0161kolske godine. Tako\u0111er je omogu\u0107eno \u017eupanijama da, shodno situaciji na terenu, uvode i rigoroznije mjere. Goran \u010cerkez, pomo\u0107nik federalnog ministra zdravstva, ka\u017ee za Faktor kako je evidentan porast zara\u017eenih u Federaciji u odnosu na [&hellip;]<\/p>\n","protected":false},"author":2,"featured_media":46219,"comment_status":"closed","ping_status":"closed","sticky":false,"template":"","format":"standard","meta":{"h5ap_radio_sources":[],"footnotes":""},"categories":[1],"tags":[],"class_list":["post-52942","post","type-post","status-publish","format-standard","has-post-thumbnail","hentry","category-bihiregija"],"yoast_head":"<!-- This site is optimized with the Yoast SEO plugin v27.4 - https:\/\/yoast.com\/product\/yoast-seo-wordpress\/ -->\n<title>\u010cerkez: Ukoliko se nastavi rast zara\u017eenih, \u017eupanijski sto\u017eeri mogu donijeti stro\u017eije mjere - RADIO LJUBU\u0160KI<\/title>\n<meta name=\"robots\" content=\"index, follow, max-snippet:-1, max-image-preview:large, max-video-preview:-1\" \/>\n<link rel=\"canonical\" href=\"https:\/\/radioljubuski.ba\/index.php\/2021\/08\/13\/cerkez-ukoliko-se-nastavi-rast-zarazenih-zupanijski-stozeri-mogu-donijeti-strozije-mjere\/\" \/>\n<meta property=\"og:locale\" content=\"hr_HR\" \/>\n<meta property=\"og:type\" content=\"article\" \/>\n<meta property=\"og:title\" content=\"\u010cerkez: Ukoliko se nastavi rast zara\u017eenih, \u017eupanijski sto\u017eeri mogu donijeti stro\u017eije mjere - RADIO LJUBU\u0160KI\" \/>\n<meta property=\"og:description\" content=\"Krizni sto\u017eer Federalnog ministarstva zdravstva prate\u0107i situaciju sa koronavirusom u Federaciji BiH, nalo\u017eio je \u017eupanijama da oni odrede na\u010din po\u010detka nove \u0161kolske godine. Tako\u0111er je omogu\u0107eno \u017eupanijama da, shodno situaciji na terenu, uvode i rigoroznije mjere. Goran \u010cerkez, pomo\u0107nik federalnog ministra zdravstva, ka\u017ee za Faktor kako je evidentan porast zara\u017eenih u Federaciji u odnosu na [&hellip;]\" \/>\n<meta property=\"og:url\" content=\"https:\/\/radioljubuski.ba\/index.php\/2021\/08\/13\/cerkez-ukoliko-se-nastavi-rast-zarazenih-zupanijski-stozeri-mogu-donijeti-strozije-mjere\/\" \/>\n<meta property=\"og:site_name\" content=\"RADIO LJUBU\u0160KI\" \/>\n<meta property=\"article:publisher\" content=\"https:\/\/www.facebook.com\/Radiio-Ljubuski-1490835324566332\" \/>\n<meta property=\"article:published_time\" content=\"2021-08-13T08:46:30+00:00\" \/>\n<meta property=\"og:image\" content=\"https:\/\/radioljubuski.ba\/wp-content\/uploads\/2021\/07\/2-2021-07-25-10-45-04-koronavirus_covid19_maske_sarajevo.jpg\" \/>\n\t<meta property=\"og:image:width\" content=\"1000\" \/>\n\t<meta property=\"og:image:height\" content=\"625\" \/>\n\t<meta property=\"og:image:type\" content=\"image\/jpeg\" \/>\n<meta name=\"author\" content=\"Radio Ljubu\u0161ki\" \/>\n<meta name=\"twitter:card\" content=\"summary_large_image\" \/>\n<meta name=\"twitter:creator\" content=\"@radioljubuski\" \/>\n<meta name=\"twitter:site\" content=\"@radioljubuski\" \/>\n<meta name=\"twitter:label1\" content=\"Napisao\/la\" \/>\n\t<meta name=\"twitter:data1\" content=\"Radio Ljubu\u0161ki\" \/>\n\t<meta name=\"twitter:label2\" content=\"Procijenjeno vrijeme \u010ditanja\" \/>\n\t<meta name=\"twitter:data2\" content=\"2 minute\" \/>\n<script type=\"application\/ld+json\" class=\"yoast-schema-graph\">{\"@context\":\"https:\\\/\\\/schema.org\",\"@graph\":[{\"@type\":\"Article\",\"@id\":\"https:\\\/\\\/radioljubuski.ba\\\/index.php\\\/2021\\\/08\\\/13\\\/cerkez-ukoliko-se-nastavi-rast-zarazenih-zupanijski-stozeri-mogu-donijeti-strozije-mjere\\\/#article\",\"isPartOf\":{\"@id\":\"https:\\\/\\\/radioljubuski.ba\\\/index.php\\\/2021\\\/08\\\/13\\\/cerkez-ukoliko-se-nastavi-rast-zarazenih-zupanijski-stozeri-mogu-donijeti-strozije-mjere\\\/\"},\"author\":{\"name\":\"Radio Ljubu\u0161ki\",\"@id\":\"https:\\\/\\\/radioljubuski.ba\\\/#\\\/schema\\\/person\\\/19fc700381a780f69665d7956c469e3b\"},\"headline\":\"\u010cerkez: Ukoliko se nastavi rast zara\u017eenih, \u017eupanijski sto\u017eeri mogu donijeti stro\u017eije mjere\",\"datePublished\":\"2021-08-13T08:46:30+00:00\",\"mainEntityOfPage\":{\"@id\":\"https:\\\/\\\/radioljubuski.ba\\\/index.php\\\/2021\\\/08\\\/13\\\/cerkez-ukoliko-se-nastavi-rast-zarazenih-zupanijski-stozeri-mogu-donijeti-strozije-mjere\\\/\"},\"wordCount\":358,\"publisher\":{\"@id\":\"https:\\\/\\\/radioljubuski.ba\\\/#organization\"},\"image\":{\"@id\":\"https:\\\/\\\/radioljubuski.ba\\\/index.php\\\/2021\\\/08\\\/13\\\/cerkez-ukoliko-se-nastavi-rast-zarazenih-zupanijski-stozeri-mogu-donijeti-strozije-mjere\\\/#primaryimage\"},\"thumbnailUrl\":\"https:\\\/\\\/radioljubuski.ba\\\/wp-content\\\/uploads\\\/2021\\\/07\\\/2-2021-07-25-10-45-04-koronavirus_covid19_maske_sarajevo.jpg\",\"articleSection\":[\"BIH i regija\"],\"inLanguage\":\"hr\"},{\"@type\":\"WebPage\",\"@id\":\"https:\\\/\\\/radioljubuski.ba\\\/index.php\\\/2021\\\/08\\\/13\\\/cerkez-ukoliko-se-nastavi-rast-zarazenih-zupanijski-stozeri-mogu-donijeti-strozije-mjere\\\/\",\"url\":\"https:\\\/\\\/radioljubuski.ba\\\/index.php\\\/2021\\\/08\\\/13\\\/cerkez-ukoliko-se-nastavi-rast-zarazenih-zupanijski-stozeri-mogu-donijeti-strozije-mjere\\\/\",\"name\":\"\u010cerkez: Ukoliko se nastavi rast zara\u017eenih, \u017eupanijski sto\u017eeri mogu donijeti stro\u017eije mjere - RADIO LJUBU\u0160KI\",\"isPartOf\":{\"@id\":\"https:\\\/\\\/radioljubuski.ba\\\/#website\"},\"primaryImageOfPage\":{\"@id\":\"https:\\\/\\\/radioljubuski.ba\\\/index.php\\\/2021\\\/08\\\/13\\\/cerkez-ukoliko-se-nastavi-rast-zarazenih-zupanijski-stozeri-mogu-donijeti-strozije-mjere\\\/#primaryimage\"},\"image\":{\"@id\":\"https:\\\/\\\/radioljubuski.ba\\\/index.php\\\/2021\\\/08\\\/13\\\/cerkez-ukoliko-se-nastavi-rast-zarazenih-zupanijski-stozeri-mogu-donijeti-strozije-mjere\\\/#primaryimage\"},\"thumbnailUrl\":\"https:\\\/\\\/radioljubuski.ba\\\/wp-content\\\/uploads\\\/2021\\\/07\\\/2-2021-07-25-10-45-04-koronavirus_covid19_maske_sarajevo.jpg\",\"datePublished\":\"2021-08-13T08:46:30+00:00\",\"breadcrumb\":{\"@id\":\"https:\\\/\\\/radioljubuski.ba\\\/index.php\\\/2021\\\/08\\\/13\\\/cerkez-ukoliko-se-nastavi-rast-zarazenih-zupanijski-stozeri-mogu-donijeti-strozije-mjere\\\/#breadcrumb\"},\"inLanguage\":\"hr\",\"potentialAction\":[{\"@type\":\"ReadAction\",\"target\":[\"https:\\\/\\\/radioljubuski.ba\\\/index.php\\\/2021\\\/08\\\/13\\\/cerkez-ukoliko-se-nastavi-rast-zarazenih-zupanijski-stozeri-mogu-donijeti-strozije-mjere\\\/\"]}]},{\"@type\":\"ImageObject\",\"inLanguage\":\"hr\",\"@id\":\"https:\\\/\\\/radioljubuski.ba\\\/index.php\\\/2021\\\/08\\\/13\\\/cerkez-ukoliko-se-nastavi-rast-zarazenih-zupanijski-stozeri-mogu-donijeti-strozije-mjere\\\/#primaryimage\",\"url\":\"https:\\\/\\\/radioljubuski.ba\\\/wp-content\\\/uploads\\\/2021\\\/07\\\/2-2021-07-25-10-45-04-koronavirus_covid19_maske_sarajevo.jpg\",\"contentUrl\":\"https:\\\/\\\/radioljubuski.ba\\\/wp-content\\\/uploads\\\/2021\\\/07\\\/2-2021-07-25-10-45-04-koronavirus_covid19_maske_sarajevo.jpg\",\"width\":1000,\"height\":625},{\"@type\":\"BreadcrumbList\",\"@id\":\"https:\\\/\\\/radioljubuski.ba\\\/index.php\\\/2021\\\/08\\\/13\\\/cerkez-ukoliko-se-nastavi-rast-zarazenih-zupanijski-stozeri-mogu-donijeti-strozije-mjere\\\/#breadcrumb\",\"itemListElement\":[{\"@type\":\"ListItem\",\"position\":1,\"name\":\"Po\u010detna stranica\",\"item\":\"https:\\\/\\\/radioljubuski.ba\\\/\"},{\"@type\":\"ListItem\",\"position\":2,\"name\":\"\u010cerkez: Ukoliko se nastavi rast zara\u017eenih, \u017eupanijski sto\u017eeri mogu donijeti stro\u017eije mjere\"}]},{\"@type\":\"WebSite\",\"@id\":\"https:\\\/\\\/radioljubuski.ba\\\/#website\",\"url\":\"https:\\\/\\\/radioljubuski.ba\\\/\",\"name\":\"Radio Ljubu\u0161ki\",\"description\":\"Sun\u010dana frekvencija Hercegovine\",\"publisher\":{\"@id\":\"https:\\\/\\\/radioljubuski.ba\\\/#organization\"},\"potentialAction\":[{\"@type\":\"SearchAction\",\"target\":{\"@type\":\"EntryPoint\",\"urlTemplate\":\"https:\\\/\\\/radioljubuski.ba\\\/?s={search_term_string}\"},\"query-input\":{\"@type\":\"PropertyValueSpecification\",\"valueRequired\":true,\"valueName\":\"search_term_string\"}}],\"inLanguage\":\"hr\"},{\"@type\":\"Organization\",\"@id\":\"https:\\\/\\\/radioljubuski.ba\\\/#organization\",\"name\":\"Radio Ljubu\u0161ki\",\"url\":\"https:\\\/\\\/radioljubuski.ba\\\/\",\"logo\":{\"@type\":\"ImageObject\",\"inLanguage\":\"hr\",\"@id\":\"https:\\\/\\\/radioljubuski.ba\\\/#\\\/schema\\\/logo\\\/image\\\/\",\"url\":\"https:\\\/\\\/radioljubuski.ba\\\/wp-content\\\/uploads\\\/2021\\\/02\\\/cropped-Radio_Ljubuski_logo1.jpg\",\"contentUrl\":\"https:\\\/\\\/radioljubuski.ba\\\/wp-content\\\/uploads\\\/2021\\\/02\\\/cropped-Radio_Ljubuski_logo1.jpg\",\"width\":512,\"height\":512,\"caption\":\"Radio Ljubu\u0161ki\"},\"image\":{\"@id\":\"https:\\\/\\\/radioljubuski.ba\\\/#\\\/schema\\\/logo\\\/image\\\/\"},\"sameAs\":[\"https:\\\/\\\/www.facebook.com\\\/Radiio-Ljubuski-1490835324566332\",\"https:\\\/\\\/x.com\\\/radioljubuski\",\"https:\\\/\\\/hr.linkedin.com\\\/company\\\/radio-ljubuski\",\"https:\\\/\\\/www.youtube.com\\\/channel\\\/UCHYaeO_n0Db3tjNGudGpXyw\"]},{\"@type\":\"Person\",\"@id\":\"https:\\\/\\\/radioljubuski.ba\\\/#\\\/schema\\\/person\\\/19fc700381a780f69665d7956c469e3b\",\"name\":\"Radio Ljubu\u0161ki\"}]}<\/script>\n<!-- \/ Yoast SEO plugin. -->","yoast_head_json":{"title":"\u010cerkez: Ukoliko se nastavi rast zara\u017eenih, \u017eupanijski sto\u017eeri mogu donijeti stro\u017eije mjere - RADIO LJUBU\u0160KI","robots":{"index":"index","follow":"follow","max-snippet":"max-snippet:-1","max-image-preview":"max-image-preview:large","max-video-preview":"max-video-preview:-1"},"canonical":"https:\/\/radioljubuski.ba\/index.php\/2021\/08\/13\/cerkez-ukoliko-se-nastavi-rast-zarazenih-zupanijski-stozeri-mogu-donijeti-strozije-mjere\/","og_locale":"hr_HR","og_type":"article","og_title":"\u010cerkez: Ukoliko se nastavi rast zara\u017eenih, \u017eupanijski sto\u017eeri mogu donijeti stro\u017eije mjere - RADIO LJUBU\u0160KI","og_description":"Krizni sto\u017eer Federalnog ministarstva zdravstva prate\u0107i situaciju sa koronavirusom u Federaciji BiH, nalo\u017eio je \u017eupanijama da oni odrede na\u010din po\u010detka nove \u0161kolske godine. Tako\u0111er je omogu\u0107eno \u017eupanijama da, shodno situaciji na terenu, uvode i rigoroznije mjere. Goran \u010cerkez, pomo\u0107nik federalnog ministra zdravstva, ka\u017ee za Faktor kako je evidentan porast zara\u017eenih u Federaciji u odnosu na [&hellip;]","og_url":"https:\/\/radioljubuski.ba\/index.php\/2021\/08\/13\/cerkez-ukoliko-se-nastavi-rast-zarazenih-zupanijski-stozeri-mogu-donijeti-strozije-mjere\/","og_site_name":"RADIO LJUBU\u0160KI","article_publisher":"https:\/\/www.facebook.com\/Radiio-Ljubuski-1490835324566332","article_published_time":"2021-08-13T08:46:30+00:00","og_image":[{"width":1000,"height":625,"url":"https:\/\/radioljubuski.ba\/wp-content\/uploads\/2021\/07\/2-2021-07-25-10-45-04-koronavirus_covid19_maske_sarajevo.jpg","type":"image\/jpeg"}],"author":"Radio Ljubu\u0161ki","twitter_card":"summary_large_image","twitter_creator":"@radioljubuski","twitter_site":"@radioljubuski","twitter_misc":{"Napisao\/la":"Radio Ljubu\u0161ki","Procijenjeno vrijeme \u010ditanja":"2 minute"},"schema":{"@context":"https:\/\/schema.org","@graph":[{"@type":"Article","@id":"https:\/\/radioljubuski.ba\/index.php\/2021\/08\/13\/cerkez-ukoliko-se-nastavi-rast-zarazenih-zupanijski-stozeri-mogu-donijeti-strozije-mjere\/#article","isPartOf":{"@id":"https:\/\/radioljubuski.ba\/index.php\/2021\/08\/13\/cerkez-ukoliko-se-nastavi-rast-zarazenih-zupanijski-stozeri-mogu-donijeti-strozije-mjere\/"},"author":{"name":"Radio Ljubu\u0161ki","@id":"https:\/\/radioljubuski.ba\/#\/schema\/person\/19fc700381a780f69665d7956c469e3b"},"headline":"\u010cerkez: Ukoliko se nastavi rast zara\u017eenih, \u017eupanijski sto\u017eeri mogu donijeti stro\u017eije mjere","datePublished":"2021-08-13T08:46:30+00:00","mainEntityOfPage":{"@id":"https:\/\/radioljubuski.ba\/index.php\/2021\/08\/13\/cerkez-ukoliko-se-nastavi-rast-zarazenih-zupanijski-stozeri-mogu-donijeti-strozije-mjere\/"},"wordCount":358,"publisher":{"@id":"https:\/\/radioljubuski.ba\/#organization"},"image":{"@id":"https:\/\/radioljubuski.ba\/index.php\/2021\/08\/13\/cerkez-ukoliko-se-nastavi-rast-zarazenih-zupanijski-stozeri-mogu-donijeti-strozije-mjere\/#primaryimage"},"thumbnailUrl":"https:\/\/radioljubuski.ba\/wp-content\/uploads\/2021\/07\/2-2021-07-25-10-45-04-koronavirus_covid19_maske_sarajevo.jpg","articleSection":["BIH i regija"],"inLanguage":"hr"},{"@type":"WebPage","@id":"https:\/\/radioljubuski.ba\/index.php\/2021\/08\/13\/cerkez-ukoliko-se-nastavi-rast-zarazenih-zupanijski-stozeri-mogu-donijeti-strozije-mjere\/","url":"https:\/\/radioljubuski.ba\/index.php\/2021\/08\/13\/cerkez-ukoliko-se-nastavi-rast-zarazenih-zupanijski-stozeri-mogu-donijeti-strozije-mjere\/","name":"\u010cerkez: Ukoliko se nastavi rast zara\u017eenih, \u017eupanijski sto\u017eeri mogu donijeti stro\u017eije mjere - RADIO LJUBU\u0160KI","isPartOf":{"@id":"https:\/\/radioljubuski.ba\/#website"},"primaryImageOfPage":{"@id":"https:\/\/radioljubuski.ba\/index.php\/2021\/08\/13\/cerkez-ukoliko-se-nastavi-rast-zarazenih-zupanijski-stozeri-mogu-donijeti-strozije-mjere\/#primaryimage"},"image":{"@id":"https:\/\/radioljubuski.ba\/index.php\/2021\/08\/13\/cerkez-ukoliko-se-nastavi-rast-zarazenih-zupanijski-stozeri-mogu-donijeti-strozije-mjere\/#primaryimage"},"thumbnailUrl":"https:\/\/radioljubuski.ba\/wp-content\/uploads\/2021\/07\/2-2021-07-25-10-45-04-koronavirus_covid19_maske_sarajevo.jpg","datePublished":"2021-08-13T08:46:30+00:00","breadcrumb":{"@id":"https:\/\/radioljubuski.ba\/index.php\/2021\/08\/13\/cerkez-ukoliko-se-nastavi-rast-zarazenih-zupanijski-stozeri-mogu-donijeti-strozije-mjere\/#breadcrumb"},"inLanguage":"hr","potentialAction":[{"@type":"ReadAction","target":["https:\/\/radioljubuski.ba\/index.php\/2021\/08\/13\/cerkez-ukoliko-se-nastavi-rast-zarazenih-zupanijski-stozeri-mogu-donijeti-strozije-mjere\/"]}]},{"@type":"ImageObject","inLanguage":"hr","@id":"https:\/\/radioljubuski.ba\/index.php\/2021\/08\/13\/cerkez-ukoliko-se-nastavi-rast-zarazenih-zupanijski-stozeri-mogu-donijeti-strozije-mjere\/#primaryimage","url":"https:\/\/radioljubuski.ba\/wp-content\/uploads\/2021\/07\/2-2021-07-25-10-45-04-koronavirus_covid19_maske_sarajevo.jpg","contentUrl":"https:\/\/radioljubuski.ba\/wp-content\/uploads\/2021\/07\/2-2021-07-25-10-45-04-koronavirus_covid19_maske_sarajevo.jpg","width":1000,"height":625},{"@type":"BreadcrumbList","@id":"https:\/\/radioljubuski.ba\/index.php\/2021\/08\/13\/cerkez-ukoliko-se-nastavi-rast-zarazenih-zupanijski-stozeri-mogu-donijeti-strozije-mjere\/#breadcrumb","itemListElement":[{"@type":"ListItem","position":1,"name":"Po\u010detna stranica","item":"https:\/\/radioljubuski.ba\/"},{"@type":"ListItem","position":2,"name":"\u010cerkez: Ukoliko se nastavi rast zara\u017eenih, \u017eupanijski sto\u017eeri mogu donijeti stro\u017eije mjere"}]},{"@type":"WebSite","@id":"https:\/\/radioljubuski.ba\/#website","url":"https:\/\/radioljubuski.ba\/","name":"Radio Ljubu\u0161ki","description":"Sun\u010dana frekvencija Hercegovine","publisher":{"@id":"https:\/\/radioljubuski.ba\/#organization"},"potentialAction":[{"@type":"SearchAction","target":{"@type":"EntryPoint","urlTemplate":"https:\/\/radioljubuski.ba\/?s={search_term_string}"},"query-input":{"@type":"PropertyValueSpecification","valueRequired":true,"valueName":"search_term_string"}}],"inLanguage":"hr"},{"@type":"Organization","@id":"https:\/\/radioljubuski.ba\/#organization","name":"Radio Ljubu\u0161ki","url":"https:\/\/radioljubuski.ba\/","logo":{"@type":"ImageObject","inLanguage":"hr","@id":"https:\/\/radioljubuski.ba\/#\/schema\/logo\/image\/","url":"https:\/\/radioljubuski.ba\/wp-content\/uploads\/2021\/02\/cropped-Radio_Ljubuski_logo1.jpg","contentUrl":"https:\/\/radioljubuski.ba\/wp-content\/uploads\/2021\/02\/cropped-Radio_Ljubuski_logo1.jpg","width":512,"height":512,"caption":"Radio Ljubu\u0161ki"},"image":{"@id":"https:\/\/radioljubuski.ba\/#\/schema\/logo\/image\/"},"sameAs":["https:\/\/www.facebook.com\/Radiio-Ljubuski-1490835324566332","https:\/\/x.com\/radioljubuski","https:\/\/hr.linkedin.com\/company\/radio-ljubuski","https:\/\/www.youtube.com\/channel\/UCHYaeO_n0Db3tjNGudGpXyw"]},{"@type":"Person","@id":"https:\/\/radioljubuski.ba\/#\/schema\/person\/19fc700381a780f69665d7956c469e3b","name":"Radio Ljubu\u0161ki"}]}},"_links":{"self":[{"href":"https:\/\/radioljubuski.ba\/index.php\/wp-json\/wp\/v2\/posts\/52942","targetHints":{"allow":["GET"]}}],"collection":[{"href":"https:\/\/radioljubuski.ba\/index.php\/wp-json\/wp\/v2\/posts"}],"about":[{"href":"https:\/\/radioljubuski.ba\/index.php\/wp-json\/wp\/v2\/types\/post"}],"author":[{"embeddable":true,"href":"https:\/\/radioljubuski.ba\/index.php\/wp-json\/wp\/v2\/users\/2"}],"replies":[{"embeddable":true,"href":"https:\/\/radioljubuski.ba\/index.php\/wp-json\/wp\/v2\/comments?post=52942"}],"version-history":[{"count":1,"href":"https:\/\/radioljubuski.ba\/index.php\/wp-json\/wp\/v2\/posts\/52942\/revisions"}],"predecessor-version":[{"id":52943,"href":"https:\/\/radioljubuski.ba\/index.php\/wp-json\/wp\/v2\/posts\/52942\/revisions\/52943"}],"wp:featuredmedia":[{"embeddable":true,"href":"https:\/\/radioljubuski.ba\/index.php\/wp-json\/wp\/v2\/media\/46219"}],"wp:attachment":[{"href":"https:\/\/radioljubuski.ba\/index.php\/wp-json\/wp\/v2\/media?parent=52942"}],"wp:term":[{"taxonomy":"category","embeddable":true,"href":"https:\/\/radioljubuski.ba\/index.php\/wp-json\/wp\/v2\/categories?post=52942"},{"taxonomy":"post_tag","embeddable":true,"href":"https:\/\/radioljubuski.ba\/index.php\/wp-json\/wp\/v2\/tags?post=52942"}],"curies":[{"name":"wp","href":"https:\/\/api.w.org\/{rel}","templated":true}]}}