{"id":52953,"date":"2021-08-13T10:14:41","date_gmt":"2021-08-13T09:14:41","guid":{"rendered":"https:\/\/radioljubuski.ba\/?p=52953"},"modified":"2021-08-13T10:14:42","modified_gmt":"2021-08-13T09:14:42","slug":"u-madridu-se-danas-ocekuju-42-stupnja-vlasti-spasavaju-tisuce-beskucnika-s-ulica","status":"publish","type":"post","link":"https:\/\/radioljubuski.ba\/index.php\/2021\/08\/13\/u-madridu-se-danas-ocekuju-42-stupnja-vlasti-spasavaju-tisuce-beskucnika-s-ulica\/","title":{"rendered":"U Madridu se danas o\u010dekuju 42 stupnja, vlasti spa\u0161avaju tisu\u0107e besku\u0107nika s ulica"},"content":{"rendered":"\n<p>Toplinski val koji ovih dana zahva\u0107a \u0160panjolsku ostavio je tisu\u0107e besku\u0107nika na milost visokim temperaturama, koje u nekim dijelovima zemlje prema\u0161uju 40 Celzijevih stupnjeva, \u0161to je potaknulo zdravstvene slu\u017ebe da krenu ulicama gradova u spa\u0161avanje tih ugro\u017eenih ljudi.<\/p>\n\n\n\n<p>\u017duto-plavi kombiji Samur Sociala, slu\u017ebe za hitne slu\u010dajeve, kru\u017ee Madridom, gdje se tijekom petka o\u010dekuje temperatura od 42 C.<\/p>\n\n\n\n<p>&#8220;Ljude koji \u017eive na ulici nastojimo nagovoriti da odu u prihvatne centre&#8221;, ka\u017ee Jes\u00fas Romera, koji 15 godina radi u toj slu\u017ebi. S obzirom na to da su neki prihvatni centri ve\u0107 puni, Romera poku\u0161ava uvjeriti besku\u0107nike da se sklone ondje barem na nekoliko sati dok sunce neumoljivo pe\u010de glavni grad.<\/p>\n\n\n\n<p><strong>&#8220;Vi\u0161e je fatalnih slu\u010dajeva ljeti nego zimi&#8221;<\/strong><\/p>\n\n\n\n<p>Temperatura se rapidno penje na gradskom termometru, ugro\u017eavaju\u0107i tako zdravlje ljudi koji spavaju po parkovima, na ulazima banaka izme\u0111u bankomata ili ispod mostova.<\/p>\n\n\n\n<p>&#8220;Premda je te\u0161ko to\u010dno ustvrditi broj, znamo da je vi\u0161e fatalnih slu\u010dajeva ljeti nego zimi&#8221;, ka\u017ee Romera dok daje bo\u010dicu vode starijem mu\u0161karcu bez krova nad glavom. &#8220;Zimi se ljudi toplije obuku, no tijekom ljeta spavaju na klupici, a konzumiraju li pritom alkohol, zdravlje im je doista ugro\u017eeno. Vru\u0107ina stoga mo\u017ee biti opasnija od hladno\u0107e&#8221;, dodaje.<\/p>\n\n\n\n<p>Tijekom vala hladno\u0107e od 2019. do 2020. godine pomo\u0107 je bila pru\u017eena za 2021 osobu, podatak je gradske vije\u0107nice Madrida. Pro\u0161le zime Madrid je pogodila nezapam\u0107ena snje\u017ena oluja, a sada vru\u0107ina donosi nove nepogode.<\/p>\n\n\n\n<p>Stoga 17 timova Samura-kombijima obilazi grad pru\u017eaju\u0107i pomo\u0107 potencijalnim \u017ertvama toplinskog udara.<\/p>\n\n\n\n<p><br>&#8220;Kada do\u0111e toplinski val, aktiviramo posebne timove za pomo\u0107 starijim osobama i onima bez krova nad glavom. S obzirom na sada\u0161nju vru\u0107inu, na\u0161i zaposlenici i volonteri rade svih sedam dana u tjednu&#8221;, obja\u0161njava Susana Rojo, zamjenica direktora Crvenog kri\u017ea u Zaragozi.<\/p>\n\n\n\n<p><strong>&#8220;Vru\u0107ina je nepodno\u0161ljiva, pove\u0107an je broj ljudi koji se sklanjaju u centre&#8221;<\/strong><\/p>\n\n\n\n<p>U tom gradu na istoku \u0160panjolske temperatura iznosi 41 C, a gradske vlasti spustile su cijene ulaznica za bazene kako bi se stanovnici rashladili. U sjevernom gradu Pamploni je nogometna utakmica izme\u0111u prvoliga\u0161a Osasune i Espanyola pomaknuta u subotu sa 17 sati na 22 sata. Temperatura u ju\u017enom gradu C\u00f3rdobi mogla bi dosegnuti 47 C.<\/p>\n\n\n\n<p>&#8220;Vru\u0107ina je ovih dana nepodno\u0161ljiva pa smo primijetili pove\u0107ani broj ljudi koji se sklanja u na\u0161e centre&#8221;, ka\u017ee Belen Valera, koordinatorica nevladine organizacije Accem u gradu Murciji. U njihovom centru je besku\u0107nicima na raspolaganju tu\u0161iranje i doru\u010dak. Savjetuju ih i kako sa\u010duvati zdravlje.<\/p>\n\n\n\n<p>&#8220;Premda smo ina\u010de otvoreni samo tijekom radnog tjedna, sada smo otvoreni i vikendom gdje ljudi mogu dobiti vodu i biti u hladu&#8221;, isti\u010de Valera.<\/p>\n\n\n\n<p>Caritas, organizacija za pomo\u0107 siroma\u0161nima, upozorava kako je tijekom pandemije porastao broj besku\u0107nika u \u0160panjolskoj pa je potreba za mjestima u prihvatnim centrima porasla 25 posto.<\/p>\n\n\n\n<p>&#8220;Tijekom tolikog boravka vani na ulici, tijekom dana i no\u0107i, tijela tih ljudi su jako izlo\u017eena i ugro\u017eena&#8221;, upozorava Rojo iz Crvenog kri\u017ea. &#8220;Obilazimo ih danju i no\u0107u kako bi smo provjerili jesu li dobro&#8221;.<\/p>\n\n\n\n<p>Izvor: pogled.ba<\/p>\n","protected":false},"excerpt":{"rendered":"<p>Toplinski val koji ovih dana zahva\u0107a \u0160panjolsku ostavio je tisu\u0107e besku\u0107nika na milost visokim temperaturama, koje u nekim dijelovima zemlje prema\u0161uju 40 Celzijevih stupnjeva, \u0161to je potaknulo zdravstvene slu\u017ebe da krenu ulicama gradova u spa\u0161avanje tih ugro\u017eenih ljudi. \u017duto-plavi kombiji Samur Sociala, slu\u017ebe za hitne slu\u010dajeve, kru\u017ee Madridom, gdje se tijekom petka o\u010dekuje temperatura od [&hellip;]<\/p>\n","protected":false},"author":2,"featured_media":52954,"comment_status":"closed","ping_status":"closed","sticky":false,"template":"","format":"standard","meta":{"h5ap_radio_sources":[],"footnotes":""},"categories":[1],"tags":[],"class_list":["post-52953","post","type-post","status-publish","format-standard","has-post-thumbnail","hentry","category-bihiregija"],"yoast_head":"<!-- This site is optimized with the Yoast SEO plugin v27.4 - https:\/\/yoast.com\/product\/yoast-seo-wordpress\/ -->\n<title>U Madridu se danas o\u010dekuju 42 stupnja, vlasti spa\u0161avaju tisu\u0107e besku\u0107nika s ulica - RADIO LJUBU\u0160KI<\/title>\n<meta name=\"robots\" content=\"index, follow, max-snippet:-1, max-image-preview:large, max-video-preview:-1\" \/>\n<link rel=\"canonical\" href=\"https:\/\/radioljubuski.ba\/index.php\/2021\/08\/13\/u-madridu-se-danas-ocekuju-42-stupnja-vlasti-spasavaju-tisuce-beskucnika-s-ulica\/\" \/>\n<meta property=\"og:locale\" content=\"hr_HR\" \/>\n<meta property=\"og:type\" content=\"article\" \/>\n<meta property=\"og:title\" content=\"U Madridu se danas o\u010dekuju 42 stupnja, vlasti spa\u0161avaju tisu\u0107e besku\u0107nika s ulica - RADIO LJUBU\u0160KI\" \/>\n<meta property=\"og:description\" content=\"Toplinski val koji ovih dana zahva\u0107a \u0160panjolsku ostavio je tisu\u0107e besku\u0107nika na milost visokim temperaturama, koje u nekim dijelovima zemlje prema\u0161uju 40 Celzijevih stupnjeva, \u0161to je potaknulo zdravstvene slu\u017ebe da krenu ulicama gradova u spa\u0161avanje tih ugro\u017eenih ljudi. \u017duto-plavi kombiji Samur Sociala, slu\u017ebe za hitne slu\u010dajeve, kru\u017ee Madridom, gdje se tijekom petka o\u010dekuje temperatura od [&hellip;]\" \/>\n<meta property=\"og:url\" content=\"https:\/\/radioljubuski.ba\/index.php\/2021\/08\/13\/u-madridu-se-danas-ocekuju-42-stupnja-vlasti-spasavaju-tisuce-beskucnika-s-ulica\/\" \/>\n<meta property=\"og:site_name\" content=\"RADIO LJUBU\u0160KI\" \/>\n<meta property=\"article:publisher\" content=\"https:\/\/www.facebook.com\/Radiio-Ljubuski-1490835324566332\" \/>\n<meta property=\"article:published_time\" content=\"2021-08-13T09:14:41+00:00\" \/>\n<meta property=\"article:modified_time\" content=\"2021-08-13T09:14:42+00:00\" \/>\n<meta property=\"og:image\" content=\"https:\/\/radioljubuski.ba\/wp-content\/uploads\/2021\/08\/8-2021-08-13-11-02-24-madrid.jpg\" \/>\n\t<meta property=\"og:image:width\" content=\"1000\" \/>\n\t<meta property=\"og:image:height\" content=\"625\" \/>\n\t<meta property=\"og:image:type\" content=\"image\/jpeg\" \/>\n<meta name=\"author\" content=\"Radio Ljubu\u0161ki\" \/>\n<meta name=\"twitter:card\" content=\"summary_large_image\" \/>\n<meta name=\"twitter:creator\" content=\"@radioljubuski\" \/>\n<meta name=\"twitter:site\" content=\"@radioljubuski\" \/>\n<meta name=\"twitter:label1\" content=\"Napisao\/la\" \/>\n\t<meta name=\"twitter:data1\" content=\"Radio Ljubu\u0161ki\" \/>\n\t<meta name=\"twitter:label2\" content=\"Procijenjeno vrijeme \u010ditanja\" \/>\n\t<meta name=\"twitter:data2\" content=\"3 minute\" \/>\n<script type=\"application\/ld+json\" class=\"yoast-schema-graph\">{\"@context\":\"https:\\\/\\\/schema.org\",\"@graph\":[{\"@type\":\"Article\",\"@id\":\"https:\\\/\\\/radioljubuski.ba\\\/index.php\\\/2021\\\/08\\\/13\\\/u-madridu-se-danas-ocekuju-42-stupnja-vlasti-spasavaju-tisuce-beskucnika-s-ulica\\\/#article\",\"isPartOf\":{\"@id\":\"https:\\\/\\\/radioljubuski.ba\\\/index.php\\\/2021\\\/08\\\/13\\\/u-madridu-se-danas-ocekuju-42-stupnja-vlasti-spasavaju-tisuce-beskucnika-s-ulica\\\/\"},\"author\":{\"name\":\"Radio Ljubu\u0161ki\",\"@id\":\"https:\\\/\\\/radioljubuski.ba\\\/#\\\/schema\\\/person\\\/19fc700381a780f69665d7956c469e3b\"},\"headline\":\"U Madridu se danas o\u010dekuju 42 stupnja, vlasti spa\u0161avaju tisu\u0107e besku\u0107nika s ulica\",\"datePublished\":\"2021-08-13T09:14:41+00:00\",\"dateModified\":\"2021-08-13T09:14:42+00:00\",\"mainEntityOfPage\":{\"@id\":\"https:\\\/\\\/radioljubuski.ba\\\/index.php\\\/2021\\\/08\\\/13\\\/u-madridu-se-danas-ocekuju-42-stupnja-vlasti-spasavaju-tisuce-beskucnika-s-ulica\\\/\"},\"wordCount\":556,\"publisher\":{\"@id\":\"https:\\\/\\\/radioljubuski.ba\\\/#organization\"},\"image\":{\"@id\":\"https:\\\/\\\/radioljubuski.ba\\\/index.php\\\/2021\\\/08\\\/13\\\/u-madridu-se-danas-ocekuju-42-stupnja-vlasti-spasavaju-tisuce-beskucnika-s-ulica\\\/#primaryimage\"},\"thumbnailUrl\":\"https:\\\/\\\/radioljubuski.ba\\\/wp-content\\\/uploads\\\/2021\\\/08\\\/8-2021-08-13-11-02-24-madrid.jpg\",\"articleSection\":[\"BIH i regija\"],\"inLanguage\":\"hr\"},{\"@type\":\"WebPage\",\"@id\":\"https:\\\/\\\/radioljubuski.ba\\\/index.php\\\/2021\\\/08\\\/13\\\/u-madridu-se-danas-ocekuju-42-stupnja-vlasti-spasavaju-tisuce-beskucnika-s-ulica\\\/\",\"url\":\"https:\\\/\\\/radioljubuski.ba\\\/index.php\\\/2021\\\/08\\\/13\\\/u-madridu-se-danas-ocekuju-42-stupnja-vlasti-spasavaju-tisuce-beskucnika-s-ulica\\\/\",\"name\":\"U Madridu se danas o\u010dekuju 42 stupnja, vlasti spa\u0161avaju tisu\u0107e besku\u0107nika s ulica - RADIO LJUBU\u0160KI\",\"isPartOf\":{\"@id\":\"https:\\\/\\\/radioljubuski.ba\\\/#website\"},\"primaryImageOfPage\":{\"@id\":\"https:\\\/\\\/radioljubuski.ba\\\/index.php\\\/2021\\\/08\\\/13\\\/u-madridu-se-danas-ocekuju-42-stupnja-vlasti-spasavaju-tisuce-beskucnika-s-ulica\\\/#primaryimage\"},\"image\":{\"@id\":\"https:\\\/\\\/radioljubuski.ba\\\/index.php\\\/2021\\\/08\\\/13\\\/u-madridu-se-danas-ocekuju-42-stupnja-vlasti-spasavaju-tisuce-beskucnika-s-ulica\\\/#primaryimage\"},\"thumbnailUrl\":\"https:\\\/\\\/radioljubuski.ba\\\/wp-content\\\/uploads\\\/2021\\\/08\\\/8-2021-08-13-11-02-24-madrid.jpg\",\"datePublished\":\"2021-08-13T09:14:41+00:00\",\"dateModified\":\"2021-08-13T09:14:42+00:00\",\"breadcrumb\":{\"@id\":\"https:\\\/\\\/radioljubuski.ba\\\/index.php\\\/2021\\\/08\\\/13\\\/u-madridu-se-danas-ocekuju-42-stupnja-vlasti-spasavaju-tisuce-beskucnika-s-ulica\\\/#breadcrumb\"},\"inLanguage\":\"hr\",\"potentialAction\":[{\"@type\":\"ReadAction\",\"target\":[\"https:\\\/\\\/radioljubuski.ba\\\/index.php\\\/2021\\\/08\\\/13\\\/u-madridu-se-danas-ocekuju-42-stupnja-vlasti-spasavaju-tisuce-beskucnika-s-ulica\\\/\"]}]},{\"@type\":\"ImageObject\",\"inLanguage\":\"hr\",\"@id\":\"https:\\\/\\\/radioljubuski.ba\\\/index.php\\\/2021\\\/08\\\/13\\\/u-madridu-se-danas-ocekuju-42-stupnja-vlasti-spasavaju-tisuce-beskucnika-s-ulica\\\/#primaryimage\",\"url\":\"https:\\\/\\\/radioljubuski.ba\\\/wp-content\\\/uploads\\\/2021\\\/08\\\/8-2021-08-13-11-02-24-madrid.jpg\",\"contentUrl\":\"https:\\\/\\\/radioljubuski.ba\\\/wp-content\\\/uploads\\\/2021\\\/08\\\/8-2021-08-13-11-02-24-madrid.jpg\",\"width\":1000,\"height\":625},{\"@type\":\"BreadcrumbList\",\"@id\":\"https:\\\/\\\/radioljubuski.ba\\\/index.php\\\/2021\\\/08\\\/13\\\/u-madridu-se-danas-ocekuju-42-stupnja-vlasti-spasavaju-tisuce-beskucnika-s-ulica\\\/#breadcrumb\",\"itemListElement\":[{\"@type\":\"ListItem\",\"position\":1,\"name\":\"Po\u010detna stranica\",\"item\":\"https:\\\/\\\/radioljubuski.ba\\\/\"},{\"@type\":\"ListItem\",\"position\":2,\"name\":\"U Madridu se danas o\u010dekuju 42 stupnja, vlasti spa\u0161avaju tisu\u0107e besku\u0107nika s ulica\"}]},{\"@type\":\"WebSite\",\"@id\":\"https:\\\/\\\/radioljubuski.ba\\\/#website\",\"url\":\"https:\\\/\\\/radioljubuski.ba\\\/\",\"name\":\"Radio Ljubu\u0161ki\",\"description\":\"Sun\u010dana frekvencija Hercegovine\",\"publisher\":{\"@id\":\"https:\\\/\\\/radioljubuski.ba\\\/#organization\"},\"potentialAction\":[{\"@type\":\"SearchAction\",\"target\":{\"@type\":\"EntryPoint\",\"urlTemplate\":\"https:\\\/\\\/radioljubuski.ba\\\/?s={search_term_string}\"},\"query-input\":{\"@type\":\"PropertyValueSpecification\",\"valueRequired\":true,\"valueName\":\"search_term_string\"}}],\"inLanguage\":\"hr\"},{\"@type\":\"Organization\",\"@id\":\"https:\\\/\\\/radioljubuski.ba\\\/#organization\",\"name\":\"Radio Ljubu\u0161ki\",\"url\":\"https:\\\/\\\/radioljubuski.ba\\\/\",\"logo\":{\"@type\":\"ImageObject\",\"inLanguage\":\"hr\",\"@id\":\"https:\\\/\\\/radioljubuski.ba\\\/#\\\/schema\\\/logo\\\/image\\\/\",\"url\":\"https:\\\/\\\/radioljubuski.ba\\\/wp-content\\\/uploads\\\/2021\\\/02\\\/cropped-Radio_Ljubuski_logo1.jpg\",\"contentUrl\":\"https:\\\/\\\/radioljubuski.ba\\\/wp-content\\\/uploads\\\/2021\\\/02\\\/cropped-Radio_Ljubuski_logo1.jpg\",\"width\":512,\"height\":512,\"caption\":\"Radio Ljubu\u0161ki\"},\"image\":{\"@id\":\"https:\\\/\\\/radioljubuski.ba\\\/#\\\/schema\\\/logo\\\/image\\\/\"},\"sameAs\":[\"https:\\\/\\\/www.facebook.com\\\/Radiio-Ljubuski-1490835324566332\",\"https:\\\/\\\/x.com\\\/radioljubuski\",\"https:\\\/\\\/hr.linkedin.com\\\/company\\\/radio-ljubuski\",\"https:\\\/\\\/www.youtube.com\\\/channel\\\/UCHYaeO_n0Db3tjNGudGpXyw\"]},{\"@type\":\"Person\",\"@id\":\"https:\\\/\\\/radioljubuski.ba\\\/#\\\/schema\\\/person\\\/19fc700381a780f69665d7956c469e3b\",\"name\":\"Radio Ljubu\u0161ki\"}]}<\/script>\n<!-- \/ Yoast SEO plugin. -->","yoast_head_json":{"title":"U Madridu se danas o\u010dekuju 42 stupnja, vlasti spa\u0161avaju tisu\u0107e besku\u0107nika s ulica - RADIO LJUBU\u0160KI","robots":{"index":"index","follow":"follow","max-snippet":"max-snippet:-1","max-image-preview":"max-image-preview:large","max-video-preview":"max-video-preview:-1"},"canonical":"https:\/\/radioljubuski.ba\/index.php\/2021\/08\/13\/u-madridu-se-danas-ocekuju-42-stupnja-vlasti-spasavaju-tisuce-beskucnika-s-ulica\/","og_locale":"hr_HR","og_type":"article","og_title":"U Madridu se danas o\u010dekuju 42 stupnja, vlasti spa\u0161avaju tisu\u0107e besku\u0107nika s ulica - RADIO LJUBU\u0160KI","og_description":"Toplinski val koji ovih dana zahva\u0107a \u0160panjolsku ostavio je tisu\u0107e besku\u0107nika na milost visokim temperaturama, koje u nekim dijelovima zemlje prema\u0161uju 40 Celzijevih stupnjeva, \u0161to je potaknulo zdravstvene slu\u017ebe da krenu ulicama gradova u spa\u0161avanje tih ugro\u017eenih ljudi. \u017duto-plavi kombiji Samur Sociala, slu\u017ebe za hitne slu\u010dajeve, kru\u017ee Madridom, gdje se tijekom petka o\u010dekuje temperatura od [&hellip;]","og_url":"https:\/\/radioljubuski.ba\/index.php\/2021\/08\/13\/u-madridu-se-danas-ocekuju-42-stupnja-vlasti-spasavaju-tisuce-beskucnika-s-ulica\/","og_site_name":"RADIO LJUBU\u0160KI","article_publisher":"https:\/\/www.facebook.com\/Radiio-Ljubuski-1490835324566332","article_published_time":"2021-08-13T09:14:41+00:00","article_modified_time":"2021-08-13T09:14:42+00:00","og_image":[{"width":1000,"height":625,"url":"https:\/\/radioljubuski.ba\/wp-content\/uploads\/2021\/08\/8-2021-08-13-11-02-24-madrid.jpg","type":"image\/jpeg"}],"author":"Radio Ljubu\u0161ki","twitter_card":"summary_large_image","twitter_creator":"@radioljubuski","twitter_site":"@radioljubuski","twitter_misc":{"Napisao\/la":"Radio Ljubu\u0161ki","Procijenjeno vrijeme \u010ditanja":"3 minute"},"schema":{"@context":"https:\/\/schema.org","@graph":[{"@type":"Article","@id":"https:\/\/radioljubuski.ba\/index.php\/2021\/08\/13\/u-madridu-se-danas-ocekuju-42-stupnja-vlasti-spasavaju-tisuce-beskucnika-s-ulica\/#article","isPartOf":{"@id":"https:\/\/radioljubuski.ba\/index.php\/2021\/08\/13\/u-madridu-se-danas-ocekuju-42-stupnja-vlasti-spasavaju-tisuce-beskucnika-s-ulica\/"},"author":{"name":"Radio Ljubu\u0161ki","@id":"https:\/\/radioljubuski.ba\/#\/schema\/person\/19fc700381a780f69665d7956c469e3b"},"headline":"U Madridu se danas o\u010dekuju 42 stupnja, vlasti spa\u0161avaju tisu\u0107e besku\u0107nika s ulica","datePublished":"2021-08-13T09:14:41+00:00","dateModified":"2021-08-13T09:14:42+00:00","mainEntityOfPage":{"@id":"https:\/\/radioljubuski.ba\/index.php\/2021\/08\/13\/u-madridu-se-danas-ocekuju-42-stupnja-vlasti-spasavaju-tisuce-beskucnika-s-ulica\/"},"wordCount":556,"publisher":{"@id":"https:\/\/radioljubuski.ba\/#organization"},"image":{"@id":"https:\/\/radioljubuski.ba\/index.php\/2021\/08\/13\/u-madridu-se-danas-ocekuju-42-stupnja-vlasti-spasavaju-tisuce-beskucnika-s-ulica\/#primaryimage"},"thumbnailUrl":"https:\/\/radioljubuski.ba\/wp-content\/uploads\/2021\/08\/8-2021-08-13-11-02-24-madrid.jpg","articleSection":["BIH i regija"],"inLanguage":"hr"},{"@type":"WebPage","@id":"https:\/\/radioljubuski.ba\/index.php\/2021\/08\/13\/u-madridu-se-danas-ocekuju-42-stupnja-vlasti-spasavaju-tisuce-beskucnika-s-ulica\/","url":"https:\/\/radioljubuski.ba\/index.php\/2021\/08\/13\/u-madridu-se-danas-ocekuju-42-stupnja-vlasti-spasavaju-tisuce-beskucnika-s-ulica\/","name":"U Madridu se danas o\u010dekuju 42 stupnja, vlasti spa\u0161avaju tisu\u0107e besku\u0107nika s ulica - RADIO LJUBU\u0160KI","isPartOf":{"@id":"https:\/\/radioljubuski.ba\/#website"},"primaryImageOfPage":{"@id":"https:\/\/radioljubuski.ba\/index.php\/2021\/08\/13\/u-madridu-se-danas-ocekuju-42-stupnja-vlasti-spasavaju-tisuce-beskucnika-s-ulica\/#primaryimage"},"image":{"@id":"https:\/\/radioljubuski.ba\/index.php\/2021\/08\/13\/u-madridu-se-danas-ocekuju-42-stupnja-vlasti-spasavaju-tisuce-beskucnika-s-ulica\/#primaryimage"},"thumbnailUrl":"https:\/\/radioljubuski.ba\/wp-content\/uploads\/2021\/08\/8-2021-08-13-11-02-24-madrid.jpg","datePublished":"2021-08-13T09:14:41+00:00","dateModified":"2021-08-13T09:14:42+00:00","breadcrumb":{"@id":"https:\/\/radioljubuski.ba\/index.php\/2021\/08\/13\/u-madridu-se-danas-ocekuju-42-stupnja-vlasti-spasavaju-tisuce-beskucnika-s-ulica\/#breadcrumb"},"inLanguage":"hr","potentialAction":[{"@type":"ReadAction","target":["https:\/\/radioljubuski.ba\/index.php\/2021\/08\/13\/u-madridu-se-danas-ocekuju-42-stupnja-vlasti-spasavaju-tisuce-beskucnika-s-ulica\/"]}]},{"@type":"ImageObject","inLanguage":"hr","@id":"https:\/\/radioljubuski.ba\/index.php\/2021\/08\/13\/u-madridu-se-danas-ocekuju-42-stupnja-vlasti-spasavaju-tisuce-beskucnika-s-ulica\/#primaryimage","url":"https:\/\/radioljubuski.ba\/wp-content\/uploads\/2021\/08\/8-2021-08-13-11-02-24-madrid.jpg","contentUrl":"https:\/\/radioljubuski.ba\/wp-content\/uploads\/2021\/08\/8-2021-08-13-11-02-24-madrid.jpg","width":1000,"height":625},{"@type":"BreadcrumbList","@id":"https:\/\/radioljubuski.ba\/index.php\/2021\/08\/13\/u-madridu-se-danas-ocekuju-42-stupnja-vlasti-spasavaju-tisuce-beskucnika-s-ulica\/#breadcrumb","itemListElement":[{"@type":"ListItem","position":1,"name":"Po\u010detna stranica","item":"https:\/\/radioljubuski.ba\/"},{"@type":"ListItem","position":2,"name":"U Madridu se danas o\u010dekuju 42 stupnja, vlasti spa\u0161avaju tisu\u0107e besku\u0107nika s ulica"}]},{"@type":"WebSite","@id":"https:\/\/radioljubuski.ba\/#website","url":"https:\/\/radioljubuski.ba\/","name":"Radio Ljubu\u0161ki","description":"Sun\u010dana frekvencija Hercegovine","publisher":{"@id":"https:\/\/radioljubuski.ba\/#organization"},"potentialAction":[{"@type":"SearchAction","target":{"@type":"EntryPoint","urlTemplate":"https:\/\/radioljubuski.ba\/?s={search_term_string}"},"query-input":{"@type":"PropertyValueSpecification","valueRequired":true,"valueName":"search_term_string"}}],"inLanguage":"hr"},{"@type":"Organization","@id":"https:\/\/radioljubuski.ba\/#organization","name":"Radio Ljubu\u0161ki","url":"https:\/\/radioljubuski.ba\/","logo":{"@type":"ImageObject","inLanguage":"hr","@id":"https:\/\/radioljubuski.ba\/#\/schema\/logo\/image\/","url":"https:\/\/radioljubuski.ba\/wp-content\/uploads\/2021\/02\/cropped-Radio_Ljubuski_logo1.jpg","contentUrl":"https:\/\/radioljubuski.ba\/wp-content\/uploads\/2021\/02\/cropped-Radio_Ljubuski_logo1.jpg","width":512,"height":512,"caption":"Radio Ljubu\u0161ki"},"image":{"@id":"https:\/\/radioljubuski.ba\/#\/schema\/logo\/image\/"},"sameAs":["https:\/\/www.facebook.com\/Radiio-Ljubuski-1490835324566332","https:\/\/x.com\/radioljubuski","https:\/\/hr.linkedin.com\/company\/radio-ljubuski","https:\/\/www.youtube.com\/channel\/UCHYaeO_n0Db3tjNGudGpXyw"]},{"@type":"Person","@id":"https:\/\/radioljubuski.ba\/#\/schema\/person\/19fc700381a780f69665d7956c469e3b","name":"Radio Ljubu\u0161ki"}]}},"_links":{"self":[{"href":"https:\/\/radioljubuski.ba\/index.php\/wp-json\/wp\/v2\/posts\/52953","targetHints":{"allow":["GET"]}}],"collection":[{"href":"https:\/\/radioljubuski.ba\/index.php\/wp-json\/wp\/v2\/posts"}],"about":[{"href":"https:\/\/radioljubuski.ba\/index.php\/wp-json\/wp\/v2\/types\/post"}],"author":[{"embeddable":true,"href":"https:\/\/radioljubuski.ba\/index.php\/wp-json\/wp\/v2\/users\/2"}],"replies":[{"embeddable":true,"href":"https:\/\/radioljubuski.ba\/index.php\/wp-json\/wp\/v2\/comments?post=52953"}],"version-history":[{"count":1,"href":"https:\/\/radioljubuski.ba\/index.php\/wp-json\/wp\/v2\/posts\/52953\/revisions"}],"predecessor-version":[{"id":52955,"href":"https:\/\/radioljubuski.ba\/index.php\/wp-json\/wp\/v2\/posts\/52953\/revisions\/52955"}],"wp:featuredmedia":[{"embeddable":true,"href":"https:\/\/radioljubuski.ba\/index.php\/wp-json\/wp\/v2\/media\/52954"}],"wp:attachment":[{"href":"https:\/\/radioljubuski.ba\/index.php\/wp-json\/wp\/v2\/media?parent=52953"}],"wp:term":[{"taxonomy":"category","embeddable":true,"href":"https:\/\/radioljubuski.ba\/index.php\/wp-json\/wp\/v2\/categories?post=52953"},{"taxonomy":"post_tag","embeddable":true,"href":"https:\/\/radioljubuski.ba\/index.php\/wp-json\/wp\/v2\/tags?post=52953"}],"curies":[{"name":"wp","href":"https:\/\/api.w.org\/{rel}","templated":true}]}}