{"id":52962,"date":"2021-08-13T10:20:01","date_gmt":"2021-08-13T09:20:01","guid":{"rendered":"https:\/\/radioljubuski.ba\/?p=52962"},"modified":"2021-08-13T10:20:02","modified_gmt":"2021-08-13T09:20:02","slug":"13-kolovoza-1941-u-srbiji-nastao-jedinstveni-kvislinski-dokument-pokornosti-nacizmu","status":"publish","type":"post","link":"https:\/\/radioljubuski.ba\/index.php\/2021\/08\/13\/13-kolovoza-1941-u-srbiji-nastao-jedinstveni-kvislinski-dokument-pokornosti-nacizmu\/","title":{"rendered":"13. kolovoza 1941. U Srbiji nastao jedinstveni kvislin\u0161ki dokument pokornosti nacizmu"},"content":{"rendered":"\n<p>Dokument je potpisalo 545 srpskih najuglednijih Srba i gotovo cijela srbijanska dru\u0161tvena krema: episkopi SPC-a, biv\u0161i ministri, generali, akademici, sveu\u010dili\u0161ni profesori, ugledni gospodarstvenici i drugi.<\/p>\n\n\n\n<p>Bio je to jedinstveni kvislin\u0161ki dokument javne, masovne i pismene potpore nacionalsocijalizmu u porobljenoj Europi 1941.<\/p>\n\n\n\n<p>Zanimljivo je da su mnogi potpisnici Apela kasnije bili podobni i dobivali slu\u017ebe novoj vlasti u Jugoslaviji 1945. godine. \u010cak 28 potpisnika Apela postali su u komunisti\u010dkoj Jugoslaviji \u010dlanovi Srpske akademije znanosti i umjetnosti (SANU) a njih jo\u0161 dvanaestorica u\u0161li su u poslijeratnu jugoslavensku komunisti\u010dku i partizansku vladu. Historiografija u Jugoslaviji ve\u0107inom je \u0161utjela je o ovom dokumentu ili ga tek sporadi\u010dno spominjala izvan bitnog dosega za javnost. Kao i o mnogim sramnim stvarima koje su se doga\u0111ale u Srbiji od 1941.-1945 godine. Naju\u017easnije bilo je to \u0161to se nije jasno nagla\u0161avalo ili \u010dak skrivalo da je Srbija bila prva dr\u017eava Europe koja je u II. svjetskom ratu progla\u0161ena \u2018judenfrei\u2019 \u2013 slobodnom od \u017didova koji su ve\u0107inom ubijeni ili deportirani u njema\u010dke logore.<\/p>\n\n\n\n<p>Iz dokumenta je jasno da je srbijanska dru\u0161tvena elita pristala na kolaboraciju s nacisti\u010dkim okupatorskim re\u017eimom i pozvala srpski narod na ne-otpor i suradnju nacistima, prvenstveno da sa\u010duva Srbiju od bilo kakvih sukoba ili rata, te koliko je mogu\u0107e prebaci ratno djelovanje u susjednu NDH. To se i dogodilo, jer je Srbija bila sa\u010duvana od ve\u0107ih ratnih sukoba od studenog 1941. sve do jeseni 1944. kada u Srbiju ulazi Crvena Armija, te u politi\u010dko-vojnom dogovoru s Titovim partizanima, osloba\u0111a Beograd. Ve\u0107ina borbi i te\u0161kih ratnih sukoba na tlu biv\u0161e Jugoslavije nije se vodila u Srbiji, nego u NDH (gotovo sve od 7 \u201epartizanskih ofenziva\u201c), te donijela velike ljudske i materijalne gubitke u Hrvatskoj i BiH (tada NDH).<\/p>\n\n\n\n<p>Po\u010detak Apela glasi ovako:<\/p>\n\n\n\n<p>\u201eSrpski narod do\u017eivljava te\u0161ke dane. U ovim sudbonosnim trenucima, du\u017enost je svakog Srbina, svakog pravog rodoljuba, da svim svojim snagama pomogne da se u zemlji sa\u010duva mir i red, jer je samo tako mogu\u0107e da se uspje\u0161no izvr\u0161iti veliko djelo nacionalne obnove otad\u017ebine (domovine) i na\u0161em napa\u0107enom narodu osigurati bolja budu\u0107nost\u2026<\/p>\n\n\n\n<p>Svaki trezven i pametan Srbin, svaki dobronamjeran sin ove zemlje koji misli svojom glavom shva\u0107a opasnosti koje nam prijete. Njegova su strahovanja opravdana kada se imaju na umu opasnosti kojima je jedna pobije\u0111ena zemlja izlo\u017eena kada se u njoj pomuti mir. Njegovo je gnu\u0161anje izazvano naro\u010dito kada se na ponudu pobjednika (nacista op.) za lojalnu suradnju, odgovara pucanjem iz zasjede. Ovakav mu\u010dki i nedostojan na\u010din borbe ne odgovara vite\u0161kom duhu na\u0161eg naroda, i baca te\u0161ku ljagu na cio srpski narod. ..<\/p>\n\n\n\n<p>Zato pozivamo cjelokupan srpski narod da odlu\u010dno u svakoj prilici i svima sredstvima pomogne na\u0161e vlasti u borbi protiv ovih zlotvora (partizana i komunista op.) srpskog naroda i njegove budu\u0107nosti.\u201c 1<\/p>\n\n\n\n<p>Ovaj Apel nije bio izuzetak ve\u0107 stav velikog broja uglednika, potpisan imenom i prezimenom najuglednijih i najistaknutijih Srba.<\/p>\n\n\n\n<p>Proglas su potpisale vladike, akademici, profesori, lije\u010dnici, in\u017eenjeri, kulturnjaci, pisci, trgovci, novinari, gospodarstvenici i veliki dio srbijanske dru\u0161tvene elite.<\/p>\n\n\n\n<p>Srbija je, naime, uvijek u ratovima i prijelomnim vremenima djelovala vrlo lukavo i pragmati\u010dno u ratovima stvaraju\u0107i razne kompromise, la\u017ei, prijetvornost i himbenost, podr\u017eavaju\u0107i \u010dak i okupaciju vlastite dr\u017eave i naroda, nastoje\u0107i ratne gubitke i sukobe prenijeti na obli\u017enje okolne narode i dr\u017eave. Tako je Srbija najve\u0107im dijelom ostala nedirnuta u II. svjetskom ratu i Domovinskom ratu, a i ve\u0107em dijelu I. svjetskog rata nakon poraza i odlaska srbijanske vojske iz Srbije krajem 1915. pa sve do kraja rata.<\/p>\n\n\n\n<p>Ta prljava igra Srbije, koju Hrvati vrlo slabo razumiju, gotovo da je nakon smrti predsjednika Tu\u0111mana, dovela do inverzije doga\u0111anja u Domovinskom ratu. Pobjednik je trebao postati pora\u017een, a pora\u017eeni je trebao postati \u017ertva i pobjednik. Srbija u miru nastoji dobiti ono \u0161to izgubi ratom.<\/p>\n\n\n\n<p>Samo u ljeto 1941., ve\u0107 po\u010detkom rata, su iza\u0161la tri sramna dokumenta koja u sebi jasno ocrtavaju politi\u010dku lukavost i namjere:<\/p>\n\n\n\n<p>U lipnju 1941. nastaje dokument Homogena Srbija kojim se programatski tra\u017ei genocid nad Hrvatima i muslimanima radi stvaranja Velike Srbije u okviru Jugoslavije. Taj genocidni dokument osnova je \u010detni\u010dkog pokreta 1941., ali i 1991. godine. \u010cetni\u0161tvo je danas u Srbiji gotovo u potpunosti javno i politi\u010dki rehabilitirano, usprkos ponovnim zlo\u010dinima u posljednjem ratu.<\/p>\n\n\n\n<p>U lipnju 1941. nastaje dokument SPC-a Valerijanov memorandum, koji ima dopune u kolovozu i rujnu, te ve\u0107 na po\u010detku rata progla\u0161ava da je prvo 180.000, a onda \u010dak 300.000 Srba ubijeno u prvim danima rata u NDH.<br>U kolovozu 1941. nastaje Apel srpskom narodu kao jedinstveni kvislin\u0161ki dokument poziva na suradnju s nacistima i protiv je bilo kakvog otpora nacizmu.<\/p>\n\n\n\n<p>Na temelju tog javnog Apela na gu\u0161enje bilo kakvog otpora nacistima osnovana je 29. kolovoza 1941. nova Vlada narodnog spasa pod vodstvom generala Milana Nedi\u0107a, nekada\u0161njeg jugoslavenskog ministra vojske i mornarice. Dva dana ranije u Beogradu je odr\u017ean i javni skup na kojem je stanovni\u0161tvo Beograda jo\u0161 jednom bilo pozvano na suradnju s Nijemcima.<\/p>\n\n\n\n<p>Milan Nedi\u0107 je bio sna\u017eno podr\u017ean od Srpske pravoslavne crkve, pa je ve\u0107 2. rujna 1941. vrh SPC-a posjetio Milana Nedi\u0107a, predsjednika vlade u nacisti\u010dkoj i kolaboracionisti\u010dkoj Srbiji, te je u duhu Apela donio zaklju\u010dak su \u201egospoda arhijereji pokazali u toku razgovora puno razumijevanje sa sve rodoljubive napore generala Nedi\u0107a koje imaju za cilj sti\u0161avanje strasti u narodu, zavo\u0111enje reda, suzbijanje nenarodnih razornih elemenata, da bi srpski narod sa \u0161to manje \u017ertava i patnji prebrodio sada\u0161nja te\u0161ka isku\u0161enja\u2026da \u0107e Srpska pravoslavna crkva, u duhu tradicija svetosavskog pravoslavlja, nastaviti boriti na strani generala Nedi\u0107a\u2026\u201c 2<\/p>\n\n\n\n<p>1 \u201cNovo vreme\u201d 13.VIII.1941.<\/p>\n\n\n\n<p>2 \u201eNovo vreme\u201c, 29.X.1941.<\/p>\n\n\n\n<p><em>Izvor: narod.hr<\/em><\/p>\n","protected":false},"excerpt":{"rendered":"<p>Dokument je potpisalo 545 srpskih najuglednijih Srba i gotovo cijela srbijanska dru\u0161tvena krema: episkopi SPC-a, biv\u0161i ministri, generali, akademici, sveu\u010dili\u0161ni profesori, ugledni gospodarstvenici i drugi. Bio je to jedinstveni kvislin\u0161ki dokument javne, masovne i pismene potpore nacionalsocijalizmu u porobljenoj Europi 1941. Zanimljivo je da su mnogi potpisnici Apela kasnije bili podobni i dobivali slu\u017ebe novoj [&hellip;]<\/p>\n","protected":false},"author":2,"featured_media":52963,"comment_status":"closed","ping_status":"closed","sticky":false,"template":"","format":"standard","meta":{"h5ap_radio_sources":[],"footnotes":""},"categories":[1],"tags":[],"class_list":["post-52962","post","type-post","status-publish","format-standard","has-post-thumbnail","hentry","category-bihiregija"],"yoast_head":"<!-- This site is optimized with the Yoast SEO plugin v27.4 - https:\/\/yoast.com\/product\/yoast-seo-wordpress\/ -->\n<title>13. kolovoza 1941. U Srbiji nastao jedinstveni kvislin\u0161ki dokument pokornosti nacizmu - RADIO LJUBU\u0160KI<\/title>\n<meta name=\"robots\" content=\"index, follow, max-snippet:-1, max-image-preview:large, max-video-preview:-1\" \/>\n<link rel=\"canonical\" href=\"https:\/\/radioljubuski.ba\/index.php\/2021\/08\/13\/13-kolovoza-1941-u-srbiji-nastao-jedinstveni-kvislinski-dokument-pokornosti-nacizmu\/\" \/>\n<meta property=\"og:locale\" content=\"hr_HR\" \/>\n<meta property=\"og:type\" content=\"article\" \/>\n<meta property=\"og:title\" content=\"13. kolovoza 1941. U Srbiji nastao jedinstveni kvislin\u0161ki dokument pokornosti nacizmu - RADIO LJUBU\u0160KI\" \/>\n<meta property=\"og:description\" content=\"Dokument je potpisalo 545 srpskih najuglednijih Srba i gotovo cijela srbijanska dru\u0161tvena krema: episkopi SPC-a, biv\u0161i ministri, generali, akademici, sveu\u010dili\u0161ni profesori, ugledni gospodarstvenici i drugi. Bio je to jedinstveni kvislin\u0161ki dokument javne, masovne i pismene potpore nacionalsocijalizmu u porobljenoj Europi 1941. Zanimljivo je da su mnogi potpisnici Apela kasnije bili podobni i dobivali slu\u017ebe novoj [&hellip;]\" \/>\n<meta property=\"og:url\" content=\"https:\/\/radioljubuski.ba\/index.php\/2021\/08\/13\/13-kolovoza-1941-u-srbiji-nastao-jedinstveni-kvislinski-dokument-pokornosti-nacizmu\/\" \/>\n<meta property=\"og:site_name\" content=\"RADIO LJUBU\u0160KI\" \/>\n<meta property=\"article:publisher\" content=\"https:\/\/www.facebook.com\/Radiio-Ljubuski-1490835324566332\" \/>\n<meta property=\"article:published_time\" content=\"2021-08-13T09:20:01+00:00\" \/>\n<meta property=\"article:modified_time\" content=\"2021-08-13T09:20:02+00:00\" \/>\n<meta property=\"og:image\" content=\"https:\/\/radioljubuski.ba\/wp-content\/uploads\/2021\/08\/Apel_srpskom_narodu.jpg\" \/>\n\t<meta property=\"og:image:width\" content=\"675\" \/>\n\t<meta property=\"og:image:height\" content=\"553\" \/>\n\t<meta property=\"og:image:type\" content=\"image\/jpeg\" \/>\n<meta name=\"author\" content=\"Radio Ljubu\u0161ki\" \/>\n<meta name=\"twitter:card\" content=\"summary_large_image\" \/>\n<meta name=\"twitter:creator\" content=\"@radioljubuski\" \/>\n<meta name=\"twitter:site\" content=\"@radioljubuski\" \/>\n<meta name=\"twitter:label1\" content=\"Napisao\/la\" \/>\n\t<meta name=\"twitter:data1\" content=\"Radio Ljubu\u0161ki\" \/>\n\t<meta name=\"twitter:label2\" content=\"Procijenjeno vrijeme \u010ditanja\" \/>\n\t<meta name=\"twitter:data2\" content=\"4 minute\" \/>\n<script type=\"application\/ld+json\" class=\"yoast-schema-graph\">{\"@context\":\"https:\\\/\\\/schema.org\",\"@graph\":[{\"@type\":\"Article\",\"@id\":\"https:\\\/\\\/radioljubuski.ba\\\/index.php\\\/2021\\\/08\\\/13\\\/13-kolovoza-1941-u-srbiji-nastao-jedinstveni-kvislinski-dokument-pokornosti-nacizmu\\\/#article\",\"isPartOf\":{\"@id\":\"https:\\\/\\\/radioljubuski.ba\\\/index.php\\\/2021\\\/08\\\/13\\\/13-kolovoza-1941-u-srbiji-nastao-jedinstveni-kvislinski-dokument-pokornosti-nacizmu\\\/\"},\"author\":{\"name\":\"Radio Ljubu\u0161ki\",\"@id\":\"https:\\\/\\\/radioljubuski.ba\\\/#\\\/schema\\\/person\\\/19fc700381a780f69665d7956c469e3b\"},\"headline\":\"13. kolovoza 1941. U Srbiji nastao jedinstveni kvislin\u0161ki dokument pokornosti nacizmu\",\"datePublished\":\"2021-08-13T09:20:01+00:00\",\"dateModified\":\"2021-08-13T09:20:02+00:00\",\"mainEntityOfPage\":{\"@id\":\"https:\\\/\\\/radioljubuski.ba\\\/index.php\\\/2021\\\/08\\\/13\\\/13-kolovoza-1941-u-srbiji-nastao-jedinstveni-kvislinski-dokument-pokornosti-nacizmu\\\/\"},\"wordCount\":989,\"publisher\":{\"@id\":\"https:\\\/\\\/radioljubuski.ba\\\/#organization\"},\"image\":{\"@id\":\"https:\\\/\\\/radioljubuski.ba\\\/index.php\\\/2021\\\/08\\\/13\\\/13-kolovoza-1941-u-srbiji-nastao-jedinstveni-kvislinski-dokument-pokornosti-nacizmu\\\/#primaryimage\"},\"thumbnailUrl\":\"https:\\\/\\\/radioljubuski.ba\\\/wp-content\\\/uploads\\\/2021\\\/08\\\/Apel_srpskom_narodu.jpg\",\"articleSection\":[\"BIH i regija\"],\"inLanguage\":\"hr\"},{\"@type\":\"WebPage\",\"@id\":\"https:\\\/\\\/radioljubuski.ba\\\/index.php\\\/2021\\\/08\\\/13\\\/13-kolovoza-1941-u-srbiji-nastao-jedinstveni-kvislinski-dokument-pokornosti-nacizmu\\\/\",\"url\":\"https:\\\/\\\/radioljubuski.ba\\\/index.php\\\/2021\\\/08\\\/13\\\/13-kolovoza-1941-u-srbiji-nastao-jedinstveni-kvislinski-dokument-pokornosti-nacizmu\\\/\",\"name\":\"13. kolovoza 1941. U Srbiji nastao jedinstveni kvislin\u0161ki dokument pokornosti nacizmu - RADIO LJUBU\u0160KI\",\"isPartOf\":{\"@id\":\"https:\\\/\\\/radioljubuski.ba\\\/#website\"},\"primaryImageOfPage\":{\"@id\":\"https:\\\/\\\/radioljubuski.ba\\\/index.php\\\/2021\\\/08\\\/13\\\/13-kolovoza-1941-u-srbiji-nastao-jedinstveni-kvislinski-dokument-pokornosti-nacizmu\\\/#primaryimage\"},\"image\":{\"@id\":\"https:\\\/\\\/radioljubuski.ba\\\/index.php\\\/2021\\\/08\\\/13\\\/13-kolovoza-1941-u-srbiji-nastao-jedinstveni-kvislinski-dokument-pokornosti-nacizmu\\\/#primaryimage\"},\"thumbnailUrl\":\"https:\\\/\\\/radioljubuski.ba\\\/wp-content\\\/uploads\\\/2021\\\/08\\\/Apel_srpskom_narodu.jpg\",\"datePublished\":\"2021-08-13T09:20:01+00:00\",\"dateModified\":\"2021-08-13T09:20:02+00:00\",\"breadcrumb\":{\"@id\":\"https:\\\/\\\/radioljubuski.ba\\\/index.php\\\/2021\\\/08\\\/13\\\/13-kolovoza-1941-u-srbiji-nastao-jedinstveni-kvislinski-dokument-pokornosti-nacizmu\\\/#breadcrumb\"},\"inLanguage\":\"hr\",\"potentialAction\":[{\"@type\":\"ReadAction\",\"target\":[\"https:\\\/\\\/radioljubuski.ba\\\/index.php\\\/2021\\\/08\\\/13\\\/13-kolovoza-1941-u-srbiji-nastao-jedinstveni-kvislinski-dokument-pokornosti-nacizmu\\\/\"]}]},{\"@type\":\"ImageObject\",\"inLanguage\":\"hr\",\"@id\":\"https:\\\/\\\/radioljubuski.ba\\\/index.php\\\/2021\\\/08\\\/13\\\/13-kolovoza-1941-u-srbiji-nastao-jedinstveni-kvislinski-dokument-pokornosti-nacizmu\\\/#primaryimage\",\"url\":\"https:\\\/\\\/radioljubuski.ba\\\/wp-content\\\/uploads\\\/2021\\\/08\\\/Apel_srpskom_narodu.jpg\",\"contentUrl\":\"https:\\\/\\\/radioljubuski.ba\\\/wp-content\\\/uploads\\\/2021\\\/08\\\/Apel_srpskom_narodu.jpg\",\"width\":675,\"height\":553},{\"@type\":\"BreadcrumbList\",\"@id\":\"https:\\\/\\\/radioljubuski.ba\\\/index.php\\\/2021\\\/08\\\/13\\\/13-kolovoza-1941-u-srbiji-nastao-jedinstveni-kvislinski-dokument-pokornosti-nacizmu\\\/#breadcrumb\",\"itemListElement\":[{\"@type\":\"ListItem\",\"position\":1,\"name\":\"Po\u010detna stranica\",\"item\":\"https:\\\/\\\/radioljubuski.ba\\\/\"},{\"@type\":\"ListItem\",\"position\":2,\"name\":\"13. kolovoza 1941. U Srbiji nastao jedinstveni kvislin\u0161ki dokument pokornosti nacizmu\"}]},{\"@type\":\"WebSite\",\"@id\":\"https:\\\/\\\/radioljubuski.ba\\\/#website\",\"url\":\"https:\\\/\\\/radioljubuski.ba\\\/\",\"name\":\"Radio Ljubu\u0161ki\",\"description\":\"Sun\u010dana frekvencija Hercegovine\",\"publisher\":{\"@id\":\"https:\\\/\\\/radioljubuski.ba\\\/#organization\"},\"potentialAction\":[{\"@type\":\"SearchAction\",\"target\":{\"@type\":\"EntryPoint\",\"urlTemplate\":\"https:\\\/\\\/radioljubuski.ba\\\/?s={search_term_string}\"},\"query-input\":{\"@type\":\"PropertyValueSpecification\",\"valueRequired\":true,\"valueName\":\"search_term_string\"}}],\"inLanguage\":\"hr\"},{\"@type\":\"Organization\",\"@id\":\"https:\\\/\\\/radioljubuski.ba\\\/#organization\",\"name\":\"Radio Ljubu\u0161ki\",\"url\":\"https:\\\/\\\/radioljubuski.ba\\\/\",\"logo\":{\"@type\":\"ImageObject\",\"inLanguage\":\"hr\",\"@id\":\"https:\\\/\\\/radioljubuski.ba\\\/#\\\/schema\\\/logo\\\/image\\\/\",\"url\":\"https:\\\/\\\/radioljubuski.ba\\\/wp-content\\\/uploads\\\/2021\\\/02\\\/cropped-Radio_Ljubuski_logo1.jpg\",\"contentUrl\":\"https:\\\/\\\/radioljubuski.ba\\\/wp-content\\\/uploads\\\/2021\\\/02\\\/cropped-Radio_Ljubuski_logo1.jpg\",\"width\":512,\"height\":512,\"caption\":\"Radio Ljubu\u0161ki\"},\"image\":{\"@id\":\"https:\\\/\\\/radioljubuski.ba\\\/#\\\/schema\\\/logo\\\/image\\\/\"},\"sameAs\":[\"https:\\\/\\\/www.facebook.com\\\/Radiio-Ljubuski-1490835324566332\",\"https:\\\/\\\/x.com\\\/radioljubuski\",\"https:\\\/\\\/hr.linkedin.com\\\/company\\\/radio-ljubuski\",\"https:\\\/\\\/www.youtube.com\\\/channel\\\/UCHYaeO_n0Db3tjNGudGpXyw\"]},{\"@type\":\"Person\",\"@id\":\"https:\\\/\\\/radioljubuski.ba\\\/#\\\/schema\\\/person\\\/19fc700381a780f69665d7956c469e3b\",\"name\":\"Radio Ljubu\u0161ki\"}]}<\/script>\n<!-- \/ Yoast SEO plugin. -->","yoast_head_json":{"title":"13. kolovoza 1941. U Srbiji nastao jedinstveni kvislin\u0161ki dokument pokornosti nacizmu - RADIO LJUBU\u0160KI","robots":{"index":"index","follow":"follow","max-snippet":"max-snippet:-1","max-image-preview":"max-image-preview:large","max-video-preview":"max-video-preview:-1"},"canonical":"https:\/\/radioljubuski.ba\/index.php\/2021\/08\/13\/13-kolovoza-1941-u-srbiji-nastao-jedinstveni-kvislinski-dokument-pokornosti-nacizmu\/","og_locale":"hr_HR","og_type":"article","og_title":"13. kolovoza 1941. U Srbiji nastao jedinstveni kvislin\u0161ki dokument pokornosti nacizmu - RADIO LJUBU\u0160KI","og_description":"Dokument je potpisalo 545 srpskih najuglednijih Srba i gotovo cijela srbijanska dru\u0161tvena krema: episkopi SPC-a, biv\u0161i ministri, generali, akademici, sveu\u010dili\u0161ni profesori, ugledni gospodarstvenici i drugi. Bio je to jedinstveni kvislin\u0161ki dokument javne, masovne i pismene potpore nacionalsocijalizmu u porobljenoj Europi 1941. Zanimljivo je da su mnogi potpisnici Apela kasnije bili podobni i dobivali slu\u017ebe novoj [&hellip;]","og_url":"https:\/\/radioljubuski.ba\/index.php\/2021\/08\/13\/13-kolovoza-1941-u-srbiji-nastao-jedinstveni-kvislinski-dokument-pokornosti-nacizmu\/","og_site_name":"RADIO LJUBU\u0160KI","article_publisher":"https:\/\/www.facebook.com\/Radiio-Ljubuski-1490835324566332","article_published_time":"2021-08-13T09:20:01+00:00","article_modified_time":"2021-08-13T09:20:02+00:00","og_image":[{"width":675,"height":553,"url":"https:\/\/radioljubuski.ba\/wp-content\/uploads\/2021\/08\/Apel_srpskom_narodu.jpg","type":"image\/jpeg"}],"author":"Radio Ljubu\u0161ki","twitter_card":"summary_large_image","twitter_creator":"@radioljubuski","twitter_site":"@radioljubuski","twitter_misc":{"Napisao\/la":"Radio Ljubu\u0161ki","Procijenjeno vrijeme \u010ditanja":"4 minute"},"schema":{"@context":"https:\/\/schema.org","@graph":[{"@type":"Article","@id":"https:\/\/radioljubuski.ba\/index.php\/2021\/08\/13\/13-kolovoza-1941-u-srbiji-nastao-jedinstveni-kvislinski-dokument-pokornosti-nacizmu\/#article","isPartOf":{"@id":"https:\/\/radioljubuski.ba\/index.php\/2021\/08\/13\/13-kolovoza-1941-u-srbiji-nastao-jedinstveni-kvislinski-dokument-pokornosti-nacizmu\/"},"author":{"name":"Radio Ljubu\u0161ki","@id":"https:\/\/radioljubuski.ba\/#\/schema\/person\/19fc700381a780f69665d7956c469e3b"},"headline":"13. kolovoza 1941. U Srbiji nastao jedinstveni kvislin\u0161ki dokument pokornosti nacizmu","datePublished":"2021-08-13T09:20:01+00:00","dateModified":"2021-08-13T09:20:02+00:00","mainEntityOfPage":{"@id":"https:\/\/radioljubuski.ba\/index.php\/2021\/08\/13\/13-kolovoza-1941-u-srbiji-nastao-jedinstveni-kvislinski-dokument-pokornosti-nacizmu\/"},"wordCount":989,"publisher":{"@id":"https:\/\/radioljubuski.ba\/#organization"},"image":{"@id":"https:\/\/radioljubuski.ba\/index.php\/2021\/08\/13\/13-kolovoza-1941-u-srbiji-nastao-jedinstveni-kvislinski-dokument-pokornosti-nacizmu\/#primaryimage"},"thumbnailUrl":"https:\/\/radioljubuski.ba\/wp-content\/uploads\/2021\/08\/Apel_srpskom_narodu.jpg","articleSection":["BIH i regija"],"inLanguage":"hr"},{"@type":"WebPage","@id":"https:\/\/radioljubuski.ba\/index.php\/2021\/08\/13\/13-kolovoza-1941-u-srbiji-nastao-jedinstveni-kvislinski-dokument-pokornosti-nacizmu\/","url":"https:\/\/radioljubuski.ba\/index.php\/2021\/08\/13\/13-kolovoza-1941-u-srbiji-nastao-jedinstveni-kvislinski-dokument-pokornosti-nacizmu\/","name":"13. kolovoza 1941. U Srbiji nastao jedinstveni kvislin\u0161ki dokument pokornosti nacizmu - RADIO LJUBU\u0160KI","isPartOf":{"@id":"https:\/\/radioljubuski.ba\/#website"},"primaryImageOfPage":{"@id":"https:\/\/radioljubuski.ba\/index.php\/2021\/08\/13\/13-kolovoza-1941-u-srbiji-nastao-jedinstveni-kvislinski-dokument-pokornosti-nacizmu\/#primaryimage"},"image":{"@id":"https:\/\/radioljubuski.ba\/index.php\/2021\/08\/13\/13-kolovoza-1941-u-srbiji-nastao-jedinstveni-kvislinski-dokument-pokornosti-nacizmu\/#primaryimage"},"thumbnailUrl":"https:\/\/radioljubuski.ba\/wp-content\/uploads\/2021\/08\/Apel_srpskom_narodu.jpg","datePublished":"2021-08-13T09:20:01+00:00","dateModified":"2021-08-13T09:20:02+00:00","breadcrumb":{"@id":"https:\/\/radioljubuski.ba\/index.php\/2021\/08\/13\/13-kolovoza-1941-u-srbiji-nastao-jedinstveni-kvislinski-dokument-pokornosti-nacizmu\/#breadcrumb"},"inLanguage":"hr","potentialAction":[{"@type":"ReadAction","target":["https:\/\/radioljubuski.ba\/index.php\/2021\/08\/13\/13-kolovoza-1941-u-srbiji-nastao-jedinstveni-kvislinski-dokument-pokornosti-nacizmu\/"]}]},{"@type":"ImageObject","inLanguage":"hr","@id":"https:\/\/radioljubuski.ba\/index.php\/2021\/08\/13\/13-kolovoza-1941-u-srbiji-nastao-jedinstveni-kvislinski-dokument-pokornosti-nacizmu\/#primaryimage","url":"https:\/\/radioljubuski.ba\/wp-content\/uploads\/2021\/08\/Apel_srpskom_narodu.jpg","contentUrl":"https:\/\/radioljubuski.ba\/wp-content\/uploads\/2021\/08\/Apel_srpskom_narodu.jpg","width":675,"height":553},{"@type":"BreadcrumbList","@id":"https:\/\/radioljubuski.ba\/index.php\/2021\/08\/13\/13-kolovoza-1941-u-srbiji-nastao-jedinstveni-kvislinski-dokument-pokornosti-nacizmu\/#breadcrumb","itemListElement":[{"@type":"ListItem","position":1,"name":"Po\u010detna stranica","item":"https:\/\/radioljubuski.ba\/"},{"@type":"ListItem","position":2,"name":"13. kolovoza 1941. U Srbiji nastao jedinstveni kvislin\u0161ki dokument pokornosti nacizmu"}]},{"@type":"WebSite","@id":"https:\/\/radioljubuski.ba\/#website","url":"https:\/\/radioljubuski.ba\/","name":"Radio Ljubu\u0161ki","description":"Sun\u010dana frekvencija Hercegovine","publisher":{"@id":"https:\/\/radioljubuski.ba\/#organization"},"potentialAction":[{"@type":"SearchAction","target":{"@type":"EntryPoint","urlTemplate":"https:\/\/radioljubuski.ba\/?s={search_term_string}"},"query-input":{"@type":"PropertyValueSpecification","valueRequired":true,"valueName":"search_term_string"}}],"inLanguage":"hr"},{"@type":"Organization","@id":"https:\/\/radioljubuski.ba\/#organization","name":"Radio Ljubu\u0161ki","url":"https:\/\/radioljubuski.ba\/","logo":{"@type":"ImageObject","inLanguage":"hr","@id":"https:\/\/radioljubuski.ba\/#\/schema\/logo\/image\/","url":"https:\/\/radioljubuski.ba\/wp-content\/uploads\/2021\/02\/cropped-Radio_Ljubuski_logo1.jpg","contentUrl":"https:\/\/radioljubuski.ba\/wp-content\/uploads\/2021\/02\/cropped-Radio_Ljubuski_logo1.jpg","width":512,"height":512,"caption":"Radio Ljubu\u0161ki"},"image":{"@id":"https:\/\/radioljubuski.ba\/#\/schema\/logo\/image\/"},"sameAs":["https:\/\/www.facebook.com\/Radiio-Ljubuski-1490835324566332","https:\/\/x.com\/radioljubuski","https:\/\/hr.linkedin.com\/company\/radio-ljubuski","https:\/\/www.youtube.com\/channel\/UCHYaeO_n0Db3tjNGudGpXyw"]},{"@type":"Person","@id":"https:\/\/radioljubuski.ba\/#\/schema\/person\/19fc700381a780f69665d7956c469e3b","name":"Radio Ljubu\u0161ki"}]}},"_links":{"self":[{"href":"https:\/\/radioljubuski.ba\/index.php\/wp-json\/wp\/v2\/posts\/52962","targetHints":{"allow":["GET"]}}],"collection":[{"href":"https:\/\/radioljubuski.ba\/index.php\/wp-json\/wp\/v2\/posts"}],"about":[{"href":"https:\/\/radioljubuski.ba\/index.php\/wp-json\/wp\/v2\/types\/post"}],"author":[{"embeddable":true,"href":"https:\/\/radioljubuski.ba\/index.php\/wp-json\/wp\/v2\/users\/2"}],"replies":[{"embeddable":true,"href":"https:\/\/radioljubuski.ba\/index.php\/wp-json\/wp\/v2\/comments?post=52962"}],"version-history":[{"count":1,"href":"https:\/\/radioljubuski.ba\/index.php\/wp-json\/wp\/v2\/posts\/52962\/revisions"}],"predecessor-version":[{"id":52964,"href":"https:\/\/radioljubuski.ba\/index.php\/wp-json\/wp\/v2\/posts\/52962\/revisions\/52964"}],"wp:featuredmedia":[{"embeddable":true,"href":"https:\/\/radioljubuski.ba\/index.php\/wp-json\/wp\/v2\/media\/52963"}],"wp:attachment":[{"href":"https:\/\/radioljubuski.ba\/index.php\/wp-json\/wp\/v2\/media?parent=52962"}],"wp:term":[{"taxonomy":"category","embeddable":true,"href":"https:\/\/radioljubuski.ba\/index.php\/wp-json\/wp\/v2\/categories?post=52962"},{"taxonomy":"post_tag","embeddable":true,"href":"https:\/\/radioljubuski.ba\/index.php\/wp-json\/wp\/v2\/tags?post=52962"}],"curies":[{"name":"wp","href":"https:\/\/api.w.org\/{rel}","templated":true}]}}