{"id":52974,"date":"2021-08-13T10:27:47","date_gmt":"2021-08-13T09:27:47","guid":{"rendered":"https:\/\/radioljubuski.ba\/?p=52974"},"modified":"2021-08-13T10:27:47","modified_gmt":"2021-08-13T09:27:47","slug":"liverpool-nece-dovoditi-pojacanja-idemo-pogledati-nas-sastav","status":"publish","type":"post","link":"https:\/\/radioljubuski.ba\/index.php\/2021\/08\/13\/liverpool-nece-dovoditi-pojacanja-idemo-pogledati-nas-sastav\/","title":{"rendered":"Liverpool ne\u0107e dovoditi poja\u010danja: \u2018Idemo pogledati na\u0161 sastav\u2019"},"content":{"rendered":"\n<p>I dok se drugi poja\u010davaju kod <strong>Liverpoola<\/strong> to izgleda ne\u0107e biti slu\u010daj. Naime, menad\u017eer spomenutog kluba, njema\u010dki stru\u010dnjak, <strong>Jurgen Klopp<\/strong>, tvrdi da je to to \u0161to se ti\u010de poja\u010danja za Redse ovog ljeta<\/p>\n\n\n\n<p>Naime, englesko prvenstvo kre\u0107e danas, a Liverpool u prvom kolu gostuje u <strong>Norwichu<\/strong>. Biv\u0161i engleski prvak doveo je samo stopera <strong>Ibrahima Konatea<\/strong>, dok je iz Liverpoola oti\u0161ao, i to kao slobodan igra\u010d, <strong>Wijnaldum<\/strong>, u francuski <strong>PSG<\/strong>, koji se ovog ljeta zastra\u0161uju\u0107e poja\u010dao, doveli su \u010dak i <strong>Lionela Messija<\/strong> iz <strong>Barcelone<\/strong>.<\/p>\n\n\n\n<p><em>\u201dLjeto je, prelazni rok je, svi o\u010dekuju neke nove igra\u010de. Vidjet \u0107emo \u0161to \u0107e se dogoditi. Idemo pogledati na\u0161 sastav. \u017delim li novog beka? Novog golmana? Tu ve\u0107 imamo dobre igra\u010de. U sredini imamo iskusne nogometa\u0161e poput Tiaga, Fabinha, Hendersona, Chamberlaina i Keite\u201d<\/em>, rekao je Klopp te je dodao:<\/p>\n\n\n\n<p><em>\u201cUz njih i talentirane Eliota i Jonesa. U napadu, tu su Mane, Firmino, Salah, Joa, Minamimo i Origi\u201d.<\/em><\/p>\n\n\n\n<p>Tek \u0107e se vidjeti ho\u0107e li ovaj sastav Liverpoola biti dovoljno mo\u0107an za osvajanje ponekog trofeja. Konkurencija u <strong>Engleskoj<\/strong> i <strong>Ligi prvaka<\/strong> je stra\u0161na.<\/p>\n\n\n\n<p><em>Izvor: narod.hr<\/em><\/p>\n","protected":false},"excerpt":{"rendered":"<p>I dok se drugi poja\u010davaju kod Liverpoola to izgleda ne\u0107e biti slu\u010daj. Naime, menad\u017eer spomenutog kluba, njema\u010dki stru\u010dnjak, Jurgen Klopp, tvrdi da je to to \u0161to se ti\u010de poja\u010danja za Redse ovog ljeta Naime, englesko prvenstvo kre\u0107e danas, a Liverpool u prvom kolu gostuje u Norwichu. Biv\u0161i engleski prvak doveo je samo stopera Ibrahima Konatea, [&hellip;]<\/p>\n","protected":false},"author":2,"featured_media":52975,"comment_status":"closed","ping_status":"closed","sticky":false,"template":"","format":"standard","meta":{"h5ap_radio_sources":[],"footnotes":""},"categories":[7],"tags":[],"class_list":["post-52974","post","type-post","status-publish","format-standard","has-post-thumbnail","hentry","category-sport"],"yoast_head":"<!-- This site is optimized with the Yoast SEO plugin v27.4 - https:\/\/yoast.com\/product\/yoast-seo-wordpress\/ -->\n<title>Liverpool ne\u0107e dovoditi poja\u010danja: \u2018Idemo pogledati na\u0161 sastav\u2019 - RADIO LJUBU\u0160KI<\/title>\n<meta name=\"robots\" content=\"index, follow, max-snippet:-1, max-image-preview:large, max-video-preview:-1\" \/>\n<link rel=\"canonical\" href=\"https:\/\/radioljubuski.ba\/index.php\/2021\/08\/13\/liverpool-nece-dovoditi-pojacanja-idemo-pogledati-nas-sastav\/\" \/>\n<meta property=\"og:locale\" content=\"hr_HR\" \/>\n<meta property=\"og:type\" content=\"article\" \/>\n<meta property=\"og:title\" content=\"Liverpool ne\u0107e dovoditi poja\u010danja: \u2018Idemo pogledati na\u0161 sastav\u2019 - RADIO LJUBU\u0160KI\" \/>\n<meta property=\"og:description\" content=\"I dok se drugi poja\u010davaju kod Liverpoola to izgleda ne\u0107e biti slu\u010daj. Naime, menad\u017eer spomenutog kluba, njema\u010dki stru\u010dnjak, Jurgen Klopp, tvrdi da je to to \u0161to se ti\u010de poja\u010danja za Redse ovog ljeta Naime, englesko prvenstvo kre\u0107e danas, a Liverpool u prvom kolu gostuje u Norwichu. Biv\u0161i engleski prvak doveo je samo stopera Ibrahima Konatea, [&hellip;]\" \/>\n<meta property=\"og:url\" content=\"https:\/\/radioljubuski.ba\/index.php\/2021\/08\/13\/liverpool-nece-dovoditi-pojacanja-idemo-pogledati-nas-sastav\/\" \/>\n<meta property=\"og:site_name\" content=\"RADIO LJUBU\u0160KI\" \/>\n<meta property=\"article:publisher\" content=\"https:\/\/www.facebook.com\/Radiio-Ljubuski-1490835324566332\" \/>\n<meta property=\"article:published_time\" content=\"2021-08-13T09:27:47+00:00\" \/>\n<meta property=\"og:image\" content=\"https:\/\/radioljubuski.ba\/wp-content\/uploads\/2021\/08\/HN20201217845189-696x479-1.jpg\" \/>\n\t<meta property=\"og:image:width\" content=\"696\" \/>\n\t<meta property=\"og:image:height\" content=\"479\" \/>\n\t<meta property=\"og:image:type\" content=\"image\/jpeg\" \/>\n<meta name=\"author\" content=\"Radio Ljubu\u0161ki\" \/>\n<meta name=\"twitter:card\" content=\"summary_large_image\" \/>\n<meta name=\"twitter:creator\" content=\"@radioljubuski\" \/>\n<meta name=\"twitter:site\" content=\"@radioljubuski\" \/>\n<meta name=\"twitter:label1\" content=\"Napisao\/la\" \/>\n\t<meta name=\"twitter:data1\" content=\"Radio Ljubu\u0161ki\" \/>\n\t<meta name=\"twitter:label2\" content=\"Procijenjeno vrijeme \u010ditanja\" \/>\n\t<meta name=\"twitter:data2\" content=\"1 minuta\" \/>\n<script type=\"application\/ld+json\" class=\"yoast-schema-graph\">{\"@context\":\"https:\\\/\\\/schema.org\",\"@graph\":[{\"@type\":\"Article\",\"@id\":\"https:\\\/\\\/radioljubuski.ba\\\/index.php\\\/2021\\\/08\\\/13\\\/liverpool-nece-dovoditi-pojacanja-idemo-pogledati-nas-sastav\\\/#article\",\"isPartOf\":{\"@id\":\"https:\\\/\\\/radioljubuski.ba\\\/index.php\\\/2021\\\/08\\\/13\\\/liverpool-nece-dovoditi-pojacanja-idemo-pogledati-nas-sastav\\\/\"},\"author\":{\"name\":\"Radio Ljubu\u0161ki\",\"@id\":\"https:\\\/\\\/radioljubuski.ba\\\/#\\\/schema\\\/person\\\/19fc700381a780f69665d7956c469e3b\"},\"headline\":\"Liverpool ne\u0107e dovoditi poja\u010danja: \u2018Idemo pogledati na\u0161 sastav\u2019\",\"datePublished\":\"2021-08-13T09:27:47+00:00\",\"mainEntityOfPage\":{\"@id\":\"https:\\\/\\\/radioljubuski.ba\\\/index.php\\\/2021\\\/08\\\/13\\\/liverpool-nece-dovoditi-pojacanja-idemo-pogledati-nas-sastav\\\/\"},\"wordCount\":208,\"publisher\":{\"@id\":\"https:\\\/\\\/radioljubuski.ba\\\/#organization\"},\"image\":{\"@id\":\"https:\\\/\\\/radioljubuski.ba\\\/index.php\\\/2021\\\/08\\\/13\\\/liverpool-nece-dovoditi-pojacanja-idemo-pogledati-nas-sastav\\\/#primaryimage\"},\"thumbnailUrl\":\"https:\\\/\\\/radioljubuski.ba\\\/wp-content\\\/uploads\\\/2021\\\/08\\\/HN20201217845189-696x479-1.jpg\",\"articleSection\":[\"\u0160port\"],\"inLanguage\":\"hr\"},{\"@type\":\"WebPage\",\"@id\":\"https:\\\/\\\/radioljubuski.ba\\\/index.php\\\/2021\\\/08\\\/13\\\/liverpool-nece-dovoditi-pojacanja-idemo-pogledati-nas-sastav\\\/\",\"url\":\"https:\\\/\\\/radioljubuski.ba\\\/index.php\\\/2021\\\/08\\\/13\\\/liverpool-nece-dovoditi-pojacanja-idemo-pogledati-nas-sastav\\\/\",\"name\":\"Liverpool ne\u0107e dovoditi poja\u010danja: \u2018Idemo pogledati na\u0161 sastav\u2019 - RADIO LJUBU\u0160KI\",\"isPartOf\":{\"@id\":\"https:\\\/\\\/radioljubuski.ba\\\/#website\"},\"primaryImageOfPage\":{\"@id\":\"https:\\\/\\\/radioljubuski.ba\\\/index.php\\\/2021\\\/08\\\/13\\\/liverpool-nece-dovoditi-pojacanja-idemo-pogledati-nas-sastav\\\/#primaryimage\"},\"image\":{\"@id\":\"https:\\\/\\\/radioljubuski.ba\\\/index.php\\\/2021\\\/08\\\/13\\\/liverpool-nece-dovoditi-pojacanja-idemo-pogledati-nas-sastav\\\/#primaryimage\"},\"thumbnailUrl\":\"https:\\\/\\\/radioljubuski.ba\\\/wp-content\\\/uploads\\\/2021\\\/08\\\/HN20201217845189-696x479-1.jpg\",\"datePublished\":\"2021-08-13T09:27:47+00:00\",\"breadcrumb\":{\"@id\":\"https:\\\/\\\/radioljubuski.ba\\\/index.php\\\/2021\\\/08\\\/13\\\/liverpool-nece-dovoditi-pojacanja-idemo-pogledati-nas-sastav\\\/#breadcrumb\"},\"inLanguage\":\"hr\",\"potentialAction\":[{\"@type\":\"ReadAction\",\"target\":[\"https:\\\/\\\/radioljubuski.ba\\\/index.php\\\/2021\\\/08\\\/13\\\/liverpool-nece-dovoditi-pojacanja-idemo-pogledati-nas-sastav\\\/\"]}]},{\"@type\":\"ImageObject\",\"inLanguage\":\"hr\",\"@id\":\"https:\\\/\\\/radioljubuski.ba\\\/index.php\\\/2021\\\/08\\\/13\\\/liverpool-nece-dovoditi-pojacanja-idemo-pogledati-nas-sastav\\\/#primaryimage\",\"url\":\"https:\\\/\\\/radioljubuski.ba\\\/wp-content\\\/uploads\\\/2021\\\/08\\\/HN20201217845189-696x479-1.jpg\",\"contentUrl\":\"https:\\\/\\\/radioljubuski.ba\\\/wp-content\\\/uploads\\\/2021\\\/08\\\/HN20201217845189-696x479-1.jpg\",\"width\":696,\"height\":479},{\"@type\":\"BreadcrumbList\",\"@id\":\"https:\\\/\\\/radioljubuski.ba\\\/index.php\\\/2021\\\/08\\\/13\\\/liverpool-nece-dovoditi-pojacanja-idemo-pogledati-nas-sastav\\\/#breadcrumb\",\"itemListElement\":[{\"@type\":\"ListItem\",\"position\":1,\"name\":\"Po\u010detna stranica\",\"item\":\"https:\\\/\\\/radioljubuski.ba\\\/\"},{\"@type\":\"ListItem\",\"position\":2,\"name\":\"Liverpool ne\u0107e dovoditi poja\u010danja: \u2018Idemo pogledati na\u0161 sastav\u2019\"}]},{\"@type\":\"WebSite\",\"@id\":\"https:\\\/\\\/radioljubuski.ba\\\/#website\",\"url\":\"https:\\\/\\\/radioljubuski.ba\\\/\",\"name\":\"Radio Ljubu\u0161ki\",\"description\":\"Sun\u010dana frekvencija Hercegovine\",\"publisher\":{\"@id\":\"https:\\\/\\\/radioljubuski.ba\\\/#organization\"},\"potentialAction\":[{\"@type\":\"SearchAction\",\"target\":{\"@type\":\"EntryPoint\",\"urlTemplate\":\"https:\\\/\\\/radioljubuski.ba\\\/?s={search_term_string}\"},\"query-input\":{\"@type\":\"PropertyValueSpecification\",\"valueRequired\":true,\"valueName\":\"search_term_string\"}}],\"inLanguage\":\"hr\"},{\"@type\":\"Organization\",\"@id\":\"https:\\\/\\\/radioljubuski.ba\\\/#organization\",\"name\":\"Radio Ljubu\u0161ki\",\"url\":\"https:\\\/\\\/radioljubuski.ba\\\/\",\"logo\":{\"@type\":\"ImageObject\",\"inLanguage\":\"hr\",\"@id\":\"https:\\\/\\\/radioljubuski.ba\\\/#\\\/schema\\\/logo\\\/image\\\/\",\"url\":\"https:\\\/\\\/radioljubuski.ba\\\/wp-content\\\/uploads\\\/2021\\\/02\\\/cropped-Radio_Ljubuski_logo1.jpg\",\"contentUrl\":\"https:\\\/\\\/radioljubuski.ba\\\/wp-content\\\/uploads\\\/2021\\\/02\\\/cropped-Radio_Ljubuski_logo1.jpg\",\"width\":512,\"height\":512,\"caption\":\"Radio Ljubu\u0161ki\"},\"image\":{\"@id\":\"https:\\\/\\\/radioljubuski.ba\\\/#\\\/schema\\\/logo\\\/image\\\/\"},\"sameAs\":[\"https:\\\/\\\/www.facebook.com\\\/Radiio-Ljubuski-1490835324566332\",\"https:\\\/\\\/x.com\\\/radioljubuski\",\"https:\\\/\\\/hr.linkedin.com\\\/company\\\/radio-ljubuski\",\"https:\\\/\\\/www.youtube.com\\\/channel\\\/UCHYaeO_n0Db3tjNGudGpXyw\"]},{\"@type\":\"Person\",\"@id\":\"https:\\\/\\\/radioljubuski.ba\\\/#\\\/schema\\\/person\\\/19fc700381a780f69665d7956c469e3b\",\"name\":\"Radio Ljubu\u0161ki\"}]}<\/script>\n<!-- \/ Yoast SEO plugin. -->","yoast_head_json":{"title":"Liverpool ne\u0107e dovoditi poja\u010danja: \u2018Idemo pogledati na\u0161 sastav\u2019 - RADIO LJUBU\u0160KI","robots":{"index":"index","follow":"follow","max-snippet":"max-snippet:-1","max-image-preview":"max-image-preview:large","max-video-preview":"max-video-preview:-1"},"canonical":"https:\/\/radioljubuski.ba\/index.php\/2021\/08\/13\/liverpool-nece-dovoditi-pojacanja-idemo-pogledati-nas-sastav\/","og_locale":"hr_HR","og_type":"article","og_title":"Liverpool ne\u0107e dovoditi poja\u010danja: \u2018Idemo pogledati na\u0161 sastav\u2019 - RADIO LJUBU\u0160KI","og_description":"I dok se drugi poja\u010davaju kod Liverpoola to izgleda ne\u0107e biti slu\u010daj. Naime, menad\u017eer spomenutog kluba, njema\u010dki stru\u010dnjak, Jurgen Klopp, tvrdi da je to to \u0161to se ti\u010de poja\u010danja za Redse ovog ljeta Naime, englesko prvenstvo kre\u0107e danas, a Liverpool u prvom kolu gostuje u Norwichu. Biv\u0161i engleski prvak doveo je samo stopera Ibrahima Konatea, [&hellip;]","og_url":"https:\/\/radioljubuski.ba\/index.php\/2021\/08\/13\/liverpool-nece-dovoditi-pojacanja-idemo-pogledati-nas-sastav\/","og_site_name":"RADIO LJUBU\u0160KI","article_publisher":"https:\/\/www.facebook.com\/Radiio-Ljubuski-1490835324566332","article_published_time":"2021-08-13T09:27:47+00:00","og_image":[{"width":696,"height":479,"url":"https:\/\/radioljubuski.ba\/wp-content\/uploads\/2021\/08\/HN20201217845189-696x479-1.jpg","type":"image\/jpeg"}],"author":"Radio Ljubu\u0161ki","twitter_card":"summary_large_image","twitter_creator":"@radioljubuski","twitter_site":"@radioljubuski","twitter_misc":{"Napisao\/la":"Radio Ljubu\u0161ki","Procijenjeno vrijeme \u010ditanja":"1 minuta"},"schema":{"@context":"https:\/\/schema.org","@graph":[{"@type":"Article","@id":"https:\/\/radioljubuski.ba\/index.php\/2021\/08\/13\/liverpool-nece-dovoditi-pojacanja-idemo-pogledati-nas-sastav\/#article","isPartOf":{"@id":"https:\/\/radioljubuski.ba\/index.php\/2021\/08\/13\/liverpool-nece-dovoditi-pojacanja-idemo-pogledati-nas-sastav\/"},"author":{"name":"Radio Ljubu\u0161ki","@id":"https:\/\/radioljubuski.ba\/#\/schema\/person\/19fc700381a780f69665d7956c469e3b"},"headline":"Liverpool ne\u0107e dovoditi poja\u010danja: \u2018Idemo pogledati na\u0161 sastav\u2019","datePublished":"2021-08-13T09:27:47+00:00","mainEntityOfPage":{"@id":"https:\/\/radioljubuski.ba\/index.php\/2021\/08\/13\/liverpool-nece-dovoditi-pojacanja-idemo-pogledati-nas-sastav\/"},"wordCount":208,"publisher":{"@id":"https:\/\/radioljubuski.ba\/#organization"},"image":{"@id":"https:\/\/radioljubuski.ba\/index.php\/2021\/08\/13\/liverpool-nece-dovoditi-pojacanja-idemo-pogledati-nas-sastav\/#primaryimage"},"thumbnailUrl":"https:\/\/radioljubuski.ba\/wp-content\/uploads\/2021\/08\/HN20201217845189-696x479-1.jpg","articleSection":["\u0160port"],"inLanguage":"hr"},{"@type":"WebPage","@id":"https:\/\/radioljubuski.ba\/index.php\/2021\/08\/13\/liverpool-nece-dovoditi-pojacanja-idemo-pogledati-nas-sastav\/","url":"https:\/\/radioljubuski.ba\/index.php\/2021\/08\/13\/liverpool-nece-dovoditi-pojacanja-idemo-pogledati-nas-sastav\/","name":"Liverpool ne\u0107e dovoditi poja\u010danja: \u2018Idemo pogledati na\u0161 sastav\u2019 - RADIO LJUBU\u0160KI","isPartOf":{"@id":"https:\/\/radioljubuski.ba\/#website"},"primaryImageOfPage":{"@id":"https:\/\/radioljubuski.ba\/index.php\/2021\/08\/13\/liverpool-nece-dovoditi-pojacanja-idemo-pogledati-nas-sastav\/#primaryimage"},"image":{"@id":"https:\/\/radioljubuski.ba\/index.php\/2021\/08\/13\/liverpool-nece-dovoditi-pojacanja-idemo-pogledati-nas-sastav\/#primaryimage"},"thumbnailUrl":"https:\/\/radioljubuski.ba\/wp-content\/uploads\/2021\/08\/HN20201217845189-696x479-1.jpg","datePublished":"2021-08-13T09:27:47+00:00","breadcrumb":{"@id":"https:\/\/radioljubuski.ba\/index.php\/2021\/08\/13\/liverpool-nece-dovoditi-pojacanja-idemo-pogledati-nas-sastav\/#breadcrumb"},"inLanguage":"hr","potentialAction":[{"@type":"ReadAction","target":["https:\/\/radioljubuski.ba\/index.php\/2021\/08\/13\/liverpool-nece-dovoditi-pojacanja-idemo-pogledati-nas-sastav\/"]}]},{"@type":"ImageObject","inLanguage":"hr","@id":"https:\/\/radioljubuski.ba\/index.php\/2021\/08\/13\/liverpool-nece-dovoditi-pojacanja-idemo-pogledati-nas-sastav\/#primaryimage","url":"https:\/\/radioljubuski.ba\/wp-content\/uploads\/2021\/08\/HN20201217845189-696x479-1.jpg","contentUrl":"https:\/\/radioljubuski.ba\/wp-content\/uploads\/2021\/08\/HN20201217845189-696x479-1.jpg","width":696,"height":479},{"@type":"BreadcrumbList","@id":"https:\/\/radioljubuski.ba\/index.php\/2021\/08\/13\/liverpool-nece-dovoditi-pojacanja-idemo-pogledati-nas-sastav\/#breadcrumb","itemListElement":[{"@type":"ListItem","position":1,"name":"Po\u010detna stranica","item":"https:\/\/radioljubuski.ba\/"},{"@type":"ListItem","position":2,"name":"Liverpool ne\u0107e dovoditi poja\u010danja: \u2018Idemo pogledati na\u0161 sastav\u2019"}]},{"@type":"WebSite","@id":"https:\/\/radioljubuski.ba\/#website","url":"https:\/\/radioljubuski.ba\/","name":"Radio Ljubu\u0161ki","description":"Sun\u010dana frekvencija Hercegovine","publisher":{"@id":"https:\/\/radioljubuski.ba\/#organization"},"potentialAction":[{"@type":"SearchAction","target":{"@type":"EntryPoint","urlTemplate":"https:\/\/radioljubuski.ba\/?s={search_term_string}"},"query-input":{"@type":"PropertyValueSpecification","valueRequired":true,"valueName":"search_term_string"}}],"inLanguage":"hr"},{"@type":"Organization","@id":"https:\/\/radioljubuski.ba\/#organization","name":"Radio Ljubu\u0161ki","url":"https:\/\/radioljubuski.ba\/","logo":{"@type":"ImageObject","inLanguage":"hr","@id":"https:\/\/radioljubuski.ba\/#\/schema\/logo\/image\/","url":"https:\/\/radioljubuski.ba\/wp-content\/uploads\/2021\/02\/cropped-Radio_Ljubuski_logo1.jpg","contentUrl":"https:\/\/radioljubuski.ba\/wp-content\/uploads\/2021\/02\/cropped-Radio_Ljubuski_logo1.jpg","width":512,"height":512,"caption":"Radio Ljubu\u0161ki"},"image":{"@id":"https:\/\/radioljubuski.ba\/#\/schema\/logo\/image\/"},"sameAs":["https:\/\/www.facebook.com\/Radiio-Ljubuski-1490835324566332","https:\/\/x.com\/radioljubuski","https:\/\/hr.linkedin.com\/company\/radio-ljubuski","https:\/\/www.youtube.com\/channel\/UCHYaeO_n0Db3tjNGudGpXyw"]},{"@type":"Person","@id":"https:\/\/radioljubuski.ba\/#\/schema\/person\/19fc700381a780f69665d7956c469e3b","name":"Radio Ljubu\u0161ki"}]}},"_links":{"self":[{"href":"https:\/\/radioljubuski.ba\/index.php\/wp-json\/wp\/v2\/posts\/52974","targetHints":{"allow":["GET"]}}],"collection":[{"href":"https:\/\/radioljubuski.ba\/index.php\/wp-json\/wp\/v2\/posts"}],"about":[{"href":"https:\/\/radioljubuski.ba\/index.php\/wp-json\/wp\/v2\/types\/post"}],"author":[{"embeddable":true,"href":"https:\/\/radioljubuski.ba\/index.php\/wp-json\/wp\/v2\/users\/2"}],"replies":[{"embeddable":true,"href":"https:\/\/radioljubuski.ba\/index.php\/wp-json\/wp\/v2\/comments?post=52974"}],"version-history":[{"count":1,"href":"https:\/\/radioljubuski.ba\/index.php\/wp-json\/wp\/v2\/posts\/52974\/revisions"}],"predecessor-version":[{"id":52976,"href":"https:\/\/radioljubuski.ba\/index.php\/wp-json\/wp\/v2\/posts\/52974\/revisions\/52976"}],"wp:featuredmedia":[{"embeddable":true,"href":"https:\/\/radioljubuski.ba\/index.php\/wp-json\/wp\/v2\/media\/52975"}],"wp:attachment":[{"href":"https:\/\/radioljubuski.ba\/index.php\/wp-json\/wp\/v2\/media?parent=52974"}],"wp:term":[{"taxonomy":"category","embeddable":true,"href":"https:\/\/radioljubuski.ba\/index.php\/wp-json\/wp\/v2\/categories?post=52974"},{"taxonomy":"post_tag","embeddable":true,"href":"https:\/\/radioljubuski.ba\/index.php\/wp-json\/wp\/v2\/tags?post=52974"}],"curies":[{"name":"wp","href":"https:\/\/api.w.org\/{rel}","templated":true}]}}