{"id":52990,"date":"2021-08-13T10:38:53","date_gmt":"2021-08-13T09:38:53","guid":{"rendered":"https:\/\/radioljubuski.ba\/?p=52990"},"modified":"2021-08-13T10:38:54","modified_gmt":"2021-08-13T09:38:54","slug":"novi-drzavljani-rh-morat-ce-svojom-cascu-prisezati-u-mup-u","status":"publish","type":"post","link":"https:\/\/radioljubuski.ba\/index.php\/2021\/08\/13\/novi-drzavljani-rh-morat-ce-svojom-cascu-prisezati-u-mup-u\/","title":{"rendered":"Novi dr\u017eavljani RH morat \u0107e svojom \u010da\u0161\u0107u prisezati u MUP-u"},"content":{"rendered":"\n<p>Nacrt prvog Pravilnika o na\u010dinu i postupku davanja sve\u010dane prisege definira \u0161to \u0107e tra\u017eitelji dr\u017eavljanstva morati obaviti prije nego \u0161to im se sve\u010dano uru\u010di domovnica, pi\u0161e u petak Jutarnji list, navode\u0107i da \u0107e novi dr\u017eavljani svojom \u010da\u0161\u0107u prisezati u MUP-u.<\/p>\n\n\n\n<p>Prise\u017eem svojom \u010da\u0161\u0107u da \u0107u se kao hrvatski dr\u017eavljanin ili dr\u017eavljanka pridr\u017eavati Ustava i zakona te po\u0161tivati pravni poredak, kulturu i obi\u010daje u Republici Hrvatskoj. Tako glasi ju\u010der objavljeni tekst prisege za primanje u hrvatsko dr\u017eavljanstvo po tzv. priro\u0111enju, odnosno za gra\u0111ane, strane dr\u017eavljane koji ne mogu dobiti domovnicu po podrijetlu ili ro\u0111enju u Hrvatskoj, navodi dnevnik.<\/p>\n\n\n\n<p>Pravilnik o na\u010dinu i postupku davanja sve\u010dane prisege s pripadaju\u0107im tekstom same prisege objavio je ju\u010der ministar unutarnjih poslova Davor Bo\u017einovi\u0107, nakon \u0161to je vlada odustala od ideje da se tekst i na\u010din davanja prisege unesu u Zakon o hrvatskom dr\u017eavljanstvu.<\/p>\n\n\n\n<p>Vlada je, naime, krajem 2018. krenula u izmjene Zakona o hrvatskom dr\u017eavljanstvu s uvo\u0111enjem sve\u010dane prisege za primanje u dr\u017eavljanstvo priro\u0111enjem, unijev\u0161i u pripadaju\u0107i prijedlog zakona teksta i postupak davanja prisege. Pritom na snazi ostaju dotada\u0161nji uvjeti za dobivanje dr\u017eavljanstva priro\u0111enjem, poput punoljetnosti, poznavanja hrvatskog jezika i pisma te neprekidnog boravka u trajanju od pet godina na teritoriju Hrvatske.<\/p>\n\n\n\n<p>Prema prvotnom prijedlogu Plenkovi\u0107eve vlade, kandidati za hrvatsko dr\u017eavljanstvo davali bi kolektivnu prisegu jednom godi\u0161nje u prigodi dr\u017eavnih blagdana u \u017eupanijama, gradovima i op\u0107inama u zemlji, odnosno u diplomatskim predstavni\u0161tvima dr\u017eave u inozemstvu.<\/p>\n\n\n\n<p>No, iz kona\u010dne verzije spomenutog zakona, koji je u listopadu 2019. i usvojen u Saboru, izba\u010deni su tekst i na\u010din davanje prisege, a umjesto toga je ministru unutarnjih poslova propisana obveza da donose pripadaju\u0107i pravilnik, \u0161to je on ju\u010der i u\u010dinio.<\/p>\n\n\n\n<p>U Bo\u017einovi\u0107evom pravilniku tekst prisege doslovce je prepisan iz prijedloga zakona koji je krajem 2018. poslan u raspravu, ali je promijenjen na\u010din davanja prisege. Umjesto kolektivnog polaganja u prigodi dr\u017eavnih blagdana, kandidati za hrvatsko dr\u017eavljanstvo, prema pravilniku, davat \u0107e prisegu na poziv MUP-a u prostorijama policijskih uprava ili u diplomatskim predstavni\u0161tvima dr\u017eave u inozemstvu, donosi Jutarnji list.<\/p>\n\n\n\n<p>Izvor:pogled.ba<\/p>\n","protected":false},"excerpt":{"rendered":"<p>Nacrt prvog Pravilnika o na\u010dinu i postupku davanja sve\u010dane prisege definira \u0161to \u0107e tra\u017eitelji dr\u017eavljanstva morati obaviti prije nego \u0161to im se sve\u010dano uru\u010di domovnica, pi\u0161e u petak Jutarnji list, navode\u0107i da \u0107e novi dr\u017eavljani svojom \u010da\u0161\u0107u prisezati u MUP-u. Prise\u017eem svojom \u010da\u0161\u0107u da \u0107u se kao hrvatski dr\u017eavljanin ili dr\u017eavljanka pridr\u017eavati Ustava i zakona [&hellip;]<\/p>\n","protected":false},"author":2,"featured_media":52991,"comment_status":"closed","ping_status":"closed","sticky":false,"template":"","format":"standard","meta":{"h5ap_radio_sources":[],"footnotes":""},"categories":[1],"tags":[],"class_list":["post-52990","post","type-post","status-publish","format-standard","has-post-thumbnail","hentry","category-bihiregija"],"yoast_head":"<!-- This site is optimized with the Yoast SEO plugin v27.4 - https:\/\/yoast.com\/product\/yoast-seo-wordpress\/ -->\n<title>Novi dr\u017eavljani RH morat \u0107e svojom \u010da\u0161\u0107u prisezati u MUP-u - RADIO LJUBU\u0160KI<\/title>\n<meta name=\"robots\" content=\"index, follow, max-snippet:-1, max-image-preview:large, max-video-preview:-1\" \/>\n<link rel=\"canonical\" href=\"https:\/\/radioljubuski.ba\/index.php\/2021\/08\/13\/novi-drzavljani-rh-morat-ce-svojom-cascu-prisezati-u-mup-u\/\" \/>\n<meta property=\"og:locale\" content=\"hr_HR\" \/>\n<meta property=\"og:type\" content=\"article\" \/>\n<meta property=\"og:title\" content=\"Novi dr\u017eavljani RH morat \u0107e svojom \u010da\u0161\u0107u prisezati u MUP-u - RADIO LJUBU\u0160KI\" \/>\n<meta property=\"og:description\" content=\"Nacrt prvog Pravilnika o na\u010dinu i postupku davanja sve\u010dane prisege definira \u0161to \u0107e tra\u017eitelji dr\u017eavljanstva morati obaviti prije nego \u0161to im se sve\u010dano uru\u010di domovnica, pi\u0161e u petak Jutarnji list, navode\u0107i da \u0107e novi dr\u017eavljani svojom \u010da\u0161\u0107u prisezati u MUP-u. Prise\u017eem svojom \u010da\u0161\u0107u da \u0107u se kao hrvatski dr\u017eavljanin ili dr\u017eavljanka pridr\u017eavati Ustava i zakona [&hellip;]\" \/>\n<meta property=\"og:url\" content=\"https:\/\/radioljubuski.ba\/index.php\/2021\/08\/13\/novi-drzavljani-rh-morat-ce-svojom-cascu-prisezati-u-mup-u\/\" \/>\n<meta property=\"og:site_name\" content=\"RADIO LJUBU\u0160KI\" \/>\n<meta property=\"article:publisher\" content=\"https:\/\/www.facebook.com\/Radiio-Ljubuski-1490835324566332\" \/>\n<meta property=\"article:published_time\" content=\"2021-08-13T09:38:53+00:00\" \/>\n<meta property=\"article:modified_time\" content=\"2021-08-13T09:38:54+00:00\" \/>\n<meta property=\"og:image\" content=\"https:\/\/radioljubuski.ba\/wp-content\/uploads\/2021\/08\/PsbRVqpJ_PUTOVNICA_732x350_1.jpg\" \/>\n\t<meta property=\"og:image:width\" content=\"1000\" \/>\n\t<meta property=\"og:image:height\" content=\"625\" \/>\n\t<meta property=\"og:image:type\" content=\"image\/jpeg\" \/>\n<meta name=\"author\" content=\"Radio Ljubu\u0161ki\" \/>\n<meta name=\"twitter:card\" content=\"summary_large_image\" \/>\n<meta name=\"twitter:creator\" content=\"@radioljubuski\" \/>\n<meta name=\"twitter:site\" content=\"@radioljubuski\" \/>\n<meta name=\"twitter:label1\" content=\"Napisao\/la\" \/>\n\t<meta name=\"twitter:data1\" content=\"Radio Ljubu\u0161ki\" \/>\n\t<meta name=\"twitter:label2\" content=\"Procijenjeno vrijeme \u010ditanja\" \/>\n\t<meta name=\"twitter:data2\" content=\"2 minute\" \/>\n<script type=\"application\/ld+json\" class=\"yoast-schema-graph\">{\"@context\":\"https:\\\/\\\/schema.org\",\"@graph\":[{\"@type\":\"Article\",\"@id\":\"https:\\\/\\\/radioljubuski.ba\\\/index.php\\\/2021\\\/08\\\/13\\\/novi-drzavljani-rh-morat-ce-svojom-cascu-prisezati-u-mup-u\\\/#article\",\"isPartOf\":{\"@id\":\"https:\\\/\\\/radioljubuski.ba\\\/index.php\\\/2021\\\/08\\\/13\\\/novi-drzavljani-rh-morat-ce-svojom-cascu-prisezati-u-mup-u\\\/\"},\"author\":{\"name\":\"Radio Ljubu\u0161ki\",\"@id\":\"https:\\\/\\\/radioljubuski.ba\\\/#\\\/schema\\\/person\\\/19fc700381a780f69665d7956c469e3b\"},\"headline\":\"Novi dr\u017eavljani RH morat \u0107e svojom \u010da\u0161\u0107u prisezati u MUP-u\",\"datePublished\":\"2021-08-13T09:38:53+00:00\",\"dateModified\":\"2021-08-13T09:38:54+00:00\",\"mainEntityOfPage\":{\"@id\":\"https:\\\/\\\/radioljubuski.ba\\\/index.php\\\/2021\\\/08\\\/13\\\/novi-drzavljani-rh-morat-ce-svojom-cascu-prisezati-u-mup-u\\\/\"},\"wordCount\":400,\"publisher\":{\"@id\":\"https:\\\/\\\/radioljubuski.ba\\\/#organization\"},\"image\":{\"@id\":\"https:\\\/\\\/radioljubuski.ba\\\/index.php\\\/2021\\\/08\\\/13\\\/novi-drzavljani-rh-morat-ce-svojom-cascu-prisezati-u-mup-u\\\/#primaryimage\"},\"thumbnailUrl\":\"https:\\\/\\\/radioljubuski.ba\\\/wp-content\\\/uploads\\\/2021\\\/08\\\/PsbRVqpJ_PUTOVNICA_732x350_1.jpg\",\"articleSection\":[\"BIH i regija\"],\"inLanguage\":\"hr\"},{\"@type\":\"WebPage\",\"@id\":\"https:\\\/\\\/radioljubuski.ba\\\/index.php\\\/2021\\\/08\\\/13\\\/novi-drzavljani-rh-morat-ce-svojom-cascu-prisezati-u-mup-u\\\/\",\"url\":\"https:\\\/\\\/radioljubuski.ba\\\/index.php\\\/2021\\\/08\\\/13\\\/novi-drzavljani-rh-morat-ce-svojom-cascu-prisezati-u-mup-u\\\/\",\"name\":\"Novi dr\u017eavljani RH morat \u0107e svojom \u010da\u0161\u0107u prisezati u MUP-u - RADIO LJUBU\u0160KI\",\"isPartOf\":{\"@id\":\"https:\\\/\\\/radioljubuski.ba\\\/#website\"},\"primaryImageOfPage\":{\"@id\":\"https:\\\/\\\/radioljubuski.ba\\\/index.php\\\/2021\\\/08\\\/13\\\/novi-drzavljani-rh-morat-ce-svojom-cascu-prisezati-u-mup-u\\\/#primaryimage\"},\"image\":{\"@id\":\"https:\\\/\\\/radioljubuski.ba\\\/index.php\\\/2021\\\/08\\\/13\\\/novi-drzavljani-rh-morat-ce-svojom-cascu-prisezati-u-mup-u\\\/#primaryimage\"},\"thumbnailUrl\":\"https:\\\/\\\/radioljubuski.ba\\\/wp-content\\\/uploads\\\/2021\\\/08\\\/PsbRVqpJ_PUTOVNICA_732x350_1.jpg\",\"datePublished\":\"2021-08-13T09:38:53+00:00\",\"dateModified\":\"2021-08-13T09:38:54+00:00\",\"breadcrumb\":{\"@id\":\"https:\\\/\\\/radioljubuski.ba\\\/index.php\\\/2021\\\/08\\\/13\\\/novi-drzavljani-rh-morat-ce-svojom-cascu-prisezati-u-mup-u\\\/#breadcrumb\"},\"inLanguage\":\"hr\",\"potentialAction\":[{\"@type\":\"ReadAction\",\"target\":[\"https:\\\/\\\/radioljubuski.ba\\\/index.php\\\/2021\\\/08\\\/13\\\/novi-drzavljani-rh-morat-ce-svojom-cascu-prisezati-u-mup-u\\\/\"]}]},{\"@type\":\"ImageObject\",\"inLanguage\":\"hr\",\"@id\":\"https:\\\/\\\/radioljubuski.ba\\\/index.php\\\/2021\\\/08\\\/13\\\/novi-drzavljani-rh-morat-ce-svojom-cascu-prisezati-u-mup-u\\\/#primaryimage\",\"url\":\"https:\\\/\\\/radioljubuski.ba\\\/wp-content\\\/uploads\\\/2021\\\/08\\\/PsbRVqpJ_PUTOVNICA_732x350_1.jpg\",\"contentUrl\":\"https:\\\/\\\/radioljubuski.ba\\\/wp-content\\\/uploads\\\/2021\\\/08\\\/PsbRVqpJ_PUTOVNICA_732x350_1.jpg\",\"width\":1000,\"height\":625},{\"@type\":\"BreadcrumbList\",\"@id\":\"https:\\\/\\\/radioljubuski.ba\\\/index.php\\\/2021\\\/08\\\/13\\\/novi-drzavljani-rh-morat-ce-svojom-cascu-prisezati-u-mup-u\\\/#breadcrumb\",\"itemListElement\":[{\"@type\":\"ListItem\",\"position\":1,\"name\":\"Po\u010detna stranica\",\"item\":\"https:\\\/\\\/radioljubuski.ba\\\/\"},{\"@type\":\"ListItem\",\"position\":2,\"name\":\"Novi dr\u017eavljani RH morat \u0107e svojom \u010da\u0161\u0107u prisezati u MUP-u\"}]},{\"@type\":\"WebSite\",\"@id\":\"https:\\\/\\\/radioljubuski.ba\\\/#website\",\"url\":\"https:\\\/\\\/radioljubuski.ba\\\/\",\"name\":\"Radio Ljubu\u0161ki\",\"description\":\"Sun\u010dana frekvencija Hercegovine\",\"publisher\":{\"@id\":\"https:\\\/\\\/radioljubuski.ba\\\/#organization\"},\"potentialAction\":[{\"@type\":\"SearchAction\",\"target\":{\"@type\":\"EntryPoint\",\"urlTemplate\":\"https:\\\/\\\/radioljubuski.ba\\\/?s={search_term_string}\"},\"query-input\":{\"@type\":\"PropertyValueSpecification\",\"valueRequired\":true,\"valueName\":\"search_term_string\"}}],\"inLanguage\":\"hr\"},{\"@type\":\"Organization\",\"@id\":\"https:\\\/\\\/radioljubuski.ba\\\/#organization\",\"name\":\"Radio Ljubu\u0161ki\",\"url\":\"https:\\\/\\\/radioljubuski.ba\\\/\",\"logo\":{\"@type\":\"ImageObject\",\"inLanguage\":\"hr\",\"@id\":\"https:\\\/\\\/radioljubuski.ba\\\/#\\\/schema\\\/logo\\\/image\\\/\",\"url\":\"https:\\\/\\\/radioljubuski.ba\\\/wp-content\\\/uploads\\\/2021\\\/02\\\/cropped-Radio_Ljubuski_logo1.jpg\",\"contentUrl\":\"https:\\\/\\\/radioljubuski.ba\\\/wp-content\\\/uploads\\\/2021\\\/02\\\/cropped-Radio_Ljubuski_logo1.jpg\",\"width\":512,\"height\":512,\"caption\":\"Radio Ljubu\u0161ki\"},\"image\":{\"@id\":\"https:\\\/\\\/radioljubuski.ba\\\/#\\\/schema\\\/logo\\\/image\\\/\"},\"sameAs\":[\"https:\\\/\\\/www.facebook.com\\\/Radiio-Ljubuski-1490835324566332\",\"https:\\\/\\\/x.com\\\/radioljubuski\",\"https:\\\/\\\/hr.linkedin.com\\\/company\\\/radio-ljubuski\",\"https:\\\/\\\/www.youtube.com\\\/channel\\\/UCHYaeO_n0Db3tjNGudGpXyw\"]},{\"@type\":\"Person\",\"@id\":\"https:\\\/\\\/radioljubuski.ba\\\/#\\\/schema\\\/person\\\/19fc700381a780f69665d7956c469e3b\",\"name\":\"Radio Ljubu\u0161ki\"}]}<\/script>\n<!-- \/ Yoast SEO plugin. -->","yoast_head_json":{"title":"Novi dr\u017eavljani RH morat \u0107e svojom \u010da\u0161\u0107u prisezati u MUP-u - RADIO LJUBU\u0160KI","robots":{"index":"index","follow":"follow","max-snippet":"max-snippet:-1","max-image-preview":"max-image-preview:large","max-video-preview":"max-video-preview:-1"},"canonical":"https:\/\/radioljubuski.ba\/index.php\/2021\/08\/13\/novi-drzavljani-rh-morat-ce-svojom-cascu-prisezati-u-mup-u\/","og_locale":"hr_HR","og_type":"article","og_title":"Novi dr\u017eavljani RH morat \u0107e svojom \u010da\u0161\u0107u prisezati u MUP-u - RADIO LJUBU\u0160KI","og_description":"Nacrt prvog Pravilnika o na\u010dinu i postupku davanja sve\u010dane prisege definira \u0161to \u0107e tra\u017eitelji dr\u017eavljanstva morati obaviti prije nego \u0161to im se sve\u010dano uru\u010di domovnica, pi\u0161e u petak Jutarnji list, navode\u0107i da \u0107e novi dr\u017eavljani svojom \u010da\u0161\u0107u prisezati u MUP-u. Prise\u017eem svojom \u010da\u0161\u0107u da \u0107u se kao hrvatski dr\u017eavljanin ili dr\u017eavljanka pridr\u017eavati Ustava i zakona [&hellip;]","og_url":"https:\/\/radioljubuski.ba\/index.php\/2021\/08\/13\/novi-drzavljani-rh-morat-ce-svojom-cascu-prisezati-u-mup-u\/","og_site_name":"RADIO LJUBU\u0160KI","article_publisher":"https:\/\/www.facebook.com\/Radiio-Ljubuski-1490835324566332","article_published_time":"2021-08-13T09:38:53+00:00","article_modified_time":"2021-08-13T09:38:54+00:00","og_image":[{"width":1000,"height":625,"url":"https:\/\/radioljubuski.ba\/wp-content\/uploads\/2021\/08\/PsbRVqpJ_PUTOVNICA_732x350_1.jpg","type":"image\/jpeg"}],"author":"Radio Ljubu\u0161ki","twitter_card":"summary_large_image","twitter_creator":"@radioljubuski","twitter_site":"@radioljubuski","twitter_misc":{"Napisao\/la":"Radio Ljubu\u0161ki","Procijenjeno vrijeme \u010ditanja":"2 minute"},"schema":{"@context":"https:\/\/schema.org","@graph":[{"@type":"Article","@id":"https:\/\/radioljubuski.ba\/index.php\/2021\/08\/13\/novi-drzavljani-rh-morat-ce-svojom-cascu-prisezati-u-mup-u\/#article","isPartOf":{"@id":"https:\/\/radioljubuski.ba\/index.php\/2021\/08\/13\/novi-drzavljani-rh-morat-ce-svojom-cascu-prisezati-u-mup-u\/"},"author":{"name":"Radio Ljubu\u0161ki","@id":"https:\/\/radioljubuski.ba\/#\/schema\/person\/19fc700381a780f69665d7956c469e3b"},"headline":"Novi dr\u017eavljani RH morat \u0107e svojom \u010da\u0161\u0107u prisezati u MUP-u","datePublished":"2021-08-13T09:38:53+00:00","dateModified":"2021-08-13T09:38:54+00:00","mainEntityOfPage":{"@id":"https:\/\/radioljubuski.ba\/index.php\/2021\/08\/13\/novi-drzavljani-rh-morat-ce-svojom-cascu-prisezati-u-mup-u\/"},"wordCount":400,"publisher":{"@id":"https:\/\/radioljubuski.ba\/#organization"},"image":{"@id":"https:\/\/radioljubuski.ba\/index.php\/2021\/08\/13\/novi-drzavljani-rh-morat-ce-svojom-cascu-prisezati-u-mup-u\/#primaryimage"},"thumbnailUrl":"https:\/\/radioljubuski.ba\/wp-content\/uploads\/2021\/08\/PsbRVqpJ_PUTOVNICA_732x350_1.jpg","articleSection":["BIH i regija"],"inLanguage":"hr"},{"@type":"WebPage","@id":"https:\/\/radioljubuski.ba\/index.php\/2021\/08\/13\/novi-drzavljani-rh-morat-ce-svojom-cascu-prisezati-u-mup-u\/","url":"https:\/\/radioljubuski.ba\/index.php\/2021\/08\/13\/novi-drzavljani-rh-morat-ce-svojom-cascu-prisezati-u-mup-u\/","name":"Novi dr\u017eavljani RH morat \u0107e svojom \u010da\u0161\u0107u prisezati u MUP-u - RADIO LJUBU\u0160KI","isPartOf":{"@id":"https:\/\/radioljubuski.ba\/#website"},"primaryImageOfPage":{"@id":"https:\/\/radioljubuski.ba\/index.php\/2021\/08\/13\/novi-drzavljani-rh-morat-ce-svojom-cascu-prisezati-u-mup-u\/#primaryimage"},"image":{"@id":"https:\/\/radioljubuski.ba\/index.php\/2021\/08\/13\/novi-drzavljani-rh-morat-ce-svojom-cascu-prisezati-u-mup-u\/#primaryimage"},"thumbnailUrl":"https:\/\/radioljubuski.ba\/wp-content\/uploads\/2021\/08\/PsbRVqpJ_PUTOVNICA_732x350_1.jpg","datePublished":"2021-08-13T09:38:53+00:00","dateModified":"2021-08-13T09:38:54+00:00","breadcrumb":{"@id":"https:\/\/radioljubuski.ba\/index.php\/2021\/08\/13\/novi-drzavljani-rh-morat-ce-svojom-cascu-prisezati-u-mup-u\/#breadcrumb"},"inLanguage":"hr","potentialAction":[{"@type":"ReadAction","target":["https:\/\/radioljubuski.ba\/index.php\/2021\/08\/13\/novi-drzavljani-rh-morat-ce-svojom-cascu-prisezati-u-mup-u\/"]}]},{"@type":"ImageObject","inLanguage":"hr","@id":"https:\/\/radioljubuski.ba\/index.php\/2021\/08\/13\/novi-drzavljani-rh-morat-ce-svojom-cascu-prisezati-u-mup-u\/#primaryimage","url":"https:\/\/radioljubuski.ba\/wp-content\/uploads\/2021\/08\/PsbRVqpJ_PUTOVNICA_732x350_1.jpg","contentUrl":"https:\/\/radioljubuski.ba\/wp-content\/uploads\/2021\/08\/PsbRVqpJ_PUTOVNICA_732x350_1.jpg","width":1000,"height":625},{"@type":"BreadcrumbList","@id":"https:\/\/radioljubuski.ba\/index.php\/2021\/08\/13\/novi-drzavljani-rh-morat-ce-svojom-cascu-prisezati-u-mup-u\/#breadcrumb","itemListElement":[{"@type":"ListItem","position":1,"name":"Po\u010detna stranica","item":"https:\/\/radioljubuski.ba\/"},{"@type":"ListItem","position":2,"name":"Novi dr\u017eavljani RH morat \u0107e svojom \u010da\u0161\u0107u prisezati u MUP-u"}]},{"@type":"WebSite","@id":"https:\/\/radioljubuski.ba\/#website","url":"https:\/\/radioljubuski.ba\/","name":"Radio Ljubu\u0161ki","description":"Sun\u010dana frekvencija Hercegovine","publisher":{"@id":"https:\/\/radioljubuski.ba\/#organization"},"potentialAction":[{"@type":"SearchAction","target":{"@type":"EntryPoint","urlTemplate":"https:\/\/radioljubuski.ba\/?s={search_term_string}"},"query-input":{"@type":"PropertyValueSpecification","valueRequired":true,"valueName":"search_term_string"}}],"inLanguage":"hr"},{"@type":"Organization","@id":"https:\/\/radioljubuski.ba\/#organization","name":"Radio Ljubu\u0161ki","url":"https:\/\/radioljubuski.ba\/","logo":{"@type":"ImageObject","inLanguage":"hr","@id":"https:\/\/radioljubuski.ba\/#\/schema\/logo\/image\/","url":"https:\/\/radioljubuski.ba\/wp-content\/uploads\/2021\/02\/cropped-Radio_Ljubuski_logo1.jpg","contentUrl":"https:\/\/radioljubuski.ba\/wp-content\/uploads\/2021\/02\/cropped-Radio_Ljubuski_logo1.jpg","width":512,"height":512,"caption":"Radio Ljubu\u0161ki"},"image":{"@id":"https:\/\/radioljubuski.ba\/#\/schema\/logo\/image\/"},"sameAs":["https:\/\/www.facebook.com\/Radiio-Ljubuski-1490835324566332","https:\/\/x.com\/radioljubuski","https:\/\/hr.linkedin.com\/company\/radio-ljubuski","https:\/\/www.youtube.com\/channel\/UCHYaeO_n0Db3tjNGudGpXyw"]},{"@type":"Person","@id":"https:\/\/radioljubuski.ba\/#\/schema\/person\/19fc700381a780f69665d7956c469e3b","name":"Radio Ljubu\u0161ki"}]}},"_links":{"self":[{"href":"https:\/\/radioljubuski.ba\/index.php\/wp-json\/wp\/v2\/posts\/52990","targetHints":{"allow":["GET"]}}],"collection":[{"href":"https:\/\/radioljubuski.ba\/index.php\/wp-json\/wp\/v2\/posts"}],"about":[{"href":"https:\/\/radioljubuski.ba\/index.php\/wp-json\/wp\/v2\/types\/post"}],"author":[{"embeddable":true,"href":"https:\/\/radioljubuski.ba\/index.php\/wp-json\/wp\/v2\/users\/2"}],"replies":[{"embeddable":true,"href":"https:\/\/radioljubuski.ba\/index.php\/wp-json\/wp\/v2\/comments?post=52990"}],"version-history":[{"count":1,"href":"https:\/\/radioljubuski.ba\/index.php\/wp-json\/wp\/v2\/posts\/52990\/revisions"}],"predecessor-version":[{"id":52992,"href":"https:\/\/radioljubuski.ba\/index.php\/wp-json\/wp\/v2\/posts\/52990\/revisions\/52992"}],"wp:featuredmedia":[{"embeddable":true,"href":"https:\/\/radioljubuski.ba\/index.php\/wp-json\/wp\/v2\/media\/52991"}],"wp:attachment":[{"href":"https:\/\/radioljubuski.ba\/index.php\/wp-json\/wp\/v2\/media?parent=52990"}],"wp:term":[{"taxonomy":"category","embeddable":true,"href":"https:\/\/radioljubuski.ba\/index.php\/wp-json\/wp\/v2\/categories?post=52990"},{"taxonomy":"post_tag","embeddable":true,"href":"https:\/\/radioljubuski.ba\/index.php\/wp-json\/wp\/v2\/tags?post=52990"}],"curies":[{"name":"wp","href":"https:\/\/api.w.org\/{rel}","templated":true}]}}