{"id":52995,"date":"2021-08-13T10:41:18","date_gmt":"2021-08-13T09:41:18","guid":{"rendered":"https:\/\/radioljubuski.ba\/?p=52995"},"modified":"2021-08-13T10:41:18","modified_gmt":"2021-08-13T09:41:18","slug":"bih-moze-uci-u-vrh-europske-ponude-zdrave-prehrane","status":"publish","type":"post","link":"https:\/\/radioljubuski.ba\/index.php\/2021\/08\/13\/bih-moze-uci-u-vrh-europske-ponude-zdrave-prehrane\/","title":{"rendered":"BiH mo\u017ee u\u0107i u vrh europske ponude zdrave prehrane"},"content":{"rendered":"\n<p>Od maline s bosanskih brda, preko mlijeka s visoravni sjeverozapadne Bosne i Hercegovine pa do raj\u010dice i paprike na kr\u0161evitom jugu, niz je poljoprivrednih proizvoda koji ponovno do\u017eivljavaju svojevrsni preporod i ekonomsku isplativost kroz ekspanziju na strana tr\u017ei\u0161ta, pi\u0161e Ve\u010dernji list BiH.<\/p>\n\n\n\n<p><strong>&nbsp;Ulaganja<\/strong><\/p>\n\n\n\n<p>No, da bi se u potpunosti iskoristio potencijal za proizvodnju zdrave hrane, potrebno je sna\u017enije ulaganje u marketin\u0161ku aktivnost, a posebice u proces brendiranja proizvoda, pa i njihove za\u0161tite kroz nekoliko razli\u010ditih modela.<\/p>\n\n\n\n<p>Duvanjski i livanjski kraj tradicionalno su podru\u010dje s izrazito jakom sto\u010darskom tradicijom koja se\u017ee u neka daleka vremena, a koja je u jednom trenutku ponovno dobila na va\u017enosti zahvaljuju\u0107i mogu\u0107nosti izvoza mlijeka na tr\u017ei\u0161ta Europske unije. Prostor s izrazito povoljnim uvjetima za ispa\u0161u mogao bi, uz mjere koje \u0107e prvenstveno favorizirati ulaganje u proizvode s dodanom vrijedno\u0161\u0107u, poput sireva, dobiti na va\u017enosti i privu\u0107i ve\u0107i broj investicija, \u0161to \u0107e voditi otvaranju novih radnih mjesta i stvaranju uvjeta za povratak.<\/p>\n\n\n\n<p>A da se isplati baviti mljekarstvom, pokazuju i podaci prema kojima je izvoz mlijeka i vrhnja sko\u010dio s 60,32 milijuna maraka u 2019. na 65,98 milijuna maraka u pro\u0161loj godini, a koja je, osim toga, bila i krizna te optere\u0107ena razli\u010ditim ograni\u010denjima. Takav trend jasan je signal za bolje i sna\u017enije brendiranje doma\u0107eg mlijeka, ali i ulaganje u visokovrijedne proizvode koji bi mogli ostvariti bolju zaradu od sirovog mlijeka. Istodobno, unato\u010d nekoliko kriznih godina, proizvodnja maline od ove je godine ponovno iznimno isplativa aktivnost.<\/p>\n\n\n\n<p>To dokazuje i podatak prema kojemu je otkupna cijena kilograma u nekim primjerima pre\u0161la 6 KM, \u0161to je izniman porast u odnosu na 2019. kada je otkupna cijena bila tek oko 2,50 maraka. Pro\u0161la godina pak donijela je i respektabilne brojke kada je rije\u010d o izvozu maline. Tako je vrijednost izvoza maline, kupine i duda dostigla 69,66 mil. maraka, \u0161to je porast u odnosu na 2019.<\/p>\n\n\n\n<p><strong>Prednosti<\/strong><\/p>\n\n\n\n<p>Na jugu zemlje pak posljednjih nekoliko godina postoji vidljiv trend ponovnog iskori\u0161tavanja prednosti kra\u0161kih polja, a \u0161to se posebice reflektiralo kroz proizvodnju raj\u010dice, ali i paprike. Brendiranje ovih proizvoda treba promatrati i u kontekstu otkupa koji vr\u0161i Podravka kroz kapitalni projekt koji se realizira u suradnji s mostarskom Marinadom, a zahvaljuju\u0107i kojem raj\u010dice i paprike pronalaze svoj put na niz tr\u017ei\u0161ta Europske unije.<\/p>\n\n\n\n<p>Sadnja dva milijuna presadnica industrijske raj\u010dice i rog-paprike na nekoliko kra\u0161kih polja po\u010detkom ljeta bila je uvod u jo\u0161 jednu dobru i produktivnu sezonu u kojoj \u0107e Podravka, nakon dozrijevanja, otkupiti sve koli\u010dine ovoga povr\u0107a. Sve ove, ali i druge vrste proizvoda kojima se mo\u017ee pohvaliti BiH treba nastaviti brendirati, pri \u010demu je struka jasna; Bosna i Hercegovina ima veliki potencijal za za\u0161titu proizvoda jednom od oznaka kvalitete.<\/p>\n\n\n\n<p>Izvor:vecernji.ba<\/p>\n","protected":false},"excerpt":{"rendered":"<p>Od maline s bosanskih brda, preko mlijeka s visoravni sjeverozapadne Bosne i Hercegovine pa do raj\u010dice i paprike na kr\u0161evitom jugu, niz je poljoprivrednih proizvoda koji ponovno do\u017eivljavaju svojevrsni preporod i ekonomsku isplativost kroz ekspanziju na strana tr\u017ei\u0161ta, pi\u0161e Ve\u010dernji list BiH. &nbsp;Ulaganja No, da bi se u potpunosti iskoristio potencijal za proizvodnju zdrave hrane, [&hellip;]<\/p>\n","protected":false},"author":2,"featured_media":52996,"comment_status":"closed","ping_status":"closed","sticky":false,"template":"","format":"standard","meta":{"h5ap_radio_sources":[],"footnotes":""},"categories":[1],"tags":[],"class_list":["post-52995","post","type-post","status-publish","format-standard","has-post-thumbnail","hentry","category-bihiregija"],"yoast_head":"<!-- This site is optimized with the Yoast SEO plugin v27.4 - https:\/\/yoast.com\/product\/yoast-seo-wordpress\/ -->\n<title>BiH mo\u017ee u\u0107i u vrh europske ponude zdrave prehrane - RADIO LJUBU\u0160KI<\/title>\n<meta name=\"robots\" content=\"index, follow, max-snippet:-1, max-image-preview:large, max-video-preview:-1\" \/>\n<link rel=\"canonical\" href=\"https:\/\/radioljubuski.ba\/index.php\/2021\/08\/13\/bih-moze-uci-u-vrh-europske-ponude-zdrave-prehrane\/\" \/>\n<meta property=\"og:locale\" content=\"hr_HR\" \/>\n<meta property=\"og:type\" content=\"article\" \/>\n<meta property=\"og:title\" content=\"BiH mo\u017ee u\u0107i u vrh europske ponude zdrave prehrane - RADIO LJUBU\u0160KI\" \/>\n<meta property=\"og:description\" content=\"Od maline s bosanskih brda, preko mlijeka s visoravni sjeverozapadne Bosne i Hercegovine pa do raj\u010dice i paprike na kr\u0161evitom jugu, niz je poljoprivrednih proizvoda koji ponovno do\u017eivljavaju svojevrsni preporod i ekonomsku isplativost kroz ekspanziju na strana tr\u017ei\u0161ta, pi\u0161e Ve\u010dernji list BiH. &nbsp;Ulaganja No, da bi se u potpunosti iskoristio potencijal za proizvodnju zdrave hrane, [&hellip;]\" \/>\n<meta property=\"og:url\" content=\"https:\/\/radioljubuski.ba\/index.php\/2021\/08\/13\/bih-moze-uci-u-vrh-europske-ponude-zdrave-prehrane\/\" \/>\n<meta property=\"og:site_name\" content=\"RADIO LJUBU\u0160KI\" \/>\n<meta property=\"article:publisher\" content=\"https:\/\/www.facebook.com\/Radiio-Ljubuski-1490835324566332\" \/>\n<meta property=\"article:published_time\" content=\"2021-08-13T09:41:18+00:00\" \/>\n<meta property=\"og:image\" content=\"https:\/\/radioljubuski.ba\/wp-content\/uploads\/2021\/08\/nY4wQSmu_zdrava_prehrana_580x290.jpg\" \/>\n\t<meta property=\"og:image:width\" content=\"1000\" \/>\n\t<meta property=\"og:image:height\" content=\"625\" \/>\n\t<meta property=\"og:image:type\" content=\"image\/jpeg\" \/>\n<meta name=\"author\" content=\"Radio Ljubu\u0161ki\" \/>\n<meta name=\"twitter:card\" content=\"summary_large_image\" \/>\n<meta name=\"twitter:creator\" content=\"@radioljubuski\" \/>\n<meta name=\"twitter:site\" content=\"@radioljubuski\" \/>\n<meta name=\"twitter:label1\" content=\"Napisao\/la\" \/>\n\t<meta name=\"twitter:data1\" content=\"Radio Ljubu\u0161ki\" \/>\n\t<meta name=\"twitter:label2\" content=\"Procijenjeno vrijeme \u010ditanja\" \/>\n\t<meta name=\"twitter:data2\" content=\"2 minute\" \/>\n<script type=\"application\/ld+json\" class=\"yoast-schema-graph\">{\"@context\":\"https:\\\/\\\/schema.org\",\"@graph\":[{\"@type\":\"Article\",\"@id\":\"https:\\\/\\\/radioljubuski.ba\\\/index.php\\\/2021\\\/08\\\/13\\\/bih-moze-uci-u-vrh-europske-ponude-zdrave-prehrane\\\/#article\",\"isPartOf\":{\"@id\":\"https:\\\/\\\/radioljubuski.ba\\\/index.php\\\/2021\\\/08\\\/13\\\/bih-moze-uci-u-vrh-europske-ponude-zdrave-prehrane\\\/\"},\"author\":{\"name\":\"Radio Ljubu\u0161ki\",\"@id\":\"https:\\\/\\\/radioljubuski.ba\\\/#\\\/schema\\\/person\\\/19fc700381a780f69665d7956c469e3b\"},\"headline\":\"BiH mo\u017ee u\u0107i u vrh europske ponude zdrave prehrane\",\"datePublished\":\"2021-08-13T09:41:18+00:00\",\"mainEntityOfPage\":{\"@id\":\"https:\\\/\\\/radioljubuski.ba\\\/index.php\\\/2021\\\/08\\\/13\\\/bih-moze-uci-u-vrh-europske-ponude-zdrave-prehrane\\\/\"},\"wordCount\":492,\"publisher\":{\"@id\":\"https:\\\/\\\/radioljubuski.ba\\\/#organization\"},\"image\":{\"@id\":\"https:\\\/\\\/radioljubuski.ba\\\/index.php\\\/2021\\\/08\\\/13\\\/bih-moze-uci-u-vrh-europske-ponude-zdrave-prehrane\\\/#primaryimage\"},\"thumbnailUrl\":\"https:\\\/\\\/radioljubuski.ba\\\/wp-content\\\/uploads\\\/2021\\\/08\\\/nY4wQSmu_zdrava_prehrana_580x290.jpg\",\"articleSection\":[\"BIH i regija\"],\"inLanguage\":\"hr\"},{\"@type\":\"WebPage\",\"@id\":\"https:\\\/\\\/radioljubuski.ba\\\/index.php\\\/2021\\\/08\\\/13\\\/bih-moze-uci-u-vrh-europske-ponude-zdrave-prehrane\\\/\",\"url\":\"https:\\\/\\\/radioljubuski.ba\\\/index.php\\\/2021\\\/08\\\/13\\\/bih-moze-uci-u-vrh-europske-ponude-zdrave-prehrane\\\/\",\"name\":\"BiH mo\u017ee u\u0107i u vrh europske ponude zdrave prehrane - RADIO LJUBU\u0160KI\",\"isPartOf\":{\"@id\":\"https:\\\/\\\/radioljubuski.ba\\\/#website\"},\"primaryImageOfPage\":{\"@id\":\"https:\\\/\\\/radioljubuski.ba\\\/index.php\\\/2021\\\/08\\\/13\\\/bih-moze-uci-u-vrh-europske-ponude-zdrave-prehrane\\\/#primaryimage\"},\"image\":{\"@id\":\"https:\\\/\\\/radioljubuski.ba\\\/index.php\\\/2021\\\/08\\\/13\\\/bih-moze-uci-u-vrh-europske-ponude-zdrave-prehrane\\\/#primaryimage\"},\"thumbnailUrl\":\"https:\\\/\\\/radioljubuski.ba\\\/wp-content\\\/uploads\\\/2021\\\/08\\\/nY4wQSmu_zdrava_prehrana_580x290.jpg\",\"datePublished\":\"2021-08-13T09:41:18+00:00\",\"breadcrumb\":{\"@id\":\"https:\\\/\\\/radioljubuski.ba\\\/index.php\\\/2021\\\/08\\\/13\\\/bih-moze-uci-u-vrh-europske-ponude-zdrave-prehrane\\\/#breadcrumb\"},\"inLanguage\":\"hr\",\"potentialAction\":[{\"@type\":\"ReadAction\",\"target\":[\"https:\\\/\\\/radioljubuski.ba\\\/index.php\\\/2021\\\/08\\\/13\\\/bih-moze-uci-u-vrh-europske-ponude-zdrave-prehrane\\\/\"]}]},{\"@type\":\"ImageObject\",\"inLanguage\":\"hr\",\"@id\":\"https:\\\/\\\/radioljubuski.ba\\\/index.php\\\/2021\\\/08\\\/13\\\/bih-moze-uci-u-vrh-europske-ponude-zdrave-prehrane\\\/#primaryimage\",\"url\":\"https:\\\/\\\/radioljubuski.ba\\\/wp-content\\\/uploads\\\/2021\\\/08\\\/nY4wQSmu_zdrava_prehrana_580x290.jpg\",\"contentUrl\":\"https:\\\/\\\/radioljubuski.ba\\\/wp-content\\\/uploads\\\/2021\\\/08\\\/nY4wQSmu_zdrava_prehrana_580x290.jpg\",\"width\":1000,\"height\":625},{\"@type\":\"BreadcrumbList\",\"@id\":\"https:\\\/\\\/radioljubuski.ba\\\/index.php\\\/2021\\\/08\\\/13\\\/bih-moze-uci-u-vrh-europske-ponude-zdrave-prehrane\\\/#breadcrumb\",\"itemListElement\":[{\"@type\":\"ListItem\",\"position\":1,\"name\":\"Po\u010detna stranica\",\"item\":\"https:\\\/\\\/radioljubuski.ba\\\/\"},{\"@type\":\"ListItem\",\"position\":2,\"name\":\"BiH mo\u017ee u\u0107i u vrh europske ponude zdrave prehrane\"}]},{\"@type\":\"WebSite\",\"@id\":\"https:\\\/\\\/radioljubuski.ba\\\/#website\",\"url\":\"https:\\\/\\\/radioljubuski.ba\\\/\",\"name\":\"Radio Ljubu\u0161ki\",\"description\":\"Sun\u010dana frekvencija Hercegovine\",\"publisher\":{\"@id\":\"https:\\\/\\\/radioljubuski.ba\\\/#organization\"},\"potentialAction\":[{\"@type\":\"SearchAction\",\"target\":{\"@type\":\"EntryPoint\",\"urlTemplate\":\"https:\\\/\\\/radioljubuski.ba\\\/?s={search_term_string}\"},\"query-input\":{\"@type\":\"PropertyValueSpecification\",\"valueRequired\":true,\"valueName\":\"search_term_string\"}}],\"inLanguage\":\"hr\"},{\"@type\":\"Organization\",\"@id\":\"https:\\\/\\\/radioljubuski.ba\\\/#organization\",\"name\":\"Radio Ljubu\u0161ki\",\"url\":\"https:\\\/\\\/radioljubuski.ba\\\/\",\"logo\":{\"@type\":\"ImageObject\",\"inLanguage\":\"hr\",\"@id\":\"https:\\\/\\\/radioljubuski.ba\\\/#\\\/schema\\\/logo\\\/image\\\/\",\"url\":\"https:\\\/\\\/radioljubuski.ba\\\/wp-content\\\/uploads\\\/2021\\\/02\\\/cropped-Radio_Ljubuski_logo1.jpg\",\"contentUrl\":\"https:\\\/\\\/radioljubuski.ba\\\/wp-content\\\/uploads\\\/2021\\\/02\\\/cropped-Radio_Ljubuski_logo1.jpg\",\"width\":512,\"height\":512,\"caption\":\"Radio Ljubu\u0161ki\"},\"image\":{\"@id\":\"https:\\\/\\\/radioljubuski.ba\\\/#\\\/schema\\\/logo\\\/image\\\/\"},\"sameAs\":[\"https:\\\/\\\/www.facebook.com\\\/Radiio-Ljubuski-1490835324566332\",\"https:\\\/\\\/x.com\\\/radioljubuski\",\"https:\\\/\\\/hr.linkedin.com\\\/company\\\/radio-ljubuski\",\"https:\\\/\\\/www.youtube.com\\\/channel\\\/UCHYaeO_n0Db3tjNGudGpXyw\"]},{\"@type\":\"Person\",\"@id\":\"https:\\\/\\\/radioljubuski.ba\\\/#\\\/schema\\\/person\\\/19fc700381a780f69665d7956c469e3b\",\"name\":\"Radio Ljubu\u0161ki\"}]}<\/script>\n<!-- \/ Yoast SEO plugin. -->","yoast_head_json":{"title":"BiH mo\u017ee u\u0107i u vrh europske ponude zdrave prehrane - RADIO LJUBU\u0160KI","robots":{"index":"index","follow":"follow","max-snippet":"max-snippet:-1","max-image-preview":"max-image-preview:large","max-video-preview":"max-video-preview:-1"},"canonical":"https:\/\/radioljubuski.ba\/index.php\/2021\/08\/13\/bih-moze-uci-u-vrh-europske-ponude-zdrave-prehrane\/","og_locale":"hr_HR","og_type":"article","og_title":"BiH mo\u017ee u\u0107i u vrh europske ponude zdrave prehrane - RADIO LJUBU\u0160KI","og_description":"Od maline s bosanskih brda, preko mlijeka s visoravni sjeverozapadne Bosne i Hercegovine pa do raj\u010dice i paprike na kr\u0161evitom jugu, niz je poljoprivrednih proizvoda koji ponovno do\u017eivljavaju svojevrsni preporod i ekonomsku isplativost kroz ekspanziju na strana tr\u017ei\u0161ta, pi\u0161e Ve\u010dernji list BiH. &nbsp;Ulaganja No, da bi se u potpunosti iskoristio potencijal za proizvodnju zdrave hrane, [&hellip;]","og_url":"https:\/\/radioljubuski.ba\/index.php\/2021\/08\/13\/bih-moze-uci-u-vrh-europske-ponude-zdrave-prehrane\/","og_site_name":"RADIO LJUBU\u0160KI","article_publisher":"https:\/\/www.facebook.com\/Radiio-Ljubuski-1490835324566332","article_published_time":"2021-08-13T09:41:18+00:00","og_image":[{"width":1000,"height":625,"url":"https:\/\/radioljubuski.ba\/wp-content\/uploads\/2021\/08\/nY4wQSmu_zdrava_prehrana_580x290.jpg","type":"image\/jpeg"}],"author":"Radio Ljubu\u0161ki","twitter_card":"summary_large_image","twitter_creator":"@radioljubuski","twitter_site":"@radioljubuski","twitter_misc":{"Napisao\/la":"Radio Ljubu\u0161ki","Procijenjeno vrijeme \u010ditanja":"2 minute"},"schema":{"@context":"https:\/\/schema.org","@graph":[{"@type":"Article","@id":"https:\/\/radioljubuski.ba\/index.php\/2021\/08\/13\/bih-moze-uci-u-vrh-europske-ponude-zdrave-prehrane\/#article","isPartOf":{"@id":"https:\/\/radioljubuski.ba\/index.php\/2021\/08\/13\/bih-moze-uci-u-vrh-europske-ponude-zdrave-prehrane\/"},"author":{"name":"Radio Ljubu\u0161ki","@id":"https:\/\/radioljubuski.ba\/#\/schema\/person\/19fc700381a780f69665d7956c469e3b"},"headline":"BiH mo\u017ee u\u0107i u vrh europske ponude zdrave prehrane","datePublished":"2021-08-13T09:41:18+00:00","mainEntityOfPage":{"@id":"https:\/\/radioljubuski.ba\/index.php\/2021\/08\/13\/bih-moze-uci-u-vrh-europske-ponude-zdrave-prehrane\/"},"wordCount":492,"publisher":{"@id":"https:\/\/radioljubuski.ba\/#organization"},"image":{"@id":"https:\/\/radioljubuski.ba\/index.php\/2021\/08\/13\/bih-moze-uci-u-vrh-europske-ponude-zdrave-prehrane\/#primaryimage"},"thumbnailUrl":"https:\/\/radioljubuski.ba\/wp-content\/uploads\/2021\/08\/nY4wQSmu_zdrava_prehrana_580x290.jpg","articleSection":["BIH i regija"],"inLanguage":"hr"},{"@type":"WebPage","@id":"https:\/\/radioljubuski.ba\/index.php\/2021\/08\/13\/bih-moze-uci-u-vrh-europske-ponude-zdrave-prehrane\/","url":"https:\/\/radioljubuski.ba\/index.php\/2021\/08\/13\/bih-moze-uci-u-vrh-europske-ponude-zdrave-prehrane\/","name":"BiH mo\u017ee u\u0107i u vrh europske ponude zdrave prehrane - RADIO LJUBU\u0160KI","isPartOf":{"@id":"https:\/\/radioljubuski.ba\/#website"},"primaryImageOfPage":{"@id":"https:\/\/radioljubuski.ba\/index.php\/2021\/08\/13\/bih-moze-uci-u-vrh-europske-ponude-zdrave-prehrane\/#primaryimage"},"image":{"@id":"https:\/\/radioljubuski.ba\/index.php\/2021\/08\/13\/bih-moze-uci-u-vrh-europske-ponude-zdrave-prehrane\/#primaryimage"},"thumbnailUrl":"https:\/\/radioljubuski.ba\/wp-content\/uploads\/2021\/08\/nY4wQSmu_zdrava_prehrana_580x290.jpg","datePublished":"2021-08-13T09:41:18+00:00","breadcrumb":{"@id":"https:\/\/radioljubuski.ba\/index.php\/2021\/08\/13\/bih-moze-uci-u-vrh-europske-ponude-zdrave-prehrane\/#breadcrumb"},"inLanguage":"hr","potentialAction":[{"@type":"ReadAction","target":["https:\/\/radioljubuski.ba\/index.php\/2021\/08\/13\/bih-moze-uci-u-vrh-europske-ponude-zdrave-prehrane\/"]}]},{"@type":"ImageObject","inLanguage":"hr","@id":"https:\/\/radioljubuski.ba\/index.php\/2021\/08\/13\/bih-moze-uci-u-vrh-europske-ponude-zdrave-prehrane\/#primaryimage","url":"https:\/\/radioljubuski.ba\/wp-content\/uploads\/2021\/08\/nY4wQSmu_zdrava_prehrana_580x290.jpg","contentUrl":"https:\/\/radioljubuski.ba\/wp-content\/uploads\/2021\/08\/nY4wQSmu_zdrava_prehrana_580x290.jpg","width":1000,"height":625},{"@type":"BreadcrumbList","@id":"https:\/\/radioljubuski.ba\/index.php\/2021\/08\/13\/bih-moze-uci-u-vrh-europske-ponude-zdrave-prehrane\/#breadcrumb","itemListElement":[{"@type":"ListItem","position":1,"name":"Po\u010detna stranica","item":"https:\/\/radioljubuski.ba\/"},{"@type":"ListItem","position":2,"name":"BiH mo\u017ee u\u0107i u vrh europske ponude zdrave prehrane"}]},{"@type":"WebSite","@id":"https:\/\/radioljubuski.ba\/#website","url":"https:\/\/radioljubuski.ba\/","name":"Radio Ljubu\u0161ki","description":"Sun\u010dana frekvencija Hercegovine","publisher":{"@id":"https:\/\/radioljubuski.ba\/#organization"},"potentialAction":[{"@type":"SearchAction","target":{"@type":"EntryPoint","urlTemplate":"https:\/\/radioljubuski.ba\/?s={search_term_string}"},"query-input":{"@type":"PropertyValueSpecification","valueRequired":true,"valueName":"search_term_string"}}],"inLanguage":"hr"},{"@type":"Organization","@id":"https:\/\/radioljubuski.ba\/#organization","name":"Radio Ljubu\u0161ki","url":"https:\/\/radioljubuski.ba\/","logo":{"@type":"ImageObject","inLanguage":"hr","@id":"https:\/\/radioljubuski.ba\/#\/schema\/logo\/image\/","url":"https:\/\/radioljubuski.ba\/wp-content\/uploads\/2021\/02\/cropped-Radio_Ljubuski_logo1.jpg","contentUrl":"https:\/\/radioljubuski.ba\/wp-content\/uploads\/2021\/02\/cropped-Radio_Ljubuski_logo1.jpg","width":512,"height":512,"caption":"Radio Ljubu\u0161ki"},"image":{"@id":"https:\/\/radioljubuski.ba\/#\/schema\/logo\/image\/"},"sameAs":["https:\/\/www.facebook.com\/Radiio-Ljubuski-1490835324566332","https:\/\/x.com\/radioljubuski","https:\/\/hr.linkedin.com\/company\/radio-ljubuski","https:\/\/www.youtube.com\/channel\/UCHYaeO_n0Db3tjNGudGpXyw"]},{"@type":"Person","@id":"https:\/\/radioljubuski.ba\/#\/schema\/person\/19fc700381a780f69665d7956c469e3b","name":"Radio Ljubu\u0161ki"}]}},"_links":{"self":[{"href":"https:\/\/radioljubuski.ba\/index.php\/wp-json\/wp\/v2\/posts\/52995","targetHints":{"allow":["GET"]}}],"collection":[{"href":"https:\/\/radioljubuski.ba\/index.php\/wp-json\/wp\/v2\/posts"}],"about":[{"href":"https:\/\/radioljubuski.ba\/index.php\/wp-json\/wp\/v2\/types\/post"}],"author":[{"embeddable":true,"href":"https:\/\/radioljubuski.ba\/index.php\/wp-json\/wp\/v2\/users\/2"}],"replies":[{"embeddable":true,"href":"https:\/\/radioljubuski.ba\/index.php\/wp-json\/wp\/v2\/comments?post=52995"}],"version-history":[{"count":1,"href":"https:\/\/radioljubuski.ba\/index.php\/wp-json\/wp\/v2\/posts\/52995\/revisions"}],"predecessor-version":[{"id":52997,"href":"https:\/\/radioljubuski.ba\/index.php\/wp-json\/wp\/v2\/posts\/52995\/revisions\/52997"}],"wp:featuredmedia":[{"embeddable":true,"href":"https:\/\/radioljubuski.ba\/index.php\/wp-json\/wp\/v2\/media\/52996"}],"wp:attachment":[{"href":"https:\/\/radioljubuski.ba\/index.php\/wp-json\/wp\/v2\/media?parent=52995"}],"wp:term":[{"taxonomy":"category","embeddable":true,"href":"https:\/\/radioljubuski.ba\/index.php\/wp-json\/wp\/v2\/categories?post=52995"},{"taxonomy":"post_tag","embeddable":true,"href":"https:\/\/radioljubuski.ba\/index.php\/wp-json\/wp\/v2\/tags?post=52995"}],"curies":[{"name":"wp","href":"https:\/\/api.w.org\/{rel}","templated":true}]}}