{"id":53003,"date":"2021-08-13T10:47:12","date_gmt":"2021-08-13T09:47:12","guid":{"rendered":"https:\/\/radioljubuski.ba\/?p=53003"},"modified":"2021-08-13T10:47:13","modified_gmt":"2021-08-13T09:47:13","slug":"veceras-vecer-folklora-i-kulturne-bastine-brijeg-siroki-slavno-ti-je-ime","status":"publish","type":"post","link":"https:\/\/radioljubuski.ba\/index.php\/2021\/08\/13\/veceras-vecer-folklora-i-kulturne-bastine-brijeg-siroki-slavno-ti-je-ime\/","title":{"rendered":"Ve\u010deras ve\u010der folklora i kulturne ba\u0161tine &#8216;Brijeg \u0160iroki slavno ti je ime&#8217;"},"content":{"rendered":"\n<p>U sklopu obilje\u017eavanja Dana grada i blagdana Velike Gospe na Trgu \u0161irokobrije\u0161kih \u017ertava (kod kri\u017ea) ve\u010deras u 20.30 sati odr\u017eat \u0107e se ve\u010der folklora i kulturne ba\u0161tine pod nazivom &#8220;Brijeg \u0160iroki slavno ti je ime&#8221;.<\/p>\n\n\n\n<p>Te\u017ei\u0161te ve\u010deri posve\u0107eno je izvornim tradicijskim napjevima \u0160irokog Brijega i zapadne Hercegovine.<\/p>\n\n\n\n<p>Na manifestaciji \u0107e nastupiti 15 folklornih skupina s podru\u010dja \u0160irokog Brijega, Mostara, Ljubu\u0161kog, Posu\u0161ja, i Gruda, a bit \u0107e predstavljeno izvorno narodno stvarala\u0161tvo zapadne Hercegovine u pjesmi, plesu kao i tradicijska glazbala, priop\u0107ili su iz Grada \u0160iroki Brijeg.<\/p>\n\n\n\n<p>Nastupit \u0107e KUD &#8220;Ganga&#8221; \u0160iroki Brijeg, HKUD \u201eSveta Ana\u201c Ljuti Dolac, HKUD \u201eKo\u010derin\u201c, HKUD \u201eBrda\u201c Izbi\u010dno, HKUD \u201eCrna\u0161nica\u201c Kne\u0161polje, HKUD \u201eHerceg Stjepan\u201c Blagaj-Buna, HKUD \u201eSveti Ante\u201c Cim, KUD \u201eRakitno\u201c, Udruga \u201eGanga, gusle, diple\u201c Ljubu\u0161ki, Posu\u0161ki ganga\u0161i \u201e\u017daer i ekipa\u201c, Ledina\u010dki ganga\u0161i \u201eIko Alpeza i ekipa\u201c, Posu\u0161ki ganga\u0161i \u201eJure Tomi\u0107 i ekipa\u201c, Ganga\u0161i iz Gruda \u201eMile Sesar i ekipa\u201c, Ganga\u0161i iz Grabove Drage \u201eBra\u0107a Bo\u0161njaci\u201c, \u0160irokobrije\u0161ki be\u0107ari \u201e\u0106ana i ekipa\u201c, Diplar \u201eMarin \u0106ori\u0107\u201c Kne\u0161polje, guslari \u201eAnte Grube\u0161i\u0107\u201c Posu\u0161je i \u201eMate Sablji\u0107\u201c Tijarica.<\/p>\n\n\n\n<p>Organizatori manifestacije su Grad \u0160iroki Brijeg i \u0161irokobrije\u0161ki KUD &#8216;Ganga&#8217;.<\/p>\n\n\n\n<p>Izvor:pogled.ba<\/p>\n","protected":false},"excerpt":{"rendered":"<p>U sklopu obilje\u017eavanja Dana grada i blagdana Velike Gospe na Trgu \u0161irokobrije\u0161kih \u017ertava (kod kri\u017ea) ve\u010deras u 20.30 sati odr\u017eat \u0107e se ve\u010der folklora i kulturne ba\u0161tine pod nazivom &#8220;Brijeg \u0160iroki slavno ti je ime&#8221;. Te\u017ei\u0161te ve\u010deri posve\u0107eno je izvornim tradicijskim napjevima \u0160irokog Brijega i zapadne Hercegovine. Na manifestaciji \u0107e nastupiti 15 folklornih skupina s [&hellip;]<\/p>\n","protected":false},"author":2,"featured_media":53004,"comment_status":"closed","ping_status":"closed","sticky":false,"template":"","format":"standard","meta":{"h5ap_radio_sources":[],"footnotes":""},"categories":[1],"tags":[],"class_list":["post-53003","post","type-post","status-publish","format-standard","has-post-thumbnail","hentry","category-bihiregija"],"yoast_head":"<!-- This site is optimized with the Yoast SEO plugin v27.4 - https:\/\/yoast.com\/product\/yoast-seo-wordpress\/ -->\n<title>Ve\u010deras ve\u010der folklora i kulturne ba\u0161tine &#039;Brijeg \u0160iroki slavno ti je ime&#039; - RADIO LJUBU\u0160KI<\/title>\n<meta name=\"robots\" content=\"index, follow, max-snippet:-1, max-image-preview:large, max-video-preview:-1\" \/>\n<link rel=\"canonical\" href=\"https:\/\/radioljubuski.ba\/index.php\/2021\/08\/13\/veceras-vecer-folklora-i-kulturne-bastine-brijeg-siroki-slavno-ti-je-ime\/\" \/>\n<meta property=\"og:locale\" content=\"hr_HR\" \/>\n<meta property=\"og:type\" content=\"article\" \/>\n<meta property=\"og:title\" content=\"Ve\u010deras ve\u010der folklora i kulturne ba\u0161tine &#039;Brijeg \u0160iroki slavno ti je ime&#039; - RADIO LJUBU\u0160KI\" \/>\n<meta property=\"og:description\" content=\"U sklopu obilje\u017eavanja Dana grada i blagdana Velike Gospe na Trgu \u0161irokobrije\u0161kih \u017ertava (kod kri\u017ea) ve\u010deras u 20.30 sati odr\u017eat \u0107e se ve\u010der folklora i kulturne ba\u0161tine pod nazivom &#8220;Brijeg \u0160iroki slavno ti je ime&#8221;. Te\u017ei\u0161te ve\u010deri posve\u0107eno je izvornim tradicijskim napjevima \u0160irokog Brijega i zapadne Hercegovine. Na manifestaciji \u0107e nastupiti 15 folklornih skupina s [&hellip;]\" \/>\n<meta property=\"og:url\" content=\"https:\/\/radioljubuski.ba\/index.php\/2021\/08\/13\/veceras-vecer-folklora-i-kulturne-bastine-brijeg-siroki-slavno-ti-je-ime\/\" \/>\n<meta property=\"og:site_name\" content=\"RADIO LJUBU\u0160KI\" \/>\n<meta property=\"article:publisher\" content=\"https:\/\/www.facebook.com\/Radiio-Ljubuski-1490835324566332\" \/>\n<meta property=\"article:published_time\" content=\"2021-08-13T09:47:12+00:00\" \/>\n<meta property=\"article:modified_time\" content=\"2021-08-13T09:47:13+00:00\" \/>\n<meta property=\"og:image\" content=\"https:\/\/radioljubuski.ba\/wp-content\/uploads\/2021\/08\/2-2021-08-13-08-35-12-vecersiroki.jpg\" \/>\n\t<meta property=\"og:image:width\" content=\"1000\" \/>\n\t<meta property=\"og:image:height\" content=\"625\" \/>\n\t<meta property=\"og:image:type\" content=\"image\/jpeg\" \/>\n<meta name=\"author\" content=\"Radio Ljubu\u0161ki\" \/>\n<meta name=\"twitter:card\" content=\"summary_large_image\" \/>\n<meta name=\"twitter:creator\" content=\"@radioljubuski\" \/>\n<meta name=\"twitter:site\" content=\"@radioljubuski\" \/>\n<meta name=\"twitter:label1\" content=\"Napisao\/la\" \/>\n\t<meta name=\"twitter:data1\" content=\"Radio Ljubu\u0161ki\" \/>\n\t<meta name=\"twitter:label2\" content=\"Procijenjeno vrijeme \u010ditanja\" \/>\n\t<meta name=\"twitter:data2\" content=\"1 minuta\" \/>\n<script type=\"application\/ld+json\" class=\"yoast-schema-graph\">{\"@context\":\"https:\\\/\\\/schema.org\",\"@graph\":[{\"@type\":\"Article\",\"@id\":\"https:\\\/\\\/radioljubuski.ba\\\/index.php\\\/2021\\\/08\\\/13\\\/veceras-vecer-folklora-i-kulturne-bastine-brijeg-siroki-slavno-ti-je-ime\\\/#article\",\"isPartOf\":{\"@id\":\"https:\\\/\\\/radioljubuski.ba\\\/index.php\\\/2021\\\/08\\\/13\\\/veceras-vecer-folklora-i-kulturne-bastine-brijeg-siroki-slavno-ti-je-ime\\\/\"},\"author\":{\"name\":\"Radio Ljubu\u0161ki\",\"@id\":\"https:\\\/\\\/radioljubuski.ba\\\/#\\\/schema\\\/person\\\/19fc700381a780f69665d7956c469e3b\"},\"headline\":\"Ve\u010deras ve\u010der folklora i kulturne ba\u0161tine &#8216;Brijeg \u0160iroki slavno ti je ime&#8217;\",\"datePublished\":\"2021-08-13T09:47:12+00:00\",\"dateModified\":\"2021-08-13T09:47:13+00:00\",\"mainEntityOfPage\":{\"@id\":\"https:\\\/\\\/radioljubuski.ba\\\/index.php\\\/2021\\\/08\\\/13\\\/veceras-vecer-folklora-i-kulturne-bastine-brijeg-siroki-slavno-ti-je-ime\\\/\"},\"wordCount\":229,\"publisher\":{\"@id\":\"https:\\\/\\\/radioljubuski.ba\\\/#organization\"},\"image\":{\"@id\":\"https:\\\/\\\/radioljubuski.ba\\\/index.php\\\/2021\\\/08\\\/13\\\/veceras-vecer-folklora-i-kulturne-bastine-brijeg-siroki-slavno-ti-je-ime\\\/#primaryimage\"},\"thumbnailUrl\":\"https:\\\/\\\/radioljubuski.ba\\\/wp-content\\\/uploads\\\/2021\\\/08\\\/2-2021-08-13-08-35-12-vecersiroki.jpg\",\"articleSection\":[\"BIH i regija\"],\"inLanguage\":\"hr\"},{\"@type\":\"WebPage\",\"@id\":\"https:\\\/\\\/radioljubuski.ba\\\/index.php\\\/2021\\\/08\\\/13\\\/veceras-vecer-folklora-i-kulturne-bastine-brijeg-siroki-slavno-ti-je-ime\\\/\",\"url\":\"https:\\\/\\\/radioljubuski.ba\\\/index.php\\\/2021\\\/08\\\/13\\\/veceras-vecer-folklora-i-kulturne-bastine-brijeg-siroki-slavno-ti-je-ime\\\/\",\"name\":\"Ve\u010deras ve\u010der folklora i kulturne ba\u0161tine 'Brijeg \u0160iroki slavno ti je ime' - RADIO LJUBU\u0160KI\",\"isPartOf\":{\"@id\":\"https:\\\/\\\/radioljubuski.ba\\\/#website\"},\"primaryImageOfPage\":{\"@id\":\"https:\\\/\\\/radioljubuski.ba\\\/index.php\\\/2021\\\/08\\\/13\\\/veceras-vecer-folklora-i-kulturne-bastine-brijeg-siroki-slavno-ti-je-ime\\\/#primaryimage\"},\"image\":{\"@id\":\"https:\\\/\\\/radioljubuski.ba\\\/index.php\\\/2021\\\/08\\\/13\\\/veceras-vecer-folklora-i-kulturne-bastine-brijeg-siroki-slavno-ti-je-ime\\\/#primaryimage\"},\"thumbnailUrl\":\"https:\\\/\\\/radioljubuski.ba\\\/wp-content\\\/uploads\\\/2021\\\/08\\\/2-2021-08-13-08-35-12-vecersiroki.jpg\",\"datePublished\":\"2021-08-13T09:47:12+00:00\",\"dateModified\":\"2021-08-13T09:47:13+00:00\",\"breadcrumb\":{\"@id\":\"https:\\\/\\\/radioljubuski.ba\\\/index.php\\\/2021\\\/08\\\/13\\\/veceras-vecer-folklora-i-kulturne-bastine-brijeg-siroki-slavno-ti-je-ime\\\/#breadcrumb\"},\"inLanguage\":\"hr\",\"potentialAction\":[{\"@type\":\"ReadAction\",\"target\":[\"https:\\\/\\\/radioljubuski.ba\\\/index.php\\\/2021\\\/08\\\/13\\\/veceras-vecer-folklora-i-kulturne-bastine-brijeg-siroki-slavno-ti-je-ime\\\/\"]}]},{\"@type\":\"ImageObject\",\"inLanguage\":\"hr\",\"@id\":\"https:\\\/\\\/radioljubuski.ba\\\/index.php\\\/2021\\\/08\\\/13\\\/veceras-vecer-folklora-i-kulturne-bastine-brijeg-siroki-slavno-ti-je-ime\\\/#primaryimage\",\"url\":\"https:\\\/\\\/radioljubuski.ba\\\/wp-content\\\/uploads\\\/2021\\\/08\\\/2-2021-08-13-08-35-12-vecersiroki.jpg\",\"contentUrl\":\"https:\\\/\\\/radioljubuski.ba\\\/wp-content\\\/uploads\\\/2021\\\/08\\\/2-2021-08-13-08-35-12-vecersiroki.jpg\",\"width\":1000,\"height\":625},{\"@type\":\"BreadcrumbList\",\"@id\":\"https:\\\/\\\/radioljubuski.ba\\\/index.php\\\/2021\\\/08\\\/13\\\/veceras-vecer-folklora-i-kulturne-bastine-brijeg-siroki-slavno-ti-je-ime\\\/#breadcrumb\",\"itemListElement\":[{\"@type\":\"ListItem\",\"position\":1,\"name\":\"Po\u010detna stranica\",\"item\":\"https:\\\/\\\/radioljubuski.ba\\\/\"},{\"@type\":\"ListItem\",\"position\":2,\"name\":\"Ve\u010deras ve\u010der folklora i kulturne ba\u0161tine &#8216;Brijeg \u0160iroki slavno ti je ime&#8217;\"}]},{\"@type\":\"WebSite\",\"@id\":\"https:\\\/\\\/radioljubuski.ba\\\/#website\",\"url\":\"https:\\\/\\\/radioljubuski.ba\\\/\",\"name\":\"Radio Ljubu\u0161ki\",\"description\":\"Sun\u010dana frekvencija Hercegovine\",\"publisher\":{\"@id\":\"https:\\\/\\\/radioljubuski.ba\\\/#organization\"},\"potentialAction\":[{\"@type\":\"SearchAction\",\"target\":{\"@type\":\"EntryPoint\",\"urlTemplate\":\"https:\\\/\\\/radioljubuski.ba\\\/?s={search_term_string}\"},\"query-input\":{\"@type\":\"PropertyValueSpecification\",\"valueRequired\":true,\"valueName\":\"search_term_string\"}}],\"inLanguage\":\"hr\"},{\"@type\":\"Organization\",\"@id\":\"https:\\\/\\\/radioljubuski.ba\\\/#organization\",\"name\":\"Radio Ljubu\u0161ki\",\"url\":\"https:\\\/\\\/radioljubuski.ba\\\/\",\"logo\":{\"@type\":\"ImageObject\",\"inLanguage\":\"hr\",\"@id\":\"https:\\\/\\\/radioljubuski.ba\\\/#\\\/schema\\\/logo\\\/image\\\/\",\"url\":\"https:\\\/\\\/radioljubuski.ba\\\/wp-content\\\/uploads\\\/2021\\\/02\\\/cropped-Radio_Ljubuski_logo1.jpg\",\"contentUrl\":\"https:\\\/\\\/radioljubuski.ba\\\/wp-content\\\/uploads\\\/2021\\\/02\\\/cropped-Radio_Ljubuski_logo1.jpg\",\"width\":512,\"height\":512,\"caption\":\"Radio Ljubu\u0161ki\"},\"image\":{\"@id\":\"https:\\\/\\\/radioljubuski.ba\\\/#\\\/schema\\\/logo\\\/image\\\/\"},\"sameAs\":[\"https:\\\/\\\/www.facebook.com\\\/Radiio-Ljubuski-1490835324566332\",\"https:\\\/\\\/x.com\\\/radioljubuski\",\"https:\\\/\\\/hr.linkedin.com\\\/company\\\/radio-ljubuski\",\"https:\\\/\\\/www.youtube.com\\\/channel\\\/UCHYaeO_n0Db3tjNGudGpXyw\"]},{\"@type\":\"Person\",\"@id\":\"https:\\\/\\\/radioljubuski.ba\\\/#\\\/schema\\\/person\\\/19fc700381a780f69665d7956c469e3b\",\"name\":\"Radio Ljubu\u0161ki\"}]}<\/script>\n<!-- \/ Yoast SEO plugin. -->","yoast_head_json":{"title":"Ve\u010deras ve\u010der folklora i kulturne ba\u0161tine 'Brijeg \u0160iroki slavno ti je ime' - RADIO LJUBU\u0160KI","robots":{"index":"index","follow":"follow","max-snippet":"max-snippet:-1","max-image-preview":"max-image-preview:large","max-video-preview":"max-video-preview:-1"},"canonical":"https:\/\/radioljubuski.ba\/index.php\/2021\/08\/13\/veceras-vecer-folklora-i-kulturne-bastine-brijeg-siroki-slavno-ti-je-ime\/","og_locale":"hr_HR","og_type":"article","og_title":"Ve\u010deras ve\u010der folklora i kulturne ba\u0161tine 'Brijeg \u0160iroki slavno ti je ime' - RADIO LJUBU\u0160KI","og_description":"U sklopu obilje\u017eavanja Dana grada i blagdana Velike Gospe na Trgu \u0161irokobrije\u0161kih \u017ertava (kod kri\u017ea) ve\u010deras u 20.30 sati odr\u017eat \u0107e se ve\u010der folklora i kulturne ba\u0161tine pod nazivom &#8220;Brijeg \u0160iroki slavno ti je ime&#8221;. Te\u017ei\u0161te ve\u010deri posve\u0107eno je izvornim tradicijskim napjevima \u0160irokog Brijega i zapadne Hercegovine. Na manifestaciji \u0107e nastupiti 15 folklornih skupina s [&hellip;]","og_url":"https:\/\/radioljubuski.ba\/index.php\/2021\/08\/13\/veceras-vecer-folklora-i-kulturne-bastine-brijeg-siroki-slavno-ti-je-ime\/","og_site_name":"RADIO LJUBU\u0160KI","article_publisher":"https:\/\/www.facebook.com\/Radiio-Ljubuski-1490835324566332","article_published_time":"2021-08-13T09:47:12+00:00","article_modified_time":"2021-08-13T09:47:13+00:00","og_image":[{"width":1000,"height":625,"url":"https:\/\/radioljubuski.ba\/wp-content\/uploads\/2021\/08\/2-2021-08-13-08-35-12-vecersiroki.jpg","type":"image\/jpeg"}],"author":"Radio Ljubu\u0161ki","twitter_card":"summary_large_image","twitter_creator":"@radioljubuski","twitter_site":"@radioljubuski","twitter_misc":{"Napisao\/la":"Radio Ljubu\u0161ki","Procijenjeno vrijeme \u010ditanja":"1 minuta"},"schema":{"@context":"https:\/\/schema.org","@graph":[{"@type":"Article","@id":"https:\/\/radioljubuski.ba\/index.php\/2021\/08\/13\/veceras-vecer-folklora-i-kulturne-bastine-brijeg-siroki-slavno-ti-je-ime\/#article","isPartOf":{"@id":"https:\/\/radioljubuski.ba\/index.php\/2021\/08\/13\/veceras-vecer-folklora-i-kulturne-bastine-brijeg-siroki-slavno-ti-je-ime\/"},"author":{"name":"Radio Ljubu\u0161ki","@id":"https:\/\/radioljubuski.ba\/#\/schema\/person\/19fc700381a780f69665d7956c469e3b"},"headline":"Ve\u010deras ve\u010der folklora i kulturne ba\u0161tine &#8216;Brijeg \u0160iroki slavno ti je ime&#8217;","datePublished":"2021-08-13T09:47:12+00:00","dateModified":"2021-08-13T09:47:13+00:00","mainEntityOfPage":{"@id":"https:\/\/radioljubuski.ba\/index.php\/2021\/08\/13\/veceras-vecer-folklora-i-kulturne-bastine-brijeg-siroki-slavno-ti-je-ime\/"},"wordCount":229,"publisher":{"@id":"https:\/\/radioljubuski.ba\/#organization"},"image":{"@id":"https:\/\/radioljubuski.ba\/index.php\/2021\/08\/13\/veceras-vecer-folklora-i-kulturne-bastine-brijeg-siroki-slavno-ti-je-ime\/#primaryimage"},"thumbnailUrl":"https:\/\/radioljubuski.ba\/wp-content\/uploads\/2021\/08\/2-2021-08-13-08-35-12-vecersiroki.jpg","articleSection":["BIH i regija"],"inLanguage":"hr"},{"@type":"WebPage","@id":"https:\/\/radioljubuski.ba\/index.php\/2021\/08\/13\/veceras-vecer-folklora-i-kulturne-bastine-brijeg-siroki-slavno-ti-je-ime\/","url":"https:\/\/radioljubuski.ba\/index.php\/2021\/08\/13\/veceras-vecer-folklora-i-kulturne-bastine-brijeg-siroki-slavno-ti-je-ime\/","name":"Ve\u010deras ve\u010der folklora i kulturne ba\u0161tine 'Brijeg \u0160iroki slavno ti je ime' - RADIO LJUBU\u0160KI","isPartOf":{"@id":"https:\/\/radioljubuski.ba\/#website"},"primaryImageOfPage":{"@id":"https:\/\/radioljubuski.ba\/index.php\/2021\/08\/13\/veceras-vecer-folklora-i-kulturne-bastine-brijeg-siroki-slavno-ti-je-ime\/#primaryimage"},"image":{"@id":"https:\/\/radioljubuski.ba\/index.php\/2021\/08\/13\/veceras-vecer-folklora-i-kulturne-bastine-brijeg-siroki-slavno-ti-je-ime\/#primaryimage"},"thumbnailUrl":"https:\/\/radioljubuski.ba\/wp-content\/uploads\/2021\/08\/2-2021-08-13-08-35-12-vecersiroki.jpg","datePublished":"2021-08-13T09:47:12+00:00","dateModified":"2021-08-13T09:47:13+00:00","breadcrumb":{"@id":"https:\/\/radioljubuski.ba\/index.php\/2021\/08\/13\/veceras-vecer-folklora-i-kulturne-bastine-brijeg-siroki-slavno-ti-je-ime\/#breadcrumb"},"inLanguage":"hr","potentialAction":[{"@type":"ReadAction","target":["https:\/\/radioljubuski.ba\/index.php\/2021\/08\/13\/veceras-vecer-folklora-i-kulturne-bastine-brijeg-siroki-slavno-ti-je-ime\/"]}]},{"@type":"ImageObject","inLanguage":"hr","@id":"https:\/\/radioljubuski.ba\/index.php\/2021\/08\/13\/veceras-vecer-folklora-i-kulturne-bastine-brijeg-siroki-slavno-ti-je-ime\/#primaryimage","url":"https:\/\/radioljubuski.ba\/wp-content\/uploads\/2021\/08\/2-2021-08-13-08-35-12-vecersiroki.jpg","contentUrl":"https:\/\/radioljubuski.ba\/wp-content\/uploads\/2021\/08\/2-2021-08-13-08-35-12-vecersiroki.jpg","width":1000,"height":625},{"@type":"BreadcrumbList","@id":"https:\/\/radioljubuski.ba\/index.php\/2021\/08\/13\/veceras-vecer-folklora-i-kulturne-bastine-brijeg-siroki-slavno-ti-je-ime\/#breadcrumb","itemListElement":[{"@type":"ListItem","position":1,"name":"Po\u010detna stranica","item":"https:\/\/radioljubuski.ba\/"},{"@type":"ListItem","position":2,"name":"Ve\u010deras ve\u010der folklora i kulturne ba\u0161tine &#8216;Brijeg \u0160iroki slavno ti je ime&#8217;"}]},{"@type":"WebSite","@id":"https:\/\/radioljubuski.ba\/#website","url":"https:\/\/radioljubuski.ba\/","name":"Radio Ljubu\u0161ki","description":"Sun\u010dana frekvencija Hercegovine","publisher":{"@id":"https:\/\/radioljubuski.ba\/#organization"},"potentialAction":[{"@type":"SearchAction","target":{"@type":"EntryPoint","urlTemplate":"https:\/\/radioljubuski.ba\/?s={search_term_string}"},"query-input":{"@type":"PropertyValueSpecification","valueRequired":true,"valueName":"search_term_string"}}],"inLanguage":"hr"},{"@type":"Organization","@id":"https:\/\/radioljubuski.ba\/#organization","name":"Radio Ljubu\u0161ki","url":"https:\/\/radioljubuski.ba\/","logo":{"@type":"ImageObject","inLanguage":"hr","@id":"https:\/\/radioljubuski.ba\/#\/schema\/logo\/image\/","url":"https:\/\/radioljubuski.ba\/wp-content\/uploads\/2021\/02\/cropped-Radio_Ljubuski_logo1.jpg","contentUrl":"https:\/\/radioljubuski.ba\/wp-content\/uploads\/2021\/02\/cropped-Radio_Ljubuski_logo1.jpg","width":512,"height":512,"caption":"Radio Ljubu\u0161ki"},"image":{"@id":"https:\/\/radioljubuski.ba\/#\/schema\/logo\/image\/"},"sameAs":["https:\/\/www.facebook.com\/Radiio-Ljubuski-1490835324566332","https:\/\/x.com\/radioljubuski","https:\/\/hr.linkedin.com\/company\/radio-ljubuski","https:\/\/www.youtube.com\/channel\/UCHYaeO_n0Db3tjNGudGpXyw"]},{"@type":"Person","@id":"https:\/\/radioljubuski.ba\/#\/schema\/person\/19fc700381a780f69665d7956c469e3b","name":"Radio Ljubu\u0161ki"}]}},"_links":{"self":[{"href":"https:\/\/radioljubuski.ba\/index.php\/wp-json\/wp\/v2\/posts\/53003","targetHints":{"allow":["GET"]}}],"collection":[{"href":"https:\/\/radioljubuski.ba\/index.php\/wp-json\/wp\/v2\/posts"}],"about":[{"href":"https:\/\/radioljubuski.ba\/index.php\/wp-json\/wp\/v2\/types\/post"}],"author":[{"embeddable":true,"href":"https:\/\/radioljubuski.ba\/index.php\/wp-json\/wp\/v2\/users\/2"}],"replies":[{"embeddable":true,"href":"https:\/\/radioljubuski.ba\/index.php\/wp-json\/wp\/v2\/comments?post=53003"}],"version-history":[{"count":1,"href":"https:\/\/radioljubuski.ba\/index.php\/wp-json\/wp\/v2\/posts\/53003\/revisions"}],"predecessor-version":[{"id":53005,"href":"https:\/\/radioljubuski.ba\/index.php\/wp-json\/wp\/v2\/posts\/53003\/revisions\/53005"}],"wp:featuredmedia":[{"embeddable":true,"href":"https:\/\/radioljubuski.ba\/index.php\/wp-json\/wp\/v2\/media\/53004"}],"wp:attachment":[{"href":"https:\/\/radioljubuski.ba\/index.php\/wp-json\/wp\/v2\/media?parent=53003"}],"wp:term":[{"taxonomy":"category","embeddable":true,"href":"https:\/\/radioljubuski.ba\/index.php\/wp-json\/wp\/v2\/categories?post=53003"},{"taxonomy":"post_tag","embeddable":true,"href":"https:\/\/radioljubuski.ba\/index.php\/wp-json\/wp\/v2\/tags?post=53003"}],"curies":[{"name":"wp","href":"https:\/\/api.w.org\/{rel}","templated":true}]}}