{"id":53009,"date":"2021-08-13T10:51:24","date_gmt":"2021-08-13T09:51:24","guid":{"rendered":"https:\/\/radioljubuski.ba\/?p=53009"},"modified":"2021-08-13T10:51:25","modified_gmt":"2021-08-13T09:51:25","slug":"sezdeset-godina-od-pocetka-gradnje-berlinskog-zida","status":"publish","type":"post","link":"https:\/\/radioljubuski.ba\/index.php\/2021\/08\/13\/sezdeset-godina-od-pocetka-gradnje-berlinskog-zida\/","title":{"rendered":"\u0160ezdeset godina od po\u010detka gradnje Berlinskog zida"},"content":{"rendered":"\n<p>\u201eNitko nema namjeru podi\u0107i nekakav zid\u201c. Re\u010denica koju je svojim piskutavim glasom 15. srpnja 1961. izrekao predsjednik Isto\u010dne Njema\u010dke Walter Ulbricht duboko se urezala u svijest njema\u010dkih gra\u0111ana.&nbsp;<\/p>\n\n\n\n<p>Manje od mjesec dana kasnije, 13. kolovoza odmah nakon pono\u0107i, u isto\u010dnom dijelu Berlina po\u010dela je \u201eAkcija ru\u017ea\u201c<\/p>\n\n\n\n<p>Bio je to tajni naziv za gradnju objekta koji \u0107e u idu\u0107im desetlje\u0107ima postati simbolom hladnoratovske podjele Europe i svijeta.<\/p>\n\n\n\n<p>Prvo su prekinute \u017eeljezni\u010dke trase izme\u0111u zapadnog, savezni\u010dkog dijela Berlina i isto\u010dnog, sovjetskog dijela, prekopane su ceste i postavljene zapreke. Potom je rano ujutro uz osiguranje isto\u010dnonjema\u010dke vojske i policije i pra\u0107ena zaprepa\u0161tenim pogledima Berlin\u010dana po\u010dela i gradnja zida.<\/p>\n\n\n\n<p><strong>\u2018Antifa\u0161isti\u010dka za\u0161tita\u2019<\/strong><\/p>\n\n\n\n<p>Berlinski zid je vi\u0161e od 28 godina, sve do njegovog pada u studenome 1989. dijelio ne samo dva politi\u010dka svjetonazora nego i mnoge obitelji i ljudske sudbine.<\/p>\n\n\n\n<p>Na to se danas, 60 godina kasnije, brojnim komemoracijama podsje\u0107a diljem Njema\u010dke, a posebice na povijesnim mjestima uzdu\u017e biv\u0161e njema\u010dko-njema\u010dke granice.<\/p>\n\n\n\n<p>Berlinski zid je sa svojih 155 kilometara oko zapadnog dijela grada neprestano dogra\u0111ivan i moderniziran pa se iz prvobitnog jednostavnog zida s bodljikavom \u017eicom u pretvorio u sofisticirano postrojenje s nekoliko razina, uklju\u010duju\u0107i kamere i oru\u017eje koje je reagiralo na pokret.<\/p>\n\n\n\n<p>Suprotno od ostatka zemlje koja je grcala pod teretom besparice i gospodarske krize, za moderniziranje \u201eantifa\u0161isti\u010dkog za\u0161titnog zida\u201c, kako se na istoku slu\u017ebeno zvao Berlinski zid, uvijek je bilo novca i dragocjenih deviza.<\/p>\n\n\n\n<p><strong>Zid protiv odljeva stanovni\u0161tva<\/strong><\/p>\n\n\n\n<p>Berlinski zid je samo najpoznatiji dio \u201eobrane\u201c DDR-a od Zapada.<\/p>\n\n\n\n<p>Sli\u010dne komplicirana grani\u010dna postrojenja izgra\u0111ena su uzdu\u017e gotovo 1.400 kilometara duge granice. Na mjestima na kojima je bijeg bio najlak\u0161i barijere su bile i tehni\u010dki zahtjevne. Dugo je trebala da se usavr\u0161e podvodne prepreke na Baltiku na kojem je, posebice na po\u010detku, bilo mnogo (uspje\u0161nih i neuspje\u0161nih) poku\u0161aja bijega ronjenjem ili smionim podmornicama ku\u0107ne izrade.<\/p>\n\n\n\n<p>Isto\u010dnu Njema\u010dku su u pedesetim godinama 20. stolje\u0107a, kada granica nije bila tako tvrda, napustili milijuni gra\u0111ana kojima je budu\u0107nost na Zapadu djelovala primamljivije od socijalisti\u010dke svakodnevice.<\/p>\n\n\n\n<p>Egzodus se poja\u010dao nakon ustanka protiv sovjetske okupacije 1953. koji je ugu\u0161en u krvi. Nedostatak radnika i stru\u010dnjaka nije mogla nadomjestiti ni migracija iz bratskih socijalisti\u010dkih zemalja poput Kube, Mozambika i Vijetnama.<\/p>\n\n\n\n<p>Iako je podignut da to sprije\u010di, i tunelima ispod Berlinskog zida i balonom preko njega nastavilo se bje\u017eati se iz zemlje \u201eradnika i seljaka\u201c iako u neusporedivo manjim brojevima nego prije.<\/p>\n\n\n\n<p>Podizanje Berlinskog zida svjedocima ne blijedi iz sje\u0107anja ni nakon vi\u0161e od pola stolje\u0107a.<\/p>\n\n\n\n<p>\u201eMoj otac je ostao u Zapadnom Berlinu, obitelj je bila podijeljena. To je bio rez u mom \u017eivotu\u201c, ka\u017ee biv\u0161i borac za gra\u0111anska prava u DDR-u Rainer Eppelmann.<\/p>\n\n\n\n<p>Sada\u0161njem predsjedniku Savezne zaklade za suo\u010davanje diktaturom u DDR-u i demokr\u0161\u0107anskom politi\u010daru sprije\u010deno je polaganje mature, a njegov san o studiju arhitekture rasplinuo se .<\/p>\n\n\n\n<p>Njemu je Berlinski zid, osim simbola neljudskosti bio i priznanje moralnog bankrota komunisti\u010dkog re\u017eima koji se za cjelokupnog postojanja dviju njema\u010dkih dr\u017eava smatrao boljim i ljudskijim izdanjem.<\/p>\n\n\n\n<p>Danas djeluje nevjerojatno da je usprkos promjenama u Sovjetskom Savezu, \u201eGlasnosti\u201c Mihaila Gorba\u010dova i valu nezadovoljstva gra\u0111ana, posljednji predsjednik Dr\u017eavnog vije\u0107a DDR-a, Erich Honecker jo\u0161 nekoliko tjedana prije pada Berlinskog zida tvrdio da \u0107e on stajati \u201esljede\u0107ih 100 godina\u201c.<\/p>\n\n\n\n<p><strong>Berlinski zid u zahodu u Las Vegasu<\/strong><\/p>\n\n\n\n<p>Danas na Berlinski zid podsje\u0107a par stotina metara preostalih na nekoliko lokacija, manje ili vi\u0161e poznatih.<\/p>\n\n\n\n<p>I dok East Side Gallery uz rijeku Spree ili spomen park u Bernauer Strasse izme\u0111u \u010detvrti Prenzlauer Berg i Wedding svake godine posje\u0107uju milijuni turista, na vi\u0161e lokacija u gradu se jo\u0161 uvijek nalaze zaboravljeni i zarasli ostaci zida i \u010dekaju da ih otkriju lovci na suvenire.<\/p>\n\n\n\n<p>Komadi\u0107i originalnog Berlinskog zida su jo\u0161 uvijek tra\u017eena uspomena na posjetu nekad podijeljenoj njema\u010dkoj prijestolnici.<\/p>\n\n\n\n<p>Na mnogim lokacijama trasa Zida je na tlu ozna\u010dena granitnim kockama. No mnogi koji prolaze nisu svjesni da se nekada ginulo uzdu\u017e te markacije.<\/p>\n\n\n\n<p>Berlinski Senat (parlament grada-savezne pokrajine) odlu\u010dio je konzervirati sve ostatke Zida koji je najve\u0107im dijelom nestao tijekom euforije nakon ujedinjenja.<\/p>\n\n\n\n<p>Dijelovi Zida su zavr\u0161ili po cijelom svijetu, ukupno 170 segmenata je postavljeno od Vatikana do Washingtona. Isje\u010dak Berlinskog zida se \u010dak nalazi u WC-u jedne kockarnice u Las Vegasu<\/p>\n\n\n\n<p><strong>Komemoracija \u017ertvama<\/strong><\/p>\n\n\n\n<p>Na spomen podru\u010dju u Bernauer Strasse vidljiva je i najtu\u017enija strana podjele Berlina.<\/p>\n\n\n\n<p>Prema procjenama, u 28 godina najmanje je 140 ljudi izgubilo \u017eivot u poku\u0161aju bijega na Zapad.<\/p>\n\n\n\n<p>Sude\u0107i po najnovijim istra\u017eivanjima Slobodnog sveu\u010dili\u0161ta u Berlinu \u017ertava je bilo vi\u0161e nego dvostruko vi\u0161e \u2013 327.<\/p>\n\n\n\n<p>Upravo ondje \u0107e se u memorijalnoj kapeli odr\u017eati komemoracija kojoj \u0107e nazo\u010diti i predsjednik Frank-Walter Steinmeier.<\/p>\n\n\n\n<p>Bernauer Strasse je dio Zida s posebnom pri\u010dom. Ovdje se granica nalazila uz same zgrade: zid na Istoku, plo\u010dnik na Zapadu.<\/p>\n\n\n\n<p>Prvih dana, dok i prozori nisu bili zabetonirani, a ku\u0107e direktno na granici sru\u0161ene, ondje su se ovdje odigravale prave drame. Fotografije o\u010dajnika koji su se skokom s prozora poku\u0161avale domo\u0107i slobode obi\u0161le su cijeli svijet.<\/p>\n\n\n\n<p>Izvor:pogled.ba<\/p>\n","protected":false},"excerpt":{"rendered":"<p>\u201eNitko nema namjeru podi\u0107i nekakav zid\u201c. Re\u010denica koju je svojim piskutavim glasom 15. srpnja 1961. izrekao predsjednik Isto\u010dne Njema\u010dke Walter Ulbricht duboko se urezala u svijest njema\u010dkih gra\u0111ana.&nbsp; Manje od mjesec dana kasnije, 13. kolovoza odmah nakon pono\u0107i, u isto\u010dnom dijelu Berlina po\u010dela je \u201eAkcija ru\u017ea\u201c Bio je to tajni naziv za gradnju objekta koji [&hellip;]<\/p>\n","protected":false},"author":2,"featured_media":53010,"comment_status":"closed","ping_status":"closed","sticky":false,"template":"","format":"standard","meta":{"h5ap_radio_sources":[],"footnotes":""},"categories":[1],"tags":[],"class_list":["post-53009","post","type-post","status-publish","format-standard","has-post-thumbnail","hentry","category-bihiregija"],"yoast_head":"<!-- This site is optimized with the Yoast SEO plugin v27.4 - https:\/\/yoast.com\/product\/yoast-seo-wordpress\/ -->\n<title>\u0160ezdeset godina od po\u010detka gradnje Berlinskog zida - RADIO LJUBU\u0160KI<\/title>\n<meta name=\"robots\" content=\"index, follow, max-snippet:-1, max-image-preview:large, max-video-preview:-1\" \/>\n<link rel=\"canonical\" href=\"https:\/\/radioljubuski.ba\/index.php\/2021\/08\/13\/sezdeset-godina-od-pocetka-gradnje-berlinskog-zida\/\" \/>\n<meta property=\"og:locale\" content=\"hr_HR\" \/>\n<meta property=\"og:type\" content=\"article\" \/>\n<meta property=\"og:title\" content=\"\u0160ezdeset godina od po\u010detka gradnje Berlinskog zida - RADIO LJUBU\u0160KI\" \/>\n<meta property=\"og:description\" content=\"\u201eNitko nema namjeru podi\u0107i nekakav zid\u201c. Re\u010denica koju je svojim piskutavim glasom 15. srpnja 1961. izrekao predsjednik Isto\u010dne Njema\u010dke Walter Ulbricht duboko se urezala u svijest njema\u010dkih gra\u0111ana.&nbsp; Manje od mjesec dana kasnije, 13. kolovoza odmah nakon pono\u0107i, u isto\u010dnom dijelu Berlina po\u010dela je \u201eAkcija ru\u017ea\u201c Bio je to tajni naziv za gradnju objekta koji [&hellip;]\" \/>\n<meta property=\"og:url\" content=\"https:\/\/radioljubuski.ba\/index.php\/2021\/08\/13\/sezdeset-godina-od-pocetka-gradnje-berlinskog-zida\/\" \/>\n<meta property=\"og:site_name\" content=\"RADIO LJUBU\u0160KI\" \/>\n<meta property=\"article:publisher\" content=\"https:\/\/www.facebook.com\/Radiio-Ljubuski-1490835324566332\" \/>\n<meta property=\"article:published_time\" content=\"2021-08-13T09:51:24+00:00\" \/>\n<meta property=\"article:modified_time\" content=\"2021-08-13T09:51:25+00:00\" \/>\n<meta property=\"og:image\" content=\"https:\/\/radioljubuski.ba\/wp-content\/uploads\/2021\/08\/2-2021-08-13-08-44-28-berlinski-zid.jpg\" \/>\n\t<meta property=\"og:image:width\" content=\"1000\" \/>\n\t<meta property=\"og:image:height\" content=\"625\" \/>\n\t<meta property=\"og:image:type\" content=\"image\/jpeg\" \/>\n<meta name=\"author\" content=\"Radio Ljubu\u0161ki\" \/>\n<meta name=\"twitter:card\" content=\"summary_large_image\" \/>\n<meta name=\"twitter:creator\" content=\"@radioljubuski\" \/>\n<meta name=\"twitter:site\" content=\"@radioljubuski\" \/>\n<meta name=\"twitter:label1\" content=\"Napisao\/la\" \/>\n\t<meta name=\"twitter:data1\" content=\"Radio Ljubu\u0161ki\" \/>\n\t<meta name=\"twitter:label2\" content=\"Procijenjeno vrijeme \u010ditanja\" \/>\n\t<meta name=\"twitter:data2\" content=\"4 minute\" \/>\n<script type=\"application\/ld+json\" class=\"yoast-schema-graph\">{\"@context\":\"https:\\\/\\\/schema.org\",\"@graph\":[{\"@type\":\"Article\",\"@id\":\"https:\\\/\\\/radioljubuski.ba\\\/index.php\\\/2021\\\/08\\\/13\\\/sezdeset-godina-od-pocetka-gradnje-berlinskog-zida\\\/#article\",\"isPartOf\":{\"@id\":\"https:\\\/\\\/radioljubuski.ba\\\/index.php\\\/2021\\\/08\\\/13\\\/sezdeset-godina-od-pocetka-gradnje-berlinskog-zida\\\/\"},\"author\":{\"name\":\"Radio Ljubu\u0161ki\",\"@id\":\"https:\\\/\\\/radioljubuski.ba\\\/#\\\/schema\\\/person\\\/19fc700381a780f69665d7956c469e3b\"},\"headline\":\"\u0160ezdeset godina od po\u010detka gradnje Berlinskog zida\",\"datePublished\":\"2021-08-13T09:51:24+00:00\",\"dateModified\":\"2021-08-13T09:51:25+00:00\",\"mainEntityOfPage\":{\"@id\":\"https:\\\/\\\/radioljubuski.ba\\\/index.php\\\/2021\\\/08\\\/13\\\/sezdeset-godina-od-pocetka-gradnje-berlinskog-zida\\\/\"},\"wordCount\":911,\"publisher\":{\"@id\":\"https:\\\/\\\/radioljubuski.ba\\\/#organization\"},\"image\":{\"@id\":\"https:\\\/\\\/radioljubuski.ba\\\/index.php\\\/2021\\\/08\\\/13\\\/sezdeset-godina-od-pocetka-gradnje-berlinskog-zida\\\/#primaryimage\"},\"thumbnailUrl\":\"https:\\\/\\\/radioljubuski.ba\\\/wp-content\\\/uploads\\\/2021\\\/08\\\/2-2021-08-13-08-44-28-berlinski-zid.jpg\",\"articleSection\":[\"BIH i regija\"],\"inLanguage\":\"hr\"},{\"@type\":\"WebPage\",\"@id\":\"https:\\\/\\\/radioljubuski.ba\\\/index.php\\\/2021\\\/08\\\/13\\\/sezdeset-godina-od-pocetka-gradnje-berlinskog-zida\\\/\",\"url\":\"https:\\\/\\\/radioljubuski.ba\\\/index.php\\\/2021\\\/08\\\/13\\\/sezdeset-godina-od-pocetka-gradnje-berlinskog-zida\\\/\",\"name\":\"\u0160ezdeset godina od po\u010detka gradnje Berlinskog zida - RADIO LJUBU\u0160KI\",\"isPartOf\":{\"@id\":\"https:\\\/\\\/radioljubuski.ba\\\/#website\"},\"primaryImageOfPage\":{\"@id\":\"https:\\\/\\\/radioljubuski.ba\\\/index.php\\\/2021\\\/08\\\/13\\\/sezdeset-godina-od-pocetka-gradnje-berlinskog-zida\\\/#primaryimage\"},\"image\":{\"@id\":\"https:\\\/\\\/radioljubuski.ba\\\/index.php\\\/2021\\\/08\\\/13\\\/sezdeset-godina-od-pocetka-gradnje-berlinskog-zida\\\/#primaryimage\"},\"thumbnailUrl\":\"https:\\\/\\\/radioljubuski.ba\\\/wp-content\\\/uploads\\\/2021\\\/08\\\/2-2021-08-13-08-44-28-berlinski-zid.jpg\",\"datePublished\":\"2021-08-13T09:51:24+00:00\",\"dateModified\":\"2021-08-13T09:51:25+00:00\",\"breadcrumb\":{\"@id\":\"https:\\\/\\\/radioljubuski.ba\\\/index.php\\\/2021\\\/08\\\/13\\\/sezdeset-godina-od-pocetka-gradnje-berlinskog-zida\\\/#breadcrumb\"},\"inLanguage\":\"hr\",\"potentialAction\":[{\"@type\":\"ReadAction\",\"target\":[\"https:\\\/\\\/radioljubuski.ba\\\/index.php\\\/2021\\\/08\\\/13\\\/sezdeset-godina-od-pocetka-gradnje-berlinskog-zida\\\/\"]}]},{\"@type\":\"ImageObject\",\"inLanguage\":\"hr\",\"@id\":\"https:\\\/\\\/radioljubuski.ba\\\/index.php\\\/2021\\\/08\\\/13\\\/sezdeset-godina-od-pocetka-gradnje-berlinskog-zida\\\/#primaryimage\",\"url\":\"https:\\\/\\\/radioljubuski.ba\\\/wp-content\\\/uploads\\\/2021\\\/08\\\/2-2021-08-13-08-44-28-berlinski-zid.jpg\",\"contentUrl\":\"https:\\\/\\\/radioljubuski.ba\\\/wp-content\\\/uploads\\\/2021\\\/08\\\/2-2021-08-13-08-44-28-berlinski-zid.jpg\",\"width\":1000,\"height\":625},{\"@type\":\"BreadcrumbList\",\"@id\":\"https:\\\/\\\/radioljubuski.ba\\\/index.php\\\/2021\\\/08\\\/13\\\/sezdeset-godina-od-pocetka-gradnje-berlinskog-zida\\\/#breadcrumb\",\"itemListElement\":[{\"@type\":\"ListItem\",\"position\":1,\"name\":\"Po\u010detna stranica\",\"item\":\"https:\\\/\\\/radioljubuski.ba\\\/\"},{\"@type\":\"ListItem\",\"position\":2,\"name\":\"\u0160ezdeset godina od po\u010detka gradnje Berlinskog zida\"}]},{\"@type\":\"WebSite\",\"@id\":\"https:\\\/\\\/radioljubuski.ba\\\/#website\",\"url\":\"https:\\\/\\\/radioljubuski.ba\\\/\",\"name\":\"Radio Ljubu\u0161ki\",\"description\":\"Sun\u010dana frekvencija Hercegovine\",\"publisher\":{\"@id\":\"https:\\\/\\\/radioljubuski.ba\\\/#organization\"},\"potentialAction\":[{\"@type\":\"SearchAction\",\"target\":{\"@type\":\"EntryPoint\",\"urlTemplate\":\"https:\\\/\\\/radioljubuski.ba\\\/?s={search_term_string}\"},\"query-input\":{\"@type\":\"PropertyValueSpecification\",\"valueRequired\":true,\"valueName\":\"search_term_string\"}}],\"inLanguage\":\"hr\"},{\"@type\":\"Organization\",\"@id\":\"https:\\\/\\\/radioljubuski.ba\\\/#organization\",\"name\":\"Radio Ljubu\u0161ki\",\"url\":\"https:\\\/\\\/radioljubuski.ba\\\/\",\"logo\":{\"@type\":\"ImageObject\",\"inLanguage\":\"hr\",\"@id\":\"https:\\\/\\\/radioljubuski.ba\\\/#\\\/schema\\\/logo\\\/image\\\/\",\"url\":\"https:\\\/\\\/radioljubuski.ba\\\/wp-content\\\/uploads\\\/2021\\\/02\\\/cropped-Radio_Ljubuski_logo1.jpg\",\"contentUrl\":\"https:\\\/\\\/radioljubuski.ba\\\/wp-content\\\/uploads\\\/2021\\\/02\\\/cropped-Radio_Ljubuski_logo1.jpg\",\"width\":512,\"height\":512,\"caption\":\"Radio Ljubu\u0161ki\"},\"image\":{\"@id\":\"https:\\\/\\\/radioljubuski.ba\\\/#\\\/schema\\\/logo\\\/image\\\/\"},\"sameAs\":[\"https:\\\/\\\/www.facebook.com\\\/Radiio-Ljubuski-1490835324566332\",\"https:\\\/\\\/x.com\\\/radioljubuski\",\"https:\\\/\\\/hr.linkedin.com\\\/company\\\/radio-ljubuski\",\"https:\\\/\\\/www.youtube.com\\\/channel\\\/UCHYaeO_n0Db3tjNGudGpXyw\"]},{\"@type\":\"Person\",\"@id\":\"https:\\\/\\\/radioljubuski.ba\\\/#\\\/schema\\\/person\\\/19fc700381a780f69665d7956c469e3b\",\"name\":\"Radio Ljubu\u0161ki\"}]}<\/script>\n<!-- \/ Yoast SEO plugin. -->","yoast_head_json":{"title":"\u0160ezdeset godina od po\u010detka gradnje Berlinskog zida - RADIO LJUBU\u0160KI","robots":{"index":"index","follow":"follow","max-snippet":"max-snippet:-1","max-image-preview":"max-image-preview:large","max-video-preview":"max-video-preview:-1"},"canonical":"https:\/\/radioljubuski.ba\/index.php\/2021\/08\/13\/sezdeset-godina-od-pocetka-gradnje-berlinskog-zida\/","og_locale":"hr_HR","og_type":"article","og_title":"\u0160ezdeset godina od po\u010detka gradnje Berlinskog zida - RADIO LJUBU\u0160KI","og_description":"\u201eNitko nema namjeru podi\u0107i nekakav zid\u201c. Re\u010denica koju je svojim piskutavim glasom 15. srpnja 1961. izrekao predsjednik Isto\u010dne Njema\u010dke Walter Ulbricht duboko se urezala u svijest njema\u010dkih gra\u0111ana.&nbsp; Manje od mjesec dana kasnije, 13. kolovoza odmah nakon pono\u0107i, u isto\u010dnom dijelu Berlina po\u010dela je \u201eAkcija ru\u017ea\u201c Bio je to tajni naziv za gradnju objekta koji [&hellip;]","og_url":"https:\/\/radioljubuski.ba\/index.php\/2021\/08\/13\/sezdeset-godina-od-pocetka-gradnje-berlinskog-zida\/","og_site_name":"RADIO LJUBU\u0160KI","article_publisher":"https:\/\/www.facebook.com\/Radiio-Ljubuski-1490835324566332","article_published_time":"2021-08-13T09:51:24+00:00","article_modified_time":"2021-08-13T09:51:25+00:00","og_image":[{"width":1000,"height":625,"url":"https:\/\/radioljubuski.ba\/wp-content\/uploads\/2021\/08\/2-2021-08-13-08-44-28-berlinski-zid.jpg","type":"image\/jpeg"}],"author":"Radio Ljubu\u0161ki","twitter_card":"summary_large_image","twitter_creator":"@radioljubuski","twitter_site":"@radioljubuski","twitter_misc":{"Napisao\/la":"Radio Ljubu\u0161ki","Procijenjeno vrijeme \u010ditanja":"4 minute"},"schema":{"@context":"https:\/\/schema.org","@graph":[{"@type":"Article","@id":"https:\/\/radioljubuski.ba\/index.php\/2021\/08\/13\/sezdeset-godina-od-pocetka-gradnje-berlinskog-zida\/#article","isPartOf":{"@id":"https:\/\/radioljubuski.ba\/index.php\/2021\/08\/13\/sezdeset-godina-od-pocetka-gradnje-berlinskog-zida\/"},"author":{"name":"Radio Ljubu\u0161ki","@id":"https:\/\/radioljubuski.ba\/#\/schema\/person\/19fc700381a780f69665d7956c469e3b"},"headline":"\u0160ezdeset godina od po\u010detka gradnje Berlinskog zida","datePublished":"2021-08-13T09:51:24+00:00","dateModified":"2021-08-13T09:51:25+00:00","mainEntityOfPage":{"@id":"https:\/\/radioljubuski.ba\/index.php\/2021\/08\/13\/sezdeset-godina-od-pocetka-gradnje-berlinskog-zida\/"},"wordCount":911,"publisher":{"@id":"https:\/\/radioljubuski.ba\/#organization"},"image":{"@id":"https:\/\/radioljubuski.ba\/index.php\/2021\/08\/13\/sezdeset-godina-od-pocetka-gradnje-berlinskog-zida\/#primaryimage"},"thumbnailUrl":"https:\/\/radioljubuski.ba\/wp-content\/uploads\/2021\/08\/2-2021-08-13-08-44-28-berlinski-zid.jpg","articleSection":["BIH i regija"],"inLanguage":"hr"},{"@type":"WebPage","@id":"https:\/\/radioljubuski.ba\/index.php\/2021\/08\/13\/sezdeset-godina-od-pocetka-gradnje-berlinskog-zida\/","url":"https:\/\/radioljubuski.ba\/index.php\/2021\/08\/13\/sezdeset-godina-od-pocetka-gradnje-berlinskog-zida\/","name":"\u0160ezdeset godina od po\u010detka gradnje Berlinskog zida - RADIO LJUBU\u0160KI","isPartOf":{"@id":"https:\/\/radioljubuski.ba\/#website"},"primaryImageOfPage":{"@id":"https:\/\/radioljubuski.ba\/index.php\/2021\/08\/13\/sezdeset-godina-od-pocetka-gradnje-berlinskog-zida\/#primaryimage"},"image":{"@id":"https:\/\/radioljubuski.ba\/index.php\/2021\/08\/13\/sezdeset-godina-od-pocetka-gradnje-berlinskog-zida\/#primaryimage"},"thumbnailUrl":"https:\/\/radioljubuski.ba\/wp-content\/uploads\/2021\/08\/2-2021-08-13-08-44-28-berlinski-zid.jpg","datePublished":"2021-08-13T09:51:24+00:00","dateModified":"2021-08-13T09:51:25+00:00","breadcrumb":{"@id":"https:\/\/radioljubuski.ba\/index.php\/2021\/08\/13\/sezdeset-godina-od-pocetka-gradnje-berlinskog-zida\/#breadcrumb"},"inLanguage":"hr","potentialAction":[{"@type":"ReadAction","target":["https:\/\/radioljubuski.ba\/index.php\/2021\/08\/13\/sezdeset-godina-od-pocetka-gradnje-berlinskog-zida\/"]}]},{"@type":"ImageObject","inLanguage":"hr","@id":"https:\/\/radioljubuski.ba\/index.php\/2021\/08\/13\/sezdeset-godina-od-pocetka-gradnje-berlinskog-zida\/#primaryimage","url":"https:\/\/radioljubuski.ba\/wp-content\/uploads\/2021\/08\/2-2021-08-13-08-44-28-berlinski-zid.jpg","contentUrl":"https:\/\/radioljubuski.ba\/wp-content\/uploads\/2021\/08\/2-2021-08-13-08-44-28-berlinski-zid.jpg","width":1000,"height":625},{"@type":"BreadcrumbList","@id":"https:\/\/radioljubuski.ba\/index.php\/2021\/08\/13\/sezdeset-godina-od-pocetka-gradnje-berlinskog-zida\/#breadcrumb","itemListElement":[{"@type":"ListItem","position":1,"name":"Po\u010detna stranica","item":"https:\/\/radioljubuski.ba\/"},{"@type":"ListItem","position":2,"name":"\u0160ezdeset godina od po\u010detka gradnje Berlinskog zida"}]},{"@type":"WebSite","@id":"https:\/\/radioljubuski.ba\/#website","url":"https:\/\/radioljubuski.ba\/","name":"Radio Ljubu\u0161ki","description":"Sun\u010dana frekvencija Hercegovine","publisher":{"@id":"https:\/\/radioljubuski.ba\/#organization"},"potentialAction":[{"@type":"SearchAction","target":{"@type":"EntryPoint","urlTemplate":"https:\/\/radioljubuski.ba\/?s={search_term_string}"},"query-input":{"@type":"PropertyValueSpecification","valueRequired":true,"valueName":"search_term_string"}}],"inLanguage":"hr"},{"@type":"Organization","@id":"https:\/\/radioljubuski.ba\/#organization","name":"Radio Ljubu\u0161ki","url":"https:\/\/radioljubuski.ba\/","logo":{"@type":"ImageObject","inLanguage":"hr","@id":"https:\/\/radioljubuski.ba\/#\/schema\/logo\/image\/","url":"https:\/\/radioljubuski.ba\/wp-content\/uploads\/2021\/02\/cropped-Radio_Ljubuski_logo1.jpg","contentUrl":"https:\/\/radioljubuski.ba\/wp-content\/uploads\/2021\/02\/cropped-Radio_Ljubuski_logo1.jpg","width":512,"height":512,"caption":"Radio Ljubu\u0161ki"},"image":{"@id":"https:\/\/radioljubuski.ba\/#\/schema\/logo\/image\/"},"sameAs":["https:\/\/www.facebook.com\/Radiio-Ljubuski-1490835324566332","https:\/\/x.com\/radioljubuski","https:\/\/hr.linkedin.com\/company\/radio-ljubuski","https:\/\/www.youtube.com\/channel\/UCHYaeO_n0Db3tjNGudGpXyw"]},{"@type":"Person","@id":"https:\/\/radioljubuski.ba\/#\/schema\/person\/19fc700381a780f69665d7956c469e3b","name":"Radio Ljubu\u0161ki"}]}},"_links":{"self":[{"href":"https:\/\/radioljubuski.ba\/index.php\/wp-json\/wp\/v2\/posts\/53009","targetHints":{"allow":["GET"]}}],"collection":[{"href":"https:\/\/radioljubuski.ba\/index.php\/wp-json\/wp\/v2\/posts"}],"about":[{"href":"https:\/\/radioljubuski.ba\/index.php\/wp-json\/wp\/v2\/types\/post"}],"author":[{"embeddable":true,"href":"https:\/\/radioljubuski.ba\/index.php\/wp-json\/wp\/v2\/users\/2"}],"replies":[{"embeddable":true,"href":"https:\/\/radioljubuski.ba\/index.php\/wp-json\/wp\/v2\/comments?post=53009"}],"version-history":[{"count":1,"href":"https:\/\/radioljubuski.ba\/index.php\/wp-json\/wp\/v2\/posts\/53009\/revisions"}],"predecessor-version":[{"id":53011,"href":"https:\/\/radioljubuski.ba\/index.php\/wp-json\/wp\/v2\/posts\/53009\/revisions\/53011"}],"wp:featuredmedia":[{"embeddable":true,"href":"https:\/\/radioljubuski.ba\/index.php\/wp-json\/wp\/v2\/media\/53010"}],"wp:attachment":[{"href":"https:\/\/radioljubuski.ba\/index.php\/wp-json\/wp\/v2\/media?parent=53009"}],"wp:term":[{"taxonomy":"category","embeddable":true,"href":"https:\/\/radioljubuski.ba\/index.php\/wp-json\/wp\/v2\/categories?post=53009"},{"taxonomy":"post_tag","embeddable":true,"href":"https:\/\/radioljubuski.ba\/index.php\/wp-json\/wp\/v2\/tags?post=53009"}],"curies":[{"name":"wp","href":"https:\/\/api.w.org\/{rel}","templated":true}]}}