{"id":53060,"date":"2021-08-13T17:58:16","date_gmt":"2021-08-13T16:58:16","guid":{"rendered":"https:\/\/radioljubuski.ba\/?p=53060"},"modified":"2021-08-13T17:58:17","modified_gmt":"2021-08-13T16:58:17","slug":"hrvatska-trazi-izrucenje-zorana-mamica","status":"publish","type":"post","link":"https:\/\/radioljubuski.ba\/index.php\/2021\/08\/13\/hrvatska-trazi-izrucenje-zorana-mamica\/","title":{"rendered":"Hrvatska tra\u017ei izru\u010denje Zorana Mami\u0107a"},"content":{"rendered":"\n<p><strong>U Sudu BiH ju\u010der je odr\u017eano ekstradiciono ro\u010di\u0161te po zahtjevu pravosu\u0111a Hrvatske da Zagrebu izru\u010di Zdravka Mami\u0107a, biv\u0161eg savjetnika Dinama. Ovoga puta, Hrvatska je zatra\u017eila Mami\u0107a zbog istrage o tome da je podmi\u0107ivao sudce u Osijeku, kako bi ga oslobodile optu\u017ebi za izvla\u010denje novca iz zagreba\u010dkog kluba.<\/strong><\/p>\n\n\n\n<p>Tu\u017eiteljstvo BiH se usprotivio izru\u010denju \u201cjer nisu ispunjene pravne pretpostavke\u201d.<\/p>\n\n\n\n<p>Molba za Mami\u0107evo izru\u010denje stigla je 6. srpnja. Tako\u0111er, Hrvatska je zatra\u017eila i izru\u010denje njegovog brata Zorana. Tu\u017eiteljstvo BiH je ta dva predmeta objedinilo, jer se radi o istim krivi\u010dnim djelima, re\u010deno je.<\/p>\n\n\n\n<p>Saznajemo da je ro\u010di\u0161te po zahtjevu Hrvatske za izru\u010denjem mla\u0111eg Mami\u0107a zakazano 24.kolovoza. Bilo je planirano 18.kolovoza, ali je pomjereno na 24, pi\u0161e Avaz.<\/p>\n\n\n\n<p>No, Hrvatska, za razliku od starijeg brata Zdravka, Zorana tra\u017ei i zbog pravosna\u017enosti presude kojom je pravomo\u0107no osu\u0111en na \u010detiri godine i osam mjeseci zatvora.<\/p>\n\n\n\n<p>Mami\u0107i, koji su osu\u0111eni u Hrvatskoj, ranije su tra\u017eili da kaznu izdr\u017eavaju u BiH, a molbu su uputili i bh. institucijama.<\/p>\n\n\n\n<p>U Bosni i Hercegovini, to\u010dnije Me\u0111ugorju Zdravko Mami\u0107 nalazi se jo\u0161 od lipnja 2018.godine. Njegov brat Zoran je stigao prije tri mjeseca.<\/p>\n\n\n\n<p>\/HMS\/<\/p>\n","protected":false},"excerpt":{"rendered":"<p>U Sudu BiH ju\u010der je odr\u017eano ekstradiciono ro\u010di\u0161te po zahtjevu pravosu\u0111a Hrvatske da Zagrebu izru\u010di Zdravka Mami\u0107a, biv\u0161eg savjetnika Dinama. Ovoga puta, Hrvatska je zatra\u017eila Mami\u0107a zbog istrage o tome da je podmi\u0107ivao sudce u Osijeku, kako bi ga oslobodile optu\u017ebi za izvla\u010denje novca iz zagreba\u010dkog kluba. Tu\u017eiteljstvo BiH se usprotivio izru\u010denju \u201cjer nisu ispunjene [&hellip;]<\/p>\n","protected":false},"author":2,"featured_media":7083,"comment_status":"closed","ping_status":"closed","sticky":false,"template":"","format":"standard","meta":{"h5ap_radio_sources":[],"footnotes":""},"categories":[1],"tags":[],"class_list":["post-53060","post","type-post","status-publish","format-standard","has-post-thumbnail","hentry","category-bihiregija"],"yoast_head":"<!-- This site is optimized with the Yoast SEO plugin v27.4 - https:\/\/yoast.com\/product\/yoast-seo-wordpress\/ -->\n<title>Hrvatska tra\u017ei izru\u010denje Zorana Mami\u0107a - RADIO LJUBU\u0160KI<\/title>\n<meta name=\"robots\" content=\"index, follow, max-snippet:-1, max-image-preview:large, max-video-preview:-1\" \/>\n<link rel=\"canonical\" href=\"https:\/\/radioljubuski.ba\/index.php\/2021\/08\/13\/hrvatska-trazi-izrucenje-zorana-mamica\/\" \/>\n<meta property=\"og:locale\" content=\"hr_HR\" \/>\n<meta property=\"og:type\" content=\"article\" \/>\n<meta property=\"og:title\" content=\"Hrvatska tra\u017ei izru\u010denje Zorana Mami\u0107a - RADIO LJUBU\u0160KI\" \/>\n<meta property=\"og:description\" content=\"U Sudu BiH ju\u010der je odr\u017eano ekstradiciono ro\u010di\u0161te po zahtjevu pravosu\u0111a Hrvatske da Zagrebu izru\u010di Zdravka Mami\u0107a, biv\u0161eg savjetnika Dinama. Ovoga puta, Hrvatska je zatra\u017eila Mami\u0107a zbog istrage o tome da je podmi\u0107ivao sudce u Osijeku, kako bi ga oslobodile optu\u017ebi za izvla\u010denje novca iz zagreba\u010dkog kluba. Tu\u017eiteljstvo BiH se usprotivio izru\u010denju \u201cjer nisu ispunjene [&hellip;]\" \/>\n<meta property=\"og:url\" content=\"https:\/\/radioljubuski.ba\/index.php\/2021\/08\/13\/hrvatska-trazi-izrucenje-zorana-mamica\/\" \/>\n<meta property=\"og:site_name\" content=\"RADIO LJUBU\u0160KI\" \/>\n<meta property=\"article:publisher\" content=\"https:\/\/www.facebook.com\/Radiio-Ljubuski-1490835324566332\" \/>\n<meta property=\"article:published_time\" content=\"2021-08-13T16:58:16+00:00\" \/>\n<meta property=\"article:modified_time\" content=\"2021-08-13T16:58:17+00:00\" \/>\n<meta property=\"og:image\" content=\"https:\/\/radioljubuski.ba\/wp-content\/uploads\/2021\/03\/zoran-mamic-db135c1dea92909913931d488bdfeab3_view_article_new.jpg\" \/>\n\t<meta property=\"og:image:width\" content=\"860\" \/>\n\t<meta property=\"og:image:height\" content=\"460\" \/>\n\t<meta property=\"og:image:type\" content=\"image\/jpeg\" \/>\n<meta name=\"author\" content=\"Radio Ljubu\u0161ki\" \/>\n<meta name=\"twitter:card\" content=\"summary_large_image\" \/>\n<meta name=\"twitter:creator\" content=\"@radioljubuski\" \/>\n<meta name=\"twitter:site\" content=\"@radioljubuski\" \/>\n<meta name=\"twitter:label1\" content=\"Napisao\/la\" \/>\n\t<meta name=\"twitter:data1\" content=\"Radio Ljubu\u0161ki\" \/>\n\t<meta name=\"twitter:label2\" content=\"Procijenjeno vrijeme \u010ditanja\" \/>\n\t<meta name=\"twitter:data2\" content=\"1 minuta\" \/>\n<script type=\"application\/ld+json\" class=\"yoast-schema-graph\">{\"@context\":\"https:\\\/\\\/schema.org\",\"@graph\":[{\"@type\":\"Article\",\"@id\":\"https:\\\/\\\/radioljubuski.ba\\\/index.php\\\/2021\\\/08\\\/13\\\/hrvatska-trazi-izrucenje-zorana-mamica\\\/#article\",\"isPartOf\":{\"@id\":\"https:\\\/\\\/radioljubuski.ba\\\/index.php\\\/2021\\\/08\\\/13\\\/hrvatska-trazi-izrucenje-zorana-mamica\\\/\"},\"author\":{\"name\":\"Radio Ljubu\u0161ki\",\"@id\":\"https:\\\/\\\/radioljubuski.ba\\\/#\\\/schema\\\/person\\\/19fc700381a780f69665d7956c469e3b\"},\"headline\":\"Hrvatska tra\u017ei izru\u010denje Zorana Mami\u0107a\",\"datePublished\":\"2021-08-13T16:58:16+00:00\",\"dateModified\":\"2021-08-13T16:58:17+00:00\",\"mainEntityOfPage\":{\"@id\":\"https:\\\/\\\/radioljubuski.ba\\\/index.php\\\/2021\\\/08\\\/13\\\/hrvatska-trazi-izrucenje-zorana-mamica\\\/\"},\"wordCount\":229,\"publisher\":{\"@id\":\"https:\\\/\\\/radioljubuski.ba\\\/#organization\"},\"image\":{\"@id\":\"https:\\\/\\\/radioljubuski.ba\\\/index.php\\\/2021\\\/08\\\/13\\\/hrvatska-trazi-izrucenje-zorana-mamica\\\/#primaryimage\"},\"thumbnailUrl\":\"https:\\\/\\\/radioljubuski.ba\\\/wp-content\\\/uploads\\\/2021\\\/03\\\/zoran-mamic-db135c1dea92909913931d488bdfeab3_view_article_new.jpg\",\"articleSection\":[\"BIH i regija\"],\"inLanguage\":\"hr\"},{\"@type\":\"WebPage\",\"@id\":\"https:\\\/\\\/radioljubuski.ba\\\/index.php\\\/2021\\\/08\\\/13\\\/hrvatska-trazi-izrucenje-zorana-mamica\\\/\",\"url\":\"https:\\\/\\\/radioljubuski.ba\\\/index.php\\\/2021\\\/08\\\/13\\\/hrvatska-trazi-izrucenje-zorana-mamica\\\/\",\"name\":\"Hrvatska tra\u017ei izru\u010denje Zorana Mami\u0107a - RADIO LJUBU\u0160KI\",\"isPartOf\":{\"@id\":\"https:\\\/\\\/radioljubuski.ba\\\/#website\"},\"primaryImageOfPage\":{\"@id\":\"https:\\\/\\\/radioljubuski.ba\\\/index.php\\\/2021\\\/08\\\/13\\\/hrvatska-trazi-izrucenje-zorana-mamica\\\/#primaryimage\"},\"image\":{\"@id\":\"https:\\\/\\\/radioljubuski.ba\\\/index.php\\\/2021\\\/08\\\/13\\\/hrvatska-trazi-izrucenje-zorana-mamica\\\/#primaryimage\"},\"thumbnailUrl\":\"https:\\\/\\\/radioljubuski.ba\\\/wp-content\\\/uploads\\\/2021\\\/03\\\/zoran-mamic-db135c1dea92909913931d488bdfeab3_view_article_new.jpg\",\"datePublished\":\"2021-08-13T16:58:16+00:00\",\"dateModified\":\"2021-08-13T16:58:17+00:00\",\"breadcrumb\":{\"@id\":\"https:\\\/\\\/radioljubuski.ba\\\/index.php\\\/2021\\\/08\\\/13\\\/hrvatska-trazi-izrucenje-zorana-mamica\\\/#breadcrumb\"},\"inLanguage\":\"hr\",\"potentialAction\":[{\"@type\":\"ReadAction\",\"target\":[\"https:\\\/\\\/radioljubuski.ba\\\/index.php\\\/2021\\\/08\\\/13\\\/hrvatska-trazi-izrucenje-zorana-mamica\\\/\"]}]},{\"@type\":\"ImageObject\",\"inLanguage\":\"hr\",\"@id\":\"https:\\\/\\\/radioljubuski.ba\\\/index.php\\\/2021\\\/08\\\/13\\\/hrvatska-trazi-izrucenje-zorana-mamica\\\/#primaryimage\",\"url\":\"https:\\\/\\\/radioljubuski.ba\\\/wp-content\\\/uploads\\\/2021\\\/03\\\/zoran-mamic-db135c1dea92909913931d488bdfeab3_view_article_new.jpg\",\"contentUrl\":\"https:\\\/\\\/radioljubuski.ba\\\/wp-content\\\/uploads\\\/2021\\\/03\\\/zoran-mamic-db135c1dea92909913931d488bdfeab3_view_article_new.jpg\",\"width\":860,\"height\":460},{\"@type\":\"BreadcrumbList\",\"@id\":\"https:\\\/\\\/radioljubuski.ba\\\/index.php\\\/2021\\\/08\\\/13\\\/hrvatska-trazi-izrucenje-zorana-mamica\\\/#breadcrumb\",\"itemListElement\":[{\"@type\":\"ListItem\",\"position\":1,\"name\":\"Po\u010detna stranica\",\"item\":\"https:\\\/\\\/radioljubuski.ba\\\/\"},{\"@type\":\"ListItem\",\"position\":2,\"name\":\"Hrvatska tra\u017ei izru\u010denje Zorana Mami\u0107a\"}]},{\"@type\":\"WebSite\",\"@id\":\"https:\\\/\\\/radioljubuski.ba\\\/#website\",\"url\":\"https:\\\/\\\/radioljubuski.ba\\\/\",\"name\":\"Radio Ljubu\u0161ki\",\"description\":\"Sun\u010dana frekvencija Hercegovine\",\"publisher\":{\"@id\":\"https:\\\/\\\/radioljubuski.ba\\\/#organization\"},\"potentialAction\":[{\"@type\":\"SearchAction\",\"target\":{\"@type\":\"EntryPoint\",\"urlTemplate\":\"https:\\\/\\\/radioljubuski.ba\\\/?s={search_term_string}\"},\"query-input\":{\"@type\":\"PropertyValueSpecification\",\"valueRequired\":true,\"valueName\":\"search_term_string\"}}],\"inLanguage\":\"hr\"},{\"@type\":\"Organization\",\"@id\":\"https:\\\/\\\/radioljubuski.ba\\\/#organization\",\"name\":\"Radio Ljubu\u0161ki\",\"url\":\"https:\\\/\\\/radioljubuski.ba\\\/\",\"logo\":{\"@type\":\"ImageObject\",\"inLanguage\":\"hr\",\"@id\":\"https:\\\/\\\/radioljubuski.ba\\\/#\\\/schema\\\/logo\\\/image\\\/\",\"url\":\"https:\\\/\\\/radioljubuski.ba\\\/wp-content\\\/uploads\\\/2021\\\/02\\\/cropped-Radio_Ljubuski_logo1.jpg\",\"contentUrl\":\"https:\\\/\\\/radioljubuski.ba\\\/wp-content\\\/uploads\\\/2021\\\/02\\\/cropped-Radio_Ljubuski_logo1.jpg\",\"width\":512,\"height\":512,\"caption\":\"Radio Ljubu\u0161ki\"},\"image\":{\"@id\":\"https:\\\/\\\/radioljubuski.ba\\\/#\\\/schema\\\/logo\\\/image\\\/\"},\"sameAs\":[\"https:\\\/\\\/www.facebook.com\\\/Radiio-Ljubuski-1490835324566332\",\"https:\\\/\\\/x.com\\\/radioljubuski\",\"https:\\\/\\\/hr.linkedin.com\\\/company\\\/radio-ljubuski\",\"https:\\\/\\\/www.youtube.com\\\/channel\\\/UCHYaeO_n0Db3tjNGudGpXyw\"]},{\"@type\":\"Person\",\"@id\":\"https:\\\/\\\/radioljubuski.ba\\\/#\\\/schema\\\/person\\\/19fc700381a780f69665d7956c469e3b\",\"name\":\"Radio Ljubu\u0161ki\"}]}<\/script>\n<!-- \/ Yoast SEO plugin. -->","yoast_head_json":{"title":"Hrvatska tra\u017ei izru\u010denje Zorana Mami\u0107a - RADIO LJUBU\u0160KI","robots":{"index":"index","follow":"follow","max-snippet":"max-snippet:-1","max-image-preview":"max-image-preview:large","max-video-preview":"max-video-preview:-1"},"canonical":"https:\/\/radioljubuski.ba\/index.php\/2021\/08\/13\/hrvatska-trazi-izrucenje-zorana-mamica\/","og_locale":"hr_HR","og_type":"article","og_title":"Hrvatska tra\u017ei izru\u010denje Zorana Mami\u0107a - RADIO LJUBU\u0160KI","og_description":"U Sudu BiH ju\u010der je odr\u017eano ekstradiciono ro\u010di\u0161te po zahtjevu pravosu\u0111a Hrvatske da Zagrebu izru\u010di Zdravka Mami\u0107a, biv\u0161eg savjetnika Dinama. Ovoga puta, Hrvatska je zatra\u017eila Mami\u0107a zbog istrage o tome da je podmi\u0107ivao sudce u Osijeku, kako bi ga oslobodile optu\u017ebi za izvla\u010denje novca iz zagreba\u010dkog kluba. Tu\u017eiteljstvo BiH se usprotivio izru\u010denju \u201cjer nisu ispunjene [&hellip;]","og_url":"https:\/\/radioljubuski.ba\/index.php\/2021\/08\/13\/hrvatska-trazi-izrucenje-zorana-mamica\/","og_site_name":"RADIO LJUBU\u0160KI","article_publisher":"https:\/\/www.facebook.com\/Radiio-Ljubuski-1490835324566332","article_published_time":"2021-08-13T16:58:16+00:00","article_modified_time":"2021-08-13T16:58:17+00:00","og_image":[{"width":860,"height":460,"url":"https:\/\/radioljubuski.ba\/wp-content\/uploads\/2021\/03\/zoran-mamic-db135c1dea92909913931d488bdfeab3_view_article_new.jpg","type":"image\/jpeg"}],"author":"Radio Ljubu\u0161ki","twitter_card":"summary_large_image","twitter_creator":"@radioljubuski","twitter_site":"@radioljubuski","twitter_misc":{"Napisao\/la":"Radio Ljubu\u0161ki","Procijenjeno vrijeme \u010ditanja":"1 minuta"},"schema":{"@context":"https:\/\/schema.org","@graph":[{"@type":"Article","@id":"https:\/\/radioljubuski.ba\/index.php\/2021\/08\/13\/hrvatska-trazi-izrucenje-zorana-mamica\/#article","isPartOf":{"@id":"https:\/\/radioljubuski.ba\/index.php\/2021\/08\/13\/hrvatska-trazi-izrucenje-zorana-mamica\/"},"author":{"name":"Radio Ljubu\u0161ki","@id":"https:\/\/radioljubuski.ba\/#\/schema\/person\/19fc700381a780f69665d7956c469e3b"},"headline":"Hrvatska tra\u017ei izru\u010denje Zorana Mami\u0107a","datePublished":"2021-08-13T16:58:16+00:00","dateModified":"2021-08-13T16:58:17+00:00","mainEntityOfPage":{"@id":"https:\/\/radioljubuski.ba\/index.php\/2021\/08\/13\/hrvatska-trazi-izrucenje-zorana-mamica\/"},"wordCount":229,"publisher":{"@id":"https:\/\/radioljubuski.ba\/#organization"},"image":{"@id":"https:\/\/radioljubuski.ba\/index.php\/2021\/08\/13\/hrvatska-trazi-izrucenje-zorana-mamica\/#primaryimage"},"thumbnailUrl":"https:\/\/radioljubuski.ba\/wp-content\/uploads\/2021\/03\/zoran-mamic-db135c1dea92909913931d488bdfeab3_view_article_new.jpg","articleSection":["BIH i regija"],"inLanguage":"hr"},{"@type":"WebPage","@id":"https:\/\/radioljubuski.ba\/index.php\/2021\/08\/13\/hrvatska-trazi-izrucenje-zorana-mamica\/","url":"https:\/\/radioljubuski.ba\/index.php\/2021\/08\/13\/hrvatska-trazi-izrucenje-zorana-mamica\/","name":"Hrvatska tra\u017ei izru\u010denje Zorana Mami\u0107a - RADIO LJUBU\u0160KI","isPartOf":{"@id":"https:\/\/radioljubuski.ba\/#website"},"primaryImageOfPage":{"@id":"https:\/\/radioljubuski.ba\/index.php\/2021\/08\/13\/hrvatska-trazi-izrucenje-zorana-mamica\/#primaryimage"},"image":{"@id":"https:\/\/radioljubuski.ba\/index.php\/2021\/08\/13\/hrvatska-trazi-izrucenje-zorana-mamica\/#primaryimage"},"thumbnailUrl":"https:\/\/radioljubuski.ba\/wp-content\/uploads\/2021\/03\/zoran-mamic-db135c1dea92909913931d488bdfeab3_view_article_new.jpg","datePublished":"2021-08-13T16:58:16+00:00","dateModified":"2021-08-13T16:58:17+00:00","breadcrumb":{"@id":"https:\/\/radioljubuski.ba\/index.php\/2021\/08\/13\/hrvatska-trazi-izrucenje-zorana-mamica\/#breadcrumb"},"inLanguage":"hr","potentialAction":[{"@type":"ReadAction","target":["https:\/\/radioljubuski.ba\/index.php\/2021\/08\/13\/hrvatska-trazi-izrucenje-zorana-mamica\/"]}]},{"@type":"ImageObject","inLanguage":"hr","@id":"https:\/\/radioljubuski.ba\/index.php\/2021\/08\/13\/hrvatska-trazi-izrucenje-zorana-mamica\/#primaryimage","url":"https:\/\/radioljubuski.ba\/wp-content\/uploads\/2021\/03\/zoran-mamic-db135c1dea92909913931d488bdfeab3_view_article_new.jpg","contentUrl":"https:\/\/radioljubuski.ba\/wp-content\/uploads\/2021\/03\/zoran-mamic-db135c1dea92909913931d488bdfeab3_view_article_new.jpg","width":860,"height":460},{"@type":"BreadcrumbList","@id":"https:\/\/radioljubuski.ba\/index.php\/2021\/08\/13\/hrvatska-trazi-izrucenje-zorana-mamica\/#breadcrumb","itemListElement":[{"@type":"ListItem","position":1,"name":"Po\u010detna stranica","item":"https:\/\/radioljubuski.ba\/"},{"@type":"ListItem","position":2,"name":"Hrvatska tra\u017ei izru\u010denje Zorana Mami\u0107a"}]},{"@type":"WebSite","@id":"https:\/\/radioljubuski.ba\/#website","url":"https:\/\/radioljubuski.ba\/","name":"Radio Ljubu\u0161ki","description":"Sun\u010dana frekvencija Hercegovine","publisher":{"@id":"https:\/\/radioljubuski.ba\/#organization"},"potentialAction":[{"@type":"SearchAction","target":{"@type":"EntryPoint","urlTemplate":"https:\/\/radioljubuski.ba\/?s={search_term_string}"},"query-input":{"@type":"PropertyValueSpecification","valueRequired":true,"valueName":"search_term_string"}}],"inLanguage":"hr"},{"@type":"Organization","@id":"https:\/\/radioljubuski.ba\/#organization","name":"Radio Ljubu\u0161ki","url":"https:\/\/radioljubuski.ba\/","logo":{"@type":"ImageObject","inLanguage":"hr","@id":"https:\/\/radioljubuski.ba\/#\/schema\/logo\/image\/","url":"https:\/\/radioljubuski.ba\/wp-content\/uploads\/2021\/02\/cropped-Radio_Ljubuski_logo1.jpg","contentUrl":"https:\/\/radioljubuski.ba\/wp-content\/uploads\/2021\/02\/cropped-Radio_Ljubuski_logo1.jpg","width":512,"height":512,"caption":"Radio Ljubu\u0161ki"},"image":{"@id":"https:\/\/radioljubuski.ba\/#\/schema\/logo\/image\/"},"sameAs":["https:\/\/www.facebook.com\/Radiio-Ljubuski-1490835324566332","https:\/\/x.com\/radioljubuski","https:\/\/hr.linkedin.com\/company\/radio-ljubuski","https:\/\/www.youtube.com\/channel\/UCHYaeO_n0Db3tjNGudGpXyw"]},{"@type":"Person","@id":"https:\/\/radioljubuski.ba\/#\/schema\/person\/19fc700381a780f69665d7956c469e3b","name":"Radio Ljubu\u0161ki"}]}},"_links":{"self":[{"href":"https:\/\/radioljubuski.ba\/index.php\/wp-json\/wp\/v2\/posts\/53060","targetHints":{"allow":["GET"]}}],"collection":[{"href":"https:\/\/radioljubuski.ba\/index.php\/wp-json\/wp\/v2\/posts"}],"about":[{"href":"https:\/\/radioljubuski.ba\/index.php\/wp-json\/wp\/v2\/types\/post"}],"author":[{"embeddable":true,"href":"https:\/\/radioljubuski.ba\/index.php\/wp-json\/wp\/v2\/users\/2"}],"replies":[{"embeddable":true,"href":"https:\/\/radioljubuski.ba\/index.php\/wp-json\/wp\/v2\/comments?post=53060"}],"version-history":[{"count":1,"href":"https:\/\/radioljubuski.ba\/index.php\/wp-json\/wp\/v2\/posts\/53060\/revisions"}],"predecessor-version":[{"id":53061,"href":"https:\/\/radioljubuski.ba\/index.php\/wp-json\/wp\/v2\/posts\/53060\/revisions\/53061"}],"wp:featuredmedia":[{"embeddable":true,"href":"https:\/\/radioljubuski.ba\/index.php\/wp-json\/wp\/v2\/media\/7083"}],"wp:attachment":[{"href":"https:\/\/radioljubuski.ba\/index.php\/wp-json\/wp\/v2\/media?parent=53060"}],"wp:term":[{"taxonomy":"category","embeddable":true,"href":"https:\/\/radioljubuski.ba\/index.php\/wp-json\/wp\/v2\/categories?post=53060"},{"taxonomy":"post_tag","embeddable":true,"href":"https:\/\/radioljubuski.ba\/index.php\/wp-json\/wp\/v2\/tags?post=53060"}],"curies":[{"name":"wp","href":"https:\/\/api.w.org\/{rel}","templated":true}]}}