{"id":53068,"date":"2021-08-13T18:01:11","date_gmt":"2021-08-13T17:01:11","guid":{"rendered":"https:\/\/radioljubuski.ba\/?p=53068"},"modified":"2021-08-13T18:01:35","modified_gmt":"2021-08-13T17:01:35","slug":"lagumdzija-odredio-povjerenstvo-blisko-sda-za-smjenu-goradane-tadic-izetbegovic-se-vec-pohvalio-da-ju-je-sda-smjenila-stranci-sute","status":"publish","type":"post","link":"https:\/\/radioljubuski.ba\/index.php\/2021\/08\/13\/lagumdzija-odredio-povjerenstvo-blisko-sda-za-smjenu-goradane-tadic-izetbegovic-se-vec-pohvalio-da-ju-je-sda-smjenila-stranci-sute\/","title":{"rendered":"Lagumd\u017eija odredio povjerenstvo, blisko SDA, za smjenu Gordane Tadi\u0107, Izetbegovi\u0107 se ve\u0107 pohvalio da ju je SDA smijenila, stranci \u0161ute"},"content":{"rendered":"\n<p><strong>Po\u010detak stegovnog postupka protiv Gordane Tadi\u0107, glavne tu\u017eiteljice Bosne i Hercegovine, ukazuje na to da je ve\u0107 odre\u0111eno povjerenstvo koje \u0107e razrije\u0161iti glavnu tu\u017eiteljicu njezine du\u017enosti, a po \u017eelji SDA tj. Bakira Izetbegovi\u0107a i Osmana Mehmedagi\u0107a Osmice, pi\u0161e&nbsp;<a href=\"https:\/\/fenix-magazin.de\/pouka-iz-bih-ne-trazite-pravdu-u-vstv-u-i-pravosudu-bosne-i-hercegovine\/\" target=\"_blank\" rel=\"noreferrer noopener\">Fenix magazin<\/a>.<\/strong><\/p>\n\n\n\n<p>Razlog je taj \u0161to je Gordana Tadi\u0107 zajedno sa svojim tu\u017eiteljskim timom, u kojem su prete\u017eno Bo\u0161njaci, a koji nisu simpatizeri SDA nego profesionalci, procesuirala \u010delnike SDA.<\/p>\n\n\n\n<p>Da su SDA i Bakir Izetbegovi\u0107 tra\u017eili, preko svojih \u010dlanova vije\u0107a razrje\u0161enje Gordana Tadi\u0107, potvr\u0111uje i snimak govora Bakira Izetbegovi\u0107a u Te\u0161nju u kojem se isti hvali da je SDA pored drugih smijenila i Gordanu Tadi\u0107.<\/p>\n\n\n\n<p>Predsjednik Visokog sudskog i tu\u017eiteljskog vije\u0107a (VSTV) BiH Halil Lagumd\u017eija je formirao skoro pa 100 posto prvostupanjsko povjerenstvo sastavljeno od Bo\u0161njaka, koje je blisko SDA, a radi se o dva Bo\u0161njaka i tre\u0107em \u010dlanu, kojoj su majka i suprug Bo\u0161njaci.<\/p>\n\n\n\n<p><strong>Korumpirane \u010dlanice<\/strong><\/p>\n\n\n\n<p>Predsjednik VSTV nije nikada stavio na dnevni red raspravu i tra\u017eio odgovornost dopredsjednice VSTV Sanele Butigan Goru\u0161anovi\u0107. Radi se o tome da je dopredsjednica Sanela Butigan Goru\u0161anovi\u0107 ocijenila kandidatkinju k\u0107erku svoje kolegice sa Kantonalnog suda Sarajevo sa vi\u0161e bodova (pisali su o tome mediji) da bi ista pro\u0161la u sud, a sve kako bi vratila dug svojoj kolegici sutkinji Kantonalnog suda Sarajevo jer je za nju glasovala i lobirala prilikom izbora za \u010dlanicu VSTV, pi\u0161e&nbsp;<a href=\"https:\/\/fenix-magazin.de\/pouka-iz-bih-ne-trazite-pravdu-u-vstv-u-i-pravosudu-bosne-i-hercegovine\/\" target=\"_blank\" rel=\"noreferrer noopener\">Fenix magazin.<\/a><\/p>\n\n\n\n<p>Nakon prijave drugih kandidata da ta kandidatkinja nije uop\u0107e uradila presudu za prolaz, predsjednik VSTV Halil Lagumd\u017eija samo skida taj izbor s dnevnog reda i nikada se vi\u0161e o tome ne raspravlja. \u010cu\u0111enje je tako\u0111er izazvala i druga prepisku jednog kandidata, kojemu se priop\u0107uje kako za njega ne\u0107e biti mjesta u sudu na koji je kandidirao jer je Sanela Butigan Goru\u0161anovi\u0107 obe\u0107ala jednoj predsjednici Kantonalnog suda da \u0107e podr\u017eati njenog kandidata, a zato jer joj mora vratiti dugove za lobiranje i izbor za \u010dlana VSTV.<\/p>\n\n\n\n<p>Da se radilo o \u010dlanu VSTV, koji nije blizak SDA, odmah bi bila razrije\u0161ena na sjednici. Me\u0111unarodna zajednica bi se \u201edigla na noge\u201c da se ista \u010dlanica razrije\u0161i. Pojedini novinari bliski SDA, bi orkestrirano razapinjali tu \u010dlanicu Vije\u0107a tra\u017ee\u0107i njenu smjenu. No, kada je u pitanju Sanela Butigan Goru\u0161anovi\u0107, obzirom da je bliska SDA, za\u0161utjeli su svi, pa i gospodin Kees van der Weide, nizozemski sudac koji je anga\u017eiran kao pravni ekspert, tj. savjetnik VSTV-a u vezi sa uskla\u0111ivanjem sa standardima i praksama EU. Dakle, isti nema nadle\u017enosti mije\u0161ati se niti u izbor \u010dlanova VSTV-a, a niti utjecati na odluke koje donose stegovna povjerenstva. No, to ga nije spije\u010dilo da tra\u017ei od \u010dlanova VSTV-a da razrije\u0161e Gordanu Tadi\u0107, glavnu Tu\u017eiteljicu, \u010dime neovla\u0161teno i nezakonito utje\u010de na rad VSTV.<\/p>\n\n\n\n<p>Zaklju\u010dak je: ako ste spremni pokrivati kriminal SDA, SDA \u0107e vam to vratiti na na\u010din da \u0107e vas preko svojih \u010dlanova VSTV za\u0161titi, a tu je i me\u0111unarodna zajednica, koja \u0107e stati iza tih \u010dlanova VSTV, koji su bliski SDA, pi\u0161e&nbsp;<a href=\"https:\/\/fenix-magazin.de\/pouka-iz-bih-ne-trazite-pravdu-u-vstv-u-i-pravosudu-bosne-i-hercegovine\/\" target=\"_blank\" rel=\"noreferrer noopener\">Fenix magazin<\/a>.<\/p>\n\n\n\n<p>\u010clanica vije\u0107a i prvostupanjskog povjerenstva Berina Alihod\u017ei\u0107, tu\u017eiteljica Kantonalnog tu\u017eiteljstva Sarajevo je tako\u0111er stegovno ka\u017enjavana za preko 20 predmeta zastare a nije razrije\u0161ena, a trebala je biti. No, kako reko\u0161e:\u201c Ono \u0161to je dozvoljeno Jupiteru, nije dozvoljeno biku\u201c!<\/p>\n\n\n\n<p>Tre\u0107i \u010dlan prvostupanjskog povjerenstva Mirza \u0110ozo, tu\u017eitelj Okru\u017enog tu\u017eiteljstva Isto\u010dno Sarajevo, blizak SDA, imenovan je u tijeku stegovnog postupka protiv Gordane Tadi\u0107 za suca Kantonalnog suda Sarajevo 26.travnja 2021. godine, o\u010dito kao nagradu za glasovanje za razrje\u0161enje glavne tu\u017eiteljice. Upitno je je li on bio uop\u0107e tada tu\u017eitelj ili sudac, bez obzira \u0161to nije bio jo\u0161 preuzeo funkciju?<\/p>\n\n\n\n<p><strong>Uvjerio u suprotno<\/strong><\/p>\n\n\n\n<p>Nakon ulo\u017eene \u017ealbe Glavne tu\u017eiteljice Gordane Tadi\u0107, predsjednik VSTV-a je formirao drugostupanjsko povjerenstvo i kada smo pomislili da, ipak, mo\u017eda nije istina, da radi za SDA, uvjerio je sve u suprotno. Formirao je stegovno povjerenstvo u sastavu Slavo Laki\u0107, tu\u017eitelj Federalnog tu\u017eiteljstva, Mahmut \u0160vraka, glavni tu\u017eitelj Republi\u010dkog tu\u017eiteljstva RS i Mustafa \u0160abi\u0107, sudac Vrhovnog suda F BiH. Sve \u010dlanovi bliski SDA!<\/p>\n\n\n\n<p>Slavo Laki\u0107 je uvijek bio uz \u010dlanove VSTV-a bliske SDA iz samo njemu znanih razloga i svaki njegov glas je dat kao potpora tim njihovim \u010dlanovima. Mahmut \u0160vraka, glavni Republi\u010dki tu\u017eitelj RS je blizak SDA, te se \u010dak hvalio u dru\u0161tvu da ne\u0107e razrije\u0161iti Ranka Debevca s mjesta predsjednika suda jer on ne vidi tu prekr\u0161aj. Taj glavni tu\u017eitelj \u0160vraka je iskoristio maksimalno VSTV, jer je izigrao propise i dva puta bio izabran za \u010dlana VSTV-a, kao i za glavnog republi\u010dkog tu\u017eitelja. Ina\u010de, taj glavni tu\u017eitelj je bio je u dobrim odnosima sa \u010dlanovima VSTV-a srpske nacionalnosti dok mu je trebala njihova potpora, da bude ponovo izabran za \u010dlana VSTV i glavnog tu\u017eitelja.<\/p>\n\n\n\n<p>\u0160to se ti\u010de tre\u0107eg \u010dlana povjerenstva Mustafe \u0160abi\u0107a, suca Vrhovnog suda Federacije BiH, isti je izabran na na\u010din da je Goran Nezirovi\u0107, biv\u0161i \u010dlan VSTV izlobirao istoga za prolaz u VSTV i za njega se ka\u017ee \u201eNezirovi\u0107ev \u010dovjek\u201c. A, Goran Nezirovi\u0107 je blizak SDA i bio je dio \u010dlanova VSTV, koji su upravo donosili odluke po naputcima SDA.<\/p>\n\n\n\n<p><strong>Ne vjeruju Hrvatu<\/strong><\/p>\n\n\n\n<p>Halil Lagumd\u017eija je trebao odrediti jednog Hrvata u drugostupanjsko povjerenstvo i imao je Hrvata, Davora Martinovi\u0107a koji je odvjetnik i doktor prava, ali umjesto njega on je stavio Musafu \u0160abi\u0107a, kako bi bio siguran da \u0107e drugostupanjsko povjerenstvo donijeti odluku o razrje\u0161enju Gordane Tadi\u0107. Tako\u0111er je mogla biti i \u017deljka Radovi\u0107, jer nikakvog sukoba nije bilo jer je njena k\u0107erka uposlena u Tu\u017eiteljstvu. To iz razloga jer se nije odlu\u010divalo niti o \u017deljki Rafovi\u0107, niti o njenoj k\u0107erci, da bi bila u sukobu interesa. Po tom principu nije mogla ni Berina Alihod\u017ei\u0107 biti \u010dlanica prvostupanjskog povjerenstva, jer joj je brat tu\u017eitelj Tu\u017eiteljstva BiH.<\/p>\n\n\n\n<p>Simptomati\u010dno je i to \u0161to je predsjednik VSTV stavio u povjerenstvo Mahmuta \u0160vraku, kojem mandat isjte\u010de za 20 dana. Zna\u010di li to da drugostupanjsko povjerenstvo ve\u0107 ima pripremljenu odluku, pa im ne treba vremena da prou\u010de predmet i razmisle o odluci, jer je poznato da se odluke stegovnih povjerenstava ne donose ekspresno, osim za one, koje su \u201enaru\u010dene\u201c kao ova od strane SDA? Zakonom o VSTV je predvi\u0111eno, da \u0107e drugostupanjsko povjerenstvo sa\u010dinjavati tri \u010dlana VSTV. Bitno je samo da bude ve\u0107ina tu\u017eitelja, a tre\u0107i \u010dlan mo\u017ee biti i odvjetnik ili drugi \u010dlan VSTV, jer EU \u010dlanovi VSTV su ravnopravni u radu.<\/p>\n\n\n\n<p><strong>Odmjeravanje kazne<\/strong><\/p>\n\n\n\n<p>Kada je u pitanju odmjeravanje kazne tu\u017eitelju za stegovni prekr\u0161aj u Zakonu o VSTV \u010dl. 59 je navedeno da \u0107e povjerenstvo prije izricanja mjera za stegovne prekr\u0161aje uzeti u obzir slijede\u0107e \u010dinjenice: Broj i te\u017einu u\u010dinjenog stegovnog prekr\u0161aja i njegove posljedice stupnja odgovornosti, okolnosti pod kojima je stegovni prekr\u0161aj u\u010dinjen, dosada\u0161nji rad i pona\u0161anje u\u010dinitelja prekr\u0161aja, sve druge okolnosti koje mogu utjecati na odluku o te\u017eini i vrsti stegovne mjere, uklju\u010duju\u0107i stupanj kajanja i\/ili suradnje koju je sudac ili tu\u017eitelj pokazao tijekom stegovnog postupka.<\/p>\n\n\n\n<p>Kod ovakvog stanja stvari jasno je da Gordana Tadi\u0107 nije do sada stegovno odgovarala, sura\u0111ivala je sa VSTV, radila je na isti na\u010din, kako radi ve\u0107ina tu\u017eiteljstava, ali dobila je najte\u017eu mjeru, kada je u pitanju rukovodna funkcija, za razliku od Ranka Debevca, koji je po\u010dinio kazneno djelo i nastavio i dalje egzistirati s dva identiteta, a nije razrije\u0161en. I laicima je jasno da Gordana Tadi\u0107 i da je po\u010dinila ova dva stegovna prekr\u0161aja nije mogla dobiti ovu najte\u017eu mjeru \u0161to se ti\u010de rukovodne pozicije.<\/p>\n\n\n\n<p>\/HMS\/<\/p>\n","protected":false},"excerpt":{"rendered":"<p>Po\u010detak stegovnog postupka protiv Gordane Tadi\u0107, glavne tu\u017eiteljice Bosne i Hercegovine, ukazuje na to da je ve\u0107 odre\u0111eno povjerenstvo koje \u0107e razrije\u0161iti glavnu tu\u017eiteljicu njezine du\u017enosti, a po \u017eelji SDA tj. Bakira Izetbegovi\u0107a i Osmana Mehmedagi\u0107a Osmice, pi\u0161e&nbsp;Fenix magazin. Razlog je taj \u0161to je Gordana Tadi\u0107 zajedno sa svojim tu\u017eiteljskim timom, u kojem su prete\u017eno [&hellip;]<\/p>\n","protected":false},"author":2,"featured_media":53069,"comment_status":"closed","ping_status":"closed","sticky":false,"template":"","format":"standard","meta":{"h5ap_radio_sources":[],"footnotes":""},"categories":[1],"tags":[],"class_list":["post-53068","post","type-post","status-publish","format-standard","has-post-thumbnail","hentry","category-bihiregija"],"yoast_head":"<!-- This site is optimized with the Yoast SEO plugin v27.4 - https:\/\/yoast.com\/product\/yoast-seo-wordpress\/ -->\n<title>Lagumd\u017eija odredio povjerenstvo, blisko SDA, za smjenu Gordane Tadi\u0107, Izetbegovi\u0107 se ve\u0107 pohvalio da ju je SDA smijenila, stranci \u0161ute - RADIO LJUBU\u0160KI<\/title>\n<meta name=\"robots\" content=\"index, follow, max-snippet:-1, max-image-preview:large, max-video-preview:-1\" \/>\n<link rel=\"canonical\" href=\"https:\/\/radioljubuski.ba\/index.php\/2021\/08\/13\/lagumdzija-odredio-povjerenstvo-blisko-sda-za-smjenu-goradane-tadic-izetbegovic-se-vec-pohvalio-da-ju-je-sda-smjenila-stranci-sute\/\" \/>\n<meta property=\"og:locale\" content=\"hr_HR\" \/>\n<meta property=\"og:type\" content=\"article\" \/>\n<meta property=\"og:title\" content=\"Lagumd\u017eija odredio povjerenstvo, blisko SDA, za smjenu Gordane Tadi\u0107, Izetbegovi\u0107 se ve\u0107 pohvalio da ju je SDA smijenila, stranci \u0161ute - RADIO LJUBU\u0160KI\" \/>\n<meta property=\"og:description\" content=\"Po\u010detak stegovnog postupka protiv Gordane Tadi\u0107, glavne tu\u017eiteljice Bosne i Hercegovine, ukazuje na to da je ve\u0107 odre\u0111eno povjerenstvo koje \u0107e razrije\u0161iti glavnu tu\u017eiteljicu njezine du\u017enosti, a po \u017eelji SDA tj. Bakira Izetbegovi\u0107a i Osmana Mehmedagi\u0107a Osmice, pi\u0161e&nbsp;Fenix magazin. Razlog je taj \u0161to je Gordana Tadi\u0107 zajedno sa svojim tu\u017eiteljskim timom, u kojem su prete\u017eno [&hellip;]\" \/>\n<meta property=\"og:url\" content=\"https:\/\/radioljubuski.ba\/index.php\/2021\/08\/13\/lagumdzija-odredio-povjerenstvo-blisko-sda-za-smjenu-goradane-tadic-izetbegovic-se-vec-pohvalio-da-ju-je-sda-smjenila-stranci-sute\/\" \/>\n<meta property=\"og:site_name\" content=\"RADIO LJUBU\u0160KI\" \/>\n<meta property=\"article:publisher\" content=\"https:\/\/www.facebook.com\/Radiio-Ljubuski-1490835324566332\" \/>\n<meta property=\"article:published_time\" content=\"2021-08-13T17:01:11+00:00\" \/>\n<meta property=\"article:modified_time\" content=\"2021-08-13T17:01:35+00:00\" \/>\n<meta property=\"og:image\" content=\"https:\/\/radioljubuski.ba\/wp-content\/uploads\/2021\/08\/vstv-lagumdzija.jpg\" \/>\n\t<meta property=\"og:image:width\" content=\"660\" \/>\n\t<meta property=\"og:image:height\" content=\"330\" \/>\n\t<meta property=\"og:image:type\" content=\"image\/jpeg\" \/>\n<meta name=\"author\" content=\"Radio Ljubu\u0161ki\" \/>\n<meta name=\"twitter:card\" content=\"summary_large_image\" \/>\n<meta name=\"twitter:creator\" content=\"@radioljubuski\" \/>\n<meta name=\"twitter:site\" content=\"@radioljubuski\" \/>\n<meta name=\"twitter:label1\" content=\"Napisao\/la\" \/>\n\t<meta name=\"twitter:data1\" content=\"Radio Ljubu\u0161ki\" \/>\n\t<meta name=\"twitter:label2\" content=\"Procijenjeno vrijeme \u010ditanja\" \/>\n\t<meta name=\"twitter:data2\" content=\"6 minuta\" \/>\n<script type=\"application\/ld+json\" class=\"yoast-schema-graph\">{\"@context\":\"https:\\\/\\\/schema.org\",\"@graph\":[{\"@type\":\"Article\",\"@id\":\"https:\\\/\\\/radioljubuski.ba\\\/index.php\\\/2021\\\/08\\\/13\\\/lagumdzija-odredio-povjerenstvo-blisko-sda-za-smjenu-goradane-tadic-izetbegovic-se-vec-pohvalio-da-ju-je-sda-smjenila-stranci-sute\\\/#article\",\"isPartOf\":{\"@id\":\"https:\\\/\\\/radioljubuski.ba\\\/index.php\\\/2021\\\/08\\\/13\\\/lagumdzija-odredio-povjerenstvo-blisko-sda-za-smjenu-goradane-tadic-izetbegovic-se-vec-pohvalio-da-ju-je-sda-smjenila-stranci-sute\\\/\"},\"author\":{\"name\":\"Radio Ljubu\u0161ki\",\"@id\":\"https:\\\/\\\/radioljubuski.ba\\\/#\\\/schema\\\/person\\\/19fc700381a780f69665d7956c469e3b\"},\"headline\":\"Lagumd\u017eija odredio povjerenstvo, blisko SDA, za smjenu Gordane Tadi\u0107, Izetbegovi\u0107 se ve\u0107 pohvalio da ju je SDA smijenila, stranci \u0161ute\",\"datePublished\":\"2021-08-13T17:01:11+00:00\",\"dateModified\":\"2021-08-13T17:01:35+00:00\",\"mainEntityOfPage\":{\"@id\":\"https:\\\/\\\/radioljubuski.ba\\\/index.php\\\/2021\\\/08\\\/13\\\/lagumdzija-odredio-povjerenstvo-blisko-sda-za-smjenu-goradane-tadic-izetbegovic-se-vec-pohvalio-da-ju-je-sda-smjenila-stranci-sute\\\/\"},\"wordCount\":1370,\"publisher\":{\"@id\":\"https:\\\/\\\/radioljubuski.ba\\\/#organization\"},\"image\":{\"@id\":\"https:\\\/\\\/radioljubuski.ba\\\/index.php\\\/2021\\\/08\\\/13\\\/lagumdzija-odredio-povjerenstvo-blisko-sda-za-smjenu-goradane-tadic-izetbegovic-se-vec-pohvalio-da-ju-je-sda-smjenila-stranci-sute\\\/#primaryimage\"},\"thumbnailUrl\":\"https:\\\/\\\/radioljubuski.ba\\\/wp-content\\\/uploads\\\/2021\\\/08\\\/vstv-lagumdzija.jpg\",\"articleSection\":[\"BIH i regija\"],\"inLanguage\":\"hr\"},{\"@type\":\"WebPage\",\"@id\":\"https:\\\/\\\/radioljubuski.ba\\\/index.php\\\/2021\\\/08\\\/13\\\/lagumdzija-odredio-povjerenstvo-blisko-sda-za-smjenu-goradane-tadic-izetbegovic-se-vec-pohvalio-da-ju-je-sda-smjenila-stranci-sute\\\/\",\"url\":\"https:\\\/\\\/radioljubuski.ba\\\/index.php\\\/2021\\\/08\\\/13\\\/lagumdzija-odredio-povjerenstvo-blisko-sda-za-smjenu-goradane-tadic-izetbegovic-se-vec-pohvalio-da-ju-je-sda-smjenila-stranci-sute\\\/\",\"name\":\"Lagumd\u017eija odredio povjerenstvo, blisko SDA, za smjenu Gordane Tadi\u0107, Izetbegovi\u0107 se ve\u0107 pohvalio da ju je SDA smijenila, stranci \u0161ute - RADIO LJUBU\u0160KI\",\"isPartOf\":{\"@id\":\"https:\\\/\\\/radioljubuski.ba\\\/#website\"},\"primaryImageOfPage\":{\"@id\":\"https:\\\/\\\/radioljubuski.ba\\\/index.php\\\/2021\\\/08\\\/13\\\/lagumdzija-odredio-povjerenstvo-blisko-sda-za-smjenu-goradane-tadic-izetbegovic-se-vec-pohvalio-da-ju-je-sda-smjenila-stranci-sute\\\/#primaryimage\"},\"image\":{\"@id\":\"https:\\\/\\\/radioljubuski.ba\\\/index.php\\\/2021\\\/08\\\/13\\\/lagumdzija-odredio-povjerenstvo-blisko-sda-za-smjenu-goradane-tadic-izetbegovic-se-vec-pohvalio-da-ju-je-sda-smjenila-stranci-sute\\\/#primaryimage\"},\"thumbnailUrl\":\"https:\\\/\\\/radioljubuski.ba\\\/wp-content\\\/uploads\\\/2021\\\/08\\\/vstv-lagumdzija.jpg\",\"datePublished\":\"2021-08-13T17:01:11+00:00\",\"dateModified\":\"2021-08-13T17:01:35+00:00\",\"breadcrumb\":{\"@id\":\"https:\\\/\\\/radioljubuski.ba\\\/index.php\\\/2021\\\/08\\\/13\\\/lagumdzija-odredio-povjerenstvo-blisko-sda-za-smjenu-goradane-tadic-izetbegovic-se-vec-pohvalio-da-ju-je-sda-smjenila-stranci-sute\\\/#breadcrumb\"},\"inLanguage\":\"hr\",\"potentialAction\":[{\"@type\":\"ReadAction\",\"target\":[\"https:\\\/\\\/radioljubuski.ba\\\/index.php\\\/2021\\\/08\\\/13\\\/lagumdzija-odredio-povjerenstvo-blisko-sda-za-smjenu-goradane-tadic-izetbegovic-se-vec-pohvalio-da-ju-je-sda-smjenila-stranci-sute\\\/\"]}]},{\"@type\":\"ImageObject\",\"inLanguage\":\"hr\",\"@id\":\"https:\\\/\\\/radioljubuski.ba\\\/index.php\\\/2021\\\/08\\\/13\\\/lagumdzija-odredio-povjerenstvo-blisko-sda-za-smjenu-goradane-tadic-izetbegovic-se-vec-pohvalio-da-ju-je-sda-smjenila-stranci-sute\\\/#primaryimage\",\"url\":\"https:\\\/\\\/radioljubuski.ba\\\/wp-content\\\/uploads\\\/2021\\\/08\\\/vstv-lagumdzija.jpg\",\"contentUrl\":\"https:\\\/\\\/radioljubuski.ba\\\/wp-content\\\/uploads\\\/2021\\\/08\\\/vstv-lagumdzija.jpg\",\"width\":660,\"height\":330},{\"@type\":\"BreadcrumbList\",\"@id\":\"https:\\\/\\\/radioljubuski.ba\\\/index.php\\\/2021\\\/08\\\/13\\\/lagumdzija-odredio-povjerenstvo-blisko-sda-za-smjenu-goradane-tadic-izetbegovic-se-vec-pohvalio-da-ju-je-sda-smjenila-stranci-sute\\\/#breadcrumb\",\"itemListElement\":[{\"@type\":\"ListItem\",\"position\":1,\"name\":\"Po\u010detna stranica\",\"item\":\"https:\\\/\\\/radioljubuski.ba\\\/\"},{\"@type\":\"ListItem\",\"position\":2,\"name\":\"Lagumd\u017eija odredio povjerenstvo, blisko SDA, za smjenu Gordane Tadi\u0107, Izetbegovi\u0107 se ve\u0107 pohvalio da ju je SDA smijenila, stranci \u0161ute\"}]},{\"@type\":\"WebSite\",\"@id\":\"https:\\\/\\\/radioljubuski.ba\\\/#website\",\"url\":\"https:\\\/\\\/radioljubuski.ba\\\/\",\"name\":\"Radio Ljubu\u0161ki\",\"description\":\"Sun\u010dana frekvencija Hercegovine\",\"publisher\":{\"@id\":\"https:\\\/\\\/radioljubuski.ba\\\/#organization\"},\"potentialAction\":[{\"@type\":\"SearchAction\",\"target\":{\"@type\":\"EntryPoint\",\"urlTemplate\":\"https:\\\/\\\/radioljubuski.ba\\\/?s={search_term_string}\"},\"query-input\":{\"@type\":\"PropertyValueSpecification\",\"valueRequired\":true,\"valueName\":\"search_term_string\"}}],\"inLanguage\":\"hr\"},{\"@type\":\"Organization\",\"@id\":\"https:\\\/\\\/radioljubuski.ba\\\/#organization\",\"name\":\"Radio Ljubu\u0161ki\",\"url\":\"https:\\\/\\\/radioljubuski.ba\\\/\",\"logo\":{\"@type\":\"ImageObject\",\"inLanguage\":\"hr\",\"@id\":\"https:\\\/\\\/radioljubuski.ba\\\/#\\\/schema\\\/logo\\\/image\\\/\",\"url\":\"https:\\\/\\\/radioljubuski.ba\\\/wp-content\\\/uploads\\\/2021\\\/02\\\/cropped-Radio_Ljubuski_logo1.jpg\",\"contentUrl\":\"https:\\\/\\\/radioljubuski.ba\\\/wp-content\\\/uploads\\\/2021\\\/02\\\/cropped-Radio_Ljubuski_logo1.jpg\",\"width\":512,\"height\":512,\"caption\":\"Radio Ljubu\u0161ki\"},\"image\":{\"@id\":\"https:\\\/\\\/radioljubuski.ba\\\/#\\\/schema\\\/logo\\\/image\\\/\"},\"sameAs\":[\"https:\\\/\\\/www.facebook.com\\\/Radiio-Ljubuski-1490835324566332\",\"https:\\\/\\\/x.com\\\/radioljubuski\",\"https:\\\/\\\/hr.linkedin.com\\\/company\\\/radio-ljubuski\",\"https:\\\/\\\/www.youtube.com\\\/channel\\\/UCHYaeO_n0Db3tjNGudGpXyw\"]},{\"@type\":\"Person\",\"@id\":\"https:\\\/\\\/radioljubuski.ba\\\/#\\\/schema\\\/person\\\/19fc700381a780f69665d7956c469e3b\",\"name\":\"Radio Ljubu\u0161ki\"}]}<\/script>\n<!-- \/ Yoast SEO plugin. -->","yoast_head_json":{"title":"Lagumd\u017eija odredio povjerenstvo, blisko SDA, za smjenu Gordane Tadi\u0107, Izetbegovi\u0107 se ve\u0107 pohvalio da ju je SDA smijenila, stranci \u0161ute - RADIO LJUBU\u0160KI","robots":{"index":"index","follow":"follow","max-snippet":"max-snippet:-1","max-image-preview":"max-image-preview:large","max-video-preview":"max-video-preview:-1"},"canonical":"https:\/\/radioljubuski.ba\/index.php\/2021\/08\/13\/lagumdzija-odredio-povjerenstvo-blisko-sda-za-smjenu-goradane-tadic-izetbegovic-se-vec-pohvalio-da-ju-je-sda-smjenila-stranci-sute\/","og_locale":"hr_HR","og_type":"article","og_title":"Lagumd\u017eija odredio povjerenstvo, blisko SDA, za smjenu Gordane Tadi\u0107, Izetbegovi\u0107 se ve\u0107 pohvalio da ju je SDA smijenila, stranci \u0161ute - RADIO LJUBU\u0160KI","og_description":"Po\u010detak stegovnog postupka protiv Gordane Tadi\u0107, glavne tu\u017eiteljice Bosne i Hercegovine, ukazuje na to da je ve\u0107 odre\u0111eno povjerenstvo koje \u0107e razrije\u0161iti glavnu tu\u017eiteljicu njezine du\u017enosti, a po \u017eelji SDA tj. Bakira Izetbegovi\u0107a i Osmana Mehmedagi\u0107a Osmice, pi\u0161e&nbsp;Fenix magazin. Razlog je taj \u0161to je Gordana Tadi\u0107 zajedno sa svojim tu\u017eiteljskim timom, u kojem su prete\u017eno [&hellip;]","og_url":"https:\/\/radioljubuski.ba\/index.php\/2021\/08\/13\/lagumdzija-odredio-povjerenstvo-blisko-sda-za-smjenu-goradane-tadic-izetbegovic-se-vec-pohvalio-da-ju-je-sda-smjenila-stranci-sute\/","og_site_name":"RADIO LJUBU\u0160KI","article_publisher":"https:\/\/www.facebook.com\/Radiio-Ljubuski-1490835324566332","article_published_time":"2021-08-13T17:01:11+00:00","article_modified_time":"2021-08-13T17:01:35+00:00","og_image":[{"width":660,"height":330,"url":"https:\/\/radioljubuski.ba\/wp-content\/uploads\/2021\/08\/vstv-lagumdzija.jpg","type":"image\/jpeg"}],"author":"Radio Ljubu\u0161ki","twitter_card":"summary_large_image","twitter_creator":"@radioljubuski","twitter_site":"@radioljubuski","twitter_misc":{"Napisao\/la":"Radio Ljubu\u0161ki","Procijenjeno vrijeme \u010ditanja":"6 minuta"},"schema":{"@context":"https:\/\/schema.org","@graph":[{"@type":"Article","@id":"https:\/\/radioljubuski.ba\/index.php\/2021\/08\/13\/lagumdzija-odredio-povjerenstvo-blisko-sda-za-smjenu-goradane-tadic-izetbegovic-se-vec-pohvalio-da-ju-je-sda-smjenila-stranci-sute\/#article","isPartOf":{"@id":"https:\/\/radioljubuski.ba\/index.php\/2021\/08\/13\/lagumdzija-odredio-povjerenstvo-blisko-sda-za-smjenu-goradane-tadic-izetbegovic-se-vec-pohvalio-da-ju-je-sda-smjenila-stranci-sute\/"},"author":{"name":"Radio Ljubu\u0161ki","@id":"https:\/\/radioljubuski.ba\/#\/schema\/person\/19fc700381a780f69665d7956c469e3b"},"headline":"Lagumd\u017eija odredio povjerenstvo, blisko SDA, za smjenu Gordane Tadi\u0107, Izetbegovi\u0107 se ve\u0107 pohvalio da ju je SDA smijenila, stranci \u0161ute","datePublished":"2021-08-13T17:01:11+00:00","dateModified":"2021-08-13T17:01:35+00:00","mainEntityOfPage":{"@id":"https:\/\/radioljubuski.ba\/index.php\/2021\/08\/13\/lagumdzija-odredio-povjerenstvo-blisko-sda-za-smjenu-goradane-tadic-izetbegovic-se-vec-pohvalio-da-ju-je-sda-smjenila-stranci-sute\/"},"wordCount":1370,"publisher":{"@id":"https:\/\/radioljubuski.ba\/#organization"},"image":{"@id":"https:\/\/radioljubuski.ba\/index.php\/2021\/08\/13\/lagumdzija-odredio-povjerenstvo-blisko-sda-za-smjenu-goradane-tadic-izetbegovic-se-vec-pohvalio-da-ju-je-sda-smjenila-stranci-sute\/#primaryimage"},"thumbnailUrl":"https:\/\/radioljubuski.ba\/wp-content\/uploads\/2021\/08\/vstv-lagumdzija.jpg","articleSection":["BIH i regija"],"inLanguage":"hr"},{"@type":"WebPage","@id":"https:\/\/radioljubuski.ba\/index.php\/2021\/08\/13\/lagumdzija-odredio-povjerenstvo-blisko-sda-za-smjenu-goradane-tadic-izetbegovic-se-vec-pohvalio-da-ju-je-sda-smjenila-stranci-sute\/","url":"https:\/\/radioljubuski.ba\/index.php\/2021\/08\/13\/lagumdzija-odredio-povjerenstvo-blisko-sda-za-smjenu-goradane-tadic-izetbegovic-se-vec-pohvalio-da-ju-je-sda-smjenila-stranci-sute\/","name":"Lagumd\u017eija odredio povjerenstvo, blisko SDA, za smjenu Gordane Tadi\u0107, Izetbegovi\u0107 se ve\u0107 pohvalio da ju je SDA smijenila, stranci \u0161ute - RADIO LJUBU\u0160KI","isPartOf":{"@id":"https:\/\/radioljubuski.ba\/#website"},"primaryImageOfPage":{"@id":"https:\/\/radioljubuski.ba\/index.php\/2021\/08\/13\/lagumdzija-odredio-povjerenstvo-blisko-sda-za-smjenu-goradane-tadic-izetbegovic-se-vec-pohvalio-da-ju-je-sda-smjenila-stranci-sute\/#primaryimage"},"image":{"@id":"https:\/\/radioljubuski.ba\/index.php\/2021\/08\/13\/lagumdzija-odredio-povjerenstvo-blisko-sda-za-smjenu-goradane-tadic-izetbegovic-se-vec-pohvalio-da-ju-je-sda-smjenila-stranci-sute\/#primaryimage"},"thumbnailUrl":"https:\/\/radioljubuski.ba\/wp-content\/uploads\/2021\/08\/vstv-lagumdzija.jpg","datePublished":"2021-08-13T17:01:11+00:00","dateModified":"2021-08-13T17:01:35+00:00","breadcrumb":{"@id":"https:\/\/radioljubuski.ba\/index.php\/2021\/08\/13\/lagumdzija-odredio-povjerenstvo-blisko-sda-za-smjenu-goradane-tadic-izetbegovic-se-vec-pohvalio-da-ju-je-sda-smjenila-stranci-sute\/#breadcrumb"},"inLanguage":"hr","potentialAction":[{"@type":"ReadAction","target":["https:\/\/radioljubuski.ba\/index.php\/2021\/08\/13\/lagumdzija-odredio-povjerenstvo-blisko-sda-za-smjenu-goradane-tadic-izetbegovic-se-vec-pohvalio-da-ju-je-sda-smjenila-stranci-sute\/"]}]},{"@type":"ImageObject","inLanguage":"hr","@id":"https:\/\/radioljubuski.ba\/index.php\/2021\/08\/13\/lagumdzija-odredio-povjerenstvo-blisko-sda-za-smjenu-goradane-tadic-izetbegovic-se-vec-pohvalio-da-ju-je-sda-smjenila-stranci-sute\/#primaryimage","url":"https:\/\/radioljubuski.ba\/wp-content\/uploads\/2021\/08\/vstv-lagumdzija.jpg","contentUrl":"https:\/\/radioljubuski.ba\/wp-content\/uploads\/2021\/08\/vstv-lagumdzija.jpg","width":660,"height":330},{"@type":"BreadcrumbList","@id":"https:\/\/radioljubuski.ba\/index.php\/2021\/08\/13\/lagumdzija-odredio-povjerenstvo-blisko-sda-za-smjenu-goradane-tadic-izetbegovic-se-vec-pohvalio-da-ju-je-sda-smjenila-stranci-sute\/#breadcrumb","itemListElement":[{"@type":"ListItem","position":1,"name":"Po\u010detna stranica","item":"https:\/\/radioljubuski.ba\/"},{"@type":"ListItem","position":2,"name":"Lagumd\u017eija odredio povjerenstvo, blisko SDA, za smjenu Gordane Tadi\u0107, Izetbegovi\u0107 se ve\u0107 pohvalio da ju je SDA smijenila, stranci \u0161ute"}]},{"@type":"WebSite","@id":"https:\/\/radioljubuski.ba\/#website","url":"https:\/\/radioljubuski.ba\/","name":"Radio Ljubu\u0161ki","description":"Sun\u010dana frekvencija Hercegovine","publisher":{"@id":"https:\/\/radioljubuski.ba\/#organization"},"potentialAction":[{"@type":"SearchAction","target":{"@type":"EntryPoint","urlTemplate":"https:\/\/radioljubuski.ba\/?s={search_term_string}"},"query-input":{"@type":"PropertyValueSpecification","valueRequired":true,"valueName":"search_term_string"}}],"inLanguage":"hr"},{"@type":"Organization","@id":"https:\/\/radioljubuski.ba\/#organization","name":"Radio Ljubu\u0161ki","url":"https:\/\/radioljubuski.ba\/","logo":{"@type":"ImageObject","inLanguage":"hr","@id":"https:\/\/radioljubuski.ba\/#\/schema\/logo\/image\/","url":"https:\/\/radioljubuski.ba\/wp-content\/uploads\/2021\/02\/cropped-Radio_Ljubuski_logo1.jpg","contentUrl":"https:\/\/radioljubuski.ba\/wp-content\/uploads\/2021\/02\/cropped-Radio_Ljubuski_logo1.jpg","width":512,"height":512,"caption":"Radio Ljubu\u0161ki"},"image":{"@id":"https:\/\/radioljubuski.ba\/#\/schema\/logo\/image\/"},"sameAs":["https:\/\/www.facebook.com\/Radiio-Ljubuski-1490835324566332","https:\/\/x.com\/radioljubuski","https:\/\/hr.linkedin.com\/company\/radio-ljubuski","https:\/\/www.youtube.com\/channel\/UCHYaeO_n0Db3tjNGudGpXyw"]},{"@type":"Person","@id":"https:\/\/radioljubuski.ba\/#\/schema\/person\/19fc700381a780f69665d7956c469e3b","name":"Radio Ljubu\u0161ki"}]}},"_links":{"self":[{"href":"https:\/\/radioljubuski.ba\/index.php\/wp-json\/wp\/v2\/posts\/53068","targetHints":{"allow":["GET"]}}],"collection":[{"href":"https:\/\/radioljubuski.ba\/index.php\/wp-json\/wp\/v2\/posts"}],"about":[{"href":"https:\/\/radioljubuski.ba\/index.php\/wp-json\/wp\/v2\/types\/post"}],"author":[{"embeddable":true,"href":"https:\/\/radioljubuski.ba\/index.php\/wp-json\/wp\/v2\/users\/2"}],"replies":[{"embeddable":true,"href":"https:\/\/radioljubuski.ba\/index.php\/wp-json\/wp\/v2\/comments?post=53068"}],"version-history":[{"count":2,"href":"https:\/\/radioljubuski.ba\/index.php\/wp-json\/wp\/v2\/posts\/53068\/revisions"}],"predecessor-version":[{"id":53071,"href":"https:\/\/radioljubuski.ba\/index.php\/wp-json\/wp\/v2\/posts\/53068\/revisions\/53071"}],"wp:featuredmedia":[{"embeddable":true,"href":"https:\/\/radioljubuski.ba\/index.php\/wp-json\/wp\/v2\/media\/53069"}],"wp:attachment":[{"href":"https:\/\/radioljubuski.ba\/index.php\/wp-json\/wp\/v2\/media?parent=53068"}],"wp:term":[{"taxonomy":"category","embeddable":true,"href":"https:\/\/radioljubuski.ba\/index.php\/wp-json\/wp\/v2\/categories?post=53068"},{"taxonomy":"post_tag","embeddable":true,"href":"https:\/\/radioljubuski.ba\/index.php\/wp-json\/wp\/v2\/tags?post=53068"}],"curies":[{"name":"wp","href":"https:\/\/api.w.org\/{rel}","templated":true}]}}